{"id":209823,"date":"2023-11-01T21:46:00","date_gmt":"2023-11-01T21:46:00","guid":{"rendered":"https:\/\/www.webdo.tn\/fr\/blog\/kais-saied-a-propos-de-l-evasion-des-cinq-terroristes-ce-n-en-est-pas-une\/209823\/"},"modified":"2025-05-20T21:56:10","modified_gmt":"2025-05-20T21:56:10","slug":"kais-saied-a-propos-de-l-evasion-des-cinq-terroristes-ce-n-en-est-pas-une","status":"publish","type":"post","link":"https:\/\/www.webdo.tn\/fr\/actualite\/national\/kais-saied-a-propos-de-l-evasion-des-cinq-terroristes-ce-n-en-est-pas-une\/209823\/","title":{"rendered":"Kais Saied \u00e0 propos de l\u2019\u00e9vasion des cinq terroristes : \u00ab\u00a0Ce n\u2019en est pas une !\u00a0\u00bb"},"content":{"rendered":"<p>Le pr\u00e9sident de la R\u00e9publique Kais Saied a re\u00e7u, ce mercredi 1er novembre 2023, le ministre de l\u2019Int\u00e9rieur Kamel Feki au palais de Carthage pour une entrevue ax\u00e9e sur l\u2019\u00e9vasion des cinq terroristes de la prison civile de Mornaguia.<\/p>\n<p>\t\t\t\t\t\t\t\t\tA ce sujet, Kais Saied a \u00e9t\u00e9 cat\u00e9gorique ! Selon lui, \u00ab\u00a0cette \u00e9vasion n\u2019en est pas une, mais on a fait \u00e9vader ces terroristes\u00a0\u00bb. Et d\u2019ajouter que \u00ab\u00a0les photos qui ont \u00e9t\u00e9 diffus\u00e9es n\u2019ont aucun fondement et n\u2019auraient jamais d\u00fb circuler, leur but \u00e9tant de brouiller les investigations\u00a0\u00bb, d\u2019apr\u00e8s une vid\u00e9o publi\u00e9e sur la page Facebook de la Pr\u00e9sidence de la R\u00e9publique dans la soir\u00e9e de ce mercredi 1er novembre 2023.<br \/>\n\u00a0<br \/>\nLe chef de l\u2019Etat a fustige les \u00ab\u00a0d\u00e9faillances\u00a0\u00bb de la part de personnes ou de structures, et a appel\u00e9 \u00e0 les poursuivre en justice et les condamner. \u00ab\u00a0Celui qui pense qu\u2019il peut porter atteinte \u00e0 l\u2019\u00c9tat, en collaborant avec les mouvements sionistes et des parties de l\u2019int\u00e9rieur du pays, je lui r\u00e9pond que nous prot\u00e9gerons l\u2019\u00c9tat tunisien\u00a0\u00bb, a-t-il dit en substance.<\/p>\n<p>Kais Saied a d\u2019ailleurs rappel\u00e9 que le moment \u00e9tait venu d\u2019assainir l\u2019administration, ajoutant : \u00ab\u00a0Ils ont chang\u00e9 de noms et ont infiltr\u00e9 les structures s\u00e9curitaires. Ces personnes n\u2019ont pas de place au sein du minist\u00e8re de l\u2019Int\u00e9rieur, ni dans aucune structure de l\u2019\u00c9tat\u00a0\u00bb.<\/p>\n","protected":false},"excerpt":{"rendered":"<p>Kais Saied a \u00e9t\u00e9 cat\u00e9gorique ! Selon lui,  cette \u00e9vasion n\u2019en est pas une, mais on a fait \u00e9vader ces terroristes <\/p>\n","protected":false},"author":3162,"featured_media":248902,"comment_status":"open","ping_status":"closed","sticky":false,"template":"","format":"standard","meta":{"footnotes":""},"categories":[44],"tags":[6091,2614,7419,2708,3671],"class_list":["post-209823","post","type-post","status-publish","format-standard","has-post-thumbnail","hentry","category-national","tag-evasion","tag-kais-saied","tag-mornaguia","tag-prison","tag-terroristes"],"yoast_head":"<!-- This site is optimized with the Yoast SEO Premium plugin v27.5 (Yoast SEO v27.5) - https:\/\/yoast.com\/product\/yoast-seo-premium-wordpress\/ -->\n<title>Kais Saied \u00e0 propos de l\u2019\u00e9vasion des cinq terroristes : Ce n\u2019en est pas une !<\/title>\n<meta name=\"description\" content=\"Kais Saied a \u00e9t\u00e9 cat\u00e9gorique ! Selon lui, cette \u00e9vasion n\u2019en est pas une, mais on a fait \u00e9vader ces terroristes\" \/>\n<link rel=\"canonical\" href=\"https:\/\/www.webdo.tn\/fr\/actualite\/national\/kais-saied-a-propos-de-l-evasion-des-cinq-terroristes-ce-n-en-est-pas-une\/209823\/\" \/>\n<meta property=\"og:locale\" content=\"fr_FR\" \/>\n<meta property=\"og:type\" content=\"article\" \/>\n<meta property=\"og:title\" content=\"Kais Saied \u00e0 propos de l\u2019\u00e9vasion des cinq terroristes : &quot;Ce n\u2019en est pas une !&quot;\" \/>\n<meta property=\"og:description\" content=\"Kais Saied a \u00e9t\u00e9 cat\u00e9gorique ! Selon lui, cette \u00e9vasion n\u2019en est pas une, mais on a fait \u00e9vader ces terroristes\" \/>\n<meta property=\"og:url\" content=\"https:\/\/www.webdo.tn\/fr\/actualite\/national\/kais-saied-a-propos-de-l-evasion-des-cinq-terroristes-ce-n-en-est-pas-une\/209823\/\" \/>\n<meta property=\"og:site_name\" content=\"webdo\" \/>\n<meta property=\"article:publisher\" content=\"https:\/\/www.facebook.com\/webdotn\" \/>\n<meta property=\"article:published_time\" content=\"2023-11-01T21:46:00+00:00\" \/>\n<meta property=\"article:modified_time\" content=\"2025-05-20T21:56:10+00:00\" \/>\n<meta property=\"og:image\" content=\"https:\/\/www.webdo.tn\/fr\/wp-content\/uploads\/2023\/11\/c2948580fece8a8905d6a313a6b6f0b9.jpg\" \/>\n\t<meta property=\"og:image:width\" content=\"650\" \/>\n\t<meta property=\"og:image:height\" content=\"347\" \/>\n\t<meta property=\"og:image:type\" content=\"image\/jpeg\" \/>\n<meta name=\"author\" content=\"MC\" \/>\n<meta name=\"twitter:card\" content=\"summary_large_image\" \/>\n<meta name=\"twitter:creator\" content=\"@webdo_tn\" \/>\n<meta name=\"twitter:site\" content=\"@webdo_tn\" \/>\n<meta name=\"twitter:label1\" content=\"\u00c9crit par\" \/>\n\t<meta name=\"twitter:data1\" content=\"MC\" \/>\n\t<meta name=\"twitter:label2\" content=\"Dur\u00e9e de lecture estim\u00e9e\" \/>\n\t<meta name=\"twitter:data2\" content=\"1 minute\" \/>\n<script type=\"application\/ld+json\" class=\"yoast-schema-graph\">{\"@context\":\"https:\\\/\\\/schema.org\",\"@graph\":[{\"@type\":\"NewsArticle\",\"@id\":\"https:\\\/\\\/www.webdo.tn\\\/fr\\\/actualite\\\/national\\\/kais-saied-a-propos-de-l-evasion-des-cinq-terroristes-ce-n-en-est-pas-une\\\/209823\\\/#article\",\"isPartOf\":{\"@id\":\"https:\\\/\\\/www.webdo.tn\\\/fr\\\/actualite\\\/national\\\/kais-saied-a-propos-de-l-evasion-des-cinq-terroristes-ce-n-en-est-pas-une\\\/209823\\\/\"},\"author\":{\"name\":\"MC\",\"@id\":\"https:\\\/\\\/www.webdo.tn\\\/fr\\\/#\\\/schema\\\/person\\\/2c4929cbf5a809e3bd38617c6ce150f6\"},\"headline\":\"Kais Saied \u00e0 propos de l\u2019\u00e9vasion des cinq terroristes : \u00ab\u00a0Ce n\u2019en est pas une !\u00a0\u00bb\",\"datePublished\":\"2023-11-01T21:46:00+00:00\",\"dateModified\":\"2025-05-20T21:56:10+00:00\",\"mainEntityOfPage\":{\"@id\":\"https:\\\/\\\/www.webdo.tn\\\/fr\\\/actualite\\\/national\\\/kais-saied-a-propos-de-l-evasion-des-cinq-terroristes-ce-n-en-est-pas-une\\\/209823\\\/\"},\"wordCount\":261,\"commentCount\":0,\"publisher\":{\"@id\":\"https:\\\/\\\/www.webdo.tn\\\/fr\\\/#organization\"},\"image\":{\"@id\":\"https:\\\/\\\/www.webdo.tn\\\/fr\\\/actualite\\\/national\\\/kais-saied-a-propos-de-l-evasion-des-cinq-terroristes-ce-n-en-est-pas-une\\\/209823\\\/#primaryimage\"},\"thumbnailUrl\":\"https:\\\/\\\/www.webdo.tn\\\/fr\\\/wp-content\\\/uploads\\\/2023\\\/11\\\/c2948580fece8a8905d6a313a6b6f0b9.jpg\",\"keywords\":[\"\u00e9vasion\",\"Kais Saied\",\"mornaguia\",\"Prison\",\"Terroristes\"],\"articleSection\":[\"National\"],\"inLanguage\":\"fr-FR\"},{\"@type\":\"WebPage\",\"@id\":\"https:\\\/\\\/www.webdo.tn\\\/fr\\\/actualite\\\/national\\\/kais-saied-a-propos-de-l-evasion-des-cinq-terroristes-ce-n-en-est-pas-une\\\/209823\\\/\",\"url\":\"https:\\\/\\\/www.webdo.tn\\\/fr\\\/actualite\\\/national\\\/kais-saied-a-propos-de-l-evasion-des-cinq-terroristes-ce-n-en-est-pas-une\\\/209823\\\/\",\"name\":\"Kais Saied \u00e0 propos de l\u2019\u00e9vasion des cinq terroristes : Ce n\u2019en est pas une !\",\"isPartOf\":{\"@id\":\"https:\\\/\\\/www.webdo.tn\\\/fr\\\/#website\"},\"primaryImageOfPage\":{\"@id\":\"https:\\\/\\\/www.webdo.tn\\\/fr\\\/actualite\\\/national\\\/kais-saied-a-propos-de-l-evasion-des-cinq-terroristes-ce-n-en-est-pas-une\\\/209823\\\/#primaryimage\"},\"image\":{\"@id\":\"https:\\\/\\\/www.webdo.tn\\\/fr\\\/actualite\\\/national\\\/kais-saied-a-propos-de-l-evasion-des-cinq-terroristes-ce-n-en-est-pas-une\\\/209823\\\/#primaryimage\"},\"thumbnailUrl\":\"https:\\\/\\\/www.webdo.tn\\\/fr\\\/wp-content\\\/uploads\\\/2023\\\/11\\\/c2948580fece8a8905d6a313a6b6f0b9.jpg\",\"datePublished\":\"2023-11-01T21:46:00+00:00\",\"dateModified\":\"2025-05-20T21:56:10+00:00\",\"description\":\"Kais Saied a \u00e9t\u00e9 cat\u00e9gorique ! Selon lui, cette \u00e9vasion n\u2019en est pas une, mais on a fait \u00e9vader ces terroristes\",\"breadcrumb\":{\"@id\":\"https:\\\/\\\/www.webdo.tn\\\/fr\\\/actualite\\\/national\\\/kais-saied-a-propos-de-l-evasion-des-cinq-terroristes-ce-n-en-est-pas-une\\\/209823\\\/#breadcrumb\"},\"inLanguage\":\"fr-FR\",\"potentialAction\":[{\"@type\":\"ReadAction\",\"target\":[\"https:\\\/\\\/www.webdo.tn\\\/fr\\\/actualite\\\/national\\\/kais-saied-a-propos-de-l-evasion-des-cinq-terroristes-ce-n-en-est-pas-une\\\/209823\\\/\"]}]},{\"@type\":\"ImageObject\",\"inLanguage\":\"fr-FR\",\"@id\":\"https:\\\/\\\/www.webdo.tn\\\/fr\\\/actualite\\\/national\\\/kais-saied-a-propos-de-l-evasion-des-cinq-terroristes-ce-n-en-est-pas-une\\\/209823\\\/#primaryimage\",\"url\":\"https:\\\/\\\/www.webdo.tn\\\/fr\\\/wp-content\\\/uploads\\\/2023\\\/11\\\/c2948580fece8a8905d6a313a6b6f0b9.jpg\",\"contentUrl\":\"https:\\\/\\\/www.webdo.tn\\\/fr\\\/wp-content\\\/uploads\\\/2023\\\/11\\\/c2948580fece8a8905d6a313a6b6f0b9.jpg\",\"width\":650,\"height\":347,\"caption\":\"Kais Saied \u00e0 propos de l\u2019\u00e9vasion des cinq terroristes : \\\"Ce n\u2019en est pas une !\\\"\"},{\"@type\":\"BreadcrumbList\",\"@id\":\"https:\\\/\\\/www.webdo.tn\\\/fr\\\/actualite\\\/national\\\/kais-saied-a-propos-de-l-evasion-des-cinq-terroristes-ce-n-en-est-pas-une\\\/209823\\\/#breadcrumb\",\"itemListElement\":[{\"@type\":\"ListItem\",\"position\":1,\"name\":\"Accueil\",\"item\":\"https:\\\/\\\/www.webdo.tn\\\/fr\\\/\"},{\"@type\":\"ListItem\",\"position\":2,\"name\":\"Kais Saied \u00e0 propos de l\u2019\u00e9vasion des cinq terroristes : &#8220;Ce n\u2019en est pas une !&#8221;\"}]},{\"@type\":\"WebSite\",\"@id\":\"https:\\\/\\\/www.webdo.tn\\\/fr\\\/#website\",\"url\":\"https:\\\/\\\/www.webdo.tn\\\/fr\\\/\",\"name\":\"webdo\",\"description\":\"Tunisie - News en Tunisie et \u00e0 l&#039;international sur Webdo.tn\",\"publisher\":{\"@id\":\"https:\\\/\\\/www.webdo.tn\\\/fr\\\/#organization\"},\"potentialAction\":[{\"@type\":\"SearchAction\",\"target\":{\"@type\":\"EntryPoint\",\"urlTemplate\":\"https:\\\/\\\/www.webdo.tn\\\/fr\\\/?s={search_term_string}\"},\"query-input\":{\"@type\":\"PropertyValueSpecification\",\"valueRequired\":true,\"valueName\":\"search_term_string\"}}],\"inLanguage\":\"fr-FR\"},{\"@type\":\"Organization\",\"@id\":\"https:\\\/\\\/www.webdo.tn\\\/fr\\\/#organization\",\"name\":\"Webdo\",\"alternateName\":\"Webdo.tn\",\"url\":\"https:\\\/\\\/www.webdo.tn\\\/fr\\\/\",\"logo\":{\"@type\":\"ImageObject\",\"inLanguage\":\"fr-FR\",\"@id\":\"https:\\\/\\\/www.webdo.tn\\\/fr\\\/#\\\/schema\\\/logo\\\/image\\\/\",\"url\":\"https:\\\/\\\/www.webdo.tn\\\/fr\\\/wp-content\\\/uploads\\\/2025\\\/06\\\/Webdo-Tunisie_168377.jpg\",\"contentUrl\":\"https:\\\/\\\/www.webdo.tn\\\/fr\\\/wp-content\\\/uploads\\\/2025\\\/06\\\/Webdo-Tunisie_168377.jpg\",\"width\":301,\"height\":301,\"caption\":\"Webdo\"},\"image\":{\"@id\":\"https:\\\/\\\/www.webdo.tn\\\/fr\\\/#\\\/schema\\\/logo\\\/image\\\/\"},\"sameAs\":[\"https:\\\/\\\/www.facebook.com\\\/webdotn\",\"https:\\\/\\\/x.com\\\/webdo_tn\"],\"description\":\"Webdo est un m\u00e9dia num\u00e9rique tunisien fond\u00e9 en 2010, sp\u00e9cialis\u00e9 dans l\u2019actualit\u00e9 nationale et internationale, l\u2019\u00e9conomie, la soci\u00e9t\u00e9 et les analyses politiques. Le site s\u2019adresse \u00e0 un large public francophone et couvre l\u2019information tunisienne en temps r\u00e9el.\",\"email\":\"redac@webdo.tn\",\"legalName\":\"YNJ SARL\",\"foundingDate\":\"2010-09-06\",\"numberOfEmployees\":{\"@type\":\"QuantitativeValue\",\"minValue\":\"11\",\"maxValue\":\"50\"}},{\"@type\":\"Person\",\"@id\":\"https:\\\/\\\/www.webdo.tn\\\/fr\\\/#\\\/schema\\\/person\\\/2c4929cbf5a809e3bd38617c6ce150f6\",\"name\":\"MC\",\"image\":{\"@type\":\"ImageObject\",\"inLanguage\":\"fr-FR\",\"@id\":\"https:\\\/\\\/secure.gravatar.com\\\/avatar\\\/a545bbb6f84efdd5553dbbc2895e3ca8f1d12c5215e00a041c9670b54aa9b18a?s=96&d=mm&r=g\",\"url\":\"https:\\\/\\\/secure.gravatar.com\\\/avatar\\\/a545bbb6f84efdd5553dbbc2895e3ca8f1d12c5215e00a041c9670b54aa9b18a?s=96&d=mm&r=g\",\"contentUrl\":\"https:\\\/\\\/secure.gravatar.com\\\/avatar\\\/a545bbb6f84efdd5553dbbc2895e3ca8f1d12c5215e00a041c9670b54aa9b18a?s=96&d=mm&r=g\",\"caption\":\"MC\"},\"url\":\"https:\\\/\\\/www.webdo.tn\\\/fr\\\/actualite\\\/author\\\/mc\\\/\"}]}<\/script>\n<!-- \/ Yoast SEO Premium plugin. -->","yoast_head_json":{"title":"Kais Saied \u00e0 propos de l\u2019\u00e9vasion des cinq terroristes : Ce n\u2019en est pas une !","description":"Kais Saied a \u00e9t\u00e9 cat\u00e9gorique ! Selon lui, cette \u00e9vasion n\u2019en est pas une, mais on a fait \u00e9vader ces terroristes","canonical":"https:\/\/www.webdo.tn\/fr\/actualite\/national\/kais-saied-a-propos-de-l-evasion-des-cinq-terroristes-ce-n-en-est-pas-une\/209823\/","og_locale":"fr_FR","og_type":"article","og_title":"Kais Saied \u00e0 propos de l\u2019\u00e9vasion des cinq terroristes : \"Ce n\u2019en est pas une !\"","og_description":"Kais Saied a \u00e9t\u00e9 cat\u00e9gorique ! Selon lui, cette \u00e9vasion n\u2019en est pas une, mais on a fait \u00e9vader ces terroristes","og_url":"https:\/\/www.webdo.tn\/fr\/actualite\/national\/kais-saied-a-propos-de-l-evasion-des-cinq-terroristes-ce-n-en-est-pas-une\/209823\/","og_site_name":"webdo","article_publisher":"https:\/\/www.facebook.com\/webdotn","article_published_time":"2023-11-01T21:46:00+00:00","article_modified_time":"2025-05-20T21:56:10+00:00","og_image":[{"width":650,"height":347,"url":"https:\/\/www.webdo.tn\/fr\/wp-content\/uploads\/2023\/11\/c2948580fece8a8905d6a313a6b6f0b9.jpg","type":"image\/jpeg"}],"author":"MC","twitter_card":"summary_large_image","twitter_creator":"@webdo_tn","twitter_site":"@webdo_tn","twitter_misc":{"\u00c9crit par":"MC","Dur\u00e9e de lecture estim\u00e9e":"1 minute"},"schema":{"@context":"https:\/\/schema.org","@graph":[{"@type":"NewsArticle","@id":"https:\/\/www.webdo.tn\/fr\/actualite\/national\/kais-saied-a-propos-de-l-evasion-des-cinq-terroristes-ce-n-en-est-pas-une\/209823\/#article","isPartOf":{"@id":"https:\/\/www.webdo.tn\/fr\/actualite\/national\/kais-saied-a-propos-de-l-evasion-des-cinq-terroristes-ce-n-en-est-pas-une\/209823\/"},"author":{"name":"MC","@id":"https:\/\/www.webdo.tn\/fr\/#\/schema\/person\/2c4929cbf5a809e3bd38617c6ce150f6"},"headline":"Kais Saied \u00e0 propos de l\u2019\u00e9vasion des cinq terroristes : \u00ab\u00a0Ce n\u2019en est pas une !\u00a0\u00bb","datePublished":"2023-11-01T21:46:00+00:00","dateModified":"2025-05-20T21:56:10+00:00","mainEntityOfPage":{"@id":"https:\/\/www.webdo.tn\/fr\/actualite\/national\/kais-saied-a-propos-de-l-evasion-des-cinq-terroristes-ce-n-en-est-pas-une\/209823\/"},"wordCount":261,"commentCount":0,"publisher":{"@id":"https:\/\/www.webdo.tn\/fr\/#organization"},"image":{"@id":"https:\/\/www.webdo.tn\/fr\/actualite\/national\/kais-saied-a-propos-de-l-evasion-des-cinq-terroristes-ce-n-en-est-pas-une\/209823\/#primaryimage"},"thumbnailUrl":"https:\/\/www.webdo.tn\/fr\/wp-content\/uploads\/2023\/11\/c2948580fece8a8905d6a313a6b6f0b9.jpg","keywords":["\u00e9vasion","Kais Saied","mornaguia","Prison","Terroristes"],"articleSection":["National"],"inLanguage":"fr-FR"},{"@type":"WebPage","@id":"https:\/\/www.webdo.tn\/fr\/actualite\/national\/kais-saied-a-propos-de-l-evasion-des-cinq-terroristes-ce-n-en-est-pas-une\/209823\/","url":"https:\/\/www.webdo.tn\/fr\/actualite\/national\/kais-saied-a-propos-de-l-evasion-des-cinq-terroristes-ce-n-en-est-pas-une\/209823\/","name":"Kais Saied \u00e0 propos de l\u2019\u00e9vasion des cinq terroristes : Ce n\u2019en est pas une !","isPartOf":{"@id":"https:\/\/www.webdo.tn\/fr\/#website"},"primaryImageOfPage":{"@id":"https:\/\/www.webdo.tn\/fr\/actualite\/national\/kais-saied-a-propos-de-l-evasion-des-cinq-terroristes-ce-n-en-est-pas-une\/209823\/#primaryimage"},"image":{"@id":"https:\/\/www.webdo.tn\/fr\/actualite\/national\/kais-saied-a-propos-de-l-evasion-des-cinq-terroristes-ce-n-en-est-pas-une\/209823\/#primaryimage"},"thumbnailUrl":"https:\/\/www.webdo.tn\/fr\/wp-content\/uploads\/2023\/11\/c2948580fece8a8905d6a313a6b6f0b9.jpg","datePublished":"2023-11-01T21:46:00+00:00","dateModified":"2025-05-20T21:56:10+00:00","description":"Kais Saied a \u00e9t\u00e9 cat\u00e9gorique ! Selon lui, cette \u00e9vasion n\u2019en est pas une, mais on a fait \u00e9vader ces terroristes","breadcrumb":{"@id":"https:\/\/www.webdo.tn\/fr\/actualite\/national\/kais-saied-a-propos-de-l-evasion-des-cinq-terroristes-ce-n-en-est-pas-une\/209823\/#breadcrumb"},"inLanguage":"fr-FR","potentialAction":[{"@type":"ReadAction","target":["https:\/\/www.webdo.tn\/fr\/actualite\/national\/kais-saied-a-propos-de-l-evasion-des-cinq-terroristes-ce-n-en-est-pas-une\/209823\/"]}]},{"@type":"ImageObject","inLanguage":"fr-FR","@id":"https:\/\/www.webdo.tn\/fr\/actualite\/national\/kais-saied-a-propos-de-l-evasion-des-cinq-terroristes-ce-n-en-est-pas-une\/209823\/#primaryimage","url":"https:\/\/www.webdo.tn\/fr\/wp-content\/uploads\/2023\/11\/c2948580fece8a8905d6a313a6b6f0b9.jpg","contentUrl":"https:\/\/www.webdo.tn\/fr\/wp-content\/uploads\/2023\/11\/c2948580fece8a8905d6a313a6b6f0b9.jpg","width":650,"height":347,"caption":"Kais Saied \u00e0 propos de l\u2019\u00e9vasion des cinq terroristes : \"Ce n\u2019en est pas une !\""},{"@type":"BreadcrumbList","@id":"https:\/\/www.webdo.tn\/fr\/actualite\/national\/kais-saied-a-propos-de-l-evasion-des-cinq-terroristes-ce-n-en-est-pas-une\/209823\/#breadcrumb","itemListElement":[{"@type":"ListItem","position":1,"name":"Accueil","item":"https:\/\/www.webdo.tn\/fr\/"},{"@type":"ListItem","position":2,"name":"Kais Saied \u00e0 propos de l\u2019\u00e9vasion des cinq terroristes : &#8220;Ce n\u2019en est pas une !&#8221;"}]},{"@type":"WebSite","@id":"https:\/\/www.webdo.tn\/fr\/#website","url":"https:\/\/www.webdo.tn\/fr\/","name":"webdo","description":"Tunisie - News en Tunisie et \u00e0 l&#039;international sur Webdo.tn","publisher":{"@id":"https:\/\/www.webdo.tn\/fr\/#organization"},"potentialAction":[{"@type":"SearchAction","target":{"@type":"EntryPoint","urlTemplate":"https:\/\/www.webdo.tn\/fr\/?s={search_term_string}"},"query-input":{"@type":"PropertyValueSpecification","valueRequired":true,"valueName":"search_term_string"}}],"inLanguage":"fr-FR"},{"@type":"Organization","@id":"https:\/\/www.webdo.tn\/fr\/#organization","name":"Webdo","alternateName":"Webdo.tn","url":"https:\/\/www.webdo.tn\/fr\/","logo":{"@type":"ImageObject","inLanguage":"fr-FR","@id":"https:\/\/www.webdo.tn\/fr\/#\/schema\/logo\/image\/","url":"https:\/\/www.webdo.tn\/fr\/wp-content\/uploads\/2025\/06\/Webdo-Tunisie_168377.jpg","contentUrl":"https:\/\/www.webdo.tn\/fr\/wp-content\/uploads\/2025\/06\/Webdo-Tunisie_168377.jpg","width":301,"height":301,"caption":"Webdo"},"image":{"@id":"https:\/\/www.webdo.tn\/fr\/#\/schema\/logo\/image\/"},"sameAs":["https:\/\/www.facebook.com\/webdotn","https:\/\/x.com\/webdo_tn"],"description":"Webdo est un m\u00e9dia num\u00e9rique tunisien fond\u00e9 en 2010, sp\u00e9cialis\u00e9 dans l\u2019actualit\u00e9 nationale et internationale, l\u2019\u00e9conomie, la soci\u00e9t\u00e9 et les analyses politiques. Le site s\u2019adresse \u00e0 un large public francophone et couvre l\u2019information tunisienne en temps r\u00e9el.","email":"redac@webdo.tn","legalName":"YNJ SARL","foundingDate":"2010-09-06","numberOfEmployees":{"@type":"QuantitativeValue","minValue":"11","maxValue":"50"}},{"@type":"Person","@id":"https:\/\/www.webdo.tn\/fr\/#\/schema\/person\/2c4929cbf5a809e3bd38617c6ce150f6","name":"MC","image":{"@type":"ImageObject","inLanguage":"fr-FR","@id":"https:\/\/secure.gravatar.com\/avatar\/a545bbb6f84efdd5553dbbc2895e3ca8f1d12c5215e00a041c9670b54aa9b18a?s=96&d=mm&r=g","url":"https:\/\/secure.gravatar.com\/avatar\/a545bbb6f84efdd5553dbbc2895e3ca8f1d12c5215e00a041c9670b54aa9b18a?s=96&d=mm&r=g","contentUrl":"https:\/\/secure.gravatar.com\/avatar\/a545bbb6f84efdd5553dbbc2895e3ca8f1d12c5215e00a041c9670b54aa9b18a?s=96&d=mm&r=g","caption":"MC"},"url":"https:\/\/www.webdo.tn\/fr\/actualite\/author\/mc\/"}]}},"_links":{"self":[{"href":"https:\/\/www.webdo.tn\/fr\/wp-json\/wp\/v2\/posts\/209823","targetHints":{"allow":["GET"]}}],"collection":[{"href":"https:\/\/www.webdo.tn\/fr\/wp-json\/wp\/v2\/posts"}],"about":[{"href":"https:\/\/www.webdo.tn\/fr\/wp-json\/wp\/v2\/types\/post"}],"author":[{"embeddable":true,"href":"https:\/\/www.webdo.tn\/fr\/wp-json\/wp\/v2\/users\/3162"}],"replies":[{"embeddable":true,"href":"https:\/\/www.webdo.tn\/fr\/wp-json\/wp\/v2\/comments?post=209823"}],"version-history":[{"count":0,"href":"https:\/\/www.webdo.tn\/fr\/wp-json\/wp\/v2\/posts\/209823\/revisions"}],"wp:featuredmedia":[{"embeddable":true,"href":"https:\/\/www.webdo.tn\/fr\/wp-json\/wp\/v2\/media\/248902"}],"wp:attachment":[{"href":"https:\/\/www.webdo.tn\/fr\/wp-json\/wp\/v2\/media?parent=209823"}],"wp:term":[{"taxonomy":"category","embeddable":true,"href":"https:\/\/www.webdo.tn\/fr\/wp-json\/wp\/v2\/categories?post=209823"},{"taxonomy":"post_tag","embeddable":true,"href":"https:\/\/www.webdo.tn\/fr\/wp-json\/wp\/v2\/tags?post=209823"}],"curies":[{"name":"wp","href":"https:\/\/api.w.org\/{rel}","templated":true}]}}