{"id":209815,"date":"2023-11-01T15:53:00","date_gmt":"2023-11-01T15:53:00","guid":{"rendered":"https:\/\/www.webdo.tn\/fr\/blog\/gaza-la-jordanie-decide-de-rappeler-son-ambassadeur-en-israel\/209815\/"},"modified":"2025-05-20T22:39:52","modified_gmt":"2025-05-20T22:39:52","slug":"gaza-la-jordanie-decide-de-rappeler-son-ambassadeur-en-israel","status":"publish","type":"post","link":"https:\/\/www.webdo.tn\/fr\/actualite\/international\/gaza-la-jordanie-decide-de-rappeler-son-ambassadeur-en-israel\/209815\/","title":{"rendered":"Gaza : La Jordanie d\u00e9cide de rappeler son ambassadeur en Isra\u00ebl"},"content":{"rendered":"<p>La Jordanie a d\u00e9cid\u00e9 mercredi 1er novembre de rappeler \u00ab imm\u00e9diatement \u00bb son ambassadeur en Isra\u00ebl pour protester contre l&rsquo;offensive militaire isra\u00e9lienne dans la bande de Gaza.<\/p>\n<p>\u00ab Aujourd&rsquo;hui, le ministre des Affaires \u00e9trang\u00e8res Ayman Al-Safadi a d\u00e9cid\u00e9 de rappeler imm\u00e9diatement l&rsquo;ambassadeur jordanien en Isra\u00ebl \u00bb, a indiqu\u00e9 le minist\u00e8re des Affaires \u00e9trang\u00e8res dans un communiqu\u00e9, en disant \u00ab condamner la guerre isra\u00e9lienne qui tue des innocents \u00e0 Gaza \u00bb. \u00a0 \u00a0 \u00a0<\/p>\n<p>Le gouvernement bolivien a annonc\u00e9 mardi la rupture des liens diplomatiques avec Isra\u00ebl \u00ab en signe de rejet et de condamnation de l&rsquo;offensive militaire isra\u00e9lienne agressive et disproportionn\u00e9e men\u00e9e dans la bande de Gaza \u00bb.<\/p>\n<p>Le minist\u00e8re isra\u00e9lien des Affaires \u00e9trang\u00e8res a qualifi\u00e9 mercredi de \u00ab capitulation face au terrorisme \u00bb la rupture des relations diplomatiques annonc\u00e9e par la Bolivie.<\/p>\n","protected":false},"excerpt":{"rendered":"<p>\u00ab Aujourd&rsquo;hui, le ministre des Affaires \u00e9trang\u00e8res Ayman Al-Safadi a d\u00e9cid\u00e9 de rappeler imm\u00e9diatement l&rsquo;ambassadeur jordanien en Isra\u00ebl \u00bb, a indiqu\u00e9 le minist\u00e8r&#8230;<\/p>\n","protected":false},"author":3175,"featured_media":248892,"comment_status":"open","ping_status":"closed","sticky":false,"template":"","format":"standard","meta":{"footnotes":""},"categories":[2598],"tags":[2636,5539],"class_list":["post-209815","post","type-post","status-publish","format-standard","has-post-thumbnail","hentry","category-international","tag-israel","tag-jordanie"],"yoast_head":"<!-- This site is optimized with the Yoast SEO Premium plugin v27.4 (Yoast SEO v27.5) - https:\/\/yoast.com\/product\/yoast-seo-premium-wordpress\/ -->\n<title>Gaza : La Jordanie d\u00e9cide de rappeler son ambassadeur en Isra\u00ebl<\/title>\n<meta name=\"description\" content=\"\u00ab Aujourd&#039;hui, le ministre des Affaires \u00e9trang\u00e8res Ayman Al-Safadi a d\u00e9cid\u00e9 de rappeler imm\u00e9diatement l&#039;ambassadeur jordanien en Isra\u00ebl \u00bb, a indiqu\u00e9 le minist\u00e8r...\" \/>\n<link rel=\"canonical\" href=\"https:\/\/www.webdo.tn\/fr\/actualite\/international\/gaza-la-jordanie-decide-de-rappeler-son-ambassadeur-en-israel\/209815\/\" \/>\n<meta property=\"og:locale\" content=\"fr_FR\" \/>\n<meta property=\"og:type\" content=\"article\" \/>\n<meta property=\"og:title\" content=\"Gaza : La Jordanie d\u00e9cide de rappeler son ambassadeur en Isra\u00ebl\" \/>\n<meta property=\"og:description\" content=\"\u00ab Aujourd&#039;hui, le ministre des Affaires \u00e9trang\u00e8res Ayman Al-Safadi a d\u00e9cid\u00e9 de rappeler imm\u00e9diatement l&#039;ambassadeur jordanien en Isra\u00ebl \u00bb, a indiqu\u00e9 le minist\u00e8r...\" \/>\n<meta property=\"og:url\" content=\"https:\/\/www.webdo.tn\/fr\/actualite\/international\/gaza-la-jordanie-decide-de-rappeler-son-ambassadeur-en-israel\/209815\/\" \/>\n<meta property=\"og:site_name\" content=\"webdo\" \/>\n<meta property=\"article:publisher\" content=\"https:\/\/www.facebook.com\/webdotn\" \/>\n<meta property=\"article:published_time\" content=\"2023-11-01T15:53:00+00:00\" \/>\n<meta property=\"article:modified_time\" content=\"2025-05-20T22:39:52+00:00\" \/>\n<meta property=\"og:image\" content=\"https:\/\/www.webdo.tn\/fr\/wp-content\/uploads\/2023\/11\/8146b11afbb42f44f69f2dce1d232414.jpg\" \/>\n\t<meta property=\"og:image:width\" content=\"720\" \/>\n\t<meta property=\"og:image:height\" content=\"384\" \/>\n\t<meta property=\"og:image:type\" content=\"image\/jpeg\" \/>\n<meta name=\"author\" content=\"CL\" \/>\n<meta name=\"twitter:card\" content=\"summary_large_image\" \/>\n<meta name=\"twitter:creator\" content=\"@webdo_tn\" \/>\n<meta name=\"twitter:site\" content=\"@webdo_tn\" \/>\n<meta name=\"twitter:label1\" content=\"\u00c9crit par\" \/>\n\t<meta name=\"twitter:data1\" content=\"CL\" \/>\n\t<meta name=\"twitter:label2\" content=\"Dur\u00e9e de lecture estim\u00e9e\" \/>\n\t<meta name=\"twitter:data2\" content=\"1 minute\" \/>\n<script type=\"application\/ld+json\" class=\"yoast-schema-graph\">{\"@context\":\"https:\\\/\\\/schema.org\",\"@graph\":[{\"@type\":\"NewsArticle\",\"@id\":\"https:\\\/\\\/www.webdo.tn\\\/fr\\\/actualite\\\/international\\\/gaza-la-jordanie-decide-de-rappeler-son-ambassadeur-en-israel\\\/209815\\\/#article\",\"isPartOf\":{\"@id\":\"https:\\\/\\\/www.webdo.tn\\\/fr\\\/actualite\\\/international\\\/gaza-la-jordanie-decide-de-rappeler-son-ambassadeur-en-israel\\\/209815\\\/\"},\"author\":{\"name\":\"CL\",\"@id\":\"https:\\\/\\\/www.webdo.tn\\\/fr\\\/#\\\/schema\\\/person\\\/f35b42a42c5e2511bbd282959d6385cc\"},\"headline\":\"Gaza : La Jordanie d\u00e9cide de rappeler son ambassadeur en Isra\u00ebl\",\"datePublished\":\"2023-11-01T15:53:00+00:00\",\"dateModified\":\"2025-05-20T22:39:52+00:00\",\"mainEntityOfPage\":{\"@id\":\"https:\\\/\\\/www.webdo.tn\\\/fr\\\/actualite\\\/international\\\/gaza-la-jordanie-decide-de-rappeler-son-ambassadeur-en-israel\\\/209815\\\/\"},\"wordCount\":154,\"commentCount\":0,\"publisher\":{\"@id\":\"https:\\\/\\\/www.webdo.tn\\\/fr\\\/#organization\"},\"image\":{\"@id\":\"https:\\\/\\\/www.webdo.tn\\\/fr\\\/actualite\\\/international\\\/gaza-la-jordanie-decide-de-rappeler-son-ambassadeur-en-israel\\\/209815\\\/#primaryimage\"},\"thumbnailUrl\":\"https:\\\/\\\/www.webdo.tn\\\/fr\\\/wp-content\\\/uploads\\\/2023\\\/11\\\/8146b11afbb42f44f69f2dce1d232414.jpg\",\"keywords\":[\"isra\u00ebl\",\"Jordanie\"],\"articleSection\":[\"International\"],\"inLanguage\":\"fr-FR\"},{\"@type\":\"WebPage\",\"@id\":\"https:\\\/\\\/www.webdo.tn\\\/fr\\\/actualite\\\/international\\\/gaza-la-jordanie-decide-de-rappeler-son-ambassadeur-en-israel\\\/209815\\\/\",\"url\":\"https:\\\/\\\/www.webdo.tn\\\/fr\\\/actualite\\\/international\\\/gaza-la-jordanie-decide-de-rappeler-son-ambassadeur-en-israel\\\/209815\\\/\",\"name\":\"Gaza : La Jordanie d\u00e9cide de rappeler son ambassadeur en Isra\u00ebl\",\"isPartOf\":{\"@id\":\"https:\\\/\\\/www.webdo.tn\\\/fr\\\/#website\"},\"primaryImageOfPage\":{\"@id\":\"https:\\\/\\\/www.webdo.tn\\\/fr\\\/actualite\\\/international\\\/gaza-la-jordanie-decide-de-rappeler-son-ambassadeur-en-israel\\\/209815\\\/#primaryimage\"},\"image\":{\"@id\":\"https:\\\/\\\/www.webdo.tn\\\/fr\\\/actualite\\\/international\\\/gaza-la-jordanie-decide-de-rappeler-son-ambassadeur-en-israel\\\/209815\\\/#primaryimage\"},\"thumbnailUrl\":\"https:\\\/\\\/www.webdo.tn\\\/fr\\\/wp-content\\\/uploads\\\/2023\\\/11\\\/8146b11afbb42f44f69f2dce1d232414.jpg\",\"datePublished\":\"2023-11-01T15:53:00+00:00\",\"dateModified\":\"2025-05-20T22:39:52+00:00\",\"description\":\"\u00ab Aujourd'hui, le ministre des Affaires \u00e9trang\u00e8res Ayman Al-Safadi a d\u00e9cid\u00e9 de rappeler imm\u00e9diatement l'ambassadeur jordanien en Isra\u00ebl \u00bb, a indiqu\u00e9 le minist\u00e8r...\",\"breadcrumb\":{\"@id\":\"https:\\\/\\\/www.webdo.tn\\\/fr\\\/actualite\\\/international\\\/gaza-la-jordanie-decide-de-rappeler-son-ambassadeur-en-israel\\\/209815\\\/#breadcrumb\"},\"inLanguage\":\"fr-FR\",\"potentialAction\":[{\"@type\":\"ReadAction\",\"target\":[\"https:\\\/\\\/www.webdo.tn\\\/fr\\\/actualite\\\/international\\\/gaza-la-jordanie-decide-de-rappeler-son-ambassadeur-en-israel\\\/209815\\\/\"]}]},{\"@type\":\"ImageObject\",\"inLanguage\":\"fr-FR\",\"@id\":\"https:\\\/\\\/www.webdo.tn\\\/fr\\\/actualite\\\/international\\\/gaza-la-jordanie-decide-de-rappeler-son-ambassadeur-en-israel\\\/209815\\\/#primaryimage\",\"url\":\"https:\\\/\\\/www.webdo.tn\\\/fr\\\/wp-content\\\/uploads\\\/2023\\\/11\\\/8146b11afbb42f44f69f2dce1d232414.jpg\",\"contentUrl\":\"https:\\\/\\\/www.webdo.tn\\\/fr\\\/wp-content\\\/uploads\\\/2023\\\/11\\\/8146b11afbb42f44f69f2dce1d232414.jpg\",\"width\":720,\"height\":384,\"caption\":\"Gaza : La Jordanie d\u00e9cide de rappeler son ambassadeur en Isra\u00ebl\"},{\"@type\":\"BreadcrumbList\",\"@id\":\"https:\\\/\\\/www.webdo.tn\\\/fr\\\/actualite\\\/international\\\/gaza-la-jordanie-decide-de-rappeler-son-ambassadeur-en-israel\\\/209815\\\/#breadcrumb\",\"itemListElement\":[{\"@type\":\"ListItem\",\"position\":1,\"name\":\"Accueil\",\"item\":\"https:\\\/\\\/www.webdo.tn\\\/fr\\\/\"},{\"@type\":\"ListItem\",\"position\":2,\"name\":\"Gaza : La Jordanie d\u00e9cide de rappeler son ambassadeur en Isra\u00ebl\"}]},{\"@type\":\"WebSite\",\"@id\":\"https:\\\/\\\/www.webdo.tn\\\/fr\\\/#website\",\"url\":\"https:\\\/\\\/www.webdo.tn\\\/fr\\\/\",\"name\":\"webdo\",\"description\":\"Tunisie - News en Tunisie et \u00e0 l&#039;international sur Webdo.tn\",\"publisher\":{\"@id\":\"https:\\\/\\\/www.webdo.tn\\\/fr\\\/#organization\"},\"potentialAction\":[{\"@type\":\"SearchAction\",\"target\":{\"@type\":\"EntryPoint\",\"urlTemplate\":\"https:\\\/\\\/www.webdo.tn\\\/fr\\\/?s={search_term_string}\"},\"query-input\":{\"@type\":\"PropertyValueSpecification\",\"valueRequired\":true,\"valueName\":\"search_term_string\"}}],\"inLanguage\":\"fr-FR\"},{\"@type\":\"Organization\",\"@id\":\"https:\\\/\\\/www.webdo.tn\\\/fr\\\/#organization\",\"name\":\"Webdo\",\"alternateName\":\"Webdo.tn\",\"url\":\"https:\\\/\\\/www.webdo.tn\\\/fr\\\/\",\"logo\":{\"@type\":\"ImageObject\",\"inLanguage\":\"fr-FR\",\"@id\":\"https:\\\/\\\/www.webdo.tn\\\/fr\\\/#\\\/schema\\\/logo\\\/image\\\/\",\"url\":\"https:\\\/\\\/www.webdo.tn\\\/fr\\\/wp-content\\\/uploads\\\/2025\\\/06\\\/Webdo-Tunisie_168377.jpg\",\"contentUrl\":\"https:\\\/\\\/www.webdo.tn\\\/fr\\\/wp-content\\\/uploads\\\/2025\\\/06\\\/Webdo-Tunisie_168377.jpg\",\"width\":301,\"height\":301,\"caption\":\"Webdo\"},\"image\":{\"@id\":\"https:\\\/\\\/www.webdo.tn\\\/fr\\\/#\\\/schema\\\/logo\\\/image\\\/\"},\"sameAs\":[\"https:\\\/\\\/www.facebook.com\\\/webdotn\",\"https:\\\/\\\/x.com\\\/webdo_tn\"],\"description\":\"Webdo est un m\u00e9dia num\u00e9rique tunisien fond\u00e9 en 2010, sp\u00e9cialis\u00e9 dans l\u2019actualit\u00e9 nationale et internationale, l\u2019\u00e9conomie, la soci\u00e9t\u00e9 et les analyses politiques. Le site s\u2019adresse \u00e0 un large public francophone et couvre l\u2019information tunisienne en temps r\u00e9el.\",\"email\":\"redac@webdo.tn\",\"legalName\":\"YNJ SARL\",\"foundingDate\":\"2010-09-06\",\"numberOfEmployees\":{\"@type\":\"QuantitativeValue\",\"minValue\":\"11\",\"maxValue\":\"50\"}},{\"@type\":\"Person\",\"@id\":\"https:\\\/\\\/www.webdo.tn\\\/fr\\\/#\\\/schema\\\/person\\\/f35b42a42c5e2511bbd282959d6385cc\",\"name\":\"CL\",\"image\":{\"@type\":\"ImageObject\",\"inLanguage\":\"fr-FR\",\"@id\":\"https:\\\/\\\/secure.gravatar.com\\\/avatar\\\/1447a49909b67aa657c488aec6512e1dd6143a480c1ecfee9b5b5cd74eb3b59e?s=96&d=mm&r=g\",\"url\":\"https:\\\/\\\/secure.gravatar.com\\\/avatar\\\/1447a49909b67aa657c488aec6512e1dd6143a480c1ecfee9b5b5cd74eb3b59e?s=96&d=mm&r=g\",\"contentUrl\":\"https:\\\/\\\/secure.gravatar.com\\\/avatar\\\/1447a49909b67aa657c488aec6512e1dd6143a480c1ecfee9b5b5cd74eb3b59e?s=96&d=mm&r=g\",\"caption\":\"CL\"},\"url\":\"https:\\\/\\\/www.webdo.tn\\\/fr\\\/actualite\\\/author\\\/cl\\\/\"}]}<\/script>\n<!-- \/ Yoast SEO Premium plugin. -->","yoast_head_json":{"title":"Gaza : La Jordanie d\u00e9cide de rappeler son ambassadeur en Isra\u00ebl","description":"\u00ab Aujourd'hui, le ministre des Affaires \u00e9trang\u00e8res Ayman Al-Safadi a d\u00e9cid\u00e9 de rappeler imm\u00e9diatement l'ambassadeur jordanien en Isra\u00ebl \u00bb, a indiqu\u00e9 le minist\u00e8r...","canonical":"https:\/\/www.webdo.tn\/fr\/actualite\/international\/gaza-la-jordanie-decide-de-rappeler-son-ambassadeur-en-israel\/209815\/","og_locale":"fr_FR","og_type":"article","og_title":"Gaza : La Jordanie d\u00e9cide de rappeler son ambassadeur en Isra\u00ebl","og_description":"\u00ab Aujourd'hui, le ministre des Affaires \u00e9trang\u00e8res Ayman Al-Safadi a d\u00e9cid\u00e9 de rappeler imm\u00e9diatement l'ambassadeur jordanien en Isra\u00ebl \u00bb, a indiqu\u00e9 le minist\u00e8r...","og_url":"https:\/\/www.webdo.tn\/fr\/actualite\/international\/gaza-la-jordanie-decide-de-rappeler-son-ambassadeur-en-israel\/209815\/","og_site_name":"webdo","article_publisher":"https:\/\/www.facebook.com\/webdotn","article_published_time":"2023-11-01T15:53:00+00:00","article_modified_time":"2025-05-20T22:39:52+00:00","og_image":[{"width":720,"height":384,"url":"https:\/\/www.webdo.tn\/fr\/wp-content\/uploads\/2023\/11\/8146b11afbb42f44f69f2dce1d232414.jpg","type":"image\/jpeg"}],"author":"CL","twitter_card":"summary_large_image","twitter_creator":"@webdo_tn","twitter_site":"@webdo_tn","twitter_misc":{"\u00c9crit par":"CL","Dur\u00e9e de lecture estim\u00e9e":"1 minute"},"schema":{"@context":"https:\/\/schema.org","@graph":[{"@type":"NewsArticle","@id":"https:\/\/www.webdo.tn\/fr\/actualite\/international\/gaza-la-jordanie-decide-de-rappeler-son-ambassadeur-en-israel\/209815\/#article","isPartOf":{"@id":"https:\/\/www.webdo.tn\/fr\/actualite\/international\/gaza-la-jordanie-decide-de-rappeler-son-ambassadeur-en-israel\/209815\/"},"author":{"name":"CL","@id":"https:\/\/www.webdo.tn\/fr\/#\/schema\/person\/f35b42a42c5e2511bbd282959d6385cc"},"headline":"Gaza : La Jordanie d\u00e9cide de rappeler son ambassadeur en Isra\u00ebl","datePublished":"2023-11-01T15:53:00+00:00","dateModified":"2025-05-20T22:39:52+00:00","mainEntityOfPage":{"@id":"https:\/\/www.webdo.tn\/fr\/actualite\/international\/gaza-la-jordanie-decide-de-rappeler-son-ambassadeur-en-israel\/209815\/"},"wordCount":154,"commentCount":0,"publisher":{"@id":"https:\/\/www.webdo.tn\/fr\/#organization"},"image":{"@id":"https:\/\/www.webdo.tn\/fr\/actualite\/international\/gaza-la-jordanie-decide-de-rappeler-son-ambassadeur-en-israel\/209815\/#primaryimage"},"thumbnailUrl":"https:\/\/www.webdo.tn\/fr\/wp-content\/uploads\/2023\/11\/8146b11afbb42f44f69f2dce1d232414.jpg","keywords":["isra\u00ebl","Jordanie"],"articleSection":["International"],"inLanguage":"fr-FR"},{"@type":"WebPage","@id":"https:\/\/www.webdo.tn\/fr\/actualite\/international\/gaza-la-jordanie-decide-de-rappeler-son-ambassadeur-en-israel\/209815\/","url":"https:\/\/www.webdo.tn\/fr\/actualite\/international\/gaza-la-jordanie-decide-de-rappeler-son-ambassadeur-en-israel\/209815\/","name":"Gaza : La Jordanie d\u00e9cide de rappeler son ambassadeur en Isra\u00ebl","isPartOf":{"@id":"https:\/\/www.webdo.tn\/fr\/#website"},"primaryImageOfPage":{"@id":"https:\/\/www.webdo.tn\/fr\/actualite\/international\/gaza-la-jordanie-decide-de-rappeler-son-ambassadeur-en-israel\/209815\/#primaryimage"},"image":{"@id":"https:\/\/www.webdo.tn\/fr\/actualite\/international\/gaza-la-jordanie-decide-de-rappeler-son-ambassadeur-en-israel\/209815\/#primaryimage"},"thumbnailUrl":"https:\/\/www.webdo.tn\/fr\/wp-content\/uploads\/2023\/11\/8146b11afbb42f44f69f2dce1d232414.jpg","datePublished":"2023-11-01T15:53:00+00:00","dateModified":"2025-05-20T22:39:52+00:00","description":"\u00ab Aujourd'hui, le ministre des Affaires \u00e9trang\u00e8res Ayman Al-Safadi a d\u00e9cid\u00e9 de rappeler imm\u00e9diatement l'ambassadeur jordanien en Isra\u00ebl \u00bb, a indiqu\u00e9 le minist\u00e8r...","breadcrumb":{"@id":"https:\/\/www.webdo.tn\/fr\/actualite\/international\/gaza-la-jordanie-decide-de-rappeler-son-ambassadeur-en-israel\/209815\/#breadcrumb"},"inLanguage":"fr-FR","potentialAction":[{"@type":"ReadAction","target":["https:\/\/www.webdo.tn\/fr\/actualite\/international\/gaza-la-jordanie-decide-de-rappeler-son-ambassadeur-en-israel\/209815\/"]}]},{"@type":"ImageObject","inLanguage":"fr-FR","@id":"https:\/\/www.webdo.tn\/fr\/actualite\/international\/gaza-la-jordanie-decide-de-rappeler-son-ambassadeur-en-israel\/209815\/#primaryimage","url":"https:\/\/www.webdo.tn\/fr\/wp-content\/uploads\/2023\/11\/8146b11afbb42f44f69f2dce1d232414.jpg","contentUrl":"https:\/\/www.webdo.tn\/fr\/wp-content\/uploads\/2023\/11\/8146b11afbb42f44f69f2dce1d232414.jpg","width":720,"height":384,"caption":"Gaza : La Jordanie d\u00e9cide de rappeler son ambassadeur en Isra\u00ebl"},{"@type":"BreadcrumbList","@id":"https:\/\/www.webdo.tn\/fr\/actualite\/international\/gaza-la-jordanie-decide-de-rappeler-son-ambassadeur-en-israel\/209815\/#breadcrumb","itemListElement":[{"@type":"ListItem","position":1,"name":"Accueil","item":"https:\/\/www.webdo.tn\/fr\/"},{"@type":"ListItem","position":2,"name":"Gaza : La Jordanie d\u00e9cide de rappeler son ambassadeur en Isra\u00ebl"}]},{"@type":"WebSite","@id":"https:\/\/www.webdo.tn\/fr\/#website","url":"https:\/\/www.webdo.tn\/fr\/","name":"webdo","description":"Tunisie - News en Tunisie et \u00e0 l&#039;international sur Webdo.tn","publisher":{"@id":"https:\/\/www.webdo.tn\/fr\/#organization"},"potentialAction":[{"@type":"SearchAction","target":{"@type":"EntryPoint","urlTemplate":"https:\/\/www.webdo.tn\/fr\/?s={search_term_string}"},"query-input":{"@type":"PropertyValueSpecification","valueRequired":true,"valueName":"search_term_string"}}],"inLanguage":"fr-FR"},{"@type":"Organization","@id":"https:\/\/www.webdo.tn\/fr\/#organization","name":"Webdo","alternateName":"Webdo.tn","url":"https:\/\/www.webdo.tn\/fr\/","logo":{"@type":"ImageObject","inLanguage":"fr-FR","@id":"https:\/\/www.webdo.tn\/fr\/#\/schema\/logo\/image\/","url":"https:\/\/www.webdo.tn\/fr\/wp-content\/uploads\/2025\/06\/Webdo-Tunisie_168377.jpg","contentUrl":"https:\/\/www.webdo.tn\/fr\/wp-content\/uploads\/2025\/06\/Webdo-Tunisie_168377.jpg","width":301,"height":301,"caption":"Webdo"},"image":{"@id":"https:\/\/www.webdo.tn\/fr\/#\/schema\/logo\/image\/"},"sameAs":["https:\/\/www.facebook.com\/webdotn","https:\/\/x.com\/webdo_tn"],"description":"Webdo est un m\u00e9dia num\u00e9rique tunisien fond\u00e9 en 2010, sp\u00e9cialis\u00e9 dans l\u2019actualit\u00e9 nationale et internationale, l\u2019\u00e9conomie, la soci\u00e9t\u00e9 et les analyses politiques. Le site s\u2019adresse \u00e0 un large public francophone et couvre l\u2019information tunisienne en temps r\u00e9el.","email":"redac@webdo.tn","legalName":"YNJ SARL","foundingDate":"2010-09-06","numberOfEmployees":{"@type":"QuantitativeValue","minValue":"11","maxValue":"50"}},{"@type":"Person","@id":"https:\/\/www.webdo.tn\/fr\/#\/schema\/person\/f35b42a42c5e2511bbd282959d6385cc","name":"CL","image":{"@type":"ImageObject","inLanguage":"fr-FR","@id":"https:\/\/secure.gravatar.com\/avatar\/1447a49909b67aa657c488aec6512e1dd6143a480c1ecfee9b5b5cd74eb3b59e?s=96&d=mm&r=g","url":"https:\/\/secure.gravatar.com\/avatar\/1447a49909b67aa657c488aec6512e1dd6143a480c1ecfee9b5b5cd74eb3b59e?s=96&d=mm&r=g","contentUrl":"https:\/\/secure.gravatar.com\/avatar\/1447a49909b67aa657c488aec6512e1dd6143a480c1ecfee9b5b5cd74eb3b59e?s=96&d=mm&r=g","caption":"CL"},"url":"https:\/\/www.webdo.tn\/fr\/actualite\/author\/cl\/"}]}},"_links":{"self":[{"href":"https:\/\/www.webdo.tn\/fr\/wp-json\/wp\/v2\/posts\/209815","targetHints":{"allow":["GET"]}}],"collection":[{"href":"https:\/\/www.webdo.tn\/fr\/wp-json\/wp\/v2\/posts"}],"about":[{"href":"https:\/\/www.webdo.tn\/fr\/wp-json\/wp\/v2\/types\/post"}],"author":[{"embeddable":true,"href":"https:\/\/www.webdo.tn\/fr\/wp-json\/wp\/v2\/users\/3175"}],"replies":[{"embeddable":true,"href":"https:\/\/www.webdo.tn\/fr\/wp-json\/wp\/v2\/comments?post=209815"}],"version-history":[{"count":0,"href":"https:\/\/www.webdo.tn\/fr\/wp-json\/wp\/v2\/posts\/209815\/revisions"}],"wp:featuredmedia":[{"embeddable":true,"href":"https:\/\/www.webdo.tn\/fr\/wp-json\/wp\/v2\/media\/248892"}],"wp:attachment":[{"href":"https:\/\/www.webdo.tn\/fr\/wp-json\/wp\/v2\/media?parent=209815"}],"wp:term":[{"taxonomy":"category","embeddable":true,"href":"https:\/\/www.webdo.tn\/fr\/wp-json\/wp\/v2\/categories?post=209815"},{"taxonomy":"post_tag","embeddable":true,"href":"https:\/\/www.webdo.tn\/fr\/wp-json\/wp\/v2\/tags?post=209815"}],"curies":[{"name":"wp","href":"https:\/\/api.w.org\/{rel}","templated":true}]}}