{"id":209813,"date":"2023-11-01T13:55:00","date_gmt":"2023-11-01T13:55:00","guid":{"rendered":"https:\/\/www.webdo.tn\/fr\/blog\/evasion-de-terroristes-le-directeur-de-la-prison-de-mornaguia-arrete\/209813\/"},"modified":"2025-05-20T22:39:51","modified_gmt":"2025-05-20T22:39:51","slug":"evasion-de-terroristes-le-directeur-de-la-prison-de-mornaguia-arrete","status":"publish","type":"post","link":"https:\/\/www.webdo.tn\/fr\/actualite\/national\/evasion-de-terroristes-le-directeur-de-la-prison-de-mornaguia-arrete\/209813\/","title":{"rendered":"Evasion de terroristes : Le directeur de la prison de Mornaguia arr\u00eat\u00e9"},"content":{"rendered":"<p>Cinq cadre et agents dont le directeur de la prison d\u2019El Mornaguia en \u00e9t\u00e9 arr\u00eat\u00e9 et plac\u00e9s en d\u00e9tention sur fond de l\u2019affaire d\u2019\u00e9vasion de cinq terroristes.\u00a0<br \/>\nSelon Mosaique FM, c\u2019est le parquet qui a ordonn\u00e9 ces arrestations en attendant la poursuite des investigations dans cette affaire.\u00a0<\/p>\n<p>\t\t\t\t\t\t\t\t\t\u00a0<\/p>\n<p>Le minist\u00e8re de l&rsquo;Int\u00e9rieur a annonc\u00e9, ce mardi 31 octobre 2023, le limogeage du directeur g\u00e9n\u00e9ral des services sp\u00e9ciaux et du directeur central des renseignements g\u00e9n\u00e9raux, relevant de l&rsquo;administration g\u00e9n\u00e9rale de la s\u00e9curit\u00e9 nationale.<\/p>\n<p>Cinq d\u00e9tenus se sont \u00e9vad\u00e9s, aujourd\u2019hui de la prison civile de Mornaguia. Il s\u2019agit de cinq \u00e9l\u00e9ments terroristes impliqu\u00e9s dans les assassinats de Chokri Belaid et Mohamed Brahmi dont celui qui se fait appeler le \u00ab\u00a0Somalien\u00a0\u00bb.<\/p>\n<p>Les cinq fugitifs sont Ahmed Melki alias \u00ab\u00a0Le Somalien\u00a0\u00bb, Ameur Bal\u00e2azi, Raed Touati, Aala Ghazouani et Nader Ghanmi, tous impliqu\u00e9s dans plusieurs affaires terroristes dont les assassinats de Chokri Bela\u00efd et Mohamed Brahmi.<\/p>\n","protected":false},"excerpt":{"rendered":"<p>Le minist\u00e8re de l&rsquo;Int\u00e9rieur a annonc\u00e9, ce mardi 31 octobre 2023, le limogeage du directeur g\u00e9n\u00e9ral des services sp\u00e9ciaux et du directeur central des renseigneme&#8230;<\/p>\n","protected":false},"author":3175,"featured_media":248889,"comment_status":"open","ping_status":"closed","sticky":false,"template":"","format":"standard","meta":{"footnotes":""},"categories":[44],"tags":[6091,7419,2708,7630,2608],"class_list":["post-209813","post","type-post","status-publish","format-standard","has-post-thumbnail","hentry","category-national","tag-evasion","tag-mornaguia","tag-prison","tag-terrosites","tag-tunisie"],"yoast_head":"<!-- This site is optimized with the Yoast SEO Premium plugin v27.5 (Yoast SEO v27.5) - https:\/\/yoast.com\/product\/yoast-seo-premium-wordpress\/ -->\n<title>Evasion de terroristes : Le directeur de la prison de Mornaguia arr\u00eat\u00e9<\/title>\n<meta name=\"description\" content=\"Le minist\u00e8re de l&#039;Int\u00e9rieur a annonc\u00e9, ce mardi 31 octobre 2023, le limogeage du directeur g\u00e9n\u00e9ral des services sp\u00e9ciaux et du directeur central des renseigneme...\" \/>\n<link rel=\"canonical\" href=\"https:\/\/www.webdo.tn\/fr\/actualite\/national\/evasion-de-terroristes-le-directeur-de-la-prison-de-mornaguia-arrete\/209813\/\" \/>\n<meta property=\"og:locale\" content=\"fr_FR\" \/>\n<meta property=\"og:type\" content=\"article\" \/>\n<meta property=\"og:title\" content=\"Evasion de terroristes : Le directeur de la prison de Mornaguia arr\u00eat\u00e9\" \/>\n<meta property=\"og:description\" content=\"Le minist\u00e8re de l&#039;Int\u00e9rieur a annonc\u00e9, ce mardi 31 octobre 2023, le limogeage du directeur g\u00e9n\u00e9ral des services sp\u00e9ciaux et du directeur central des renseigneme...\" \/>\n<meta property=\"og:url\" content=\"https:\/\/www.webdo.tn\/fr\/actualite\/national\/evasion-de-terroristes-le-directeur-de-la-prison-de-mornaguia-arrete\/209813\/\" \/>\n<meta property=\"og:site_name\" content=\"webdo\" \/>\n<meta property=\"article:publisher\" content=\"https:\/\/www.facebook.com\/webdotn\" \/>\n<meta property=\"article:published_time\" content=\"2023-11-01T13:55:00+00:00\" \/>\n<meta property=\"article:modified_time\" content=\"2025-05-20T22:39:51+00:00\" \/>\n<meta property=\"og:image\" content=\"https:\/\/www.webdo.tn\/fr\/wp-content\/uploads\/2023\/11\/62a1d07e4c2f6419ef12d23c9c7ea643.jpg\" \/>\n\t<meta property=\"og:image:width\" content=\"750\" \/>\n\t<meta property=\"og:image:height\" content=\"400\" \/>\n\t<meta property=\"og:image:type\" content=\"image\/jpeg\" \/>\n<meta name=\"author\" content=\"CL\" \/>\n<meta name=\"twitter:card\" content=\"summary_large_image\" \/>\n<meta name=\"twitter:creator\" content=\"@webdo_tn\" \/>\n<meta name=\"twitter:site\" content=\"@webdo_tn\" \/>\n<meta name=\"twitter:label1\" content=\"\u00c9crit par\" \/>\n\t<meta name=\"twitter:data1\" content=\"CL\" \/>\n\t<meta name=\"twitter:label2\" content=\"Dur\u00e9e de lecture estim\u00e9e\" \/>\n\t<meta name=\"twitter:data2\" content=\"1 minute\" \/>\n<script type=\"application\/ld+json\" class=\"yoast-schema-graph\">{\"@context\":\"https:\\\/\\\/schema.org\",\"@graph\":[{\"@type\":\"NewsArticle\",\"@id\":\"https:\\\/\\\/www.webdo.tn\\\/fr\\\/actualite\\\/national\\\/evasion-de-terroristes-le-directeur-de-la-prison-de-mornaguia-arrete\\\/209813\\\/#article\",\"isPartOf\":{\"@id\":\"https:\\\/\\\/www.webdo.tn\\\/fr\\\/actualite\\\/national\\\/evasion-de-terroristes-le-directeur-de-la-prison-de-mornaguia-arrete\\\/209813\\\/\"},\"author\":{\"name\":\"CL\",\"@id\":\"https:\\\/\\\/www.webdo.tn\\\/fr\\\/#\\\/schema\\\/person\\\/f35b42a42c5e2511bbd282959d6385cc\"},\"headline\":\"Evasion de terroristes : Le directeur de la prison de Mornaguia arr\u00eat\u00e9\",\"datePublished\":\"2023-11-01T13:55:00+00:00\",\"dateModified\":\"2025-05-20T22:39:51+00:00\",\"mainEntityOfPage\":{\"@id\":\"https:\\\/\\\/www.webdo.tn\\\/fr\\\/actualite\\\/national\\\/evasion-de-terroristes-le-directeur-de-la-prison-de-mornaguia-arrete\\\/209813\\\/\"},\"wordCount\":188,\"commentCount\":0,\"publisher\":{\"@id\":\"https:\\\/\\\/www.webdo.tn\\\/fr\\\/#organization\"},\"image\":{\"@id\":\"https:\\\/\\\/www.webdo.tn\\\/fr\\\/actualite\\\/national\\\/evasion-de-terroristes-le-directeur-de-la-prison-de-mornaguia-arrete\\\/209813\\\/#primaryimage\"},\"thumbnailUrl\":\"https:\\\/\\\/www.webdo.tn\\\/fr\\\/wp-content\\\/uploads\\\/2023\\\/11\\\/62a1d07e4c2f6419ef12d23c9c7ea643.jpg\",\"keywords\":[\"\u00e9vasion\",\"mornaguia\",\"Prison\",\"Terrosites\",\"Tunisie\"],\"articleSection\":[\"National\"],\"inLanguage\":\"fr-FR\"},{\"@type\":\"WebPage\",\"@id\":\"https:\\\/\\\/www.webdo.tn\\\/fr\\\/actualite\\\/national\\\/evasion-de-terroristes-le-directeur-de-la-prison-de-mornaguia-arrete\\\/209813\\\/\",\"url\":\"https:\\\/\\\/www.webdo.tn\\\/fr\\\/actualite\\\/national\\\/evasion-de-terroristes-le-directeur-de-la-prison-de-mornaguia-arrete\\\/209813\\\/\",\"name\":\"Evasion de terroristes : Le directeur de la prison de Mornaguia arr\u00eat\u00e9\",\"isPartOf\":{\"@id\":\"https:\\\/\\\/www.webdo.tn\\\/fr\\\/#website\"},\"primaryImageOfPage\":{\"@id\":\"https:\\\/\\\/www.webdo.tn\\\/fr\\\/actualite\\\/national\\\/evasion-de-terroristes-le-directeur-de-la-prison-de-mornaguia-arrete\\\/209813\\\/#primaryimage\"},\"image\":{\"@id\":\"https:\\\/\\\/www.webdo.tn\\\/fr\\\/actualite\\\/national\\\/evasion-de-terroristes-le-directeur-de-la-prison-de-mornaguia-arrete\\\/209813\\\/#primaryimage\"},\"thumbnailUrl\":\"https:\\\/\\\/www.webdo.tn\\\/fr\\\/wp-content\\\/uploads\\\/2023\\\/11\\\/62a1d07e4c2f6419ef12d23c9c7ea643.jpg\",\"datePublished\":\"2023-11-01T13:55:00+00:00\",\"dateModified\":\"2025-05-20T22:39:51+00:00\",\"description\":\"Le minist\u00e8re de l'Int\u00e9rieur a annonc\u00e9, ce mardi 31 octobre 2023, le limogeage du directeur g\u00e9n\u00e9ral des services sp\u00e9ciaux et du directeur central des renseigneme...\",\"breadcrumb\":{\"@id\":\"https:\\\/\\\/www.webdo.tn\\\/fr\\\/actualite\\\/national\\\/evasion-de-terroristes-le-directeur-de-la-prison-de-mornaguia-arrete\\\/209813\\\/#breadcrumb\"},\"inLanguage\":\"fr-FR\",\"potentialAction\":[{\"@type\":\"ReadAction\",\"target\":[\"https:\\\/\\\/www.webdo.tn\\\/fr\\\/actualite\\\/national\\\/evasion-de-terroristes-le-directeur-de-la-prison-de-mornaguia-arrete\\\/209813\\\/\"]}]},{\"@type\":\"ImageObject\",\"inLanguage\":\"fr-FR\",\"@id\":\"https:\\\/\\\/www.webdo.tn\\\/fr\\\/actualite\\\/national\\\/evasion-de-terroristes-le-directeur-de-la-prison-de-mornaguia-arrete\\\/209813\\\/#primaryimage\",\"url\":\"https:\\\/\\\/www.webdo.tn\\\/fr\\\/wp-content\\\/uploads\\\/2023\\\/11\\\/62a1d07e4c2f6419ef12d23c9c7ea643.jpg\",\"contentUrl\":\"https:\\\/\\\/www.webdo.tn\\\/fr\\\/wp-content\\\/uploads\\\/2023\\\/11\\\/62a1d07e4c2f6419ef12d23c9c7ea643.jpg\",\"width\":750,\"height\":400,\"caption\":\"Evasion de terroristes : Le directeur de la prison de Mornaguia arr\u00eat\u00e9\"},{\"@type\":\"BreadcrumbList\",\"@id\":\"https:\\\/\\\/www.webdo.tn\\\/fr\\\/actualite\\\/national\\\/evasion-de-terroristes-le-directeur-de-la-prison-de-mornaguia-arrete\\\/209813\\\/#breadcrumb\",\"itemListElement\":[{\"@type\":\"ListItem\",\"position\":1,\"name\":\"Accueil\",\"item\":\"https:\\\/\\\/www.webdo.tn\\\/fr\\\/\"},{\"@type\":\"ListItem\",\"position\":2,\"name\":\"Evasion de terroristes : Le directeur de la prison de Mornaguia arr\u00eat\u00e9\"}]},{\"@type\":\"WebSite\",\"@id\":\"https:\\\/\\\/www.webdo.tn\\\/fr\\\/#website\",\"url\":\"https:\\\/\\\/www.webdo.tn\\\/fr\\\/\",\"name\":\"webdo\",\"description\":\"Tunisie - News en Tunisie et \u00e0 l&#039;international sur Webdo.tn\",\"publisher\":{\"@id\":\"https:\\\/\\\/www.webdo.tn\\\/fr\\\/#organization\"},\"potentialAction\":[{\"@type\":\"SearchAction\",\"target\":{\"@type\":\"EntryPoint\",\"urlTemplate\":\"https:\\\/\\\/www.webdo.tn\\\/fr\\\/?s={search_term_string}\"},\"query-input\":{\"@type\":\"PropertyValueSpecification\",\"valueRequired\":true,\"valueName\":\"search_term_string\"}}],\"inLanguage\":\"fr-FR\"},{\"@type\":\"Organization\",\"@id\":\"https:\\\/\\\/www.webdo.tn\\\/fr\\\/#organization\",\"name\":\"Webdo\",\"alternateName\":\"Webdo.tn\",\"url\":\"https:\\\/\\\/www.webdo.tn\\\/fr\\\/\",\"logo\":{\"@type\":\"ImageObject\",\"inLanguage\":\"fr-FR\",\"@id\":\"https:\\\/\\\/www.webdo.tn\\\/fr\\\/#\\\/schema\\\/logo\\\/image\\\/\",\"url\":\"https:\\\/\\\/www.webdo.tn\\\/fr\\\/wp-content\\\/uploads\\\/2025\\\/06\\\/Webdo-Tunisie_168377.jpg\",\"contentUrl\":\"https:\\\/\\\/www.webdo.tn\\\/fr\\\/wp-content\\\/uploads\\\/2025\\\/06\\\/Webdo-Tunisie_168377.jpg\",\"width\":301,\"height\":301,\"caption\":\"Webdo\"},\"image\":{\"@id\":\"https:\\\/\\\/www.webdo.tn\\\/fr\\\/#\\\/schema\\\/logo\\\/image\\\/\"},\"sameAs\":[\"https:\\\/\\\/www.facebook.com\\\/webdotn\",\"https:\\\/\\\/x.com\\\/webdo_tn\"],\"description\":\"Webdo est un m\u00e9dia num\u00e9rique tunisien fond\u00e9 en 2010, sp\u00e9cialis\u00e9 dans l\u2019actualit\u00e9 nationale et internationale, l\u2019\u00e9conomie, la soci\u00e9t\u00e9 et les analyses politiques. Le site s\u2019adresse \u00e0 un large public francophone et couvre l\u2019information tunisienne en temps r\u00e9el.\",\"email\":\"redac@webdo.tn\",\"legalName\":\"YNJ SARL\",\"foundingDate\":\"2010-09-06\",\"numberOfEmployees\":{\"@type\":\"QuantitativeValue\",\"minValue\":\"11\",\"maxValue\":\"50\"}},{\"@type\":\"Person\",\"@id\":\"https:\\\/\\\/www.webdo.tn\\\/fr\\\/#\\\/schema\\\/person\\\/f35b42a42c5e2511bbd282959d6385cc\",\"name\":\"CL\",\"image\":{\"@type\":\"ImageObject\",\"inLanguage\":\"fr-FR\",\"@id\":\"https:\\\/\\\/secure.gravatar.com\\\/avatar\\\/1447a49909b67aa657c488aec6512e1dd6143a480c1ecfee9b5b5cd74eb3b59e?s=96&d=mm&r=g\",\"url\":\"https:\\\/\\\/secure.gravatar.com\\\/avatar\\\/1447a49909b67aa657c488aec6512e1dd6143a480c1ecfee9b5b5cd74eb3b59e?s=96&d=mm&r=g\",\"contentUrl\":\"https:\\\/\\\/secure.gravatar.com\\\/avatar\\\/1447a49909b67aa657c488aec6512e1dd6143a480c1ecfee9b5b5cd74eb3b59e?s=96&d=mm&r=g\",\"caption\":\"CL\"},\"url\":\"https:\\\/\\\/www.webdo.tn\\\/fr\\\/actualite\\\/author\\\/cl\\\/\"}]}<\/script>\n<!-- \/ Yoast SEO Premium plugin. -->","yoast_head_json":{"title":"Evasion de terroristes : Le directeur de la prison de Mornaguia arr\u00eat\u00e9","description":"Le minist\u00e8re de l'Int\u00e9rieur a annonc\u00e9, ce mardi 31 octobre 2023, le limogeage du directeur g\u00e9n\u00e9ral des services sp\u00e9ciaux et du directeur central des renseigneme...","canonical":"https:\/\/www.webdo.tn\/fr\/actualite\/national\/evasion-de-terroristes-le-directeur-de-la-prison-de-mornaguia-arrete\/209813\/","og_locale":"fr_FR","og_type":"article","og_title":"Evasion de terroristes : Le directeur de la prison de Mornaguia arr\u00eat\u00e9","og_description":"Le minist\u00e8re de l'Int\u00e9rieur a annonc\u00e9, ce mardi 31 octobre 2023, le limogeage du directeur g\u00e9n\u00e9ral des services sp\u00e9ciaux et du directeur central des renseigneme...","og_url":"https:\/\/www.webdo.tn\/fr\/actualite\/national\/evasion-de-terroristes-le-directeur-de-la-prison-de-mornaguia-arrete\/209813\/","og_site_name":"webdo","article_publisher":"https:\/\/www.facebook.com\/webdotn","article_published_time":"2023-11-01T13:55:00+00:00","article_modified_time":"2025-05-20T22:39:51+00:00","og_image":[{"width":750,"height":400,"url":"https:\/\/www.webdo.tn\/fr\/wp-content\/uploads\/2023\/11\/62a1d07e4c2f6419ef12d23c9c7ea643.jpg","type":"image\/jpeg"}],"author":"CL","twitter_card":"summary_large_image","twitter_creator":"@webdo_tn","twitter_site":"@webdo_tn","twitter_misc":{"\u00c9crit par":"CL","Dur\u00e9e de lecture estim\u00e9e":"1 minute"},"schema":{"@context":"https:\/\/schema.org","@graph":[{"@type":"NewsArticle","@id":"https:\/\/www.webdo.tn\/fr\/actualite\/national\/evasion-de-terroristes-le-directeur-de-la-prison-de-mornaguia-arrete\/209813\/#article","isPartOf":{"@id":"https:\/\/www.webdo.tn\/fr\/actualite\/national\/evasion-de-terroristes-le-directeur-de-la-prison-de-mornaguia-arrete\/209813\/"},"author":{"name":"CL","@id":"https:\/\/www.webdo.tn\/fr\/#\/schema\/person\/f35b42a42c5e2511bbd282959d6385cc"},"headline":"Evasion de terroristes : Le directeur de la prison de Mornaguia arr\u00eat\u00e9","datePublished":"2023-11-01T13:55:00+00:00","dateModified":"2025-05-20T22:39:51+00:00","mainEntityOfPage":{"@id":"https:\/\/www.webdo.tn\/fr\/actualite\/national\/evasion-de-terroristes-le-directeur-de-la-prison-de-mornaguia-arrete\/209813\/"},"wordCount":188,"commentCount":0,"publisher":{"@id":"https:\/\/www.webdo.tn\/fr\/#organization"},"image":{"@id":"https:\/\/www.webdo.tn\/fr\/actualite\/national\/evasion-de-terroristes-le-directeur-de-la-prison-de-mornaguia-arrete\/209813\/#primaryimage"},"thumbnailUrl":"https:\/\/www.webdo.tn\/fr\/wp-content\/uploads\/2023\/11\/62a1d07e4c2f6419ef12d23c9c7ea643.jpg","keywords":["\u00e9vasion","mornaguia","Prison","Terrosites","Tunisie"],"articleSection":["National"],"inLanguage":"fr-FR"},{"@type":"WebPage","@id":"https:\/\/www.webdo.tn\/fr\/actualite\/national\/evasion-de-terroristes-le-directeur-de-la-prison-de-mornaguia-arrete\/209813\/","url":"https:\/\/www.webdo.tn\/fr\/actualite\/national\/evasion-de-terroristes-le-directeur-de-la-prison-de-mornaguia-arrete\/209813\/","name":"Evasion de terroristes : Le directeur de la prison de Mornaguia arr\u00eat\u00e9","isPartOf":{"@id":"https:\/\/www.webdo.tn\/fr\/#website"},"primaryImageOfPage":{"@id":"https:\/\/www.webdo.tn\/fr\/actualite\/national\/evasion-de-terroristes-le-directeur-de-la-prison-de-mornaguia-arrete\/209813\/#primaryimage"},"image":{"@id":"https:\/\/www.webdo.tn\/fr\/actualite\/national\/evasion-de-terroristes-le-directeur-de-la-prison-de-mornaguia-arrete\/209813\/#primaryimage"},"thumbnailUrl":"https:\/\/www.webdo.tn\/fr\/wp-content\/uploads\/2023\/11\/62a1d07e4c2f6419ef12d23c9c7ea643.jpg","datePublished":"2023-11-01T13:55:00+00:00","dateModified":"2025-05-20T22:39:51+00:00","description":"Le minist\u00e8re de l'Int\u00e9rieur a annonc\u00e9, ce mardi 31 octobre 2023, le limogeage du directeur g\u00e9n\u00e9ral des services sp\u00e9ciaux et du directeur central des renseigneme...","breadcrumb":{"@id":"https:\/\/www.webdo.tn\/fr\/actualite\/national\/evasion-de-terroristes-le-directeur-de-la-prison-de-mornaguia-arrete\/209813\/#breadcrumb"},"inLanguage":"fr-FR","potentialAction":[{"@type":"ReadAction","target":["https:\/\/www.webdo.tn\/fr\/actualite\/national\/evasion-de-terroristes-le-directeur-de-la-prison-de-mornaguia-arrete\/209813\/"]}]},{"@type":"ImageObject","inLanguage":"fr-FR","@id":"https:\/\/www.webdo.tn\/fr\/actualite\/national\/evasion-de-terroristes-le-directeur-de-la-prison-de-mornaguia-arrete\/209813\/#primaryimage","url":"https:\/\/www.webdo.tn\/fr\/wp-content\/uploads\/2023\/11\/62a1d07e4c2f6419ef12d23c9c7ea643.jpg","contentUrl":"https:\/\/www.webdo.tn\/fr\/wp-content\/uploads\/2023\/11\/62a1d07e4c2f6419ef12d23c9c7ea643.jpg","width":750,"height":400,"caption":"Evasion de terroristes : Le directeur de la prison de Mornaguia arr\u00eat\u00e9"},{"@type":"BreadcrumbList","@id":"https:\/\/www.webdo.tn\/fr\/actualite\/national\/evasion-de-terroristes-le-directeur-de-la-prison-de-mornaguia-arrete\/209813\/#breadcrumb","itemListElement":[{"@type":"ListItem","position":1,"name":"Accueil","item":"https:\/\/www.webdo.tn\/fr\/"},{"@type":"ListItem","position":2,"name":"Evasion de terroristes : Le directeur de la prison de Mornaguia arr\u00eat\u00e9"}]},{"@type":"WebSite","@id":"https:\/\/www.webdo.tn\/fr\/#website","url":"https:\/\/www.webdo.tn\/fr\/","name":"webdo","description":"Tunisie - News en Tunisie et \u00e0 l&#039;international sur Webdo.tn","publisher":{"@id":"https:\/\/www.webdo.tn\/fr\/#organization"},"potentialAction":[{"@type":"SearchAction","target":{"@type":"EntryPoint","urlTemplate":"https:\/\/www.webdo.tn\/fr\/?s={search_term_string}"},"query-input":{"@type":"PropertyValueSpecification","valueRequired":true,"valueName":"search_term_string"}}],"inLanguage":"fr-FR"},{"@type":"Organization","@id":"https:\/\/www.webdo.tn\/fr\/#organization","name":"Webdo","alternateName":"Webdo.tn","url":"https:\/\/www.webdo.tn\/fr\/","logo":{"@type":"ImageObject","inLanguage":"fr-FR","@id":"https:\/\/www.webdo.tn\/fr\/#\/schema\/logo\/image\/","url":"https:\/\/www.webdo.tn\/fr\/wp-content\/uploads\/2025\/06\/Webdo-Tunisie_168377.jpg","contentUrl":"https:\/\/www.webdo.tn\/fr\/wp-content\/uploads\/2025\/06\/Webdo-Tunisie_168377.jpg","width":301,"height":301,"caption":"Webdo"},"image":{"@id":"https:\/\/www.webdo.tn\/fr\/#\/schema\/logo\/image\/"},"sameAs":["https:\/\/www.facebook.com\/webdotn","https:\/\/x.com\/webdo_tn"],"description":"Webdo est un m\u00e9dia num\u00e9rique tunisien fond\u00e9 en 2010, sp\u00e9cialis\u00e9 dans l\u2019actualit\u00e9 nationale et internationale, l\u2019\u00e9conomie, la soci\u00e9t\u00e9 et les analyses politiques. Le site s\u2019adresse \u00e0 un large public francophone et couvre l\u2019information tunisienne en temps r\u00e9el.","email":"redac@webdo.tn","legalName":"YNJ SARL","foundingDate":"2010-09-06","numberOfEmployees":{"@type":"QuantitativeValue","minValue":"11","maxValue":"50"}},{"@type":"Person","@id":"https:\/\/www.webdo.tn\/fr\/#\/schema\/person\/f35b42a42c5e2511bbd282959d6385cc","name":"CL","image":{"@type":"ImageObject","inLanguage":"fr-FR","@id":"https:\/\/secure.gravatar.com\/avatar\/1447a49909b67aa657c488aec6512e1dd6143a480c1ecfee9b5b5cd74eb3b59e?s=96&d=mm&r=g","url":"https:\/\/secure.gravatar.com\/avatar\/1447a49909b67aa657c488aec6512e1dd6143a480c1ecfee9b5b5cd74eb3b59e?s=96&d=mm&r=g","contentUrl":"https:\/\/secure.gravatar.com\/avatar\/1447a49909b67aa657c488aec6512e1dd6143a480c1ecfee9b5b5cd74eb3b59e?s=96&d=mm&r=g","caption":"CL"},"url":"https:\/\/www.webdo.tn\/fr\/actualite\/author\/cl\/"}]}},"_links":{"self":[{"href":"https:\/\/www.webdo.tn\/fr\/wp-json\/wp\/v2\/posts\/209813","targetHints":{"allow":["GET"]}}],"collection":[{"href":"https:\/\/www.webdo.tn\/fr\/wp-json\/wp\/v2\/posts"}],"about":[{"href":"https:\/\/www.webdo.tn\/fr\/wp-json\/wp\/v2\/types\/post"}],"author":[{"embeddable":true,"href":"https:\/\/www.webdo.tn\/fr\/wp-json\/wp\/v2\/users\/3175"}],"replies":[{"embeddable":true,"href":"https:\/\/www.webdo.tn\/fr\/wp-json\/wp\/v2\/comments?post=209813"}],"version-history":[{"count":0,"href":"https:\/\/www.webdo.tn\/fr\/wp-json\/wp\/v2\/posts\/209813\/revisions"}],"wp:featuredmedia":[{"embeddable":true,"href":"https:\/\/www.webdo.tn\/fr\/wp-json\/wp\/v2\/media\/248889"}],"wp:attachment":[{"href":"https:\/\/www.webdo.tn\/fr\/wp-json\/wp\/v2\/media?parent=209813"}],"wp:term":[{"taxonomy":"category","embeddable":true,"href":"https:\/\/www.webdo.tn\/fr\/wp-json\/wp\/v2\/categories?post=209813"},{"taxonomy":"post_tag","embeddable":true,"href":"https:\/\/www.webdo.tn\/fr\/wp-json\/wp\/v2\/tags?post=209813"}],"curies":[{"name":"wp","href":"https:\/\/api.w.org\/{rel}","templated":true}]}}