{"id":209812,"date":"2023-11-01T13:24:00","date_gmt":"2023-11-01T13:24:00","guid":{"rendered":"https:\/\/www.webdo.tn\/fr\/blog\/tunisie-un-hopital-de-campagne-pour-recevoir-les-blesses-palestiniens\/209812\/"},"modified":"2025-05-20T22:39:51","modified_gmt":"2025-05-20T22:39:51","slug":"tunisie-un-hopital-de-campagne-pour-recevoir-les-blesses-palestiniens","status":"publish","type":"post","link":"https:\/\/www.webdo.tn\/fr\/actualite\/national\/tunisie-un-hopital-de-campagne-pour-recevoir-les-blesses-palestiniens\/209812\/","title":{"rendered":"Tunisie : Un h\u00f4pital de campagne pour recevoir les bless\u00e9s palestiniens"},"content":{"rendered":"<p>Le ministre de la sant\u00e9 Ali Mrabet, a pris connaissance, lors de sa visite effectu\u00e9e mardi \u00e0 l&rsquo;h\u00f4pital de terrain \u00e0 El Yasminet (gouvernorat Ben Arous) des pr\u00e9paratifs n\u00e9cessaires pour accueillir prochainement des bless\u00e9s parmi le peuple palestinien.\u00a0<\/p>\n<p>Selon un communiqu\u00e9 du minist\u00e8re Ali Mrabet a soulign\u00e9 l&rsquo;imp\u00e9ratif de prendre les mesures n\u00e9cessaires permettant une prise en charge des bless\u00e9s dans les meilleures conditions.\u00a0<\/p>\n<p>Il s&rsquo;agit d&rsquo;un h\u00f4pital \u00e9quip\u00e9 de 120 lits ainsi que d&rsquo;autre mat\u00e9riel m\u00e9dical. Il faut rappeler que cet hopital avait \u00e9t\u00e9 amenag\u00e9 pour recevoir les personnes atteintes de coronavirus.<\/p>\n","protected":false},"excerpt":{"rendered":"<p>Selon un communiqu\u00e9 du minist\u00e8re Ali Mrabet a soulign\u00e9 l&rsquo;imp\u00e9ratif de prendre les mesures n\u00e9cessaires permettant une prise en charge des bless\u00e9s dans les meille&#8230;<\/p>\n","protected":false},"author":3175,"featured_media":248890,"comment_status":"open","ping_status":"closed","sticky":false,"template":"","format":"standard","meta":{"footnotes":""},"categories":[44],"tags":[2858,2688,2608],"class_list":["post-209812","post","type-post","status-publish","format-standard","has-post-thumbnail","hentry","category-national","tag-hopital","tag-palestine","tag-tunisie"],"yoast_head":"<!-- This site is optimized with the Yoast SEO Premium plugin v27.4 (Yoast SEO v27.5) - https:\/\/yoast.com\/product\/yoast-seo-premium-wordpress\/ -->\n<title>Tunisie : Un h\u00f4pital de campagne pour recevoir les bless\u00e9s palestiniens<\/title>\n<meta name=\"description\" content=\"Selon un communiqu\u00e9 du minist\u00e8re Ali Mrabet a soulign\u00e9 l&#039;imp\u00e9ratif de prendre les mesures n\u00e9cessaires permettant une prise en charge des bless\u00e9s dans les meille...\" \/>\n<link rel=\"canonical\" href=\"https:\/\/www.webdo.tn\/fr\/actualite\/national\/tunisie-un-hopital-de-campagne-pour-recevoir-les-blesses-palestiniens\/209812\/\" \/>\n<meta property=\"og:locale\" content=\"fr_FR\" \/>\n<meta property=\"og:type\" content=\"article\" \/>\n<meta property=\"og:title\" content=\"Tunisie : Un h\u00f4pital de campagne pour recevoir les bless\u00e9s palestiniens\" \/>\n<meta property=\"og:description\" content=\"Selon un communiqu\u00e9 du minist\u00e8re Ali Mrabet a soulign\u00e9 l&#039;imp\u00e9ratif de prendre les mesures n\u00e9cessaires permettant une prise en charge des bless\u00e9s dans les meille...\" \/>\n<meta property=\"og:url\" content=\"https:\/\/www.webdo.tn\/fr\/actualite\/national\/tunisie-un-hopital-de-campagne-pour-recevoir-les-blesses-palestiniens\/209812\/\" \/>\n<meta property=\"og:site_name\" content=\"webdo\" \/>\n<meta property=\"article:publisher\" content=\"https:\/\/www.facebook.com\/webdotn\" \/>\n<meta property=\"article:published_time\" content=\"2023-11-01T13:24:00+00:00\" \/>\n<meta property=\"article:modified_time\" content=\"2025-05-20T22:39:51+00:00\" \/>\n<meta property=\"og:image\" content=\"https:\/\/www.webdo.tn\/fr\/wp-content\/uploads\/2023\/11\/5c18294709226d80ac2af56dc26dac3e.jpg\" \/>\n\t<meta property=\"og:image:width\" content=\"750\" \/>\n\t<meta property=\"og:image:height\" content=\"400\" \/>\n\t<meta property=\"og:image:type\" content=\"image\/jpeg\" \/>\n<meta name=\"author\" content=\"CL\" \/>\n<meta name=\"twitter:card\" content=\"summary_large_image\" \/>\n<meta name=\"twitter:creator\" content=\"@webdo_tn\" \/>\n<meta name=\"twitter:site\" content=\"@webdo_tn\" \/>\n<meta name=\"twitter:label1\" content=\"\u00c9crit par\" \/>\n\t<meta name=\"twitter:data1\" content=\"CL\" \/>\n\t<meta name=\"twitter:label2\" content=\"Dur\u00e9e de lecture estim\u00e9e\" \/>\n\t<meta name=\"twitter:data2\" content=\"1 minute\" \/>\n<script type=\"application\/ld+json\" class=\"yoast-schema-graph\">{\"@context\":\"https:\\\/\\\/schema.org\",\"@graph\":[{\"@type\":\"NewsArticle\",\"@id\":\"https:\\\/\\\/www.webdo.tn\\\/fr\\\/actualite\\\/national\\\/tunisie-un-hopital-de-campagne-pour-recevoir-les-blesses-palestiniens\\\/209812\\\/#article\",\"isPartOf\":{\"@id\":\"https:\\\/\\\/www.webdo.tn\\\/fr\\\/actualite\\\/national\\\/tunisie-un-hopital-de-campagne-pour-recevoir-les-blesses-palestiniens\\\/209812\\\/\"},\"author\":{\"name\":\"CL\",\"@id\":\"https:\\\/\\\/www.webdo.tn\\\/fr\\\/#\\\/schema\\\/person\\\/f35b42a42c5e2511bbd282959d6385cc\"},\"headline\":\"Tunisie : Un h\u00f4pital de campagne pour recevoir les bless\u00e9s palestiniens\",\"datePublished\":\"2023-11-01T13:24:00+00:00\",\"dateModified\":\"2025-05-20T22:39:51+00:00\",\"mainEntityOfPage\":{\"@id\":\"https:\\\/\\\/www.webdo.tn\\\/fr\\\/actualite\\\/national\\\/tunisie-un-hopital-de-campagne-pour-recevoir-les-blesses-palestiniens\\\/209812\\\/\"},\"wordCount\":119,\"commentCount\":0,\"publisher\":{\"@id\":\"https:\\\/\\\/www.webdo.tn\\\/fr\\\/#organization\"},\"image\":{\"@id\":\"https:\\\/\\\/www.webdo.tn\\\/fr\\\/actualite\\\/national\\\/tunisie-un-hopital-de-campagne-pour-recevoir-les-blesses-palestiniens\\\/209812\\\/#primaryimage\"},\"thumbnailUrl\":\"https:\\\/\\\/www.webdo.tn\\\/fr\\\/wp-content\\\/uploads\\\/2023\\\/11\\\/5c18294709226d80ac2af56dc26dac3e.jpg\",\"keywords\":[\"H\u00f4pital\",\"Palestine\",\"Tunisie\"],\"articleSection\":[\"National\"],\"inLanguage\":\"fr-FR\"},{\"@type\":\"WebPage\",\"@id\":\"https:\\\/\\\/www.webdo.tn\\\/fr\\\/actualite\\\/national\\\/tunisie-un-hopital-de-campagne-pour-recevoir-les-blesses-palestiniens\\\/209812\\\/\",\"url\":\"https:\\\/\\\/www.webdo.tn\\\/fr\\\/actualite\\\/national\\\/tunisie-un-hopital-de-campagne-pour-recevoir-les-blesses-palestiniens\\\/209812\\\/\",\"name\":\"Tunisie : Un h\u00f4pital de campagne pour recevoir les bless\u00e9s palestiniens\",\"isPartOf\":{\"@id\":\"https:\\\/\\\/www.webdo.tn\\\/fr\\\/#website\"},\"primaryImageOfPage\":{\"@id\":\"https:\\\/\\\/www.webdo.tn\\\/fr\\\/actualite\\\/national\\\/tunisie-un-hopital-de-campagne-pour-recevoir-les-blesses-palestiniens\\\/209812\\\/#primaryimage\"},\"image\":{\"@id\":\"https:\\\/\\\/www.webdo.tn\\\/fr\\\/actualite\\\/national\\\/tunisie-un-hopital-de-campagne-pour-recevoir-les-blesses-palestiniens\\\/209812\\\/#primaryimage\"},\"thumbnailUrl\":\"https:\\\/\\\/www.webdo.tn\\\/fr\\\/wp-content\\\/uploads\\\/2023\\\/11\\\/5c18294709226d80ac2af56dc26dac3e.jpg\",\"datePublished\":\"2023-11-01T13:24:00+00:00\",\"dateModified\":\"2025-05-20T22:39:51+00:00\",\"description\":\"Selon un communiqu\u00e9 du minist\u00e8re Ali Mrabet a soulign\u00e9 l'imp\u00e9ratif de prendre les mesures n\u00e9cessaires permettant une prise en charge des bless\u00e9s dans les meille...\",\"breadcrumb\":{\"@id\":\"https:\\\/\\\/www.webdo.tn\\\/fr\\\/actualite\\\/national\\\/tunisie-un-hopital-de-campagne-pour-recevoir-les-blesses-palestiniens\\\/209812\\\/#breadcrumb\"},\"inLanguage\":\"fr-FR\",\"potentialAction\":[{\"@type\":\"ReadAction\",\"target\":[\"https:\\\/\\\/www.webdo.tn\\\/fr\\\/actualite\\\/national\\\/tunisie-un-hopital-de-campagne-pour-recevoir-les-blesses-palestiniens\\\/209812\\\/\"]}]},{\"@type\":\"ImageObject\",\"inLanguage\":\"fr-FR\",\"@id\":\"https:\\\/\\\/www.webdo.tn\\\/fr\\\/actualite\\\/national\\\/tunisie-un-hopital-de-campagne-pour-recevoir-les-blesses-palestiniens\\\/209812\\\/#primaryimage\",\"url\":\"https:\\\/\\\/www.webdo.tn\\\/fr\\\/wp-content\\\/uploads\\\/2023\\\/11\\\/5c18294709226d80ac2af56dc26dac3e.jpg\",\"contentUrl\":\"https:\\\/\\\/www.webdo.tn\\\/fr\\\/wp-content\\\/uploads\\\/2023\\\/11\\\/5c18294709226d80ac2af56dc26dac3e.jpg\",\"width\":750,\"height\":400,\"caption\":\"Tunisie : Un h\u00f4pital de campagne pour recevoir les bless\u00e9s palestiniens\"},{\"@type\":\"BreadcrumbList\",\"@id\":\"https:\\\/\\\/www.webdo.tn\\\/fr\\\/actualite\\\/national\\\/tunisie-un-hopital-de-campagne-pour-recevoir-les-blesses-palestiniens\\\/209812\\\/#breadcrumb\",\"itemListElement\":[{\"@type\":\"ListItem\",\"position\":1,\"name\":\"Accueil\",\"item\":\"https:\\\/\\\/www.webdo.tn\\\/fr\\\/\"},{\"@type\":\"ListItem\",\"position\":2,\"name\":\"Tunisie : Un h\u00f4pital de campagne pour recevoir les bless\u00e9s palestiniens\"}]},{\"@type\":\"WebSite\",\"@id\":\"https:\\\/\\\/www.webdo.tn\\\/fr\\\/#website\",\"url\":\"https:\\\/\\\/www.webdo.tn\\\/fr\\\/\",\"name\":\"webdo\",\"description\":\"Tunisie - News en Tunisie et \u00e0 l&#039;international sur Webdo.tn\",\"publisher\":{\"@id\":\"https:\\\/\\\/www.webdo.tn\\\/fr\\\/#organization\"},\"potentialAction\":[{\"@type\":\"SearchAction\",\"target\":{\"@type\":\"EntryPoint\",\"urlTemplate\":\"https:\\\/\\\/www.webdo.tn\\\/fr\\\/?s={search_term_string}\"},\"query-input\":{\"@type\":\"PropertyValueSpecification\",\"valueRequired\":true,\"valueName\":\"search_term_string\"}}],\"inLanguage\":\"fr-FR\"},{\"@type\":\"Organization\",\"@id\":\"https:\\\/\\\/www.webdo.tn\\\/fr\\\/#organization\",\"name\":\"Webdo\",\"alternateName\":\"Webdo.tn\",\"url\":\"https:\\\/\\\/www.webdo.tn\\\/fr\\\/\",\"logo\":{\"@type\":\"ImageObject\",\"inLanguage\":\"fr-FR\",\"@id\":\"https:\\\/\\\/www.webdo.tn\\\/fr\\\/#\\\/schema\\\/logo\\\/image\\\/\",\"url\":\"https:\\\/\\\/www.webdo.tn\\\/fr\\\/wp-content\\\/uploads\\\/2025\\\/06\\\/Webdo-Tunisie_168377.jpg\",\"contentUrl\":\"https:\\\/\\\/www.webdo.tn\\\/fr\\\/wp-content\\\/uploads\\\/2025\\\/06\\\/Webdo-Tunisie_168377.jpg\",\"width\":301,\"height\":301,\"caption\":\"Webdo\"},\"image\":{\"@id\":\"https:\\\/\\\/www.webdo.tn\\\/fr\\\/#\\\/schema\\\/logo\\\/image\\\/\"},\"sameAs\":[\"https:\\\/\\\/www.facebook.com\\\/webdotn\",\"https:\\\/\\\/x.com\\\/webdo_tn\"],\"description\":\"Webdo est un m\u00e9dia num\u00e9rique tunisien fond\u00e9 en 2010, sp\u00e9cialis\u00e9 dans l\u2019actualit\u00e9 nationale et internationale, l\u2019\u00e9conomie, la soci\u00e9t\u00e9 et les analyses politiques. Le site s\u2019adresse \u00e0 un large public francophone et couvre l\u2019information tunisienne en temps r\u00e9el.\",\"email\":\"redac@webdo.tn\",\"legalName\":\"YNJ SARL\",\"foundingDate\":\"2010-09-06\",\"numberOfEmployees\":{\"@type\":\"QuantitativeValue\",\"minValue\":\"11\",\"maxValue\":\"50\"}},{\"@type\":\"Person\",\"@id\":\"https:\\\/\\\/www.webdo.tn\\\/fr\\\/#\\\/schema\\\/person\\\/f35b42a42c5e2511bbd282959d6385cc\",\"name\":\"CL\",\"image\":{\"@type\":\"ImageObject\",\"inLanguage\":\"fr-FR\",\"@id\":\"https:\\\/\\\/secure.gravatar.com\\\/avatar\\\/1447a49909b67aa657c488aec6512e1dd6143a480c1ecfee9b5b5cd74eb3b59e?s=96&d=mm&r=g\",\"url\":\"https:\\\/\\\/secure.gravatar.com\\\/avatar\\\/1447a49909b67aa657c488aec6512e1dd6143a480c1ecfee9b5b5cd74eb3b59e?s=96&d=mm&r=g\",\"contentUrl\":\"https:\\\/\\\/secure.gravatar.com\\\/avatar\\\/1447a49909b67aa657c488aec6512e1dd6143a480c1ecfee9b5b5cd74eb3b59e?s=96&d=mm&r=g\",\"caption\":\"CL\"},\"url\":\"https:\\\/\\\/www.webdo.tn\\\/fr\\\/actualite\\\/author\\\/cl\\\/\"}]}<\/script>\n<!-- \/ Yoast SEO Premium plugin. -->","yoast_head_json":{"title":"Tunisie : Un h\u00f4pital de campagne pour recevoir les bless\u00e9s palestiniens","description":"Selon un communiqu\u00e9 du minist\u00e8re Ali Mrabet a soulign\u00e9 l'imp\u00e9ratif de prendre les mesures n\u00e9cessaires permettant une prise en charge des bless\u00e9s dans les meille...","canonical":"https:\/\/www.webdo.tn\/fr\/actualite\/national\/tunisie-un-hopital-de-campagne-pour-recevoir-les-blesses-palestiniens\/209812\/","og_locale":"fr_FR","og_type":"article","og_title":"Tunisie : Un h\u00f4pital de campagne pour recevoir les bless\u00e9s palestiniens","og_description":"Selon un communiqu\u00e9 du minist\u00e8re Ali Mrabet a soulign\u00e9 l'imp\u00e9ratif de prendre les mesures n\u00e9cessaires permettant une prise en charge des bless\u00e9s dans les meille...","og_url":"https:\/\/www.webdo.tn\/fr\/actualite\/national\/tunisie-un-hopital-de-campagne-pour-recevoir-les-blesses-palestiniens\/209812\/","og_site_name":"webdo","article_publisher":"https:\/\/www.facebook.com\/webdotn","article_published_time":"2023-11-01T13:24:00+00:00","article_modified_time":"2025-05-20T22:39:51+00:00","og_image":[{"width":750,"height":400,"url":"https:\/\/www.webdo.tn\/fr\/wp-content\/uploads\/2023\/11\/5c18294709226d80ac2af56dc26dac3e.jpg","type":"image\/jpeg"}],"author":"CL","twitter_card":"summary_large_image","twitter_creator":"@webdo_tn","twitter_site":"@webdo_tn","twitter_misc":{"\u00c9crit par":"CL","Dur\u00e9e de lecture estim\u00e9e":"1 minute"},"schema":{"@context":"https:\/\/schema.org","@graph":[{"@type":"NewsArticle","@id":"https:\/\/www.webdo.tn\/fr\/actualite\/national\/tunisie-un-hopital-de-campagne-pour-recevoir-les-blesses-palestiniens\/209812\/#article","isPartOf":{"@id":"https:\/\/www.webdo.tn\/fr\/actualite\/national\/tunisie-un-hopital-de-campagne-pour-recevoir-les-blesses-palestiniens\/209812\/"},"author":{"name":"CL","@id":"https:\/\/www.webdo.tn\/fr\/#\/schema\/person\/f35b42a42c5e2511bbd282959d6385cc"},"headline":"Tunisie : Un h\u00f4pital de campagne pour recevoir les bless\u00e9s palestiniens","datePublished":"2023-11-01T13:24:00+00:00","dateModified":"2025-05-20T22:39:51+00:00","mainEntityOfPage":{"@id":"https:\/\/www.webdo.tn\/fr\/actualite\/national\/tunisie-un-hopital-de-campagne-pour-recevoir-les-blesses-palestiniens\/209812\/"},"wordCount":119,"commentCount":0,"publisher":{"@id":"https:\/\/www.webdo.tn\/fr\/#organization"},"image":{"@id":"https:\/\/www.webdo.tn\/fr\/actualite\/national\/tunisie-un-hopital-de-campagne-pour-recevoir-les-blesses-palestiniens\/209812\/#primaryimage"},"thumbnailUrl":"https:\/\/www.webdo.tn\/fr\/wp-content\/uploads\/2023\/11\/5c18294709226d80ac2af56dc26dac3e.jpg","keywords":["H\u00f4pital","Palestine","Tunisie"],"articleSection":["National"],"inLanguage":"fr-FR"},{"@type":"WebPage","@id":"https:\/\/www.webdo.tn\/fr\/actualite\/national\/tunisie-un-hopital-de-campagne-pour-recevoir-les-blesses-palestiniens\/209812\/","url":"https:\/\/www.webdo.tn\/fr\/actualite\/national\/tunisie-un-hopital-de-campagne-pour-recevoir-les-blesses-palestiniens\/209812\/","name":"Tunisie : Un h\u00f4pital de campagne pour recevoir les bless\u00e9s palestiniens","isPartOf":{"@id":"https:\/\/www.webdo.tn\/fr\/#website"},"primaryImageOfPage":{"@id":"https:\/\/www.webdo.tn\/fr\/actualite\/national\/tunisie-un-hopital-de-campagne-pour-recevoir-les-blesses-palestiniens\/209812\/#primaryimage"},"image":{"@id":"https:\/\/www.webdo.tn\/fr\/actualite\/national\/tunisie-un-hopital-de-campagne-pour-recevoir-les-blesses-palestiniens\/209812\/#primaryimage"},"thumbnailUrl":"https:\/\/www.webdo.tn\/fr\/wp-content\/uploads\/2023\/11\/5c18294709226d80ac2af56dc26dac3e.jpg","datePublished":"2023-11-01T13:24:00+00:00","dateModified":"2025-05-20T22:39:51+00:00","description":"Selon un communiqu\u00e9 du minist\u00e8re Ali Mrabet a soulign\u00e9 l'imp\u00e9ratif de prendre les mesures n\u00e9cessaires permettant une prise en charge des bless\u00e9s dans les meille...","breadcrumb":{"@id":"https:\/\/www.webdo.tn\/fr\/actualite\/national\/tunisie-un-hopital-de-campagne-pour-recevoir-les-blesses-palestiniens\/209812\/#breadcrumb"},"inLanguage":"fr-FR","potentialAction":[{"@type":"ReadAction","target":["https:\/\/www.webdo.tn\/fr\/actualite\/national\/tunisie-un-hopital-de-campagne-pour-recevoir-les-blesses-palestiniens\/209812\/"]}]},{"@type":"ImageObject","inLanguage":"fr-FR","@id":"https:\/\/www.webdo.tn\/fr\/actualite\/national\/tunisie-un-hopital-de-campagne-pour-recevoir-les-blesses-palestiniens\/209812\/#primaryimage","url":"https:\/\/www.webdo.tn\/fr\/wp-content\/uploads\/2023\/11\/5c18294709226d80ac2af56dc26dac3e.jpg","contentUrl":"https:\/\/www.webdo.tn\/fr\/wp-content\/uploads\/2023\/11\/5c18294709226d80ac2af56dc26dac3e.jpg","width":750,"height":400,"caption":"Tunisie : Un h\u00f4pital de campagne pour recevoir les bless\u00e9s palestiniens"},{"@type":"BreadcrumbList","@id":"https:\/\/www.webdo.tn\/fr\/actualite\/national\/tunisie-un-hopital-de-campagne-pour-recevoir-les-blesses-palestiniens\/209812\/#breadcrumb","itemListElement":[{"@type":"ListItem","position":1,"name":"Accueil","item":"https:\/\/www.webdo.tn\/fr\/"},{"@type":"ListItem","position":2,"name":"Tunisie : Un h\u00f4pital de campagne pour recevoir les bless\u00e9s palestiniens"}]},{"@type":"WebSite","@id":"https:\/\/www.webdo.tn\/fr\/#website","url":"https:\/\/www.webdo.tn\/fr\/","name":"webdo","description":"Tunisie - News en Tunisie et \u00e0 l&#039;international sur Webdo.tn","publisher":{"@id":"https:\/\/www.webdo.tn\/fr\/#organization"},"potentialAction":[{"@type":"SearchAction","target":{"@type":"EntryPoint","urlTemplate":"https:\/\/www.webdo.tn\/fr\/?s={search_term_string}"},"query-input":{"@type":"PropertyValueSpecification","valueRequired":true,"valueName":"search_term_string"}}],"inLanguage":"fr-FR"},{"@type":"Organization","@id":"https:\/\/www.webdo.tn\/fr\/#organization","name":"Webdo","alternateName":"Webdo.tn","url":"https:\/\/www.webdo.tn\/fr\/","logo":{"@type":"ImageObject","inLanguage":"fr-FR","@id":"https:\/\/www.webdo.tn\/fr\/#\/schema\/logo\/image\/","url":"https:\/\/www.webdo.tn\/fr\/wp-content\/uploads\/2025\/06\/Webdo-Tunisie_168377.jpg","contentUrl":"https:\/\/www.webdo.tn\/fr\/wp-content\/uploads\/2025\/06\/Webdo-Tunisie_168377.jpg","width":301,"height":301,"caption":"Webdo"},"image":{"@id":"https:\/\/www.webdo.tn\/fr\/#\/schema\/logo\/image\/"},"sameAs":["https:\/\/www.facebook.com\/webdotn","https:\/\/x.com\/webdo_tn"],"description":"Webdo est un m\u00e9dia num\u00e9rique tunisien fond\u00e9 en 2010, sp\u00e9cialis\u00e9 dans l\u2019actualit\u00e9 nationale et internationale, l\u2019\u00e9conomie, la soci\u00e9t\u00e9 et les analyses politiques. Le site s\u2019adresse \u00e0 un large public francophone et couvre l\u2019information tunisienne en temps r\u00e9el.","email":"redac@webdo.tn","legalName":"YNJ SARL","foundingDate":"2010-09-06","numberOfEmployees":{"@type":"QuantitativeValue","minValue":"11","maxValue":"50"}},{"@type":"Person","@id":"https:\/\/www.webdo.tn\/fr\/#\/schema\/person\/f35b42a42c5e2511bbd282959d6385cc","name":"CL","image":{"@type":"ImageObject","inLanguage":"fr-FR","@id":"https:\/\/secure.gravatar.com\/avatar\/1447a49909b67aa657c488aec6512e1dd6143a480c1ecfee9b5b5cd74eb3b59e?s=96&d=mm&r=g","url":"https:\/\/secure.gravatar.com\/avatar\/1447a49909b67aa657c488aec6512e1dd6143a480c1ecfee9b5b5cd74eb3b59e?s=96&d=mm&r=g","contentUrl":"https:\/\/secure.gravatar.com\/avatar\/1447a49909b67aa657c488aec6512e1dd6143a480c1ecfee9b5b5cd74eb3b59e?s=96&d=mm&r=g","caption":"CL"},"url":"https:\/\/www.webdo.tn\/fr\/actualite\/author\/cl\/"}]}},"_links":{"self":[{"href":"https:\/\/www.webdo.tn\/fr\/wp-json\/wp\/v2\/posts\/209812","targetHints":{"allow":["GET"]}}],"collection":[{"href":"https:\/\/www.webdo.tn\/fr\/wp-json\/wp\/v2\/posts"}],"about":[{"href":"https:\/\/www.webdo.tn\/fr\/wp-json\/wp\/v2\/types\/post"}],"author":[{"embeddable":true,"href":"https:\/\/www.webdo.tn\/fr\/wp-json\/wp\/v2\/users\/3175"}],"replies":[{"embeddable":true,"href":"https:\/\/www.webdo.tn\/fr\/wp-json\/wp\/v2\/comments?post=209812"}],"version-history":[{"count":0,"href":"https:\/\/www.webdo.tn\/fr\/wp-json\/wp\/v2\/posts\/209812\/revisions"}],"wp:featuredmedia":[{"embeddable":true,"href":"https:\/\/www.webdo.tn\/fr\/wp-json\/wp\/v2\/media\/248890"}],"wp:attachment":[{"href":"https:\/\/www.webdo.tn\/fr\/wp-json\/wp\/v2\/media?parent=209812"}],"wp:term":[{"taxonomy":"category","embeddable":true,"href":"https:\/\/www.webdo.tn\/fr\/wp-json\/wp\/v2\/categories?post=209812"},{"taxonomy":"post_tag","embeddable":true,"href":"https:\/\/www.webdo.tn\/fr\/wp-json\/wp\/v2\/tags?post=209812"}],"curies":[{"name":"wp","href":"https:\/\/api.w.org\/{rel}","templated":true}]}}