{"id":209811,"date":"2023-11-01T13:03:00","date_gmt":"2023-11-01T13:03:00","guid":{"rendered":"https:\/\/www.webdo.tn\/fr\/blog\/au-quebec-une-attachee-politique-viree-pour-sa-position-pro-palestinienne\/209811\/"},"modified":"2023-11-01T13:03:00","modified_gmt":"2023-11-01T13:03:00","slug":"au-quebec-une-attachee-politique-viree-pour-sa-position-pro-palestinienne","status":"publish","type":"post","link":"https:\/\/www.webdo.tn\/fr\/actualite\/international\/au-quebec-une-attachee-politique-viree-pour-sa-position-pro-palestinienne\/209811\/","title":{"rendered":"Au Qu\u00e9bec, une attach\u00e9e politique, vir\u00e9e pour sa position pro-palestinienne !"},"content":{"rendered":"<p>Pour avoir \u00ab aim\u00e9 \u00bb deux publications pro-Palestine sur les r\u00e9seaux sociaux, l\u2019employ\u00e9e, dont Radio-Canada a pr\u00e9f\u00e9r\u00e9 garder l\u2019anonymat, a vu son contrat au bureau de la d\u00e9put\u00e9e Brigitte Garceau, du Parti lib\u00e9ral du Qu\u00e9bec (PLQ), \u00e0 Montr\u00e9al, prendre fin le 12 octobre dernier.<\/p>\n<p>\t\t\t\t\t\t\t\t\tL\u2019employ\u00e9e de 26 ans a racont\u00e9 \u00e0 Radio-Canada que lors de l\u2019attaque du Hamas contre Isra\u00ebl, le 7 octobre dernier, elle a aim\u00e9 une publication sur Instagram qui mentionnait un rassemblement de solidarit\u00e9 avec le peuple palestinien \u00e0 Montr\u00e9al.<\/p>\n<p>Le soir m\u00eame, vers 23 heures, sa patronne lui a envoy\u00e9 un texto accompagn\u00e9 d\u2019une capture d\u2019\u00e9cran. \u00ab\u00a0J\u2019ai des gens qui m\u2019envoient ce post. Si c\u2019est toi, il faut que tu m\u2019appelles imm\u00e9diatement\u00a0\u00bb, lui \u00e9crit Brigitte Garceau.<\/p>\n<p>Le 10 octobre, la d\u00e9put\u00e9e aurait eu une conversation en personne avec l\u2019employ\u00e9e. \u00ab\u00a0Elle m\u2019a r\u00e9it\u00e9r\u00e9 la position du parti par rapport \u00e0 la situation en Isra\u00ebl. Je lui ai dit c\u2019\u00e9tait quoi ma position et je lui ai affirm\u00e9 que \u00e7a n\u2019avait jamais entrav\u00e9 mes t\u00e2ches au bureau et que mon activit\u00e9 en ligne sur un compte priv\u00e9 personnel ne devrait pas vraiment \u00eatre l\u2019objet d\u2019une surveillance\u00a0\u00bb.<\/p>\n<p>Le 11 octobre, l\u2019employ\u00e9e a de nouveau aim\u00e9, sur son compte personnel, une publication d\u2019un groupe d\u2019\u00e9tudiants de l\u2019Universit\u00e9 McGill. Le texte d\u00e9crit le peuple palestinien comme une population assi\u00e9g\u00e9e, victime d\u2019une occupation, [qui] n\u2019a pas d\u2019autre option que de r\u00e9sister.<\/p>\n<p>La publication tient Isra\u00ebl enti\u00e8rement responsable de l\u2019escalade de violence, qui trouve son origine dans le nettoyage ethnique et l&rsquo;occupation ill\u00e9gale de la Palestine, et qualifie la bande de Gaza de plus grande prison \u00e0 ciel ouvert au monde.<\/p>\n<p>Le lendemain tout a bascul\u00e9. La d\u00e9put\u00e9e lui dit qu\u2019elle pensait que le message avait \u00e9t\u00e9 re\u00e7u et qu\u2019il n\u2019y aurait plus d\u2019incident, raconte l\u2019employ\u00e9e. Selon l\u2019employ\u00e9e, la d\u00e9put\u00e9e lui a dit \u00ab\u00a0qu\u2019elle \u00e9tait libre d\u2019aimer des posts, mais pas des choses comme \u00e7a, en \u00e9tant son attach\u00e9e politique et que \u00e7a contrevient \u00e0 la position du bureau et du parti\u00a0\u00bb.<\/p>\n<p>L\u2019employ\u00e9e a \u00e9t\u00e9 renvoy\u00e9e et n\u2019exclut pas des d\u00e9marches judiciaires.<\/p>\n","protected":false},"excerpt":{"rendered":"<p>Une attach\u00e9e politique a vu son contrat au bureau de la d\u00e9put\u00e9e Brigitte Garceau, du Parti lib\u00e9ral du Qu\u00e9bec (PLQ), prendre fin \u00e0 cause de deux publications pro&#8230;<\/p>\n","protected":false},"author":3203,"featured_media":248893,"comment_status":"open","ping_status":"closed","sticky":false,"template":"","format":"standard","meta":{"footnotes":""},"categories":[2598],"tags":[4598,7632,2688,7633],"class_list":["post-209811","post","type-post","status-publish","format-standard","has-post-thumbnail","hentry","category-international","tag-canada","tag-deputee","tag-palestine","tag-quebec"],"yoast_head":"<!-- This site is optimized with the Yoast SEO Premium plugin v27.5 (Yoast SEO v27.5) - https:\/\/yoast.com\/product\/yoast-seo-premium-wordpress\/ -->\n<title>Au Qu\u00e9bec, une attach\u00e9e politique, vir\u00e9e pour sa position pro-palestinienne !<\/title>\n<meta name=\"description\" content=\"Une attach\u00e9e politique a vu son contrat au bureau de la d\u00e9put\u00e9e Brigitte Garceau, du Parti lib\u00e9ral du Qu\u00e9bec (PLQ), prendre fin \u00e0 cause de deux publications pro...\" \/>\n<link rel=\"canonical\" href=\"https:\/\/www.webdo.tn\/fr\/actualite\/international\/au-quebec-une-attachee-politique-viree-pour-sa-position-pro-palestinienne\/209811\/\" \/>\n<meta property=\"og:locale\" content=\"fr_FR\" \/>\n<meta property=\"og:type\" content=\"article\" \/>\n<meta property=\"og:title\" content=\"Au Qu\u00e9bec, une attach\u00e9e politique, vir\u00e9e pour sa position pro-palestinienne !\" \/>\n<meta property=\"og:description\" content=\"Une attach\u00e9e politique a vu son contrat au bureau de la d\u00e9put\u00e9e Brigitte Garceau, du Parti lib\u00e9ral du Qu\u00e9bec (PLQ), prendre fin \u00e0 cause de deux publications pro...\" \/>\n<meta property=\"og:url\" content=\"https:\/\/www.webdo.tn\/fr\/actualite\/international\/au-quebec-une-attachee-politique-viree-pour-sa-position-pro-palestinienne\/209811\/\" \/>\n<meta property=\"og:site_name\" content=\"webdo\" \/>\n<meta property=\"article:publisher\" content=\"https:\/\/www.facebook.com\/webdotn\" \/>\n<meta property=\"article:published_time\" content=\"2023-11-01T13:03:00+00:00\" \/>\n<meta property=\"og:image\" content=\"https:\/\/www.webdo.tn\/fr\/wp-content\/uploads\/2023\/11\/f59970037b7891b2eaf8619dd99f543e.png\" \/>\n\t<meta property=\"og:image:width\" content=\"750\" \/>\n\t<meta property=\"og:image:height\" content=\"400\" \/>\n\t<meta property=\"og:image:type\" content=\"image\/png\" \/>\n<meta name=\"author\" content=\"Ramzi Haddad\" \/>\n<meta name=\"twitter:card\" content=\"summary_large_image\" \/>\n<meta name=\"twitter:creator\" content=\"@webdo_tn\" \/>\n<meta name=\"twitter:site\" content=\"@webdo_tn\" \/>\n<meta name=\"twitter:label1\" content=\"\u00c9crit par\" \/>\n\t<meta name=\"twitter:data1\" content=\"Ramzi Haddad\" \/>\n\t<meta name=\"twitter:label2\" content=\"Dur\u00e9e de lecture estim\u00e9e\" \/>\n\t<meta name=\"twitter:data2\" content=\"2 minutes\" \/>\n<script type=\"application\/ld+json\" class=\"yoast-schema-graph\">{\"@context\":\"https:\\\/\\\/schema.org\",\"@graph\":[{\"@type\":\"NewsArticle\",\"@id\":\"https:\\\/\\\/www.webdo.tn\\\/fr\\\/actualite\\\/international\\\/au-quebec-une-attachee-politique-viree-pour-sa-position-pro-palestinienne\\\/209811\\\/#article\",\"isPartOf\":{\"@id\":\"https:\\\/\\\/www.webdo.tn\\\/fr\\\/actualite\\\/international\\\/au-quebec-une-attachee-politique-viree-pour-sa-position-pro-palestinienne\\\/209811\\\/\"},\"author\":{\"name\":\"Ramzi Haddad\",\"@id\":\"https:\\\/\\\/www.webdo.tn\\\/fr\\\/#\\\/schema\\\/person\\\/5663044c25eb36d8f88ba5b653f12f8c\"},\"headline\":\"Au Qu\u00e9bec, une attach\u00e9e politique, vir\u00e9e pour sa position pro-palestinienne !\",\"datePublished\":\"2023-11-01T13:03:00+00:00\",\"mainEntityOfPage\":{\"@id\":\"https:\\\/\\\/www.webdo.tn\\\/fr\\\/actualite\\\/international\\\/au-quebec-une-attachee-politique-viree-pour-sa-position-pro-palestinienne\\\/209811\\\/\"},\"wordCount\":413,\"commentCount\":0,\"publisher\":{\"@id\":\"https:\\\/\\\/www.webdo.tn\\\/fr\\\/#organization\"},\"image\":{\"@id\":\"https:\\\/\\\/www.webdo.tn\\\/fr\\\/actualite\\\/international\\\/au-quebec-une-attachee-politique-viree-pour-sa-position-pro-palestinienne\\\/209811\\\/#primaryimage\"},\"thumbnailUrl\":\"https:\\\/\\\/www.webdo.tn\\\/fr\\\/wp-content\\\/uploads\\\/2023\\\/11\\\/f59970037b7891b2eaf8619dd99f543e.png\",\"keywords\":[\"canada\",\"D\u00e9put\u00e9e\",\"Palestine\",\"qu\u00e9bec\"],\"articleSection\":[\"International\"],\"inLanguage\":\"fr-FR\"},{\"@type\":\"WebPage\",\"@id\":\"https:\\\/\\\/www.webdo.tn\\\/fr\\\/actualite\\\/international\\\/au-quebec-une-attachee-politique-viree-pour-sa-position-pro-palestinienne\\\/209811\\\/\",\"url\":\"https:\\\/\\\/www.webdo.tn\\\/fr\\\/actualite\\\/international\\\/au-quebec-une-attachee-politique-viree-pour-sa-position-pro-palestinienne\\\/209811\\\/\",\"name\":\"Au Qu\u00e9bec, une attach\u00e9e politique, vir\u00e9e pour sa position pro-palestinienne !\",\"isPartOf\":{\"@id\":\"https:\\\/\\\/www.webdo.tn\\\/fr\\\/#website\"},\"primaryImageOfPage\":{\"@id\":\"https:\\\/\\\/www.webdo.tn\\\/fr\\\/actualite\\\/international\\\/au-quebec-une-attachee-politique-viree-pour-sa-position-pro-palestinienne\\\/209811\\\/#primaryimage\"},\"image\":{\"@id\":\"https:\\\/\\\/www.webdo.tn\\\/fr\\\/actualite\\\/international\\\/au-quebec-une-attachee-politique-viree-pour-sa-position-pro-palestinienne\\\/209811\\\/#primaryimage\"},\"thumbnailUrl\":\"https:\\\/\\\/www.webdo.tn\\\/fr\\\/wp-content\\\/uploads\\\/2023\\\/11\\\/f59970037b7891b2eaf8619dd99f543e.png\",\"datePublished\":\"2023-11-01T13:03:00+00:00\",\"description\":\"Une attach\u00e9e politique a vu son contrat au bureau de la d\u00e9put\u00e9e Brigitte Garceau, du Parti lib\u00e9ral du Qu\u00e9bec (PLQ), prendre fin \u00e0 cause de deux publications pro...\",\"breadcrumb\":{\"@id\":\"https:\\\/\\\/www.webdo.tn\\\/fr\\\/actualite\\\/international\\\/au-quebec-une-attachee-politique-viree-pour-sa-position-pro-palestinienne\\\/209811\\\/#breadcrumb\"},\"inLanguage\":\"fr-FR\",\"potentialAction\":[{\"@type\":\"ReadAction\",\"target\":[\"https:\\\/\\\/www.webdo.tn\\\/fr\\\/actualite\\\/international\\\/au-quebec-une-attachee-politique-viree-pour-sa-position-pro-palestinienne\\\/209811\\\/\"]}]},{\"@type\":\"ImageObject\",\"inLanguage\":\"fr-FR\",\"@id\":\"https:\\\/\\\/www.webdo.tn\\\/fr\\\/actualite\\\/international\\\/au-quebec-une-attachee-politique-viree-pour-sa-position-pro-palestinienne\\\/209811\\\/#primaryimage\",\"url\":\"https:\\\/\\\/www.webdo.tn\\\/fr\\\/wp-content\\\/uploads\\\/2023\\\/11\\\/f59970037b7891b2eaf8619dd99f543e.png\",\"contentUrl\":\"https:\\\/\\\/www.webdo.tn\\\/fr\\\/wp-content\\\/uploads\\\/2023\\\/11\\\/f59970037b7891b2eaf8619dd99f543e.png\",\"width\":750,\"height\":400,\"caption\":\"Brigitte Garceau\"},{\"@type\":\"BreadcrumbList\",\"@id\":\"https:\\\/\\\/www.webdo.tn\\\/fr\\\/actualite\\\/international\\\/au-quebec-une-attachee-politique-viree-pour-sa-position-pro-palestinienne\\\/209811\\\/#breadcrumb\",\"itemListElement\":[{\"@type\":\"ListItem\",\"position\":1,\"name\":\"Accueil\",\"item\":\"https:\\\/\\\/www.webdo.tn\\\/fr\\\/\"},{\"@type\":\"ListItem\",\"position\":2,\"name\":\"Au Qu\u00e9bec, une attach\u00e9e politique, vir\u00e9e pour sa position pro-palestinienne !\"}]},{\"@type\":\"WebSite\",\"@id\":\"https:\\\/\\\/www.webdo.tn\\\/fr\\\/#website\",\"url\":\"https:\\\/\\\/www.webdo.tn\\\/fr\\\/\",\"name\":\"webdo\",\"description\":\"Tunisie - News en Tunisie et \u00e0 l&#039;international sur Webdo.tn\",\"publisher\":{\"@id\":\"https:\\\/\\\/www.webdo.tn\\\/fr\\\/#organization\"},\"potentialAction\":[{\"@type\":\"SearchAction\",\"target\":{\"@type\":\"EntryPoint\",\"urlTemplate\":\"https:\\\/\\\/www.webdo.tn\\\/fr\\\/?s={search_term_string}\"},\"query-input\":{\"@type\":\"PropertyValueSpecification\",\"valueRequired\":true,\"valueName\":\"search_term_string\"}}],\"inLanguage\":\"fr-FR\"},{\"@type\":\"Organization\",\"@id\":\"https:\\\/\\\/www.webdo.tn\\\/fr\\\/#organization\",\"name\":\"Webdo\",\"alternateName\":\"Webdo.tn\",\"url\":\"https:\\\/\\\/www.webdo.tn\\\/fr\\\/\",\"logo\":{\"@type\":\"ImageObject\",\"inLanguage\":\"fr-FR\",\"@id\":\"https:\\\/\\\/www.webdo.tn\\\/fr\\\/#\\\/schema\\\/logo\\\/image\\\/\",\"url\":\"https:\\\/\\\/www.webdo.tn\\\/fr\\\/wp-content\\\/uploads\\\/2025\\\/06\\\/Webdo-Tunisie_168377.jpg\",\"contentUrl\":\"https:\\\/\\\/www.webdo.tn\\\/fr\\\/wp-content\\\/uploads\\\/2025\\\/06\\\/Webdo-Tunisie_168377.jpg\",\"width\":301,\"height\":301,\"caption\":\"Webdo\"},\"image\":{\"@id\":\"https:\\\/\\\/www.webdo.tn\\\/fr\\\/#\\\/schema\\\/logo\\\/image\\\/\"},\"sameAs\":[\"https:\\\/\\\/www.facebook.com\\\/webdotn\",\"https:\\\/\\\/x.com\\\/webdo_tn\"],\"description\":\"Webdo est un m\u00e9dia num\u00e9rique tunisien fond\u00e9 en 2010, sp\u00e9cialis\u00e9 dans l\u2019actualit\u00e9 nationale et internationale, l\u2019\u00e9conomie, la soci\u00e9t\u00e9 et les analyses politiques. Le site s\u2019adresse \u00e0 un large public francophone et couvre l\u2019information tunisienne en temps r\u00e9el.\",\"email\":\"redac@webdo.tn\",\"legalName\":\"YNJ SARL\",\"foundingDate\":\"2010-09-06\",\"numberOfEmployees\":{\"@type\":\"QuantitativeValue\",\"minValue\":\"11\",\"maxValue\":\"50\"}},{\"@type\":\"Person\",\"@id\":\"https:\\\/\\\/www.webdo.tn\\\/fr\\\/#\\\/schema\\\/person\\\/5663044c25eb36d8f88ba5b653f12f8c\",\"name\":\"Ramzi Haddad\",\"image\":{\"@type\":\"ImageObject\",\"inLanguage\":\"fr-FR\",\"@id\":\"https:\\\/\\\/www.webdo.tn\\\/fr\\\/wp-content\\\/uploads\\\/2026\\\/04\\\/ramzi-haddad_avatar-96x96.jpg\",\"url\":\"https:\\\/\\\/www.webdo.tn\\\/fr\\\/wp-content\\\/uploads\\\/2026\\\/04\\\/ramzi-haddad_avatar-96x96.jpg\",\"contentUrl\":\"https:\\\/\\\/www.webdo.tn\\\/fr\\\/wp-content\\\/uploads\\\/2026\\\/04\\\/ramzi-haddad_avatar-96x96.jpg\",\"caption\":\"Ramzi Haddad\"},\"description\":\"Signature \u00e9ditoriale de Walid Ben Youssef Ramzi Haddad est le pseudonyme \u00e9ditorial de Walid Ben Youssef, fondateur et g\u00e9rant de Webdo.tn. Cette signature est d\u00e9di\u00e9e \u00e0 la couverture de l'actualit\u00e9 nationale et internationale, ainsi qu'aux analyses des dynamiques num\u00e9riques. Ce profil b\u00e9n\u00e9ficie de l'expertise de Walid Ben Youssef, pionnier du web en Tunisie depuis 2000 et dipl\u00f4m\u00e9 en Math\u00e9matiques pures de l'Universit\u00e9 d'Oregon. \u00c0 travers cette signature, la r\u00e9daction de Webdo garantit une information structur\u00e9e et v\u00e9rifi\u00e9e, fid\u00e8le aux standards journalistiques du m\u00e9dia.\",\"url\":\"https:\\\/\\\/www.webdo.tn\\\/fr\\\/actualite\\\/author\\\/ramzi-haddad\\\/\"}]}<\/script>\n<!-- \/ Yoast SEO Premium plugin. -->","yoast_head_json":{"title":"Au Qu\u00e9bec, une attach\u00e9e politique, vir\u00e9e pour sa position pro-palestinienne !","description":"Une attach\u00e9e politique a vu son contrat au bureau de la d\u00e9put\u00e9e Brigitte Garceau, du Parti lib\u00e9ral du Qu\u00e9bec (PLQ), prendre fin \u00e0 cause de deux publications pro...","canonical":"https:\/\/www.webdo.tn\/fr\/actualite\/international\/au-quebec-une-attachee-politique-viree-pour-sa-position-pro-palestinienne\/209811\/","og_locale":"fr_FR","og_type":"article","og_title":"Au Qu\u00e9bec, une attach\u00e9e politique, vir\u00e9e pour sa position pro-palestinienne !","og_description":"Une attach\u00e9e politique a vu son contrat au bureau de la d\u00e9put\u00e9e Brigitte Garceau, du Parti lib\u00e9ral du Qu\u00e9bec (PLQ), prendre fin \u00e0 cause de deux publications pro...","og_url":"https:\/\/www.webdo.tn\/fr\/actualite\/international\/au-quebec-une-attachee-politique-viree-pour-sa-position-pro-palestinienne\/209811\/","og_site_name":"webdo","article_publisher":"https:\/\/www.facebook.com\/webdotn","article_published_time":"2023-11-01T13:03:00+00:00","og_image":[{"width":750,"height":400,"url":"https:\/\/www.webdo.tn\/fr\/wp-content\/uploads\/2023\/11\/f59970037b7891b2eaf8619dd99f543e.png","type":"image\/png"}],"author":"Ramzi Haddad","twitter_card":"summary_large_image","twitter_creator":"@webdo_tn","twitter_site":"@webdo_tn","twitter_misc":{"\u00c9crit par":"Ramzi Haddad","Dur\u00e9e de lecture estim\u00e9e":"2 minutes"},"schema":{"@context":"https:\/\/schema.org","@graph":[{"@type":"NewsArticle","@id":"https:\/\/www.webdo.tn\/fr\/actualite\/international\/au-quebec-une-attachee-politique-viree-pour-sa-position-pro-palestinienne\/209811\/#article","isPartOf":{"@id":"https:\/\/www.webdo.tn\/fr\/actualite\/international\/au-quebec-une-attachee-politique-viree-pour-sa-position-pro-palestinienne\/209811\/"},"author":{"name":"Ramzi Haddad","@id":"https:\/\/www.webdo.tn\/fr\/#\/schema\/person\/5663044c25eb36d8f88ba5b653f12f8c"},"headline":"Au Qu\u00e9bec, une attach\u00e9e politique, vir\u00e9e pour sa position pro-palestinienne !","datePublished":"2023-11-01T13:03:00+00:00","mainEntityOfPage":{"@id":"https:\/\/www.webdo.tn\/fr\/actualite\/international\/au-quebec-une-attachee-politique-viree-pour-sa-position-pro-palestinienne\/209811\/"},"wordCount":413,"commentCount":0,"publisher":{"@id":"https:\/\/www.webdo.tn\/fr\/#organization"},"image":{"@id":"https:\/\/www.webdo.tn\/fr\/actualite\/international\/au-quebec-une-attachee-politique-viree-pour-sa-position-pro-palestinienne\/209811\/#primaryimage"},"thumbnailUrl":"https:\/\/www.webdo.tn\/fr\/wp-content\/uploads\/2023\/11\/f59970037b7891b2eaf8619dd99f543e.png","keywords":["canada","D\u00e9put\u00e9e","Palestine","qu\u00e9bec"],"articleSection":["International"],"inLanguage":"fr-FR"},{"@type":"WebPage","@id":"https:\/\/www.webdo.tn\/fr\/actualite\/international\/au-quebec-une-attachee-politique-viree-pour-sa-position-pro-palestinienne\/209811\/","url":"https:\/\/www.webdo.tn\/fr\/actualite\/international\/au-quebec-une-attachee-politique-viree-pour-sa-position-pro-palestinienne\/209811\/","name":"Au Qu\u00e9bec, une attach\u00e9e politique, vir\u00e9e pour sa position pro-palestinienne !","isPartOf":{"@id":"https:\/\/www.webdo.tn\/fr\/#website"},"primaryImageOfPage":{"@id":"https:\/\/www.webdo.tn\/fr\/actualite\/international\/au-quebec-une-attachee-politique-viree-pour-sa-position-pro-palestinienne\/209811\/#primaryimage"},"image":{"@id":"https:\/\/www.webdo.tn\/fr\/actualite\/international\/au-quebec-une-attachee-politique-viree-pour-sa-position-pro-palestinienne\/209811\/#primaryimage"},"thumbnailUrl":"https:\/\/www.webdo.tn\/fr\/wp-content\/uploads\/2023\/11\/f59970037b7891b2eaf8619dd99f543e.png","datePublished":"2023-11-01T13:03:00+00:00","description":"Une attach\u00e9e politique a vu son contrat au bureau de la d\u00e9put\u00e9e Brigitte Garceau, du Parti lib\u00e9ral du Qu\u00e9bec (PLQ), prendre fin \u00e0 cause de deux publications pro...","breadcrumb":{"@id":"https:\/\/www.webdo.tn\/fr\/actualite\/international\/au-quebec-une-attachee-politique-viree-pour-sa-position-pro-palestinienne\/209811\/#breadcrumb"},"inLanguage":"fr-FR","potentialAction":[{"@type":"ReadAction","target":["https:\/\/www.webdo.tn\/fr\/actualite\/international\/au-quebec-une-attachee-politique-viree-pour-sa-position-pro-palestinienne\/209811\/"]}]},{"@type":"ImageObject","inLanguage":"fr-FR","@id":"https:\/\/www.webdo.tn\/fr\/actualite\/international\/au-quebec-une-attachee-politique-viree-pour-sa-position-pro-palestinienne\/209811\/#primaryimage","url":"https:\/\/www.webdo.tn\/fr\/wp-content\/uploads\/2023\/11\/f59970037b7891b2eaf8619dd99f543e.png","contentUrl":"https:\/\/www.webdo.tn\/fr\/wp-content\/uploads\/2023\/11\/f59970037b7891b2eaf8619dd99f543e.png","width":750,"height":400,"caption":"Brigitte Garceau"},{"@type":"BreadcrumbList","@id":"https:\/\/www.webdo.tn\/fr\/actualite\/international\/au-quebec-une-attachee-politique-viree-pour-sa-position-pro-palestinienne\/209811\/#breadcrumb","itemListElement":[{"@type":"ListItem","position":1,"name":"Accueil","item":"https:\/\/www.webdo.tn\/fr\/"},{"@type":"ListItem","position":2,"name":"Au Qu\u00e9bec, une attach\u00e9e politique, vir\u00e9e pour sa position pro-palestinienne !"}]},{"@type":"WebSite","@id":"https:\/\/www.webdo.tn\/fr\/#website","url":"https:\/\/www.webdo.tn\/fr\/","name":"webdo","description":"Tunisie - News en Tunisie et \u00e0 l&#039;international sur Webdo.tn","publisher":{"@id":"https:\/\/www.webdo.tn\/fr\/#organization"},"potentialAction":[{"@type":"SearchAction","target":{"@type":"EntryPoint","urlTemplate":"https:\/\/www.webdo.tn\/fr\/?s={search_term_string}"},"query-input":{"@type":"PropertyValueSpecification","valueRequired":true,"valueName":"search_term_string"}}],"inLanguage":"fr-FR"},{"@type":"Organization","@id":"https:\/\/www.webdo.tn\/fr\/#organization","name":"Webdo","alternateName":"Webdo.tn","url":"https:\/\/www.webdo.tn\/fr\/","logo":{"@type":"ImageObject","inLanguage":"fr-FR","@id":"https:\/\/www.webdo.tn\/fr\/#\/schema\/logo\/image\/","url":"https:\/\/www.webdo.tn\/fr\/wp-content\/uploads\/2025\/06\/Webdo-Tunisie_168377.jpg","contentUrl":"https:\/\/www.webdo.tn\/fr\/wp-content\/uploads\/2025\/06\/Webdo-Tunisie_168377.jpg","width":301,"height":301,"caption":"Webdo"},"image":{"@id":"https:\/\/www.webdo.tn\/fr\/#\/schema\/logo\/image\/"},"sameAs":["https:\/\/www.facebook.com\/webdotn","https:\/\/x.com\/webdo_tn"],"description":"Webdo est un m\u00e9dia num\u00e9rique tunisien fond\u00e9 en 2010, sp\u00e9cialis\u00e9 dans l\u2019actualit\u00e9 nationale et internationale, l\u2019\u00e9conomie, la soci\u00e9t\u00e9 et les analyses politiques. Le site s\u2019adresse \u00e0 un large public francophone et couvre l\u2019information tunisienne en temps r\u00e9el.","email":"redac@webdo.tn","legalName":"YNJ SARL","foundingDate":"2010-09-06","numberOfEmployees":{"@type":"QuantitativeValue","minValue":"11","maxValue":"50"}},{"@type":"Person","@id":"https:\/\/www.webdo.tn\/fr\/#\/schema\/person\/5663044c25eb36d8f88ba5b653f12f8c","name":"Ramzi Haddad","image":{"@type":"ImageObject","inLanguage":"fr-FR","@id":"https:\/\/www.webdo.tn\/fr\/wp-content\/uploads\/2026\/04\/ramzi-haddad_avatar-96x96.jpg","url":"https:\/\/www.webdo.tn\/fr\/wp-content\/uploads\/2026\/04\/ramzi-haddad_avatar-96x96.jpg","contentUrl":"https:\/\/www.webdo.tn\/fr\/wp-content\/uploads\/2026\/04\/ramzi-haddad_avatar-96x96.jpg","caption":"Ramzi Haddad"},"description":"Signature \u00e9ditoriale de Walid Ben Youssef Ramzi Haddad est le pseudonyme \u00e9ditorial de Walid Ben Youssef, fondateur et g\u00e9rant de Webdo.tn. Cette signature est d\u00e9di\u00e9e \u00e0 la couverture de l'actualit\u00e9 nationale et internationale, ainsi qu'aux analyses des dynamiques num\u00e9riques. Ce profil b\u00e9n\u00e9ficie de l'expertise de Walid Ben Youssef, pionnier du web en Tunisie depuis 2000 et dipl\u00f4m\u00e9 en Math\u00e9matiques pures de l'Universit\u00e9 d'Oregon. \u00c0 travers cette signature, la r\u00e9daction de Webdo garantit une information structur\u00e9e et v\u00e9rifi\u00e9e, fid\u00e8le aux standards journalistiques du m\u00e9dia.","url":"https:\/\/www.webdo.tn\/fr\/actualite\/author\/ramzi-haddad\/"}]}},"_links":{"self":[{"href":"https:\/\/www.webdo.tn\/fr\/wp-json\/wp\/v2\/posts\/209811","targetHints":{"allow":["GET"]}}],"collection":[{"href":"https:\/\/www.webdo.tn\/fr\/wp-json\/wp\/v2\/posts"}],"about":[{"href":"https:\/\/www.webdo.tn\/fr\/wp-json\/wp\/v2\/types\/post"}],"author":[{"embeddable":true,"href":"https:\/\/www.webdo.tn\/fr\/wp-json\/wp\/v2\/users\/3203"}],"replies":[{"embeddable":true,"href":"https:\/\/www.webdo.tn\/fr\/wp-json\/wp\/v2\/comments?post=209811"}],"version-history":[{"count":0,"href":"https:\/\/www.webdo.tn\/fr\/wp-json\/wp\/v2\/posts\/209811\/revisions"}],"wp:featuredmedia":[{"embeddable":true,"href":"https:\/\/www.webdo.tn\/fr\/wp-json\/wp\/v2\/media\/248893"}],"wp:attachment":[{"href":"https:\/\/www.webdo.tn\/fr\/wp-json\/wp\/v2\/media?parent=209811"}],"wp:term":[{"taxonomy":"category","embeddable":true,"href":"https:\/\/www.webdo.tn\/fr\/wp-json\/wp\/v2\/categories?post=209811"},{"taxonomy":"post_tag","embeddable":true,"href":"https:\/\/www.webdo.tn\/fr\/wp-json\/wp\/v2\/tags?post=209811"}],"curies":[{"name":"wp","href":"https:\/\/api.w.org\/{rel}","templated":true}]}}