{"id":209808,"date":"2023-11-01T11:06:00","date_gmt":"2023-11-01T11:06:00","guid":{"rendered":"https:\/\/www.webdo.tn\/fr\/blog\/demandes-de-visas-pour-la-france-la-tunisie-au-6eme-rang-mondial\/209808\/"},"modified":"2025-05-17T21:15:07","modified_gmt":"2025-05-17T21:15:07","slug":"demandes-de-visas-pour-la-france-la-tunisie-au-6eme-rang-mondial","status":"publish","type":"post","link":"https:\/\/www.webdo.tn\/fr\/actualite\/national\/demandes-de-visas-pour-la-france-la-tunisie-au-6eme-rang-mondial\/209808\/","title":{"rendered":"Demandes de visas pour la France : la Tunisie au 6\u00e8me rang mondial !"},"content":{"rendered":"<p>En 2022, la Tunisie a enregistr\u00e9 le taux de rejet le moins \u00e9lev\u00e9 de demandes de visa pour la France parmi les pays du Maghreb arabe.<\/p>\n<p>\t\t\t\t\t\t\t\t\tLes donn\u00e9es publi\u00e9es le 25 octobre par le site Visa Schengen Info r\u00e9v\u00e8lent que durant la p\u00e9riode 2017-2022, l\u2019Alg\u00e9rie, le Maroc et la Tunisie ont d\u00e9pos\u00e9 4,11 millions demandes de visa Schengen pour la France.<\/p>\n<p>Notre voisin alg\u00e9rien se d\u00e9marque particuli\u00e8rement avec 2,04 millions de demandes d\u00e9pos\u00e9es, suivie du Maroc (1,38 million) et la Tunisie (680 mille).<\/p>\n<p>Au niveau mondial, les Chinois ont soumis le plus grand nombre de demandes de visa Schengen pour la France durant la p\u00e9riode 2017-2022 (2,3 millions) les pla\u00e7ant en t\u00eate devant les Alg\u00e9riens (2\u00e8mes), les Marocains (3\u00e8mes), les Russes (4\u00e8mes), les Indiens (5\u00e8mes) et les Tunisiens (6\u00e8mes).<\/p>\n<p>En 2022, les Tunisiens ont d\u00e9pos\u00e9 811 mille demandes de visa Schengen pour la France dont pr\u00e8s de 70% ont \u00e9t\u00e9 accept\u00e9es.<\/p>\n<p>La Tunisie a enregistr\u00e9 en 2022 le taux de rejet le moins \u00e9lev\u00e9 de visa (29,7%), derri\u00e8re le Maroc (30,3%) et l\u2019Alg\u00e9rie qui conna\u00eet un taux excessivement \u00e9lev\u00e9 (48,2%) en raison du froid marquant les relations entre Paris et Alger.<\/p>\n","protected":false},"excerpt":{"rendered":"<p>En 2022, les Tunisiens ont d\u00e9pos\u00e9 811 mille demandes de visa Schengen pour la France dont pr\u00e8s de 70% ont \u00e9t\u00e9 accept\u00e9es.<\/p>\n","protected":false},"author":3203,"featured_media":278945,"comment_status":"open","ping_status":"closed","sticky":false,"template":"","format":"standard","meta":{"footnotes":""},"categories":[44],"tags":[2998,4526,2608,3109],"class_list":["post-209808","post","type-post","status-publish","format-standard","has-post-thumbnail","hentry","category-national","tag-france","tag-schengen","tag-tunisie","tag-visa"],"yoast_head":"<!-- This site is optimized with the Yoast SEO Premium plugin v27.5 (Yoast SEO v27.5) - https:\/\/yoast.com\/product\/yoast-seo-premium-wordpress\/ -->\n<title>Demandes de visas pour la France : la Tunisie au 6\u00e8me rang mondial !<\/title>\n<meta name=\"description\" content=\"En 2022, les Tunisiens ont d\u00e9pos\u00e9 811 mille demandes de visa Schengen pour la France dont pr\u00e8s de 70% ont \u00e9t\u00e9 accept\u00e9es.\" \/>\n<link rel=\"canonical\" href=\"https:\/\/www.webdo.tn\/fr\/actualite\/national\/demandes-de-visas-pour-la-france-la-tunisie-au-6eme-rang-mondial\/209808\/\" \/>\n<meta property=\"og:locale\" content=\"fr_FR\" \/>\n<meta property=\"og:type\" content=\"article\" \/>\n<meta property=\"og:title\" content=\"Demandes de visas pour la France : la Tunisie au 6\u00e8me rang mondial !\" \/>\n<meta property=\"og:description\" content=\"En 2022, les Tunisiens ont d\u00e9pos\u00e9 811 mille demandes de visa Schengen pour la France dont pr\u00e8s de 70% ont \u00e9t\u00e9 accept\u00e9es.\" \/>\n<meta property=\"og:url\" content=\"https:\/\/www.webdo.tn\/fr\/actualite\/national\/demandes-de-visas-pour-la-france-la-tunisie-au-6eme-rang-mondial\/209808\/\" \/>\n<meta property=\"og:site_name\" content=\"webdo\" \/>\n<meta property=\"article:publisher\" content=\"https:\/\/www.facebook.com\/webdotn\" \/>\n<meta property=\"article:published_time\" content=\"2023-11-01T11:06:00+00:00\" \/>\n<meta property=\"article:modified_time\" content=\"2025-05-17T21:15:07+00:00\" \/>\n<meta property=\"og:image\" content=\"https:\/\/www.webdo.tn\/fr\/wp-content\/uploads\/2023\/11\/df11f5f938fd5b36beda40853e23c209.jpg\" \/>\n\t<meta property=\"og:image:width\" content=\"750\" \/>\n\t<meta property=\"og:image:height\" content=\"400\" \/>\n\t<meta property=\"og:image:type\" content=\"image\/jpeg\" \/>\n<meta name=\"author\" content=\"Ramzi Haddad\" \/>\n<meta name=\"twitter:card\" content=\"summary_large_image\" \/>\n<meta name=\"twitter:creator\" content=\"@webdo_tn\" \/>\n<meta name=\"twitter:site\" content=\"@webdo_tn\" \/>\n<meta name=\"twitter:label1\" content=\"\u00c9crit par\" \/>\n\t<meta name=\"twitter:data1\" content=\"Ramzi Haddad\" \/>\n\t<meta name=\"twitter:label2\" content=\"Dur\u00e9e de lecture estim\u00e9e\" \/>\n\t<meta name=\"twitter:data2\" content=\"1 minute\" \/>\n<script type=\"application\/ld+json\" class=\"yoast-schema-graph\">{\"@context\":\"https:\\\/\\\/schema.org\",\"@graph\":[{\"@type\":\"NewsArticle\",\"@id\":\"https:\\\/\\\/www.webdo.tn\\\/fr\\\/actualite\\\/national\\\/demandes-de-visas-pour-la-france-la-tunisie-au-6eme-rang-mondial\\\/209808\\\/#article\",\"isPartOf\":{\"@id\":\"https:\\\/\\\/www.webdo.tn\\\/fr\\\/actualite\\\/national\\\/demandes-de-visas-pour-la-france-la-tunisie-au-6eme-rang-mondial\\\/209808\\\/\"},\"author\":{\"name\":\"Ramzi Haddad\",\"@id\":\"https:\\\/\\\/www.webdo.tn\\\/fr\\\/#\\\/schema\\\/person\\\/5663044c25eb36d8f88ba5b653f12f8c\"},\"headline\":\"Demandes de visas pour la France : la Tunisie au 6\u00e8me rang mondial !\",\"datePublished\":\"2023-11-01T11:06:00+00:00\",\"dateModified\":\"2025-05-17T21:15:07+00:00\",\"mainEntityOfPage\":{\"@id\":\"https:\\\/\\\/www.webdo.tn\\\/fr\\\/actualite\\\/national\\\/demandes-de-visas-pour-la-france-la-tunisie-au-6eme-rang-mondial\\\/209808\\\/\"},\"wordCount\":213,\"commentCount\":0,\"publisher\":{\"@id\":\"https:\\\/\\\/www.webdo.tn\\\/fr\\\/#organization\"},\"image\":{\"@id\":\"https:\\\/\\\/www.webdo.tn\\\/fr\\\/actualite\\\/national\\\/demandes-de-visas-pour-la-france-la-tunisie-au-6eme-rang-mondial\\\/209808\\\/#primaryimage\"},\"thumbnailUrl\":\"https:\\\/\\\/www.webdo.tn\\\/fr\\\/wp-content\\\/uploads\\\/2023\\\/11\\\/df11f5f938fd5b36beda40853e23c209.jpg\",\"keywords\":[\"france\",\"Schengen\",\"Tunisie\",\"visa\"],\"articleSection\":[\"National\"],\"inLanguage\":\"fr-FR\"},{\"@type\":\"WebPage\",\"@id\":\"https:\\\/\\\/www.webdo.tn\\\/fr\\\/actualite\\\/national\\\/demandes-de-visas-pour-la-france-la-tunisie-au-6eme-rang-mondial\\\/209808\\\/\",\"url\":\"https:\\\/\\\/www.webdo.tn\\\/fr\\\/actualite\\\/national\\\/demandes-de-visas-pour-la-france-la-tunisie-au-6eme-rang-mondial\\\/209808\\\/\",\"name\":\"Demandes de visas pour la France : la Tunisie au 6\u00e8me rang mondial !\",\"isPartOf\":{\"@id\":\"https:\\\/\\\/www.webdo.tn\\\/fr\\\/#website\"},\"primaryImageOfPage\":{\"@id\":\"https:\\\/\\\/www.webdo.tn\\\/fr\\\/actualite\\\/national\\\/demandes-de-visas-pour-la-france-la-tunisie-au-6eme-rang-mondial\\\/209808\\\/#primaryimage\"},\"image\":{\"@id\":\"https:\\\/\\\/www.webdo.tn\\\/fr\\\/actualite\\\/national\\\/demandes-de-visas-pour-la-france-la-tunisie-au-6eme-rang-mondial\\\/209808\\\/#primaryimage\"},\"thumbnailUrl\":\"https:\\\/\\\/www.webdo.tn\\\/fr\\\/wp-content\\\/uploads\\\/2023\\\/11\\\/df11f5f938fd5b36beda40853e23c209.jpg\",\"datePublished\":\"2023-11-01T11:06:00+00:00\",\"dateModified\":\"2025-05-17T21:15:07+00:00\",\"description\":\"En 2022, les Tunisiens ont d\u00e9pos\u00e9 811 mille demandes de visa Schengen pour la France dont pr\u00e8s de 70% ont \u00e9t\u00e9 accept\u00e9es.\",\"breadcrumb\":{\"@id\":\"https:\\\/\\\/www.webdo.tn\\\/fr\\\/actualite\\\/national\\\/demandes-de-visas-pour-la-france-la-tunisie-au-6eme-rang-mondial\\\/209808\\\/#breadcrumb\"},\"inLanguage\":\"fr-FR\",\"potentialAction\":[{\"@type\":\"ReadAction\",\"target\":[\"https:\\\/\\\/www.webdo.tn\\\/fr\\\/actualite\\\/national\\\/demandes-de-visas-pour-la-france-la-tunisie-au-6eme-rang-mondial\\\/209808\\\/\"]}]},{\"@type\":\"ImageObject\",\"inLanguage\":\"fr-FR\",\"@id\":\"https:\\\/\\\/www.webdo.tn\\\/fr\\\/actualite\\\/national\\\/demandes-de-visas-pour-la-france-la-tunisie-au-6eme-rang-mondial\\\/209808\\\/#primaryimage\",\"url\":\"https:\\\/\\\/www.webdo.tn\\\/fr\\\/wp-content\\\/uploads\\\/2023\\\/11\\\/df11f5f938fd5b36beda40853e23c209.jpg\",\"contentUrl\":\"https:\\\/\\\/www.webdo.tn\\\/fr\\\/wp-content\\\/uploads\\\/2023\\\/11\\\/df11f5f938fd5b36beda40853e23c209.jpg\",\"width\":750,\"height\":400,\"caption\":\"Demandes de visas pour la France : la Tunisie au 6\u00e8me rang mondial !\"},{\"@type\":\"BreadcrumbList\",\"@id\":\"https:\\\/\\\/www.webdo.tn\\\/fr\\\/actualite\\\/national\\\/demandes-de-visas-pour-la-france-la-tunisie-au-6eme-rang-mondial\\\/209808\\\/#breadcrumb\",\"itemListElement\":[{\"@type\":\"ListItem\",\"position\":1,\"name\":\"Accueil\",\"item\":\"https:\\\/\\\/www.webdo.tn\\\/fr\\\/\"},{\"@type\":\"ListItem\",\"position\":2,\"name\":\"Demandes de visas pour la France : la Tunisie au 6\u00e8me rang mondial !\"}]},{\"@type\":\"WebSite\",\"@id\":\"https:\\\/\\\/www.webdo.tn\\\/fr\\\/#website\",\"url\":\"https:\\\/\\\/www.webdo.tn\\\/fr\\\/\",\"name\":\"webdo\",\"description\":\"Tunisie - News en Tunisie et \u00e0 l&#039;international sur Webdo.tn\",\"publisher\":{\"@id\":\"https:\\\/\\\/www.webdo.tn\\\/fr\\\/#organization\"},\"potentialAction\":[{\"@type\":\"SearchAction\",\"target\":{\"@type\":\"EntryPoint\",\"urlTemplate\":\"https:\\\/\\\/www.webdo.tn\\\/fr\\\/?s={search_term_string}\"},\"query-input\":{\"@type\":\"PropertyValueSpecification\",\"valueRequired\":true,\"valueName\":\"search_term_string\"}}],\"inLanguage\":\"fr-FR\"},{\"@type\":\"Organization\",\"@id\":\"https:\\\/\\\/www.webdo.tn\\\/fr\\\/#organization\",\"name\":\"Webdo\",\"alternateName\":\"Webdo.tn\",\"url\":\"https:\\\/\\\/www.webdo.tn\\\/fr\\\/\",\"logo\":{\"@type\":\"ImageObject\",\"inLanguage\":\"fr-FR\",\"@id\":\"https:\\\/\\\/www.webdo.tn\\\/fr\\\/#\\\/schema\\\/logo\\\/image\\\/\",\"url\":\"https:\\\/\\\/www.webdo.tn\\\/fr\\\/wp-content\\\/uploads\\\/2025\\\/06\\\/Webdo-Tunisie_168377.jpg\",\"contentUrl\":\"https:\\\/\\\/www.webdo.tn\\\/fr\\\/wp-content\\\/uploads\\\/2025\\\/06\\\/Webdo-Tunisie_168377.jpg\",\"width\":301,\"height\":301,\"caption\":\"Webdo\"},\"image\":{\"@id\":\"https:\\\/\\\/www.webdo.tn\\\/fr\\\/#\\\/schema\\\/logo\\\/image\\\/\"},\"sameAs\":[\"https:\\\/\\\/www.facebook.com\\\/webdotn\",\"https:\\\/\\\/x.com\\\/webdo_tn\"],\"description\":\"Webdo est un m\u00e9dia num\u00e9rique tunisien fond\u00e9 en 2010, sp\u00e9cialis\u00e9 dans l\u2019actualit\u00e9 nationale et internationale, l\u2019\u00e9conomie, la soci\u00e9t\u00e9 et les analyses politiques. Le site s\u2019adresse \u00e0 un large public francophone et couvre l\u2019information tunisienne en temps r\u00e9el.\",\"email\":\"redac@webdo.tn\",\"legalName\":\"YNJ SARL\",\"foundingDate\":\"2010-09-06\",\"numberOfEmployees\":{\"@type\":\"QuantitativeValue\",\"minValue\":\"11\",\"maxValue\":\"50\"}},{\"@type\":\"Person\",\"@id\":\"https:\\\/\\\/www.webdo.tn\\\/fr\\\/#\\\/schema\\\/person\\\/5663044c25eb36d8f88ba5b653f12f8c\",\"name\":\"Ramzi Haddad\",\"image\":{\"@type\":\"ImageObject\",\"inLanguage\":\"fr-FR\",\"@id\":\"https:\\\/\\\/www.webdo.tn\\\/fr\\\/wp-content\\\/uploads\\\/2026\\\/04\\\/ramzi-haddad_avatar-96x96.jpg\",\"url\":\"https:\\\/\\\/www.webdo.tn\\\/fr\\\/wp-content\\\/uploads\\\/2026\\\/04\\\/ramzi-haddad_avatar-96x96.jpg\",\"contentUrl\":\"https:\\\/\\\/www.webdo.tn\\\/fr\\\/wp-content\\\/uploads\\\/2026\\\/04\\\/ramzi-haddad_avatar-96x96.jpg\",\"caption\":\"Ramzi Haddad\"},\"description\":\"Signature \u00e9ditoriale de Walid Ben Youssef Ramzi Haddad est le pseudonyme \u00e9ditorial de Walid Ben Youssef, fondateur et g\u00e9rant de Webdo.tn. Cette signature est d\u00e9di\u00e9e \u00e0 la couverture de l'actualit\u00e9 nationale et internationale, ainsi qu'aux analyses des dynamiques num\u00e9riques. Ce profil b\u00e9n\u00e9ficie de l'expertise de Walid Ben Youssef, pionnier du web en Tunisie depuis 2000 et dipl\u00f4m\u00e9 en Math\u00e9matiques pures de l'Universit\u00e9 d'Oregon. \u00c0 travers cette signature, la r\u00e9daction de Webdo garantit une information structur\u00e9e et v\u00e9rifi\u00e9e, fid\u00e8le aux standards journalistiques du m\u00e9dia.\",\"url\":\"https:\\\/\\\/www.webdo.tn\\\/fr\\\/actualite\\\/author\\\/ramzi-haddad\\\/\"}]}<\/script>\n<!-- \/ Yoast SEO Premium plugin. -->","yoast_head_json":{"title":"Demandes de visas pour la France : la Tunisie au 6\u00e8me rang mondial !","description":"En 2022, les Tunisiens ont d\u00e9pos\u00e9 811 mille demandes de visa Schengen pour la France dont pr\u00e8s de 70% ont \u00e9t\u00e9 accept\u00e9es.","canonical":"https:\/\/www.webdo.tn\/fr\/actualite\/national\/demandes-de-visas-pour-la-france-la-tunisie-au-6eme-rang-mondial\/209808\/","og_locale":"fr_FR","og_type":"article","og_title":"Demandes de visas pour la France : la Tunisie au 6\u00e8me rang mondial !","og_description":"En 2022, les Tunisiens ont d\u00e9pos\u00e9 811 mille demandes de visa Schengen pour la France dont pr\u00e8s de 70% ont \u00e9t\u00e9 accept\u00e9es.","og_url":"https:\/\/www.webdo.tn\/fr\/actualite\/national\/demandes-de-visas-pour-la-france-la-tunisie-au-6eme-rang-mondial\/209808\/","og_site_name":"webdo","article_publisher":"https:\/\/www.facebook.com\/webdotn","article_published_time":"2023-11-01T11:06:00+00:00","article_modified_time":"2025-05-17T21:15:07+00:00","og_image":[{"width":750,"height":400,"url":"https:\/\/www.webdo.tn\/fr\/wp-content\/uploads\/2023\/11\/df11f5f938fd5b36beda40853e23c209.jpg","type":"image\/jpeg"}],"author":"Ramzi Haddad","twitter_card":"summary_large_image","twitter_creator":"@webdo_tn","twitter_site":"@webdo_tn","twitter_misc":{"\u00c9crit par":"Ramzi Haddad","Dur\u00e9e de lecture estim\u00e9e":"1 minute"},"schema":{"@context":"https:\/\/schema.org","@graph":[{"@type":"NewsArticle","@id":"https:\/\/www.webdo.tn\/fr\/actualite\/national\/demandes-de-visas-pour-la-france-la-tunisie-au-6eme-rang-mondial\/209808\/#article","isPartOf":{"@id":"https:\/\/www.webdo.tn\/fr\/actualite\/national\/demandes-de-visas-pour-la-france-la-tunisie-au-6eme-rang-mondial\/209808\/"},"author":{"name":"Ramzi Haddad","@id":"https:\/\/www.webdo.tn\/fr\/#\/schema\/person\/5663044c25eb36d8f88ba5b653f12f8c"},"headline":"Demandes de visas pour la France : la Tunisie au 6\u00e8me rang mondial !","datePublished":"2023-11-01T11:06:00+00:00","dateModified":"2025-05-17T21:15:07+00:00","mainEntityOfPage":{"@id":"https:\/\/www.webdo.tn\/fr\/actualite\/national\/demandes-de-visas-pour-la-france-la-tunisie-au-6eme-rang-mondial\/209808\/"},"wordCount":213,"commentCount":0,"publisher":{"@id":"https:\/\/www.webdo.tn\/fr\/#organization"},"image":{"@id":"https:\/\/www.webdo.tn\/fr\/actualite\/national\/demandes-de-visas-pour-la-france-la-tunisie-au-6eme-rang-mondial\/209808\/#primaryimage"},"thumbnailUrl":"https:\/\/www.webdo.tn\/fr\/wp-content\/uploads\/2023\/11\/df11f5f938fd5b36beda40853e23c209.jpg","keywords":["france","Schengen","Tunisie","visa"],"articleSection":["National"],"inLanguage":"fr-FR"},{"@type":"WebPage","@id":"https:\/\/www.webdo.tn\/fr\/actualite\/national\/demandes-de-visas-pour-la-france-la-tunisie-au-6eme-rang-mondial\/209808\/","url":"https:\/\/www.webdo.tn\/fr\/actualite\/national\/demandes-de-visas-pour-la-france-la-tunisie-au-6eme-rang-mondial\/209808\/","name":"Demandes de visas pour la France : la Tunisie au 6\u00e8me rang mondial !","isPartOf":{"@id":"https:\/\/www.webdo.tn\/fr\/#website"},"primaryImageOfPage":{"@id":"https:\/\/www.webdo.tn\/fr\/actualite\/national\/demandes-de-visas-pour-la-france-la-tunisie-au-6eme-rang-mondial\/209808\/#primaryimage"},"image":{"@id":"https:\/\/www.webdo.tn\/fr\/actualite\/national\/demandes-de-visas-pour-la-france-la-tunisie-au-6eme-rang-mondial\/209808\/#primaryimage"},"thumbnailUrl":"https:\/\/www.webdo.tn\/fr\/wp-content\/uploads\/2023\/11\/df11f5f938fd5b36beda40853e23c209.jpg","datePublished":"2023-11-01T11:06:00+00:00","dateModified":"2025-05-17T21:15:07+00:00","description":"En 2022, les Tunisiens ont d\u00e9pos\u00e9 811 mille demandes de visa Schengen pour la France dont pr\u00e8s de 70% ont \u00e9t\u00e9 accept\u00e9es.","breadcrumb":{"@id":"https:\/\/www.webdo.tn\/fr\/actualite\/national\/demandes-de-visas-pour-la-france-la-tunisie-au-6eme-rang-mondial\/209808\/#breadcrumb"},"inLanguage":"fr-FR","potentialAction":[{"@type":"ReadAction","target":["https:\/\/www.webdo.tn\/fr\/actualite\/national\/demandes-de-visas-pour-la-france-la-tunisie-au-6eme-rang-mondial\/209808\/"]}]},{"@type":"ImageObject","inLanguage":"fr-FR","@id":"https:\/\/www.webdo.tn\/fr\/actualite\/national\/demandes-de-visas-pour-la-france-la-tunisie-au-6eme-rang-mondial\/209808\/#primaryimage","url":"https:\/\/www.webdo.tn\/fr\/wp-content\/uploads\/2023\/11\/df11f5f938fd5b36beda40853e23c209.jpg","contentUrl":"https:\/\/www.webdo.tn\/fr\/wp-content\/uploads\/2023\/11\/df11f5f938fd5b36beda40853e23c209.jpg","width":750,"height":400,"caption":"Demandes de visas pour la France : la Tunisie au 6\u00e8me rang mondial !"},{"@type":"BreadcrumbList","@id":"https:\/\/www.webdo.tn\/fr\/actualite\/national\/demandes-de-visas-pour-la-france-la-tunisie-au-6eme-rang-mondial\/209808\/#breadcrumb","itemListElement":[{"@type":"ListItem","position":1,"name":"Accueil","item":"https:\/\/www.webdo.tn\/fr\/"},{"@type":"ListItem","position":2,"name":"Demandes de visas pour la France : la Tunisie au 6\u00e8me rang mondial !"}]},{"@type":"WebSite","@id":"https:\/\/www.webdo.tn\/fr\/#website","url":"https:\/\/www.webdo.tn\/fr\/","name":"webdo","description":"Tunisie - News en Tunisie et \u00e0 l&#039;international sur Webdo.tn","publisher":{"@id":"https:\/\/www.webdo.tn\/fr\/#organization"},"potentialAction":[{"@type":"SearchAction","target":{"@type":"EntryPoint","urlTemplate":"https:\/\/www.webdo.tn\/fr\/?s={search_term_string}"},"query-input":{"@type":"PropertyValueSpecification","valueRequired":true,"valueName":"search_term_string"}}],"inLanguage":"fr-FR"},{"@type":"Organization","@id":"https:\/\/www.webdo.tn\/fr\/#organization","name":"Webdo","alternateName":"Webdo.tn","url":"https:\/\/www.webdo.tn\/fr\/","logo":{"@type":"ImageObject","inLanguage":"fr-FR","@id":"https:\/\/www.webdo.tn\/fr\/#\/schema\/logo\/image\/","url":"https:\/\/www.webdo.tn\/fr\/wp-content\/uploads\/2025\/06\/Webdo-Tunisie_168377.jpg","contentUrl":"https:\/\/www.webdo.tn\/fr\/wp-content\/uploads\/2025\/06\/Webdo-Tunisie_168377.jpg","width":301,"height":301,"caption":"Webdo"},"image":{"@id":"https:\/\/www.webdo.tn\/fr\/#\/schema\/logo\/image\/"},"sameAs":["https:\/\/www.facebook.com\/webdotn","https:\/\/x.com\/webdo_tn"],"description":"Webdo est un m\u00e9dia num\u00e9rique tunisien fond\u00e9 en 2010, sp\u00e9cialis\u00e9 dans l\u2019actualit\u00e9 nationale et internationale, l\u2019\u00e9conomie, la soci\u00e9t\u00e9 et les analyses politiques. Le site s\u2019adresse \u00e0 un large public francophone et couvre l\u2019information tunisienne en temps r\u00e9el.","email":"redac@webdo.tn","legalName":"YNJ SARL","foundingDate":"2010-09-06","numberOfEmployees":{"@type":"QuantitativeValue","minValue":"11","maxValue":"50"}},{"@type":"Person","@id":"https:\/\/www.webdo.tn\/fr\/#\/schema\/person\/5663044c25eb36d8f88ba5b653f12f8c","name":"Ramzi Haddad","image":{"@type":"ImageObject","inLanguage":"fr-FR","@id":"https:\/\/www.webdo.tn\/fr\/wp-content\/uploads\/2026\/04\/ramzi-haddad_avatar-96x96.jpg","url":"https:\/\/www.webdo.tn\/fr\/wp-content\/uploads\/2026\/04\/ramzi-haddad_avatar-96x96.jpg","contentUrl":"https:\/\/www.webdo.tn\/fr\/wp-content\/uploads\/2026\/04\/ramzi-haddad_avatar-96x96.jpg","caption":"Ramzi Haddad"},"description":"Signature \u00e9ditoriale de Walid Ben Youssef Ramzi Haddad est le pseudonyme \u00e9ditorial de Walid Ben Youssef, fondateur et g\u00e9rant de Webdo.tn. Cette signature est d\u00e9di\u00e9e \u00e0 la couverture de l'actualit\u00e9 nationale et internationale, ainsi qu'aux analyses des dynamiques num\u00e9riques. Ce profil b\u00e9n\u00e9ficie de l'expertise de Walid Ben Youssef, pionnier du web en Tunisie depuis 2000 et dipl\u00f4m\u00e9 en Math\u00e9matiques pures de l'Universit\u00e9 d'Oregon. \u00c0 travers cette signature, la r\u00e9daction de Webdo garantit une information structur\u00e9e et v\u00e9rifi\u00e9e, fid\u00e8le aux standards journalistiques du m\u00e9dia.","url":"https:\/\/www.webdo.tn\/fr\/actualite\/author\/ramzi-haddad\/"}]}},"_links":{"self":[{"href":"https:\/\/www.webdo.tn\/fr\/wp-json\/wp\/v2\/posts\/209808","targetHints":{"allow":["GET"]}}],"collection":[{"href":"https:\/\/www.webdo.tn\/fr\/wp-json\/wp\/v2\/posts"}],"about":[{"href":"https:\/\/www.webdo.tn\/fr\/wp-json\/wp\/v2\/types\/post"}],"author":[{"embeddable":true,"href":"https:\/\/www.webdo.tn\/fr\/wp-json\/wp\/v2\/users\/3203"}],"replies":[{"embeddable":true,"href":"https:\/\/www.webdo.tn\/fr\/wp-json\/wp\/v2\/comments?post=209808"}],"version-history":[{"count":0,"href":"https:\/\/www.webdo.tn\/fr\/wp-json\/wp\/v2\/posts\/209808\/revisions"}],"wp:featuredmedia":[{"embeddable":true,"href":"https:\/\/www.webdo.tn\/fr\/wp-json\/wp\/v2\/media\/278945"}],"wp:attachment":[{"href":"https:\/\/www.webdo.tn\/fr\/wp-json\/wp\/v2\/media?parent=209808"}],"wp:term":[{"taxonomy":"category","embeddable":true,"href":"https:\/\/www.webdo.tn\/fr\/wp-json\/wp\/v2\/categories?post=209808"},{"taxonomy":"post_tag","embeddable":true,"href":"https:\/\/www.webdo.tn\/fr\/wp-json\/wp\/v2\/tags?post=209808"}],"curies":[{"name":"wp","href":"https:\/\/api.w.org\/{rel}","templated":true}]}}