{"id":209804,"date":"2023-11-01T09:51:00","date_gmt":"2023-11-01T09:51:00","guid":{"rendered":"https:\/\/www.webdo.tn\/fr\/blog\/jour-de-toussaint-au-cimetiere-du-borgel\/209804\/"},"modified":"2023-11-01T09:51:00","modified_gmt":"2023-11-01T09:51:00","slug":"jour-de-toussaint-au-cimetiere-du-borgel","status":"publish","type":"post","link":"https:\/\/www.webdo.tn\/fr\/actualite\/chroniques\/jour-de-toussaint-au-cimetiere-du-borgel\/209804\/","title":{"rendered":"Jour de Toussaint au cimeti\u00e8re du Borgel"},"content":{"rendered":"<p>Ce mercredi, le cimeti\u00e8re du Borgel \u00e0 Tunis va revivre, retrouver des couleurs, celles des gerbes de fleurs et des couronnes qui seront d\u00e9pos\u00e9es par les familles sur les tombes. Ce mercredi, comme chaque ann\u00e9e, comme chaque Toussaint, et aussi comme chaque Achoura au Djellaz, mes pas me m\u00e8neront, solitaire, vers le Borgel.<\/p>\n<p>\t\t\t\t\t\t\t\t\tLorsque je traverse le seuil du cimeti\u00e8re chr\u00e9tien de Tunis, je me sens tel le d\u00e9positaire de plusieurs si\u00e8cles de convivialit\u00e9.<\/p>\n<p>Je me sens pareil \u00e0 un t\u00e9moin qui connaitrait les tombes de chacun, celles des Bonfiglio qui ne sont plus ici, celles des Bertolino, Carollo, Pace, Mifsud, Caleca qui eux aussi sont partis et dont les a\u00efeux reposent en terre tunisienne, dans l&rsquo;humus qui les a vus naitre et qui m\u00eale aujourd&rsquo;hui la poussi\u00e8re \u00e0 la nostalgie des corps.<\/p>\n<p>Ce mercredi, comme toujours, j&rsquo;irai d&rsquo;abord m&rsquo;incliner devant la tombe du fr\u00e8re Chazotte, sup\u00e9rieur des Marianistes en Tunisie, dont je me souviens des d\u00e9ambulations en soutane du temps de l&rsquo;\u00e9cole primaire.<\/p>\n<p>Enseveli aupr\u00e8s de ses fr\u00e8res, il reste la m\u00e9moire \u00e0 laquelle je me r\u00e9f\u00e8re d&rsquo;abord. Puis, c&rsquo;est la tombe de Christian que je recherche, ami que je n&rsquo;ai pas connu, fr\u00e8re de mes fr\u00e8res, mort nourrisson.<\/p>\n<p>Aujourd&rsquo;hui, comme toujours, je me souviendrai de La Valette et de Palerme. Parce que les caveaux de famille me rappellent les magasins des rues que je traverse dans ces villes : Giacalone, Catalone, Checca, Mangani, Agricola, Spina, Trapani et tous les autres. Leurs petits enfants animent les boutiques siciliennes et maltaises dont les enseignes me renvoient aux tombes du Borgel.<\/p>\n<p>Ensuite, ce sera le tour des grandes dames qu&rsquo;il m&rsquo;a \u00e9t\u00e9 donn\u00e9 de rencontrer, ces femmes venues du nord qui ont vou\u00e9 leur vie \u00e0 leurs \u00e9poux tunisiens et musulmans et qui d\u00e9sormais reposent loin d&rsquo;eux, dans une terre autrement sanctifi\u00e9e.<\/p>\n<p>Mes pens\u00e9es iront \u00e0 Mich\u00e8le Mourali, \u00e0 son amie madame Oueslati qui repose \u00e0 ses c\u00f4t\u00e9s comme elles ont v\u00e9cu ensemble, \u00e0 madame Senoussi qui fut notre maitresse intransigeante au temps de l&rsquo;enfance&#8230; Et tous les autres, les Ducoli, les Almela, les Garcia, les Ravel, les mille et un reflets de la M\u00e9diterran\u00e9e tunisienne, du melting-pot qui sublime ce cimeti\u00e8re, situ\u00e9 entre histoire s\u00e9culaire et actualit\u00e9 h\u00e9sitante.<\/p>\n<p>En pens\u00e9e, je me transporte toujours vers les basiliques de Carthage, vers les si\u00e8cles chr\u00e9tiens, les papes tunisiens et des voix qui me sont plus famili\u00e8res, celles de Tertullien, Cyprien, Augustin ou Perp\u00e9tue et Fulgence.<\/p>\n<p>Je suis peut \u00eatre bizarre mais je confesserai volontiers que, lorsque je me retrouve \u00e0 l&rsquo;Acropolium de Carthage, les oreilles vigilantes, mon esprit s&rsquo;\u00e9vade parfois au temps des processions de fid\u00e8les, \u00e0 l&rsquo;heure de la basilique Saint-Louis et m\u00eame, tr\u00e8s loin, lorsque les martyrs tombaient sous les supplices pa\u00efens.<\/p>\n<p>Ainsi, les concerts de l&rsquo;Octobre musical deviennent-ils un pr\u00e9lude extatique au novembre de la Toussaint, un moment a\u00e9rien lorsque la musique nous rappelle qu&rsquo;il est d&rsquo;autres fleuves dans lesquels on ne se baigne jamais deux fois.<\/p>\n<p>Permettez-moi de revenir avec vous entre les tombes et les caveaux : Almanza, Mattei, Mifsud, Ciglie&#8230; Les noms se souviennent de Malte, de la Sicile, de la Corse et de la Sardaigne. Et moi, je me souviens de la Tunisie, celle o\u00f9 j&rsquo;ai grandi, celle qui est morte et dont un peu de l&rsquo;\u00e2me repose aussi au Borgel.<\/p>\n<p>Ce mercredi, comme chaque ann\u00e9e, je marcherai dans les all\u00e9es du Borgel et j&rsquo;attendrai les trompettes de la r\u00e9surrection. Ce mercredi, comme chaque ann\u00e9e \u00e0 la crois\u00e9e de toutes les all\u00e9es, dans l&rsquo;attente du cr\u00e9puscule, un pr\u00eatre viendra b\u00e9nir les pr\u00e9sents et honorer les morts par des pri\u00e8res.<\/p>\n<p>Parfois, c&rsquo;est l&rsquo;archev\u00eaque en personne qui vient ainsi dire ce lien avec les morts, trouver les mots justes et les paroles de missel qui sauront r\u00e9conforter, t\u00e9moigner, \u00e9lever.<\/p>\n<p>Il sera alors temps de partir dans la brume de novembre, lorsque s&rsquo;annonce l&rsquo;avent, la joie prochaine de la Nativit\u00e9 et la promesse d&rsquo;une autre Toussaint, d&rsquo;un autre jour b\u00e9ni qui prolonge nos vies en arri\u00e8re et nous procure l&rsquo;espoir.<\/p>\n","protected":false},"excerpt":{"rendered":"<p>Ce mercredi, comme chaque ann\u00e9e, comme chaque Toussaint, et aussi comme chaque Achoura au Djellaz, mes pas me m\u00e8neront, solitaire, vers le Borgel.<\/p>\n","protected":false},"author":3229,"featured_media":248918,"comment_status":"open","ping_status":"closed","sticky":false,"template":"","format":"standard","meta":{"footnotes":""},"categories":[2596],"tags":[5221,3608,7649,2640],"class_list":["post-209804","post","type-post","status-publish","format-standard","has-post-thumbnail","hentry","category-chroniques","tag-borgel","tag-cimetiere","tag-toussaint","tag-tunis"],"yoast_head":"<!-- This site is optimized with the Yoast SEO Premium plugin v27.5 (Yoast SEO v27.5) - https:\/\/yoast.com\/product\/yoast-seo-premium-wordpress\/ -->\n<title>Jour de Toussaint au cimeti\u00e8re du Borgel<\/title>\n<meta name=\"description\" content=\"Ce mercredi, comme chaque ann\u00e9e, comme chaque Toussaint, et aussi comme chaque Achoura au Djellaz, mes pas me m\u00e8neront, solitaire, vers le Borgel.\" \/>\n<link rel=\"canonical\" href=\"https:\/\/www.webdo.tn\/fr\/actualite\/chroniques\/jour-de-toussaint-au-cimetiere-du-borgel\/209804\/\" \/>\n<meta property=\"og:locale\" content=\"fr_FR\" \/>\n<meta property=\"og:type\" content=\"article\" \/>\n<meta property=\"og:title\" content=\"Jour de Toussaint au cimeti\u00e8re du Borgel\" \/>\n<meta property=\"og:description\" content=\"Ce mercredi, comme chaque ann\u00e9e, comme chaque Toussaint, et aussi comme chaque Achoura au Djellaz, mes pas me m\u00e8neront, solitaire, vers le Borgel.\" \/>\n<meta property=\"og:url\" content=\"https:\/\/www.webdo.tn\/fr\/actualite\/chroniques\/jour-de-toussaint-au-cimetiere-du-borgel\/209804\/\" \/>\n<meta property=\"og:site_name\" content=\"webdo\" \/>\n<meta property=\"article:publisher\" content=\"https:\/\/www.facebook.com\/webdotn\" \/>\n<meta property=\"article:author\" content=\"https:\/\/www.facebook.com\/hatem.bourial.2025\" \/>\n<meta property=\"article:published_time\" content=\"2023-11-01T09:51:00+00:00\" \/>\n<meta property=\"og:image\" content=\"https:\/\/www.webdo.tn\/fr\/wp-content\/uploads\/2023\/11\/7accc808a109606f42fa7fdcf2e916e7.jpg\" \/>\n\t<meta property=\"og:image:width\" content=\"750\" \/>\n\t<meta property=\"og:image:height\" content=\"400\" \/>\n\t<meta property=\"og:image:type\" content=\"image\/jpeg\" \/>\n<meta name=\"author\" content=\"Hatem Bourial\" \/>\n<meta name=\"twitter:card\" content=\"summary_large_image\" \/>\n<meta name=\"twitter:creator\" content=\"@webdo_tn\" \/>\n<meta name=\"twitter:site\" content=\"@webdo_tn\" \/>\n<meta name=\"twitter:label1\" content=\"\u00c9crit par\" \/>\n\t<meta name=\"twitter:data1\" content=\"Hatem Bourial\" \/>\n\t<meta name=\"twitter:label2\" content=\"Dur\u00e9e de lecture estim\u00e9e\" \/>\n\t<meta name=\"twitter:data2\" content=\"4 minutes\" \/>\n<script type=\"application\/ld+json\" class=\"yoast-schema-graph\">{\"@context\":\"https:\\\/\\\/schema.org\",\"@graph\":[{\"@type\":\"NewsArticle\",\"@id\":\"https:\\\/\\\/www.webdo.tn\\\/fr\\\/actualite\\\/chroniques\\\/jour-de-toussaint-au-cimetiere-du-borgel\\\/209804\\\/#article\",\"isPartOf\":{\"@id\":\"https:\\\/\\\/www.webdo.tn\\\/fr\\\/actualite\\\/chroniques\\\/jour-de-toussaint-au-cimetiere-du-borgel\\\/209804\\\/\"},\"author\":{\"name\":\"Hatem Bourial\",\"@id\":\"https:\\\/\\\/www.webdo.tn\\\/fr\\\/#\\\/schema\\\/person\\\/6bc0beba2cd23aec27cb5df85ca2554f\"},\"headline\":\"Jour de Toussaint au cimeti\u00e8re du Borgel\",\"datePublished\":\"2023-11-01T09:51:00+00:00\",\"mainEntityOfPage\":{\"@id\":\"https:\\\/\\\/www.webdo.tn\\\/fr\\\/actualite\\\/chroniques\\\/jour-de-toussaint-au-cimetiere-du-borgel\\\/209804\\\/\"},\"wordCount\":749,\"commentCount\":0,\"publisher\":{\"@id\":\"https:\\\/\\\/www.webdo.tn\\\/fr\\\/#organization\"},\"image\":{\"@id\":\"https:\\\/\\\/www.webdo.tn\\\/fr\\\/actualite\\\/chroniques\\\/jour-de-toussaint-au-cimetiere-du-borgel\\\/209804\\\/#primaryimage\"},\"thumbnailUrl\":\"https:\\\/\\\/www.webdo.tn\\\/fr\\\/wp-content\\\/uploads\\\/2023\\\/11\\\/7accc808a109606f42fa7fdcf2e916e7.jpg\",\"keywords\":[\"borgel\",\"cimeti\u00e8re\",\"Toussaint\",\"Tunis\"],\"articleSection\":[\"Chroniques\"],\"inLanguage\":\"fr-FR\"},{\"@type\":\"WebPage\",\"@id\":\"https:\\\/\\\/www.webdo.tn\\\/fr\\\/actualite\\\/chroniques\\\/jour-de-toussaint-au-cimetiere-du-borgel\\\/209804\\\/\",\"url\":\"https:\\\/\\\/www.webdo.tn\\\/fr\\\/actualite\\\/chroniques\\\/jour-de-toussaint-au-cimetiere-du-borgel\\\/209804\\\/\",\"name\":\"Jour de Toussaint au cimeti\u00e8re du Borgel\",\"isPartOf\":{\"@id\":\"https:\\\/\\\/www.webdo.tn\\\/fr\\\/#website\"},\"primaryImageOfPage\":{\"@id\":\"https:\\\/\\\/www.webdo.tn\\\/fr\\\/actualite\\\/chroniques\\\/jour-de-toussaint-au-cimetiere-du-borgel\\\/209804\\\/#primaryimage\"},\"image\":{\"@id\":\"https:\\\/\\\/www.webdo.tn\\\/fr\\\/actualite\\\/chroniques\\\/jour-de-toussaint-au-cimetiere-du-borgel\\\/209804\\\/#primaryimage\"},\"thumbnailUrl\":\"https:\\\/\\\/www.webdo.tn\\\/fr\\\/wp-content\\\/uploads\\\/2023\\\/11\\\/7accc808a109606f42fa7fdcf2e916e7.jpg\",\"datePublished\":\"2023-11-01T09:51:00+00:00\",\"description\":\"Ce mercredi, comme chaque ann\u00e9e, comme chaque Toussaint, et aussi comme chaque Achoura au Djellaz, mes pas me m\u00e8neront, solitaire, vers le Borgel.\",\"breadcrumb\":{\"@id\":\"https:\\\/\\\/www.webdo.tn\\\/fr\\\/actualite\\\/chroniques\\\/jour-de-toussaint-au-cimetiere-du-borgel\\\/209804\\\/#breadcrumb\"},\"inLanguage\":\"fr-FR\",\"potentialAction\":[{\"@type\":\"ReadAction\",\"target\":[\"https:\\\/\\\/www.webdo.tn\\\/fr\\\/actualite\\\/chroniques\\\/jour-de-toussaint-au-cimetiere-du-borgel\\\/209804\\\/\"]}]},{\"@type\":\"ImageObject\",\"inLanguage\":\"fr-FR\",\"@id\":\"https:\\\/\\\/www.webdo.tn\\\/fr\\\/actualite\\\/chroniques\\\/jour-de-toussaint-au-cimetiere-du-borgel\\\/209804\\\/#primaryimage\",\"url\":\"https:\\\/\\\/www.webdo.tn\\\/fr\\\/wp-content\\\/uploads\\\/2023\\\/11\\\/7accc808a109606f42fa7fdcf2e916e7.jpg\",\"contentUrl\":\"https:\\\/\\\/www.webdo.tn\\\/fr\\\/wp-content\\\/uploads\\\/2023\\\/11\\\/7accc808a109606f42fa7fdcf2e916e7.jpg\",\"width\":750,\"height\":400,\"caption\":\"Jour de Toussaint au cimeti\u00e8re du Borgel\"},{\"@type\":\"BreadcrumbList\",\"@id\":\"https:\\\/\\\/www.webdo.tn\\\/fr\\\/actualite\\\/chroniques\\\/jour-de-toussaint-au-cimetiere-du-borgel\\\/209804\\\/#breadcrumb\",\"itemListElement\":[{\"@type\":\"ListItem\",\"position\":1,\"name\":\"Accueil\",\"item\":\"https:\\\/\\\/www.webdo.tn\\\/fr\\\/\"},{\"@type\":\"ListItem\",\"position\":2,\"name\":\"Jour de Toussaint au cimeti\u00e8re du Borgel\"}]},{\"@type\":\"WebSite\",\"@id\":\"https:\\\/\\\/www.webdo.tn\\\/fr\\\/#website\",\"url\":\"https:\\\/\\\/www.webdo.tn\\\/fr\\\/\",\"name\":\"webdo\",\"description\":\"Tunisie - News en Tunisie et \u00e0 l&#039;international sur Webdo.tn\",\"publisher\":{\"@id\":\"https:\\\/\\\/www.webdo.tn\\\/fr\\\/#organization\"},\"potentialAction\":[{\"@type\":\"SearchAction\",\"target\":{\"@type\":\"EntryPoint\",\"urlTemplate\":\"https:\\\/\\\/www.webdo.tn\\\/fr\\\/?s={search_term_string}\"},\"query-input\":{\"@type\":\"PropertyValueSpecification\",\"valueRequired\":true,\"valueName\":\"search_term_string\"}}],\"inLanguage\":\"fr-FR\"},{\"@type\":\"Organization\",\"@id\":\"https:\\\/\\\/www.webdo.tn\\\/fr\\\/#organization\",\"name\":\"Webdo\",\"alternateName\":\"Webdo.tn\",\"url\":\"https:\\\/\\\/www.webdo.tn\\\/fr\\\/\",\"logo\":{\"@type\":\"ImageObject\",\"inLanguage\":\"fr-FR\",\"@id\":\"https:\\\/\\\/www.webdo.tn\\\/fr\\\/#\\\/schema\\\/logo\\\/image\\\/\",\"url\":\"https:\\\/\\\/www.webdo.tn\\\/fr\\\/wp-content\\\/uploads\\\/2025\\\/06\\\/Webdo-Tunisie_168377.jpg\",\"contentUrl\":\"https:\\\/\\\/www.webdo.tn\\\/fr\\\/wp-content\\\/uploads\\\/2025\\\/06\\\/Webdo-Tunisie_168377.jpg\",\"width\":301,\"height\":301,\"caption\":\"Webdo\"},\"image\":{\"@id\":\"https:\\\/\\\/www.webdo.tn\\\/fr\\\/#\\\/schema\\\/logo\\\/image\\\/\"},\"sameAs\":[\"https:\\\/\\\/www.facebook.com\\\/webdotn\",\"https:\\\/\\\/x.com\\\/webdo_tn\"],\"description\":\"Webdo est un m\u00e9dia num\u00e9rique tunisien fond\u00e9 en 2010, sp\u00e9cialis\u00e9 dans l\u2019actualit\u00e9 nationale et internationale, l\u2019\u00e9conomie, la soci\u00e9t\u00e9 et les analyses politiques. Le site s\u2019adresse \u00e0 un large public francophone et couvre l\u2019information tunisienne en temps r\u00e9el.\",\"email\":\"redac@webdo.tn\",\"legalName\":\"YNJ SARL\",\"foundingDate\":\"2010-09-06\",\"numberOfEmployees\":{\"@type\":\"QuantitativeValue\",\"minValue\":\"11\",\"maxValue\":\"50\"}},{\"@type\":\"Person\",\"@id\":\"https:\\\/\\\/www.webdo.tn\\\/fr\\\/#\\\/schema\\\/person\\\/6bc0beba2cd23aec27cb5df85ca2554f\",\"name\":\"Hatem Bourial\",\"image\":{\"@type\":\"ImageObject\",\"inLanguage\":\"fr-FR\",\"@id\":\"https:\\\/\\\/www.webdo.tn\\\/fr\\\/wp-content\\\/uploads\\\/2026\\\/04\\\/hatem-bourial_avatar-96x96.jpg\",\"url\":\"https:\\\/\\\/www.webdo.tn\\\/fr\\\/wp-content\\\/uploads\\\/2026\\\/04\\\/hatem-bourial_avatar-96x96.jpg\",\"contentUrl\":\"https:\\\/\\\/www.webdo.tn\\\/fr\\\/wp-content\\\/uploads\\\/2026\\\/04\\\/hatem-bourial_avatar-96x96.jpg\",\"caption\":\"Hatem Bourial\"},\"description\":\"Hatem Bourial est journaliste, \u00e9crivain et chroniqueur tunisien. Actif depuis plusieurs d\u00e9cennies, il s\u2019est impos\u00e9 comme un observateur attentif de la soci\u00e9t\u00e9 tunisienne, m\u00ealant dans ses \u00e9crits m\u00e9moire, culture et analyse du quotidien. Auteur de nombreux ouvrages, il d\u00e9veloppe une \u0153uvre \u00e0 la crois\u00e9e du r\u00e9cit, de la po\u00e9sie et de l\u2019observation sociologique. Parall\u00e8lement \u00e0 ses contributions dans la presse, il intervient r\u00e9guli\u00e8rement \u00e0 la radio et dans des espaces culturels, o\u00f9 il explore les enjeux li\u00e9s au patrimoine, \u00e0 l\u2019identit\u00e9 et aux transformations du monde contemporain. \u00c0 travers ses chroniques, Hatem Bourial propose une lecture sensible et approfondie de l\u2019actualit\u00e9, nourrie par une exp\u00e9rience journalistique et litt\u00e9raire reconnue. \ud83d\udd17 Facebook : https:\\\/\\\/www.facebook.com\\\/hatem.bourial.2025\",\"sameAs\":[\"https:\\\/\\\/www.facebook.com\\\/hatem.bourial.2025\",\"https:\\\/\\\/fr.wikipedia.org\\\/wiki\\\/Fichier:Hatem_Bourial.jpg\"],\"knowsAbout\":[\"Culture & patrimoine tunisien\",\"Chronique soci\u00e9tale\",\"Litt\u00e9rature & m\u00e9moire\",\"Cin\u00e9ma & critique culturelle\",\"Identit\u00e9 & mutations sociales\"],\"knowsLanguage\":[\"Arabe\",\"Fran\u00e7ais\",\"Anglais\",\"Italien\",\"Polonais\"],\"jobTitle\":\"Journaliste, \u00e9crivain et chroniqueur culturel\",\"worksFor\":\"Webdo\",\"url\":\"https:\\\/\\\/www.webdo.tn\\\/fr\\\/actualite\\\/author\\\/hatem-bourial-2\\\/\"}]}<\/script>\n<!-- \/ Yoast SEO Premium plugin. -->","yoast_head_json":{"title":"Jour de Toussaint au cimeti\u00e8re du Borgel","description":"Ce mercredi, comme chaque ann\u00e9e, comme chaque Toussaint, et aussi comme chaque Achoura au Djellaz, mes pas me m\u00e8neront, solitaire, vers le Borgel.","canonical":"https:\/\/www.webdo.tn\/fr\/actualite\/chroniques\/jour-de-toussaint-au-cimetiere-du-borgel\/209804\/","og_locale":"fr_FR","og_type":"article","og_title":"Jour de Toussaint au cimeti\u00e8re du Borgel","og_description":"Ce mercredi, comme chaque ann\u00e9e, comme chaque Toussaint, et aussi comme chaque Achoura au Djellaz, mes pas me m\u00e8neront, solitaire, vers le Borgel.","og_url":"https:\/\/www.webdo.tn\/fr\/actualite\/chroniques\/jour-de-toussaint-au-cimetiere-du-borgel\/209804\/","og_site_name":"webdo","article_publisher":"https:\/\/www.facebook.com\/webdotn","article_author":"https:\/\/www.facebook.com\/hatem.bourial.2025","article_published_time":"2023-11-01T09:51:00+00:00","og_image":[{"width":750,"height":400,"url":"https:\/\/www.webdo.tn\/fr\/wp-content\/uploads\/2023\/11\/7accc808a109606f42fa7fdcf2e916e7.jpg","type":"image\/jpeg"}],"author":"Hatem Bourial","twitter_card":"summary_large_image","twitter_creator":"@webdo_tn","twitter_site":"@webdo_tn","twitter_misc":{"\u00c9crit par":"Hatem Bourial","Dur\u00e9e de lecture estim\u00e9e":"4 minutes"},"schema":{"@context":"https:\/\/schema.org","@graph":[{"@type":"NewsArticle","@id":"https:\/\/www.webdo.tn\/fr\/actualite\/chroniques\/jour-de-toussaint-au-cimetiere-du-borgel\/209804\/#article","isPartOf":{"@id":"https:\/\/www.webdo.tn\/fr\/actualite\/chroniques\/jour-de-toussaint-au-cimetiere-du-borgel\/209804\/"},"author":{"name":"Hatem Bourial","@id":"https:\/\/www.webdo.tn\/fr\/#\/schema\/person\/6bc0beba2cd23aec27cb5df85ca2554f"},"headline":"Jour de Toussaint au cimeti\u00e8re du Borgel","datePublished":"2023-11-01T09:51:00+00:00","mainEntityOfPage":{"@id":"https:\/\/www.webdo.tn\/fr\/actualite\/chroniques\/jour-de-toussaint-au-cimetiere-du-borgel\/209804\/"},"wordCount":749,"commentCount":0,"publisher":{"@id":"https:\/\/www.webdo.tn\/fr\/#organization"},"image":{"@id":"https:\/\/www.webdo.tn\/fr\/actualite\/chroniques\/jour-de-toussaint-au-cimetiere-du-borgel\/209804\/#primaryimage"},"thumbnailUrl":"https:\/\/www.webdo.tn\/fr\/wp-content\/uploads\/2023\/11\/7accc808a109606f42fa7fdcf2e916e7.jpg","keywords":["borgel","cimeti\u00e8re","Toussaint","Tunis"],"articleSection":["Chroniques"],"inLanguage":"fr-FR"},{"@type":"WebPage","@id":"https:\/\/www.webdo.tn\/fr\/actualite\/chroniques\/jour-de-toussaint-au-cimetiere-du-borgel\/209804\/","url":"https:\/\/www.webdo.tn\/fr\/actualite\/chroniques\/jour-de-toussaint-au-cimetiere-du-borgel\/209804\/","name":"Jour de Toussaint au cimeti\u00e8re du Borgel","isPartOf":{"@id":"https:\/\/www.webdo.tn\/fr\/#website"},"primaryImageOfPage":{"@id":"https:\/\/www.webdo.tn\/fr\/actualite\/chroniques\/jour-de-toussaint-au-cimetiere-du-borgel\/209804\/#primaryimage"},"image":{"@id":"https:\/\/www.webdo.tn\/fr\/actualite\/chroniques\/jour-de-toussaint-au-cimetiere-du-borgel\/209804\/#primaryimage"},"thumbnailUrl":"https:\/\/www.webdo.tn\/fr\/wp-content\/uploads\/2023\/11\/7accc808a109606f42fa7fdcf2e916e7.jpg","datePublished":"2023-11-01T09:51:00+00:00","description":"Ce mercredi, comme chaque ann\u00e9e, comme chaque Toussaint, et aussi comme chaque Achoura au Djellaz, mes pas me m\u00e8neront, solitaire, vers le Borgel.","breadcrumb":{"@id":"https:\/\/www.webdo.tn\/fr\/actualite\/chroniques\/jour-de-toussaint-au-cimetiere-du-borgel\/209804\/#breadcrumb"},"inLanguage":"fr-FR","potentialAction":[{"@type":"ReadAction","target":["https:\/\/www.webdo.tn\/fr\/actualite\/chroniques\/jour-de-toussaint-au-cimetiere-du-borgel\/209804\/"]}]},{"@type":"ImageObject","inLanguage":"fr-FR","@id":"https:\/\/www.webdo.tn\/fr\/actualite\/chroniques\/jour-de-toussaint-au-cimetiere-du-borgel\/209804\/#primaryimage","url":"https:\/\/www.webdo.tn\/fr\/wp-content\/uploads\/2023\/11\/7accc808a109606f42fa7fdcf2e916e7.jpg","contentUrl":"https:\/\/www.webdo.tn\/fr\/wp-content\/uploads\/2023\/11\/7accc808a109606f42fa7fdcf2e916e7.jpg","width":750,"height":400,"caption":"Jour de Toussaint au cimeti\u00e8re du Borgel"},{"@type":"BreadcrumbList","@id":"https:\/\/www.webdo.tn\/fr\/actualite\/chroniques\/jour-de-toussaint-au-cimetiere-du-borgel\/209804\/#breadcrumb","itemListElement":[{"@type":"ListItem","position":1,"name":"Accueil","item":"https:\/\/www.webdo.tn\/fr\/"},{"@type":"ListItem","position":2,"name":"Jour de Toussaint au cimeti\u00e8re du Borgel"}]},{"@type":"WebSite","@id":"https:\/\/www.webdo.tn\/fr\/#website","url":"https:\/\/www.webdo.tn\/fr\/","name":"webdo","description":"Tunisie - News en Tunisie et \u00e0 l&#039;international sur Webdo.tn","publisher":{"@id":"https:\/\/www.webdo.tn\/fr\/#organization"},"potentialAction":[{"@type":"SearchAction","target":{"@type":"EntryPoint","urlTemplate":"https:\/\/www.webdo.tn\/fr\/?s={search_term_string}"},"query-input":{"@type":"PropertyValueSpecification","valueRequired":true,"valueName":"search_term_string"}}],"inLanguage":"fr-FR"},{"@type":"Organization","@id":"https:\/\/www.webdo.tn\/fr\/#organization","name":"Webdo","alternateName":"Webdo.tn","url":"https:\/\/www.webdo.tn\/fr\/","logo":{"@type":"ImageObject","inLanguage":"fr-FR","@id":"https:\/\/www.webdo.tn\/fr\/#\/schema\/logo\/image\/","url":"https:\/\/www.webdo.tn\/fr\/wp-content\/uploads\/2025\/06\/Webdo-Tunisie_168377.jpg","contentUrl":"https:\/\/www.webdo.tn\/fr\/wp-content\/uploads\/2025\/06\/Webdo-Tunisie_168377.jpg","width":301,"height":301,"caption":"Webdo"},"image":{"@id":"https:\/\/www.webdo.tn\/fr\/#\/schema\/logo\/image\/"},"sameAs":["https:\/\/www.facebook.com\/webdotn","https:\/\/x.com\/webdo_tn"],"description":"Webdo est un m\u00e9dia num\u00e9rique tunisien fond\u00e9 en 2010, sp\u00e9cialis\u00e9 dans l\u2019actualit\u00e9 nationale et internationale, l\u2019\u00e9conomie, la soci\u00e9t\u00e9 et les analyses politiques. Le site s\u2019adresse \u00e0 un large public francophone et couvre l\u2019information tunisienne en temps r\u00e9el.","email":"redac@webdo.tn","legalName":"YNJ SARL","foundingDate":"2010-09-06","numberOfEmployees":{"@type":"QuantitativeValue","minValue":"11","maxValue":"50"}},{"@type":"Person","@id":"https:\/\/www.webdo.tn\/fr\/#\/schema\/person\/6bc0beba2cd23aec27cb5df85ca2554f","name":"Hatem Bourial","image":{"@type":"ImageObject","inLanguage":"fr-FR","@id":"https:\/\/www.webdo.tn\/fr\/wp-content\/uploads\/2026\/04\/hatem-bourial_avatar-96x96.jpg","url":"https:\/\/www.webdo.tn\/fr\/wp-content\/uploads\/2026\/04\/hatem-bourial_avatar-96x96.jpg","contentUrl":"https:\/\/www.webdo.tn\/fr\/wp-content\/uploads\/2026\/04\/hatem-bourial_avatar-96x96.jpg","caption":"Hatem Bourial"},"description":"Hatem Bourial est journaliste, \u00e9crivain et chroniqueur tunisien. Actif depuis plusieurs d\u00e9cennies, il s\u2019est impos\u00e9 comme un observateur attentif de la soci\u00e9t\u00e9 tunisienne, m\u00ealant dans ses \u00e9crits m\u00e9moire, culture et analyse du quotidien. Auteur de nombreux ouvrages, il d\u00e9veloppe une \u0153uvre \u00e0 la crois\u00e9e du r\u00e9cit, de la po\u00e9sie et de l\u2019observation sociologique. Parall\u00e8lement \u00e0 ses contributions dans la presse, il intervient r\u00e9guli\u00e8rement \u00e0 la radio et dans des espaces culturels, o\u00f9 il explore les enjeux li\u00e9s au patrimoine, \u00e0 l\u2019identit\u00e9 et aux transformations du monde contemporain. \u00c0 travers ses chroniques, Hatem Bourial propose une lecture sensible et approfondie de l\u2019actualit\u00e9, nourrie par une exp\u00e9rience journalistique et litt\u00e9raire reconnue. \ud83d\udd17 Facebook : https:\/\/www.facebook.com\/hatem.bourial.2025","sameAs":["https:\/\/www.facebook.com\/hatem.bourial.2025","https:\/\/fr.wikipedia.org\/wiki\/Fichier:Hatem_Bourial.jpg"],"knowsAbout":["Culture & patrimoine tunisien","Chronique soci\u00e9tale","Litt\u00e9rature & m\u00e9moire","Cin\u00e9ma & critique culturelle","Identit\u00e9 & mutations sociales"],"knowsLanguage":["Arabe","Fran\u00e7ais","Anglais","Italien","Polonais"],"jobTitle":"Journaliste, \u00e9crivain et chroniqueur culturel","worksFor":"Webdo","url":"https:\/\/www.webdo.tn\/fr\/actualite\/author\/hatem-bourial-2\/"}]}},"_links":{"self":[{"href":"https:\/\/www.webdo.tn\/fr\/wp-json\/wp\/v2\/posts\/209804","targetHints":{"allow":["GET"]}}],"collection":[{"href":"https:\/\/www.webdo.tn\/fr\/wp-json\/wp\/v2\/posts"}],"about":[{"href":"https:\/\/www.webdo.tn\/fr\/wp-json\/wp\/v2\/types\/post"}],"author":[{"embeddable":true,"href":"https:\/\/www.webdo.tn\/fr\/wp-json\/wp\/v2\/users\/3229"}],"replies":[{"embeddable":true,"href":"https:\/\/www.webdo.tn\/fr\/wp-json\/wp\/v2\/comments?post=209804"}],"version-history":[{"count":0,"href":"https:\/\/www.webdo.tn\/fr\/wp-json\/wp\/v2\/posts\/209804\/revisions"}],"wp:featuredmedia":[{"embeddable":true,"href":"https:\/\/www.webdo.tn\/fr\/wp-json\/wp\/v2\/media\/248918"}],"wp:attachment":[{"href":"https:\/\/www.webdo.tn\/fr\/wp-json\/wp\/v2\/media?parent=209804"}],"wp:term":[{"taxonomy":"category","embeddable":true,"href":"https:\/\/www.webdo.tn\/fr\/wp-json\/wp\/v2\/categories?post=209804"},{"taxonomy":"post_tag","embeddable":true,"href":"https:\/\/www.webdo.tn\/fr\/wp-json\/wp\/v2\/tags?post=209804"}],"curies":[{"name":"wp","href":"https:\/\/api.w.org\/{rel}","templated":true}]}}