{"id":209800,"date":"2023-11-01T08:35:00","date_gmt":"2023-11-01T08:35:00","guid":{"rendered":"https:\/\/www.webdo.tn\/fr\/blog\/gaza-neuf-soldats-israeliens-tues-en-un-jour\/209800\/"},"modified":"2025-05-20T22:39:54","modified_gmt":"2025-05-20T22:39:54","slug":"gaza-neuf-soldats-israeliens-tues-en-un-jour","status":"publish","type":"post","link":"https:\/\/www.webdo.tn\/fr\/actualite\/international\/gaza-neuf-soldats-israeliens-tues-en-un-jour\/209800\/","title":{"rendered":"Gaza : Neuf soldats isra\u00e9liens tu\u00e9s en un jour"},"content":{"rendered":"<p>L\u2019arm\u00e9e isra\u00e9lienne a publi\u00e9 ce mercredi 1er novembre les noms de neuf soldats tu\u00e9s au combat mardi \u00e0 Gaza, portant \u00e0 326 le nombre de soldats morts depuis le 7 octobre.<\/p>\n<p>\t\t\t\t\t\t\t\t\tDeux autres soldats ont \u00e9t\u00e9 gri\u00e8vement bless\u00e9s mardi lors de combats dans le territoire palestinien, selon l\u2019arm\u00e9e, qui a lanc\u00e9 une offensive \u00e0 Gaza apr\u00e8s l\u2019attaque sanglante du Hamas contre Isra\u00ebl.<\/p>\n<p>Toujours selon la m\u00eame source, l\u2019arm\u00e9e isra\u00e9lienne a annonc\u00e9 avoir frapp\u00e9 plus de 11 000 cibles dans la bande de Gaza depuis le d\u00e9but de la guerre.\u00a0<\/p>\n<p>\u00ab Les Forces de d\u00e9fense isra\u00e9liennes ont frapp\u00e9 plus de 11 000 cibles appartenant \u00e0 des organisations terroristes dans la bande de Gaza \u00bb, a d\u00e9clar\u00e9 l\u2019arm\u00e9e.<\/p>\n","protected":false},"excerpt":{"rendered":"<p>Deux autres soldats ont \u00e9t\u00e9 gri\u00e8vement bless\u00e9s mardi lors de combats dans le territoire palestinien, selon l\u2019arm\u00e9e, qui a lanc\u00e9 une offensive \u00e0 Gaza apr\u00e8s l\u2019att&#8230;<\/p>\n","protected":false},"author":3175,"featured_media":248913,"comment_status":"open","ping_status":"closed","sticky":false,"template":"","format":"standard","meta":{"footnotes":""},"categories":[2598],"tags":[2689,2600,2636],"class_list":["post-209800","post","type-post","status-publish","format-standard","has-post-thumbnail","hentry","category-international","tag-gaza","tag-guerre","tag-israel"],"yoast_head":"<!-- This site is optimized with the Yoast SEO Premium plugin v27.4 (Yoast SEO v27.5) - https:\/\/yoast.com\/product\/yoast-seo-premium-wordpress\/ -->\n<title>Gaza : Neuf soldats isra\u00e9liens tu\u00e9s en un jour<\/title>\n<meta name=\"description\" content=\"Deux autres soldats ont \u00e9t\u00e9 gri\u00e8vement bless\u00e9s mardi lors de combats dans le territoire palestinien, selon l\u2019arm\u00e9e, qui a lanc\u00e9 une offensive \u00e0 Gaza apr\u00e8s l\u2019att...\" \/>\n<link rel=\"canonical\" href=\"https:\/\/www.webdo.tn\/fr\/actualite\/international\/gaza-neuf-soldats-israeliens-tues-en-un-jour\/209800\/\" \/>\n<meta property=\"og:locale\" content=\"fr_FR\" \/>\n<meta property=\"og:type\" content=\"article\" \/>\n<meta property=\"og:title\" content=\"Gaza : Neuf soldats isra\u00e9liens tu\u00e9s en un jour\" \/>\n<meta property=\"og:description\" content=\"Deux autres soldats ont \u00e9t\u00e9 gri\u00e8vement bless\u00e9s mardi lors de combats dans le territoire palestinien, selon l\u2019arm\u00e9e, qui a lanc\u00e9 une offensive \u00e0 Gaza apr\u00e8s l\u2019att...\" \/>\n<meta property=\"og:url\" content=\"https:\/\/www.webdo.tn\/fr\/actualite\/international\/gaza-neuf-soldats-israeliens-tues-en-un-jour\/209800\/\" \/>\n<meta property=\"og:site_name\" content=\"webdo\" \/>\n<meta property=\"article:publisher\" content=\"https:\/\/www.facebook.com\/webdotn\" \/>\n<meta property=\"article:published_time\" content=\"2023-11-01T08:35:00+00:00\" \/>\n<meta property=\"article:modified_time\" content=\"2025-05-20T22:39:54+00:00\" \/>\n<meta property=\"og:image\" content=\"https:\/\/www.webdo.tn\/fr\/wp-content\/uploads\/2023\/11\/1767424c66d9f29e28a3a96974db07e1.jpg\" \/>\n\t<meta property=\"og:image:width\" content=\"750\" \/>\n\t<meta property=\"og:image:height\" content=\"400\" \/>\n\t<meta property=\"og:image:type\" content=\"image\/jpeg\" \/>\n<meta name=\"author\" content=\"CL\" \/>\n<meta name=\"twitter:card\" content=\"summary_large_image\" \/>\n<meta name=\"twitter:creator\" content=\"@webdo_tn\" \/>\n<meta name=\"twitter:site\" content=\"@webdo_tn\" \/>\n<meta name=\"twitter:label1\" content=\"\u00c9crit par\" \/>\n\t<meta name=\"twitter:data1\" content=\"CL\" \/>\n\t<meta name=\"twitter:label2\" content=\"Dur\u00e9e de lecture estim\u00e9e\" \/>\n\t<meta name=\"twitter:data2\" content=\"1 minute\" \/>\n<script type=\"application\/ld+json\" class=\"yoast-schema-graph\">{\"@context\":\"https:\\\/\\\/schema.org\",\"@graph\":[{\"@type\":\"NewsArticle\",\"@id\":\"https:\\\/\\\/www.webdo.tn\\\/fr\\\/actualite\\\/international\\\/gaza-neuf-soldats-israeliens-tues-en-un-jour\\\/209800\\\/#article\",\"isPartOf\":{\"@id\":\"https:\\\/\\\/www.webdo.tn\\\/fr\\\/actualite\\\/international\\\/gaza-neuf-soldats-israeliens-tues-en-un-jour\\\/209800\\\/\"},\"author\":{\"name\":\"CL\",\"@id\":\"https:\\\/\\\/www.webdo.tn\\\/fr\\\/#\\\/schema\\\/person\\\/f35b42a42c5e2511bbd282959d6385cc\"},\"headline\":\"Gaza : Neuf soldats isra\u00e9liens tu\u00e9s en un jour\",\"datePublished\":\"2023-11-01T08:35:00+00:00\",\"dateModified\":\"2025-05-20T22:39:54+00:00\",\"mainEntityOfPage\":{\"@id\":\"https:\\\/\\\/www.webdo.tn\\\/fr\\\/actualite\\\/international\\\/gaza-neuf-soldats-israeliens-tues-en-un-jour\\\/209800\\\/\"},\"wordCount\":135,\"commentCount\":0,\"publisher\":{\"@id\":\"https:\\\/\\\/www.webdo.tn\\\/fr\\\/#organization\"},\"image\":{\"@id\":\"https:\\\/\\\/www.webdo.tn\\\/fr\\\/actualite\\\/international\\\/gaza-neuf-soldats-israeliens-tues-en-un-jour\\\/209800\\\/#primaryimage\"},\"thumbnailUrl\":\"https:\\\/\\\/www.webdo.tn\\\/fr\\\/wp-content\\\/uploads\\\/2023\\\/11\\\/1767424c66d9f29e28a3a96974db07e1.jpg\",\"keywords\":[\"Gaza\",\"guerre\",\"isra\u00ebl\"],\"articleSection\":[\"International\"],\"inLanguage\":\"fr-FR\"},{\"@type\":\"WebPage\",\"@id\":\"https:\\\/\\\/www.webdo.tn\\\/fr\\\/actualite\\\/international\\\/gaza-neuf-soldats-israeliens-tues-en-un-jour\\\/209800\\\/\",\"url\":\"https:\\\/\\\/www.webdo.tn\\\/fr\\\/actualite\\\/international\\\/gaza-neuf-soldats-israeliens-tues-en-un-jour\\\/209800\\\/\",\"name\":\"Gaza : Neuf soldats isra\u00e9liens tu\u00e9s en un jour\",\"isPartOf\":{\"@id\":\"https:\\\/\\\/www.webdo.tn\\\/fr\\\/#website\"},\"primaryImageOfPage\":{\"@id\":\"https:\\\/\\\/www.webdo.tn\\\/fr\\\/actualite\\\/international\\\/gaza-neuf-soldats-israeliens-tues-en-un-jour\\\/209800\\\/#primaryimage\"},\"image\":{\"@id\":\"https:\\\/\\\/www.webdo.tn\\\/fr\\\/actualite\\\/international\\\/gaza-neuf-soldats-israeliens-tues-en-un-jour\\\/209800\\\/#primaryimage\"},\"thumbnailUrl\":\"https:\\\/\\\/www.webdo.tn\\\/fr\\\/wp-content\\\/uploads\\\/2023\\\/11\\\/1767424c66d9f29e28a3a96974db07e1.jpg\",\"datePublished\":\"2023-11-01T08:35:00+00:00\",\"dateModified\":\"2025-05-20T22:39:54+00:00\",\"description\":\"Deux autres soldats ont \u00e9t\u00e9 gri\u00e8vement bless\u00e9s mardi lors de combats dans le territoire palestinien, selon l\u2019arm\u00e9e, qui a lanc\u00e9 une offensive \u00e0 Gaza apr\u00e8s l\u2019att...\",\"breadcrumb\":{\"@id\":\"https:\\\/\\\/www.webdo.tn\\\/fr\\\/actualite\\\/international\\\/gaza-neuf-soldats-israeliens-tues-en-un-jour\\\/209800\\\/#breadcrumb\"},\"inLanguage\":\"fr-FR\",\"potentialAction\":[{\"@type\":\"ReadAction\",\"target\":[\"https:\\\/\\\/www.webdo.tn\\\/fr\\\/actualite\\\/international\\\/gaza-neuf-soldats-israeliens-tues-en-un-jour\\\/209800\\\/\"]}]},{\"@type\":\"ImageObject\",\"inLanguage\":\"fr-FR\",\"@id\":\"https:\\\/\\\/www.webdo.tn\\\/fr\\\/actualite\\\/international\\\/gaza-neuf-soldats-israeliens-tues-en-un-jour\\\/209800\\\/#primaryimage\",\"url\":\"https:\\\/\\\/www.webdo.tn\\\/fr\\\/wp-content\\\/uploads\\\/2023\\\/11\\\/1767424c66d9f29e28a3a96974db07e1.jpg\",\"contentUrl\":\"https:\\\/\\\/www.webdo.tn\\\/fr\\\/wp-content\\\/uploads\\\/2023\\\/11\\\/1767424c66d9f29e28a3a96974db07e1.jpg\",\"width\":750,\"height\":400,\"caption\":\"Gaza : Neuf soldats isra\u00e9liens tu\u00e9s en un jour\"},{\"@type\":\"BreadcrumbList\",\"@id\":\"https:\\\/\\\/www.webdo.tn\\\/fr\\\/actualite\\\/international\\\/gaza-neuf-soldats-israeliens-tues-en-un-jour\\\/209800\\\/#breadcrumb\",\"itemListElement\":[{\"@type\":\"ListItem\",\"position\":1,\"name\":\"Accueil\",\"item\":\"https:\\\/\\\/www.webdo.tn\\\/fr\\\/\"},{\"@type\":\"ListItem\",\"position\":2,\"name\":\"Gaza : Neuf soldats isra\u00e9liens tu\u00e9s en un jour\"}]},{\"@type\":\"WebSite\",\"@id\":\"https:\\\/\\\/www.webdo.tn\\\/fr\\\/#website\",\"url\":\"https:\\\/\\\/www.webdo.tn\\\/fr\\\/\",\"name\":\"webdo\",\"description\":\"Tunisie - News en Tunisie et \u00e0 l&#039;international sur Webdo.tn\",\"publisher\":{\"@id\":\"https:\\\/\\\/www.webdo.tn\\\/fr\\\/#organization\"},\"potentialAction\":[{\"@type\":\"SearchAction\",\"target\":{\"@type\":\"EntryPoint\",\"urlTemplate\":\"https:\\\/\\\/www.webdo.tn\\\/fr\\\/?s={search_term_string}\"},\"query-input\":{\"@type\":\"PropertyValueSpecification\",\"valueRequired\":true,\"valueName\":\"search_term_string\"}}],\"inLanguage\":\"fr-FR\"},{\"@type\":\"Organization\",\"@id\":\"https:\\\/\\\/www.webdo.tn\\\/fr\\\/#organization\",\"name\":\"Webdo\",\"alternateName\":\"Webdo.tn\",\"url\":\"https:\\\/\\\/www.webdo.tn\\\/fr\\\/\",\"logo\":{\"@type\":\"ImageObject\",\"inLanguage\":\"fr-FR\",\"@id\":\"https:\\\/\\\/www.webdo.tn\\\/fr\\\/#\\\/schema\\\/logo\\\/image\\\/\",\"url\":\"https:\\\/\\\/www.webdo.tn\\\/fr\\\/wp-content\\\/uploads\\\/2025\\\/06\\\/Webdo-Tunisie_168377.jpg\",\"contentUrl\":\"https:\\\/\\\/www.webdo.tn\\\/fr\\\/wp-content\\\/uploads\\\/2025\\\/06\\\/Webdo-Tunisie_168377.jpg\",\"width\":301,\"height\":301,\"caption\":\"Webdo\"},\"image\":{\"@id\":\"https:\\\/\\\/www.webdo.tn\\\/fr\\\/#\\\/schema\\\/logo\\\/image\\\/\"},\"sameAs\":[\"https:\\\/\\\/www.facebook.com\\\/webdotn\",\"https:\\\/\\\/x.com\\\/webdo_tn\"],\"description\":\"Webdo est un m\u00e9dia num\u00e9rique tunisien fond\u00e9 en 2010, sp\u00e9cialis\u00e9 dans l\u2019actualit\u00e9 nationale et internationale, l\u2019\u00e9conomie, la soci\u00e9t\u00e9 et les analyses politiques. Le site s\u2019adresse \u00e0 un large public francophone et couvre l\u2019information tunisienne en temps r\u00e9el.\",\"email\":\"redac@webdo.tn\",\"legalName\":\"YNJ SARL\",\"foundingDate\":\"2010-09-06\",\"numberOfEmployees\":{\"@type\":\"QuantitativeValue\",\"minValue\":\"11\",\"maxValue\":\"50\"}},{\"@type\":\"Person\",\"@id\":\"https:\\\/\\\/www.webdo.tn\\\/fr\\\/#\\\/schema\\\/person\\\/f35b42a42c5e2511bbd282959d6385cc\",\"name\":\"CL\",\"image\":{\"@type\":\"ImageObject\",\"inLanguage\":\"fr-FR\",\"@id\":\"https:\\\/\\\/secure.gravatar.com\\\/avatar\\\/1447a49909b67aa657c488aec6512e1dd6143a480c1ecfee9b5b5cd74eb3b59e?s=96&d=mm&r=g\",\"url\":\"https:\\\/\\\/secure.gravatar.com\\\/avatar\\\/1447a49909b67aa657c488aec6512e1dd6143a480c1ecfee9b5b5cd74eb3b59e?s=96&d=mm&r=g\",\"contentUrl\":\"https:\\\/\\\/secure.gravatar.com\\\/avatar\\\/1447a49909b67aa657c488aec6512e1dd6143a480c1ecfee9b5b5cd74eb3b59e?s=96&d=mm&r=g\",\"caption\":\"CL\"},\"url\":\"https:\\\/\\\/www.webdo.tn\\\/fr\\\/actualite\\\/author\\\/cl\\\/\"}]}<\/script>\n<!-- \/ Yoast SEO Premium plugin. -->","yoast_head_json":{"title":"Gaza : Neuf soldats isra\u00e9liens tu\u00e9s en un jour","description":"Deux autres soldats ont \u00e9t\u00e9 gri\u00e8vement bless\u00e9s mardi lors de combats dans le territoire palestinien, selon l\u2019arm\u00e9e, qui a lanc\u00e9 une offensive \u00e0 Gaza apr\u00e8s l\u2019att...","canonical":"https:\/\/www.webdo.tn\/fr\/actualite\/international\/gaza-neuf-soldats-israeliens-tues-en-un-jour\/209800\/","og_locale":"fr_FR","og_type":"article","og_title":"Gaza : Neuf soldats isra\u00e9liens tu\u00e9s en un jour","og_description":"Deux autres soldats ont \u00e9t\u00e9 gri\u00e8vement bless\u00e9s mardi lors de combats dans le territoire palestinien, selon l\u2019arm\u00e9e, qui a lanc\u00e9 une offensive \u00e0 Gaza apr\u00e8s l\u2019att...","og_url":"https:\/\/www.webdo.tn\/fr\/actualite\/international\/gaza-neuf-soldats-israeliens-tues-en-un-jour\/209800\/","og_site_name":"webdo","article_publisher":"https:\/\/www.facebook.com\/webdotn","article_published_time":"2023-11-01T08:35:00+00:00","article_modified_time":"2025-05-20T22:39:54+00:00","og_image":[{"width":750,"height":400,"url":"https:\/\/www.webdo.tn\/fr\/wp-content\/uploads\/2023\/11\/1767424c66d9f29e28a3a96974db07e1.jpg","type":"image\/jpeg"}],"author":"CL","twitter_card":"summary_large_image","twitter_creator":"@webdo_tn","twitter_site":"@webdo_tn","twitter_misc":{"\u00c9crit par":"CL","Dur\u00e9e de lecture estim\u00e9e":"1 minute"},"schema":{"@context":"https:\/\/schema.org","@graph":[{"@type":"NewsArticle","@id":"https:\/\/www.webdo.tn\/fr\/actualite\/international\/gaza-neuf-soldats-israeliens-tues-en-un-jour\/209800\/#article","isPartOf":{"@id":"https:\/\/www.webdo.tn\/fr\/actualite\/international\/gaza-neuf-soldats-israeliens-tues-en-un-jour\/209800\/"},"author":{"name":"CL","@id":"https:\/\/www.webdo.tn\/fr\/#\/schema\/person\/f35b42a42c5e2511bbd282959d6385cc"},"headline":"Gaza : Neuf soldats isra\u00e9liens tu\u00e9s en un jour","datePublished":"2023-11-01T08:35:00+00:00","dateModified":"2025-05-20T22:39:54+00:00","mainEntityOfPage":{"@id":"https:\/\/www.webdo.tn\/fr\/actualite\/international\/gaza-neuf-soldats-israeliens-tues-en-un-jour\/209800\/"},"wordCount":135,"commentCount":0,"publisher":{"@id":"https:\/\/www.webdo.tn\/fr\/#organization"},"image":{"@id":"https:\/\/www.webdo.tn\/fr\/actualite\/international\/gaza-neuf-soldats-israeliens-tues-en-un-jour\/209800\/#primaryimage"},"thumbnailUrl":"https:\/\/www.webdo.tn\/fr\/wp-content\/uploads\/2023\/11\/1767424c66d9f29e28a3a96974db07e1.jpg","keywords":["Gaza","guerre","isra\u00ebl"],"articleSection":["International"],"inLanguage":"fr-FR"},{"@type":"WebPage","@id":"https:\/\/www.webdo.tn\/fr\/actualite\/international\/gaza-neuf-soldats-israeliens-tues-en-un-jour\/209800\/","url":"https:\/\/www.webdo.tn\/fr\/actualite\/international\/gaza-neuf-soldats-israeliens-tues-en-un-jour\/209800\/","name":"Gaza : Neuf soldats isra\u00e9liens tu\u00e9s en un jour","isPartOf":{"@id":"https:\/\/www.webdo.tn\/fr\/#website"},"primaryImageOfPage":{"@id":"https:\/\/www.webdo.tn\/fr\/actualite\/international\/gaza-neuf-soldats-israeliens-tues-en-un-jour\/209800\/#primaryimage"},"image":{"@id":"https:\/\/www.webdo.tn\/fr\/actualite\/international\/gaza-neuf-soldats-israeliens-tues-en-un-jour\/209800\/#primaryimage"},"thumbnailUrl":"https:\/\/www.webdo.tn\/fr\/wp-content\/uploads\/2023\/11\/1767424c66d9f29e28a3a96974db07e1.jpg","datePublished":"2023-11-01T08:35:00+00:00","dateModified":"2025-05-20T22:39:54+00:00","description":"Deux autres soldats ont \u00e9t\u00e9 gri\u00e8vement bless\u00e9s mardi lors de combats dans le territoire palestinien, selon l\u2019arm\u00e9e, qui a lanc\u00e9 une offensive \u00e0 Gaza apr\u00e8s l\u2019att...","breadcrumb":{"@id":"https:\/\/www.webdo.tn\/fr\/actualite\/international\/gaza-neuf-soldats-israeliens-tues-en-un-jour\/209800\/#breadcrumb"},"inLanguage":"fr-FR","potentialAction":[{"@type":"ReadAction","target":["https:\/\/www.webdo.tn\/fr\/actualite\/international\/gaza-neuf-soldats-israeliens-tues-en-un-jour\/209800\/"]}]},{"@type":"ImageObject","inLanguage":"fr-FR","@id":"https:\/\/www.webdo.tn\/fr\/actualite\/international\/gaza-neuf-soldats-israeliens-tues-en-un-jour\/209800\/#primaryimage","url":"https:\/\/www.webdo.tn\/fr\/wp-content\/uploads\/2023\/11\/1767424c66d9f29e28a3a96974db07e1.jpg","contentUrl":"https:\/\/www.webdo.tn\/fr\/wp-content\/uploads\/2023\/11\/1767424c66d9f29e28a3a96974db07e1.jpg","width":750,"height":400,"caption":"Gaza : Neuf soldats isra\u00e9liens tu\u00e9s en un jour"},{"@type":"BreadcrumbList","@id":"https:\/\/www.webdo.tn\/fr\/actualite\/international\/gaza-neuf-soldats-israeliens-tues-en-un-jour\/209800\/#breadcrumb","itemListElement":[{"@type":"ListItem","position":1,"name":"Accueil","item":"https:\/\/www.webdo.tn\/fr\/"},{"@type":"ListItem","position":2,"name":"Gaza : Neuf soldats isra\u00e9liens tu\u00e9s en un jour"}]},{"@type":"WebSite","@id":"https:\/\/www.webdo.tn\/fr\/#website","url":"https:\/\/www.webdo.tn\/fr\/","name":"webdo","description":"Tunisie - News en Tunisie et \u00e0 l&#039;international sur Webdo.tn","publisher":{"@id":"https:\/\/www.webdo.tn\/fr\/#organization"},"potentialAction":[{"@type":"SearchAction","target":{"@type":"EntryPoint","urlTemplate":"https:\/\/www.webdo.tn\/fr\/?s={search_term_string}"},"query-input":{"@type":"PropertyValueSpecification","valueRequired":true,"valueName":"search_term_string"}}],"inLanguage":"fr-FR"},{"@type":"Organization","@id":"https:\/\/www.webdo.tn\/fr\/#organization","name":"Webdo","alternateName":"Webdo.tn","url":"https:\/\/www.webdo.tn\/fr\/","logo":{"@type":"ImageObject","inLanguage":"fr-FR","@id":"https:\/\/www.webdo.tn\/fr\/#\/schema\/logo\/image\/","url":"https:\/\/www.webdo.tn\/fr\/wp-content\/uploads\/2025\/06\/Webdo-Tunisie_168377.jpg","contentUrl":"https:\/\/www.webdo.tn\/fr\/wp-content\/uploads\/2025\/06\/Webdo-Tunisie_168377.jpg","width":301,"height":301,"caption":"Webdo"},"image":{"@id":"https:\/\/www.webdo.tn\/fr\/#\/schema\/logo\/image\/"},"sameAs":["https:\/\/www.facebook.com\/webdotn","https:\/\/x.com\/webdo_tn"],"description":"Webdo est un m\u00e9dia num\u00e9rique tunisien fond\u00e9 en 2010, sp\u00e9cialis\u00e9 dans l\u2019actualit\u00e9 nationale et internationale, l\u2019\u00e9conomie, la soci\u00e9t\u00e9 et les analyses politiques. Le site s\u2019adresse \u00e0 un large public francophone et couvre l\u2019information tunisienne en temps r\u00e9el.","email":"redac@webdo.tn","legalName":"YNJ SARL","foundingDate":"2010-09-06","numberOfEmployees":{"@type":"QuantitativeValue","minValue":"11","maxValue":"50"}},{"@type":"Person","@id":"https:\/\/www.webdo.tn\/fr\/#\/schema\/person\/f35b42a42c5e2511bbd282959d6385cc","name":"CL","image":{"@type":"ImageObject","inLanguage":"fr-FR","@id":"https:\/\/secure.gravatar.com\/avatar\/1447a49909b67aa657c488aec6512e1dd6143a480c1ecfee9b5b5cd74eb3b59e?s=96&d=mm&r=g","url":"https:\/\/secure.gravatar.com\/avatar\/1447a49909b67aa657c488aec6512e1dd6143a480c1ecfee9b5b5cd74eb3b59e?s=96&d=mm&r=g","contentUrl":"https:\/\/secure.gravatar.com\/avatar\/1447a49909b67aa657c488aec6512e1dd6143a480c1ecfee9b5b5cd74eb3b59e?s=96&d=mm&r=g","caption":"CL"},"url":"https:\/\/www.webdo.tn\/fr\/actualite\/author\/cl\/"}]}},"_links":{"self":[{"href":"https:\/\/www.webdo.tn\/fr\/wp-json\/wp\/v2\/posts\/209800","targetHints":{"allow":["GET"]}}],"collection":[{"href":"https:\/\/www.webdo.tn\/fr\/wp-json\/wp\/v2\/posts"}],"about":[{"href":"https:\/\/www.webdo.tn\/fr\/wp-json\/wp\/v2\/types\/post"}],"author":[{"embeddable":true,"href":"https:\/\/www.webdo.tn\/fr\/wp-json\/wp\/v2\/users\/3175"}],"replies":[{"embeddable":true,"href":"https:\/\/www.webdo.tn\/fr\/wp-json\/wp\/v2\/comments?post=209800"}],"version-history":[{"count":0,"href":"https:\/\/www.webdo.tn\/fr\/wp-json\/wp\/v2\/posts\/209800\/revisions"}],"wp:featuredmedia":[{"embeddable":true,"href":"https:\/\/www.webdo.tn\/fr\/wp-json\/wp\/v2\/media\/248913"}],"wp:attachment":[{"href":"https:\/\/www.webdo.tn\/fr\/wp-json\/wp\/v2\/media?parent=209800"}],"wp:term":[{"taxonomy":"category","embeddable":true,"href":"https:\/\/www.webdo.tn\/fr\/wp-json\/wp\/v2\/categories?post=209800"},{"taxonomy":"post_tag","embeddable":true,"href":"https:\/\/www.webdo.tn\/fr\/wp-json\/wp\/v2\/tags?post=209800"}],"curies":[{"name":"wp","href":"https:\/\/api.w.org\/{rel}","templated":true}]}}