{"id":209798,"date":"2023-11-01T08:23:00","date_gmt":"2023-11-01T08:23:00","guid":{"rendered":"https:\/\/www.webdo.tn\/fr\/blog\/la-bolivie-rompt-ses-relations-diplomatiques-avec-israel\/209798\/"},"modified":"2025-05-20T22:39:54","modified_gmt":"2025-05-20T22:39:54","slug":"la-bolivie-rompt-ses-relations-diplomatiques-avec-israel","status":"publish","type":"post","link":"https:\/\/www.webdo.tn\/fr\/actualite\/international\/la-bolivie-rompt-ses-relations-diplomatiques-avec-israel\/209798\/","title":{"rendered":"La Bolivie rompt ses relations diplomatiques avec Isra\u00ebl"},"content":{"rendered":"<p>Le gouvernement bolivien a annonc\u00e9 mardi la rupture des liens diplomatiques avec Isra\u00ebl \u00ab en signe de rejet et de condamnation de l&rsquo;offensive militaire isra\u00e9lienne agressive et disproportionn\u00e9e men\u00e9e dans la bande de Gaza \u00bb.<\/p>\n<p>\t\t\t\t\t\t\t\t\tLe minist\u00e8re isra\u00e9lien des Affaires \u00e9trang\u00e8res a qualifi\u00e9 mercredi de \u00ab capitulation face au terrorisme \u00bb la rupture des relations diplomatiques annonc\u00e9e par la Bolivie.<\/p>\n<p>\u00ab La d\u00e9cision de la Bolivie de rompre les liens diplomatiques avec Isra\u00ebl est une capitulation face au terrorisme et au r\u00e9gime des ayatollahs en Iran \u00bb, a dit le porte-parole du minist\u00e8re dans un communiqu\u00e9.<\/p>\n","protected":false},"excerpt":{"rendered":"<p>Le minist\u00e8re isra\u00e9lien des Affaires \u00e9trang\u00e8res a qualifi\u00e9 mercredi de \u00ab capitulation face au terrorisme \u00bb la rupture des relations diplomatiques annonc\u00e9e par la&#8230;<\/p>\n","protected":false},"author":3175,"featured_media":248912,"comment_status":"open","ping_status":"closed","sticky":false,"template":"","format":"standard","meta":{"footnotes":""},"categories":[2598],"tags":[7646,2990,2636],"class_list":["post-209798","post","type-post","status-publish","format-standard","has-post-thumbnail","hentry","category-international","tag-bolivie","tag-diplomatie","tag-israel"],"yoast_head":"<!-- This site is optimized with the Yoast SEO Premium plugin v27.4 (Yoast SEO v27.5) - https:\/\/yoast.com\/product\/yoast-seo-premium-wordpress\/ -->\n<title>La Bolivie rompt ses relations diplomatiques avec Isra\u00ebl<\/title>\n<meta name=\"description\" content=\"Le minist\u00e8re isra\u00e9lien des Affaires \u00e9trang\u00e8res a qualifi\u00e9 mercredi de \u00ab capitulation face au terrorisme \u00bb la rupture des relations diplomatiques annonc\u00e9e par la...\" \/>\n<link rel=\"canonical\" href=\"https:\/\/www.webdo.tn\/fr\/actualite\/international\/la-bolivie-rompt-ses-relations-diplomatiques-avec-israel\/209798\/\" \/>\n<meta property=\"og:locale\" content=\"fr_FR\" \/>\n<meta property=\"og:type\" content=\"article\" \/>\n<meta property=\"og:title\" content=\"La Bolivie rompt ses relations diplomatiques avec Isra\u00ebl\" \/>\n<meta property=\"og:description\" content=\"Le minist\u00e8re isra\u00e9lien des Affaires \u00e9trang\u00e8res a qualifi\u00e9 mercredi de \u00ab capitulation face au terrorisme \u00bb la rupture des relations diplomatiques annonc\u00e9e par la...\" \/>\n<meta property=\"og:url\" content=\"https:\/\/www.webdo.tn\/fr\/actualite\/international\/la-bolivie-rompt-ses-relations-diplomatiques-avec-israel\/209798\/\" \/>\n<meta property=\"og:site_name\" content=\"webdo\" \/>\n<meta property=\"article:publisher\" content=\"https:\/\/www.facebook.com\/webdotn\" \/>\n<meta property=\"article:published_time\" content=\"2023-11-01T08:23:00+00:00\" \/>\n<meta property=\"article:modified_time\" content=\"2025-05-20T22:39:54+00:00\" \/>\n<meta property=\"og:image\" content=\"https:\/\/www.webdo.tn\/fr\/wp-content\/uploads\/2023\/11\/845dda42d2e48741dd619e5f8327c5b7.jpeg\" \/>\n\t<meta property=\"og:image:width\" content=\"750\" \/>\n\t<meta property=\"og:image:height\" content=\"400\" \/>\n\t<meta property=\"og:image:type\" content=\"image\/jpeg\" \/>\n<meta name=\"author\" content=\"CL\" \/>\n<meta name=\"twitter:card\" content=\"summary_large_image\" \/>\n<meta name=\"twitter:creator\" content=\"@webdo_tn\" \/>\n<meta name=\"twitter:site\" content=\"@webdo_tn\" \/>\n<meta name=\"twitter:label1\" content=\"\u00c9crit par\" \/>\n\t<meta name=\"twitter:data1\" content=\"CL\" \/>\n\t<meta name=\"twitter:label2\" content=\"Dur\u00e9e de lecture estim\u00e9e\" \/>\n\t<meta name=\"twitter:data2\" content=\"1 minute\" \/>\n<script type=\"application\/ld+json\" class=\"yoast-schema-graph\">{\"@context\":\"https:\\\/\\\/schema.org\",\"@graph\":[{\"@type\":\"NewsArticle\",\"@id\":\"https:\\\/\\\/www.webdo.tn\\\/fr\\\/actualite\\\/international\\\/la-bolivie-rompt-ses-relations-diplomatiques-avec-israel\\\/209798\\\/#article\",\"isPartOf\":{\"@id\":\"https:\\\/\\\/www.webdo.tn\\\/fr\\\/actualite\\\/international\\\/la-bolivie-rompt-ses-relations-diplomatiques-avec-israel\\\/209798\\\/\"},\"author\":{\"name\":\"CL\",\"@id\":\"https:\\\/\\\/www.webdo.tn\\\/fr\\\/#\\\/schema\\\/person\\\/f35b42a42c5e2511bbd282959d6385cc\"},\"headline\":\"La Bolivie rompt ses relations diplomatiques avec Isra\u00ebl\",\"datePublished\":\"2023-11-01T08:23:00+00:00\",\"dateModified\":\"2025-05-20T22:39:54+00:00\",\"mainEntityOfPage\":{\"@id\":\"https:\\\/\\\/www.webdo.tn\\\/fr\\\/actualite\\\/international\\\/la-bolivie-rompt-ses-relations-diplomatiques-avec-israel\\\/209798\\\/\"},\"wordCount\":112,\"commentCount\":0,\"publisher\":{\"@id\":\"https:\\\/\\\/www.webdo.tn\\\/fr\\\/#organization\"},\"image\":{\"@id\":\"https:\\\/\\\/www.webdo.tn\\\/fr\\\/actualite\\\/international\\\/la-bolivie-rompt-ses-relations-diplomatiques-avec-israel\\\/209798\\\/#primaryimage\"},\"thumbnailUrl\":\"https:\\\/\\\/www.webdo.tn\\\/fr\\\/wp-content\\\/uploads\\\/2023\\\/11\\\/845dda42d2e48741dd619e5f8327c5b7.jpeg\",\"keywords\":[\"Bolivie\",\"Diplomatie\",\"isra\u00ebl\"],\"articleSection\":[\"International\"],\"inLanguage\":\"fr-FR\"},{\"@type\":\"WebPage\",\"@id\":\"https:\\\/\\\/www.webdo.tn\\\/fr\\\/actualite\\\/international\\\/la-bolivie-rompt-ses-relations-diplomatiques-avec-israel\\\/209798\\\/\",\"url\":\"https:\\\/\\\/www.webdo.tn\\\/fr\\\/actualite\\\/international\\\/la-bolivie-rompt-ses-relations-diplomatiques-avec-israel\\\/209798\\\/\",\"name\":\"La Bolivie rompt ses relations diplomatiques avec Isra\u00ebl\",\"isPartOf\":{\"@id\":\"https:\\\/\\\/www.webdo.tn\\\/fr\\\/#website\"},\"primaryImageOfPage\":{\"@id\":\"https:\\\/\\\/www.webdo.tn\\\/fr\\\/actualite\\\/international\\\/la-bolivie-rompt-ses-relations-diplomatiques-avec-israel\\\/209798\\\/#primaryimage\"},\"image\":{\"@id\":\"https:\\\/\\\/www.webdo.tn\\\/fr\\\/actualite\\\/international\\\/la-bolivie-rompt-ses-relations-diplomatiques-avec-israel\\\/209798\\\/#primaryimage\"},\"thumbnailUrl\":\"https:\\\/\\\/www.webdo.tn\\\/fr\\\/wp-content\\\/uploads\\\/2023\\\/11\\\/845dda42d2e48741dd619e5f8327c5b7.jpeg\",\"datePublished\":\"2023-11-01T08:23:00+00:00\",\"dateModified\":\"2025-05-20T22:39:54+00:00\",\"description\":\"Le minist\u00e8re isra\u00e9lien des Affaires \u00e9trang\u00e8res a qualifi\u00e9 mercredi de \u00ab capitulation face au terrorisme \u00bb la rupture des relations diplomatiques annonc\u00e9e par la...\",\"breadcrumb\":{\"@id\":\"https:\\\/\\\/www.webdo.tn\\\/fr\\\/actualite\\\/international\\\/la-bolivie-rompt-ses-relations-diplomatiques-avec-israel\\\/209798\\\/#breadcrumb\"},\"inLanguage\":\"fr-FR\",\"potentialAction\":[{\"@type\":\"ReadAction\",\"target\":[\"https:\\\/\\\/www.webdo.tn\\\/fr\\\/actualite\\\/international\\\/la-bolivie-rompt-ses-relations-diplomatiques-avec-israel\\\/209798\\\/\"]}]},{\"@type\":\"ImageObject\",\"inLanguage\":\"fr-FR\",\"@id\":\"https:\\\/\\\/www.webdo.tn\\\/fr\\\/actualite\\\/international\\\/la-bolivie-rompt-ses-relations-diplomatiques-avec-israel\\\/209798\\\/#primaryimage\",\"url\":\"https:\\\/\\\/www.webdo.tn\\\/fr\\\/wp-content\\\/uploads\\\/2023\\\/11\\\/845dda42d2e48741dd619e5f8327c5b7.jpeg\",\"contentUrl\":\"https:\\\/\\\/www.webdo.tn\\\/fr\\\/wp-content\\\/uploads\\\/2023\\\/11\\\/845dda42d2e48741dd619e5f8327c5b7.jpeg\",\"width\":750,\"height\":400,\"caption\":\"La Bolivie rompt ses relations diplomatiques avec Isra\u00ebl\"},{\"@type\":\"BreadcrumbList\",\"@id\":\"https:\\\/\\\/www.webdo.tn\\\/fr\\\/actualite\\\/international\\\/la-bolivie-rompt-ses-relations-diplomatiques-avec-israel\\\/209798\\\/#breadcrumb\",\"itemListElement\":[{\"@type\":\"ListItem\",\"position\":1,\"name\":\"Accueil\",\"item\":\"https:\\\/\\\/www.webdo.tn\\\/fr\\\/\"},{\"@type\":\"ListItem\",\"position\":2,\"name\":\"La Bolivie rompt ses relations diplomatiques avec Isra\u00ebl\"}]},{\"@type\":\"WebSite\",\"@id\":\"https:\\\/\\\/www.webdo.tn\\\/fr\\\/#website\",\"url\":\"https:\\\/\\\/www.webdo.tn\\\/fr\\\/\",\"name\":\"webdo\",\"description\":\"Tunisie - News en Tunisie et \u00e0 l&#039;international sur Webdo.tn\",\"publisher\":{\"@id\":\"https:\\\/\\\/www.webdo.tn\\\/fr\\\/#organization\"},\"potentialAction\":[{\"@type\":\"SearchAction\",\"target\":{\"@type\":\"EntryPoint\",\"urlTemplate\":\"https:\\\/\\\/www.webdo.tn\\\/fr\\\/?s={search_term_string}\"},\"query-input\":{\"@type\":\"PropertyValueSpecification\",\"valueRequired\":true,\"valueName\":\"search_term_string\"}}],\"inLanguage\":\"fr-FR\"},{\"@type\":\"Organization\",\"@id\":\"https:\\\/\\\/www.webdo.tn\\\/fr\\\/#organization\",\"name\":\"Webdo\",\"alternateName\":\"Webdo.tn\",\"url\":\"https:\\\/\\\/www.webdo.tn\\\/fr\\\/\",\"logo\":{\"@type\":\"ImageObject\",\"inLanguage\":\"fr-FR\",\"@id\":\"https:\\\/\\\/www.webdo.tn\\\/fr\\\/#\\\/schema\\\/logo\\\/image\\\/\",\"url\":\"https:\\\/\\\/www.webdo.tn\\\/fr\\\/wp-content\\\/uploads\\\/2025\\\/06\\\/Webdo-Tunisie_168377.jpg\",\"contentUrl\":\"https:\\\/\\\/www.webdo.tn\\\/fr\\\/wp-content\\\/uploads\\\/2025\\\/06\\\/Webdo-Tunisie_168377.jpg\",\"width\":301,\"height\":301,\"caption\":\"Webdo\"},\"image\":{\"@id\":\"https:\\\/\\\/www.webdo.tn\\\/fr\\\/#\\\/schema\\\/logo\\\/image\\\/\"},\"sameAs\":[\"https:\\\/\\\/www.facebook.com\\\/webdotn\",\"https:\\\/\\\/x.com\\\/webdo_tn\"],\"description\":\"Webdo est un m\u00e9dia num\u00e9rique tunisien fond\u00e9 en 2010, sp\u00e9cialis\u00e9 dans l\u2019actualit\u00e9 nationale et internationale, l\u2019\u00e9conomie, la soci\u00e9t\u00e9 et les analyses politiques. Le site s\u2019adresse \u00e0 un large public francophone et couvre l\u2019information tunisienne en temps r\u00e9el.\",\"email\":\"redac@webdo.tn\",\"legalName\":\"YNJ SARL\",\"foundingDate\":\"2010-09-06\",\"numberOfEmployees\":{\"@type\":\"QuantitativeValue\",\"minValue\":\"11\",\"maxValue\":\"50\"}},{\"@type\":\"Person\",\"@id\":\"https:\\\/\\\/www.webdo.tn\\\/fr\\\/#\\\/schema\\\/person\\\/f35b42a42c5e2511bbd282959d6385cc\",\"name\":\"CL\",\"image\":{\"@type\":\"ImageObject\",\"inLanguage\":\"fr-FR\",\"@id\":\"https:\\\/\\\/secure.gravatar.com\\\/avatar\\\/1447a49909b67aa657c488aec6512e1dd6143a480c1ecfee9b5b5cd74eb3b59e?s=96&d=mm&r=g\",\"url\":\"https:\\\/\\\/secure.gravatar.com\\\/avatar\\\/1447a49909b67aa657c488aec6512e1dd6143a480c1ecfee9b5b5cd74eb3b59e?s=96&d=mm&r=g\",\"contentUrl\":\"https:\\\/\\\/secure.gravatar.com\\\/avatar\\\/1447a49909b67aa657c488aec6512e1dd6143a480c1ecfee9b5b5cd74eb3b59e?s=96&d=mm&r=g\",\"caption\":\"CL\"},\"url\":\"https:\\\/\\\/www.webdo.tn\\\/fr\\\/actualite\\\/author\\\/cl\\\/\"}]}<\/script>\n<!-- \/ Yoast SEO Premium plugin. -->","yoast_head_json":{"title":"La Bolivie rompt ses relations diplomatiques avec Isra\u00ebl","description":"Le minist\u00e8re isra\u00e9lien des Affaires \u00e9trang\u00e8res a qualifi\u00e9 mercredi de \u00ab capitulation face au terrorisme \u00bb la rupture des relations diplomatiques annonc\u00e9e par la...","canonical":"https:\/\/www.webdo.tn\/fr\/actualite\/international\/la-bolivie-rompt-ses-relations-diplomatiques-avec-israel\/209798\/","og_locale":"fr_FR","og_type":"article","og_title":"La Bolivie rompt ses relations diplomatiques avec Isra\u00ebl","og_description":"Le minist\u00e8re isra\u00e9lien des Affaires \u00e9trang\u00e8res a qualifi\u00e9 mercredi de \u00ab capitulation face au terrorisme \u00bb la rupture des relations diplomatiques annonc\u00e9e par la...","og_url":"https:\/\/www.webdo.tn\/fr\/actualite\/international\/la-bolivie-rompt-ses-relations-diplomatiques-avec-israel\/209798\/","og_site_name":"webdo","article_publisher":"https:\/\/www.facebook.com\/webdotn","article_published_time":"2023-11-01T08:23:00+00:00","article_modified_time":"2025-05-20T22:39:54+00:00","og_image":[{"width":750,"height":400,"url":"https:\/\/www.webdo.tn\/fr\/wp-content\/uploads\/2023\/11\/845dda42d2e48741dd619e5f8327c5b7.jpeg","type":"image\/jpeg"}],"author":"CL","twitter_card":"summary_large_image","twitter_creator":"@webdo_tn","twitter_site":"@webdo_tn","twitter_misc":{"\u00c9crit par":"CL","Dur\u00e9e de lecture estim\u00e9e":"1 minute"},"schema":{"@context":"https:\/\/schema.org","@graph":[{"@type":"NewsArticle","@id":"https:\/\/www.webdo.tn\/fr\/actualite\/international\/la-bolivie-rompt-ses-relations-diplomatiques-avec-israel\/209798\/#article","isPartOf":{"@id":"https:\/\/www.webdo.tn\/fr\/actualite\/international\/la-bolivie-rompt-ses-relations-diplomatiques-avec-israel\/209798\/"},"author":{"name":"CL","@id":"https:\/\/www.webdo.tn\/fr\/#\/schema\/person\/f35b42a42c5e2511bbd282959d6385cc"},"headline":"La Bolivie rompt ses relations diplomatiques avec Isra\u00ebl","datePublished":"2023-11-01T08:23:00+00:00","dateModified":"2025-05-20T22:39:54+00:00","mainEntityOfPage":{"@id":"https:\/\/www.webdo.tn\/fr\/actualite\/international\/la-bolivie-rompt-ses-relations-diplomatiques-avec-israel\/209798\/"},"wordCount":112,"commentCount":0,"publisher":{"@id":"https:\/\/www.webdo.tn\/fr\/#organization"},"image":{"@id":"https:\/\/www.webdo.tn\/fr\/actualite\/international\/la-bolivie-rompt-ses-relations-diplomatiques-avec-israel\/209798\/#primaryimage"},"thumbnailUrl":"https:\/\/www.webdo.tn\/fr\/wp-content\/uploads\/2023\/11\/845dda42d2e48741dd619e5f8327c5b7.jpeg","keywords":["Bolivie","Diplomatie","isra\u00ebl"],"articleSection":["International"],"inLanguage":"fr-FR"},{"@type":"WebPage","@id":"https:\/\/www.webdo.tn\/fr\/actualite\/international\/la-bolivie-rompt-ses-relations-diplomatiques-avec-israel\/209798\/","url":"https:\/\/www.webdo.tn\/fr\/actualite\/international\/la-bolivie-rompt-ses-relations-diplomatiques-avec-israel\/209798\/","name":"La Bolivie rompt ses relations diplomatiques avec Isra\u00ebl","isPartOf":{"@id":"https:\/\/www.webdo.tn\/fr\/#website"},"primaryImageOfPage":{"@id":"https:\/\/www.webdo.tn\/fr\/actualite\/international\/la-bolivie-rompt-ses-relations-diplomatiques-avec-israel\/209798\/#primaryimage"},"image":{"@id":"https:\/\/www.webdo.tn\/fr\/actualite\/international\/la-bolivie-rompt-ses-relations-diplomatiques-avec-israel\/209798\/#primaryimage"},"thumbnailUrl":"https:\/\/www.webdo.tn\/fr\/wp-content\/uploads\/2023\/11\/845dda42d2e48741dd619e5f8327c5b7.jpeg","datePublished":"2023-11-01T08:23:00+00:00","dateModified":"2025-05-20T22:39:54+00:00","description":"Le minist\u00e8re isra\u00e9lien des Affaires \u00e9trang\u00e8res a qualifi\u00e9 mercredi de \u00ab capitulation face au terrorisme \u00bb la rupture des relations diplomatiques annonc\u00e9e par la...","breadcrumb":{"@id":"https:\/\/www.webdo.tn\/fr\/actualite\/international\/la-bolivie-rompt-ses-relations-diplomatiques-avec-israel\/209798\/#breadcrumb"},"inLanguage":"fr-FR","potentialAction":[{"@type":"ReadAction","target":["https:\/\/www.webdo.tn\/fr\/actualite\/international\/la-bolivie-rompt-ses-relations-diplomatiques-avec-israel\/209798\/"]}]},{"@type":"ImageObject","inLanguage":"fr-FR","@id":"https:\/\/www.webdo.tn\/fr\/actualite\/international\/la-bolivie-rompt-ses-relations-diplomatiques-avec-israel\/209798\/#primaryimage","url":"https:\/\/www.webdo.tn\/fr\/wp-content\/uploads\/2023\/11\/845dda42d2e48741dd619e5f8327c5b7.jpeg","contentUrl":"https:\/\/www.webdo.tn\/fr\/wp-content\/uploads\/2023\/11\/845dda42d2e48741dd619e5f8327c5b7.jpeg","width":750,"height":400,"caption":"La Bolivie rompt ses relations diplomatiques avec Isra\u00ebl"},{"@type":"BreadcrumbList","@id":"https:\/\/www.webdo.tn\/fr\/actualite\/international\/la-bolivie-rompt-ses-relations-diplomatiques-avec-israel\/209798\/#breadcrumb","itemListElement":[{"@type":"ListItem","position":1,"name":"Accueil","item":"https:\/\/www.webdo.tn\/fr\/"},{"@type":"ListItem","position":2,"name":"La Bolivie rompt ses relations diplomatiques avec Isra\u00ebl"}]},{"@type":"WebSite","@id":"https:\/\/www.webdo.tn\/fr\/#website","url":"https:\/\/www.webdo.tn\/fr\/","name":"webdo","description":"Tunisie - News en Tunisie et \u00e0 l&#039;international sur Webdo.tn","publisher":{"@id":"https:\/\/www.webdo.tn\/fr\/#organization"},"potentialAction":[{"@type":"SearchAction","target":{"@type":"EntryPoint","urlTemplate":"https:\/\/www.webdo.tn\/fr\/?s={search_term_string}"},"query-input":{"@type":"PropertyValueSpecification","valueRequired":true,"valueName":"search_term_string"}}],"inLanguage":"fr-FR"},{"@type":"Organization","@id":"https:\/\/www.webdo.tn\/fr\/#organization","name":"Webdo","alternateName":"Webdo.tn","url":"https:\/\/www.webdo.tn\/fr\/","logo":{"@type":"ImageObject","inLanguage":"fr-FR","@id":"https:\/\/www.webdo.tn\/fr\/#\/schema\/logo\/image\/","url":"https:\/\/www.webdo.tn\/fr\/wp-content\/uploads\/2025\/06\/Webdo-Tunisie_168377.jpg","contentUrl":"https:\/\/www.webdo.tn\/fr\/wp-content\/uploads\/2025\/06\/Webdo-Tunisie_168377.jpg","width":301,"height":301,"caption":"Webdo"},"image":{"@id":"https:\/\/www.webdo.tn\/fr\/#\/schema\/logo\/image\/"},"sameAs":["https:\/\/www.facebook.com\/webdotn","https:\/\/x.com\/webdo_tn"],"description":"Webdo est un m\u00e9dia num\u00e9rique tunisien fond\u00e9 en 2010, sp\u00e9cialis\u00e9 dans l\u2019actualit\u00e9 nationale et internationale, l\u2019\u00e9conomie, la soci\u00e9t\u00e9 et les analyses politiques. Le site s\u2019adresse \u00e0 un large public francophone et couvre l\u2019information tunisienne en temps r\u00e9el.","email":"redac@webdo.tn","legalName":"YNJ SARL","foundingDate":"2010-09-06","numberOfEmployees":{"@type":"QuantitativeValue","minValue":"11","maxValue":"50"}},{"@type":"Person","@id":"https:\/\/www.webdo.tn\/fr\/#\/schema\/person\/f35b42a42c5e2511bbd282959d6385cc","name":"CL","image":{"@type":"ImageObject","inLanguage":"fr-FR","@id":"https:\/\/secure.gravatar.com\/avatar\/1447a49909b67aa657c488aec6512e1dd6143a480c1ecfee9b5b5cd74eb3b59e?s=96&d=mm&r=g","url":"https:\/\/secure.gravatar.com\/avatar\/1447a49909b67aa657c488aec6512e1dd6143a480c1ecfee9b5b5cd74eb3b59e?s=96&d=mm&r=g","contentUrl":"https:\/\/secure.gravatar.com\/avatar\/1447a49909b67aa657c488aec6512e1dd6143a480c1ecfee9b5b5cd74eb3b59e?s=96&d=mm&r=g","caption":"CL"},"url":"https:\/\/www.webdo.tn\/fr\/actualite\/author\/cl\/"}]}},"_links":{"self":[{"href":"https:\/\/www.webdo.tn\/fr\/wp-json\/wp\/v2\/posts\/209798","targetHints":{"allow":["GET"]}}],"collection":[{"href":"https:\/\/www.webdo.tn\/fr\/wp-json\/wp\/v2\/posts"}],"about":[{"href":"https:\/\/www.webdo.tn\/fr\/wp-json\/wp\/v2\/types\/post"}],"author":[{"embeddable":true,"href":"https:\/\/www.webdo.tn\/fr\/wp-json\/wp\/v2\/users\/3175"}],"replies":[{"embeddable":true,"href":"https:\/\/www.webdo.tn\/fr\/wp-json\/wp\/v2\/comments?post=209798"}],"version-history":[{"count":0,"href":"https:\/\/www.webdo.tn\/fr\/wp-json\/wp\/v2\/posts\/209798\/revisions"}],"wp:featuredmedia":[{"embeddable":true,"href":"https:\/\/www.webdo.tn\/fr\/wp-json\/wp\/v2\/media\/248912"}],"wp:attachment":[{"href":"https:\/\/www.webdo.tn\/fr\/wp-json\/wp\/v2\/media?parent=209798"}],"wp:term":[{"taxonomy":"category","embeddable":true,"href":"https:\/\/www.webdo.tn\/fr\/wp-json\/wp\/v2\/categories?post=209798"},{"taxonomy":"post_tag","embeddable":true,"href":"https:\/\/www.webdo.tn\/fr\/wp-json\/wp\/v2\/tags?post=209798"}],"curies":[{"name":"wp","href":"https:\/\/api.w.org\/{rel}","templated":true}]}}