{"id":209791,"date":"2023-10-31T20:30:00","date_gmt":"2023-10-31T20:30:00","guid":{"rendered":"https:\/\/www.webdo.tn\/fr\/blog\/les-directeurs-des-services-speciaux-et-des-renseignements-limoges\/209791\/"},"modified":"2025-05-20T21:56:11","modified_gmt":"2025-05-20T21:56:11","slug":"les-directeurs-des-services-speciaux-et-des-renseignements-limoges","status":"publish","type":"post","link":"https:\/\/www.webdo.tn\/fr\/actualite\/national\/les-directeurs-des-services-speciaux-et-des-renseignements-limoges\/209791\/","title":{"rendered":"Les directeurs des services sp\u00e9ciaux et des renseignements limog\u00e9s"},"content":{"rendered":"<p>Le minist\u00e8re de l&rsquo;Int\u00e9rieur a annonc\u00e9, ce mardi 31 octobre 2023, le limogeage du directeur g\u00e9n\u00e9ral des services sp\u00e9ciaux et du directeur central des renseignements g\u00e9n\u00e9raux, relevant de l&rsquo;administration g\u00e9n\u00e9rale de la s\u00e9curit\u00e9 nationale.<\/p>\n<p>\t\t\t\t\t\t\t\t\tCes limogeages font suite \u00e0 l\u2019\u00e9vasion, aujourd\u2019hui, de cinq d\u00e9tenus dangereux de la prison civile de Mornaguia, qui a \u00e9galement co\u00fbt\u00e9 sa place au directeur de cette prison, r\u00e9voqu\u00e9 par la ministre de la Justice.<\/p>\n<p>Cinq d\u00e9tenus se sont \u00e9vad\u00e9s, aujourd\u2019hui de la prison civile de Mornaguia. Il s\u2019agit de cinq \u00e9l\u00e9ments terroristes impliqu\u00e9s dans les assassinats de Chokri Belaid et Mohamed Brahmi dont celui qui se fait appeler le \u00ab\u00a0Somalien\u00a0\u00bb.<\/p>\n<p>Les cinq fugitifs sont Ahmed Melki alias \u00ab\u00a0Le Somalien\u00a0\u00bb, Ameur Bal\u00e2azi, Raed Touati, Aala Ghazouani et Nader Ghanmi, tous impliqu\u00e9s dans plusieurs affaires terroristes dont les assassinats de Chokri Bela\u00efd et Mohamed Brahmi.<\/p>\n","protected":false},"excerpt":{"rendered":"<p>Le minist\u00e8re de l&rsquo;Int\u00e9rieur a annonc\u00e9, ce mardi 31 octobre 2023, le limogeage du directeur g\u00e9n\u00e9ral des services sp\u00e9ciaux et du directeur central des renseigneme&#8230;<\/p>\n","protected":false},"author":3162,"featured_media":248908,"comment_status":"open","ping_status":"closed","sticky":false,"template":"","format":"standard","meta":{"footnotes":""},"categories":[44],"tags":[6091,5024,3076,3778,3671],"class_list":["post-209791","post","type-post","status-publish","format-standard","has-post-thumbnail","hentry","category-national","tag-evasion","tag-limogeage","tag-ministere-de-linterieur","tag-renseignements","tag-terroristes"],"yoast_head":"<!-- This site is optimized with the Yoast SEO Premium plugin v27.4 (Yoast SEO v27.4) - https:\/\/yoast.com\/product\/yoast-seo-premium-wordpress\/ -->\n<title>Les directeurs des services sp\u00e9ciaux et des renseignements limog\u00e9s<\/title>\n<meta name=\"description\" content=\"Le minist\u00e8re de l&#039;Int\u00e9rieur a annonc\u00e9, ce mardi 31 octobre 2023, le limogeage du directeur g\u00e9n\u00e9ral des services sp\u00e9ciaux et du directeur central des renseigneme...\" \/>\n<link rel=\"canonical\" href=\"https:\/\/www.webdo.tn\/fr\/actualite\/national\/les-directeurs-des-services-speciaux-et-des-renseignements-limoges\/209791\/\" \/>\n<meta property=\"og:locale\" content=\"fr_FR\" \/>\n<meta property=\"og:type\" content=\"article\" \/>\n<meta property=\"og:title\" content=\"Les directeurs des services sp\u00e9ciaux et des renseignements limog\u00e9s\" \/>\n<meta property=\"og:description\" content=\"Le minist\u00e8re de l&#039;Int\u00e9rieur a annonc\u00e9, ce mardi 31 octobre 2023, le limogeage du directeur g\u00e9n\u00e9ral des services sp\u00e9ciaux et du directeur central des renseigneme...\" \/>\n<meta property=\"og:url\" content=\"https:\/\/www.webdo.tn\/fr\/actualite\/national\/les-directeurs-des-services-speciaux-et-des-renseignements-limoges\/209791\/\" \/>\n<meta property=\"og:site_name\" content=\"webdo\" \/>\n<meta property=\"article:publisher\" content=\"https:\/\/www.facebook.com\/webdotn\" \/>\n<meta property=\"article:published_time\" content=\"2023-10-31T20:30:00+00:00\" \/>\n<meta property=\"article:modified_time\" content=\"2025-05-20T21:56:11+00:00\" \/>\n<meta property=\"og:image\" content=\"https:\/\/www.webdo.tn\/fr\/wp-content\/uploads\/2023\/10\/df90a3821c456863da3bf3bc0fed0a64.jpg\" \/>\n\t<meta property=\"og:image:width\" content=\"626\" \/>\n\t<meta property=\"og:image:height\" content=\"334\" \/>\n\t<meta property=\"og:image:type\" content=\"image\/jpeg\" \/>\n<meta name=\"author\" content=\"MC\" \/>\n<meta name=\"twitter:card\" content=\"summary_large_image\" \/>\n<meta name=\"twitter:creator\" content=\"@webdo_tn\" \/>\n<meta name=\"twitter:site\" content=\"@webdo_tn\" \/>\n<meta name=\"twitter:label1\" content=\"\u00c9crit par\" \/>\n\t<meta name=\"twitter:data1\" content=\"MC\" \/>\n\t<meta name=\"twitter:label2\" content=\"Dur\u00e9e de lecture estim\u00e9e\" \/>\n\t<meta name=\"twitter:data2\" content=\"1 minute\" \/>\n<script type=\"application\/ld+json\" class=\"yoast-schema-graph\">{\"@context\":\"https:\\\/\\\/schema.org\",\"@graph\":[{\"@type\":\"NewsArticle\",\"@id\":\"https:\\\/\\\/www.webdo.tn\\\/fr\\\/actualite\\\/national\\\/les-directeurs-des-services-speciaux-et-des-renseignements-limoges\\\/209791\\\/#article\",\"isPartOf\":{\"@id\":\"https:\\\/\\\/www.webdo.tn\\\/fr\\\/actualite\\\/national\\\/les-directeurs-des-services-speciaux-et-des-renseignements-limoges\\\/209791\\\/\"},\"author\":{\"name\":\"MC\",\"@id\":\"https:\\\/\\\/www.webdo.tn\\\/fr\\\/#\\\/schema\\\/person\\\/2c4929cbf5a809e3bd38617c6ce150f6\"},\"headline\":\"Les directeurs des services sp\u00e9ciaux et des renseignements limog\u00e9s\",\"datePublished\":\"2023-10-31T20:30:00+00:00\",\"dateModified\":\"2025-05-20T21:56:11+00:00\",\"mainEntityOfPage\":{\"@id\":\"https:\\\/\\\/www.webdo.tn\\\/fr\\\/actualite\\\/national\\\/les-directeurs-des-services-speciaux-et-des-renseignements-limoges\\\/209791\\\/\"},\"wordCount\":172,\"commentCount\":0,\"publisher\":{\"@id\":\"https:\\\/\\\/www.webdo.tn\\\/fr\\\/#organization\"},\"image\":{\"@id\":\"https:\\\/\\\/www.webdo.tn\\\/fr\\\/actualite\\\/national\\\/les-directeurs-des-services-speciaux-et-des-renseignements-limoges\\\/209791\\\/#primaryimage\"},\"thumbnailUrl\":\"https:\\\/\\\/www.webdo.tn\\\/fr\\\/wp-content\\\/uploads\\\/2023\\\/10\\\/df90a3821c456863da3bf3bc0fed0a64.jpg\",\"keywords\":[\"\u00e9vasion\",\"Limogeage\",\"minist\u00e8re de l'int\u00e9rieur\",\"renseignements\",\"Terroristes\"],\"articleSection\":[\"National\"],\"inLanguage\":\"fr-FR\"},{\"@type\":\"WebPage\",\"@id\":\"https:\\\/\\\/www.webdo.tn\\\/fr\\\/actualite\\\/national\\\/les-directeurs-des-services-speciaux-et-des-renseignements-limoges\\\/209791\\\/\",\"url\":\"https:\\\/\\\/www.webdo.tn\\\/fr\\\/actualite\\\/national\\\/les-directeurs-des-services-speciaux-et-des-renseignements-limoges\\\/209791\\\/\",\"name\":\"Les directeurs des services sp\u00e9ciaux et des renseignements limog\u00e9s\",\"isPartOf\":{\"@id\":\"https:\\\/\\\/www.webdo.tn\\\/fr\\\/#website\"},\"primaryImageOfPage\":{\"@id\":\"https:\\\/\\\/www.webdo.tn\\\/fr\\\/actualite\\\/national\\\/les-directeurs-des-services-speciaux-et-des-renseignements-limoges\\\/209791\\\/#primaryimage\"},\"image\":{\"@id\":\"https:\\\/\\\/www.webdo.tn\\\/fr\\\/actualite\\\/national\\\/les-directeurs-des-services-speciaux-et-des-renseignements-limoges\\\/209791\\\/#primaryimage\"},\"thumbnailUrl\":\"https:\\\/\\\/www.webdo.tn\\\/fr\\\/wp-content\\\/uploads\\\/2023\\\/10\\\/df90a3821c456863da3bf3bc0fed0a64.jpg\",\"datePublished\":\"2023-10-31T20:30:00+00:00\",\"dateModified\":\"2025-05-20T21:56:11+00:00\",\"description\":\"Le minist\u00e8re de l'Int\u00e9rieur a annonc\u00e9, ce mardi 31 octobre 2023, le limogeage du directeur g\u00e9n\u00e9ral des services sp\u00e9ciaux et du directeur central des renseigneme...\",\"breadcrumb\":{\"@id\":\"https:\\\/\\\/www.webdo.tn\\\/fr\\\/actualite\\\/national\\\/les-directeurs-des-services-speciaux-et-des-renseignements-limoges\\\/209791\\\/#breadcrumb\"},\"inLanguage\":\"fr-FR\",\"potentialAction\":[{\"@type\":\"ReadAction\",\"target\":[\"https:\\\/\\\/www.webdo.tn\\\/fr\\\/actualite\\\/national\\\/les-directeurs-des-services-speciaux-et-des-renseignements-limoges\\\/209791\\\/\"]}]},{\"@type\":\"ImageObject\",\"inLanguage\":\"fr-FR\",\"@id\":\"https:\\\/\\\/www.webdo.tn\\\/fr\\\/actualite\\\/national\\\/les-directeurs-des-services-speciaux-et-des-renseignements-limoges\\\/209791\\\/#primaryimage\",\"url\":\"https:\\\/\\\/www.webdo.tn\\\/fr\\\/wp-content\\\/uploads\\\/2023\\\/10\\\/df90a3821c456863da3bf3bc0fed0a64.jpg\",\"contentUrl\":\"https:\\\/\\\/www.webdo.tn\\\/fr\\\/wp-content\\\/uploads\\\/2023\\\/10\\\/df90a3821c456863da3bf3bc0fed0a64.jpg\",\"width\":626,\"height\":334,\"caption\":\"Les directeurs des services sp\u00e9ciaux et des renseignements limog\u00e9s\"},{\"@type\":\"BreadcrumbList\",\"@id\":\"https:\\\/\\\/www.webdo.tn\\\/fr\\\/actualite\\\/national\\\/les-directeurs-des-services-speciaux-et-des-renseignements-limoges\\\/209791\\\/#breadcrumb\",\"itemListElement\":[{\"@type\":\"ListItem\",\"position\":1,\"name\":\"Accueil\",\"item\":\"https:\\\/\\\/www.webdo.tn\\\/fr\\\/\"},{\"@type\":\"ListItem\",\"position\":2,\"name\":\"Les directeurs des services sp\u00e9ciaux et des renseignements limog\u00e9s\"}]},{\"@type\":\"WebSite\",\"@id\":\"https:\\\/\\\/www.webdo.tn\\\/fr\\\/#website\",\"url\":\"https:\\\/\\\/www.webdo.tn\\\/fr\\\/\",\"name\":\"webdo\",\"description\":\"Tunisie - News en Tunisie et \u00e0 l&#039;international sur Webdo.tn\",\"publisher\":{\"@id\":\"https:\\\/\\\/www.webdo.tn\\\/fr\\\/#organization\"},\"potentialAction\":[{\"@type\":\"SearchAction\",\"target\":{\"@type\":\"EntryPoint\",\"urlTemplate\":\"https:\\\/\\\/www.webdo.tn\\\/fr\\\/?s={search_term_string}\"},\"query-input\":{\"@type\":\"PropertyValueSpecification\",\"valueRequired\":true,\"valueName\":\"search_term_string\"}}],\"inLanguage\":\"fr-FR\"},{\"@type\":\"Organization\",\"@id\":\"https:\\\/\\\/www.webdo.tn\\\/fr\\\/#organization\",\"name\":\"Webdo\",\"alternateName\":\"Webdo.tn\",\"url\":\"https:\\\/\\\/www.webdo.tn\\\/fr\\\/\",\"logo\":{\"@type\":\"ImageObject\",\"inLanguage\":\"fr-FR\",\"@id\":\"https:\\\/\\\/www.webdo.tn\\\/fr\\\/#\\\/schema\\\/logo\\\/image\\\/\",\"url\":\"https:\\\/\\\/www.webdo.tn\\\/fr\\\/wp-content\\\/uploads\\\/2025\\\/06\\\/Webdo-Tunisie_168377.jpg\",\"contentUrl\":\"https:\\\/\\\/www.webdo.tn\\\/fr\\\/wp-content\\\/uploads\\\/2025\\\/06\\\/Webdo-Tunisie_168377.jpg\",\"width\":301,\"height\":301,\"caption\":\"Webdo\"},\"image\":{\"@id\":\"https:\\\/\\\/www.webdo.tn\\\/fr\\\/#\\\/schema\\\/logo\\\/image\\\/\"},\"sameAs\":[\"https:\\\/\\\/www.facebook.com\\\/webdotn\",\"https:\\\/\\\/x.com\\\/webdo_tn\"],\"description\":\"Webdo est un m\u00e9dia num\u00e9rique tunisien fond\u00e9 en 2010, sp\u00e9cialis\u00e9 dans l\u2019actualit\u00e9 nationale et internationale, l\u2019\u00e9conomie, la soci\u00e9t\u00e9 et les analyses politiques. Le site s\u2019adresse \u00e0 un large public francophone et couvre l\u2019information tunisienne en temps r\u00e9el.\",\"email\":\"redac@webdo.tn\",\"legalName\":\"YNJ SARL\",\"foundingDate\":\"2010-09-06\",\"numberOfEmployees\":{\"@type\":\"QuantitativeValue\",\"minValue\":\"11\",\"maxValue\":\"50\"}},{\"@type\":\"Person\",\"@id\":\"https:\\\/\\\/www.webdo.tn\\\/fr\\\/#\\\/schema\\\/person\\\/2c4929cbf5a809e3bd38617c6ce150f6\",\"name\":\"MC\",\"image\":{\"@type\":\"ImageObject\",\"inLanguage\":\"fr-FR\",\"@id\":\"https:\\\/\\\/secure.gravatar.com\\\/avatar\\\/a545bbb6f84efdd5553dbbc2895e3ca8f1d12c5215e00a041c9670b54aa9b18a?s=96&d=mm&r=g\",\"url\":\"https:\\\/\\\/secure.gravatar.com\\\/avatar\\\/a545bbb6f84efdd5553dbbc2895e3ca8f1d12c5215e00a041c9670b54aa9b18a?s=96&d=mm&r=g\",\"contentUrl\":\"https:\\\/\\\/secure.gravatar.com\\\/avatar\\\/a545bbb6f84efdd5553dbbc2895e3ca8f1d12c5215e00a041c9670b54aa9b18a?s=96&d=mm&r=g\",\"caption\":\"MC\"},\"url\":\"https:\\\/\\\/www.webdo.tn\\\/fr\\\/actualite\\\/author\\\/mc\\\/\"}]}<\/script>\n<!-- \/ Yoast SEO Premium plugin. -->","yoast_head_json":{"title":"Les directeurs des services sp\u00e9ciaux et des renseignements limog\u00e9s","description":"Le minist\u00e8re de l'Int\u00e9rieur a annonc\u00e9, ce mardi 31 octobre 2023, le limogeage du directeur g\u00e9n\u00e9ral des services sp\u00e9ciaux et du directeur central des renseigneme...","canonical":"https:\/\/www.webdo.tn\/fr\/actualite\/national\/les-directeurs-des-services-speciaux-et-des-renseignements-limoges\/209791\/","og_locale":"fr_FR","og_type":"article","og_title":"Les directeurs des services sp\u00e9ciaux et des renseignements limog\u00e9s","og_description":"Le minist\u00e8re de l'Int\u00e9rieur a annonc\u00e9, ce mardi 31 octobre 2023, le limogeage du directeur g\u00e9n\u00e9ral des services sp\u00e9ciaux et du directeur central des renseigneme...","og_url":"https:\/\/www.webdo.tn\/fr\/actualite\/national\/les-directeurs-des-services-speciaux-et-des-renseignements-limoges\/209791\/","og_site_name":"webdo","article_publisher":"https:\/\/www.facebook.com\/webdotn","article_published_time":"2023-10-31T20:30:00+00:00","article_modified_time":"2025-05-20T21:56:11+00:00","og_image":[{"width":626,"height":334,"url":"https:\/\/www.webdo.tn\/fr\/wp-content\/uploads\/2023\/10\/df90a3821c456863da3bf3bc0fed0a64.jpg","type":"image\/jpeg"}],"author":"MC","twitter_card":"summary_large_image","twitter_creator":"@webdo_tn","twitter_site":"@webdo_tn","twitter_misc":{"\u00c9crit par":"MC","Dur\u00e9e de lecture estim\u00e9e":"1 minute"},"schema":{"@context":"https:\/\/schema.org","@graph":[{"@type":"NewsArticle","@id":"https:\/\/www.webdo.tn\/fr\/actualite\/national\/les-directeurs-des-services-speciaux-et-des-renseignements-limoges\/209791\/#article","isPartOf":{"@id":"https:\/\/www.webdo.tn\/fr\/actualite\/national\/les-directeurs-des-services-speciaux-et-des-renseignements-limoges\/209791\/"},"author":{"name":"MC","@id":"https:\/\/www.webdo.tn\/fr\/#\/schema\/person\/2c4929cbf5a809e3bd38617c6ce150f6"},"headline":"Les directeurs des services sp\u00e9ciaux et des renseignements limog\u00e9s","datePublished":"2023-10-31T20:30:00+00:00","dateModified":"2025-05-20T21:56:11+00:00","mainEntityOfPage":{"@id":"https:\/\/www.webdo.tn\/fr\/actualite\/national\/les-directeurs-des-services-speciaux-et-des-renseignements-limoges\/209791\/"},"wordCount":172,"commentCount":0,"publisher":{"@id":"https:\/\/www.webdo.tn\/fr\/#organization"},"image":{"@id":"https:\/\/www.webdo.tn\/fr\/actualite\/national\/les-directeurs-des-services-speciaux-et-des-renseignements-limoges\/209791\/#primaryimage"},"thumbnailUrl":"https:\/\/www.webdo.tn\/fr\/wp-content\/uploads\/2023\/10\/df90a3821c456863da3bf3bc0fed0a64.jpg","keywords":["\u00e9vasion","Limogeage","minist\u00e8re de l'int\u00e9rieur","renseignements","Terroristes"],"articleSection":["National"],"inLanguage":"fr-FR"},{"@type":"WebPage","@id":"https:\/\/www.webdo.tn\/fr\/actualite\/national\/les-directeurs-des-services-speciaux-et-des-renseignements-limoges\/209791\/","url":"https:\/\/www.webdo.tn\/fr\/actualite\/national\/les-directeurs-des-services-speciaux-et-des-renseignements-limoges\/209791\/","name":"Les directeurs des services sp\u00e9ciaux et des renseignements limog\u00e9s","isPartOf":{"@id":"https:\/\/www.webdo.tn\/fr\/#website"},"primaryImageOfPage":{"@id":"https:\/\/www.webdo.tn\/fr\/actualite\/national\/les-directeurs-des-services-speciaux-et-des-renseignements-limoges\/209791\/#primaryimage"},"image":{"@id":"https:\/\/www.webdo.tn\/fr\/actualite\/national\/les-directeurs-des-services-speciaux-et-des-renseignements-limoges\/209791\/#primaryimage"},"thumbnailUrl":"https:\/\/www.webdo.tn\/fr\/wp-content\/uploads\/2023\/10\/df90a3821c456863da3bf3bc0fed0a64.jpg","datePublished":"2023-10-31T20:30:00+00:00","dateModified":"2025-05-20T21:56:11+00:00","description":"Le minist\u00e8re de l'Int\u00e9rieur a annonc\u00e9, ce mardi 31 octobre 2023, le limogeage du directeur g\u00e9n\u00e9ral des services sp\u00e9ciaux et du directeur central des renseigneme...","breadcrumb":{"@id":"https:\/\/www.webdo.tn\/fr\/actualite\/national\/les-directeurs-des-services-speciaux-et-des-renseignements-limoges\/209791\/#breadcrumb"},"inLanguage":"fr-FR","potentialAction":[{"@type":"ReadAction","target":["https:\/\/www.webdo.tn\/fr\/actualite\/national\/les-directeurs-des-services-speciaux-et-des-renseignements-limoges\/209791\/"]}]},{"@type":"ImageObject","inLanguage":"fr-FR","@id":"https:\/\/www.webdo.tn\/fr\/actualite\/national\/les-directeurs-des-services-speciaux-et-des-renseignements-limoges\/209791\/#primaryimage","url":"https:\/\/www.webdo.tn\/fr\/wp-content\/uploads\/2023\/10\/df90a3821c456863da3bf3bc0fed0a64.jpg","contentUrl":"https:\/\/www.webdo.tn\/fr\/wp-content\/uploads\/2023\/10\/df90a3821c456863da3bf3bc0fed0a64.jpg","width":626,"height":334,"caption":"Les directeurs des services sp\u00e9ciaux et des renseignements limog\u00e9s"},{"@type":"BreadcrumbList","@id":"https:\/\/www.webdo.tn\/fr\/actualite\/national\/les-directeurs-des-services-speciaux-et-des-renseignements-limoges\/209791\/#breadcrumb","itemListElement":[{"@type":"ListItem","position":1,"name":"Accueil","item":"https:\/\/www.webdo.tn\/fr\/"},{"@type":"ListItem","position":2,"name":"Les directeurs des services sp\u00e9ciaux et des renseignements limog\u00e9s"}]},{"@type":"WebSite","@id":"https:\/\/www.webdo.tn\/fr\/#website","url":"https:\/\/www.webdo.tn\/fr\/","name":"webdo","description":"Tunisie - News en Tunisie et \u00e0 l&#039;international sur Webdo.tn","publisher":{"@id":"https:\/\/www.webdo.tn\/fr\/#organization"},"potentialAction":[{"@type":"SearchAction","target":{"@type":"EntryPoint","urlTemplate":"https:\/\/www.webdo.tn\/fr\/?s={search_term_string}"},"query-input":{"@type":"PropertyValueSpecification","valueRequired":true,"valueName":"search_term_string"}}],"inLanguage":"fr-FR"},{"@type":"Organization","@id":"https:\/\/www.webdo.tn\/fr\/#organization","name":"Webdo","alternateName":"Webdo.tn","url":"https:\/\/www.webdo.tn\/fr\/","logo":{"@type":"ImageObject","inLanguage":"fr-FR","@id":"https:\/\/www.webdo.tn\/fr\/#\/schema\/logo\/image\/","url":"https:\/\/www.webdo.tn\/fr\/wp-content\/uploads\/2025\/06\/Webdo-Tunisie_168377.jpg","contentUrl":"https:\/\/www.webdo.tn\/fr\/wp-content\/uploads\/2025\/06\/Webdo-Tunisie_168377.jpg","width":301,"height":301,"caption":"Webdo"},"image":{"@id":"https:\/\/www.webdo.tn\/fr\/#\/schema\/logo\/image\/"},"sameAs":["https:\/\/www.facebook.com\/webdotn","https:\/\/x.com\/webdo_tn"],"description":"Webdo est un m\u00e9dia num\u00e9rique tunisien fond\u00e9 en 2010, sp\u00e9cialis\u00e9 dans l\u2019actualit\u00e9 nationale et internationale, l\u2019\u00e9conomie, la soci\u00e9t\u00e9 et les analyses politiques. Le site s\u2019adresse \u00e0 un large public francophone et couvre l\u2019information tunisienne en temps r\u00e9el.","email":"redac@webdo.tn","legalName":"YNJ SARL","foundingDate":"2010-09-06","numberOfEmployees":{"@type":"QuantitativeValue","minValue":"11","maxValue":"50"}},{"@type":"Person","@id":"https:\/\/www.webdo.tn\/fr\/#\/schema\/person\/2c4929cbf5a809e3bd38617c6ce150f6","name":"MC","image":{"@type":"ImageObject","inLanguage":"fr-FR","@id":"https:\/\/secure.gravatar.com\/avatar\/a545bbb6f84efdd5553dbbc2895e3ca8f1d12c5215e00a041c9670b54aa9b18a?s=96&d=mm&r=g","url":"https:\/\/secure.gravatar.com\/avatar\/a545bbb6f84efdd5553dbbc2895e3ca8f1d12c5215e00a041c9670b54aa9b18a?s=96&d=mm&r=g","contentUrl":"https:\/\/secure.gravatar.com\/avatar\/a545bbb6f84efdd5553dbbc2895e3ca8f1d12c5215e00a041c9670b54aa9b18a?s=96&d=mm&r=g","caption":"MC"},"url":"https:\/\/www.webdo.tn\/fr\/actualite\/author\/mc\/"}]}},"_links":{"self":[{"href":"https:\/\/www.webdo.tn\/fr\/wp-json\/wp\/v2\/posts\/209791","targetHints":{"allow":["GET"]}}],"collection":[{"href":"https:\/\/www.webdo.tn\/fr\/wp-json\/wp\/v2\/posts"}],"about":[{"href":"https:\/\/www.webdo.tn\/fr\/wp-json\/wp\/v2\/types\/post"}],"author":[{"embeddable":true,"href":"https:\/\/www.webdo.tn\/fr\/wp-json\/wp\/v2\/users\/3162"}],"replies":[{"embeddable":true,"href":"https:\/\/www.webdo.tn\/fr\/wp-json\/wp\/v2\/comments?post=209791"}],"version-history":[{"count":0,"href":"https:\/\/www.webdo.tn\/fr\/wp-json\/wp\/v2\/posts\/209791\/revisions"}],"wp:featuredmedia":[{"embeddable":true,"href":"https:\/\/www.webdo.tn\/fr\/wp-json\/wp\/v2\/media\/248908"}],"wp:attachment":[{"href":"https:\/\/www.webdo.tn\/fr\/wp-json\/wp\/v2\/media?parent=209791"}],"wp:term":[{"taxonomy":"category","embeddable":true,"href":"https:\/\/www.webdo.tn\/fr\/wp-json\/wp\/v2\/categories?post=209791"},{"taxonomy":"post_tag","embeddable":true,"href":"https:\/\/www.webdo.tn\/fr\/wp-json\/wp\/v2\/tags?post=209791"}],"curies":[{"name":"wp","href":"https:\/\/api.w.org\/{rel}","templated":true}]}}