{"id":209780,"date":"2023-10-31T13:44:00","date_gmt":"2023-10-31T13:44:00","guid":{"rendered":"https:\/\/www.webdo.tn\/fr\/blog\/oman-interdit-son-espace-aerien-aux-avions-de-l-entite-sioniste\/209780\/"},"modified":"2025-05-20T22:56:42","modified_gmt":"2025-05-20T22:56:42","slug":"oman-interdit-son-espace-aerien-aux-avions-de-l-entite-sioniste","status":"publish","type":"post","link":"https:\/\/www.webdo.tn\/fr\/actualite\/international\/oman-interdit-son-espace-aerien-aux-avions-de-l-entite-sioniste\/209780\/","title":{"rendered":"Oman interdit son espace a\u00e9rien aux avions de l\u2019entit\u00e9 sioniste"},"content":{"rendered":"<p>Oman vient d\u2019annuler le pr\u00e9c\u00e9dent accord pass\u00e9 avec l\u2019entit\u00e9 sioniste autorisant les avions isra\u00e9liens \u00e0 traverser l\u2019espace a\u00e9rien du sultanat, selon le journal h\u00e9breu Haaretz.<\/p>\n<p>\t\t\t\t\t\t\t\t\tCette d\u00e9cision survient \u00e0 la suite des \u00e9v\u00e9nements tragiques v\u00e9cus \u00e0 Gaza et en protestation contre les crimes abominables commis par l&rsquo;occupant sioniste contre les civils dans la bande de Gaza.<\/p>\n<p>Le journal en question avait publi\u00e9 \u00e0 ce sujet : \u00ab Le Sultanat d\u2019Oman a annul\u00e9 (depuis dimanche 29 octobre), la possibilit\u00e9 pour les vols isra\u00e9liens de traverser son espace a\u00e9rien, et ce, moins de huit mois apr\u00e8s l\u2019avoir autoris\u00e9 \u00e0 le faire. \u00bb<\/p>\n<p>D\u00e9j\u00e0, samedi dernier 28 octobre, le minist\u00e8re omanais des Affaires \u00e9trang\u00e8res avait \u00ab condamn\u00e9 l&rsquo;escalade isra\u00e9lienne en cours, la politique de punition collective et les graves violations du droit international humanitaire pratiqu\u00e9es par les forces d&rsquo;occupation isra\u00e9liennes dans leur guerre brutale dans la bande de Gaza \u00bb.<\/p>\n","protected":false},"excerpt":{"rendered":"<p>Oman vient d\u2019annuler le pr\u00e9c\u00e9dent accord pass\u00e9 avec l\u2019entit\u00e9 sioniste autorisant les avions isra\u00e9liens \u00e0 traverser l\u2019espace a\u00e9rien du sultanat.<\/p>\n","protected":false},"author":3185,"featured_media":248909,"comment_status":"open","ping_status":"closed","sticky":false,"template":"","format":"standard","meta":{"footnotes":""},"categories":[2598],"tags":[7645,3345,4338,7644],"class_list":["post-209780","post","type-post","status-publish","format-standard","has-post-thumbnail","hentry","category-international","tag-avions-israeliens","tag-espace-aerien","tag-interdiction","tag-oman"],"yoast_head":"<!-- This site is optimized with the Yoast SEO Premium plugin v27.4 (Yoast SEO v27.5) - https:\/\/yoast.com\/product\/yoast-seo-premium-wordpress\/ -->\n<title>Oman interdit son espace a\u00e9rien aux avions de l\u2019entit\u00e9 sioniste<\/title>\n<meta name=\"description\" content=\"Oman vient d\u2019annuler le pr\u00e9c\u00e9dent accord pass\u00e9 avec l\u2019entit\u00e9 sioniste autorisant les avions isra\u00e9liens \u00e0 traverser l\u2019espace a\u00e9rien du sultanat.\" \/>\n<link rel=\"canonical\" href=\"https:\/\/www.webdo.tn\/fr\/actualite\/international\/oman-interdit-son-espace-aerien-aux-avions-de-l-entite-sioniste\/209780\/\" \/>\n<meta property=\"og:locale\" content=\"fr_FR\" \/>\n<meta property=\"og:type\" content=\"article\" \/>\n<meta property=\"og:title\" content=\"Oman interdit son espace a\u00e9rien aux avions de l\u2019entit\u00e9 sioniste\" \/>\n<meta property=\"og:description\" content=\"Oman vient d\u2019annuler le pr\u00e9c\u00e9dent accord pass\u00e9 avec l\u2019entit\u00e9 sioniste autorisant les avions isra\u00e9liens \u00e0 traverser l\u2019espace a\u00e9rien du sultanat.\" \/>\n<meta property=\"og:url\" content=\"https:\/\/www.webdo.tn\/fr\/actualite\/international\/oman-interdit-son-espace-aerien-aux-avions-de-l-entite-sioniste\/209780\/\" \/>\n<meta property=\"og:site_name\" content=\"webdo\" \/>\n<meta property=\"article:publisher\" content=\"https:\/\/www.facebook.com\/webdotn\" \/>\n<meta property=\"article:published_time\" content=\"2023-10-31T13:44:00+00:00\" \/>\n<meta property=\"article:modified_time\" content=\"2025-05-20T22:56:42+00:00\" \/>\n<meta property=\"og:image\" content=\"https:\/\/www.webdo.tn\/fr\/wp-content\/uploads\/2023\/10\/8349af3768e52a2944e3d31d9ee6c901.jpg\" \/>\n\t<meta property=\"og:image:width\" content=\"611\" \/>\n\t<meta property=\"og:image:height\" content=\"326\" \/>\n\t<meta property=\"og:image:type\" content=\"image\/jpeg\" \/>\n<meta name=\"author\" content=\"WDA\" \/>\n<meta name=\"twitter:card\" content=\"summary_large_image\" \/>\n<meta name=\"twitter:creator\" content=\"@webdo_tn\" \/>\n<meta name=\"twitter:site\" content=\"@webdo_tn\" \/>\n<meta name=\"twitter:label1\" content=\"\u00c9crit par\" \/>\n\t<meta name=\"twitter:data1\" content=\"WDA\" \/>\n\t<meta name=\"twitter:label2\" content=\"Dur\u00e9e de lecture estim\u00e9e\" \/>\n\t<meta name=\"twitter:data2\" content=\"1 minute\" \/>\n<script type=\"application\/ld+json\" class=\"yoast-schema-graph\">{\"@context\":\"https:\\\/\\\/schema.org\",\"@graph\":[{\"@type\":\"NewsArticle\",\"@id\":\"https:\\\/\\\/www.webdo.tn\\\/fr\\\/actualite\\\/international\\\/oman-interdit-son-espace-aerien-aux-avions-de-l-entite-sioniste\\\/209780\\\/#article\",\"isPartOf\":{\"@id\":\"https:\\\/\\\/www.webdo.tn\\\/fr\\\/actualite\\\/international\\\/oman-interdit-son-espace-aerien-aux-avions-de-l-entite-sioniste\\\/209780\\\/\"},\"author\":{\"name\":\"WDA\",\"@id\":\"https:\\\/\\\/www.webdo.tn\\\/fr\\\/#\\\/schema\\\/person\\\/ae999f6cc68c323955dd7bb23b41f2dd\"},\"headline\":\"Oman interdit son espace a\u00e9rien aux avions de l\u2019entit\u00e9 sioniste\",\"datePublished\":\"2023-10-31T13:44:00+00:00\",\"dateModified\":\"2025-05-20T22:56:42+00:00\",\"mainEntityOfPage\":{\"@id\":\"https:\\\/\\\/www.webdo.tn\\\/fr\\\/actualite\\\/international\\\/oman-interdit-son-espace-aerien-aux-avions-de-l-entite-sioniste\\\/209780\\\/\"},\"wordCount\":172,\"commentCount\":0,\"publisher\":{\"@id\":\"https:\\\/\\\/www.webdo.tn\\\/fr\\\/#organization\"},\"image\":{\"@id\":\"https:\\\/\\\/www.webdo.tn\\\/fr\\\/actualite\\\/international\\\/oman-interdit-son-espace-aerien-aux-avions-de-l-entite-sioniste\\\/209780\\\/#primaryimage\"},\"thumbnailUrl\":\"https:\\\/\\\/www.webdo.tn\\\/fr\\\/wp-content\\\/uploads\\\/2023\\\/10\\\/8349af3768e52a2944e3d31d9ee6c901.jpg\",\"keywords\":[\"Avions isra\u00e9liens\",\"Espace a\u00e9rien\",\"interdiction\",\"Oman\"],\"articleSection\":[\"International\"],\"inLanguage\":\"fr-FR\"},{\"@type\":\"WebPage\",\"@id\":\"https:\\\/\\\/www.webdo.tn\\\/fr\\\/actualite\\\/international\\\/oman-interdit-son-espace-aerien-aux-avions-de-l-entite-sioniste\\\/209780\\\/\",\"url\":\"https:\\\/\\\/www.webdo.tn\\\/fr\\\/actualite\\\/international\\\/oman-interdit-son-espace-aerien-aux-avions-de-l-entite-sioniste\\\/209780\\\/\",\"name\":\"Oman interdit son espace a\u00e9rien aux avions de l\u2019entit\u00e9 sioniste\",\"isPartOf\":{\"@id\":\"https:\\\/\\\/www.webdo.tn\\\/fr\\\/#website\"},\"primaryImageOfPage\":{\"@id\":\"https:\\\/\\\/www.webdo.tn\\\/fr\\\/actualite\\\/international\\\/oman-interdit-son-espace-aerien-aux-avions-de-l-entite-sioniste\\\/209780\\\/#primaryimage\"},\"image\":{\"@id\":\"https:\\\/\\\/www.webdo.tn\\\/fr\\\/actualite\\\/international\\\/oman-interdit-son-espace-aerien-aux-avions-de-l-entite-sioniste\\\/209780\\\/#primaryimage\"},\"thumbnailUrl\":\"https:\\\/\\\/www.webdo.tn\\\/fr\\\/wp-content\\\/uploads\\\/2023\\\/10\\\/8349af3768e52a2944e3d31d9ee6c901.jpg\",\"datePublished\":\"2023-10-31T13:44:00+00:00\",\"dateModified\":\"2025-05-20T22:56:42+00:00\",\"description\":\"Oman vient d\u2019annuler le pr\u00e9c\u00e9dent accord pass\u00e9 avec l\u2019entit\u00e9 sioniste autorisant les avions isra\u00e9liens \u00e0 traverser l\u2019espace a\u00e9rien du sultanat.\",\"breadcrumb\":{\"@id\":\"https:\\\/\\\/www.webdo.tn\\\/fr\\\/actualite\\\/international\\\/oman-interdit-son-espace-aerien-aux-avions-de-l-entite-sioniste\\\/209780\\\/#breadcrumb\"},\"inLanguage\":\"fr-FR\",\"potentialAction\":[{\"@type\":\"ReadAction\",\"target\":[\"https:\\\/\\\/www.webdo.tn\\\/fr\\\/actualite\\\/international\\\/oman-interdit-son-espace-aerien-aux-avions-de-l-entite-sioniste\\\/209780\\\/\"]}]},{\"@type\":\"ImageObject\",\"inLanguage\":\"fr-FR\",\"@id\":\"https:\\\/\\\/www.webdo.tn\\\/fr\\\/actualite\\\/international\\\/oman-interdit-son-espace-aerien-aux-avions-de-l-entite-sioniste\\\/209780\\\/#primaryimage\",\"url\":\"https:\\\/\\\/www.webdo.tn\\\/fr\\\/wp-content\\\/uploads\\\/2023\\\/10\\\/8349af3768e52a2944e3d31d9ee6c901.jpg\",\"contentUrl\":\"https:\\\/\\\/www.webdo.tn\\\/fr\\\/wp-content\\\/uploads\\\/2023\\\/10\\\/8349af3768e52a2944e3d31d9ee6c901.jpg\",\"width\":611,\"height\":326,\"caption\":\"Oman interdit son espace a\u00e9rien aux avions de l\u2019entit\u00e9 sioniste\"},{\"@type\":\"BreadcrumbList\",\"@id\":\"https:\\\/\\\/www.webdo.tn\\\/fr\\\/actualite\\\/international\\\/oman-interdit-son-espace-aerien-aux-avions-de-l-entite-sioniste\\\/209780\\\/#breadcrumb\",\"itemListElement\":[{\"@type\":\"ListItem\",\"position\":1,\"name\":\"Accueil\",\"item\":\"https:\\\/\\\/www.webdo.tn\\\/fr\\\/\"},{\"@type\":\"ListItem\",\"position\":2,\"name\":\"Oman interdit son espace a\u00e9rien aux avions de l\u2019entit\u00e9 sioniste\"}]},{\"@type\":\"WebSite\",\"@id\":\"https:\\\/\\\/www.webdo.tn\\\/fr\\\/#website\",\"url\":\"https:\\\/\\\/www.webdo.tn\\\/fr\\\/\",\"name\":\"webdo\",\"description\":\"Tunisie - News en Tunisie et \u00e0 l&#039;international sur Webdo.tn\",\"publisher\":{\"@id\":\"https:\\\/\\\/www.webdo.tn\\\/fr\\\/#organization\"},\"potentialAction\":[{\"@type\":\"SearchAction\",\"target\":{\"@type\":\"EntryPoint\",\"urlTemplate\":\"https:\\\/\\\/www.webdo.tn\\\/fr\\\/?s={search_term_string}\"},\"query-input\":{\"@type\":\"PropertyValueSpecification\",\"valueRequired\":true,\"valueName\":\"search_term_string\"}}],\"inLanguage\":\"fr-FR\"},{\"@type\":\"Organization\",\"@id\":\"https:\\\/\\\/www.webdo.tn\\\/fr\\\/#organization\",\"name\":\"Webdo\",\"alternateName\":\"Webdo.tn\",\"url\":\"https:\\\/\\\/www.webdo.tn\\\/fr\\\/\",\"logo\":{\"@type\":\"ImageObject\",\"inLanguage\":\"fr-FR\",\"@id\":\"https:\\\/\\\/www.webdo.tn\\\/fr\\\/#\\\/schema\\\/logo\\\/image\\\/\",\"url\":\"https:\\\/\\\/www.webdo.tn\\\/fr\\\/wp-content\\\/uploads\\\/2025\\\/06\\\/Webdo-Tunisie_168377.jpg\",\"contentUrl\":\"https:\\\/\\\/www.webdo.tn\\\/fr\\\/wp-content\\\/uploads\\\/2025\\\/06\\\/Webdo-Tunisie_168377.jpg\",\"width\":301,\"height\":301,\"caption\":\"Webdo\"},\"image\":{\"@id\":\"https:\\\/\\\/www.webdo.tn\\\/fr\\\/#\\\/schema\\\/logo\\\/image\\\/\"},\"sameAs\":[\"https:\\\/\\\/www.facebook.com\\\/webdotn\",\"https:\\\/\\\/x.com\\\/webdo_tn\"],\"description\":\"Webdo est un m\u00e9dia num\u00e9rique tunisien fond\u00e9 en 2010, sp\u00e9cialis\u00e9 dans l\u2019actualit\u00e9 nationale et internationale, l\u2019\u00e9conomie, la soci\u00e9t\u00e9 et les analyses politiques. Le site s\u2019adresse \u00e0 un large public francophone et couvre l\u2019information tunisienne en temps r\u00e9el.\",\"email\":\"redac@webdo.tn\",\"legalName\":\"YNJ SARL\",\"foundingDate\":\"2010-09-06\",\"numberOfEmployees\":{\"@type\":\"QuantitativeValue\",\"minValue\":\"11\",\"maxValue\":\"50\"}},{\"@type\":\"Person\",\"@id\":\"https:\\\/\\\/www.webdo.tn\\\/fr\\\/#\\\/schema\\\/person\\\/ae999f6cc68c323955dd7bb23b41f2dd\",\"name\":\"WDA\",\"image\":{\"@type\":\"ImageObject\",\"inLanguage\":\"fr-FR\",\"@id\":\"https:\\\/\\\/secure.gravatar.com\\\/avatar\\\/008e9c4da3bbf467e76fbd05ea8a140d6f047be3ff32b495e3a42ecd99d95622?s=96&d=mm&r=g\",\"url\":\"https:\\\/\\\/secure.gravatar.com\\\/avatar\\\/008e9c4da3bbf467e76fbd05ea8a140d6f047be3ff32b495e3a42ecd99d95622?s=96&d=mm&r=g\",\"contentUrl\":\"https:\\\/\\\/secure.gravatar.com\\\/avatar\\\/008e9c4da3bbf467e76fbd05ea8a140d6f047be3ff32b495e3a42ecd99d95622?s=96&d=mm&r=g\",\"caption\":\"WDA\"},\"url\":\"https:\\\/\\\/www.webdo.tn\\\/fr\\\/actualite\\\/author\\\/wda\\\/\"}]}<\/script>\n<!-- \/ Yoast SEO Premium plugin. -->","yoast_head_json":{"title":"Oman interdit son espace a\u00e9rien aux avions de l\u2019entit\u00e9 sioniste","description":"Oman vient d\u2019annuler le pr\u00e9c\u00e9dent accord pass\u00e9 avec l\u2019entit\u00e9 sioniste autorisant les avions isra\u00e9liens \u00e0 traverser l\u2019espace a\u00e9rien du sultanat.","canonical":"https:\/\/www.webdo.tn\/fr\/actualite\/international\/oman-interdit-son-espace-aerien-aux-avions-de-l-entite-sioniste\/209780\/","og_locale":"fr_FR","og_type":"article","og_title":"Oman interdit son espace a\u00e9rien aux avions de l\u2019entit\u00e9 sioniste","og_description":"Oman vient d\u2019annuler le pr\u00e9c\u00e9dent accord pass\u00e9 avec l\u2019entit\u00e9 sioniste autorisant les avions isra\u00e9liens \u00e0 traverser l\u2019espace a\u00e9rien du sultanat.","og_url":"https:\/\/www.webdo.tn\/fr\/actualite\/international\/oman-interdit-son-espace-aerien-aux-avions-de-l-entite-sioniste\/209780\/","og_site_name":"webdo","article_publisher":"https:\/\/www.facebook.com\/webdotn","article_published_time":"2023-10-31T13:44:00+00:00","article_modified_time":"2025-05-20T22:56:42+00:00","og_image":[{"width":611,"height":326,"url":"https:\/\/www.webdo.tn\/fr\/wp-content\/uploads\/2023\/10\/8349af3768e52a2944e3d31d9ee6c901.jpg","type":"image\/jpeg"}],"author":"WDA","twitter_card":"summary_large_image","twitter_creator":"@webdo_tn","twitter_site":"@webdo_tn","twitter_misc":{"\u00c9crit par":"WDA","Dur\u00e9e de lecture estim\u00e9e":"1 minute"},"schema":{"@context":"https:\/\/schema.org","@graph":[{"@type":"NewsArticle","@id":"https:\/\/www.webdo.tn\/fr\/actualite\/international\/oman-interdit-son-espace-aerien-aux-avions-de-l-entite-sioniste\/209780\/#article","isPartOf":{"@id":"https:\/\/www.webdo.tn\/fr\/actualite\/international\/oman-interdit-son-espace-aerien-aux-avions-de-l-entite-sioniste\/209780\/"},"author":{"name":"WDA","@id":"https:\/\/www.webdo.tn\/fr\/#\/schema\/person\/ae999f6cc68c323955dd7bb23b41f2dd"},"headline":"Oman interdit son espace a\u00e9rien aux avions de l\u2019entit\u00e9 sioniste","datePublished":"2023-10-31T13:44:00+00:00","dateModified":"2025-05-20T22:56:42+00:00","mainEntityOfPage":{"@id":"https:\/\/www.webdo.tn\/fr\/actualite\/international\/oman-interdit-son-espace-aerien-aux-avions-de-l-entite-sioniste\/209780\/"},"wordCount":172,"commentCount":0,"publisher":{"@id":"https:\/\/www.webdo.tn\/fr\/#organization"},"image":{"@id":"https:\/\/www.webdo.tn\/fr\/actualite\/international\/oman-interdit-son-espace-aerien-aux-avions-de-l-entite-sioniste\/209780\/#primaryimage"},"thumbnailUrl":"https:\/\/www.webdo.tn\/fr\/wp-content\/uploads\/2023\/10\/8349af3768e52a2944e3d31d9ee6c901.jpg","keywords":["Avions isra\u00e9liens","Espace a\u00e9rien","interdiction","Oman"],"articleSection":["International"],"inLanguage":"fr-FR"},{"@type":"WebPage","@id":"https:\/\/www.webdo.tn\/fr\/actualite\/international\/oman-interdit-son-espace-aerien-aux-avions-de-l-entite-sioniste\/209780\/","url":"https:\/\/www.webdo.tn\/fr\/actualite\/international\/oman-interdit-son-espace-aerien-aux-avions-de-l-entite-sioniste\/209780\/","name":"Oman interdit son espace a\u00e9rien aux avions de l\u2019entit\u00e9 sioniste","isPartOf":{"@id":"https:\/\/www.webdo.tn\/fr\/#website"},"primaryImageOfPage":{"@id":"https:\/\/www.webdo.tn\/fr\/actualite\/international\/oman-interdit-son-espace-aerien-aux-avions-de-l-entite-sioniste\/209780\/#primaryimage"},"image":{"@id":"https:\/\/www.webdo.tn\/fr\/actualite\/international\/oman-interdit-son-espace-aerien-aux-avions-de-l-entite-sioniste\/209780\/#primaryimage"},"thumbnailUrl":"https:\/\/www.webdo.tn\/fr\/wp-content\/uploads\/2023\/10\/8349af3768e52a2944e3d31d9ee6c901.jpg","datePublished":"2023-10-31T13:44:00+00:00","dateModified":"2025-05-20T22:56:42+00:00","description":"Oman vient d\u2019annuler le pr\u00e9c\u00e9dent accord pass\u00e9 avec l\u2019entit\u00e9 sioniste autorisant les avions isra\u00e9liens \u00e0 traverser l\u2019espace a\u00e9rien du sultanat.","breadcrumb":{"@id":"https:\/\/www.webdo.tn\/fr\/actualite\/international\/oman-interdit-son-espace-aerien-aux-avions-de-l-entite-sioniste\/209780\/#breadcrumb"},"inLanguage":"fr-FR","potentialAction":[{"@type":"ReadAction","target":["https:\/\/www.webdo.tn\/fr\/actualite\/international\/oman-interdit-son-espace-aerien-aux-avions-de-l-entite-sioniste\/209780\/"]}]},{"@type":"ImageObject","inLanguage":"fr-FR","@id":"https:\/\/www.webdo.tn\/fr\/actualite\/international\/oman-interdit-son-espace-aerien-aux-avions-de-l-entite-sioniste\/209780\/#primaryimage","url":"https:\/\/www.webdo.tn\/fr\/wp-content\/uploads\/2023\/10\/8349af3768e52a2944e3d31d9ee6c901.jpg","contentUrl":"https:\/\/www.webdo.tn\/fr\/wp-content\/uploads\/2023\/10\/8349af3768e52a2944e3d31d9ee6c901.jpg","width":611,"height":326,"caption":"Oman interdit son espace a\u00e9rien aux avions de l\u2019entit\u00e9 sioniste"},{"@type":"BreadcrumbList","@id":"https:\/\/www.webdo.tn\/fr\/actualite\/international\/oman-interdit-son-espace-aerien-aux-avions-de-l-entite-sioniste\/209780\/#breadcrumb","itemListElement":[{"@type":"ListItem","position":1,"name":"Accueil","item":"https:\/\/www.webdo.tn\/fr\/"},{"@type":"ListItem","position":2,"name":"Oman interdit son espace a\u00e9rien aux avions de l\u2019entit\u00e9 sioniste"}]},{"@type":"WebSite","@id":"https:\/\/www.webdo.tn\/fr\/#website","url":"https:\/\/www.webdo.tn\/fr\/","name":"webdo","description":"Tunisie - News en Tunisie et \u00e0 l&#039;international sur Webdo.tn","publisher":{"@id":"https:\/\/www.webdo.tn\/fr\/#organization"},"potentialAction":[{"@type":"SearchAction","target":{"@type":"EntryPoint","urlTemplate":"https:\/\/www.webdo.tn\/fr\/?s={search_term_string}"},"query-input":{"@type":"PropertyValueSpecification","valueRequired":true,"valueName":"search_term_string"}}],"inLanguage":"fr-FR"},{"@type":"Organization","@id":"https:\/\/www.webdo.tn\/fr\/#organization","name":"Webdo","alternateName":"Webdo.tn","url":"https:\/\/www.webdo.tn\/fr\/","logo":{"@type":"ImageObject","inLanguage":"fr-FR","@id":"https:\/\/www.webdo.tn\/fr\/#\/schema\/logo\/image\/","url":"https:\/\/www.webdo.tn\/fr\/wp-content\/uploads\/2025\/06\/Webdo-Tunisie_168377.jpg","contentUrl":"https:\/\/www.webdo.tn\/fr\/wp-content\/uploads\/2025\/06\/Webdo-Tunisie_168377.jpg","width":301,"height":301,"caption":"Webdo"},"image":{"@id":"https:\/\/www.webdo.tn\/fr\/#\/schema\/logo\/image\/"},"sameAs":["https:\/\/www.facebook.com\/webdotn","https:\/\/x.com\/webdo_tn"],"description":"Webdo est un m\u00e9dia num\u00e9rique tunisien fond\u00e9 en 2010, sp\u00e9cialis\u00e9 dans l\u2019actualit\u00e9 nationale et internationale, l\u2019\u00e9conomie, la soci\u00e9t\u00e9 et les analyses politiques. Le site s\u2019adresse \u00e0 un large public francophone et couvre l\u2019information tunisienne en temps r\u00e9el.","email":"redac@webdo.tn","legalName":"YNJ SARL","foundingDate":"2010-09-06","numberOfEmployees":{"@type":"QuantitativeValue","minValue":"11","maxValue":"50"}},{"@type":"Person","@id":"https:\/\/www.webdo.tn\/fr\/#\/schema\/person\/ae999f6cc68c323955dd7bb23b41f2dd","name":"WDA","image":{"@type":"ImageObject","inLanguage":"fr-FR","@id":"https:\/\/secure.gravatar.com\/avatar\/008e9c4da3bbf467e76fbd05ea8a140d6f047be3ff32b495e3a42ecd99d95622?s=96&d=mm&r=g","url":"https:\/\/secure.gravatar.com\/avatar\/008e9c4da3bbf467e76fbd05ea8a140d6f047be3ff32b495e3a42ecd99d95622?s=96&d=mm&r=g","contentUrl":"https:\/\/secure.gravatar.com\/avatar\/008e9c4da3bbf467e76fbd05ea8a140d6f047be3ff32b495e3a42ecd99d95622?s=96&d=mm&r=g","caption":"WDA"},"url":"https:\/\/www.webdo.tn\/fr\/actualite\/author\/wda\/"}]}},"_links":{"self":[{"href":"https:\/\/www.webdo.tn\/fr\/wp-json\/wp\/v2\/posts\/209780","targetHints":{"allow":["GET"]}}],"collection":[{"href":"https:\/\/www.webdo.tn\/fr\/wp-json\/wp\/v2\/posts"}],"about":[{"href":"https:\/\/www.webdo.tn\/fr\/wp-json\/wp\/v2\/types\/post"}],"author":[{"embeddable":true,"href":"https:\/\/www.webdo.tn\/fr\/wp-json\/wp\/v2\/users\/3185"}],"replies":[{"embeddable":true,"href":"https:\/\/www.webdo.tn\/fr\/wp-json\/wp\/v2\/comments?post=209780"}],"version-history":[{"count":0,"href":"https:\/\/www.webdo.tn\/fr\/wp-json\/wp\/v2\/posts\/209780\/revisions"}],"wp:featuredmedia":[{"embeddable":true,"href":"https:\/\/www.webdo.tn\/fr\/wp-json\/wp\/v2\/media\/248909"}],"wp:attachment":[{"href":"https:\/\/www.webdo.tn\/fr\/wp-json\/wp\/v2\/media?parent=209780"}],"wp:term":[{"taxonomy":"category","embeddable":true,"href":"https:\/\/www.webdo.tn\/fr\/wp-json\/wp\/v2\/categories?post=209780"},{"taxonomy":"post_tag","embeddable":true,"href":"https:\/\/www.webdo.tn\/fr\/wp-json\/wp\/v2\/tags?post=209780"}],"curies":[{"name":"wp","href":"https:\/\/api.w.org\/{rel}","templated":true}]}}