{"id":209778,"date":"2023-10-31T12:44:00","date_gmt":"2023-10-31T12:44:00","guid":{"rendered":"https:\/\/www.webdo.tn\/fr\/blog\/cinq-elements-terroristes-s-evadent-de-la-prison-de-mornaguia\/209778\/"},"modified":"2025-05-20T21:56:10","modified_gmt":"2025-05-20T21:56:10","slug":"cinq-elements-terroristes-s-evadent-de-la-prison-de-mornaguia","status":"publish","type":"post","link":"https:\/\/www.webdo.tn\/fr\/actualite\/national\/cinq-elements-terroristes-s-evadent-de-la-prison-de-mornaguia\/209778\/","title":{"rendered":"Cinq \u00e9l\u00e9ments terroristes s\u2019\u00e9vadent de la prison de Mornaguia"},"content":{"rendered":"<p>Le minist\u00e8re de l&rsquo;Int\u00e9rieur annonce l\u2019\u00e9vasion de cinq d\u00e9tenus dangereux de la prison civile de Mornaguia.<\/p>\n<p>\t\t\t\t\t\t\t\t\tIl s\u2019agit de cinq \u00e9l\u00e9ments terroristes impliqu\u00e9s dans les assassinats de Chokri Belaid et Mohamed Brahmi dont celui qui se fait appeler le \u00ab\u00a0Somalien\u00a0\u00bb.<\/p>\n<p>Le minist\u00e8re de l&rsquo;Int\u00e9rieur indique avoir \u00e9t\u00e9 inform\u00e9 par l&rsquo;administration de la prison civile de Mornaguia de l&rsquo;\u00e9vasion ces cinq \u00e9l\u00e9ments dangereux, et ce, \u00e0 l&rsquo;aube de ce mardi 31 octobre 2023.<\/p>\n<p>Toutes les unit\u00e9s s\u00e9curitaires ont \u00e9t\u00e9 mobilis\u00e9es et intensifient les recherches, dans le but de les capturer dans les plus brefs d\u00e9lais.<\/p>\n<p>Les photos des cinq fugitifs ont \u00e9t\u00e9 publi\u00e9es sur la page Facebook du minist\u00e8re de l\u2019Int\u00e9rieur.<\/p>\n<p>Le MI appelle tous les citoyens ayant une information concernant les cinq \u00e9vad\u00e9s \u00e0 se rendre \u00e0 l&rsquo;unit\u00e9 de s\u00e9curit\u00e9 la plus proche ou appeler les num\u00e9ros suivants :<\/p>\n<p>\tNum\u00e9ro : 71 335 000<br \/>\n\tGarde nationale : 193<br \/>\n\tPolice : 197<br \/>\n\tOu contactez l\u2019unit\u00e9 de s\u00e9curit\u00e9 ou militaire la plus proche.<\/p>\n","protected":false},"excerpt":{"rendered":"<p>Il s\u2019agit de cinq \u00e9l\u00e9ments terroristes impliqu\u00e9s dans les assassinats de Chokri Belaid et Mohamed Brahmi dont celui qui se fait appeler le  Somalien .<\/p>\n","protected":false},"author":3162,"featured_media":248905,"comment_status":"open","ping_status":"closed","sticky":false,"template":"","format":"standard","meta":{"footnotes":""},"categories":[44],"tags":[7641,7419,2708,3671,2608],"class_list":["post-209778","post","type-post","status-publish","format-standard","has-post-thumbnail","hentry","category-national","tag-fugitifs","tag-mornaguia","tag-prison","tag-terroristes","tag-tunisie"],"yoast_head":"<!-- This site is optimized with the Yoast SEO Premium plugin v27.5 (Yoast SEO v27.5) - https:\/\/yoast.com\/product\/yoast-seo-premium-wordpress\/ -->\n<title>Cinq \u00e9l\u00e9ments terroristes s\u2019\u00e9vadent de la prison de Mornaguia<\/title>\n<meta name=\"description\" content=\"Il s\u2019agit de cinq \u00e9l\u00e9ments terroristes impliqu\u00e9s dans les assassinats de Chokri Belaid et Mohamed Brahmi dont celui qui se fait appeler le Somalien .\" \/>\n<link rel=\"canonical\" href=\"https:\/\/www.webdo.tn\/fr\/actualite\/national\/cinq-elements-terroristes-s-evadent-de-la-prison-de-mornaguia\/209778\/\" \/>\n<meta property=\"og:locale\" content=\"fr_FR\" \/>\n<meta property=\"og:type\" content=\"article\" \/>\n<meta property=\"og:title\" content=\"Cinq \u00e9l\u00e9ments terroristes s\u2019\u00e9vadent de la prison de Mornaguia\" \/>\n<meta property=\"og:description\" content=\"Il s\u2019agit de cinq \u00e9l\u00e9ments terroristes impliqu\u00e9s dans les assassinats de Chokri Belaid et Mohamed Brahmi dont celui qui se fait appeler le Somalien .\" \/>\n<meta property=\"og:url\" content=\"https:\/\/www.webdo.tn\/fr\/actualite\/national\/cinq-elements-terroristes-s-evadent-de-la-prison-de-mornaguia\/209778\/\" \/>\n<meta property=\"og:site_name\" content=\"webdo\" \/>\n<meta property=\"article:publisher\" content=\"https:\/\/www.facebook.com\/webdotn\" \/>\n<meta property=\"article:published_time\" content=\"2023-10-31T12:44:00+00:00\" \/>\n<meta property=\"article:modified_time\" content=\"2025-05-20T21:56:10+00:00\" \/>\n<meta property=\"og:image\" content=\"https:\/\/www.webdo.tn\/fr\/wp-content\/uploads\/2023\/10\/fbdb6a576a5c042cc6c1cb3bcc6b646d.jpg\" \/>\n\t<meta property=\"og:image:width\" content=\"626\" \/>\n\t<meta property=\"og:image:height\" content=\"334\" \/>\n\t<meta property=\"og:image:type\" content=\"image\/jpeg\" \/>\n<meta name=\"author\" content=\"MC\" \/>\n<meta name=\"twitter:card\" content=\"summary_large_image\" \/>\n<meta name=\"twitter:creator\" content=\"@webdo_tn\" \/>\n<meta name=\"twitter:site\" content=\"@webdo_tn\" \/>\n<meta name=\"twitter:label1\" content=\"\u00c9crit par\" \/>\n\t<meta name=\"twitter:data1\" content=\"MC\" \/>\n\t<meta name=\"twitter:label2\" content=\"Dur\u00e9e de lecture estim\u00e9e\" \/>\n\t<meta name=\"twitter:data2\" content=\"1 minute\" \/>\n<script type=\"application\/ld+json\" class=\"yoast-schema-graph\">{\"@context\":\"https:\\\/\\\/schema.org\",\"@graph\":[{\"@type\":\"NewsArticle\",\"@id\":\"https:\\\/\\\/www.webdo.tn\\\/fr\\\/actualite\\\/national\\\/cinq-elements-terroristes-s-evadent-de-la-prison-de-mornaguia\\\/209778\\\/#article\",\"isPartOf\":{\"@id\":\"https:\\\/\\\/www.webdo.tn\\\/fr\\\/actualite\\\/national\\\/cinq-elements-terroristes-s-evadent-de-la-prison-de-mornaguia\\\/209778\\\/\"},\"author\":{\"name\":\"MC\",\"@id\":\"https:\\\/\\\/www.webdo.tn\\\/fr\\\/#\\\/schema\\\/person\\\/2c4929cbf5a809e3bd38617c6ce150f6\"},\"headline\":\"Cinq \u00e9l\u00e9ments terroristes s\u2019\u00e9vadent de la prison de Mornaguia\",\"datePublished\":\"2023-10-31T12:44:00+00:00\",\"dateModified\":\"2025-05-20T21:56:10+00:00\",\"mainEntityOfPage\":{\"@id\":\"https:\\\/\\\/www.webdo.tn\\\/fr\\\/actualite\\\/national\\\/cinq-elements-terroristes-s-evadent-de-la-prison-de-mornaguia\\\/209778\\\/\"},\"wordCount\":188,\"commentCount\":0,\"publisher\":{\"@id\":\"https:\\\/\\\/www.webdo.tn\\\/fr\\\/#organization\"},\"image\":{\"@id\":\"https:\\\/\\\/www.webdo.tn\\\/fr\\\/actualite\\\/national\\\/cinq-elements-terroristes-s-evadent-de-la-prison-de-mornaguia\\\/209778\\\/#primaryimage\"},\"thumbnailUrl\":\"https:\\\/\\\/www.webdo.tn\\\/fr\\\/wp-content\\\/uploads\\\/2023\\\/10\\\/fbdb6a576a5c042cc6c1cb3bcc6b646d.jpg\",\"keywords\":[\"fugitifs\",\"mornaguia\",\"Prison\",\"Terroristes\",\"Tunisie\"],\"articleSection\":[\"National\"],\"inLanguage\":\"fr-FR\"},{\"@type\":\"WebPage\",\"@id\":\"https:\\\/\\\/www.webdo.tn\\\/fr\\\/actualite\\\/national\\\/cinq-elements-terroristes-s-evadent-de-la-prison-de-mornaguia\\\/209778\\\/\",\"url\":\"https:\\\/\\\/www.webdo.tn\\\/fr\\\/actualite\\\/national\\\/cinq-elements-terroristes-s-evadent-de-la-prison-de-mornaguia\\\/209778\\\/\",\"name\":\"Cinq \u00e9l\u00e9ments terroristes s\u2019\u00e9vadent de la prison de Mornaguia\",\"isPartOf\":{\"@id\":\"https:\\\/\\\/www.webdo.tn\\\/fr\\\/#website\"},\"primaryImageOfPage\":{\"@id\":\"https:\\\/\\\/www.webdo.tn\\\/fr\\\/actualite\\\/national\\\/cinq-elements-terroristes-s-evadent-de-la-prison-de-mornaguia\\\/209778\\\/#primaryimage\"},\"image\":{\"@id\":\"https:\\\/\\\/www.webdo.tn\\\/fr\\\/actualite\\\/national\\\/cinq-elements-terroristes-s-evadent-de-la-prison-de-mornaguia\\\/209778\\\/#primaryimage\"},\"thumbnailUrl\":\"https:\\\/\\\/www.webdo.tn\\\/fr\\\/wp-content\\\/uploads\\\/2023\\\/10\\\/fbdb6a576a5c042cc6c1cb3bcc6b646d.jpg\",\"datePublished\":\"2023-10-31T12:44:00+00:00\",\"dateModified\":\"2025-05-20T21:56:10+00:00\",\"description\":\"Il s\u2019agit de cinq \u00e9l\u00e9ments terroristes impliqu\u00e9s dans les assassinats de Chokri Belaid et Mohamed Brahmi dont celui qui se fait appeler le Somalien .\",\"breadcrumb\":{\"@id\":\"https:\\\/\\\/www.webdo.tn\\\/fr\\\/actualite\\\/national\\\/cinq-elements-terroristes-s-evadent-de-la-prison-de-mornaguia\\\/209778\\\/#breadcrumb\"},\"inLanguage\":\"fr-FR\",\"potentialAction\":[{\"@type\":\"ReadAction\",\"target\":[\"https:\\\/\\\/www.webdo.tn\\\/fr\\\/actualite\\\/national\\\/cinq-elements-terroristes-s-evadent-de-la-prison-de-mornaguia\\\/209778\\\/\"]}]},{\"@type\":\"ImageObject\",\"inLanguage\":\"fr-FR\",\"@id\":\"https:\\\/\\\/www.webdo.tn\\\/fr\\\/actualite\\\/national\\\/cinq-elements-terroristes-s-evadent-de-la-prison-de-mornaguia\\\/209778\\\/#primaryimage\",\"url\":\"https:\\\/\\\/www.webdo.tn\\\/fr\\\/wp-content\\\/uploads\\\/2023\\\/10\\\/fbdb6a576a5c042cc6c1cb3bcc6b646d.jpg\",\"contentUrl\":\"https:\\\/\\\/www.webdo.tn\\\/fr\\\/wp-content\\\/uploads\\\/2023\\\/10\\\/fbdb6a576a5c042cc6c1cb3bcc6b646d.jpg\",\"width\":626,\"height\":334,\"caption\":\"Cinq \u00e9l\u00e9ments terroristes s\u2019\u00e9vadent de la prison de Mornaguia\"},{\"@type\":\"BreadcrumbList\",\"@id\":\"https:\\\/\\\/www.webdo.tn\\\/fr\\\/actualite\\\/national\\\/cinq-elements-terroristes-s-evadent-de-la-prison-de-mornaguia\\\/209778\\\/#breadcrumb\",\"itemListElement\":[{\"@type\":\"ListItem\",\"position\":1,\"name\":\"Accueil\",\"item\":\"https:\\\/\\\/www.webdo.tn\\\/fr\\\/\"},{\"@type\":\"ListItem\",\"position\":2,\"name\":\"Cinq \u00e9l\u00e9ments terroristes s\u2019\u00e9vadent de la prison de Mornaguia\"}]},{\"@type\":\"WebSite\",\"@id\":\"https:\\\/\\\/www.webdo.tn\\\/fr\\\/#website\",\"url\":\"https:\\\/\\\/www.webdo.tn\\\/fr\\\/\",\"name\":\"webdo\",\"description\":\"Tunisie - News en Tunisie et \u00e0 l&#039;international sur Webdo.tn\",\"publisher\":{\"@id\":\"https:\\\/\\\/www.webdo.tn\\\/fr\\\/#organization\"},\"potentialAction\":[{\"@type\":\"SearchAction\",\"target\":{\"@type\":\"EntryPoint\",\"urlTemplate\":\"https:\\\/\\\/www.webdo.tn\\\/fr\\\/?s={search_term_string}\"},\"query-input\":{\"@type\":\"PropertyValueSpecification\",\"valueRequired\":true,\"valueName\":\"search_term_string\"}}],\"inLanguage\":\"fr-FR\"},{\"@type\":\"Organization\",\"@id\":\"https:\\\/\\\/www.webdo.tn\\\/fr\\\/#organization\",\"name\":\"Webdo\",\"alternateName\":\"Webdo.tn\",\"url\":\"https:\\\/\\\/www.webdo.tn\\\/fr\\\/\",\"logo\":{\"@type\":\"ImageObject\",\"inLanguage\":\"fr-FR\",\"@id\":\"https:\\\/\\\/www.webdo.tn\\\/fr\\\/#\\\/schema\\\/logo\\\/image\\\/\",\"url\":\"https:\\\/\\\/www.webdo.tn\\\/fr\\\/wp-content\\\/uploads\\\/2025\\\/06\\\/Webdo-Tunisie_168377.jpg\",\"contentUrl\":\"https:\\\/\\\/www.webdo.tn\\\/fr\\\/wp-content\\\/uploads\\\/2025\\\/06\\\/Webdo-Tunisie_168377.jpg\",\"width\":301,\"height\":301,\"caption\":\"Webdo\"},\"image\":{\"@id\":\"https:\\\/\\\/www.webdo.tn\\\/fr\\\/#\\\/schema\\\/logo\\\/image\\\/\"},\"sameAs\":[\"https:\\\/\\\/www.facebook.com\\\/webdotn\",\"https:\\\/\\\/x.com\\\/webdo_tn\"],\"description\":\"Webdo est un m\u00e9dia num\u00e9rique tunisien fond\u00e9 en 2010, sp\u00e9cialis\u00e9 dans l\u2019actualit\u00e9 nationale et internationale, l\u2019\u00e9conomie, la soci\u00e9t\u00e9 et les analyses politiques. Le site s\u2019adresse \u00e0 un large public francophone et couvre l\u2019information tunisienne en temps r\u00e9el.\",\"email\":\"redac@webdo.tn\",\"legalName\":\"YNJ SARL\",\"foundingDate\":\"2010-09-06\",\"numberOfEmployees\":{\"@type\":\"QuantitativeValue\",\"minValue\":\"11\",\"maxValue\":\"50\"}},{\"@type\":\"Person\",\"@id\":\"https:\\\/\\\/www.webdo.tn\\\/fr\\\/#\\\/schema\\\/person\\\/2c4929cbf5a809e3bd38617c6ce150f6\",\"name\":\"MC\",\"image\":{\"@type\":\"ImageObject\",\"inLanguage\":\"fr-FR\",\"@id\":\"https:\\\/\\\/secure.gravatar.com\\\/avatar\\\/a545bbb6f84efdd5553dbbc2895e3ca8f1d12c5215e00a041c9670b54aa9b18a?s=96&d=mm&r=g\",\"url\":\"https:\\\/\\\/secure.gravatar.com\\\/avatar\\\/a545bbb6f84efdd5553dbbc2895e3ca8f1d12c5215e00a041c9670b54aa9b18a?s=96&d=mm&r=g\",\"contentUrl\":\"https:\\\/\\\/secure.gravatar.com\\\/avatar\\\/a545bbb6f84efdd5553dbbc2895e3ca8f1d12c5215e00a041c9670b54aa9b18a?s=96&d=mm&r=g\",\"caption\":\"MC\"},\"url\":\"https:\\\/\\\/www.webdo.tn\\\/fr\\\/actualite\\\/author\\\/mc\\\/\"}]}<\/script>\n<!-- \/ Yoast SEO Premium plugin. -->","yoast_head_json":{"title":"Cinq \u00e9l\u00e9ments terroristes s\u2019\u00e9vadent de la prison de Mornaguia","description":"Il s\u2019agit de cinq \u00e9l\u00e9ments terroristes impliqu\u00e9s dans les assassinats de Chokri Belaid et Mohamed Brahmi dont celui qui se fait appeler le Somalien .","canonical":"https:\/\/www.webdo.tn\/fr\/actualite\/national\/cinq-elements-terroristes-s-evadent-de-la-prison-de-mornaguia\/209778\/","og_locale":"fr_FR","og_type":"article","og_title":"Cinq \u00e9l\u00e9ments terroristes s\u2019\u00e9vadent de la prison de Mornaguia","og_description":"Il s\u2019agit de cinq \u00e9l\u00e9ments terroristes impliqu\u00e9s dans les assassinats de Chokri Belaid et Mohamed Brahmi dont celui qui se fait appeler le Somalien .","og_url":"https:\/\/www.webdo.tn\/fr\/actualite\/national\/cinq-elements-terroristes-s-evadent-de-la-prison-de-mornaguia\/209778\/","og_site_name":"webdo","article_publisher":"https:\/\/www.facebook.com\/webdotn","article_published_time":"2023-10-31T12:44:00+00:00","article_modified_time":"2025-05-20T21:56:10+00:00","og_image":[{"width":626,"height":334,"url":"https:\/\/www.webdo.tn\/fr\/wp-content\/uploads\/2023\/10\/fbdb6a576a5c042cc6c1cb3bcc6b646d.jpg","type":"image\/jpeg"}],"author":"MC","twitter_card":"summary_large_image","twitter_creator":"@webdo_tn","twitter_site":"@webdo_tn","twitter_misc":{"\u00c9crit par":"MC","Dur\u00e9e de lecture estim\u00e9e":"1 minute"},"schema":{"@context":"https:\/\/schema.org","@graph":[{"@type":"NewsArticle","@id":"https:\/\/www.webdo.tn\/fr\/actualite\/national\/cinq-elements-terroristes-s-evadent-de-la-prison-de-mornaguia\/209778\/#article","isPartOf":{"@id":"https:\/\/www.webdo.tn\/fr\/actualite\/national\/cinq-elements-terroristes-s-evadent-de-la-prison-de-mornaguia\/209778\/"},"author":{"name":"MC","@id":"https:\/\/www.webdo.tn\/fr\/#\/schema\/person\/2c4929cbf5a809e3bd38617c6ce150f6"},"headline":"Cinq \u00e9l\u00e9ments terroristes s\u2019\u00e9vadent de la prison de Mornaguia","datePublished":"2023-10-31T12:44:00+00:00","dateModified":"2025-05-20T21:56:10+00:00","mainEntityOfPage":{"@id":"https:\/\/www.webdo.tn\/fr\/actualite\/national\/cinq-elements-terroristes-s-evadent-de-la-prison-de-mornaguia\/209778\/"},"wordCount":188,"commentCount":0,"publisher":{"@id":"https:\/\/www.webdo.tn\/fr\/#organization"},"image":{"@id":"https:\/\/www.webdo.tn\/fr\/actualite\/national\/cinq-elements-terroristes-s-evadent-de-la-prison-de-mornaguia\/209778\/#primaryimage"},"thumbnailUrl":"https:\/\/www.webdo.tn\/fr\/wp-content\/uploads\/2023\/10\/fbdb6a576a5c042cc6c1cb3bcc6b646d.jpg","keywords":["fugitifs","mornaguia","Prison","Terroristes","Tunisie"],"articleSection":["National"],"inLanguage":"fr-FR"},{"@type":"WebPage","@id":"https:\/\/www.webdo.tn\/fr\/actualite\/national\/cinq-elements-terroristes-s-evadent-de-la-prison-de-mornaguia\/209778\/","url":"https:\/\/www.webdo.tn\/fr\/actualite\/national\/cinq-elements-terroristes-s-evadent-de-la-prison-de-mornaguia\/209778\/","name":"Cinq \u00e9l\u00e9ments terroristes s\u2019\u00e9vadent de la prison de Mornaguia","isPartOf":{"@id":"https:\/\/www.webdo.tn\/fr\/#website"},"primaryImageOfPage":{"@id":"https:\/\/www.webdo.tn\/fr\/actualite\/national\/cinq-elements-terroristes-s-evadent-de-la-prison-de-mornaguia\/209778\/#primaryimage"},"image":{"@id":"https:\/\/www.webdo.tn\/fr\/actualite\/national\/cinq-elements-terroristes-s-evadent-de-la-prison-de-mornaguia\/209778\/#primaryimage"},"thumbnailUrl":"https:\/\/www.webdo.tn\/fr\/wp-content\/uploads\/2023\/10\/fbdb6a576a5c042cc6c1cb3bcc6b646d.jpg","datePublished":"2023-10-31T12:44:00+00:00","dateModified":"2025-05-20T21:56:10+00:00","description":"Il s\u2019agit de cinq \u00e9l\u00e9ments terroristes impliqu\u00e9s dans les assassinats de Chokri Belaid et Mohamed Brahmi dont celui qui se fait appeler le Somalien .","breadcrumb":{"@id":"https:\/\/www.webdo.tn\/fr\/actualite\/national\/cinq-elements-terroristes-s-evadent-de-la-prison-de-mornaguia\/209778\/#breadcrumb"},"inLanguage":"fr-FR","potentialAction":[{"@type":"ReadAction","target":["https:\/\/www.webdo.tn\/fr\/actualite\/national\/cinq-elements-terroristes-s-evadent-de-la-prison-de-mornaguia\/209778\/"]}]},{"@type":"ImageObject","inLanguage":"fr-FR","@id":"https:\/\/www.webdo.tn\/fr\/actualite\/national\/cinq-elements-terroristes-s-evadent-de-la-prison-de-mornaguia\/209778\/#primaryimage","url":"https:\/\/www.webdo.tn\/fr\/wp-content\/uploads\/2023\/10\/fbdb6a576a5c042cc6c1cb3bcc6b646d.jpg","contentUrl":"https:\/\/www.webdo.tn\/fr\/wp-content\/uploads\/2023\/10\/fbdb6a576a5c042cc6c1cb3bcc6b646d.jpg","width":626,"height":334,"caption":"Cinq \u00e9l\u00e9ments terroristes s\u2019\u00e9vadent de la prison de Mornaguia"},{"@type":"BreadcrumbList","@id":"https:\/\/www.webdo.tn\/fr\/actualite\/national\/cinq-elements-terroristes-s-evadent-de-la-prison-de-mornaguia\/209778\/#breadcrumb","itemListElement":[{"@type":"ListItem","position":1,"name":"Accueil","item":"https:\/\/www.webdo.tn\/fr\/"},{"@type":"ListItem","position":2,"name":"Cinq \u00e9l\u00e9ments terroristes s\u2019\u00e9vadent de la prison de Mornaguia"}]},{"@type":"WebSite","@id":"https:\/\/www.webdo.tn\/fr\/#website","url":"https:\/\/www.webdo.tn\/fr\/","name":"webdo","description":"Tunisie - News en Tunisie et \u00e0 l&#039;international sur Webdo.tn","publisher":{"@id":"https:\/\/www.webdo.tn\/fr\/#organization"},"potentialAction":[{"@type":"SearchAction","target":{"@type":"EntryPoint","urlTemplate":"https:\/\/www.webdo.tn\/fr\/?s={search_term_string}"},"query-input":{"@type":"PropertyValueSpecification","valueRequired":true,"valueName":"search_term_string"}}],"inLanguage":"fr-FR"},{"@type":"Organization","@id":"https:\/\/www.webdo.tn\/fr\/#organization","name":"Webdo","alternateName":"Webdo.tn","url":"https:\/\/www.webdo.tn\/fr\/","logo":{"@type":"ImageObject","inLanguage":"fr-FR","@id":"https:\/\/www.webdo.tn\/fr\/#\/schema\/logo\/image\/","url":"https:\/\/www.webdo.tn\/fr\/wp-content\/uploads\/2025\/06\/Webdo-Tunisie_168377.jpg","contentUrl":"https:\/\/www.webdo.tn\/fr\/wp-content\/uploads\/2025\/06\/Webdo-Tunisie_168377.jpg","width":301,"height":301,"caption":"Webdo"},"image":{"@id":"https:\/\/www.webdo.tn\/fr\/#\/schema\/logo\/image\/"},"sameAs":["https:\/\/www.facebook.com\/webdotn","https:\/\/x.com\/webdo_tn"],"description":"Webdo est un m\u00e9dia num\u00e9rique tunisien fond\u00e9 en 2010, sp\u00e9cialis\u00e9 dans l\u2019actualit\u00e9 nationale et internationale, l\u2019\u00e9conomie, la soci\u00e9t\u00e9 et les analyses politiques. Le site s\u2019adresse \u00e0 un large public francophone et couvre l\u2019information tunisienne en temps r\u00e9el.","email":"redac@webdo.tn","legalName":"YNJ SARL","foundingDate":"2010-09-06","numberOfEmployees":{"@type":"QuantitativeValue","minValue":"11","maxValue":"50"}},{"@type":"Person","@id":"https:\/\/www.webdo.tn\/fr\/#\/schema\/person\/2c4929cbf5a809e3bd38617c6ce150f6","name":"MC","image":{"@type":"ImageObject","inLanguage":"fr-FR","@id":"https:\/\/secure.gravatar.com\/avatar\/a545bbb6f84efdd5553dbbc2895e3ca8f1d12c5215e00a041c9670b54aa9b18a?s=96&d=mm&r=g","url":"https:\/\/secure.gravatar.com\/avatar\/a545bbb6f84efdd5553dbbc2895e3ca8f1d12c5215e00a041c9670b54aa9b18a?s=96&d=mm&r=g","contentUrl":"https:\/\/secure.gravatar.com\/avatar\/a545bbb6f84efdd5553dbbc2895e3ca8f1d12c5215e00a041c9670b54aa9b18a?s=96&d=mm&r=g","caption":"MC"},"url":"https:\/\/www.webdo.tn\/fr\/actualite\/author\/mc\/"}]}},"_links":{"self":[{"href":"https:\/\/www.webdo.tn\/fr\/wp-json\/wp\/v2\/posts\/209778","targetHints":{"allow":["GET"]}}],"collection":[{"href":"https:\/\/www.webdo.tn\/fr\/wp-json\/wp\/v2\/posts"}],"about":[{"href":"https:\/\/www.webdo.tn\/fr\/wp-json\/wp\/v2\/types\/post"}],"author":[{"embeddable":true,"href":"https:\/\/www.webdo.tn\/fr\/wp-json\/wp\/v2\/users\/3162"}],"replies":[{"embeddable":true,"href":"https:\/\/www.webdo.tn\/fr\/wp-json\/wp\/v2\/comments?post=209778"}],"version-history":[{"count":0,"href":"https:\/\/www.webdo.tn\/fr\/wp-json\/wp\/v2\/posts\/209778\/revisions"}],"wp:featuredmedia":[{"embeddable":true,"href":"https:\/\/www.webdo.tn\/fr\/wp-json\/wp\/v2\/media\/248905"}],"wp:attachment":[{"href":"https:\/\/www.webdo.tn\/fr\/wp-json\/wp\/v2\/media?parent=209778"}],"wp:term":[{"taxonomy":"category","embeddable":true,"href":"https:\/\/www.webdo.tn\/fr\/wp-json\/wp\/v2\/categories?post=209778"},{"taxonomy":"post_tag","embeddable":true,"href":"https:\/\/www.webdo.tn\/fr\/wp-json\/wp\/v2\/tags?post=209778"}],"curies":[{"name":"wp","href":"https:\/\/api.w.org\/{rel}","templated":true}]}}