{"id":209772,"date":"2023-10-31T11:12:00","date_gmt":"2023-10-31T11:12:00","guid":{"rendered":"https:\/\/www.webdo.tn\/fr\/blog\/france-la-police-ouvre-le-feu-sur-une-femme-faisant-l-apologie-du-terrorisme\/209772\/"},"modified":"2025-05-20T22:10:33","modified_gmt":"2025-05-20T22:10:33","slug":"france-la-police-ouvre-le-feu-sur-une-femme-faisant-l-apologie-du-terrorisme","status":"publish","type":"post","link":"https:\/\/www.webdo.tn\/fr\/actualite\/international\/france-la-police-ouvre-le-feu-sur-une-femme-faisant-l-apologie-du-terrorisme\/209772\/","title":{"rendered":"France : La police ouvre le feu sur une femme faisant l\u2019apologie du terrorisme"},"content":{"rendered":"<p>Ce mardi matin \u00e0 Paris, la police a ouvert le feu sur une femme int\u00e9gralement voil\u00e9e qui tenait des propos mena\u00e7ants et faisait l\u2019apologie du terrorisme. Les faits se sont d\u00e9roul\u00e9s \u00e0 la station Biblioth\u00e8que Fran\u00e7ois Mitterrand.<\/p>\n<p>\t\t\t\t\t\t\t\t\tA la station de RER \u00e0 Austerlitz, dans le 13e arrondissement de Paris, une femme enti\u00e8rement voil\u00e9e, prof\u00e8re des menaces envers les passants et surtout de \u00abtout faire p\u00e9ter\u00bb, selon une source polici\u00e8re.<\/p>\n<p>Rep\u00e9r\u00e9e au niveau de la station Biblioth\u00e8que Fran\u00e7ois Mitterrand, dissimulant ses mains dans sa tenue. Une \u00e9quipe de la BAC intervient sur place et tente de l\u2019isoler alors qu\u2019elle est en train de crier \u00abAllah Akbar\u00bb et refuse toujours de montrer ses mains.<\/p>\n<p>Les forces de l\u2019ordre d\u00e9cident alors de faire usage de leur arme. La femme a \u00e9t\u00e9 touch\u00e9e au niveau du ventre. Son pronostic vital est engag\u00e9 mais son \u00e9tat est stable.<\/p>\n","protected":false},"excerpt":{"rendered":"<p>A la station de RER \u00e0 Austerlitz, dans le 13e arrondissement de Paris, une femme enti\u00e8rement voil\u00e9e, prof\u00e8re des menaces envers les passants et surtout de \u00abtout&#8230;<\/p>\n","protected":false},"author":3162,"featured_media":278935,"comment_status":"open","ping_status":"closed","sticky":false,"template":"","format":"standard","meta":{"footnotes":""},"categories":[2598],"tags":[2998,7241,5270],"class_list":["post-209772","post","type-post","status-publish","format-standard","has-post-thumbnail","hentry","category-international","tag-france","tag-menace","tag-paris"],"yoast_head":"<!-- This site is optimized with the Yoast SEO Premium plugin v27.5 (Yoast SEO v27.5) - https:\/\/yoast.com\/product\/yoast-seo-premium-wordpress\/ -->\n<title>France : La police ouvre le feu sur une femme faisant l\u2019apologie du terrorisme<\/title>\n<meta name=\"description\" content=\"A la station de RER \u00e0 Austerlitz, dans le 13e arrondissement de Paris, une femme enti\u00e8rement voil\u00e9e, prof\u00e8re des menaces envers les passants et surtout de \u00abtout...\" \/>\n<link rel=\"canonical\" href=\"https:\/\/www.webdo.tn\/fr\/actualite\/international\/france-la-police-ouvre-le-feu-sur-une-femme-faisant-l-apologie-du-terrorisme\/209772\/\" \/>\n<meta property=\"og:locale\" content=\"fr_FR\" \/>\n<meta property=\"og:type\" content=\"article\" \/>\n<meta property=\"og:title\" content=\"France : La police ouvre le feu sur une femme faisant l\u2019apologie du terrorisme\" \/>\n<meta property=\"og:description\" content=\"A la station de RER \u00e0 Austerlitz, dans le 13e arrondissement de Paris, une femme enti\u00e8rement voil\u00e9e, prof\u00e8re des menaces envers les passants et surtout de \u00abtout...\" \/>\n<meta property=\"og:url\" content=\"https:\/\/www.webdo.tn\/fr\/actualite\/international\/france-la-police-ouvre-le-feu-sur-une-femme-faisant-l-apologie-du-terrorisme\/209772\/\" \/>\n<meta property=\"og:site_name\" content=\"webdo\" \/>\n<meta property=\"article:publisher\" content=\"https:\/\/www.facebook.com\/webdotn\" \/>\n<meta property=\"article:published_time\" content=\"2023-10-31T11:12:00+00:00\" \/>\n<meta property=\"article:modified_time\" content=\"2025-05-20T22:10:33+00:00\" \/>\n<meta property=\"og:image\" content=\"https:\/\/www.webdo.tn\/fr\/wp-content\/uploads\/2023\/10\/a67f7cf94edc8c9f46b5ff961c004a88.jpg\" \/>\n\t<meta property=\"og:image:width\" content=\"750\" \/>\n\t<meta property=\"og:image:height\" content=\"400\" \/>\n\t<meta property=\"og:image:type\" content=\"image\/jpeg\" \/>\n<meta name=\"author\" content=\"MC\" \/>\n<meta name=\"twitter:card\" content=\"summary_large_image\" \/>\n<meta name=\"twitter:creator\" content=\"@webdo_tn\" \/>\n<meta name=\"twitter:site\" content=\"@webdo_tn\" \/>\n<meta name=\"twitter:label1\" content=\"\u00c9crit par\" \/>\n\t<meta name=\"twitter:data1\" content=\"MC\" \/>\n\t<meta name=\"twitter:label2\" content=\"Dur\u00e9e de lecture estim\u00e9e\" \/>\n\t<meta name=\"twitter:data2\" content=\"1 minute\" \/>\n<script type=\"application\/ld+json\" class=\"yoast-schema-graph\">{\"@context\":\"https:\\\/\\\/schema.org\",\"@graph\":[{\"@type\":\"NewsArticle\",\"@id\":\"https:\\\/\\\/www.webdo.tn\\\/fr\\\/actualite\\\/international\\\/france-la-police-ouvre-le-feu-sur-une-femme-faisant-l-apologie-du-terrorisme\\\/209772\\\/#article\",\"isPartOf\":{\"@id\":\"https:\\\/\\\/www.webdo.tn\\\/fr\\\/actualite\\\/international\\\/france-la-police-ouvre-le-feu-sur-une-femme-faisant-l-apologie-du-terrorisme\\\/209772\\\/\"},\"author\":{\"name\":\"MC\",\"@id\":\"https:\\\/\\\/www.webdo.tn\\\/fr\\\/#\\\/schema\\\/person\\\/2c4929cbf5a809e3bd38617c6ce150f6\"},\"headline\":\"France : La police ouvre le feu sur une femme faisant l\u2019apologie du terrorisme\",\"datePublished\":\"2023-10-31T11:12:00+00:00\",\"dateModified\":\"2025-05-20T22:10:33+00:00\",\"mainEntityOfPage\":{\"@id\":\"https:\\\/\\\/www.webdo.tn\\\/fr\\\/actualite\\\/international\\\/france-la-police-ouvre-le-feu-sur-une-femme-faisant-l-apologie-du-terrorisme\\\/209772\\\/\"},\"wordCount\":177,\"commentCount\":0,\"publisher\":{\"@id\":\"https:\\\/\\\/www.webdo.tn\\\/fr\\\/#organization\"},\"image\":{\"@id\":\"https:\\\/\\\/www.webdo.tn\\\/fr\\\/actualite\\\/international\\\/france-la-police-ouvre-le-feu-sur-une-femme-faisant-l-apologie-du-terrorisme\\\/209772\\\/#primaryimage\"},\"thumbnailUrl\":\"https:\\\/\\\/www.webdo.tn\\\/fr\\\/wp-content\\\/uploads\\\/2023\\\/10\\\/a67f7cf94edc8c9f46b5ff961c004a88.jpg\",\"keywords\":[\"france\",\"menace\",\"Paris\"],\"articleSection\":[\"International\"],\"inLanguage\":\"fr-FR\"},{\"@type\":\"WebPage\",\"@id\":\"https:\\\/\\\/www.webdo.tn\\\/fr\\\/actualite\\\/international\\\/france-la-police-ouvre-le-feu-sur-une-femme-faisant-l-apologie-du-terrorisme\\\/209772\\\/\",\"url\":\"https:\\\/\\\/www.webdo.tn\\\/fr\\\/actualite\\\/international\\\/france-la-police-ouvre-le-feu-sur-une-femme-faisant-l-apologie-du-terrorisme\\\/209772\\\/\",\"name\":\"France : La police ouvre le feu sur une femme faisant l\u2019apologie du terrorisme\",\"isPartOf\":{\"@id\":\"https:\\\/\\\/www.webdo.tn\\\/fr\\\/#website\"},\"primaryImageOfPage\":{\"@id\":\"https:\\\/\\\/www.webdo.tn\\\/fr\\\/actualite\\\/international\\\/france-la-police-ouvre-le-feu-sur-une-femme-faisant-l-apologie-du-terrorisme\\\/209772\\\/#primaryimage\"},\"image\":{\"@id\":\"https:\\\/\\\/www.webdo.tn\\\/fr\\\/actualite\\\/international\\\/france-la-police-ouvre-le-feu-sur-une-femme-faisant-l-apologie-du-terrorisme\\\/209772\\\/#primaryimage\"},\"thumbnailUrl\":\"https:\\\/\\\/www.webdo.tn\\\/fr\\\/wp-content\\\/uploads\\\/2023\\\/10\\\/a67f7cf94edc8c9f46b5ff961c004a88.jpg\",\"datePublished\":\"2023-10-31T11:12:00+00:00\",\"dateModified\":\"2025-05-20T22:10:33+00:00\",\"description\":\"A la station de RER \u00e0 Austerlitz, dans le 13e arrondissement de Paris, une femme enti\u00e8rement voil\u00e9e, prof\u00e8re des menaces envers les passants et surtout de \u00abtout...\",\"breadcrumb\":{\"@id\":\"https:\\\/\\\/www.webdo.tn\\\/fr\\\/actualite\\\/international\\\/france-la-police-ouvre-le-feu-sur-une-femme-faisant-l-apologie-du-terrorisme\\\/209772\\\/#breadcrumb\"},\"inLanguage\":\"fr-FR\",\"potentialAction\":[{\"@type\":\"ReadAction\",\"target\":[\"https:\\\/\\\/www.webdo.tn\\\/fr\\\/actualite\\\/international\\\/france-la-police-ouvre-le-feu-sur-une-femme-faisant-l-apologie-du-terrorisme\\\/209772\\\/\"]}]},{\"@type\":\"ImageObject\",\"inLanguage\":\"fr-FR\",\"@id\":\"https:\\\/\\\/www.webdo.tn\\\/fr\\\/actualite\\\/international\\\/france-la-police-ouvre-le-feu-sur-une-femme-faisant-l-apologie-du-terrorisme\\\/209772\\\/#primaryimage\",\"url\":\"https:\\\/\\\/www.webdo.tn\\\/fr\\\/wp-content\\\/uploads\\\/2023\\\/10\\\/a67f7cf94edc8c9f46b5ff961c004a88.jpg\",\"contentUrl\":\"https:\\\/\\\/www.webdo.tn\\\/fr\\\/wp-content\\\/uploads\\\/2023\\\/10\\\/a67f7cf94edc8c9f46b5ff961c004a88.jpg\",\"width\":750,\"height\":400,\"caption\":\"France : La police ouvre le feu sur une femme faisant l\u2019apologie du terrorisme\"},{\"@type\":\"BreadcrumbList\",\"@id\":\"https:\\\/\\\/www.webdo.tn\\\/fr\\\/actualite\\\/international\\\/france-la-police-ouvre-le-feu-sur-une-femme-faisant-l-apologie-du-terrorisme\\\/209772\\\/#breadcrumb\",\"itemListElement\":[{\"@type\":\"ListItem\",\"position\":1,\"name\":\"Accueil\",\"item\":\"https:\\\/\\\/www.webdo.tn\\\/fr\\\/\"},{\"@type\":\"ListItem\",\"position\":2,\"name\":\"France : La police ouvre le feu sur une femme faisant l\u2019apologie du terrorisme\"}]},{\"@type\":\"WebSite\",\"@id\":\"https:\\\/\\\/www.webdo.tn\\\/fr\\\/#website\",\"url\":\"https:\\\/\\\/www.webdo.tn\\\/fr\\\/\",\"name\":\"webdo\",\"description\":\"Tunisie - News en Tunisie et \u00e0 l&#039;international sur Webdo.tn\",\"publisher\":{\"@id\":\"https:\\\/\\\/www.webdo.tn\\\/fr\\\/#organization\"},\"potentialAction\":[{\"@type\":\"SearchAction\",\"target\":{\"@type\":\"EntryPoint\",\"urlTemplate\":\"https:\\\/\\\/www.webdo.tn\\\/fr\\\/?s={search_term_string}\"},\"query-input\":{\"@type\":\"PropertyValueSpecification\",\"valueRequired\":true,\"valueName\":\"search_term_string\"}}],\"inLanguage\":\"fr-FR\"},{\"@type\":\"Organization\",\"@id\":\"https:\\\/\\\/www.webdo.tn\\\/fr\\\/#organization\",\"name\":\"Webdo\",\"alternateName\":\"Webdo.tn\",\"url\":\"https:\\\/\\\/www.webdo.tn\\\/fr\\\/\",\"logo\":{\"@type\":\"ImageObject\",\"inLanguage\":\"fr-FR\",\"@id\":\"https:\\\/\\\/www.webdo.tn\\\/fr\\\/#\\\/schema\\\/logo\\\/image\\\/\",\"url\":\"https:\\\/\\\/www.webdo.tn\\\/fr\\\/wp-content\\\/uploads\\\/2025\\\/06\\\/Webdo-Tunisie_168377.jpg\",\"contentUrl\":\"https:\\\/\\\/www.webdo.tn\\\/fr\\\/wp-content\\\/uploads\\\/2025\\\/06\\\/Webdo-Tunisie_168377.jpg\",\"width\":301,\"height\":301,\"caption\":\"Webdo\"},\"image\":{\"@id\":\"https:\\\/\\\/www.webdo.tn\\\/fr\\\/#\\\/schema\\\/logo\\\/image\\\/\"},\"sameAs\":[\"https:\\\/\\\/www.facebook.com\\\/webdotn\",\"https:\\\/\\\/x.com\\\/webdo_tn\"],\"description\":\"Webdo est un m\u00e9dia num\u00e9rique tunisien fond\u00e9 en 2010, sp\u00e9cialis\u00e9 dans l\u2019actualit\u00e9 nationale et internationale, l\u2019\u00e9conomie, la soci\u00e9t\u00e9 et les analyses politiques. Le site s\u2019adresse \u00e0 un large public francophone et couvre l\u2019information tunisienne en temps r\u00e9el.\",\"email\":\"redac@webdo.tn\",\"legalName\":\"YNJ SARL\",\"foundingDate\":\"2010-09-06\",\"numberOfEmployees\":{\"@type\":\"QuantitativeValue\",\"minValue\":\"11\",\"maxValue\":\"50\"}},{\"@type\":\"Person\",\"@id\":\"https:\\\/\\\/www.webdo.tn\\\/fr\\\/#\\\/schema\\\/person\\\/2c4929cbf5a809e3bd38617c6ce150f6\",\"name\":\"MC\",\"image\":{\"@type\":\"ImageObject\",\"inLanguage\":\"fr-FR\",\"@id\":\"https:\\\/\\\/secure.gravatar.com\\\/avatar\\\/a545bbb6f84efdd5553dbbc2895e3ca8f1d12c5215e00a041c9670b54aa9b18a?s=96&d=mm&r=g\",\"url\":\"https:\\\/\\\/secure.gravatar.com\\\/avatar\\\/a545bbb6f84efdd5553dbbc2895e3ca8f1d12c5215e00a041c9670b54aa9b18a?s=96&d=mm&r=g\",\"contentUrl\":\"https:\\\/\\\/secure.gravatar.com\\\/avatar\\\/a545bbb6f84efdd5553dbbc2895e3ca8f1d12c5215e00a041c9670b54aa9b18a?s=96&d=mm&r=g\",\"caption\":\"MC\"},\"url\":\"https:\\\/\\\/www.webdo.tn\\\/fr\\\/actualite\\\/author\\\/mc\\\/\"}]}<\/script>\n<!-- \/ Yoast SEO Premium plugin. -->","yoast_head_json":{"title":"France : La police ouvre le feu sur une femme faisant l\u2019apologie du terrorisme","description":"A la station de RER \u00e0 Austerlitz, dans le 13e arrondissement de Paris, une femme enti\u00e8rement voil\u00e9e, prof\u00e8re des menaces envers les passants et surtout de \u00abtout...","canonical":"https:\/\/www.webdo.tn\/fr\/actualite\/international\/france-la-police-ouvre-le-feu-sur-une-femme-faisant-l-apologie-du-terrorisme\/209772\/","og_locale":"fr_FR","og_type":"article","og_title":"France : La police ouvre le feu sur une femme faisant l\u2019apologie du terrorisme","og_description":"A la station de RER \u00e0 Austerlitz, dans le 13e arrondissement de Paris, une femme enti\u00e8rement voil\u00e9e, prof\u00e8re des menaces envers les passants et surtout de \u00abtout...","og_url":"https:\/\/www.webdo.tn\/fr\/actualite\/international\/france-la-police-ouvre-le-feu-sur-une-femme-faisant-l-apologie-du-terrorisme\/209772\/","og_site_name":"webdo","article_publisher":"https:\/\/www.facebook.com\/webdotn","article_published_time":"2023-10-31T11:12:00+00:00","article_modified_time":"2025-05-20T22:10:33+00:00","og_image":[{"width":750,"height":400,"url":"https:\/\/www.webdo.tn\/fr\/wp-content\/uploads\/2023\/10\/a67f7cf94edc8c9f46b5ff961c004a88.jpg","type":"image\/jpeg"}],"author":"MC","twitter_card":"summary_large_image","twitter_creator":"@webdo_tn","twitter_site":"@webdo_tn","twitter_misc":{"\u00c9crit par":"MC","Dur\u00e9e de lecture estim\u00e9e":"1 minute"},"schema":{"@context":"https:\/\/schema.org","@graph":[{"@type":"NewsArticle","@id":"https:\/\/www.webdo.tn\/fr\/actualite\/international\/france-la-police-ouvre-le-feu-sur-une-femme-faisant-l-apologie-du-terrorisme\/209772\/#article","isPartOf":{"@id":"https:\/\/www.webdo.tn\/fr\/actualite\/international\/france-la-police-ouvre-le-feu-sur-une-femme-faisant-l-apologie-du-terrorisme\/209772\/"},"author":{"name":"MC","@id":"https:\/\/www.webdo.tn\/fr\/#\/schema\/person\/2c4929cbf5a809e3bd38617c6ce150f6"},"headline":"France : La police ouvre le feu sur une femme faisant l\u2019apologie du terrorisme","datePublished":"2023-10-31T11:12:00+00:00","dateModified":"2025-05-20T22:10:33+00:00","mainEntityOfPage":{"@id":"https:\/\/www.webdo.tn\/fr\/actualite\/international\/france-la-police-ouvre-le-feu-sur-une-femme-faisant-l-apologie-du-terrorisme\/209772\/"},"wordCount":177,"commentCount":0,"publisher":{"@id":"https:\/\/www.webdo.tn\/fr\/#organization"},"image":{"@id":"https:\/\/www.webdo.tn\/fr\/actualite\/international\/france-la-police-ouvre-le-feu-sur-une-femme-faisant-l-apologie-du-terrorisme\/209772\/#primaryimage"},"thumbnailUrl":"https:\/\/www.webdo.tn\/fr\/wp-content\/uploads\/2023\/10\/a67f7cf94edc8c9f46b5ff961c004a88.jpg","keywords":["france","menace","Paris"],"articleSection":["International"],"inLanguage":"fr-FR"},{"@type":"WebPage","@id":"https:\/\/www.webdo.tn\/fr\/actualite\/international\/france-la-police-ouvre-le-feu-sur-une-femme-faisant-l-apologie-du-terrorisme\/209772\/","url":"https:\/\/www.webdo.tn\/fr\/actualite\/international\/france-la-police-ouvre-le-feu-sur-une-femme-faisant-l-apologie-du-terrorisme\/209772\/","name":"France : La police ouvre le feu sur une femme faisant l\u2019apologie du terrorisme","isPartOf":{"@id":"https:\/\/www.webdo.tn\/fr\/#website"},"primaryImageOfPage":{"@id":"https:\/\/www.webdo.tn\/fr\/actualite\/international\/france-la-police-ouvre-le-feu-sur-une-femme-faisant-l-apologie-du-terrorisme\/209772\/#primaryimage"},"image":{"@id":"https:\/\/www.webdo.tn\/fr\/actualite\/international\/france-la-police-ouvre-le-feu-sur-une-femme-faisant-l-apologie-du-terrorisme\/209772\/#primaryimage"},"thumbnailUrl":"https:\/\/www.webdo.tn\/fr\/wp-content\/uploads\/2023\/10\/a67f7cf94edc8c9f46b5ff961c004a88.jpg","datePublished":"2023-10-31T11:12:00+00:00","dateModified":"2025-05-20T22:10:33+00:00","description":"A la station de RER \u00e0 Austerlitz, dans le 13e arrondissement de Paris, une femme enti\u00e8rement voil\u00e9e, prof\u00e8re des menaces envers les passants et surtout de \u00abtout...","breadcrumb":{"@id":"https:\/\/www.webdo.tn\/fr\/actualite\/international\/france-la-police-ouvre-le-feu-sur-une-femme-faisant-l-apologie-du-terrorisme\/209772\/#breadcrumb"},"inLanguage":"fr-FR","potentialAction":[{"@type":"ReadAction","target":["https:\/\/www.webdo.tn\/fr\/actualite\/international\/france-la-police-ouvre-le-feu-sur-une-femme-faisant-l-apologie-du-terrorisme\/209772\/"]}]},{"@type":"ImageObject","inLanguage":"fr-FR","@id":"https:\/\/www.webdo.tn\/fr\/actualite\/international\/france-la-police-ouvre-le-feu-sur-une-femme-faisant-l-apologie-du-terrorisme\/209772\/#primaryimage","url":"https:\/\/www.webdo.tn\/fr\/wp-content\/uploads\/2023\/10\/a67f7cf94edc8c9f46b5ff961c004a88.jpg","contentUrl":"https:\/\/www.webdo.tn\/fr\/wp-content\/uploads\/2023\/10\/a67f7cf94edc8c9f46b5ff961c004a88.jpg","width":750,"height":400,"caption":"France : La police ouvre le feu sur une femme faisant l\u2019apologie du terrorisme"},{"@type":"BreadcrumbList","@id":"https:\/\/www.webdo.tn\/fr\/actualite\/international\/france-la-police-ouvre-le-feu-sur-une-femme-faisant-l-apologie-du-terrorisme\/209772\/#breadcrumb","itemListElement":[{"@type":"ListItem","position":1,"name":"Accueil","item":"https:\/\/www.webdo.tn\/fr\/"},{"@type":"ListItem","position":2,"name":"France : La police ouvre le feu sur une femme faisant l\u2019apologie du terrorisme"}]},{"@type":"WebSite","@id":"https:\/\/www.webdo.tn\/fr\/#website","url":"https:\/\/www.webdo.tn\/fr\/","name":"webdo","description":"Tunisie - News en Tunisie et \u00e0 l&#039;international sur Webdo.tn","publisher":{"@id":"https:\/\/www.webdo.tn\/fr\/#organization"},"potentialAction":[{"@type":"SearchAction","target":{"@type":"EntryPoint","urlTemplate":"https:\/\/www.webdo.tn\/fr\/?s={search_term_string}"},"query-input":{"@type":"PropertyValueSpecification","valueRequired":true,"valueName":"search_term_string"}}],"inLanguage":"fr-FR"},{"@type":"Organization","@id":"https:\/\/www.webdo.tn\/fr\/#organization","name":"Webdo","alternateName":"Webdo.tn","url":"https:\/\/www.webdo.tn\/fr\/","logo":{"@type":"ImageObject","inLanguage":"fr-FR","@id":"https:\/\/www.webdo.tn\/fr\/#\/schema\/logo\/image\/","url":"https:\/\/www.webdo.tn\/fr\/wp-content\/uploads\/2025\/06\/Webdo-Tunisie_168377.jpg","contentUrl":"https:\/\/www.webdo.tn\/fr\/wp-content\/uploads\/2025\/06\/Webdo-Tunisie_168377.jpg","width":301,"height":301,"caption":"Webdo"},"image":{"@id":"https:\/\/www.webdo.tn\/fr\/#\/schema\/logo\/image\/"},"sameAs":["https:\/\/www.facebook.com\/webdotn","https:\/\/x.com\/webdo_tn"],"description":"Webdo est un m\u00e9dia num\u00e9rique tunisien fond\u00e9 en 2010, sp\u00e9cialis\u00e9 dans l\u2019actualit\u00e9 nationale et internationale, l\u2019\u00e9conomie, la soci\u00e9t\u00e9 et les analyses politiques. Le site s\u2019adresse \u00e0 un large public francophone et couvre l\u2019information tunisienne en temps r\u00e9el.","email":"redac@webdo.tn","legalName":"YNJ SARL","foundingDate":"2010-09-06","numberOfEmployees":{"@type":"QuantitativeValue","minValue":"11","maxValue":"50"}},{"@type":"Person","@id":"https:\/\/www.webdo.tn\/fr\/#\/schema\/person\/2c4929cbf5a809e3bd38617c6ce150f6","name":"MC","image":{"@type":"ImageObject","inLanguage":"fr-FR","@id":"https:\/\/secure.gravatar.com\/avatar\/a545bbb6f84efdd5553dbbc2895e3ca8f1d12c5215e00a041c9670b54aa9b18a?s=96&d=mm&r=g","url":"https:\/\/secure.gravatar.com\/avatar\/a545bbb6f84efdd5553dbbc2895e3ca8f1d12c5215e00a041c9670b54aa9b18a?s=96&d=mm&r=g","contentUrl":"https:\/\/secure.gravatar.com\/avatar\/a545bbb6f84efdd5553dbbc2895e3ca8f1d12c5215e00a041c9670b54aa9b18a?s=96&d=mm&r=g","caption":"MC"},"url":"https:\/\/www.webdo.tn\/fr\/actualite\/author\/mc\/"}]}},"_links":{"self":[{"href":"https:\/\/www.webdo.tn\/fr\/wp-json\/wp\/v2\/posts\/209772","targetHints":{"allow":["GET"]}}],"collection":[{"href":"https:\/\/www.webdo.tn\/fr\/wp-json\/wp\/v2\/posts"}],"about":[{"href":"https:\/\/www.webdo.tn\/fr\/wp-json\/wp\/v2\/types\/post"}],"author":[{"embeddable":true,"href":"https:\/\/www.webdo.tn\/fr\/wp-json\/wp\/v2\/users\/3162"}],"replies":[{"embeddable":true,"href":"https:\/\/www.webdo.tn\/fr\/wp-json\/wp\/v2\/comments?post=209772"}],"version-history":[{"count":0,"href":"https:\/\/www.webdo.tn\/fr\/wp-json\/wp\/v2\/posts\/209772\/revisions"}],"wp:featuredmedia":[{"embeddable":true,"href":"https:\/\/www.webdo.tn\/fr\/wp-json\/wp\/v2\/media\/278935"}],"wp:attachment":[{"href":"https:\/\/www.webdo.tn\/fr\/wp-json\/wp\/v2\/media?parent=209772"}],"wp:term":[{"taxonomy":"category","embeddable":true,"href":"https:\/\/www.webdo.tn\/fr\/wp-json\/wp\/v2\/categories?post=209772"},{"taxonomy":"post_tag","embeddable":true,"href":"https:\/\/www.webdo.tn\/fr\/wp-json\/wp\/v2\/tags?post=209772"}],"curies":[{"name":"wp","href":"https:\/\/api.w.org\/{rel}","templated":true}]}}