{"id":209764,"date":"2023-10-31T09:38:00","date_gmt":"2023-10-31T09:38:00","guid":{"rendered":"https:\/\/www.webdo.tn\/fr\/blog\/gaza-mecca-la-miraculee-nee-apres-la-mort-de-sa-mere\/209764\/"},"modified":"2025-05-20T21:56:17","modified_gmt":"2025-05-20T21:56:17","slug":"gaza-mecca-la-miraculee-nee-apres-la-mort-de-sa-mere","status":"publish","type":"post","link":"https:\/\/www.webdo.tn\/fr\/actualite\/international\/gaza-mecca-la-miraculee-nee-apres-la-mort-de-sa-mere\/209764\/","title":{"rendered":"Gaza : Mecca, la miracul\u00e9e, n\u00e9e apr\u00e8s la mort de sa m\u00e8re !"},"content":{"rendered":"<p>Cette petite pr\u00e9matur\u00e9e est n\u00e9e le 21 octobre 2023 \u00e0 Gaza, le jour de la mort de sa m\u00e8re, de sa s\u0153ur et de son fr\u00e8re, tu\u00e9s dans un bombardement isra\u00e9lien.<\/p>\n<p>\t\t\t\t\t\t\t\t\tElle s\u2019appelle Mecca et est n\u00e9e d\u2019une c\u00e9sarienne post-mortem \u00e0 l\u2019h\u00f4pital Abou Youssef al-Najjar de Gaza quelques heures apr\u00e8s que sa famille ait \u00e9t\u00e9 d\u00e9cim\u00e9e dans une frappe isra\u00e9lienne dans la bande de Gaza, le 21 octobre 2023.<\/p>\n<p>Seul son p\u00e8re, Ayman Abou Chamalah, un Palestinien de 34 ans, a surv\u00e9cu. A l\u2019h\u00f4pital, il supplie le m\u00e9decin de faire accoucher sa femme, d\u00e9j\u00e0 morte. Les m\u00e9decins y parviennent mais la petite Mecca, ayant \u00e9t\u00e9 priv\u00e9e d\u2019oxyg\u00e8ne entre le moment de la mort de sa m\u00e8re et sa naissance risque d\u2019avoir des s\u00e9quelles \u00e0 vie.<\/p>\n<p>\u00ab\u00a0La b\u00e9b\u00e9 \u00e9tait dans un \u00e9tat tr\u00e8s grave en arrivant ici et elle a \u00e9t\u00e9 imm\u00e9diatement plac\u00e9e sous respiration. Mais le premier diagnostic n\u2019est pas bon car le cerveau a \u00e9t\u00e9 priv\u00e9 d\u2019oxyg\u00e8ne entre le moment de la mort de la m\u00e8re et la naissance\u00a0\u00bb, explique \u00e0 l\u2019AFP le chef des urgences de l\u2019h\u00f4pital, Mohammad Salameh. \u00ab\u00a0Il est tr\u00e8s probable qu\u2019elle souffre de s\u00e9quelles permanentes\u00a0\u00bb, ajoute-t-il.<\/p>\n<p>Ironie du sort, le 21 octobre, jour de la mort de son fr\u00e8re Adam, 3 ans, et sa s\u0153ur a\u00een\u00e9e Cham sont n\u00e9s le m\u00eame jour \u00e0 six ans d\u2019intervalle, le 21 octobre. \u00a0Ils ont \u00e9t\u00e9 tu\u00e9s samedi, le jour de leur anniversaire, avec leur m\u00e8re.<\/p>\n","protected":false},"excerpt":{"rendered":"<p>Elle s\u2019appelle Mecca et est n\u00e9e d\u2019une c\u00e9sarienne post-mortem \u00e0 l\u2019h\u00f4pital Abou Youssef al-Najjar de Gaza quelques heures apr\u00e8s que sa famille ait \u00e9t\u00e9 d\u00e9cim\u00e9e dan&#8230;<\/p>\n","protected":false},"author":3162,"featured_media":248934,"comment_status":"open","ping_status":"closed","sticky":false,"template":"","format":"standard","meta":{"footnotes":""},"categories":[2598],"tags":[2689,7659,7658],"class_list":["post-209764","post","type-post","status-publish","format-standard","has-post-thumbnail","hentry","category-international","tag-gaza","tag-mecca","tag-nouveau-ne"],"yoast_head":"<!-- This site is optimized with the Yoast SEO Premium plugin v27.4 (Yoast SEO v27.5) - https:\/\/yoast.com\/product\/yoast-seo-premium-wordpress\/ -->\n<title>Gaza : Mecca, la miracul\u00e9e, n\u00e9e apr\u00e8s la mort de sa m\u00e8re !<\/title>\n<meta name=\"description\" content=\"Elle s\u2019appelle Mecca et est n\u00e9e d\u2019une c\u00e9sarienne post-mortem \u00e0 l\u2019h\u00f4pital Abou Youssef al-Najjar de Gaza quelques heures apr\u00e8s que sa famille ait \u00e9t\u00e9 d\u00e9cim\u00e9e dan...\" \/>\n<link rel=\"canonical\" href=\"https:\/\/www.webdo.tn\/fr\/actualite\/international\/gaza-mecca-la-miraculee-nee-apres-la-mort-de-sa-mere\/209764\/\" \/>\n<meta property=\"og:locale\" content=\"fr_FR\" \/>\n<meta property=\"og:type\" content=\"article\" \/>\n<meta property=\"og:title\" content=\"Gaza : Mecca, la miracul\u00e9e, n\u00e9e apr\u00e8s la mort de sa m\u00e8re !\" \/>\n<meta property=\"og:description\" content=\"Elle s\u2019appelle Mecca et est n\u00e9e d\u2019une c\u00e9sarienne post-mortem \u00e0 l\u2019h\u00f4pital Abou Youssef al-Najjar de Gaza quelques heures apr\u00e8s que sa famille ait \u00e9t\u00e9 d\u00e9cim\u00e9e dan...\" \/>\n<meta property=\"og:url\" content=\"https:\/\/www.webdo.tn\/fr\/actualite\/international\/gaza-mecca-la-miraculee-nee-apres-la-mort-de-sa-mere\/209764\/\" \/>\n<meta property=\"og:site_name\" content=\"webdo\" \/>\n<meta property=\"article:publisher\" content=\"https:\/\/www.facebook.com\/webdotn\" \/>\n<meta property=\"article:published_time\" content=\"2023-10-31T09:38:00+00:00\" \/>\n<meta property=\"article:modified_time\" content=\"2025-05-20T21:56:17+00:00\" \/>\n<meta property=\"og:image\" content=\"https:\/\/www.webdo.tn\/fr\/wp-content\/uploads\/2023\/10\/3f0e4210a97231df939ea9b2fb3f541e.jpg\" \/>\n\t<meta property=\"og:image:width\" content=\"750\" \/>\n\t<meta property=\"og:image:height\" content=\"400\" \/>\n\t<meta property=\"og:image:type\" content=\"image\/jpeg\" \/>\n<meta name=\"author\" content=\"MC\" \/>\n<meta name=\"twitter:card\" content=\"summary_large_image\" \/>\n<meta name=\"twitter:creator\" content=\"@webdo_tn\" \/>\n<meta name=\"twitter:site\" content=\"@webdo_tn\" \/>\n<meta name=\"twitter:label1\" content=\"\u00c9crit par\" \/>\n\t<meta name=\"twitter:data1\" content=\"MC\" \/>\n\t<meta name=\"twitter:label2\" content=\"Dur\u00e9e de lecture estim\u00e9e\" \/>\n\t<meta name=\"twitter:data2\" content=\"1 minute\" \/>\n<script type=\"application\/ld+json\" class=\"yoast-schema-graph\">{\"@context\":\"https:\\\/\\\/schema.org\",\"@graph\":[{\"@type\":\"NewsArticle\",\"@id\":\"https:\\\/\\\/www.webdo.tn\\\/fr\\\/actualite\\\/international\\\/gaza-mecca-la-miraculee-nee-apres-la-mort-de-sa-mere\\\/209764\\\/#article\",\"isPartOf\":{\"@id\":\"https:\\\/\\\/www.webdo.tn\\\/fr\\\/actualite\\\/international\\\/gaza-mecca-la-miraculee-nee-apres-la-mort-de-sa-mere\\\/209764\\\/\"},\"author\":{\"name\":\"MC\",\"@id\":\"https:\\\/\\\/www.webdo.tn\\\/fr\\\/#\\\/schema\\\/person\\\/2c4929cbf5a809e3bd38617c6ce150f6\"},\"headline\":\"Gaza : Mecca, la miracul\u00e9e, n\u00e9e apr\u00e8s la mort de sa m\u00e8re !\",\"datePublished\":\"2023-10-31T09:38:00+00:00\",\"dateModified\":\"2025-05-20T21:56:17+00:00\",\"mainEntityOfPage\":{\"@id\":\"https:\\\/\\\/www.webdo.tn\\\/fr\\\/actualite\\\/international\\\/gaza-mecca-la-miraculee-nee-apres-la-mort-de-sa-mere\\\/209764\\\/\"},\"wordCount\":293,\"commentCount\":0,\"publisher\":{\"@id\":\"https:\\\/\\\/www.webdo.tn\\\/fr\\\/#organization\"},\"image\":{\"@id\":\"https:\\\/\\\/www.webdo.tn\\\/fr\\\/actualite\\\/international\\\/gaza-mecca-la-miraculee-nee-apres-la-mort-de-sa-mere\\\/209764\\\/#primaryimage\"},\"thumbnailUrl\":\"https:\\\/\\\/www.webdo.tn\\\/fr\\\/wp-content\\\/uploads\\\/2023\\\/10\\\/3f0e4210a97231df939ea9b2fb3f541e.jpg\",\"keywords\":[\"Gaza\",\"mecca\",\"nouveau-n\u00e9\"],\"articleSection\":[\"International\"],\"inLanguage\":\"fr-FR\"},{\"@type\":\"WebPage\",\"@id\":\"https:\\\/\\\/www.webdo.tn\\\/fr\\\/actualite\\\/international\\\/gaza-mecca-la-miraculee-nee-apres-la-mort-de-sa-mere\\\/209764\\\/\",\"url\":\"https:\\\/\\\/www.webdo.tn\\\/fr\\\/actualite\\\/international\\\/gaza-mecca-la-miraculee-nee-apres-la-mort-de-sa-mere\\\/209764\\\/\",\"name\":\"Gaza : Mecca, la miracul\u00e9e, n\u00e9e apr\u00e8s la mort de sa m\u00e8re !\",\"isPartOf\":{\"@id\":\"https:\\\/\\\/www.webdo.tn\\\/fr\\\/#website\"},\"primaryImageOfPage\":{\"@id\":\"https:\\\/\\\/www.webdo.tn\\\/fr\\\/actualite\\\/international\\\/gaza-mecca-la-miraculee-nee-apres-la-mort-de-sa-mere\\\/209764\\\/#primaryimage\"},\"image\":{\"@id\":\"https:\\\/\\\/www.webdo.tn\\\/fr\\\/actualite\\\/international\\\/gaza-mecca-la-miraculee-nee-apres-la-mort-de-sa-mere\\\/209764\\\/#primaryimage\"},\"thumbnailUrl\":\"https:\\\/\\\/www.webdo.tn\\\/fr\\\/wp-content\\\/uploads\\\/2023\\\/10\\\/3f0e4210a97231df939ea9b2fb3f541e.jpg\",\"datePublished\":\"2023-10-31T09:38:00+00:00\",\"dateModified\":\"2025-05-20T21:56:17+00:00\",\"description\":\"Elle s\u2019appelle Mecca et est n\u00e9e d\u2019une c\u00e9sarienne post-mortem \u00e0 l\u2019h\u00f4pital Abou Youssef al-Najjar de Gaza quelques heures apr\u00e8s que sa famille ait \u00e9t\u00e9 d\u00e9cim\u00e9e dan...\",\"breadcrumb\":{\"@id\":\"https:\\\/\\\/www.webdo.tn\\\/fr\\\/actualite\\\/international\\\/gaza-mecca-la-miraculee-nee-apres-la-mort-de-sa-mere\\\/209764\\\/#breadcrumb\"},\"inLanguage\":\"fr-FR\",\"potentialAction\":[{\"@type\":\"ReadAction\",\"target\":[\"https:\\\/\\\/www.webdo.tn\\\/fr\\\/actualite\\\/international\\\/gaza-mecca-la-miraculee-nee-apres-la-mort-de-sa-mere\\\/209764\\\/\"]}]},{\"@type\":\"ImageObject\",\"inLanguage\":\"fr-FR\",\"@id\":\"https:\\\/\\\/www.webdo.tn\\\/fr\\\/actualite\\\/international\\\/gaza-mecca-la-miraculee-nee-apres-la-mort-de-sa-mere\\\/209764\\\/#primaryimage\",\"url\":\"https:\\\/\\\/www.webdo.tn\\\/fr\\\/wp-content\\\/uploads\\\/2023\\\/10\\\/3f0e4210a97231df939ea9b2fb3f541e.jpg\",\"contentUrl\":\"https:\\\/\\\/www.webdo.tn\\\/fr\\\/wp-content\\\/uploads\\\/2023\\\/10\\\/3f0e4210a97231df939ea9b2fb3f541e.jpg\",\"width\":750,\"height\":400,\"caption\":\"Gaza : Mecca, la miracul\u00e9e, n\u00e9e apr\u00e8s la mort de sa m\u00e8re !\"},{\"@type\":\"BreadcrumbList\",\"@id\":\"https:\\\/\\\/www.webdo.tn\\\/fr\\\/actualite\\\/international\\\/gaza-mecca-la-miraculee-nee-apres-la-mort-de-sa-mere\\\/209764\\\/#breadcrumb\",\"itemListElement\":[{\"@type\":\"ListItem\",\"position\":1,\"name\":\"Accueil\",\"item\":\"https:\\\/\\\/www.webdo.tn\\\/fr\\\/\"},{\"@type\":\"ListItem\",\"position\":2,\"name\":\"Gaza : Mecca, la miracul\u00e9e, n\u00e9e apr\u00e8s la mort de sa m\u00e8re !\"}]},{\"@type\":\"WebSite\",\"@id\":\"https:\\\/\\\/www.webdo.tn\\\/fr\\\/#website\",\"url\":\"https:\\\/\\\/www.webdo.tn\\\/fr\\\/\",\"name\":\"webdo\",\"description\":\"Tunisie - News en Tunisie et \u00e0 l&#039;international sur Webdo.tn\",\"publisher\":{\"@id\":\"https:\\\/\\\/www.webdo.tn\\\/fr\\\/#organization\"},\"potentialAction\":[{\"@type\":\"SearchAction\",\"target\":{\"@type\":\"EntryPoint\",\"urlTemplate\":\"https:\\\/\\\/www.webdo.tn\\\/fr\\\/?s={search_term_string}\"},\"query-input\":{\"@type\":\"PropertyValueSpecification\",\"valueRequired\":true,\"valueName\":\"search_term_string\"}}],\"inLanguage\":\"fr-FR\"},{\"@type\":\"Organization\",\"@id\":\"https:\\\/\\\/www.webdo.tn\\\/fr\\\/#organization\",\"name\":\"Webdo\",\"alternateName\":\"Webdo.tn\",\"url\":\"https:\\\/\\\/www.webdo.tn\\\/fr\\\/\",\"logo\":{\"@type\":\"ImageObject\",\"inLanguage\":\"fr-FR\",\"@id\":\"https:\\\/\\\/www.webdo.tn\\\/fr\\\/#\\\/schema\\\/logo\\\/image\\\/\",\"url\":\"https:\\\/\\\/www.webdo.tn\\\/fr\\\/wp-content\\\/uploads\\\/2025\\\/06\\\/Webdo-Tunisie_168377.jpg\",\"contentUrl\":\"https:\\\/\\\/www.webdo.tn\\\/fr\\\/wp-content\\\/uploads\\\/2025\\\/06\\\/Webdo-Tunisie_168377.jpg\",\"width\":301,\"height\":301,\"caption\":\"Webdo\"},\"image\":{\"@id\":\"https:\\\/\\\/www.webdo.tn\\\/fr\\\/#\\\/schema\\\/logo\\\/image\\\/\"},\"sameAs\":[\"https:\\\/\\\/www.facebook.com\\\/webdotn\",\"https:\\\/\\\/x.com\\\/webdo_tn\"],\"description\":\"Webdo est un m\u00e9dia num\u00e9rique tunisien fond\u00e9 en 2010, sp\u00e9cialis\u00e9 dans l\u2019actualit\u00e9 nationale et internationale, l\u2019\u00e9conomie, la soci\u00e9t\u00e9 et les analyses politiques. Le site s\u2019adresse \u00e0 un large public francophone et couvre l\u2019information tunisienne en temps r\u00e9el.\",\"email\":\"redac@webdo.tn\",\"legalName\":\"YNJ SARL\",\"foundingDate\":\"2010-09-06\",\"numberOfEmployees\":{\"@type\":\"QuantitativeValue\",\"minValue\":\"11\",\"maxValue\":\"50\"}},{\"@type\":\"Person\",\"@id\":\"https:\\\/\\\/www.webdo.tn\\\/fr\\\/#\\\/schema\\\/person\\\/2c4929cbf5a809e3bd38617c6ce150f6\",\"name\":\"MC\",\"image\":{\"@type\":\"ImageObject\",\"inLanguage\":\"fr-FR\",\"@id\":\"https:\\\/\\\/secure.gravatar.com\\\/avatar\\\/a545bbb6f84efdd5553dbbc2895e3ca8f1d12c5215e00a041c9670b54aa9b18a?s=96&d=mm&r=g\",\"url\":\"https:\\\/\\\/secure.gravatar.com\\\/avatar\\\/a545bbb6f84efdd5553dbbc2895e3ca8f1d12c5215e00a041c9670b54aa9b18a?s=96&d=mm&r=g\",\"contentUrl\":\"https:\\\/\\\/secure.gravatar.com\\\/avatar\\\/a545bbb6f84efdd5553dbbc2895e3ca8f1d12c5215e00a041c9670b54aa9b18a?s=96&d=mm&r=g\",\"caption\":\"MC\"},\"url\":\"https:\\\/\\\/www.webdo.tn\\\/fr\\\/actualite\\\/author\\\/mc\\\/\"}]}<\/script>\n<!-- \/ Yoast SEO Premium plugin. -->","yoast_head_json":{"title":"Gaza : Mecca, la miracul\u00e9e, n\u00e9e apr\u00e8s la mort de sa m\u00e8re !","description":"Elle s\u2019appelle Mecca et est n\u00e9e d\u2019une c\u00e9sarienne post-mortem \u00e0 l\u2019h\u00f4pital Abou Youssef al-Najjar de Gaza quelques heures apr\u00e8s que sa famille ait \u00e9t\u00e9 d\u00e9cim\u00e9e dan...","canonical":"https:\/\/www.webdo.tn\/fr\/actualite\/international\/gaza-mecca-la-miraculee-nee-apres-la-mort-de-sa-mere\/209764\/","og_locale":"fr_FR","og_type":"article","og_title":"Gaza : Mecca, la miracul\u00e9e, n\u00e9e apr\u00e8s la mort de sa m\u00e8re !","og_description":"Elle s\u2019appelle Mecca et est n\u00e9e d\u2019une c\u00e9sarienne post-mortem \u00e0 l\u2019h\u00f4pital Abou Youssef al-Najjar de Gaza quelques heures apr\u00e8s que sa famille ait \u00e9t\u00e9 d\u00e9cim\u00e9e dan...","og_url":"https:\/\/www.webdo.tn\/fr\/actualite\/international\/gaza-mecca-la-miraculee-nee-apres-la-mort-de-sa-mere\/209764\/","og_site_name":"webdo","article_publisher":"https:\/\/www.facebook.com\/webdotn","article_published_time":"2023-10-31T09:38:00+00:00","article_modified_time":"2025-05-20T21:56:17+00:00","og_image":[{"width":750,"height":400,"url":"https:\/\/www.webdo.tn\/fr\/wp-content\/uploads\/2023\/10\/3f0e4210a97231df939ea9b2fb3f541e.jpg","type":"image\/jpeg"}],"author":"MC","twitter_card":"summary_large_image","twitter_creator":"@webdo_tn","twitter_site":"@webdo_tn","twitter_misc":{"\u00c9crit par":"MC","Dur\u00e9e de lecture estim\u00e9e":"1 minute"},"schema":{"@context":"https:\/\/schema.org","@graph":[{"@type":"NewsArticle","@id":"https:\/\/www.webdo.tn\/fr\/actualite\/international\/gaza-mecca-la-miraculee-nee-apres-la-mort-de-sa-mere\/209764\/#article","isPartOf":{"@id":"https:\/\/www.webdo.tn\/fr\/actualite\/international\/gaza-mecca-la-miraculee-nee-apres-la-mort-de-sa-mere\/209764\/"},"author":{"name":"MC","@id":"https:\/\/www.webdo.tn\/fr\/#\/schema\/person\/2c4929cbf5a809e3bd38617c6ce150f6"},"headline":"Gaza : Mecca, la miracul\u00e9e, n\u00e9e apr\u00e8s la mort de sa m\u00e8re !","datePublished":"2023-10-31T09:38:00+00:00","dateModified":"2025-05-20T21:56:17+00:00","mainEntityOfPage":{"@id":"https:\/\/www.webdo.tn\/fr\/actualite\/international\/gaza-mecca-la-miraculee-nee-apres-la-mort-de-sa-mere\/209764\/"},"wordCount":293,"commentCount":0,"publisher":{"@id":"https:\/\/www.webdo.tn\/fr\/#organization"},"image":{"@id":"https:\/\/www.webdo.tn\/fr\/actualite\/international\/gaza-mecca-la-miraculee-nee-apres-la-mort-de-sa-mere\/209764\/#primaryimage"},"thumbnailUrl":"https:\/\/www.webdo.tn\/fr\/wp-content\/uploads\/2023\/10\/3f0e4210a97231df939ea9b2fb3f541e.jpg","keywords":["Gaza","mecca","nouveau-n\u00e9"],"articleSection":["International"],"inLanguage":"fr-FR"},{"@type":"WebPage","@id":"https:\/\/www.webdo.tn\/fr\/actualite\/international\/gaza-mecca-la-miraculee-nee-apres-la-mort-de-sa-mere\/209764\/","url":"https:\/\/www.webdo.tn\/fr\/actualite\/international\/gaza-mecca-la-miraculee-nee-apres-la-mort-de-sa-mere\/209764\/","name":"Gaza : Mecca, la miracul\u00e9e, n\u00e9e apr\u00e8s la mort de sa m\u00e8re !","isPartOf":{"@id":"https:\/\/www.webdo.tn\/fr\/#website"},"primaryImageOfPage":{"@id":"https:\/\/www.webdo.tn\/fr\/actualite\/international\/gaza-mecca-la-miraculee-nee-apres-la-mort-de-sa-mere\/209764\/#primaryimage"},"image":{"@id":"https:\/\/www.webdo.tn\/fr\/actualite\/international\/gaza-mecca-la-miraculee-nee-apres-la-mort-de-sa-mere\/209764\/#primaryimage"},"thumbnailUrl":"https:\/\/www.webdo.tn\/fr\/wp-content\/uploads\/2023\/10\/3f0e4210a97231df939ea9b2fb3f541e.jpg","datePublished":"2023-10-31T09:38:00+00:00","dateModified":"2025-05-20T21:56:17+00:00","description":"Elle s\u2019appelle Mecca et est n\u00e9e d\u2019une c\u00e9sarienne post-mortem \u00e0 l\u2019h\u00f4pital Abou Youssef al-Najjar de Gaza quelques heures apr\u00e8s que sa famille ait \u00e9t\u00e9 d\u00e9cim\u00e9e dan...","breadcrumb":{"@id":"https:\/\/www.webdo.tn\/fr\/actualite\/international\/gaza-mecca-la-miraculee-nee-apres-la-mort-de-sa-mere\/209764\/#breadcrumb"},"inLanguage":"fr-FR","potentialAction":[{"@type":"ReadAction","target":["https:\/\/www.webdo.tn\/fr\/actualite\/international\/gaza-mecca-la-miraculee-nee-apres-la-mort-de-sa-mere\/209764\/"]}]},{"@type":"ImageObject","inLanguage":"fr-FR","@id":"https:\/\/www.webdo.tn\/fr\/actualite\/international\/gaza-mecca-la-miraculee-nee-apres-la-mort-de-sa-mere\/209764\/#primaryimage","url":"https:\/\/www.webdo.tn\/fr\/wp-content\/uploads\/2023\/10\/3f0e4210a97231df939ea9b2fb3f541e.jpg","contentUrl":"https:\/\/www.webdo.tn\/fr\/wp-content\/uploads\/2023\/10\/3f0e4210a97231df939ea9b2fb3f541e.jpg","width":750,"height":400,"caption":"Gaza : Mecca, la miracul\u00e9e, n\u00e9e apr\u00e8s la mort de sa m\u00e8re !"},{"@type":"BreadcrumbList","@id":"https:\/\/www.webdo.tn\/fr\/actualite\/international\/gaza-mecca-la-miraculee-nee-apres-la-mort-de-sa-mere\/209764\/#breadcrumb","itemListElement":[{"@type":"ListItem","position":1,"name":"Accueil","item":"https:\/\/www.webdo.tn\/fr\/"},{"@type":"ListItem","position":2,"name":"Gaza : Mecca, la miracul\u00e9e, n\u00e9e apr\u00e8s la mort de sa m\u00e8re !"}]},{"@type":"WebSite","@id":"https:\/\/www.webdo.tn\/fr\/#website","url":"https:\/\/www.webdo.tn\/fr\/","name":"webdo","description":"Tunisie - News en Tunisie et \u00e0 l&#039;international sur Webdo.tn","publisher":{"@id":"https:\/\/www.webdo.tn\/fr\/#organization"},"potentialAction":[{"@type":"SearchAction","target":{"@type":"EntryPoint","urlTemplate":"https:\/\/www.webdo.tn\/fr\/?s={search_term_string}"},"query-input":{"@type":"PropertyValueSpecification","valueRequired":true,"valueName":"search_term_string"}}],"inLanguage":"fr-FR"},{"@type":"Organization","@id":"https:\/\/www.webdo.tn\/fr\/#organization","name":"Webdo","alternateName":"Webdo.tn","url":"https:\/\/www.webdo.tn\/fr\/","logo":{"@type":"ImageObject","inLanguage":"fr-FR","@id":"https:\/\/www.webdo.tn\/fr\/#\/schema\/logo\/image\/","url":"https:\/\/www.webdo.tn\/fr\/wp-content\/uploads\/2025\/06\/Webdo-Tunisie_168377.jpg","contentUrl":"https:\/\/www.webdo.tn\/fr\/wp-content\/uploads\/2025\/06\/Webdo-Tunisie_168377.jpg","width":301,"height":301,"caption":"Webdo"},"image":{"@id":"https:\/\/www.webdo.tn\/fr\/#\/schema\/logo\/image\/"},"sameAs":["https:\/\/www.facebook.com\/webdotn","https:\/\/x.com\/webdo_tn"],"description":"Webdo est un m\u00e9dia num\u00e9rique tunisien fond\u00e9 en 2010, sp\u00e9cialis\u00e9 dans l\u2019actualit\u00e9 nationale et internationale, l\u2019\u00e9conomie, la soci\u00e9t\u00e9 et les analyses politiques. Le site s\u2019adresse \u00e0 un large public francophone et couvre l\u2019information tunisienne en temps r\u00e9el.","email":"redac@webdo.tn","legalName":"YNJ SARL","foundingDate":"2010-09-06","numberOfEmployees":{"@type":"QuantitativeValue","minValue":"11","maxValue":"50"}},{"@type":"Person","@id":"https:\/\/www.webdo.tn\/fr\/#\/schema\/person\/2c4929cbf5a809e3bd38617c6ce150f6","name":"MC","image":{"@type":"ImageObject","inLanguage":"fr-FR","@id":"https:\/\/secure.gravatar.com\/avatar\/a545bbb6f84efdd5553dbbc2895e3ca8f1d12c5215e00a041c9670b54aa9b18a?s=96&d=mm&r=g","url":"https:\/\/secure.gravatar.com\/avatar\/a545bbb6f84efdd5553dbbc2895e3ca8f1d12c5215e00a041c9670b54aa9b18a?s=96&d=mm&r=g","contentUrl":"https:\/\/secure.gravatar.com\/avatar\/a545bbb6f84efdd5553dbbc2895e3ca8f1d12c5215e00a041c9670b54aa9b18a?s=96&d=mm&r=g","caption":"MC"},"url":"https:\/\/www.webdo.tn\/fr\/actualite\/author\/mc\/"}]}},"_links":{"self":[{"href":"https:\/\/www.webdo.tn\/fr\/wp-json\/wp\/v2\/posts\/209764","targetHints":{"allow":["GET"]}}],"collection":[{"href":"https:\/\/www.webdo.tn\/fr\/wp-json\/wp\/v2\/posts"}],"about":[{"href":"https:\/\/www.webdo.tn\/fr\/wp-json\/wp\/v2\/types\/post"}],"author":[{"embeddable":true,"href":"https:\/\/www.webdo.tn\/fr\/wp-json\/wp\/v2\/users\/3162"}],"replies":[{"embeddable":true,"href":"https:\/\/www.webdo.tn\/fr\/wp-json\/wp\/v2\/comments?post=209764"}],"version-history":[{"count":0,"href":"https:\/\/www.webdo.tn\/fr\/wp-json\/wp\/v2\/posts\/209764\/revisions"}],"wp:featuredmedia":[{"embeddable":true,"href":"https:\/\/www.webdo.tn\/fr\/wp-json\/wp\/v2\/media\/248934"}],"wp:attachment":[{"href":"https:\/\/www.webdo.tn\/fr\/wp-json\/wp\/v2\/media?parent=209764"}],"wp:term":[{"taxonomy":"category","embeddable":true,"href":"https:\/\/www.webdo.tn\/fr\/wp-json\/wp\/v2\/categories?post=209764"},{"taxonomy":"post_tag","embeddable":true,"href":"https:\/\/www.webdo.tn\/fr\/wp-json\/wp\/v2\/tags?post=209764"}],"curies":[{"name":"wp","href":"https:\/\/api.w.org\/{rel}","templated":true}]}}