{"id":209762,"date":"2023-10-31T09:03:00","date_gmt":"2023-10-31T09:03:00","guid":{"rendered":"https:\/\/www.webdo.tn\/fr\/blog\/wta-finals-ons-jabeur-balayee-par-coco-gauff\/209762\/"},"modified":"2025-05-20T21:56:16","modified_gmt":"2025-05-20T21:56:16","slug":"wta-finals-ons-jabeur-balayee-par-coco-gauff","status":"publish","type":"post","link":"https:\/\/www.webdo.tn\/fr\/actualite\/sport\/wta-finals-ons-jabeur-balayee-par-coco-gauff\/209762\/","title":{"rendered":"WTA Finals : Ons Jabeur balay\u00e9e par Coco Gauff"},"content":{"rendered":"<p>L\u2019entr\u00e9e en lice d\u2019Ons Jabeur aux WTA Finals de Cancun (Mexique) a \u00e9t\u00e9 une d\u00e9ception pour la Tunisienne, qui a \u00e9t\u00e9 largement battue  par l\u2019Am\u00e9ricaine Coco Gauff.<\/p>\n<p>\t\t\t\t\t\t\t\t\tOns Jabeur a \u00e9t\u00e9 balay\u00e9e, la nuit derni\u00e8re, par son adversaire en s\u2019inclinant en deux sets (6-0, 6-1) dans un duel o\u00f9 elle n\u2019a pu d\u00e9velopper son jeu.<\/p>\n<p>Dans l\u2019autre match du groupe Chetumal, la Polonaise Iga Swiatek, a remport\u00e9 son premier match, hier, face \u00e0 Marketa Vondrousova en deux sets (7-6, 6-0).<\/p>\n<p>PROGRAMME ET RESULTATS<\/p>\n<p>Dimanche 29 octobre<\/p>\n<p>\tE. Rybakina &#8211; J. Pegula 0-2 (5-7, 2-6)<br \/>\n\tA. Sabalenka &#8211; M. Sakkari 2-0 (6-0, 6-1)<\/p>\n<p>Lundi 30 octobre<\/p>\n<p>\tI. Swiatek &#8211; M. Vondrousova 2-0 (7-6, 6-0)<br \/>\n\tC. Gauff &#8211; O. Jabeur 2-0 (6-0, 6-1)<\/p>\n<p>Mardi 31 octobre<\/p>\n<p>\tJ. Pegula &#8211; M.Sakkari<br \/>\n\tA. Sabalenka &#8211; E. Rybakina<\/p>\n<p>Mercredi 1er novembre<\/p>\n<p>\tI. Swiatek &#8211; C. Gauff<br \/>\n\tO. Jabeur &#8211; M. Vondrousova<\/p>\n<p>Jeudi 2 novembre<\/p>\n<p>\tE. Rybakina &#8211; M. Sakkari<br \/>\n\tA. Sabalenka &#8211; J. Pegula<\/p>\n<p>Vendredi 3 novembre<\/p>\n<p>\tI. Swiatek &#8211; O. Jabeur<br \/>\n\tC. Gauff &#8211; M. Vondrousova<\/p>\n<p>Samedi 4 novembre<\/p>\n<p>\tDemi-finales<\/p>\n<p>Dimanche 5 novembre<\/p>\n<p>\tFinale<\/p>\n","protected":false},"excerpt":{"rendered":"<p>Ons Jabeur a \u00e9t\u00e9 balay\u00e9e, la nuit derni\u00e8re, par son adversaire en s\u2019inclinant en deux sets (6-0, 6-1) dans un duel o\u00f9 elle n\u2019a pu d\u00e9velopper son jeu.<\/p>\n","protected":false},"author":3162,"featured_media":248930,"comment_status":"open","ping_status":"closed","sticky":false,"template":"","format":"standard","meta":{"footnotes":""},"categories":[2593],"tags":[6364,7615,2604,7609],"class_list":["post-209762","post","type-post","status-publish","format-standard","has-post-thumbnail","hentry","category-sport","tag-coco-gauff","tag-masters-2023","tag-ons-jabeur","tag-wta-finals"],"yoast_head":"<!-- This site is optimized with the Yoast SEO Premium plugin v27.5 (Yoast SEO v27.5) - https:\/\/yoast.com\/product\/yoast-seo-premium-wordpress\/ -->\n<title>WTA Finals : Ons Jabeur balay\u00e9e par Coco Gauff<\/title>\n<meta name=\"description\" content=\"Ons Jabeur a \u00e9t\u00e9 balay\u00e9e, la nuit derni\u00e8re, par son adversaire en s\u2019inclinant en deux sets (6-0, 6-1) dans un duel o\u00f9 elle n\u2019a pu d\u00e9velopper son jeu.\" \/>\n<link rel=\"canonical\" href=\"https:\/\/www.webdo.tn\/fr\/actualite\/sport\/wta-finals-ons-jabeur-balayee-par-coco-gauff\/209762\/\" \/>\n<meta property=\"og:locale\" content=\"fr_FR\" \/>\n<meta property=\"og:type\" content=\"article\" \/>\n<meta property=\"og:title\" content=\"WTA Finals : Ons Jabeur balay\u00e9e par Coco Gauff\" \/>\n<meta property=\"og:description\" content=\"Ons Jabeur a \u00e9t\u00e9 balay\u00e9e, la nuit derni\u00e8re, par son adversaire en s\u2019inclinant en deux sets (6-0, 6-1) dans un duel o\u00f9 elle n\u2019a pu d\u00e9velopper son jeu.\" \/>\n<meta property=\"og:url\" content=\"https:\/\/www.webdo.tn\/fr\/actualite\/sport\/wta-finals-ons-jabeur-balayee-par-coco-gauff\/209762\/\" \/>\n<meta property=\"og:site_name\" content=\"webdo\" \/>\n<meta property=\"article:publisher\" content=\"https:\/\/www.facebook.com\/webdotn\" \/>\n<meta property=\"article:published_time\" content=\"2023-10-31T09:03:00+00:00\" \/>\n<meta property=\"article:modified_time\" content=\"2025-05-20T21:56:16+00:00\" \/>\n<meta property=\"og:image\" content=\"https:\/\/www.webdo.tn\/fr\/wp-content\/uploads\/2023\/10\/2a77d767ae5534fa254816d45033935e.jpg\" \/>\n\t<meta property=\"og:image:width\" content=\"750\" \/>\n\t<meta property=\"og:image:height\" content=\"400\" \/>\n\t<meta property=\"og:image:type\" content=\"image\/jpeg\" \/>\n<meta name=\"author\" content=\"MC\" \/>\n<meta name=\"twitter:card\" content=\"summary_large_image\" \/>\n<meta name=\"twitter:creator\" content=\"@webdo_tn\" \/>\n<meta name=\"twitter:site\" content=\"@webdo_tn\" \/>\n<meta name=\"twitter:label1\" content=\"\u00c9crit par\" \/>\n\t<meta name=\"twitter:data1\" content=\"MC\" \/>\n\t<meta name=\"twitter:label2\" content=\"Dur\u00e9e de lecture estim\u00e9e\" \/>\n\t<meta name=\"twitter:data2\" content=\"1 minute\" \/>\n<script type=\"application\/ld+json\" class=\"yoast-schema-graph\">{\"@context\":\"https:\\\/\\\/schema.org\",\"@graph\":[{\"@type\":\"NewsArticle\",\"@id\":\"https:\\\/\\\/www.webdo.tn\\\/fr\\\/actualite\\\/sport\\\/wta-finals-ons-jabeur-balayee-par-coco-gauff\\\/209762\\\/#article\",\"isPartOf\":{\"@id\":\"https:\\\/\\\/www.webdo.tn\\\/fr\\\/actualite\\\/sport\\\/wta-finals-ons-jabeur-balayee-par-coco-gauff\\\/209762\\\/\"},\"author\":{\"name\":\"MC\",\"@id\":\"https:\\\/\\\/www.webdo.tn\\\/fr\\\/#\\\/schema\\\/person\\\/2c4929cbf5a809e3bd38617c6ce150f6\"},\"headline\":\"WTA Finals : Ons Jabeur balay\u00e9e par Coco Gauff\",\"datePublished\":\"2023-10-31T09:03:00+00:00\",\"dateModified\":\"2025-05-20T21:56:16+00:00\",\"mainEntityOfPage\":{\"@id\":\"https:\\\/\\\/www.webdo.tn\\\/fr\\\/actualite\\\/sport\\\/wta-finals-ons-jabeur-balayee-par-coco-gauff\\\/209762\\\/\"},\"wordCount\":194,\"commentCount\":0,\"publisher\":{\"@id\":\"https:\\\/\\\/www.webdo.tn\\\/fr\\\/#organization\"},\"image\":{\"@id\":\"https:\\\/\\\/www.webdo.tn\\\/fr\\\/actualite\\\/sport\\\/wta-finals-ons-jabeur-balayee-par-coco-gauff\\\/209762\\\/#primaryimage\"},\"thumbnailUrl\":\"https:\\\/\\\/www.webdo.tn\\\/fr\\\/wp-content\\\/uploads\\\/2023\\\/10\\\/2a77d767ae5534fa254816d45033935e.jpg\",\"keywords\":[\"coco gauff\",\"masters 2023\",\"Ons Jabeur\",\"WTA Finals\"],\"articleSection\":[\"Sport\"],\"inLanguage\":\"fr-FR\"},{\"@type\":\"WebPage\",\"@id\":\"https:\\\/\\\/www.webdo.tn\\\/fr\\\/actualite\\\/sport\\\/wta-finals-ons-jabeur-balayee-par-coco-gauff\\\/209762\\\/\",\"url\":\"https:\\\/\\\/www.webdo.tn\\\/fr\\\/actualite\\\/sport\\\/wta-finals-ons-jabeur-balayee-par-coco-gauff\\\/209762\\\/\",\"name\":\"WTA Finals : Ons Jabeur balay\u00e9e par Coco Gauff\",\"isPartOf\":{\"@id\":\"https:\\\/\\\/www.webdo.tn\\\/fr\\\/#website\"},\"primaryImageOfPage\":{\"@id\":\"https:\\\/\\\/www.webdo.tn\\\/fr\\\/actualite\\\/sport\\\/wta-finals-ons-jabeur-balayee-par-coco-gauff\\\/209762\\\/#primaryimage\"},\"image\":{\"@id\":\"https:\\\/\\\/www.webdo.tn\\\/fr\\\/actualite\\\/sport\\\/wta-finals-ons-jabeur-balayee-par-coco-gauff\\\/209762\\\/#primaryimage\"},\"thumbnailUrl\":\"https:\\\/\\\/www.webdo.tn\\\/fr\\\/wp-content\\\/uploads\\\/2023\\\/10\\\/2a77d767ae5534fa254816d45033935e.jpg\",\"datePublished\":\"2023-10-31T09:03:00+00:00\",\"dateModified\":\"2025-05-20T21:56:16+00:00\",\"description\":\"Ons Jabeur a \u00e9t\u00e9 balay\u00e9e, la nuit derni\u00e8re, par son adversaire en s\u2019inclinant en deux sets (6-0, 6-1) dans un duel o\u00f9 elle n\u2019a pu d\u00e9velopper son jeu.\",\"breadcrumb\":{\"@id\":\"https:\\\/\\\/www.webdo.tn\\\/fr\\\/actualite\\\/sport\\\/wta-finals-ons-jabeur-balayee-par-coco-gauff\\\/209762\\\/#breadcrumb\"},\"inLanguage\":\"fr-FR\",\"potentialAction\":[{\"@type\":\"ReadAction\",\"target\":[\"https:\\\/\\\/www.webdo.tn\\\/fr\\\/actualite\\\/sport\\\/wta-finals-ons-jabeur-balayee-par-coco-gauff\\\/209762\\\/\"]}]},{\"@type\":\"ImageObject\",\"inLanguage\":\"fr-FR\",\"@id\":\"https:\\\/\\\/www.webdo.tn\\\/fr\\\/actualite\\\/sport\\\/wta-finals-ons-jabeur-balayee-par-coco-gauff\\\/209762\\\/#primaryimage\",\"url\":\"https:\\\/\\\/www.webdo.tn\\\/fr\\\/wp-content\\\/uploads\\\/2023\\\/10\\\/2a77d767ae5534fa254816d45033935e.jpg\",\"contentUrl\":\"https:\\\/\\\/www.webdo.tn\\\/fr\\\/wp-content\\\/uploads\\\/2023\\\/10\\\/2a77d767ae5534fa254816d45033935e.jpg\",\"width\":750,\"height\":400,\"caption\":\"WTA Finals : Ons Jabeur balay\u00e9e par Coco Gauff\"},{\"@type\":\"BreadcrumbList\",\"@id\":\"https:\\\/\\\/www.webdo.tn\\\/fr\\\/actualite\\\/sport\\\/wta-finals-ons-jabeur-balayee-par-coco-gauff\\\/209762\\\/#breadcrumb\",\"itemListElement\":[{\"@type\":\"ListItem\",\"position\":1,\"name\":\"Accueil\",\"item\":\"https:\\\/\\\/www.webdo.tn\\\/fr\\\/\"},{\"@type\":\"ListItem\",\"position\":2,\"name\":\"WTA Finals : Ons Jabeur balay\u00e9e par Coco Gauff\"}]},{\"@type\":\"WebSite\",\"@id\":\"https:\\\/\\\/www.webdo.tn\\\/fr\\\/#website\",\"url\":\"https:\\\/\\\/www.webdo.tn\\\/fr\\\/\",\"name\":\"webdo\",\"description\":\"Tunisie - News en Tunisie et \u00e0 l&#039;international sur Webdo.tn\",\"publisher\":{\"@id\":\"https:\\\/\\\/www.webdo.tn\\\/fr\\\/#organization\"},\"potentialAction\":[{\"@type\":\"SearchAction\",\"target\":{\"@type\":\"EntryPoint\",\"urlTemplate\":\"https:\\\/\\\/www.webdo.tn\\\/fr\\\/?s={search_term_string}\"},\"query-input\":{\"@type\":\"PropertyValueSpecification\",\"valueRequired\":true,\"valueName\":\"search_term_string\"}}],\"inLanguage\":\"fr-FR\"},{\"@type\":\"Organization\",\"@id\":\"https:\\\/\\\/www.webdo.tn\\\/fr\\\/#organization\",\"name\":\"Webdo\",\"alternateName\":\"Webdo.tn\",\"url\":\"https:\\\/\\\/www.webdo.tn\\\/fr\\\/\",\"logo\":{\"@type\":\"ImageObject\",\"inLanguage\":\"fr-FR\",\"@id\":\"https:\\\/\\\/www.webdo.tn\\\/fr\\\/#\\\/schema\\\/logo\\\/image\\\/\",\"url\":\"https:\\\/\\\/www.webdo.tn\\\/fr\\\/wp-content\\\/uploads\\\/2025\\\/06\\\/Webdo-Tunisie_168377.jpg\",\"contentUrl\":\"https:\\\/\\\/www.webdo.tn\\\/fr\\\/wp-content\\\/uploads\\\/2025\\\/06\\\/Webdo-Tunisie_168377.jpg\",\"width\":301,\"height\":301,\"caption\":\"Webdo\"},\"image\":{\"@id\":\"https:\\\/\\\/www.webdo.tn\\\/fr\\\/#\\\/schema\\\/logo\\\/image\\\/\"},\"sameAs\":[\"https:\\\/\\\/www.facebook.com\\\/webdotn\",\"https:\\\/\\\/x.com\\\/webdo_tn\"],\"description\":\"Webdo est un m\u00e9dia num\u00e9rique tunisien fond\u00e9 en 2010, sp\u00e9cialis\u00e9 dans l\u2019actualit\u00e9 nationale et internationale, l\u2019\u00e9conomie, la soci\u00e9t\u00e9 et les analyses politiques. Le site s\u2019adresse \u00e0 un large public francophone et couvre l\u2019information tunisienne en temps r\u00e9el.\",\"email\":\"redac@webdo.tn\",\"legalName\":\"YNJ SARL\",\"foundingDate\":\"2010-09-06\",\"numberOfEmployees\":{\"@type\":\"QuantitativeValue\",\"minValue\":\"11\",\"maxValue\":\"50\"}},{\"@type\":\"Person\",\"@id\":\"https:\\\/\\\/www.webdo.tn\\\/fr\\\/#\\\/schema\\\/person\\\/2c4929cbf5a809e3bd38617c6ce150f6\",\"name\":\"MC\",\"image\":{\"@type\":\"ImageObject\",\"inLanguage\":\"fr-FR\",\"@id\":\"https:\\\/\\\/secure.gravatar.com\\\/avatar\\\/a545bbb6f84efdd5553dbbc2895e3ca8f1d12c5215e00a041c9670b54aa9b18a?s=96&d=mm&r=g\",\"url\":\"https:\\\/\\\/secure.gravatar.com\\\/avatar\\\/a545bbb6f84efdd5553dbbc2895e3ca8f1d12c5215e00a041c9670b54aa9b18a?s=96&d=mm&r=g\",\"contentUrl\":\"https:\\\/\\\/secure.gravatar.com\\\/avatar\\\/a545bbb6f84efdd5553dbbc2895e3ca8f1d12c5215e00a041c9670b54aa9b18a?s=96&d=mm&r=g\",\"caption\":\"MC\"},\"url\":\"https:\\\/\\\/www.webdo.tn\\\/fr\\\/actualite\\\/author\\\/mc\\\/\"}]}<\/script>\n<!-- \/ Yoast SEO Premium plugin. -->","yoast_head_json":{"title":"WTA Finals : Ons Jabeur balay\u00e9e par Coco Gauff","description":"Ons Jabeur a \u00e9t\u00e9 balay\u00e9e, la nuit derni\u00e8re, par son adversaire en s\u2019inclinant en deux sets (6-0, 6-1) dans un duel o\u00f9 elle n\u2019a pu d\u00e9velopper son jeu.","canonical":"https:\/\/www.webdo.tn\/fr\/actualite\/sport\/wta-finals-ons-jabeur-balayee-par-coco-gauff\/209762\/","og_locale":"fr_FR","og_type":"article","og_title":"WTA Finals : Ons Jabeur balay\u00e9e par Coco Gauff","og_description":"Ons Jabeur a \u00e9t\u00e9 balay\u00e9e, la nuit derni\u00e8re, par son adversaire en s\u2019inclinant en deux sets (6-0, 6-1) dans un duel o\u00f9 elle n\u2019a pu d\u00e9velopper son jeu.","og_url":"https:\/\/www.webdo.tn\/fr\/actualite\/sport\/wta-finals-ons-jabeur-balayee-par-coco-gauff\/209762\/","og_site_name":"webdo","article_publisher":"https:\/\/www.facebook.com\/webdotn","article_published_time":"2023-10-31T09:03:00+00:00","article_modified_time":"2025-05-20T21:56:16+00:00","og_image":[{"width":750,"height":400,"url":"https:\/\/www.webdo.tn\/fr\/wp-content\/uploads\/2023\/10\/2a77d767ae5534fa254816d45033935e.jpg","type":"image\/jpeg"}],"author":"MC","twitter_card":"summary_large_image","twitter_creator":"@webdo_tn","twitter_site":"@webdo_tn","twitter_misc":{"\u00c9crit par":"MC","Dur\u00e9e de lecture estim\u00e9e":"1 minute"},"schema":{"@context":"https:\/\/schema.org","@graph":[{"@type":"NewsArticle","@id":"https:\/\/www.webdo.tn\/fr\/actualite\/sport\/wta-finals-ons-jabeur-balayee-par-coco-gauff\/209762\/#article","isPartOf":{"@id":"https:\/\/www.webdo.tn\/fr\/actualite\/sport\/wta-finals-ons-jabeur-balayee-par-coco-gauff\/209762\/"},"author":{"name":"MC","@id":"https:\/\/www.webdo.tn\/fr\/#\/schema\/person\/2c4929cbf5a809e3bd38617c6ce150f6"},"headline":"WTA Finals : Ons Jabeur balay\u00e9e par Coco Gauff","datePublished":"2023-10-31T09:03:00+00:00","dateModified":"2025-05-20T21:56:16+00:00","mainEntityOfPage":{"@id":"https:\/\/www.webdo.tn\/fr\/actualite\/sport\/wta-finals-ons-jabeur-balayee-par-coco-gauff\/209762\/"},"wordCount":194,"commentCount":0,"publisher":{"@id":"https:\/\/www.webdo.tn\/fr\/#organization"},"image":{"@id":"https:\/\/www.webdo.tn\/fr\/actualite\/sport\/wta-finals-ons-jabeur-balayee-par-coco-gauff\/209762\/#primaryimage"},"thumbnailUrl":"https:\/\/www.webdo.tn\/fr\/wp-content\/uploads\/2023\/10\/2a77d767ae5534fa254816d45033935e.jpg","keywords":["coco gauff","masters 2023","Ons Jabeur","WTA Finals"],"articleSection":["Sport"],"inLanguage":"fr-FR"},{"@type":"WebPage","@id":"https:\/\/www.webdo.tn\/fr\/actualite\/sport\/wta-finals-ons-jabeur-balayee-par-coco-gauff\/209762\/","url":"https:\/\/www.webdo.tn\/fr\/actualite\/sport\/wta-finals-ons-jabeur-balayee-par-coco-gauff\/209762\/","name":"WTA Finals : Ons Jabeur balay\u00e9e par Coco Gauff","isPartOf":{"@id":"https:\/\/www.webdo.tn\/fr\/#website"},"primaryImageOfPage":{"@id":"https:\/\/www.webdo.tn\/fr\/actualite\/sport\/wta-finals-ons-jabeur-balayee-par-coco-gauff\/209762\/#primaryimage"},"image":{"@id":"https:\/\/www.webdo.tn\/fr\/actualite\/sport\/wta-finals-ons-jabeur-balayee-par-coco-gauff\/209762\/#primaryimage"},"thumbnailUrl":"https:\/\/www.webdo.tn\/fr\/wp-content\/uploads\/2023\/10\/2a77d767ae5534fa254816d45033935e.jpg","datePublished":"2023-10-31T09:03:00+00:00","dateModified":"2025-05-20T21:56:16+00:00","description":"Ons Jabeur a \u00e9t\u00e9 balay\u00e9e, la nuit derni\u00e8re, par son adversaire en s\u2019inclinant en deux sets (6-0, 6-1) dans un duel o\u00f9 elle n\u2019a pu d\u00e9velopper son jeu.","breadcrumb":{"@id":"https:\/\/www.webdo.tn\/fr\/actualite\/sport\/wta-finals-ons-jabeur-balayee-par-coco-gauff\/209762\/#breadcrumb"},"inLanguage":"fr-FR","potentialAction":[{"@type":"ReadAction","target":["https:\/\/www.webdo.tn\/fr\/actualite\/sport\/wta-finals-ons-jabeur-balayee-par-coco-gauff\/209762\/"]}]},{"@type":"ImageObject","inLanguage":"fr-FR","@id":"https:\/\/www.webdo.tn\/fr\/actualite\/sport\/wta-finals-ons-jabeur-balayee-par-coco-gauff\/209762\/#primaryimage","url":"https:\/\/www.webdo.tn\/fr\/wp-content\/uploads\/2023\/10\/2a77d767ae5534fa254816d45033935e.jpg","contentUrl":"https:\/\/www.webdo.tn\/fr\/wp-content\/uploads\/2023\/10\/2a77d767ae5534fa254816d45033935e.jpg","width":750,"height":400,"caption":"WTA Finals : Ons Jabeur balay\u00e9e par Coco Gauff"},{"@type":"BreadcrumbList","@id":"https:\/\/www.webdo.tn\/fr\/actualite\/sport\/wta-finals-ons-jabeur-balayee-par-coco-gauff\/209762\/#breadcrumb","itemListElement":[{"@type":"ListItem","position":1,"name":"Accueil","item":"https:\/\/www.webdo.tn\/fr\/"},{"@type":"ListItem","position":2,"name":"WTA Finals : Ons Jabeur balay\u00e9e par Coco Gauff"}]},{"@type":"WebSite","@id":"https:\/\/www.webdo.tn\/fr\/#website","url":"https:\/\/www.webdo.tn\/fr\/","name":"webdo","description":"Tunisie - News en Tunisie et \u00e0 l&#039;international sur Webdo.tn","publisher":{"@id":"https:\/\/www.webdo.tn\/fr\/#organization"},"potentialAction":[{"@type":"SearchAction","target":{"@type":"EntryPoint","urlTemplate":"https:\/\/www.webdo.tn\/fr\/?s={search_term_string}"},"query-input":{"@type":"PropertyValueSpecification","valueRequired":true,"valueName":"search_term_string"}}],"inLanguage":"fr-FR"},{"@type":"Organization","@id":"https:\/\/www.webdo.tn\/fr\/#organization","name":"Webdo","alternateName":"Webdo.tn","url":"https:\/\/www.webdo.tn\/fr\/","logo":{"@type":"ImageObject","inLanguage":"fr-FR","@id":"https:\/\/www.webdo.tn\/fr\/#\/schema\/logo\/image\/","url":"https:\/\/www.webdo.tn\/fr\/wp-content\/uploads\/2025\/06\/Webdo-Tunisie_168377.jpg","contentUrl":"https:\/\/www.webdo.tn\/fr\/wp-content\/uploads\/2025\/06\/Webdo-Tunisie_168377.jpg","width":301,"height":301,"caption":"Webdo"},"image":{"@id":"https:\/\/www.webdo.tn\/fr\/#\/schema\/logo\/image\/"},"sameAs":["https:\/\/www.facebook.com\/webdotn","https:\/\/x.com\/webdo_tn"],"description":"Webdo est un m\u00e9dia num\u00e9rique tunisien fond\u00e9 en 2010, sp\u00e9cialis\u00e9 dans l\u2019actualit\u00e9 nationale et internationale, l\u2019\u00e9conomie, la soci\u00e9t\u00e9 et les analyses politiques. Le site s\u2019adresse \u00e0 un large public francophone et couvre l\u2019information tunisienne en temps r\u00e9el.","email":"redac@webdo.tn","legalName":"YNJ SARL","foundingDate":"2010-09-06","numberOfEmployees":{"@type":"QuantitativeValue","minValue":"11","maxValue":"50"}},{"@type":"Person","@id":"https:\/\/www.webdo.tn\/fr\/#\/schema\/person\/2c4929cbf5a809e3bd38617c6ce150f6","name":"MC","image":{"@type":"ImageObject","inLanguage":"fr-FR","@id":"https:\/\/secure.gravatar.com\/avatar\/a545bbb6f84efdd5553dbbc2895e3ca8f1d12c5215e00a041c9670b54aa9b18a?s=96&d=mm&r=g","url":"https:\/\/secure.gravatar.com\/avatar\/a545bbb6f84efdd5553dbbc2895e3ca8f1d12c5215e00a041c9670b54aa9b18a?s=96&d=mm&r=g","contentUrl":"https:\/\/secure.gravatar.com\/avatar\/a545bbb6f84efdd5553dbbc2895e3ca8f1d12c5215e00a041c9670b54aa9b18a?s=96&d=mm&r=g","caption":"MC"},"url":"https:\/\/www.webdo.tn\/fr\/actualite\/author\/mc\/"}]}},"_links":{"self":[{"href":"https:\/\/www.webdo.tn\/fr\/wp-json\/wp\/v2\/posts\/209762","targetHints":{"allow":["GET"]}}],"collection":[{"href":"https:\/\/www.webdo.tn\/fr\/wp-json\/wp\/v2\/posts"}],"about":[{"href":"https:\/\/www.webdo.tn\/fr\/wp-json\/wp\/v2\/types\/post"}],"author":[{"embeddable":true,"href":"https:\/\/www.webdo.tn\/fr\/wp-json\/wp\/v2\/users\/3162"}],"replies":[{"embeddable":true,"href":"https:\/\/www.webdo.tn\/fr\/wp-json\/wp\/v2\/comments?post=209762"}],"version-history":[{"count":0,"href":"https:\/\/www.webdo.tn\/fr\/wp-json\/wp\/v2\/posts\/209762\/revisions"}],"wp:featuredmedia":[{"embeddable":true,"href":"https:\/\/www.webdo.tn\/fr\/wp-json\/wp\/v2\/media\/248930"}],"wp:attachment":[{"href":"https:\/\/www.webdo.tn\/fr\/wp-json\/wp\/v2\/media?parent=209762"}],"wp:term":[{"taxonomy":"category","embeddable":true,"href":"https:\/\/www.webdo.tn\/fr\/wp-json\/wp\/v2\/categories?post=209762"},{"taxonomy":"post_tag","embeddable":true,"href":"https:\/\/www.webdo.tn\/fr\/wp-json\/wp\/v2\/tags?post=209762"}],"curies":[{"name":"wp","href":"https:\/\/api.w.org\/{rel}","templated":true}]}}