{"id":209749,"date":"2023-10-30T18:49:00","date_gmt":"2023-10-30T18:49:00","guid":{"rendered":"https:\/\/www.webdo.tn\/fr\/blog\/gaza-le-hamas-publie-une-video-de-trois-otages\/209749\/"},"modified":"2025-05-20T22:39:55","modified_gmt":"2025-05-20T22:39:55","slug":"gaza-le-hamas-publie-une-video-de-trois-otages","status":"publish","type":"post","link":"https:\/\/www.webdo.tn\/fr\/actualite\/international\/gaza-le-hamas-publie-une-video-de-trois-otages\/209749\/","title":{"rendered":"Gaza : Le Hamas publie une vid\u00e9o de trois otages"},"content":{"rendered":"<p>Le Hamas a publi\u00e9 ce lundi 30 octobre 2023 une vid\u00e9o de trois femmes pr\u00e9sent\u00e9es comme des otages.\u00a0<\/p>\n<p>Sur cette vid\u00e9o on peut voir l&rsquo;une des trois femmes appelant le Premier ministre isra\u00e9lien \u00e0 conclure un \u00e9change de prisonniers avec le mouvement pour obtenir leur lib\u00e9ration.<\/p>\n<p>La femme en captivit\u00e9 accuse Netanyahu d\u2019avoir failli \u00e0 ses responsabilit\u00e9s en repoussant un accord imminent portant sur leur lib\u00e9ration.\u00a0<\/p>\n<p>Le Premier ministre isra\u00e9lien, Benjamin Netanyahu, a imm\u00e9diatement r\u00e9agi d\u00e9non\u00e7ant\u00a0\u00ab\u00a0une propagande psychologique cruelle\u00a0\u00bb du Hamas apr\u00e8s la publication d&rsquo;une vid\u00e9o montrant trois femmes, pr\u00e9sent\u00e9es comme des otages enlev\u00e9es le 7 octobre en Isra\u00ebl.\u00a0<\/p>\n<p>\u00ab\u00a0Je me tourne vers Yelena Trupanov, Danielle Aloni et Rimon Kirsht qui ont \u00e9t\u00e9 kidnapp\u00e9es par le Hamas qui commet des crimes de guerre (&#8230;). Nos c\u0153urs sont avec vous et avec toutes les autres personnes enlev\u00e9es\u00a0\u00bb, ajoute-t-il dans un.<\/p>\n","protected":false},"excerpt":{"rendered":"<p>Sur cette vid\u00e9o on peut voir l&rsquo;une des trois femmes appelant le Premier ministre isra\u00e9lien \u00e0 conclure un \u00e9change de prisonniers avec le mouvement pour obtenir l&#8230;<\/p>\n","protected":false},"author":3175,"featured_media":248926,"comment_status":"open","ping_status":"closed","sticky":false,"template":"","format":"standard","meta":{"footnotes":""},"categories":[2598],"tags":[3349,4069,3825],"class_list":["post-209749","post","type-post","status-publish","format-standard","has-post-thumbnail","hentry","category-international","tag-hamas","tag-otages","tag-video"],"yoast_head":"<!-- This site is optimized with the Yoast SEO Premium plugin v27.5 (Yoast SEO v27.5) - https:\/\/yoast.com\/product\/yoast-seo-premium-wordpress\/ -->\n<title>Gaza : Le Hamas publie une vid\u00e9o de trois otages<\/title>\n<meta name=\"description\" content=\"Sur cette vid\u00e9o on peut voir l&#039;une des trois femmes appelant le Premier ministre isra\u00e9lien \u00e0 conclure un \u00e9change de prisonniers avec le mouvement pour obtenir l...\" \/>\n<link rel=\"canonical\" href=\"https:\/\/www.webdo.tn\/fr\/actualite\/international\/gaza-le-hamas-publie-une-video-de-trois-otages\/209749\/\" \/>\n<meta property=\"og:locale\" content=\"fr_FR\" \/>\n<meta property=\"og:type\" content=\"article\" \/>\n<meta property=\"og:title\" content=\"Gaza : Le Hamas publie une vid\u00e9o de trois otages\" \/>\n<meta property=\"og:description\" content=\"Sur cette vid\u00e9o on peut voir l&#039;une des trois femmes appelant le Premier ministre isra\u00e9lien \u00e0 conclure un \u00e9change de prisonniers avec le mouvement pour obtenir l...\" \/>\n<meta property=\"og:url\" content=\"https:\/\/www.webdo.tn\/fr\/actualite\/international\/gaza-le-hamas-publie-une-video-de-trois-otages\/209749\/\" \/>\n<meta property=\"og:site_name\" content=\"webdo\" \/>\n<meta property=\"article:publisher\" content=\"https:\/\/www.facebook.com\/webdotn\" \/>\n<meta property=\"article:published_time\" content=\"2023-10-30T18:49:00+00:00\" \/>\n<meta property=\"article:modified_time\" content=\"2025-05-20T22:39:55+00:00\" \/>\n<meta property=\"og:image\" content=\"https:\/\/www.webdo.tn\/fr\/wp-content\/uploads\/2023\/10\/66b6b3bacb6d5b64b9f8fb22b90ba36d.png\" \/>\n\t<meta property=\"og:image:width\" content=\"750\" \/>\n\t<meta property=\"og:image:height\" content=\"400\" \/>\n\t<meta property=\"og:image:type\" content=\"image\/png\" \/>\n<meta name=\"author\" content=\"CL\" \/>\n<meta name=\"twitter:card\" content=\"summary_large_image\" \/>\n<meta name=\"twitter:creator\" content=\"@webdo_tn\" \/>\n<meta name=\"twitter:site\" content=\"@webdo_tn\" \/>\n<meta name=\"twitter:label1\" content=\"\u00c9crit par\" \/>\n\t<meta name=\"twitter:data1\" content=\"CL\" \/>\n\t<meta name=\"twitter:label2\" content=\"Dur\u00e9e de lecture estim\u00e9e\" \/>\n\t<meta name=\"twitter:data2\" content=\"1 minute\" \/>\n<script type=\"application\/ld+json\" class=\"yoast-schema-graph\">{\"@context\":\"https:\\\/\\\/schema.org\",\"@graph\":[{\"@type\":\"NewsArticle\",\"@id\":\"https:\\\/\\\/www.webdo.tn\\\/fr\\\/actualite\\\/international\\\/gaza-le-hamas-publie-une-video-de-trois-otages\\\/209749\\\/#article\",\"isPartOf\":{\"@id\":\"https:\\\/\\\/www.webdo.tn\\\/fr\\\/actualite\\\/international\\\/gaza-le-hamas-publie-une-video-de-trois-otages\\\/209749\\\/\"},\"author\":{\"name\":\"CL\",\"@id\":\"https:\\\/\\\/www.webdo.tn\\\/fr\\\/#\\\/schema\\\/person\\\/f35b42a42c5e2511bbd282959d6385cc\"},\"headline\":\"Gaza : Le Hamas publie une vid\u00e9o de trois otages\",\"datePublished\":\"2023-10-30T18:49:00+00:00\",\"dateModified\":\"2025-05-20T22:39:55+00:00\",\"mainEntityOfPage\":{\"@id\":\"https:\\\/\\\/www.webdo.tn\\\/fr\\\/actualite\\\/international\\\/gaza-le-hamas-publie-une-video-de-trois-otages\\\/209749\\\/\"},\"wordCount\":169,\"commentCount\":0,\"publisher\":{\"@id\":\"https:\\\/\\\/www.webdo.tn\\\/fr\\\/#organization\"},\"image\":{\"@id\":\"https:\\\/\\\/www.webdo.tn\\\/fr\\\/actualite\\\/international\\\/gaza-le-hamas-publie-une-video-de-trois-otages\\\/209749\\\/#primaryimage\"},\"thumbnailUrl\":\"https:\\\/\\\/www.webdo.tn\\\/fr\\\/wp-content\\\/uploads\\\/2023\\\/10\\\/66b6b3bacb6d5b64b9f8fb22b90ba36d.png\",\"keywords\":[\"hamas\",\"otages\",\"Vid\u00e9o\"],\"articleSection\":[\"International\"],\"inLanguage\":\"fr-FR\"},{\"@type\":\"WebPage\",\"@id\":\"https:\\\/\\\/www.webdo.tn\\\/fr\\\/actualite\\\/international\\\/gaza-le-hamas-publie-une-video-de-trois-otages\\\/209749\\\/\",\"url\":\"https:\\\/\\\/www.webdo.tn\\\/fr\\\/actualite\\\/international\\\/gaza-le-hamas-publie-une-video-de-trois-otages\\\/209749\\\/\",\"name\":\"Gaza : Le Hamas publie une vid\u00e9o de trois otages\",\"isPartOf\":{\"@id\":\"https:\\\/\\\/www.webdo.tn\\\/fr\\\/#website\"},\"primaryImageOfPage\":{\"@id\":\"https:\\\/\\\/www.webdo.tn\\\/fr\\\/actualite\\\/international\\\/gaza-le-hamas-publie-une-video-de-trois-otages\\\/209749\\\/#primaryimage\"},\"image\":{\"@id\":\"https:\\\/\\\/www.webdo.tn\\\/fr\\\/actualite\\\/international\\\/gaza-le-hamas-publie-une-video-de-trois-otages\\\/209749\\\/#primaryimage\"},\"thumbnailUrl\":\"https:\\\/\\\/www.webdo.tn\\\/fr\\\/wp-content\\\/uploads\\\/2023\\\/10\\\/66b6b3bacb6d5b64b9f8fb22b90ba36d.png\",\"datePublished\":\"2023-10-30T18:49:00+00:00\",\"dateModified\":\"2025-05-20T22:39:55+00:00\",\"description\":\"Sur cette vid\u00e9o on peut voir l'une des trois femmes appelant le Premier ministre isra\u00e9lien \u00e0 conclure un \u00e9change de prisonniers avec le mouvement pour obtenir l...\",\"breadcrumb\":{\"@id\":\"https:\\\/\\\/www.webdo.tn\\\/fr\\\/actualite\\\/international\\\/gaza-le-hamas-publie-une-video-de-trois-otages\\\/209749\\\/#breadcrumb\"},\"inLanguage\":\"fr-FR\",\"potentialAction\":[{\"@type\":\"ReadAction\",\"target\":[\"https:\\\/\\\/www.webdo.tn\\\/fr\\\/actualite\\\/international\\\/gaza-le-hamas-publie-une-video-de-trois-otages\\\/209749\\\/\"]}]},{\"@type\":\"ImageObject\",\"inLanguage\":\"fr-FR\",\"@id\":\"https:\\\/\\\/www.webdo.tn\\\/fr\\\/actualite\\\/international\\\/gaza-le-hamas-publie-une-video-de-trois-otages\\\/209749\\\/#primaryimage\",\"url\":\"https:\\\/\\\/www.webdo.tn\\\/fr\\\/wp-content\\\/uploads\\\/2023\\\/10\\\/66b6b3bacb6d5b64b9f8fb22b90ba36d.png\",\"contentUrl\":\"https:\\\/\\\/www.webdo.tn\\\/fr\\\/wp-content\\\/uploads\\\/2023\\\/10\\\/66b6b3bacb6d5b64b9f8fb22b90ba36d.png\",\"width\":750,\"height\":400,\"caption\":\"Gaza : Le Hamas publie une vid\u00e9o de trois otages\"},{\"@type\":\"BreadcrumbList\",\"@id\":\"https:\\\/\\\/www.webdo.tn\\\/fr\\\/actualite\\\/international\\\/gaza-le-hamas-publie-une-video-de-trois-otages\\\/209749\\\/#breadcrumb\",\"itemListElement\":[{\"@type\":\"ListItem\",\"position\":1,\"name\":\"Accueil\",\"item\":\"https:\\\/\\\/www.webdo.tn\\\/fr\\\/\"},{\"@type\":\"ListItem\",\"position\":2,\"name\":\"Gaza : Le Hamas publie une vid\u00e9o de trois otages\"}]},{\"@type\":\"WebSite\",\"@id\":\"https:\\\/\\\/www.webdo.tn\\\/fr\\\/#website\",\"url\":\"https:\\\/\\\/www.webdo.tn\\\/fr\\\/\",\"name\":\"webdo\",\"description\":\"Tunisie - News en Tunisie et \u00e0 l&#039;international sur Webdo.tn\",\"publisher\":{\"@id\":\"https:\\\/\\\/www.webdo.tn\\\/fr\\\/#organization\"},\"potentialAction\":[{\"@type\":\"SearchAction\",\"target\":{\"@type\":\"EntryPoint\",\"urlTemplate\":\"https:\\\/\\\/www.webdo.tn\\\/fr\\\/?s={search_term_string}\"},\"query-input\":{\"@type\":\"PropertyValueSpecification\",\"valueRequired\":true,\"valueName\":\"search_term_string\"}}],\"inLanguage\":\"fr-FR\"},{\"@type\":\"Organization\",\"@id\":\"https:\\\/\\\/www.webdo.tn\\\/fr\\\/#organization\",\"name\":\"Webdo\",\"alternateName\":\"Webdo.tn\",\"url\":\"https:\\\/\\\/www.webdo.tn\\\/fr\\\/\",\"logo\":{\"@type\":\"ImageObject\",\"inLanguage\":\"fr-FR\",\"@id\":\"https:\\\/\\\/www.webdo.tn\\\/fr\\\/#\\\/schema\\\/logo\\\/image\\\/\",\"url\":\"https:\\\/\\\/www.webdo.tn\\\/fr\\\/wp-content\\\/uploads\\\/2025\\\/06\\\/Webdo-Tunisie_168377.jpg\",\"contentUrl\":\"https:\\\/\\\/www.webdo.tn\\\/fr\\\/wp-content\\\/uploads\\\/2025\\\/06\\\/Webdo-Tunisie_168377.jpg\",\"width\":301,\"height\":301,\"caption\":\"Webdo\"},\"image\":{\"@id\":\"https:\\\/\\\/www.webdo.tn\\\/fr\\\/#\\\/schema\\\/logo\\\/image\\\/\"},\"sameAs\":[\"https:\\\/\\\/www.facebook.com\\\/webdotn\",\"https:\\\/\\\/x.com\\\/webdo_tn\"],\"description\":\"Webdo est un m\u00e9dia num\u00e9rique tunisien fond\u00e9 en 2010, sp\u00e9cialis\u00e9 dans l\u2019actualit\u00e9 nationale et internationale, l\u2019\u00e9conomie, la soci\u00e9t\u00e9 et les analyses politiques. Le site s\u2019adresse \u00e0 un large public francophone et couvre l\u2019information tunisienne en temps r\u00e9el.\",\"email\":\"redac@webdo.tn\",\"legalName\":\"YNJ SARL\",\"foundingDate\":\"2010-09-06\",\"numberOfEmployees\":{\"@type\":\"QuantitativeValue\",\"minValue\":\"11\",\"maxValue\":\"50\"}},{\"@type\":\"Person\",\"@id\":\"https:\\\/\\\/www.webdo.tn\\\/fr\\\/#\\\/schema\\\/person\\\/f35b42a42c5e2511bbd282959d6385cc\",\"name\":\"CL\",\"image\":{\"@type\":\"ImageObject\",\"inLanguage\":\"fr-FR\",\"@id\":\"https:\\\/\\\/secure.gravatar.com\\\/avatar\\\/1447a49909b67aa657c488aec6512e1dd6143a480c1ecfee9b5b5cd74eb3b59e?s=96&d=mm&r=g\",\"url\":\"https:\\\/\\\/secure.gravatar.com\\\/avatar\\\/1447a49909b67aa657c488aec6512e1dd6143a480c1ecfee9b5b5cd74eb3b59e?s=96&d=mm&r=g\",\"contentUrl\":\"https:\\\/\\\/secure.gravatar.com\\\/avatar\\\/1447a49909b67aa657c488aec6512e1dd6143a480c1ecfee9b5b5cd74eb3b59e?s=96&d=mm&r=g\",\"caption\":\"CL\"},\"url\":\"https:\\\/\\\/www.webdo.tn\\\/fr\\\/actualite\\\/author\\\/cl\\\/\"}]}<\/script>\n<!-- \/ Yoast SEO Premium plugin. -->","yoast_head_json":{"title":"Gaza : Le Hamas publie une vid\u00e9o de trois otages","description":"Sur cette vid\u00e9o on peut voir l'une des trois femmes appelant le Premier ministre isra\u00e9lien \u00e0 conclure un \u00e9change de prisonniers avec le mouvement pour obtenir l...","canonical":"https:\/\/www.webdo.tn\/fr\/actualite\/international\/gaza-le-hamas-publie-une-video-de-trois-otages\/209749\/","og_locale":"fr_FR","og_type":"article","og_title":"Gaza : Le Hamas publie une vid\u00e9o de trois otages","og_description":"Sur cette vid\u00e9o on peut voir l'une des trois femmes appelant le Premier ministre isra\u00e9lien \u00e0 conclure un \u00e9change de prisonniers avec le mouvement pour obtenir l...","og_url":"https:\/\/www.webdo.tn\/fr\/actualite\/international\/gaza-le-hamas-publie-une-video-de-trois-otages\/209749\/","og_site_name":"webdo","article_publisher":"https:\/\/www.facebook.com\/webdotn","article_published_time":"2023-10-30T18:49:00+00:00","article_modified_time":"2025-05-20T22:39:55+00:00","og_image":[{"width":750,"height":400,"url":"https:\/\/www.webdo.tn\/fr\/wp-content\/uploads\/2023\/10\/66b6b3bacb6d5b64b9f8fb22b90ba36d.png","type":"image\/png"}],"author":"CL","twitter_card":"summary_large_image","twitter_creator":"@webdo_tn","twitter_site":"@webdo_tn","twitter_misc":{"\u00c9crit par":"CL","Dur\u00e9e de lecture estim\u00e9e":"1 minute"},"schema":{"@context":"https:\/\/schema.org","@graph":[{"@type":"NewsArticle","@id":"https:\/\/www.webdo.tn\/fr\/actualite\/international\/gaza-le-hamas-publie-une-video-de-trois-otages\/209749\/#article","isPartOf":{"@id":"https:\/\/www.webdo.tn\/fr\/actualite\/international\/gaza-le-hamas-publie-une-video-de-trois-otages\/209749\/"},"author":{"name":"CL","@id":"https:\/\/www.webdo.tn\/fr\/#\/schema\/person\/f35b42a42c5e2511bbd282959d6385cc"},"headline":"Gaza : Le Hamas publie une vid\u00e9o de trois otages","datePublished":"2023-10-30T18:49:00+00:00","dateModified":"2025-05-20T22:39:55+00:00","mainEntityOfPage":{"@id":"https:\/\/www.webdo.tn\/fr\/actualite\/international\/gaza-le-hamas-publie-une-video-de-trois-otages\/209749\/"},"wordCount":169,"commentCount":0,"publisher":{"@id":"https:\/\/www.webdo.tn\/fr\/#organization"},"image":{"@id":"https:\/\/www.webdo.tn\/fr\/actualite\/international\/gaza-le-hamas-publie-une-video-de-trois-otages\/209749\/#primaryimage"},"thumbnailUrl":"https:\/\/www.webdo.tn\/fr\/wp-content\/uploads\/2023\/10\/66b6b3bacb6d5b64b9f8fb22b90ba36d.png","keywords":["hamas","otages","Vid\u00e9o"],"articleSection":["International"],"inLanguage":"fr-FR"},{"@type":"WebPage","@id":"https:\/\/www.webdo.tn\/fr\/actualite\/international\/gaza-le-hamas-publie-une-video-de-trois-otages\/209749\/","url":"https:\/\/www.webdo.tn\/fr\/actualite\/international\/gaza-le-hamas-publie-une-video-de-trois-otages\/209749\/","name":"Gaza : Le Hamas publie une vid\u00e9o de trois otages","isPartOf":{"@id":"https:\/\/www.webdo.tn\/fr\/#website"},"primaryImageOfPage":{"@id":"https:\/\/www.webdo.tn\/fr\/actualite\/international\/gaza-le-hamas-publie-une-video-de-trois-otages\/209749\/#primaryimage"},"image":{"@id":"https:\/\/www.webdo.tn\/fr\/actualite\/international\/gaza-le-hamas-publie-une-video-de-trois-otages\/209749\/#primaryimage"},"thumbnailUrl":"https:\/\/www.webdo.tn\/fr\/wp-content\/uploads\/2023\/10\/66b6b3bacb6d5b64b9f8fb22b90ba36d.png","datePublished":"2023-10-30T18:49:00+00:00","dateModified":"2025-05-20T22:39:55+00:00","description":"Sur cette vid\u00e9o on peut voir l'une des trois femmes appelant le Premier ministre isra\u00e9lien \u00e0 conclure un \u00e9change de prisonniers avec le mouvement pour obtenir l...","breadcrumb":{"@id":"https:\/\/www.webdo.tn\/fr\/actualite\/international\/gaza-le-hamas-publie-une-video-de-trois-otages\/209749\/#breadcrumb"},"inLanguage":"fr-FR","potentialAction":[{"@type":"ReadAction","target":["https:\/\/www.webdo.tn\/fr\/actualite\/international\/gaza-le-hamas-publie-une-video-de-trois-otages\/209749\/"]}]},{"@type":"ImageObject","inLanguage":"fr-FR","@id":"https:\/\/www.webdo.tn\/fr\/actualite\/international\/gaza-le-hamas-publie-une-video-de-trois-otages\/209749\/#primaryimage","url":"https:\/\/www.webdo.tn\/fr\/wp-content\/uploads\/2023\/10\/66b6b3bacb6d5b64b9f8fb22b90ba36d.png","contentUrl":"https:\/\/www.webdo.tn\/fr\/wp-content\/uploads\/2023\/10\/66b6b3bacb6d5b64b9f8fb22b90ba36d.png","width":750,"height":400,"caption":"Gaza : Le Hamas publie une vid\u00e9o de trois otages"},{"@type":"BreadcrumbList","@id":"https:\/\/www.webdo.tn\/fr\/actualite\/international\/gaza-le-hamas-publie-une-video-de-trois-otages\/209749\/#breadcrumb","itemListElement":[{"@type":"ListItem","position":1,"name":"Accueil","item":"https:\/\/www.webdo.tn\/fr\/"},{"@type":"ListItem","position":2,"name":"Gaza : Le Hamas publie une vid\u00e9o de trois otages"}]},{"@type":"WebSite","@id":"https:\/\/www.webdo.tn\/fr\/#website","url":"https:\/\/www.webdo.tn\/fr\/","name":"webdo","description":"Tunisie - News en Tunisie et \u00e0 l&#039;international sur Webdo.tn","publisher":{"@id":"https:\/\/www.webdo.tn\/fr\/#organization"},"potentialAction":[{"@type":"SearchAction","target":{"@type":"EntryPoint","urlTemplate":"https:\/\/www.webdo.tn\/fr\/?s={search_term_string}"},"query-input":{"@type":"PropertyValueSpecification","valueRequired":true,"valueName":"search_term_string"}}],"inLanguage":"fr-FR"},{"@type":"Organization","@id":"https:\/\/www.webdo.tn\/fr\/#organization","name":"Webdo","alternateName":"Webdo.tn","url":"https:\/\/www.webdo.tn\/fr\/","logo":{"@type":"ImageObject","inLanguage":"fr-FR","@id":"https:\/\/www.webdo.tn\/fr\/#\/schema\/logo\/image\/","url":"https:\/\/www.webdo.tn\/fr\/wp-content\/uploads\/2025\/06\/Webdo-Tunisie_168377.jpg","contentUrl":"https:\/\/www.webdo.tn\/fr\/wp-content\/uploads\/2025\/06\/Webdo-Tunisie_168377.jpg","width":301,"height":301,"caption":"Webdo"},"image":{"@id":"https:\/\/www.webdo.tn\/fr\/#\/schema\/logo\/image\/"},"sameAs":["https:\/\/www.facebook.com\/webdotn","https:\/\/x.com\/webdo_tn"],"description":"Webdo est un m\u00e9dia num\u00e9rique tunisien fond\u00e9 en 2010, sp\u00e9cialis\u00e9 dans l\u2019actualit\u00e9 nationale et internationale, l\u2019\u00e9conomie, la soci\u00e9t\u00e9 et les analyses politiques. Le site s\u2019adresse \u00e0 un large public francophone et couvre l\u2019information tunisienne en temps r\u00e9el.","email":"redac@webdo.tn","legalName":"YNJ SARL","foundingDate":"2010-09-06","numberOfEmployees":{"@type":"QuantitativeValue","minValue":"11","maxValue":"50"}},{"@type":"Person","@id":"https:\/\/www.webdo.tn\/fr\/#\/schema\/person\/f35b42a42c5e2511bbd282959d6385cc","name":"CL","image":{"@type":"ImageObject","inLanguage":"fr-FR","@id":"https:\/\/secure.gravatar.com\/avatar\/1447a49909b67aa657c488aec6512e1dd6143a480c1ecfee9b5b5cd74eb3b59e?s=96&d=mm&r=g","url":"https:\/\/secure.gravatar.com\/avatar\/1447a49909b67aa657c488aec6512e1dd6143a480c1ecfee9b5b5cd74eb3b59e?s=96&d=mm&r=g","contentUrl":"https:\/\/secure.gravatar.com\/avatar\/1447a49909b67aa657c488aec6512e1dd6143a480c1ecfee9b5b5cd74eb3b59e?s=96&d=mm&r=g","caption":"CL"},"url":"https:\/\/www.webdo.tn\/fr\/actualite\/author\/cl\/"}]}},"_links":{"self":[{"href":"https:\/\/www.webdo.tn\/fr\/wp-json\/wp\/v2\/posts\/209749","targetHints":{"allow":["GET"]}}],"collection":[{"href":"https:\/\/www.webdo.tn\/fr\/wp-json\/wp\/v2\/posts"}],"about":[{"href":"https:\/\/www.webdo.tn\/fr\/wp-json\/wp\/v2\/types\/post"}],"author":[{"embeddable":true,"href":"https:\/\/www.webdo.tn\/fr\/wp-json\/wp\/v2\/users\/3175"}],"replies":[{"embeddable":true,"href":"https:\/\/www.webdo.tn\/fr\/wp-json\/wp\/v2\/comments?post=209749"}],"version-history":[{"count":0,"href":"https:\/\/www.webdo.tn\/fr\/wp-json\/wp\/v2\/posts\/209749\/revisions"}],"wp:featuredmedia":[{"embeddable":true,"href":"https:\/\/www.webdo.tn\/fr\/wp-json\/wp\/v2\/media\/248926"}],"wp:attachment":[{"href":"https:\/\/www.webdo.tn\/fr\/wp-json\/wp\/v2\/media?parent=209749"}],"wp:term":[{"taxonomy":"category","embeddable":true,"href":"https:\/\/www.webdo.tn\/fr\/wp-json\/wp\/v2\/categories?post=209749"},{"taxonomy":"post_tag","embeddable":true,"href":"https:\/\/www.webdo.tn\/fr\/wp-json\/wp\/v2\/tags?post=209749"}],"curies":[{"name":"wp","href":"https:\/\/api.w.org\/{rel}","templated":true}]}}