{"id":209748,"date":"2023-10-30T18:31:00","date_gmt":"2023-10-30T18:31:00","guid":{"rendered":"https:\/\/www.webdo.tn\/fr\/blog\/tunisie-pleniere-le-2-novembre-sur-la-loi-incriminant-la-normalisation\/209748\/"},"modified":"2025-05-20T22:39:54","modified_gmt":"2025-05-20T22:39:54","slug":"tunisie-pleniere-le-2-novembre-sur-la-loi-incriminant-la-normalisation","status":"publish","type":"post","link":"https:\/\/www.webdo.tn\/fr\/actualite\/national\/tunisie-pleniere-le-2-novembre-sur-la-loi-incriminant-la-normalisation\/209748\/","title":{"rendered":"Tunisie : Pl\u00e9ni\u00e8re, le 2 novembre, sur la loi incriminant la normalisation"},"content":{"rendered":"<p>La s\u00e9ance pl\u00e9ni\u00e8re consacr\u00e9e \u00e0 l&rsquo;examen du projet de loi incriminant la normalisation avec l&rsquo;entit\u00e9 sioniste a \u00e9t\u00e9 fix\u00e9e pour le 2 novembre 2023.<\/p>\n<p>Cit\u00e9 par Mosa\u00efque FM, le d\u00e9put\u00e9 Yassine Memi, a confirm\u00e9 cette information, laissant croire que la Commission des droits et libert\u00e9s se r\u00e9unira, demain mardi, pour \u00ab auditionner les repr\u00e9sentants du minist\u00e8re des Affaires \u00e9trang\u00e8res qui donneront leurs avis sur le projet de loi \u00bb.\u00a0<\/p>\n<p>Ladite commission a approuv\u00e9, lundi 23 octobre 2023, la proposition de loi incriminant la normalisation avec l&rsquo;entit\u00e9 sioniste.\u00a0<\/p>\n<p>A l&rsquo;issue de ses travaux, la commission a vot\u00e9, \u00e0 l&rsquo;unanimit\u00e9, pour la proposition de cette loi, indique un communiqu\u00e9 de l&rsquo;Assembl\u00e9e des repr\u00e9sentants du peuple (ARP), pr\u00e9cisant que des s\u00e9ances d&rsquo;audition seront organis\u00e9es au sujet de ladite proposition.<\/p>\n<p>Selon elle, ce projet de loi comprend sept articles qui d\u00e9finissent des termes, comme \u00ab\u00a0l&rsquo;entit\u00e9 sioniste\u00a0\u00bb, \u00ab\u00a0la normalisation\u00a0\u00bb et \u00ab\u00a0le crime de \u00a0normalisation\u00a0\u00bb, fixant les peines de prison et les amendes pour les auteurs de crimes de normalisation.<\/p>\n","protected":false},"excerpt":{"rendered":"<p>Cit\u00e9 par Mosa\u00efque FM, le d\u00e9put\u00e9 Yassine Memi, a confirm\u00e9 cette information, laissant croire que la Commission des droits et libert\u00e9s se r\u00e9unira, demain mardi, p&#8230;<\/p>\n","protected":false},"author":3175,"featured_media":248920,"comment_status":"open","ping_status":"closed","sticky":false,"template":"","format":"standard","meta":{"footnotes":""},"categories":[44],"tags":[2813,3729,2608],"class_list":["post-209748","post","type-post","status-publish","format-standard","has-post-thumbnail","hentry","category-national","tag-arp","tag-normalisation","tag-tunisie"],"yoast_head":"<!-- This site is optimized with the Yoast SEO Premium plugin v27.5 (Yoast SEO v27.5) - https:\/\/yoast.com\/product\/yoast-seo-premium-wordpress\/ -->\n<title>Tunisie : Pl\u00e9ni\u00e8re, le 2 novembre, sur la loi incriminant la normalisation<\/title>\n<meta name=\"description\" content=\"Cit\u00e9 par Mosa\u00efque FM, le d\u00e9put\u00e9 Yassine Memi, a confirm\u00e9 cette information, laissant croire que la Commission des droits et libert\u00e9s se r\u00e9unira, demain mardi, p...\" \/>\n<link rel=\"canonical\" href=\"https:\/\/www.webdo.tn\/fr\/actualite\/national\/tunisie-pleniere-le-2-novembre-sur-la-loi-incriminant-la-normalisation\/209748\/\" \/>\n<meta property=\"og:locale\" content=\"fr_FR\" \/>\n<meta property=\"og:type\" content=\"article\" \/>\n<meta property=\"og:title\" content=\"Tunisie : Pl\u00e9ni\u00e8re, le 2 novembre, sur la loi incriminant la normalisation\" \/>\n<meta property=\"og:description\" content=\"Cit\u00e9 par Mosa\u00efque FM, le d\u00e9put\u00e9 Yassine Memi, a confirm\u00e9 cette information, laissant croire que la Commission des droits et libert\u00e9s se r\u00e9unira, demain mardi, p...\" \/>\n<meta property=\"og:url\" content=\"https:\/\/www.webdo.tn\/fr\/actualite\/national\/tunisie-pleniere-le-2-novembre-sur-la-loi-incriminant-la-normalisation\/209748\/\" \/>\n<meta property=\"og:site_name\" content=\"webdo\" \/>\n<meta property=\"article:publisher\" content=\"https:\/\/www.facebook.com\/webdotn\" \/>\n<meta property=\"article:published_time\" content=\"2023-10-30T18:31:00+00:00\" \/>\n<meta property=\"article:modified_time\" content=\"2025-05-20T22:39:54+00:00\" \/>\n<meta property=\"og:image\" content=\"https:\/\/www.webdo.tn\/fr\/wp-content\/uploads\/2023\/10\/ef72ca403bbe8b70d5d5416670a31142.png\" \/>\n\t<meta property=\"og:image:width\" content=\"750\" \/>\n\t<meta property=\"og:image:height\" content=\"400\" \/>\n\t<meta property=\"og:image:type\" content=\"image\/png\" \/>\n<meta name=\"author\" content=\"CL\" \/>\n<meta name=\"twitter:card\" content=\"summary_large_image\" \/>\n<meta name=\"twitter:creator\" content=\"@webdo_tn\" \/>\n<meta name=\"twitter:site\" content=\"@webdo_tn\" \/>\n<meta name=\"twitter:label1\" content=\"\u00c9crit par\" \/>\n\t<meta name=\"twitter:data1\" content=\"CL\" \/>\n\t<meta name=\"twitter:label2\" content=\"Dur\u00e9e de lecture estim\u00e9e\" \/>\n\t<meta name=\"twitter:data2\" content=\"1 minute\" \/>\n<script type=\"application\/ld+json\" class=\"yoast-schema-graph\">{\"@context\":\"https:\\\/\\\/schema.org\",\"@graph\":[{\"@type\":\"NewsArticle\",\"@id\":\"https:\\\/\\\/www.webdo.tn\\\/fr\\\/actualite\\\/national\\\/tunisie-pleniere-le-2-novembre-sur-la-loi-incriminant-la-normalisation\\\/209748\\\/#article\",\"isPartOf\":{\"@id\":\"https:\\\/\\\/www.webdo.tn\\\/fr\\\/actualite\\\/national\\\/tunisie-pleniere-le-2-novembre-sur-la-loi-incriminant-la-normalisation\\\/209748\\\/\"},\"author\":{\"name\":\"CL\",\"@id\":\"https:\\\/\\\/www.webdo.tn\\\/fr\\\/#\\\/schema\\\/person\\\/f35b42a42c5e2511bbd282959d6385cc\"},\"headline\":\"Tunisie : Pl\u00e9ni\u00e8re, le 2 novembre, sur la loi incriminant la normalisation\",\"datePublished\":\"2023-10-30T18:31:00+00:00\",\"dateModified\":\"2025-05-20T22:39:54+00:00\",\"mainEntityOfPage\":{\"@id\":\"https:\\\/\\\/www.webdo.tn\\\/fr\\\/actualite\\\/national\\\/tunisie-pleniere-le-2-novembre-sur-la-loi-incriminant-la-normalisation\\\/209748\\\/\"},\"wordCount\":194,\"commentCount\":0,\"publisher\":{\"@id\":\"https:\\\/\\\/www.webdo.tn\\\/fr\\\/#organization\"},\"image\":{\"@id\":\"https:\\\/\\\/www.webdo.tn\\\/fr\\\/actualite\\\/national\\\/tunisie-pleniere-le-2-novembre-sur-la-loi-incriminant-la-normalisation\\\/209748\\\/#primaryimage\"},\"thumbnailUrl\":\"https:\\\/\\\/www.webdo.tn\\\/fr\\\/wp-content\\\/uploads\\\/2023\\\/10\\\/ef72ca403bbe8b70d5d5416670a31142.png\",\"keywords\":[\"ARP\",\"normalisation\",\"Tunisie\"],\"articleSection\":[\"National\"],\"inLanguage\":\"fr-FR\"},{\"@type\":\"WebPage\",\"@id\":\"https:\\\/\\\/www.webdo.tn\\\/fr\\\/actualite\\\/national\\\/tunisie-pleniere-le-2-novembre-sur-la-loi-incriminant-la-normalisation\\\/209748\\\/\",\"url\":\"https:\\\/\\\/www.webdo.tn\\\/fr\\\/actualite\\\/national\\\/tunisie-pleniere-le-2-novembre-sur-la-loi-incriminant-la-normalisation\\\/209748\\\/\",\"name\":\"Tunisie : Pl\u00e9ni\u00e8re, le 2 novembre, sur la loi incriminant la normalisation\",\"isPartOf\":{\"@id\":\"https:\\\/\\\/www.webdo.tn\\\/fr\\\/#website\"},\"primaryImageOfPage\":{\"@id\":\"https:\\\/\\\/www.webdo.tn\\\/fr\\\/actualite\\\/national\\\/tunisie-pleniere-le-2-novembre-sur-la-loi-incriminant-la-normalisation\\\/209748\\\/#primaryimage\"},\"image\":{\"@id\":\"https:\\\/\\\/www.webdo.tn\\\/fr\\\/actualite\\\/national\\\/tunisie-pleniere-le-2-novembre-sur-la-loi-incriminant-la-normalisation\\\/209748\\\/#primaryimage\"},\"thumbnailUrl\":\"https:\\\/\\\/www.webdo.tn\\\/fr\\\/wp-content\\\/uploads\\\/2023\\\/10\\\/ef72ca403bbe8b70d5d5416670a31142.png\",\"datePublished\":\"2023-10-30T18:31:00+00:00\",\"dateModified\":\"2025-05-20T22:39:54+00:00\",\"description\":\"Cit\u00e9 par Mosa\u00efque FM, le d\u00e9put\u00e9 Yassine Memi, a confirm\u00e9 cette information, laissant croire que la Commission des droits et libert\u00e9s se r\u00e9unira, demain mardi, p...\",\"breadcrumb\":{\"@id\":\"https:\\\/\\\/www.webdo.tn\\\/fr\\\/actualite\\\/national\\\/tunisie-pleniere-le-2-novembre-sur-la-loi-incriminant-la-normalisation\\\/209748\\\/#breadcrumb\"},\"inLanguage\":\"fr-FR\",\"potentialAction\":[{\"@type\":\"ReadAction\",\"target\":[\"https:\\\/\\\/www.webdo.tn\\\/fr\\\/actualite\\\/national\\\/tunisie-pleniere-le-2-novembre-sur-la-loi-incriminant-la-normalisation\\\/209748\\\/\"]}]},{\"@type\":\"ImageObject\",\"inLanguage\":\"fr-FR\",\"@id\":\"https:\\\/\\\/www.webdo.tn\\\/fr\\\/actualite\\\/national\\\/tunisie-pleniere-le-2-novembre-sur-la-loi-incriminant-la-normalisation\\\/209748\\\/#primaryimage\",\"url\":\"https:\\\/\\\/www.webdo.tn\\\/fr\\\/wp-content\\\/uploads\\\/2023\\\/10\\\/ef72ca403bbe8b70d5d5416670a31142.png\",\"contentUrl\":\"https:\\\/\\\/www.webdo.tn\\\/fr\\\/wp-content\\\/uploads\\\/2023\\\/10\\\/ef72ca403bbe8b70d5d5416670a31142.png\",\"width\":750,\"height\":400,\"caption\":\"Tunisie : Pl\u00e9ni\u00e8re, le 2 novembre, sur la loi incriminant la normalisation\"},{\"@type\":\"BreadcrumbList\",\"@id\":\"https:\\\/\\\/www.webdo.tn\\\/fr\\\/actualite\\\/national\\\/tunisie-pleniere-le-2-novembre-sur-la-loi-incriminant-la-normalisation\\\/209748\\\/#breadcrumb\",\"itemListElement\":[{\"@type\":\"ListItem\",\"position\":1,\"name\":\"Accueil\",\"item\":\"https:\\\/\\\/www.webdo.tn\\\/fr\\\/\"},{\"@type\":\"ListItem\",\"position\":2,\"name\":\"Tunisie : Pl\u00e9ni\u00e8re, le 2 novembre, sur la loi incriminant la normalisation\"}]},{\"@type\":\"WebSite\",\"@id\":\"https:\\\/\\\/www.webdo.tn\\\/fr\\\/#website\",\"url\":\"https:\\\/\\\/www.webdo.tn\\\/fr\\\/\",\"name\":\"webdo\",\"description\":\"Tunisie - News en Tunisie et \u00e0 l&#039;international sur Webdo.tn\",\"publisher\":{\"@id\":\"https:\\\/\\\/www.webdo.tn\\\/fr\\\/#organization\"},\"potentialAction\":[{\"@type\":\"SearchAction\",\"target\":{\"@type\":\"EntryPoint\",\"urlTemplate\":\"https:\\\/\\\/www.webdo.tn\\\/fr\\\/?s={search_term_string}\"},\"query-input\":{\"@type\":\"PropertyValueSpecification\",\"valueRequired\":true,\"valueName\":\"search_term_string\"}}],\"inLanguage\":\"fr-FR\"},{\"@type\":\"Organization\",\"@id\":\"https:\\\/\\\/www.webdo.tn\\\/fr\\\/#organization\",\"name\":\"Webdo\",\"alternateName\":\"Webdo.tn\",\"url\":\"https:\\\/\\\/www.webdo.tn\\\/fr\\\/\",\"logo\":{\"@type\":\"ImageObject\",\"inLanguage\":\"fr-FR\",\"@id\":\"https:\\\/\\\/www.webdo.tn\\\/fr\\\/#\\\/schema\\\/logo\\\/image\\\/\",\"url\":\"https:\\\/\\\/www.webdo.tn\\\/fr\\\/wp-content\\\/uploads\\\/2025\\\/06\\\/Webdo-Tunisie_168377.jpg\",\"contentUrl\":\"https:\\\/\\\/www.webdo.tn\\\/fr\\\/wp-content\\\/uploads\\\/2025\\\/06\\\/Webdo-Tunisie_168377.jpg\",\"width\":301,\"height\":301,\"caption\":\"Webdo\"},\"image\":{\"@id\":\"https:\\\/\\\/www.webdo.tn\\\/fr\\\/#\\\/schema\\\/logo\\\/image\\\/\"},\"sameAs\":[\"https:\\\/\\\/www.facebook.com\\\/webdotn\",\"https:\\\/\\\/x.com\\\/webdo_tn\"],\"description\":\"Webdo est un m\u00e9dia num\u00e9rique tunisien fond\u00e9 en 2010, sp\u00e9cialis\u00e9 dans l\u2019actualit\u00e9 nationale et internationale, l\u2019\u00e9conomie, la soci\u00e9t\u00e9 et les analyses politiques. Le site s\u2019adresse \u00e0 un large public francophone et couvre l\u2019information tunisienne en temps r\u00e9el.\",\"email\":\"redac@webdo.tn\",\"legalName\":\"YNJ SARL\",\"foundingDate\":\"2010-09-06\",\"numberOfEmployees\":{\"@type\":\"QuantitativeValue\",\"minValue\":\"11\",\"maxValue\":\"50\"}},{\"@type\":\"Person\",\"@id\":\"https:\\\/\\\/www.webdo.tn\\\/fr\\\/#\\\/schema\\\/person\\\/f35b42a42c5e2511bbd282959d6385cc\",\"name\":\"CL\",\"image\":{\"@type\":\"ImageObject\",\"inLanguage\":\"fr-FR\",\"@id\":\"https:\\\/\\\/secure.gravatar.com\\\/avatar\\\/1447a49909b67aa657c488aec6512e1dd6143a480c1ecfee9b5b5cd74eb3b59e?s=96&d=mm&r=g\",\"url\":\"https:\\\/\\\/secure.gravatar.com\\\/avatar\\\/1447a49909b67aa657c488aec6512e1dd6143a480c1ecfee9b5b5cd74eb3b59e?s=96&d=mm&r=g\",\"contentUrl\":\"https:\\\/\\\/secure.gravatar.com\\\/avatar\\\/1447a49909b67aa657c488aec6512e1dd6143a480c1ecfee9b5b5cd74eb3b59e?s=96&d=mm&r=g\",\"caption\":\"CL\"},\"url\":\"https:\\\/\\\/www.webdo.tn\\\/fr\\\/actualite\\\/author\\\/cl\\\/\"}]}<\/script>\n<!-- \/ Yoast SEO Premium plugin. -->","yoast_head_json":{"title":"Tunisie : Pl\u00e9ni\u00e8re, le 2 novembre, sur la loi incriminant la normalisation","description":"Cit\u00e9 par Mosa\u00efque FM, le d\u00e9put\u00e9 Yassine Memi, a confirm\u00e9 cette information, laissant croire que la Commission des droits et libert\u00e9s se r\u00e9unira, demain mardi, p...","canonical":"https:\/\/www.webdo.tn\/fr\/actualite\/national\/tunisie-pleniere-le-2-novembre-sur-la-loi-incriminant-la-normalisation\/209748\/","og_locale":"fr_FR","og_type":"article","og_title":"Tunisie : Pl\u00e9ni\u00e8re, le 2 novembre, sur la loi incriminant la normalisation","og_description":"Cit\u00e9 par Mosa\u00efque FM, le d\u00e9put\u00e9 Yassine Memi, a confirm\u00e9 cette information, laissant croire que la Commission des droits et libert\u00e9s se r\u00e9unira, demain mardi, p...","og_url":"https:\/\/www.webdo.tn\/fr\/actualite\/national\/tunisie-pleniere-le-2-novembre-sur-la-loi-incriminant-la-normalisation\/209748\/","og_site_name":"webdo","article_publisher":"https:\/\/www.facebook.com\/webdotn","article_published_time":"2023-10-30T18:31:00+00:00","article_modified_time":"2025-05-20T22:39:54+00:00","og_image":[{"width":750,"height":400,"url":"https:\/\/www.webdo.tn\/fr\/wp-content\/uploads\/2023\/10\/ef72ca403bbe8b70d5d5416670a31142.png","type":"image\/png"}],"author":"CL","twitter_card":"summary_large_image","twitter_creator":"@webdo_tn","twitter_site":"@webdo_tn","twitter_misc":{"\u00c9crit par":"CL","Dur\u00e9e de lecture estim\u00e9e":"1 minute"},"schema":{"@context":"https:\/\/schema.org","@graph":[{"@type":"NewsArticle","@id":"https:\/\/www.webdo.tn\/fr\/actualite\/national\/tunisie-pleniere-le-2-novembre-sur-la-loi-incriminant-la-normalisation\/209748\/#article","isPartOf":{"@id":"https:\/\/www.webdo.tn\/fr\/actualite\/national\/tunisie-pleniere-le-2-novembre-sur-la-loi-incriminant-la-normalisation\/209748\/"},"author":{"name":"CL","@id":"https:\/\/www.webdo.tn\/fr\/#\/schema\/person\/f35b42a42c5e2511bbd282959d6385cc"},"headline":"Tunisie : Pl\u00e9ni\u00e8re, le 2 novembre, sur la loi incriminant la normalisation","datePublished":"2023-10-30T18:31:00+00:00","dateModified":"2025-05-20T22:39:54+00:00","mainEntityOfPage":{"@id":"https:\/\/www.webdo.tn\/fr\/actualite\/national\/tunisie-pleniere-le-2-novembre-sur-la-loi-incriminant-la-normalisation\/209748\/"},"wordCount":194,"commentCount":0,"publisher":{"@id":"https:\/\/www.webdo.tn\/fr\/#organization"},"image":{"@id":"https:\/\/www.webdo.tn\/fr\/actualite\/national\/tunisie-pleniere-le-2-novembre-sur-la-loi-incriminant-la-normalisation\/209748\/#primaryimage"},"thumbnailUrl":"https:\/\/www.webdo.tn\/fr\/wp-content\/uploads\/2023\/10\/ef72ca403bbe8b70d5d5416670a31142.png","keywords":["ARP","normalisation","Tunisie"],"articleSection":["National"],"inLanguage":"fr-FR"},{"@type":"WebPage","@id":"https:\/\/www.webdo.tn\/fr\/actualite\/national\/tunisie-pleniere-le-2-novembre-sur-la-loi-incriminant-la-normalisation\/209748\/","url":"https:\/\/www.webdo.tn\/fr\/actualite\/national\/tunisie-pleniere-le-2-novembre-sur-la-loi-incriminant-la-normalisation\/209748\/","name":"Tunisie : Pl\u00e9ni\u00e8re, le 2 novembre, sur la loi incriminant la normalisation","isPartOf":{"@id":"https:\/\/www.webdo.tn\/fr\/#website"},"primaryImageOfPage":{"@id":"https:\/\/www.webdo.tn\/fr\/actualite\/national\/tunisie-pleniere-le-2-novembre-sur-la-loi-incriminant-la-normalisation\/209748\/#primaryimage"},"image":{"@id":"https:\/\/www.webdo.tn\/fr\/actualite\/national\/tunisie-pleniere-le-2-novembre-sur-la-loi-incriminant-la-normalisation\/209748\/#primaryimage"},"thumbnailUrl":"https:\/\/www.webdo.tn\/fr\/wp-content\/uploads\/2023\/10\/ef72ca403bbe8b70d5d5416670a31142.png","datePublished":"2023-10-30T18:31:00+00:00","dateModified":"2025-05-20T22:39:54+00:00","description":"Cit\u00e9 par Mosa\u00efque FM, le d\u00e9put\u00e9 Yassine Memi, a confirm\u00e9 cette information, laissant croire que la Commission des droits et libert\u00e9s se r\u00e9unira, demain mardi, p...","breadcrumb":{"@id":"https:\/\/www.webdo.tn\/fr\/actualite\/national\/tunisie-pleniere-le-2-novembre-sur-la-loi-incriminant-la-normalisation\/209748\/#breadcrumb"},"inLanguage":"fr-FR","potentialAction":[{"@type":"ReadAction","target":["https:\/\/www.webdo.tn\/fr\/actualite\/national\/tunisie-pleniere-le-2-novembre-sur-la-loi-incriminant-la-normalisation\/209748\/"]}]},{"@type":"ImageObject","inLanguage":"fr-FR","@id":"https:\/\/www.webdo.tn\/fr\/actualite\/national\/tunisie-pleniere-le-2-novembre-sur-la-loi-incriminant-la-normalisation\/209748\/#primaryimage","url":"https:\/\/www.webdo.tn\/fr\/wp-content\/uploads\/2023\/10\/ef72ca403bbe8b70d5d5416670a31142.png","contentUrl":"https:\/\/www.webdo.tn\/fr\/wp-content\/uploads\/2023\/10\/ef72ca403bbe8b70d5d5416670a31142.png","width":750,"height":400,"caption":"Tunisie : Pl\u00e9ni\u00e8re, le 2 novembre, sur la loi incriminant la normalisation"},{"@type":"BreadcrumbList","@id":"https:\/\/www.webdo.tn\/fr\/actualite\/national\/tunisie-pleniere-le-2-novembre-sur-la-loi-incriminant-la-normalisation\/209748\/#breadcrumb","itemListElement":[{"@type":"ListItem","position":1,"name":"Accueil","item":"https:\/\/www.webdo.tn\/fr\/"},{"@type":"ListItem","position":2,"name":"Tunisie : Pl\u00e9ni\u00e8re, le 2 novembre, sur la loi incriminant la normalisation"}]},{"@type":"WebSite","@id":"https:\/\/www.webdo.tn\/fr\/#website","url":"https:\/\/www.webdo.tn\/fr\/","name":"webdo","description":"Tunisie - News en Tunisie et \u00e0 l&#039;international sur Webdo.tn","publisher":{"@id":"https:\/\/www.webdo.tn\/fr\/#organization"},"potentialAction":[{"@type":"SearchAction","target":{"@type":"EntryPoint","urlTemplate":"https:\/\/www.webdo.tn\/fr\/?s={search_term_string}"},"query-input":{"@type":"PropertyValueSpecification","valueRequired":true,"valueName":"search_term_string"}}],"inLanguage":"fr-FR"},{"@type":"Organization","@id":"https:\/\/www.webdo.tn\/fr\/#organization","name":"Webdo","alternateName":"Webdo.tn","url":"https:\/\/www.webdo.tn\/fr\/","logo":{"@type":"ImageObject","inLanguage":"fr-FR","@id":"https:\/\/www.webdo.tn\/fr\/#\/schema\/logo\/image\/","url":"https:\/\/www.webdo.tn\/fr\/wp-content\/uploads\/2025\/06\/Webdo-Tunisie_168377.jpg","contentUrl":"https:\/\/www.webdo.tn\/fr\/wp-content\/uploads\/2025\/06\/Webdo-Tunisie_168377.jpg","width":301,"height":301,"caption":"Webdo"},"image":{"@id":"https:\/\/www.webdo.tn\/fr\/#\/schema\/logo\/image\/"},"sameAs":["https:\/\/www.facebook.com\/webdotn","https:\/\/x.com\/webdo_tn"],"description":"Webdo est un m\u00e9dia num\u00e9rique tunisien fond\u00e9 en 2010, sp\u00e9cialis\u00e9 dans l\u2019actualit\u00e9 nationale et internationale, l\u2019\u00e9conomie, la soci\u00e9t\u00e9 et les analyses politiques. Le site s\u2019adresse \u00e0 un large public francophone et couvre l\u2019information tunisienne en temps r\u00e9el.","email":"redac@webdo.tn","legalName":"YNJ SARL","foundingDate":"2010-09-06","numberOfEmployees":{"@type":"QuantitativeValue","minValue":"11","maxValue":"50"}},{"@type":"Person","@id":"https:\/\/www.webdo.tn\/fr\/#\/schema\/person\/f35b42a42c5e2511bbd282959d6385cc","name":"CL","image":{"@type":"ImageObject","inLanguage":"fr-FR","@id":"https:\/\/secure.gravatar.com\/avatar\/1447a49909b67aa657c488aec6512e1dd6143a480c1ecfee9b5b5cd74eb3b59e?s=96&d=mm&r=g","url":"https:\/\/secure.gravatar.com\/avatar\/1447a49909b67aa657c488aec6512e1dd6143a480c1ecfee9b5b5cd74eb3b59e?s=96&d=mm&r=g","contentUrl":"https:\/\/secure.gravatar.com\/avatar\/1447a49909b67aa657c488aec6512e1dd6143a480c1ecfee9b5b5cd74eb3b59e?s=96&d=mm&r=g","caption":"CL"},"url":"https:\/\/www.webdo.tn\/fr\/actualite\/author\/cl\/"}]}},"_links":{"self":[{"href":"https:\/\/www.webdo.tn\/fr\/wp-json\/wp\/v2\/posts\/209748","targetHints":{"allow":["GET"]}}],"collection":[{"href":"https:\/\/www.webdo.tn\/fr\/wp-json\/wp\/v2\/posts"}],"about":[{"href":"https:\/\/www.webdo.tn\/fr\/wp-json\/wp\/v2\/types\/post"}],"author":[{"embeddable":true,"href":"https:\/\/www.webdo.tn\/fr\/wp-json\/wp\/v2\/users\/3175"}],"replies":[{"embeddable":true,"href":"https:\/\/www.webdo.tn\/fr\/wp-json\/wp\/v2\/comments?post=209748"}],"version-history":[{"count":0,"href":"https:\/\/www.webdo.tn\/fr\/wp-json\/wp\/v2\/posts\/209748\/revisions"}],"wp:featuredmedia":[{"embeddable":true,"href":"https:\/\/www.webdo.tn\/fr\/wp-json\/wp\/v2\/media\/248920"}],"wp:attachment":[{"href":"https:\/\/www.webdo.tn\/fr\/wp-json\/wp\/v2\/media?parent=209748"}],"wp:term":[{"taxonomy":"category","embeddable":true,"href":"https:\/\/www.webdo.tn\/fr\/wp-json\/wp\/v2\/categories?post=209748"},{"taxonomy":"post_tag","embeddable":true,"href":"https:\/\/www.webdo.tn\/fr\/wp-json\/wp\/v2\/tags?post=209748"}],"curies":[{"name":"wp","href":"https:\/\/api.w.org\/{rel}","templated":true}]}}