{"id":209746,"date":"2023-10-30T15:40:00","date_gmt":"2023-10-30T15:40:00","guid":{"rendered":"https:\/\/www.webdo.tn\/fr\/blog\/demandes-de-liberation-rejetees-pour-les-detenus-accuses-de-complot-contre-l-etat\/209746\/"},"modified":"2025-05-20T21:56:16","modified_gmt":"2025-05-20T21:56:16","slug":"demandes-de-liberation-rejetees-pour-les-detenus-accuses-de-complot-contre-l-etat","status":"publish","type":"post","link":"https:\/\/www.webdo.tn\/fr\/actualite\/national\/demandes-de-liberation-rejetees-pour-les-detenus-accuses-de-complot-contre-l-etat\/209746\/","title":{"rendered":"Demandes de lib\u00e9ration rejet\u00e9es pour les d\u00e9tenus accus\u00e9s de complot contre l&rsquo;Etat"},"content":{"rendered":"<p>Le premier juge d&rsquo;instruction du P\u00f4le judiciaire de lutte contre le terrorisme a rejet\u00e9 toutes les demandes de lib\u00e9ration des accus\u00e9s, d\u00e9tenus dans le cadre de l&rsquo;affaire du complot contre l\u2019Etat.<\/p>\n<p>\t\t\t\t\t\t\t\t\tDes demandes de lib\u00e9ration ont \u00e9t\u00e9 d\u00e9pos\u00e9es par leurs avocats, la semaine derni\u00e8re, rapporte Mosaique fm, mais le juge d&rsquo;instruction charg\u00e9 du dossier n&rsquo;ayant pas rendu de d\u00e9cision dans les quatre jours suivant la date de d\u00e9p\u00f4t des demandes, celles-ci sont automatiquement rejet\u00e9es.<\/p>\n<p>Les avocats de la d\u00e9fense auraient d\u00e9cid\u00e9 de faire appel de la d\u00e9cision du juge d&rsquo;instruction et de contester cette d\u00e9cision.<\/p>\n","protected":false},"excerpt":{"rendered":"<p>Les demandes de lib\u00e9ration des accus\u00e9s, d\u00e9tenus dans le cadre de l&rsquo;affaire du complot contre l\u2019Etat ont \u00e9t\u00e9 rejet\u00e9es.<\/p>\n","protected":false},"author":3162,"featured_media":248925,"comment_status":"open","ping_status":"closed","sticky":false,"template":"","format":"standard","meta":{"footnotes":""},"categories":[44],"tags":[2681,3068,3857,3938],"class_list":["post-209746","post","type-post","status-publish","format-standard","has-post-thumbnail","hentry","category-national","tag-accuses","tag-complot-contre-letat","tag-detenus","tag-liberation"],"yoast_head":"<!-- This site is optimized with the Yoast SEO Premium plugin v27.5 (Yoast SEO v27.5) - https:\/\/yoast.com\/product\/yoast-seo-premium-wordpress\/ -->\n<title>Demandes de lib\u00e9ration rejet\u00e9es pour les d\u00e9tenus accus\u00e9s de complot contre l&#039;Etat<\/title>\n<meta name=\"description\" content=\"Les demandes de lib\u00e9ration des accus\u00e9s, d\u00e9tenus dans le cadre de l&#039;affaire du complot contre l\u2019Etat ont \u00e9t\u00e9 rejet\u00e9es.\" \/>\n<link rel=\"canonical\" href=\"https:\/\/www.webdo.tn\/fr\/actualite\/national\/demandes-de-liberation-rejetees-pour-les-detenus-accuses-de-complot-contre-l-etat\/209746\/\" \/>\n<meta property=\"og:locale\" content=\"fr_FR\" \/>\n<meta property=\"og:type\" content=\"article\" \/>\n<meta property=\"og:title\" content=\"Demandes de lib\u00e9ration rejet\u00e9es pour les d\u00e9tenus accus\u00e9s de complot contre l&#039;Etat\" \/>\n<meta property=\"og:description\" content=\"Les demandes de lib\u00e9ration des accus\u00e9s, d\u00e9tenus dans le cadre de l&#039;affaire du complot contre l\u2019Etat ont \u00e9t\u00e9 rejet\u00e9es.\" \/>\n<meta property=\"og:url\" content=\"https:\/\/www.webdo.tn\/fr\/actualite\/national\/demandes-de-liberation-rejetees-pour-les-detenus-accuses-de-complot-contre-l-etat\/209746\/\" \/>\n<meta property=\"og:site_name\" content=\"webdo\" \/>\n<meta property=\"article:publisher\" content=\"https:\/\/www.facebook.com\/webdotn\" \/>\n<meta property=\"article:published_time\" content=\"2023-10-30T15:40:00+00:00\" \/>\n<meta property=\"article:modified_time\" content=\"2025-05-20T21:56:16+00:00\" \/>\n<meta property=\"og:image\" content=\"https:\/\/www.webdo.tn\/fr\/wp-content\/uploads\/2023\/10\/5c7811f2441e07973396ef469089e39c.jpg\" \/>\n\t<meta property=\"og:image:width\" content=\"650\" \/>\n\t<meta property=\"og:image:height\" content=\"347\" \/>\n\t<meta property=\"og:image:type\" content=\"image\/jpeg\" \/>\n<meta name=\"author\" content=\"MC\" \/>\n<meta name=\"twitter:card\" content=\"summary_large_image\" \/>\n<meta name=\"twitter:creator\" content=\"@webdo_tn\" \/>\n<meta name=\"twitter:site\" content=\"@webdo_tn\" \/>\n<meta name=\"twitter:label1\" content=\"\u00c9crit par\" \/>\n\t<meta name=\"twitter:data1\" content=\"MC\" \/>\n\t<meta name=\"twitter:label2\" content=\"Dur\u00e9e de lecture estim\u00e9e\" \/>\n\t<meta name=\"twitter:data2\" content=\"1 minute\" \/>\n<script type=\"application\/ld+json\" class=\"yoast-schema-graph\">{\"@context\":\"https:\\\/\\\/schema.org\",\"@graph\":[{\"@type\":\"NewsArticle\",\"@id\":\"https:\\\/\\\/www.webdo.tn\\\/fr\\\/actualite\\\/national\\\/demandes-de-liberation-rejetees-pour-les-detenus-accuses-de-complot-contre-l-etat\\\/209746\\\/#article\",\"isPartOf\":{\"@id\":\"https:\\\/\\\/www.webdo.tn\\\/fr\\\/actualite\\\/national\\\/demandes-de-liberation-rejetees-pour-les-detenus-accuses-de-complot-contre-l-etat\\\/209746\\\/\"},\"author\":{\"name\":\"MC\",\"@id\":\"https:\\\/\\\/www.webdo.tn\\\/fr\\\/#\\\/schema\\\/person\\\/2c4929cbf5a809e3bd38617c6ce150f6\"},\"headline\":\"Demandes de lib\u00e9ration rejet\u00e9es pour les d\u00e9tenus accus\u00e9s de complot contre l&rsquo;Etat\",\"datePublished\":\"2023-10-30T15:40:00+00:00\",\"dateModified\":\"2025-05-20T21:56:16+00:00\",\"mainEntityOfPage\":{\"@id\":\"https:\\\/\\\/www.webdo.tn\\\/fr\\\/actualite\\\/national\\\/demandes-de-liberation-rejetees-pour-les-detenus-accuses-de-complot-contre-l-etat\\\/209746\\\/\"},\"wordCount\":134,\"commentCount\":0,\"publisher\":{\"@id\":\"https:\\\/\\\/www.webdo.tn\\\/fr\\\/#organization\"},\"image\":{\"@id\":\"https:\\\/\\\/www.webdo.tn\\\/fr\\\/actualite\\\/national\\\/demandes-de-liberation-rejetees-pour-les-detenus-accuses-de-complot-contre-l-etat\\\/209746\\\/#primaryimage\"},\"thumbnailUrl\":\"https:\\\/\\\/www.webdo.tn\\\/fr\\\/wp-content\\\/uploads\\\/2023\\\/10\\\/5c7811f2441e07973396ef469089e39c.jpg\",\"keywords\":[\"accus\u00e9s\",\"Complot contre l'Etat\",\"d\u00e9tenus\",\"lib\u00e9ration\"],\"articleSection\":[\"National\"],\"inLanguage\":\"fr-FR\"},{\"@type\":\"WebPage\",\"@id\":\"https:\\\/\\\/www.webdo.tn\\\/fr\\\/actualite\\\/national\\\/demandes-de-liberation-rejetees-pour-les-detenus-accuses-de-complot-contre-l-etat\\\/209746\\\/\",\"url\":\"https:\\\/\\\/www.webdo.tn\\\/fr\\\/actualite\\\/national\\\/demandes-de-liberation-rejetees-pour-les-detenus-accuses-de-complot-contre-l-etat\\\/209746\\\/\",\"name\":\"Demandes de lib\u00e9ration rejet\u00e9es pour les d\u00e9tenus accus\u00e9s de complot contre l'Etat\",\"isPartOf\":{\"@id\":\"https:\\\/\\\/www.webdo.tn\\\/fr\\\/#website\"},\"primaryImageOfPage\":{\"@id\":\"https:\\\/\\\/www.webdo.tn\\\/fr\\\/actualite\\\/national\\\/demandes-de-liberation-rejetees-pour-les-detenus-accuses-de-complot-contre-l-etat\\\/209746\\\/#primaryimage\"},\"image\":{\"@id\":\"https:\\\/\\\/www.webdo.tn\\\/fr\\\/actualite\\\/national\\\/demandes-de-liberation-rejetees-pour-les-detenus-accuses-de-complot-contre-l-etat\\\/209746\\\/#primaryimage\"},\"thumbnailUrl\":\"https:\\\/\\\/www.webdo.tn\\\/fr\\\/wp-content\\\/uploads\\\/2023\\\/10\\\/5c7811f2441e07973396ef469089e39c.jpg\",\"datePublished\":\"2023-10-30T15:40:00+00:00\",\"dateModified\":\"2025-05-20T21:56:16+00:00\",\"description\":\"Les demandes de lib\u00e9ration des accus\u00e9s, d\u00e9tenus dans le cadre de l'affaire du complot contre l\u2019Etat ont \u00e9t\u00e9 rejet\u00e9es.\",\"breadcrumb\":{\"@id\":\"https:\\\/\\\/www.webdo.tn\\\/fr\\\/actualite\\\/national\\\/demandes-de-liberation-rejetees-pour-les-detenus-accuses-de-complot-contre-l-etat\\\/209746\\\/#breadcrumb\"},\"inLanguage\":\"fr-FR\",\"potentialAction\":[{\"@type\":\"ReadAction\",\"target\":[\"https:\\\/\\\/www.webdo.tn\\\/fr\\\/actualite\\\/national\\\/demandes-de-liberation-rejetees-pour-les-detenus-accuses-de-complot-contre-l-etat\\\/209746\\\/\"]}]},{\"@type\":\"ImageObject\",\"inLanguage\":\"fr-FR\",\"@id\":\"https:\\\/\\\/www.webdo.tn\\\/fr\\\/actualite\\\/national\\\/demandes-de-liberation-rejetees-pour-les-detenus-accuses-de-complot-contre-l-etat\\\/209746\\\/#primaryimage\",\"url\":\"https:\\\/\\\/www.webdo.tn\\\/fr\\\/wp-content\\\/uploads\\\/2023\\\/10\\\/5c7811f2441e07973396ef469089e39c.jpg\",\"contentUrl\":\"https:\\\/\\\/www.webdo.tn\\\/fr\\\/wp-content\\\/uploads\\\/2023\\\/10\\\/5c7811f2441e07973396ef469089e39c.jpg\",\"width\":650,\"height\":347,\"caption\":\"Demandes de lib\u00e9ration rejet\u00e9es pour les d\u00e9tenus accus\u00e9s de complot contre l'Etat\"},{\"@type\":\"BreadcrumbList\",\"@id\":\"https:\\\/\\\/www.webdo.tn\\\/fr\\\/actualite\\\/national\\\/demandes-de-liberation-rejetees-pour-les-detenus-accuses-de-complot-contre-l-etat\\\/209746\\\/#breadcrumb\",\"itemListElement\":[{\"@type\":\"ListItem\",\"position\":1,\"name\":\"Accueil\",\"item\":\"https:\\\/\\\/www.webdo.tn\\\/fr\\\/\"},{\"@type\":\"ListItem\",\"position\":2,\"name\":\"Demandes de lib\u00e9ration rejet\u00e9es pour les d\u00e9tenus accus\u00e9s de complot contre l&#8217;Etat\"}]},{\"@type\":\"WebSite\",\"@id\":\"https:\\\/\\\/www.webdo.tn\\\/fr\\\/#website\",\"url\":\"https:\\\/\\\/www.webdo.tn\\\/fr\\\/\",\"name\":\"webdo\",\"description\":\"Tunisie - News en Tunisie et \u00e0 l&#039;international sur Webdo.tn\",\"publisher\":{\"@id\":\"https:\\\/\\\/www.webdo.tn\\\/fr\\\/#organization\"},\"potentialAction\":[{\"@type\":\"SearchAction\",\"target\":{\"@type\":\"EntryPoint\",\"urlTemplate\":\"https:\\\/\\\/www.webdo.tn\\\/fr\\\/?s={search_term_string}\"},\"query-input\":{\"@type\":\"PropertyValueSpecification\",\"valueRequired\":true,\"valueName\":\"search_term_string\"}}],\"inLanguage\":\"fr-FR\"},{\"@type\":\"Organization\",\"@id\":\"https:\\\/\\\/www.webdo.tn\\\/fr\\\/#organization\",\"name\":\"Webdo\",\"alternateName\":\"Webdo.tn\",\"url\":\"https:\\\/\\\/www.webdo.tn\\\/fr\\\/\",\"logo\":{\"@type\":\"ImageObject\",\"inLanguage\":\"fr-FR\",\"@id\":\"https:\\\/\\\/www.webdo.tn\\\/fr\\\/#\\\/schema\\\/logo\\\/image\\\/\",\"url\":\"https:\\\/\\\/www.webdo.tn\\\/fr\\\/wp-content\\\/uploads\\\/2025\\\/06\\\/Webdo-Tunisie_168377.jpg\",\"contentUrl\":\"https:\\\/\\\/www.webdo.tn\\\/fr\\\/wp-content\\\/uploads\\\/2025\\\/06\\\/Webdo-Tunisie_168377.jpg\",\"width\":301,\"height\":301,\"caption\":\"Webdo\"},\"image\":{\"@id\":\"https:\\\/\\\/www.webdo.tn\\\/fr\\\/#\\\/schema\\\/logo\\\/image\\\/\"},\"sameAs\":[\"https:\\\/\\\/www.facebook.com\\\/webdotn\",\"https:\\\/\\\/x.com\\\/webdo_tn\"],\"description\":\"Webdo est un m\u00e9dia num\u00e9rique tunisien fond\u00e9 en 2010, sp\u00e9cialis\u00e9 dans l\u2019actualit\u00e9 nationale et internationale, l\u2019\u00e9conomie, la soci\u00e9t\u00e9 et les analyses politiques. Le site s\u2019adresse \u00e0 un large public francophone et couvre l\u2019information tunisienne en temps r\u00e9el.\",\"email\":\"redac@webdo.tn\",\"legalName\":\"YNJ SARL\",\"foundingDate\":\"2010-09-06\",\"numberOfEmployees\":{\"@type\":\"QuantitativeValue\",\"minValue\":\"11\",\"maxValue\":\"50\"}},{\"@type\":\"Person\",\"@id\":\"https:\\\/\\\/www.webdo.tn\\\/fr\\\/#\\\/schema\\\/person\\\/2c4929cbf5a809e3bd38617c6ce150f6\",\"name\":\"MC\",\"image\":{\"@type\":\"ImageObject\",\"inLanguage\":\"fr-FR\",\"@id\":\"https:\\\/\\\/secure.gravatar.com\\\/avatar\\\/a545bbb6f84efdd5553dbbc2895e3ca8f1d12c5215e00a041c9670b54aa9b18a?s=96&d=mm&r=g\",\"url\":\"https:\\\/\\\/secure.gravatar.com\\\/avatar\\\/a545bbb6f84efdd5553dbbc2895e3ca8f1d12c5215e00a041c9670b54aa9b18a?s=96&d=mm&r=g\",\"contentUrl\":\"https:\\\/\\\/secure.gravatar.com\\\/avatar\\\/a545bbb6f84efdd5553dbbc2895e3ca8f1d12c5215e00a041c9670b54aa9b18a?s=96&d=mm&r=g\",\"caption\":\"MC\"},\"url\":\"https:\\\/\\\/www.webdo.tn\\\/fr\\\/actualite\\\/author\\\/mc\\\/\"}]}<\/script>\n<!-- \/ Yoast SEO Premium plugin. -->","yoast_head_json":{"title":"Demandes de lib\u00e9ration rejet\u00e9es pour les d\u00e9tenus accus\u00e9s de complot contre l'Etat","description":"Les demandes de lib\u00e9ration des accus\u00e9s, d\u00e9tenus dans le cadre de l'affaire du complot contre l\u2019Etat ont \u00e9t\u00e9 rejet\u00e9es.","canonical":"https:\/\/www.webdo.tn\/fr\/actualite\/national\/demandes-de-liberation-rejetees-pour-les-detenus-accuses-de-complot-contre-l-etat\/209746\/","og_locale":"fr_FR","og_type":"article","og_title":"Demandes de lib\u00e9ration rejet\u00e9es pour les d\u00e9tenus accus\u00e9s de complot contre l'Etat","og_description":"Les demandes de lib\u00e9ration des accus\u00e9s, d\u00e9tenus dans le cadre de l'affaire du complot contre l\u2019Etat ont \u00e9t\u00e9 rejet\u00e9es.","og_url":"https:\/\/www.webdo.tn\/fr\/actualite\/national\/demandes-de-liberation-rejetees-pour-les-detenus-accuses-de-complot-contre-l-etat\/209746\/","og_site_name":"webdo","article_publisher":"https:\/\/www.facebook.com\/webdotn","article_published_time":"2023-10-30T15:40:00+00:00","article_modified_time":"2025-05-20T21:56:16+00:00","og_image":[{"width":650,"height":347,"url":"https:\/\/www.webdo.tn\/fr\/wp-content\/uploads\/2023\/10\/5c7811f2441e07973396ef469089e39c.jpg","type":"image\/jpeg"}],"author":"MC","twitter_card":"summary_large_image","twitter_creator":"@webdo_tn","twitter_site":"@webdo_tn","twitter_misc":{"\u00c9crit par":"MC","Dur\u00e9e de lecture estim\u00e9e":"1 minute"},"schema":{"@context":"https:\/\/schema.org","@graph":[{"@type":"NewsArticle","@id":"https:\/\/www.webdo.tn\/fr\/actualite\/national\/demandes-de-liberation-rejetees-pour-les-detenus-accuses-de-complot-contre-l-etat\/209746\/#article","isPartOf":{"@id":"https:\/\/www.webdo.tn\/fr\/actualite\/national\/demandes-de-liberation-rejetees-pour-les-detenus-accuses-de-complot-contre-l-etat\/209746\/"},"author":{"name":"MC","@id":"https:\/\/www.webdo.tn\/fr\/#\/schema\/person\/2c4929cbf5a809e3bd38617c6ce150f6"},"headline":"Demandes de lib\u00e9ration rejet\u00e9es pour les d\u00e9tenus accus\u00e9s de complot contre l&rsquo;Etat","datePublished":"2023-10-30T15:40:00+00:00","dateModified":"2025-05-20T21:56:16+00:00","mainEntityOfPage":{"@id":"https:\/\/www.webdo.tn\/fr\/actualite\/national\/demandes-de-liberation-rejetees-pour-les-detenus-accuses-de-complot-contre-l-etat\/209746\/"},"wordCount":134,"commentCount":0,"publisher":{"@id":"https:\/\/www.webdo.tn\/fr\/#organization"},"image":{"@id":"https:\/\/www.webdo.tn\/fr\/actualite\/national\/demandes-de-liberation-rejetees-pour-les-detenus-accuses-de-complot-contre-l-etat\/209746\/#primaryimage"},"thumbnailUrl":"https:\/\/www.webdo.tn\/fr\/wp-content\/uploads\/2023\/10\/5c7811f2441e07973396ef469089e39c.jpg","keywords":["accus\u00e9s","Complot contre l'Etat","d\u00e9tenus","lib\u00e9ration"],"articleSection":["National"],"inLanguage":"fr-FR"},{"@type":"WebPage","@id":"https:\/\/www.webdo.tn\/fr\/actualite\/national\/demandes-de-liberation-rejetees-pour-les-detenus-accuses-de-complot-contre-l-etat\/209746\/","url":"https:\/\/www.webdo.tn\/fr\/actualite\/national\/demandes-de-liberation-rejetees-pour-les-detenus-accuses-de-complot-contre-l-etat\/209746\/","name":"Demandes de lib\u00e9ration rejet\u00e9es pour les d\u00e9tenus accus\u00e9s de complot contre l'Etat","isPartOf":{"@id":"https:\/\/www.webdo.tn\/fr\/#website"},"primaryImageOfPage":{"@id":"https:\/\/www.webdo.tn\/fr\/actualite\/national\/demandes-de-liberation-rejetees-pour-les-detenus-accuses-de-complot-contre-l-etat\/209746\/#primaryimage"},"image":{"@id":"https:\/\/www.webdo.tn\/fr\/actualite\/national\/demandes-de-liberation-rejetees-pour-les-detenus-accuses-de-complot-contre-l-etat\/209746\/#primaryimage"},"thumbnailUrl":"https:\/\/www.webdo.tn\/fr\/wp-content\/uploads\/2023\/10\/5c7811f2441e07973396ef469089e39c.jpg","datePublished":"2023-10-30T15:40:00+00:00","dateModified":"2025-05-20T21:56:16+00:00","description":"Les demandes de lib\u00e9ration des accus\u00e9s, d\u00e9tenus dans le cadre de l'affaire du complot contre l\u2019Etat ont \u00e9t\u00e9 rejet\u00e9es.","breadcrumb":{"@id":"https:\/\/www.webdo.tn\/fr\/actualite\/national\/demandes-de-liberation-rejetees-pour-les-detenus-accuses-de-complot-contre-l-etat\/209746\/#breadcrumb"},"inLanguage":"fr-FR","potentialAction":[{"@type":"ReadAction","target":["https:\/\/www.webdo.tn\/fr\/actualite\/national\/demandes-de-liberation-rejetees-pour-les-detenus-accuses-de-complot-contre-l-etat\/209746\/"]}]},{"@type":"ImageObject","inLanguage":"fr-FR","@id":"https:\/\/www.webdo.tn\/fr\/actualite\/national\/demandes-de-liberation-rejetees-pour-les-detenus-accuses-de-complot-contre-l-etat\/209746\/#primaryimage","url":"https:\/\/www.webdo.tn\/fr\/wp-content\/uploads\/2023\/10\/5c7811f2441e07973396ef469089e39c.jpg","contentUrl":"https:\/\/www.webdo.tn\/fr\/wp-content\/uploads\/2023\/10\/5c7811f2441e07973396ef469089e39c.jpg","width":650,"height":347,"caption":"Demandes de lib\u00e9ration rejet\u00e9es pour les d\u00e9tenus accus\u00e9s de complot contre l'Etat"},{"@type":"BreadcrumbList","@id":"https:\/\/www.webdo.tn\/fr\/actualite\/national\/demandes-de-liberation-rejetees-pour-les-detenus-accuses-de-complot-contre-l-etat\/209746\/#breadcrumb","itemListElement":[{"@type":"ListItem","position":1,"name":"Accueil","item":"https:\/\/www.webdo.tn\/fr\/"},{"@type":"ListItem","position":2,"name":"Demandes de lib\u00e9ration rejet\u00e9es pour les d\u00e9tenus accus\u00e9s de complot contre l&#8217;Etat"}]},{"@type":"WebSite","@id":"https:\/\/www.webdo.tn\/fr\/#website","url":"https:\/\/www.webdo.tn\/fr\/","name":"webdo","description":"Tunisie - News en Tunisie et \u00e0 l&#039;international sur Webdo.tn","publisher":{"@id":"https:\/\/www.webdo.tn\/fr\/#organization"},"potentialAction":[{"@type":"SearchAction","target":{"@type":"EntryPoint","urlTemplate":"https:\/\/www.webdo.tn\/fr\/?s={search_term_string}"},"query-input":{"@type":"PropertyValueSpecification","valueRequired":true,"valueName":"search_term_string"}}],"inLanguage":"fr-FR"},{"@type":"Organization","@id":"https:\/\/www.webdo.tn\/fr\/#organization","name":"Webdo","alternateName":"Webdo.tn","url":"https:\/\/www.webdo.tn\/fr\/","logo":{"@type":"ImageObject","inLanguage":"fr-FR","@id":"https:\/\/www.webdo.tn\/fr\/#\/schema\/logo\/image\/","url":"https:\/\/www.webdo.tn\/fr\/wp-content\/uploads\/2025\/06\/Webdo-Tunisie_168377.jpg","contentUrl":"https:\/\/www.webdo.tn\/fr\/wp-content\/uploads\/2025\/06\/Webdo-Tunisie_168377.jpg","width":301,"height":301,"caption":"Webdo"},"image":{"@id":"https:\/\/www.webdo.tn\/fr\/#\/schema\/logo\/image\/"},"sameAs":["https:\/\/www.facebook.com\/webdotn","https:\/\/x.com\/webdo_tn"],"description":"Webdo est un m\u00e9dia num\u00e9rique tunisien fond\u00e9 en 2010, sp\u00e9cialis\u00e9 dans l\u2019actualit\u00e9 nationale et internationale, l\u2019\u00e9conomie, la soci\u00e9t\u00e9 et les analyses politiques. Le site s\u2019adresse \u00e0 un large public francophone et couvre l\u2019information tunisienne en temps r\u00e9el.","email":"redac@webdo.tn","legalName":"YNJ SARL","foundingDate":"2010-09-06","numberOfEmployees":{"@type":"QuantitativeValue","minValue":"11","maxValue":"50"}},{"@type":"Person","@id":"https:\/\/www.webdo.tn\/fr\/#\/schema\/person\/2c4929cbf5a809e3bd38617c6ce150f6","name":"MC","image":{"@type":"ImageObject","inLanguage":"fr-FR","@id":"https:\/\/secure.gravatar.com\/avatar\/a545bbb6f84efdd5553dbbc2895e3ca8f1d12c5215e00a041c9670b54aa9b18a?s=96&d=mm&r=g","url":"https:\/\/secure.gravatar.com\/avatar\/a545bbb6f84efdd5553dbbc2895e3ca8f1d12c5215e00a041c9670b54aa9b18a?s=96&d=mm&r=g","contentUrl":"https:\/\/secure.gravatar.com\/avatar\/a545bbb6f84efdd5553dbbc2895e3ca8f1d12c5215e00a041c9670b54aa9b18a?s=96&d=mm&r=g","caption":"MC"},"url":"https:\/\/www.webdo.tn\/fr\/actualite\/author\/mc\/"}]}},"_links":{"self":[{"href":"https:\/\/www.webdo.tn\/fr\/wp-json\/wp\/v2\/posts\/209746","targetHints":{"allow":["GET"]}}],"collection":[{"href":"https:\/\/www.webdo.tn\/fr\/wp-json\/wp\/v2\/posts"}],"about":[{"href":"https:\/\/www.webdo.tn\/fr\/wp-json\/wp\/v2\/types\/post"}],"author":[{"embeddable":true,"href":"https:\/\/www.webdo.tn\/fr\/wp-json\/wp\/v2\/users\/3162"}],"replies":[{"embeddable":true,"href":"https:\/\/www.webdo.tn\/fr\/wp-json\/wp\/v2\/comments?post=209746"}],"version-history":[{"count":0,"href":"https:\/\/www.webdo.tn\/fr\/wp-json\/wp\/v2\/posts\/209746\/revisions"}],"wp:featuredmedia":[{"embeddable":true,"href":"https:\/\/www.webdo.tn\/fr\/wp-json\/wp\/v2\/media\/248925"}],"wp:attachment":[{"href":"https:\/\/www.webdo.tn\/fr\/wp-json\/wp\/v2\/media?parent=209746"}],"wp:term":[{"taxonomy":"category","embeddable":true,"href":"https:\/\/www.webdo.tn\/fr\/wp-json\/wp\/v2\/categories?post=209746"},{"taxonomy":"post_tag","embeddable":true,"href":"https:\/\/www.webdo.tn\/fr\/wp-json\/wp\/v2\/tags?post=209746"}],"curies":[{"name":"wp","href":"https:\/\/api.w.org\/{rel}","templated":true}]}}