{"id":209744,"date":"2023-10-30T14:49:00","date_gmt":"2023-10-30T14:49:00","guid":{"rendered":"https:\/\/www.webdo.tn\/fr\/blog\/justin-trudeau-pris-a-parti-par-des-manifestants-tu-as-du-sang-sur-les-mains\/209744\/"},"modified":"2025-05-20T21:56:14","modified_gmt":"2025-05-20T21:56:14","slug":"justin-trudeau-pris-a-parti-par-des-manifestants-tu-as-du-sang-sur-les-mains","status":"publish","type":"post","link":"https:\/\/www.webdo.tn\/fr\/actualite\/international\/justin-trudeau-pris-a-parti-par-des-manifestants-tu-as-du-sang-sur-les-mains\/209744\/","title":{"rendered":"Justin Trudeau pris \u00e0 parti par des manifestants : \u00ab\u00a0Tu as du sang sur les mains\u00a0\u00bb"},"content":{"rendered":"<p>Des manifestants ont bloqu\u00e9, vendredi 27 octobre 2023, \u00e0 Montr\u00e9al le convoi du Premier ministre canadien Justin Trudeau, l&rsquo;accusant de complicit\u00e9 avec les crimes isra\u00e9liens \u00e0 Gaza.<\/p>\n<p>\t\t\t\t\t\t\t\t\tLe Premier ministre canadien Justin Trudeau a fait face \u00e0 une vive opposition \u00e0 Montr\u00e9al alors que pr\u00e8s d&rsquo;une douzaine de manifestants pro-palestiniens l&rsquo;ont accus\u00e9 de complicit\u00e9 dans les crimes isra\u00e9lienne perp\u00e9tr\u00e9s \u00e0 Gaza.<\/p>\n<p>\u00ab\u00a0Tu as du sang sur les mains, Justin (Trudeau). Honte \u00e0 toi\u00a0\u00bb tandis que d&rsquo;autres se joignaient \u00e0 eux en scandant \u00ab\u00a0honte\u00a0\u00bb et en huant le Premier ministre.<\/p>\n<p>Une r\u00e9action issue du vote, le 27 octobre, \u00e0 l&rsquo;Assembl\u00e9e g\u00e9n\u00e9rale des Nations Unies, qui a massivement soutenu une r\u00e9solution jordanienne pr\u00f4nant une \u00ab\u00a0tr\u00eave humanitaire\u00a0\u00bb \u00e0 Gaza. Le Canada s&rsquo;est abstenu lors du processus de vote.<\/p>\n<p>        Voir cette publication sur Instagram            Une publication partag\u00e9e par Dawn Today (@dawn.today)<\/p>\n","protected":false},"excerpt":{"rendered":"<p>Le Premier ministre canadien Justin Trudeau pros \u00e0 parti par des manifestants pro-palestiniens.<\/p>\n","protected":false},"author":3162,"featured_media":248921,"comment_status":"open","ping_status":"closed","sticky":false,"template":"","format":"standard","meta":{"footnotes":""},"categories":[2598],"tags":[4598,2689,2636,4480],"class_list":["post-209744","post","type-post","status-publish","format-standard","has-post-thumbnail","hentry","category-international","tag-canada","tag-gaza","tag-israel","tag-justin-trudeau"],"yoast_head":"<!-- This site is optimized with the Yoast SEO Premium plugin v27.5 (Yoast SEO v27.5) - https:\/\/yoast.com\/product\/yoast-seo-premium-wordpress\/ -->\n<title>Justin Trudeau pris \u00e0 parti par des manifestants : Tu as du sang sur les mains<\/title>\n<meta name=\"description\" content=\"Le Premier ministre canadien Justin Trudeau pros \u00e0 parti par des manifestants pro-palestiniens.\" \/>\n<link rel=\"canonical\" href=\"https:\/\/www.webdo.tn\/fr\/actualite\/international\/justin-trudeau-pris-a-parti-par-des-manifestants-tu-as-du-sang-sur-les-mains\/209744\/\" \/>\n<meta property=\"og:locale\" content=\"fr_FR\" \/>\n<meta property=\"og:type\" content=\"article\" \/>\n<meta property=\"og:title\" content=\"Justin Trudeau pris \u00e0 parti par des manifestants : &quot;Tu as du sang sur les mains&quot;\" \/>\n<meta property=\"og:description\" content=\"Le Premier ministre canadien Justin Trudeau pros \u00e0 parti par des manifestants pro-palestiniens.\" \/>\n<meta property=\"og:url\" content=\"https:\/\/www.webdo.tn\/fr\/actualite\/international\/justin-trudeau-pris-a-parti-par-des-manifestants-tu-as-du-sang-sur-les-mains\/209744\/\" \/>\n<meta property=\"og:site_name\" content=\"webdo\" \/>\n<meta property=\"article:publisher\" content=\"https:\/\/www.facebook.com\/webdotn\" \/>\n<meta property=\"article:published_time\" content=\"2023-10-30T14:49:00+00:00\" \/>\n<meta property=\"article:modified_time\" content=\"2025-05-20T21:56:14+00:00\" \/>\n<meta property=\"og:image\" content=\"https:\/\/www.webdo.tn\/fr\/wp-content\/uploads\/2023\/10\/338a78b424643cfd0e3ab12fecb0f599.png\" \/>\n\t<meta property=\"og:image:width\" content=\"750\" \/>\n\t<meta property=\"og:image:height\" content=\"400\" \/>\n\t<meta property=\"og:image:type\" content=\"image\/png\" \/>\n<meta name=\"author\" content=\"MC\" \/>\n<meta name=\"twitter:card\" content=\"summary_large_image\" \/>\n<meta name=\"twitter:creator\" content=\"@webdo_tn\" \/>\n<meta name=\"twitter:site\" content=\"@webdo_tn\" \/>\n<meta name=\"twitter:label1\" content=\"\u00c9crit par\" \/>\n\t<meta name=\"twitter:data1\" content=\"MC\" \/>\n\t<meta name=\"twitter:label2\" content=\"Dur\u00e9e de lecture estim\u00e9e\" \/>\n\t<meta name=\"twitter:data2\" content=\"1 minute\" \/>\n<script type=\"application\/ld+json\" class=\"yoast-schema-graph\">{\"@context\":\"https:\\\/\\\/schema.org\",\"@graph\":[{\"@type\":\"NewsArticle\",\"@id\":\"https:\\\/\\\/www.webdo.tn\\\/fr\\\/actualite\\\/international\\\/justin-trudeau-pris-a-parti-par-des-manifestants-tu-as-du-sang-sur-les-mains\\\/209744\\\/#article\",\"isPartOf\":{\"@id\":\"https:\\\/\\\/www.webdo.tn\\\/fr\\\/actualite\\\/international\\\/justin-trudeau-pris-a-parti-par-des-manifestants-tu-as-du-sang-sur-les-mains\\\/209744\\\/\"},\"author\":{\"name\":\"MC\",\"@id\":\"https:\\\/\\\/www.webdo.tn\\\/fr\\\/#\\\/schema\\\/person\\\/2c4929cbf5a809e3bd38617c6ce150f6\"},\"headline\":\"Justin Trudeau pris \u00e0 parti par des manifestants : \u00ab\u00a0Tu as du sang sur les mains\u00a0\u00bb\",\"datePublished\":\"2023-10-30T14:49:00+00:00\",\"dateModified\":\"2025-05-20T21:56:14+00:00\",\"mainEntityOfPage\":{\"@id\":\"https:\\\/\\\/www.webdo.tn\\\/fr\\\/actualite\\\/international\\\/justin-trudeau-pris-a-parti-par-des-manifestants-tu-as-du-sang-sur-les-mains\\\/209744\\\/\"},\"wordCount\":161,\"commentCount\":0,\"publisher\":{\"@id\":\"https:\\\/\\\/www.webdo.tn\\\/fr\\\/#organization\"},\"image\":{\"@id\":\"https:\\\/\\\/www.webdo.tn\\\/fr\\\/actualite\\\/international\\\/justin-trudeau-pris-a-parti-par-des-manifestants-tu-as-du-sang-sur-les-mains\\\/209744\\\/#primaryimage\"},\"thumbnailUrl\":\"https:\\\/\\\/www.webdo.tn\\\/fr\\\/wp-content\\\/uploads\\\/2023\\\/10\\\/338a78b424643cfd0e3ab12fecb0f599.png\",\"keywords\":[\"canada\",\"Gaza\",\"isra\u00ebl\",\"Justin Trudeau\"],\"articleSection\":[\"International\"],\"inLanguage\":\"fr-FR\"},{\"@type\":\"WebPage\",\"@id\":\"https:\\\/\\\/www.webdo.tn\\\/fr\\\/actualite\\\/international\\\/justin-trudeau-pris-a-parti-par-des-manifestants-tu-as-du-sang-sur-les-mains\\\/209744\\\/\",\"url\":\"https:\\\/\\\/www.webdo.tn\\\/fr\\\/actualite\\\/international\\\/justin-trudeau-pris-a-parti-par-des-manifestants-tu-as-du-sang-sur-les-mains\\\/209744\\\/\",\"name\":\"Justin Trudeau pris \u00e0 parti par des manifestants : Tu as du sang sur les mains\",\"isPartOf\":{\"@id\":\"https:\\\/\\\/www.webdo.tn\\\/fr\\\/#website\"},\"primaryImageOfPage\":{\"@id\":\"https:\\\/\\\/www.webdo.tn\\\/fr\\\/actualite\\\/international\\\/justin-trudeau-pris-a-parti-par-des-manifestants-tu-as-du-sang-sur-les-mains\\\/209744\\\/#primaryimage\"},\"image\":{\"@id\":\"https:\\\/\\\/www.webdo.tn\\\/fr\\\/actualite\\\/international\\\/justin-trudeau-pris-a-parti-par-des-manifestants-tu-as-du-sang-sur-les-mains\\\/209744\\\/#primaryimage\"},\"thumbnailUrl\":\"https:\\\/\\\/www.webdo.tn\\\/fr\\\/wp-content\\\/uploads\\\/2023\\\/10\\\/338a78b424643cfd0e3ab12fecb0f599.png\",\"datePublished\":\"2023-10-30T14:49:00+00:00\",\"dateModified\":\"2025-05-20T21:56:14+00:00\",\"description\":\"Le Premier ministre canadien Justin Trudeau pros \u00e0 parti par des manifestants pro-palestiniens.\",\"breadcrumb\":{\"@id\":\"https:\\\/\\\/www.webdo.tn\\\/fr\\\/actualite\\\/international\\\/justin-trudeau-pris-a-parti-par-des-manifestants-tu-as-du-sang-sur-les-mains\\\/209744\\\/#breadcrumb\"},\"inLanguage\":\"fr-FR\",\"potentialAction\":[{\"@type\":\"ReadAction\",\"target\":[\"https:\\\/\\\/www.webdo.tn\\\/fr\\\/actualite\\\/international\\\/justin-trudeau-pris-a-parti-par-des-manifestants-tu-as-du-sang-sur-les-mains\\\/209744\\\/\"]}]},{\"@type\":\"ImageObject\",\"inLanguage\":\"fr-FR\",\"@id\":\"https:\\\/\\\/www.webdo.tn\\\/fr\\\/actualite\\\/international\\\/justin-trudeau-pris-a-parti-par-des-manifestants-tu-as-du-sang-sur-les-mains\\\/209744\\\/#primaryimage\",\"url\":\"https:\\\/\\\/www.webdo.tn\\\/fr\\\/wp-content\\\/uploads\\\/2023\\\/10\\\/338a78b424643cfd0e3ab12fecb0f599.png\",\"contentUrl\":\"https:\\\/\\\/www.webdo.tn\\\/fr\\\/wp-content\\\/uploads\\\/2023\\\/10\\\/338a78b424643cfd0e3ab12fecb0f599.png\",\"width\":750,\"height\":400,\"caption\":\"Justin Trudeau pris \u00e0 parti par des manifestants : \\\"Tu as du sang sur les mains\\\"\"},{\"@type\":\"BreadcrumbList\",\"@id\":\"https:\\\/\\\/www.webdo.tn\\\/fr\\\/actualite\\\/international\\\/justin-trudeau-pris-a-parti-par-des-manifestants-tu-as-du-sang-sur-les-mains\\\/209744\\\/#breadcrumb\",\"itemListElement\":[{\"@type\":\"ListItem\",\"position\":1,\"name\":\"Accueil\",\"item\":\"https:\\\/\\\/www.webdo.tn\\\/fr\\\/\"},{\"@type\":\"ListItem\",\"position\":2,\"name\":\"Justin Trudeau pris \u00e0 parti par des manifestants : \u00ab\u00a0Tu as du sang sur les mains\u00a0\u00bb\"}]},{\"@type\":\"WebSite\",\"@id\":\"https:\\\/\\\/www.webdo.tn\\\/fr\\\/#website\",\"url\":\"https:\\\/\\\/www.webdo.tn\\\/fr\\\/\",\"name\":\"webdo\",\"description\":\"Tunisie - News en Tunisie et \u00e0 l&#039;international sur Webdo.tn\",\"publisher\":{\"@id\":\"https:\\\/\\\/www.webdo.tn\\\/fr\\\/#organization\"},\"potentialAction\":[{\"@type\":\"SearchAction\",\"target\":{\"@type\":\"EntryPoint\",\"urlTemplate\":\"https:\\\/\\\/www.webdo.tn\\\/fr\\\/?s={search_term_string}\"},\"query-input\":{\"@type\":\"PropertyValueSpecification\",\"valueRequired\":true,\"valueName\":\"search_term_string\"}}],\"inLanguage\":\"fr-FR\"},{\"@type\":\"Organization\",\"@id\":\"https:\\\/\\\/www.webdo.tn\\\/fr\\\/#organization\",\"name\":\"Webdo\",\"alternateName\":\"Webdo.tn\",\"url\":\"https:\\\/\\\/www.webdo.tn\\\/fr\\\/\",\"logo\":{\"@type\":\"ImageObject\",\"inLanguage\":\"fr-FR\",\"@id\":\"https:\\\/\\\/www.webdo.tn\\\/fr\\\/#\\\/schema\\\/logo\\\/image\\\/\",\"url\":\"https:\\\/\\\/www.webdo.tn\\\/fr\\\/wp-content\\\/uploads\\\/2025\\\/06\\\/Webdo-Tunisie_168377.jpg\",\"contentUrl\":\"https:\\\/\\\/www.webdo.tn\\\/fr\\\/wp-content\\\/uploads\\\/2025\\\/06\\\/Webdo-Tunisie_168377.jpg\",\"width\":301,\"height\":301,\"caption\":\"Webdo\"},\"image\":{\"@id\":\"https:\\\/\\\/www.webdo.tn\\\/fr\\\/#\\\/schema\\\/logo\\\/image\\\/\"},\"sameAs\":[\"https:\\\/\\\/www.facebook.com\\\/webdotn\",\"https:\\\/\\\/x.com\\\/webdo_tn\"],\"description\":\"Webdo est un m\u00e9dia num\u00e9rique tunisien fond\u00e9 en 2010, sp\u00e9cialis\u00e9 dans l\u2019actualit\u00e9 nationale et internationale, l\u2019\u00e9conomie, la soci\u00e9t\u00e9 et les analyses politiques. Le site s\u2019adresse \u00e0 un large public francophone et couvre l\u2019information tunisienne en temps r\u00e9el.\",\"email\":\"redac@webdo.tn\",\"legalName\":\"YNJ SARL\",\"foundingDate\":\"2010-09-06\",\"numberOfEmployees\":{\"@type\":\"QuantitativeValue\",\"minValue\":\"11\",\"maxValue\":\"50\"}},{\"@type\":\"Person\",\"@id\":\"https:\\\/\\\/www.webdo.tn\\\/fr\\\/#\\\/schema\\\/person\\\/2c4929cbf5a809e3bd38617c6ce150f6\",\"name\":\"MC\",\"image\":{\"@type\":\"ImageObject\",\"inLanguage\":\"fr-FR\",\"@id\":\"https:\\\/\\\/secure.gravatar.com\\\/avatar\\\/a545bbb6f84efdd5553dbbc2895e3ca8f1d12c5215e00a041c9670b54aa9b18a?s=96&d=mm&r=g\",\"url\":\"https:\\\/\\\/secure.gravatar.com\\\/avatar\\\/a545bbb6f84efdd5553dbbc2895e3ca8f1d12c5215e00a041c9670b54aa9b18a?s=96&d=mm&r=g\",\"contentUrl\":\"https:\\\/\\\/secure.gravatar.com\\\/avatar\\\/a545bbb6f84efdd5553dbbc2895e3ca8f1d12c5215e00a041c9670b54aa9b18a?s=96&d=mm&r=g\",\"caption\":\"MC\"},\"url\":\"https:\\\/\\\/www.webdo.tn\\\/fr\\\/actualite\\\/author\\\/mc\\\/\"}]}<\/script>\n<!-- \/ Yoast SEO Premium plugin. -->","yoast_head_json":{"title":"Justin Trudeau pris \u00e0 parti par des manifestants : Tu as du sang sur les mains","description":"Le Premier ministre canadien Justin Trudeau pros \u00e0 parti par des manifestants pro-palestiniens.","canonical":"https:\/\/www.webdo.tn\/fr\/actualite\/international\/justin-trudeau-pris-a-parti-par-des-manifestants-tu-as-du-sang-sur-les-mains\/209744\/","og_locale":"fr_FR","og_type":"article","og_title":"Justin Trudeau pris \u00e0 parti par des manifestants : \"Tu as du sang sur les mains\"","og_description":"Le Premier ministre canadien Justin Trudeau pros \u00e0 parti par des manifestants pro-palestiniens.","og_url":"https:\/\/www.webdo.tn\/fr\/actualite\/international\/justin-trudeau-pris-a-parti-par-des-manifestants-tu-as-du-sang-sur-les-mains\/209744\/","og_site_name":"webdo","article_publisher":"https:\/\/www.facebook.com\/webdotn","article_published_time":"2023-10-30T14:49:00+00:00","article_modified_time":"2025-05-20T21:56:14+00:00","og_image":[{"width":750,"height":400,"url":"https:\/\/www.webdo.tn\/fr\/wp-content\/uploads\/2023\/10\/338a78b424643cfd0e3ab12fecb0f599.png","type":"image\/png"}],"author":"MC","twitter_card":"summary_large_image","twitter_creator":"@webdo_tn","twitter_site":"@webdo_tn","twitter_misc":{"\u00c9crit par":"MC","Dur\u00e9e de lecture estim\u00e9e":"1 minute"},"schema":{"@context":"https:\/\/schema.org","@graph":[{"@type":"NewsArticle","@id":"https:\/\/www.webdo.tn\/fr\/actualite\/international\/justin-trudeau-pris-a-parti-par-des-manifestants-tu-as-du-sang-sur-les-mains\/209744\/#article","isPartOf":{"@id":"https:\/\/www.webdo.tn\/fr\/actualite\/international\/justin-trudeau-pris-a-parti-par-des-manifestants-tu-as-du-sang-sur-les-mains\/209744\/"},"author":{"name":"MC","@id":"https:\/\/www.webdo.tn\/fr\/#\/schema\/person\/2c4929cbf5a809e3bd38617c6ce150f6"},"headline":"Justin Trudeau pris \u00e0 parti par des manifestants : \u00ab\u00a0Tu as du sang sur les mains\u00a0\u00bb","datePublished":"2023-10-30T14:49:00+00:00","dateModified":"2025-05-20T21:56:14+00:00","mainEntityOfPage":{"@id":"https:\/\/www.webdo.tn\/fr\/actualite\/international\/justin-trudeau-pris-a-parti-par-des-manifestants-tu-as-du-sang-sur-les-mains\/209744\/"},"wordCount":161,"commentCount":0,"publisher":{"@id":"https:\/\/www.webdo.tn\/fr\/#organization"},"image":{"@id":"https:\/\/www.webdo.tn\/fr\/actualite\/international\/justin-trudeau-pris-a-parti-par-des-manifestants-tu-as-du-sang-sur-les-mains\/209744\/#primaryimage"},"thumbnailUrl":"https:\/\/www.webdo.tn\/fr\/wp-content\/uploads\/2023\/10\/338a78b424643cfd0e3ab12fecb0f599.png","keywords":["canada","Gaza","isra\u00ebl","Justin Trudeau"],"articleSection":["International"],"inLanguage":"fr-FR"},{"@type":"WebPage","@id":"https:\/\/www.webdo.tn\/fr\/actualite\/international\/justin-trudeau-pris-a-parti-par-des-manifestants-tu-as-du-sang-sur-les-mains\/209744\/","url":"https:\/\/www.webdo.tn\/fr\/actualite\/international\/justin-trudeau-pris-a-parti-par-des-manifestants-tu-as-du-sang-sur-les-mains\/209744\/","name":"Justin Trudeau pris \u00e0 parti par des manifestants : Tu as du sang sur les mains","isPartOf":{"@id":"https:\/\/www.webdo.tn\/fr\/#website"},"primaryImageOfPage":{"@id":"https:\/\/www.webdo.tn\/fr\/actualite\/international\/justin-trudeau-pris-a-parti-par-des-manifestants-tu-as-du-sang-sur-les-mains\/209744\/#primaryimage"},"image":{"@id":"https:\/\/www.webdo.tn\/fr\/actualite\/international\/justin-trudeau-pris-a-parti-par-des-manifestants-tu-as-du-sang-sur-les-mains\/209744\/#primaryimage"},"thumbnailUrl":"https:\/\/www.webdo.tn\/fr\/wp-content\/uploads\/2023\/10\/338a78b424643cfd0e3ab12fecb0f599.png","datePublished":"2023-10-30T14:49:00+00:00","dateModified":"2025-05-20T21:56:14+00:00","description":"Le Premier ministre canadien Justin Trudeau pros \u00e0 parti par des manifestants pro-palestiniens.","breadcrumb":{"@id":"https:\/\/www.webdo.tn\/fr\/actualite\/international\/justin-trudeau-pris-a-parti-par-des-manifestants-tu-as-du-sang-sur-les-mains\/209744\/#breadcrumb"},"inLanguage":"fr-FR","potentialAction":[{"@type":"ReadAction","target":["https:\/\/www.webdo.tn\/fr\/actualite\/international\/justin-trudeau-pris-a-parti-par-des-manifestants-tu-as-du-sang-sur-les-mains\/209744\/"]}]},{"@type":"ImageObject","inLanguage":"fr-FR","@id":"https:\/\/www.webdo.tn\/fr\/actualite\/international\/justin-trudeau-pris-a-parti-par-des-manifestants-tu-as-du-sang-sur-les-mains\/209744\/#primaryimage","url":"https:\/\/www.webdo.tn\/fr\/wp-content\/uploads\/2023\/10\/338a78b424643cfd0e3ab12fecb0f599.png","contentUrl":"https:\/\/www.webdo.tn\/fr\/wp-content\/uploads\/2023\/10\/338a78b424643cfd0e3ab12fecb0f599.png","width":750,"height":400,"caption":"Justin Trudeau pris \u00e0 parti par des manifestants : \"Tu as du sang sur les mains\""},{"@type":"BreadcrumbList","@id":"https:\/\/www.webdo.tn\/fr\/actualite\/international\/justin-trudeau-pris-a-parti-par-des-manifestants-tu-as-du-sang-sur-les-mains\/209744\/#breadcrumb","itemListElement":[{"@type":"ListItem","position":1,"name":"Accueil","item":"https:\/\/www.webdo.tn\/fr\/"},{"@type":"ListItem","position":2,"name":"Justin Trudeau pris \u00e0 parti par des manifestants : \u00ab\u00a0Tu as du sang sur les mains\u00a0\u00bb"}]},{"@type":"WebSite","@id":"https:\/\/www.webdo.tn\/fr\/#website","url":"https:\/\/www.webdo.tn\/fr\/","name":"webdo","description":"Tunisie - News en Tunisie et \u00e0 l&#039;international sur Webdo.tn","publisher":{"@id":"https:\/\/www.webdo.tn\/fr\/#organization"},"potentialAction":[{"@type":"SearchAction","target":{"@type":"EntryPoint","urlTemplate":"https:\/\/www.webdo.tn\/fr\/?s={search_term_string}"},"query-input":{"@type":"PropertyValueSpecification","valueRequired":true,"valueName":"search_term_string"}}],"inLanguage":"fr-FR"},{"@type":"Organization","@id":"https:\/\/www.webdo.tn\/fr\/#organization","name":"Webdo","alternateName":"Webdo.tn","url":"https:\/\/www.webdo.tn\/fr\/","logo":{"@type":"ImageObject","inLanguage":"fr-FR","@id":"https:\/\/www.webdo.tn\/fr\/#\/schema\/logo\/image\/","url":"https:\/\/www.webdo.tn\/fr\/wp-content\/uploads\/2025\/06\/Webdo-Tunisie_168377.jpg","contentUrl":"https:\/\/www.webdo.tn\/fr\/wp-content\/uploads\/2025\/06\/Webdo-Tunisie_168377.jpg","width":301,"height":301,"caption":"Webdo"},"image":{"@id":"https:\/\/www.webdo.tn\/fr\/#\/schema\/logo\/image\/"},"sameAs":["https:\/\/www.facebook.com\/webdotn","https:\/\/x.com\/webdo_tn"],"description":"Webdo est un m\u00e9dia num\u00e9rique tunisien fond\u00e9 en 2010, sp\u00e9cialis\u00e9 dans l\u2019actualit\u00e9 nationale et internationale, l\u2019\u00e9conomie, la soci\u00e9t\u00e9 et les analyses politiques. Le site s\u2019adresse \u00e0 un large public francophone et couvre l\u2019information tunisienne en temps r\u00e9el.","email":"redac@webdo.tn","legalName":"YNJ SARL","foundingDate":"2010-09-06","numberOfEmployees":{"@type":"QuantitativeValue","minValue":"11","maxValue":"50"}},{"@type":"Person","@id":"https:\/\/www.webdo.tn\/fr\/#\/schema\/person\/2c4929cbf5a809e3bd38617c6ce150f6","name":"MC","image":{"@type":"ImageObject","inLanguage":"fr-FR","@id":"https:\/\/secure.gravatar.com\/avatar\/a545bbb6f84efdd5553dbbc2895e3ca8f1d12c5215e00a041c9670b54aa9b18a?s=96&d=mm&r=g","url":"https:\/\/secure.gravatar.com\/avatar\/a545bbb6f84efdd5553dbbc2895e3ca8f1d12c5215e00a041c9670b54aa9b18a?s=96&d=mm&r=g","contentUrl":"https:\/\/secure.gravatar.com\/avatar\/a545bbb6f84efdd5553dbbc2895e3ca8f1d12c5215e00a041c9670b54aa9b18a?s=96&d=mm&r=g","caption":"MC"},"url":"https:\/\/www.webdo.tn\/fr\/actualite\/author\/mc\/"}]}},"_links":{"self":[{"href":"https:\/\/www.webdo.tn\/fr\/wp-json\/wp\/v2\/posts\/209744","targetHints":{"allow":["GET"]}}],"collection":[{"href":"https:\/\/www.webdo.tn\/fr\/wp-json\/wp\/v2\/posts"}],"about":[{"href":"https:\/\/www.webdo.tn\/fr\/wp-json\/wp\/v2\/types\/post"}],"author":[{"embeddable":true,"href":"https:\/\/www.webdo.tn\/fr\/wp-json\/wp\/v2\/users\/3162"}],"replies":[{"embeddable":true,"href":"https:\/\/www.webdo.tn\/fr\/wp-json\/wp\/v2\/comments?post=209744"}],"version-history":[{"count":0,"href":"https:\/\/www.webdo.tn\/fr\/wp-json\/wp\/v2\/posts\/209744\/revisions"}],"wp:featuredmedia":[{"embeddable":true,"href":"https:\/\/www.webdo.tn\/fr\/wp-json\/wp\/v2\/media\/248921"}],"wp:attachment":[{"href":"https:\/\/www.webdo.tn\/fr\/wp-json\/wp\/v2\/media?parent=209744"}],"wp:term":[{"taxonomy":"category","embeddable":true,"href":"https:\/\/www.webdo.tn\/fr\/wp-json\/wp\/v2\/categories?post=209744"},{"taxonomy":"post_tag","embeddable":true,"href":"https:\/\/www.webdo.tn\/fr\/wp-json\/wp\/v2\/tags?post=209744"}],"curies":[{"name":"wp","href":"https:\/\/api.w.org\/{rel}","templated":true}]}}