{"id":209741,"date":"2023-10-30T12:54:00","date_gmt":"2023-10-30T12:54:00","guid":{"rendered":"https:\/\/www.webdo.tn\/fr\/blog\/la-cour-d-appel-examine-l-affaire-rached-ghannouchi\/209741\/"},"modified":"2025-05-20T21:56:14","modified_gmt":"2025-05-20T21:56:14","slug":"la-cour-d-appel-examine-l-affaire-rached-ghannouchi","status":"publish","type":"post","link":"https:\/\/www.webdo.tn\/fr\/actualite\/national\/la-cour-d-appel-examine-l-affaire-rached-ghannouchi\/209741\/","title":{"rendered":"La cour d&rsquo;appel examine l\u2019affaire Rached Ghannouchi"},"content":{"rendered":"<p>La cour d&rsquo;appel de Tunis, sp\u00e9cialis\u00e9e dans les affaires de terrorisme, examine, ce lundi 30 octobre 2023, l&rsquo;examen de l&rsquo;affaire contre Rached Ghannouchi.<\/p>\n<p>\t\t\t\t\t\t\t\t\tLa cour d&rsquo;appel de Tunis, sp\u00e9cialis\u00e9e dans les affaires de terrorisme, examine, ce lundi 30 octobre 2023, l&rsquo;examen de l&rsquo;affaire contre Rached Ghannouchi.<\/p>\n<p>Accus\u00e9 d&rsquo;avoir qualifi\u00e9 les forces de s\u00e9curit\u00e9 de \u00ab\u00a0tyrans\u00a0\u00bb, le pr\u00e9sident d\u2019Ennahdha avait \u00e9t\u00e9 condamn\u00e9 \u00e0 un an de prison, en mai dernier par le tribunal de premi\u00e8re instance de Tunis pour glorification du terrorisme.<\/p>\n<p>Le dossier concerne en effet, une plainte d\u00e9pos\u00e9e par un syndicaliste de la s\u00e9curit\u00e9, qui accuse Rached Ghannouchi d&rsquo;avoir glorifi\u00e9 et lou\u00e9 le terrorisme lors des fun\u00e9railles d&rsquo;un des dirigeants du mouvement Ennahda. Le plaignant consid\u00e8re que l&rsquo;expression \u00ab\u00a0Taghout\u00a0\u00bb s&rsquo;adressait aux forces de l&rsquo;ordre.<\/p>\n<p>Le chef du mouvement Ennahda, est poursuivi dans 19 affaires.<\/p>\n","protected":false},"excerpt":{"rendered":"<p>La cour d&rsquo;appel de Tunis, sp\u00e9cialis\u00e9e dans les affaires de terrorisme, examine, ce lundi 30 octobre 2023, l&rsquo;examen de l&rsquo;affaire contre Rached Ghannouchi pour la&#8230;<\/p>\n","protected":false},"author":3162,"featured_media":248919,"comment_status":"open","ping_status":"closed","sticky":false,"template":"","format":"standard","meta":{"footnotes":""},"categories":[44],"tags":[5478,7650,5644,2845],"class_list":["post-209741","post","type-post","status-publish","format-standard","has-post-thumbnail","hentry","category-national","tag-cour-dappel","tag-glorification","tag-rached-ghannouchi","tag-terrorisme"],"yoast_head":"<!-- This site is optimized with the Yoast SEO Premium plugin v27.5 (Yoast SEO v27.5) - https:\/\/yoast.com\/product\/yoast-seo-premium-wordpress\/ -->\n<title>La cour d&#039;appel examine l\u2019affaire Rached Ghannouchi<\/title>\n<meta name=\"description\" content=\"La cour d&#039;appel de Tunis, sp\u00e9cialis\u00e9e dans les affaires de terrorisme, examine, ce lundi 30 octobre 2023, l&#039;examen de l&#039;affaire contre Rached Ghannouchi pour la...\" \/>\n<link rel=\"canonical\" href=\"https:\/\/www.webdo.tn\/fr\/actualite\/national\/la-cour-d-appel-examine-l-affaire-rached-ghannouchi\/209741\/\" \/>\n<meta property=\"og:locale\" content=\"fr_FR\" \/>\n<meta property=\"og:type\" content=\"article\" \/>\n<meta property=\"og:title\" content=\"La cour d&#039;appel examine l\u2019affaire Rached Ghannouchi\" \/>\n<meta property=\"og:description\" content=\"La cour d&#039;appel de Tunis, sp\u00e9cialis\u00e9e dans les affaires de terrorisme, examine, ce lundi 30 octobre 2023, l&#039;examen de l&#039;affaire contre Rached Ghannouchi pour la...\" \/>\n<meta property=\"og:url\" content=\"https:\/\/www.webdo.tn\/fr\/actualite\/national\/la-cour-d-appel-examine-l-affaire-rached-ghannouchi\/209741\/\" \/>\n<meta property=\"og:site_name\" content=\"webdo\" \/>\n<meta property=\"article:publisher\" content=\"https:\/\/www.facebook.com\/webdotn\" \/>\n<meta property=\"article:published_time\" content=\"2023-10-30T12:54:00+00:00\" \/>\n<meta property=\"article:modified_time\" content=\"2025-05-20T21:56:14+00:00\" \/>\n<meta property=\"og:image\" content=\"https:\/\/www.webdo.tn\/fr\/wp-content\/uploads\/2023\/10\/e10e165cad54a204ce8b49e61852f980.png\" \/>\n\t<meta property=\"og:image:width\" content=\"650\" \/>\n\t<meta property=\"og:image:height\" content=\"347\" \/>\n\t<meta property=\"og:image:type\" content=\"image\/png\" \/>\n<meta name=\"author\" content=\"MC\" \/>\n<meta name=\"twitter:card\" content=\"summary_large_image\" \/>\n<meta name=\"twitter:creator\" content=\"@webdo_tn\" \/>\n<meta name=\"twitter:site\" content=\"@webdo_tn\" \/>\n<meta name=\"twitter:label1\" content=\"\u00c9crit par\" \/>\n\t<meta name=\"twitter:data1\" content=\"MC\" \/>\n\t<meta name=\"twitter:label2\" content=\"Dur\u00e9e de lecture estim\u00e9e\" \/>\n\t<meta name=\"twitter:data2\" content=\"1 minute\" \/>\n<script type=\"application\/ld+json\" class=\"yoast-schema-graph\">{\"@context\":\"https:\\\/\\\/schema.org\",\"@graph\":[{\"@type\":\"NewsArticle\",\"@id\":\"https:\\\/\\\/www.webdo.tn\\\/fr\\\/actualite\\\/national\\\/la-cour-d-appel-examine-l-affaire-rached-ghannouchi\\\/209741\\\/#article\",\"isPartOf\":{\"@id\":\"https:\\\/\\\/www.webdo.tn\\\/fr\\\/actualite\\\/national\\\/la-cour-d-appel-examine-l-affaire-rached-ghannouchi\\\/209741\\\/\"},\"author\":{\"name\":\"MC\",\"@id\":\"https:\\\/\\\/www.webdo.tn\\\/fr\\\/#\\\/schema\\\/person\\\/2c4929cbf5a809e3bd38617c6ce150f6\"},\"headline\":\"La cour d&rsquo;appel examine l\u2019affaire Rached Ghannouchi\",\"datePublished\":\"2023-10-30T12:54:00+00:00\",\"dateModified\":\"2025-05-20T21:56:14+00:00\",\"mainEntityOfPage\":{\"@id\":\"https:\\\/\\\/www.webdo.tn\\\/fr\\\/actualite\\\/national\\\/la-cour-d-appel-examine-l-affaire-rached-ghannouchi\\\/209741\\\/\"},\"wordCount\":163,\"commentCount\":0,\"publisher\":{\"@id\":\"https:\\\/\\\/www.webdo.tn\\\/fr\\\/#organization\"},\"image\":{\"@id\":\"https:\\\/\\\/www.webdo.tn\\\/fr\\\/actualite\\\/national\\\/la-cour-d-appel-examine-l-affaire-rached-ghannouchi\\\/209741\\\/#primaryimage\"},\"thumbnailUrl\":\"https:\\\/\\\/www.webdo.tn\\\/fr\\\/wp-content\\\/uploads\\\/2023\\\/10\\\/e10e165cad54a204ce8b49e61852f980.png\",\"keywords\":[\"cour d'appel\",\"glorification\",\"Rached Ghannouchi\",\"Terrorisme\"],\"articleSection\":[\"National\"],\"inLanguage\":\"fr-FR\"},{\"@type\":\"WebPage\",\"@id\":\"https:\\\/\\\/www.webdo.tn\\\/fr\\\/actualite\\\/national\\\/la-cour-d-appel-examine-l-affaire-rached-ghannouchi\\\/209741\\\/\",\"url\":\"https:\\\/\\\/www.webdo.tn\\\/fr\\\/actualite\\\/national\\\/la-cour-d-appel-examine-l-affaire-rached-ghannouchi\\\/209741\\\/\",\"name\":\"La cour d'appel examine l\u2019affaire Rached Ghannouchi\",\"isPartOf\":{\"@id\":\"https:\\\/\\\/www.webdo.tn\\\/fr\\\/#website\"},\"primaryImageOfPage\":{\"@id\":\"https:\\\/\\\/www.webdo.tn\\\/fr\\\/actualite\\\/national\\\/la-cour-d-appel-examine-l-affaire-rached-ghannouchi\\\/209741\\\/#primaryimage\"},\"image\":{\"@id\":\"https:\\\/\\\/www.webdo.tn\\\/fr\\\/actualite\\\/national\\\/la-cour-d-appel-examine-l-affaire-rached-ghannouchi\\\/209741\\\/#primaryimage\"},\"thumbnailUrl\":\"https:\\\/\\\/www.webdo.tn\\\/fr\\\/wp-content\\\/uploads\\\/2023\\\/10\\\/e10e165cad54a204ce8b49e61852f980.png\",\"datePublished\":\"2023-10-30T12:54:00+00:00\",\"dateModified\":\"2025-05-20T21:56:14+00:00\",\"description\":\"La cour d'appel de Tunis, sp\u00e9cialis\u00e9e dans les affaires de terrorisme, examine, ce lundi 30 octobre 2023, l'examen de l'affaire contre Rached Ghannouchi pour la...\",\"breadcrumb\":{\"@id\":\"https:\\\/\\\/www.webdo.tn\\\/fr\\\/actualite\\\/national\\\/la-cour-d-appel-examine-l-affaire-rached-ghannouchi\\\/209741\\\/#breadcrumb\"},\"inLanguage\":\"fr-FR\",\"potentialAction\":[{\"@type\":\"ReadAction\",\"target\":[\"https:\\\/\\\/www.webdo.tn\\\/fr\\\/actualite\\\/national\\\/la-cour-d-appel-examine-l-affaire-rached-ghannouchi\\\/209741\\\/\"]}]},{\"@type\":\"ImageObject\",\"inLanguage\":\"fr-FR\",\"@id\":\"https:\\\/\\\/www.webdo.tn\\\/fr\\\/actualite\\\/national\\\/la-cour-d-appel-examine-l-affaire-rached-ghannouchi\\\/209741\\\/#primaryimage\",\"url\":\"https:\\\/\\\/www.webdo.tn\\\/fr\\\/wp-content\\\/uploads\\\/2023\\\/10\\\/e10e165cad54a204ce8b49e61852f980.png\",\"contentUrl\":\"https:\\\/\\\/www.webdo.tn\\\/fr\\\/wp-content\\\/uploads\\\/2023\\\/10\\\/e10e165cad54a204ce8b49e61852f980.png\",\"width\":650,\"height\":347,\"caption\":\"La cour d'appel examine l\u2019affaire Rached Ghannouchi\"},{\"@type\":\"BreadcrumbList\",\"@id\":\"https:\\\/\\\/www.webdo.tn\\\/fr\\\/actualite\\\/national\\\/la-cour-d-appel-examine-l-affaire-rached-ghannouchi\\\/209741\\\/#breadcrumb\",\"itemListElement\":[{\"@type\":\"ListItem\",\"position\":1,\"name\":\"Accueil\",\"item\":\"https:\\\/\\\/www.webdo.tn\\\/fr\\\/\"},{\"@type\":\"ListItem\",\"position\":2,\"name\":\"La cour d&#8217;appel examine l\u2019affaire Rached Ghannouchi\"}]},{\"@type\":\"WebSite\",\"@id\":\"https:\\\/\\\/www.webdo.tn\\\/fr\\\/#website\",\"url\":\"https:\\\/\\\/www.webdo.tn\\\/fr\\\/\",\"name\":\"webdo\",\"description\":\"Tunisie - News en Tunisie et \u00e0 l&#039;international sur Webdo.tn\",\"publisher\":{\"@id\":\"https:\\\/\\\/www.webdo.tn\\\/fr\\\/#organization\"},\"potentialAction\":[{\"@type\":\"SearchAction\",\"target\":{\"@type\":\"EntryPoint\",\"urlTemplate\":\"https:\\\/\\\/www.webdo.tn\\\/fr\\\/?s={search_term_string}\"},\"query-input\":{\"@type\":\"PropertyValueSpecification\",\"valueRequired\":true,\"valueName\":\"search_term_string\"}}],\"inLanguage\":\"fr-FR\"},{\"@type\":\"Organization\",\"@id\":\"https:\\\/\\\/www.webdo.tn\\\/fr\\\/#organization\",\"name\":\"Webdo\",\"alternateName\":\"Webdo.tn\",\"url\":\"https:\\\/\\\/www.webdo.tn\\\/fr\\\/\",\"logo\":{\"@type\":\"ImageObject\",\"inLanguage\":\"fr-FR\",\"@id\":\"https:\\\/\\\/www.webdo.tn\\\/fr\\\/#\\\/schema\\\/logo\\\/image\\\/\",\"url\":\"https:\\\/\\\/www.webdo.tn\\\/fr\\\/wp-content\\\/uploads\\\/2025\\\/06\\\/Webdo-Tunisie_168377.jpg\",\"contentUrl\":\"https:\\\/\\\/www.webdo.tn\\\/fr\\\/wp-content\\\/uploads\\\/2025\\\/06\\\/Webdo-Tunisie_168377.jpg\",\"width\":301,\"height\":301,\"caption\":\"Webdo\"},\"image\":{\"@id\":\"https:\\\/\\\/www.webdo.tn\\\/fr\\\/#\\\/schema\\\/logo\\\/image\\\/\"},\"sameAs\":[\"https:\\\/\\\/www.facebook.com\\\/webdotn\",\"https:\\\/\\\/x.com\\\/webdo_tn\"],\"description\":\"Webdo est un m\u00e9dia num\u00e9rique tunisien fond\u00e9 en 2010, sp\u00e9cialis\u00e9 dans l\u2019actualit\u00e9 nationale et internationale, l\u2019\u00e9conomie, la soci\u00e9t\u00e9 et les analyses politiques. Le site s\u2019adresse \u00e0 un large public francophone et couvre l\u2019information tunisienne en temps r\u00e9el.\",\"email\":\"redac@webdo.tn\",\"legalName\":\"YNJ SARL\",\"foundingDate\":\"2010-09-06\",\"numberOfEmployees\":{\"@type\":\"QuantitativeValue\",\"minValue\":\"11\",\"maxValue\":\"50\"}},{\"@type\":\"Person\",\"@id\":\"https:\\\/\\\/www.webdo.tn\\\/fr\\\/#\\\/schema\\\/person\\\/2c4929cbf5a809e3bd38617c6ce150f6\",\"name\":\"MC\",\"image\":{\"@type\":\"ImageObject\",\"inLanguage\":\"fr-FR\",\"@id\":\"https:\\\/\\\/secure.gravatar.com\\\/avatar\\\/a545bbb6f84efdd5553dbbc2895e3ca8f1d12c5215e00a041c9670b54aa9b18a?s=96&d=mm&r=g\",\"url\":\"https:\\\/\\\/secure.gravatar.com\\\/avatar\\\/a545bbb6f84efdd5553dbbc2895e3ca8f1d12c5215e00a041c9670b54aa9b18a?s=96&d=mm&r=g\",\"contentUrl\":\"https:\\\/\\\/secure.gravatar.com\\\/avatar\\\/a545bbb6f84efdd5553dbbc2895e3ca8f1d12c5215e00a041c9670b54aa9b18a?s=96&d=mm&r=g\",\"caption\":\"MC\"},\"url\":\"https:\\\/\\\/www.webdo.tn\\\/fr\\\/actualite\\\/author\\\/mc\\\/\"}]}<\/script>\n<!-- \/ Yoast SEO Premium plugin. -->","yoast_head_json":{"title":"La cour d'appel examine l\u2019affaire Rached Ghannouchi","description":"La cour d'appel de Tunis, sp\u00e9cialis\u00e9e dans les affaires de terrorisme, examine, ce lundi 30 octobre 2023, l'examen de l'affaire contre Rached Ghannouchi pour la...","canonical":"https:\/\/www.webdo.tn\/fr\/actualite\/national\/la-cour-d-appel-examine-l-affaire-rached-ghannouchi\/209741\/","og_locale":"fr_FR","og_type":"article","og_title":"La cour d'appel examine l\u2019affaire Rached Ghannouchi","og_description":"La cour d'appel de Tunis, sp\u00e9cialis\u00e9e dans les affaires de terrorisme, examine, ce lundi 30 octobre 2023, l'examen de l'affaire contre Rached Ghannouchi pour la...","og_url":"https:\/\/www.webdo.tn\/fr\/actualite\/national\/la-cour-d-appel-examine-l-affaire-rached-ghannouchi\/209741\/","og_site_name":"webdo","article_publisher":"https:\/\/www.facebook.com\/webdotn","article_published_time":"2023-10-30T12:54:00+00:00","article_modified_time":"2025-05-20T21:56:14+00:00","og_image":[{"width":650,"height":347,"url":"https:\/\/www.webdo.tn\/fr\/wp-content\/uploads\/2023\/10\/e10e165cad54a204ce8b49e61852f980.png","type":"image\/png"}],"author":"MC","twitter_card":"summary_large_image","twitter_creator":"@webdo_tn","twitter_site":"@webdo_tn","twitter_misc":{"\u00c9crit par":"MC","Dur\u00e9e de lecture estim\u00e9e":"1 minute"},"schema":{"@context":"https:\/\/schema.org","@graph":[{"@type":"NewsArticle","@id":"https:\/\/www.webdo.tn\/fr\/actualite\/national\/la-cour-d-appel-examine-l-affaire-rached-ghannouchi\/209741\/#article","isPartOf":{"@id":"https:\/\/www.webdo.tn\/fr\/actualite\/national\/la-cour-d-appel-examine-l-affaire-rached-ghannouchi\/209741\/"},"author":{"name":"MC","@id":"https:\/\/www.webdo.tn\/fr\/#\/schema\/person\/2c4929cbf5a809e3bd38617c6ce150f6"},"headline":"La cour d&rsquo;appel examine l\u2019affaire Rached Ghannouchi","datePublished":"2023-10-30T12:54:00+00:00","dateModified":"2025-05-20T21:56:14+00:00","mainEntityOfPage":{"@id":"https:\/\/www.webdo.tn\/fr\/actualite\/national\/la-cour-d-appel-examine-l-affaire-rached-ghannouchi\/209741\/"},"wordCount":163,"commentCount":0,"publisher":{"@id":"https:\/\/www.webdo.tn\/fr\/#organization"},"image":{"@id":"https:\/\/www.webdo.tn\/fr\/actualite\/national\/la-cour-d-appel-examine-l-affaire-rached-ghannouchi\/209741\/#primaryimage"},"thumbnailUrl":"https:\/\/www.webdo.tn\/fr\/wp-content\/uploads\/2023\/10\/e10e165cad54a204ce8b49e61852f980.png","keywords":["cour d'appel","glorification","Rached Ghannouchi","Terrorisme"],"articleSection":["National"],"inLanguage":"fr-FR"},{"@type":"WebPage","@id":"https:\/\/www.webdo.tn\/fr\/actualite\/national\/la-cour-d-appel-examine-l-affaire-rached-ghannouchi\/209741\/","url":"https:\/\/www.webdo.tn\/fr\/actualite\/national\/la-cour-d-appel-examine-l-affaire-rached-ghannouchi\/209741\/","name":"La cour d'appel examine l\u2019affaire Rached Ghannouchi","isPartOf":{"@id":"https:\/\/www.webdo.tn\/fr\/#website"},"primaryImageOfPage":{"@id":"https:\/\/www.webdo.tn\/fr\/actualite\/national\/la-cour-d-appel-examine-l-affaire-rached-ghannouchi\/209741\/#primaryimage"},"image":{"@id":"https:\/\/www.webdo.tn\/fr\/actualite\/national\/la-cour-d-appel-examine-l-affaire-rached-ghannouchi\/209741\/#primaryimage"},"thumbnailUrl":"https:\/\/www.webdo.tn\/fr\/wp-content\/uploads\/2023\/10\/e10e165cad54a204ce8b49e61852f980.png","datePublished":"2023-10-30T12:54:00+00:00","dateModified":"2025-05-20T21:56:14+00:00","description":"La cour d'appel de Tunis, sp\u00e9cialis\u00e9e dans les affaires de terrorisme, examine, ce lundi 30 octobre 2023, l'examen de l'affaire contre Rached Ghannouchi pour la...","breadcrumb":{"@id":"https:\/\/www.webdo.tn\/fr\/actualite\/national\/la-cour-d-appel-examine-l-affaire-rached-ghannouchi\/209741\/#breadcrumb"},"inLanguage":"fr-FR","potentialAction":[{"@type":"ReadAction","target":["https:\/\/www.webdo.tn\/fr\/actualite\/national\/la-cour-d-appel-examine-l-affaire-rached-ghannouchi\/209741\/"]}]},{"@type":"ImageObject","inLanguage":"fr-FR","@id":"https:\/\/www.webdo.tn\/fr\/actualite\/national\/la-cour-d-appel-examine-l-affaire-rached-ghannouchi\/209741\/#primaryimage","url":"https:\/\/www.webdo.tn\/fr\/wp-content\/uploads\/2023\/10\/e10e165cad54a204ce8b49e61852f980.png","contentUrl":"https:\/\/www.webdo.tn\/fr\/wp-content\/uploads\/2023\/10\/e10e165cad54a204ce8b49e61852f980.png","width":650,"height":347,"caption":"La cour d'appel examine l\u2019affaire Rached Ghannouchi"},{"@type":"BreadcrumbList","@id":"https:\/\/www.webdo.tn\/fr\/actualite\/national\/la-cour-d-appel-examine-l-affaire-rached-ghannouchi\/209741\/#breadcrumb","itemListElement":[{"@type":"ListItem","position":1,"name":"Accueil","item":"https:\/\/www.webdo.tn\/fr\/"},{"@type":"ListItem","position":2,"name":"La cour d&#8217;appel examine l\u2019affaire Rached Ghannouchi"}]},{"@type":"WebSite","@id":"https:\/\/www.webdo.tn\/fr\/#website","url":"https:\/\/www.webdo.tn\/fr\/","name":"webdo","description":"Tunisie - News en Tunisie et \u00e0 l&#039;international sur Webdo.tn","publisher":{"@id":"https:\/\/www.webdo.tn\/fr\/#organization"},"potentialAction":[{"@type":"SearchAction","target":{"@type":"EntryPoint","urlTemplate":"https:\/\/www.webdo.tn\/fr\/?s={search_term_string}"},"query-input":{"@type":"PropertyValueSpecification","valueRequired":true,"valueName":"search_term_string"}}],"inLanguage":"fr-FR"},{"@type":"Organization","@id":"https:\/\/www.webdo.tn\/fr\/#organization","name":"Webdo","alternateName":"Webdo.tn","url":"https:\/\/www.webdo.tn\/fr\/","logo":{"@type":"ImageObject","inLanguage":"fr-FR","@id":"https:\/\/www.webdo.tn\/fr\/#\/schema\/logo\/image\/","url":"https:\/\/www.webdo.tn\/fr\/wp-content\/uploads\/2025\/06\/Webdo-Tunisie_168377.jpg","contentUrl":"https:\/\/www.webdo.tn\/fr\/wp-content\/uploads\/2025\/06\/Webdo-Tunisie_168377.jpg","width":301,"height":301,"caption":"Webdo"},"image":{"@id":"https:\/\/www.webdo.tn\/fr\/#\/schema\/logo\/image\/"},"sameAs":["https:\/\/www.facebook.com\/webdotn","https:\/\/x.com\/webdo_tn"],"description":"Webdo est un m\u00e9dia num\u00e9rique tunisien fond\u00e9 en 2010, sp\u00e9cialis\u00e9 dans l\u2019actualit\u00e9 nationale et internationale, l\u2019\u00e9conomie, la soci\u00e9t\u00e9 et les analyses politiques. Le site s\u2019adresse \u00e0 un large public francophone et couvre l\u2019information tunisienne en temps r\u00e9el.","email":"redac@webdo.tn","legalName":"YNJ SARL","foundingDate":"2010-09-06","numberOfEmployees":{"@type":"QuantitativeValue","minValue":"11","maxValue":"50"}},{"@type":"Person","@id":"https:\/\/www.webdo.tn\/fr\/#\/schema\/person\/2c4929cbf5a809e3bd38617c6ce150f6","name":"MC","image":{"@type":"ImageObject","inLanguage":"fr-FR","@id":"https:\/\/secure.gravatar.com\/avatar\/a545bbb6f84efdd5553dbbc2895e3ca8f1d12c5215e00a041c9670b54aa9b18a?s=96&d=mm&r=g","url":"https:\/\/secure.gravatar.com\/avatar\/a545bbb6f84efdd5553dbbc2895e3ca8f1d12c5215e00a041c9670b54aa9b18a?s=96&d=mm&r=g","contentUrl":"https:\/\/secure.gravatar.com\/avatar\/a545bbb6f84efdd5553dbbc2895e3ca8f1d12c5215e00a041c9670b54aa9b18a?s=96&d=mm&r=g","caption":"MC"},"url":"https:\/\/www.webdo.tn\/fr\/actualite\/author\/mc\/"}]}},"_links":{"self":[{"href":"https:\/\/www.webdo.tn\/fr\/wp-json\/wp\/v2\/posts\/209741","targetHints":{"allow":["GET"]}}],"collection":[{"href":"https:\/\/www.webdo.tn\/fr\/wp-json\/wp\/v2\/posts"}],"about":[{"href":"https:\/\/www.webdo.tn\/fr\/wp-json\/wp\/v2\/types\/post"}],"author":[{"embeddable":true,"href":"https:\/\/www.webdo.tn\/fr\/wp-json\/wp\/v2\/users\/3162"}],"replies":[{"embeddable":true,"href":"https:\/\/www.webdo.tn\/fr\/wp-json\/wp\/v2\/comments?post=209741"}],"version-history":[{"count":0,"href":"https:\/\/www.webdo.tn\/fr\/wp-json\/wp\/v2\/posts\/209741\/revisions"}],"wp:featuredmedia":[{"embeddable":true,"href":"https:\/\/www.webdo.tn\/fr\/wp-json\/wp\/v2\/media\/248919"}],"wp:attachment":[{"href":"https:\/\/www.webdo.tn\/fr\/wp-json\/wp\/v2\/media?parent=209741"}],"wp:term":[{"taxonomy":"category","embeddable":true,"href":"https:\/\/www.webdo.tn\/fr\/wp-json\/wp\/v2\/categories?post=209741"},{"taxonomy":"post_tag","embeddable":true,"href":"https:\/\/www.webdo.tn\/fr\/wp-json\/wp\/v2\/tags?post=209741"}],"curies":[{"name":"wp","href":"https:\/\/api.w.org\/{rel}","templated":true}]}}