{"id":209734,"date":"2023-10-30T09:59:00","date_gmt":"2023-10-30T09:59:00","guid":{"rendered":"https:\/\/www.webdo.tn\/fr\/blog\/l-ancien-entraineur-du-club-africain-rene-exbrayat-n-est-plus\/209734\/"},"modified":"2025-05-20T22:10:32","modified_gmt":"2025-05-20T22:10:32","slug":"l-ancien-entraineur-du-club-africain-rene-exbrayat-n-est-plus","status":"publish","type":"post","link":"https:\/\/www.webdo.tn\/fr\/actualite\/sport\/l-ancien-entraineur-du-club-africain-rene-exbrayat-n-est-plus\/209734\/","title":{"rendered":"L\u2019ancien entra\u00eeneur du Club Africain, Ren\u00e9 Exbrayat n\u2019est plus !"},"content":{"rendered":"<p>L\u2019ancien entra\u00eeneur fran\u00e7ais du Club Africain, Ren\u00e9 Exbrayat est d\u00e9c\u00e9d\u00e9, hier, dimanche 29 octobre 2023, \u00e0 l\u2019\u00e2ge de 75 ans.<\/p>\n<p>\t\t\t\t\t\t\t\t\tRen\u00e9 Exbrayat a entra\u00een\u00e9 le CA \u00e0 deux reprises, de 1997 \u00e0 1999 puis de 2000 \u00e0 2002.<\/p>\n<p>Au cours de sa premi\u00e8re aventure avec le Club Africain, il a remport\u00e9 la Coupe arabe des clubs champions en 1997 et la Coupe de Tunisie 1998.<\/p>\n<p>R\u00e9put\u00e9 pour sa rigueur et son travail scientifique, il sera de retour au Parc A en 2000 pour un nouveau bail de deux ans au cours duquel il remporte une deuxi\u00e8me Coupe de Tunisie face au CS Sfaxien en octobre 2000.<\/p>\n<p>Paix \u00e0 son \u00e2me !<\/p>\n","protected":false},"excerpt":{"rendered":"<p>D\u00e9c\u00e8s de Ren\u00e9 Exbrayat, ancien entra\u00eeneur du CA.<\/p>\n","protected":false},"author":3162,"featured_media":278934,"comment_status":"open","ping_status":"closed","sticky":false,"template":"","format":"standard","meta":{"footnotes":""},"categories":[2593],"tags":[3101,2830,9778],"class_list":["post-209734","post","type-post","status-publish","format-standard","has-post-thumbnail","hentry","category-sport","tag-club-africain","tag-deces","tag-rene-exbrayat"],"yoast_head":"<!-- This site is optimized with the Yoast SEO Premium plugin v27.4 (Yoast SEO v27.5) - https:\/\/yoast.com\/product\/yoast-seo-premium-wordpress\/ -->\n<title>L\u2019ancien entra\u00eeneur du Club Africain, Ren\u00e9 Exbrayat n\u2019est plus !<\/title>\n<meta name=\"description\" content=\"D\u00e9c\u00e8s de Ren\u00e9 Exbrayat, ancien entra\u00eeneur du CA.\" \/>\n<link rel=\"canonical\" href=\"https:\/\/www.webdo.tn\/fr\/actualite\/sport\/l-ancien-entraineur-du-club-africain-rene-exbrayat-n-est-plus\/209734\/\" \/>\n<meta property=\"og:locale\" content=\"fr_FR\" \/>\n<meta property=\"og:type\" content=\"article\" \/>\n<meta property=\"og:title\" content=\"L\u2019ancien entra\u00eeneur du Club Africain, Ren\u00e9 Exbrayat n\u2019est plus !\" \/>\n<meta property=\"og:description\" content=\"D\u00e9c\u00e8s de Ren\u00e9 Exbrayat, ancien entra\u00eeneur du CA.\" \/>\n<meta property=\"og:url\" content=\"https:\/\/www.webdo.tn\/fr\/actualite\/sport\/l-ancien-entraineur-du-club-africain-rene-exbrayat-n-est-plus\/209734\/\" \/>\n<meta property=\"og:site_name\" content=\"webdo\" \/>\n<meta property=\"article:publisher\" content=\"https:\/\/www.facebook.com\/webdotn\" \/>\n<meta property=\"article:published_time\" content=\"2023-10-30T09:59:00+00:00\" \/>\n<meta property=\"article:modified_time\" content=\"2025-05-20T22:10:32+00:00\" \/>\n<meta property=\"og:image\" content=\"https:\/\/www.webdo.tn\/fr\/wp-content\/uploads\/2023\/10\/a27ff2f93dbe06f6ef2f199ccaebcb05.jpg\" \/>\n\t<meta property=\"og:image:width\" content=\"750\" \/>\n\t<meta property=\"og:image:height\" content=\"400\" \/>\n\t<meta property=\"og:image:type\" content=\"image\/jpeg\" \/>\n<meta name=\"author\" content=\"MC\" \/>\n<meta name=\"twitter:card\" content=\"summary_large_image\" \/>\n<meta name=\"twitter:creator\" content=\"@webdo_tn\" \/>\n<meta name=\"twitter:site\" content=\"@webdo_tn\" \/>\n<meta name=\"twitter:label1\" content=\"\u00c9crit par\" \/>\n\t<meta name=\"twitter:data1\" content=\"MC\" \/>\n\t<meta name=\"twitter:label2\" content=\"Dur\u00e9e de lecture estim\u00e9e\" \/>\n\t<meta name=\"twitter:data2\" content=\"1 minute\" \/>\n<script type=\"application\/ld+json\" class=\"yoast-schema-graph\">{\"@context\":\"https:\\\/\\\/schema.org\",\"@graph\":[{\"@type\":\"NewsArticle\",\"@id\":\"https:\\\/\\\/www.webdo.tn\\\/fr\\\/actualite\\\/sport\\\/l-ancien-entraineur-du-club-africain-rene-exbrayat-n-est-plus\\\/209734\\\/#article\",\"isPartOf\":{\"@id\":\"https:\\\/\\\/www.webdo.tn\\\/fr\\\/actualite\\\/sport\\\/l-ancien-entraineur-du-club-africain-rene-exbrayat-n-est-plus\\\/209734\\\/\"},\"author\":{\"name\":\"MC\",\"@id\":\"https:\\\/\\\/www.webdo.tn\\\/fr\\\/#\\\/schema\\\/person\\\/2c4929cbf5a809e3bd38617c6ce150f6\"},\"headline\":\"L\u2019ancien entra\u00eeneur du Club Africain, Ren\u00e9 Exbrayat n\u2019est plus !\",\"datePublished\":\"2023-10-30T09:59:00+00:00\",\"dateModified\":\"2025-05-20T22:10:32+00:00\",\"mainEntityOfPage\":{\"@id\":\"https:\\\/\\\/www.webdo.tn\\\/fr\\\/actualite\\\/sport\\\/l-ancien-entraineur-du-club-africain-rene-exbrayat-n-est-plus\\\/209734\\\/\"},\"wordCount\":116,\"commentCount\":0,\"publisher\":{\"@id\":\"https:\\\/\\\/www.webdo.tn\\\/fr\\\/#organization\"},\"image\":{\"@id\":\"https:\\\/\\\/www.webdo.tn\\\/fr\\\/actualite\\\/sport\\\/l-ancien-entraineur-du-club-africain-rene-exbrayat-n-est-plus\\\/209734\\\/#primaryimage\"},\"thumbnailUrl\":\"https:\\\/\\\/www.webdo.tn\\\/fr\\\/wp-content\\\/uploads\\\/2023\\\/10\\\/a27ff2f93dbe06f6ef2f199ccaebcb05.jpg\",\"keywords\":[\"Club Africain\",\"D\u00e9c\u00e8s\",\"ren\u00e9 exbrayat\"],\"articleSection\":[\"Sport\"],\"inLanguage\":\"fr-FR\"},{\"@type\":\"WebPage\",\"@id\":\"https:\\\/\\\/www.webdo.tn\\\/fr\\\/actualite\\\/sport\\\/l-ancien-entraineur-du-club-africain-rene-exbrayat-n-est-plus\\\/209734\\\/\",\"url\":\"https:\\\/\\\/www.webdo.tn\\\/fr\\\/actualite\\\/sport\\\/l-ancien-entraineur-du-club-africain-rene-exbrayat-n-est-plus\\\/209734\\\/\",\"name\":\"L\u2019ancien entra\u00eeneur du Club Africain, Ren\u00e9 Exbrayat n\u2019est plus !\",\"isPartOf\":{\"@id\":\"https:\\\/\\\/www.webdo.tn\\\/fr\\\/#website\"},\"primaryImageOfPage\":{\"@id\":\"https:\\\/\\\/www.webdo.tn\\\/fr\\\/actualite\\\/sport\\\/l-ancien-entraineur-du-club-africain-rene-exbrayat-n-est-plus\\\/209734\\\/#primaryimage\"},\"image\":{\"@id\":\"https:\\\/\\\/www.webdo.tn\\\/fr\\\/actualite\\\/sport\\\/l-ancien-entraineur-du-club-africain-rene-exbrayat-n-est-plus\\\/209734\\\/#primaryimage\"},\"thumbnailUrl\":\"https:\\\/\\\/www.webdo.tn\\\/fr\\\/wp-content\\\/uploads\\\/2023\\\/10\\\/a27ff2f93dbe06f6ef2f199ccaebcb05.jpg\",\"datePublished\":\"2023-10-30T09:59:00+00:00\",\"dateModified\":\"2025-05-20T22:10:32+00:00\",\"description\":\"D\u00e9c\u00e8s de Ren\u00e9 Exbrayat, ancien entra\u00eeneur du CA.\",\"breadcrumb\":{\"@id\":\"https:\\\/\\\/www.webdo.tn\\\/fr\\\/actualite\\\/sport\\\/l-ancien-entraineur-du-club-africain-rene-exbrayat-n-est-plus\\\/209734\\\/#breadcrumb\"},\"inLanguage\":\"fr-FR\",\"potentialAction\":[{\"@type\":\"ReadAction\",\"target\":[\"https:\\\/\\\/www.webdo.tn\\\/fr\\\/actualite\\\/sport\\\/l-ancien-entraineur-du-club-africain-rene-exbrayat-n-est-plus\\\/209734\\\/\"]}]},{\"@type\":\"ImageObject\",\"inLanguage\":\"fr-FR\",\"@id\":\"https:\\\/\\\/www.webdo.tn\\\/fr\\\/actualite\\\/sport\\\/l-ancien-entraineur-du-club-africain-rene-exbrayat-n-est-plus\\\/209734\\\/#primaryimage\",\"url\":\"https:\\\/\\\/www.webdo.tn\\\/fr\\\/wp-content\\\/uploads\\\/2023\\\/10\\\/a27ff2f93dbe06f6ef2f199ccaebcb05.jpg\",\"contentUrl\":\"https:\\\/\\\/www.webdo.tn\\\/fr\\\/wp-content\\\/uploads\\\/2023\\\/10\\\/a27ff2f93dbe06f6ef2f199ccaebcb05.jpg\",\"width\":750,\"height\":400,\"caption\":\"L\u2019ancien entra\u00eeneur du Club Africain, Ren\u00e9 Exbrayat n\u2019est plus !\"},{\"@type\":\"BreadcrumbList\",\"@id\":\"https:\\\/\\\/www.webdo.tn\\\/fr\\\/actualite\\\/sport\\\/l-ancien-entraineur-du-club-africain-rene-exbrayat-n-est-plus\\\/209734\\\/#breadcrumb\",\"itemListElement\":[{\"@type\":\"ListItem\",\"position\":1,\"name\":\"Accueil\",\"item\":\"https:\\\/\\\/www.webdo.tn\\\/fr\\\/\"},{\"@type\":\"ListItem\",\"position\":2,\"name\":\"L\u2019ancien entra\u00eeneur du Club Africain, Ren\u00e9 Exbrayat n\u2019est plus !\"}]},{\"@type\":\"WebSite\",\"@id\":\"https:\\\/\\\/www.webdo.tn\\\/fr\\\/#website\",\"url\":\"https:\\\/\\\/www.webdo.tn\\\/fr\\\/\",\"name\":\"webdo\",\"description\":\"Tunisie - News en Tunisie et \u00e0 l&#039;international sur Webdo.tn\",\"publisher\":{\"@id\":\"https:\\\/\\\/www.webdo.tn\\\/fr\\\/#organization\"},\"potentialAction\":[{\"@type\":\"SearchAction\",\"target\":{\"@type\":\"EntryPoint\",\"urlTemplate\":\"https:\\\/\\\/www.webdo.tn\\\/fr\\\/?s={search_term_string}\"},\"query-input\":{\"@type\":\"PropertyValueSpecification\",\"valueRequired\":true,\"valueName\":\"search_term_string\"}}],\"inLanguage\":\"fr-FR\"},{\"@type\":\"Organization\",\"@id\":\"https:\\\/\\\/www.webdo.tn\\\/fr\\\/#organization\",\"name\":\"Webdo\",\"alternateName\":\"Webdo.tn\",\"url\":\"https:\\\/\\\/www.webdo.tn\\\/fr\\\/\",\"logo\":{\"@type\":\"ImageObject\",\"inLanguage\":\"fr-FR\",\"@id\":\"https:\\\/\\\/www.webdo.tn\\\/fr\\\/#\\\/schema\\\/logo\\\/image\\\/\",\"url\":\"https:\\\/\\\/www.webdo.tn\\\/fr\\\/wp-content\\\/uploads\\\/2025\\\/06\\\/Webdo-Tunisie_168377.jpg\",\"contentUrl\":\"https:\\\/\\\/www.webdo.tn\\\/fr\\\/wp-content\\\/uploads\\\/2025\\\/06\\\/Webdo-Tunisie_168377.jpg\",\"width\":301,\"height\":301,\"caption\":\"Webdo\"},\"image\":{\"@id\":\"https:\\\/\\\/www.webdo.tn\\\/fr\\\/#\\\/schema\\\/logo\\\/image\\\/\"},\"sameAs\":[\"https:\\\/\\\/www.facebook.com\\\/webdotn\",\"https:\\\/\\\/x.com\\\/webdo_tn\"],\"description\":\"Webdo est un m\u00e9dia num\u00e9rique tunisien fond\u00e9 en 2010, sp\u00e9cialis\u00e9 dans l\u2019actualit\u00e9 nationale et internationale, l\u2019\u00e9conomie, la soci\u00e9t\u00e9 et les analyses politiques. Le site s\u2019adresse \u00e0 un large public francophone et couvre l\u2019information tunisienne en temps r\u00e9el.\",\"email\":\"redac@webdo.tn\",\"legalName\":\"YNJ SARL\",\"foundingDate\":\"2010-09-06\",\"numberOfEmployees\":{\"@type\":\"QuantitativeValue\",\"minValue\":\"11\",\"maxValue\":\"50\"}},{\"@type\":\"Person\",\"@id\":\"https:\\\/\\\/www.webdo.tn\\\/fr\\\/#\\\/schema\\\/person\\\/2c4929cbf5a809e3bd38617c6ce150f6\",\"name\":\"MC\",\"image\":{\"@type\":\"ImageObject\",\"inLanguage\":\"fr-FR\",\"@id\":\"https:\\\/\\\/secure.gravatar.com\\\/avatar\\\/a545bbb6f84efdd5553dbbc2895e3ca8f1d12c5215e00a041c9670b54aa9b18a?s=96&d=mm&r=g\",\"url\":\"https:\\\/\\\/secure.gravatar.com\\\/avatar\\\/a545bbb6f84efdd5553dbbc2895e3ca8f1d12c5215e00a041c9670b54aa9b18a?s=96&d=mm&r=g\",\"contentUrl\":\"https:\\\/\\\/secure.gravatar.com\\\/avatar\\\/a545bbb6f84efdd5553dbbc2895e3ca8f1d12c5215e00a041c9670b54aa9b18a?s=96&d=mm&r=g\",\"caption\":\"MC\"},\"url\":\"https:\\\/\\\/www.webdo.tn\\\/fr\\\/actualite\\\/author\\\/mc\\\/\"}]}<\/script>\n<!-- \/ Yoast SEO Premium plugin. -->","yoast_head_json":{"title":"L\u2019ancien entra\u00eeneur du Club Africain, Ren\u00e9 Exbrayat n\u2019est plus !","description":"D\u00e9c\u00e8s de Ren\u00e9 Exbrayat, ancien entra\u00eeneur du CA.","canonical":"https:\/\/www.webdo.tn\/fr\/actualite\/sport\/l-ancien-entraineur-du-club-africain-rene-exbrayat-n-est-plus\/209734\/","og_locale":"fr_FR","og_type":"article","og_title":"L\u2019ancien entra\u00eeneur du Club Africain, Ren\u00e9 Exbrayat n\u2019est plus !","og_description":"D\u00e9c\u00e8s de Ren\u00e9 Exbrayat, ancien entra\u00eeneur du CA.","og_url":"https:\/\/www.webdo.tn\/fr\/actualite\/sport\/l-ancien-entraineur-du-club-africain-rene-exbrayat-n-est-plus\/209734\/","og_site_name":"webdo","article_publisher":"https:\/\/www.facebook.com\/webdotn","article_published_time":"2023-10-30T09:59:00+00:00","article_modified_time":"2025-05-20T22:10:32+00:00","og_image":[{"width":750,"height":400,"url":"https:\/\/www.webdo.tn\/fr\/wp-content\/uploads\/2023\/10\/a27ff2f93dbe06f6ef2f199ccaebcb05.jpg","type":"image\/jpeg"}],"author":"MC","twitter_card":"summary_large_image","twitter_creator":"@webdo_tn","twitter_site":"@webdo_tn","twitter_misc":{"\u00c9crit par":"MC","Dur\u00e9e de lecture estim\u00e9e":"1 minute"},"schema":{"@context":"https:\/\/schema.org","@graph":[{"@type":"NewsArticle","@id":"https:\/\/www.webdo.tn\/fr\/actualite\/sport\/l-ancien-entraineur-du-club-africain-rene-exbrayat-n-est-plus\/209734\/#article","isPartOf":{"@id":"https:\/\/www.webdo.tn\/fr\/actualite\/sport\/l-ancien-entraineur-du-club-africain-rene-exbrayat-n-est-plus\/209734\/"},"author":{"name":"MC","@id":"https:\/\/www.webdo.tn\/fr\/#\/schema\/person\/2c4929cbf5a809e3bd38617c6ce150f6"},"headline":"L\u2019ancien entra\u00eeneur du Club Africain, Ren\u00e9 Exbrayat n\u2019est plus !","datePublished":"2023-10-30T09:59:00+00:00","dateModified":"2025-05-20T22:10:32+00:00","mainEntityOfPage":{"@id":"https:\/\/www.webdo.tn\/fr\/actualite\/sport\/l-ancien-entraineur-du-club-africain-rene-exbrayat-n-est-plus\/209734\/"},"wordCount":116,"commentCount":0,"publisher":{"@id":"https:\/\/www.webdo.tn\/fr\/#organization"},"image":{"@id":"https:\/\/www.webdo.tn\/fr\/actualite\/sport\/l-ancien-entraineur-du-club-africain-rene-exbrayat-n-est-plus\/209734\/#primaryimage"},"thumbnailUrl":"https:\/\/www.webdo.tn\/fr\/wp-content\/uploads\/2023\/10\/a27ff2f93dbe06f6ef2f199ccaebcb05.jpg","keywords":["Club Africain","D\u00e9c\u00e8s","ren\u00e9 exbrayat"],"articleSection":["Sport"],"inLanguage":"fr-FR"},{"@type":"WebPage","@id":"https:\/\/www.webdo.tn\/fr\/actualite\/sport\/l-ancien-entraineur-du-club-africain-rene-exbrayat-n-est-plus\/209734\/","url":"https:\/\/www.webdo.tn\/fr\/actualite\/sport\/l-ancien-entraineur-du-club-africain-rene-exbrayat-n-est-plus\/209734\/","name":"L\u2019ancien entra\u00eeneur du Club Africain, Ren\u00e9 Exbrayat n\u2019est plus !","isPartOf":{"@id":"https:\/\/www.webdo.tn\/fr\/#website"},"primaryImageOfPage":{"@id":"https:\/\/www.webdo.tn\/fr\/actualite\/sport\/l-ancien-entraineur-du-club-africain-rene-exbrayat-n-est-plus\/209734\/#primaryimage"},"image":{"@id":"https:\/\/www.webdo.tn\/fr\/actualite\/sport\/l-ancien-entraineur-du-club-africain-rene-exbrayat-n-est-plus\/209734\/#primaryimage"},"thumbnailUrl":"https:\/\/www.webdo.tn\/fr\/wp-content\/uploads\/2023\/10\/a27ff2f93dbe06f6ef2f199ccaebcb05.jpg","datePublished":"2023-10-30T09:59:00+00:00","dateModified":"2025-05-20T22:10:32+00:00","description":"D\u00e9c\u00e8s de Ren\u00e9 Exbrayat, ancien entra\u00eeneur du CA.","breadcrumb":{"@id":"https:\/\/www.webdo.tn\/fr\/actualite\/sport\/l-ancien-entraineur-du-club-africain-rene-exbrayat-n-est-plus\/209734\/#breadcrumb"},"inLanguage":"fr-FR","potentialAction":[{"@type":"ReadAction","target":["https:\/\/www.webdo.tn\/fr\/actualite\/sport\/l-ancien-entraineur-du-club-africain-rene-exbrayat-n-est-plus\/209734\/"]}]},{"@type":"ImageObject","inLanguage":"fr-FR","@id":"https:\/\/www.webdo.tn\/fr\/actualite\/sport\/l-ancien-entraineur-du-club-africain-rene-exbrayat-n-est-plus\/209734\/#primaryimage","url":"https:\/\/www.webdo.tn\/fr\/wp-content\/uploads\/2023\/10\/a27ff2f93dbe06f6ef2f199ccaebcb05.jpg","contentUrl":"https:\/\/www.webdo.tn\/fr\/wp-content\/uploads\/2023\/10\/a27ff2f93dbe06f6ef2f199ccaebcb05.jpg","width":750,"height":400,"caption":"L\u2019ancien entra\u00eeneur du Club Africain, Ren\u00e9 Exbrayat n\u2019est plus !"},{"@type":"BreadcrumbList","@id":"https:\/\/www.webdo.tn\/fr\/actualite\/sport\/l-ancien-entraineur-du-club-africain-rene-exbrayat-n-est-plus\/209734\/#breadcrumb","itemListElement":[{"@type":"ListItem","position":1,"name":"Accueil","item":"https:\/\/www.webdo.tn\/fr\/"},{"@type":"ListItem","position":2,"name":"L\u2019ancien entra\u00eeneur du Club Africain, Ren\u00e9 Exbrayat n\u2019est plus !"}]},{"@type":"WebSite","@id":"https:\/\/www.webdo.tn\/fr\/#website","url":"https:\/\/www.webdo.tn\/fr\/","name":"webdo","description":"Tunisie - News en Tunisie et \u00e0 l&#039;international sur Webdo.tn","publisher":{"@id":"https:\/\/www.webdo.tn\/fr\/#organization"},"potentialAction":[{"@type":"SearchAction","target":{"@type":"EntryPoint","urlTemplate":"https:\/\/www.webdo.tn\/fr\/?s={search_term_string}"},"query-input":{"@type":"PropertyValueSpecification","valueRequired":true,"valueName":"search_term_string"}}],"inLanguage":"fr-FR"},{"@type":"Organization","@id":"https:\/\/www.webdo.tn\/fr\/#organization","name":"Webdo","alternateName":"Webdo.tn","url":"https:\/\/www.webdo.tn\/fr\/","logo":{"@type":"ImageObject","inLanguage":"fr-FR","@id":"https:\/\/www.webdo.tn\/fr\/#\/schema\/logo\/image\/","url":"https:\/\/www.webdo.tn\/fr\/wp-content\/uploads\/2025\/06\/Webdo-Tunisie_168377.jpg","contentUrl":"https:\/\/www.webdo.tn\/fr\/wp-content\/uploads\/2025\/06\/Webdo-Tunisie_168377.jpg","width":301,"height":301,"caption":"Webdo"},"image":{"@id":"https:\/\/www.webdo.tn\/fr\/#\/schema\/logo\/image\/"},"sameAs":["https:\/\/www.facebook.com\/webdotn","https:\/\/x.com\/webdo_tn"],"description":"Webdo est un m\u00e9dia num\u00e9rique tunisien fond\u00e9 en 2010, sp\u00e9cialis\u00e9 dans l\u2019actualit\u00e9 nationale et internationale, l\u2019\u00e9conomie, la soci\u00e9t\u00e9 et les analyses politiques. Le site s\u2019adresse \u00e0 un large public francophone et couvre l\u2019information tunisienne en temps r\u00e9el.","email":"redac@webdo.tn","legalName":"YNJ SARL","foundingDate":"2010-09-06","numberOfEmployees":{"@type":"QuantitativeValue","minValue":"11","maxValue":"50"}},{"@type":"Person","@id":"https:\/\/www.webdo.tn\/fr\/#\/schema\/person\/2c4929cbf5a809e3bd38617c6ce150f6","name":"MC","image":{"@type":"ImageObject","inLanguage":"fr-FR","@id":"https:\/\/secure.gravatar.com\/avatar\/a545bbb6f84efdd5553dbbc2895e3ca8f1d12c5215e00a041c9670b54aa9b18a?s=96&d=mm&r=g","url":"https:\/\/secure.gravatar.com\/avatar\/a545bbb6f84efdd5553dbbc2895e3ca8f1d12c5215e00a041c9670b54aa9b18a?s=96&d=mm&r=g","contentUrl":"https:\/\/secure.gravatar.com\/avatar\/a545bbb6f84efdd5553dbbc2895e3ca8f1d12c5215e00a041c9670b54aa9b18a?s=96&d=mm&r=g","caption":"MC"},"url":"https:\/\/www.webdo.tn\/fr\/actualite\/author\/mc\/"}]}},"_links":{"self":[{"href":"https:\/\/www.webdo.tn\/fr\/wp-json\/wp\/v2\/posts\/209734","targetHints":{"allow":["GET"]}}],"collection":[{"href":"https:\/\/www.webdo.tn\/fr\/wp-json\/wp\/v2\/posts"}],"about":[{"href":"https:\/\/www.webdo.tn\/fr\/wp-json\/wp\/v2\/types\/post"}],"author":[{"embeddable":true,"href":"https:\/\/www.webdo.tn\/fr\/wp-json\/wp\/v2\/users\/3162"}],"replies":[{"embeddable":true,"href":"https:\/\/www.webdo.tn\/fr\/wp-json\/wp\/v2\/comments?post=209734"}],"version-history":[{"count":0,"href":"https:\/\/www.webdo.tn\/fr\/wp-json\/wp\/v2\/posts\/209734\/revisions"}],"wp:featuredmedia":[{"embeddable":true,"href":"https:\/\/www.webdo.tn\/fr\/wp-json\/wp\/v2\/media\/278934"}],"wp:attachment":[{"href":"https:\/\/www.webdo.tn\/fr\/wp-json\/wp\/v2\/media?parent=209734"}],"wp:term":[{"taxonomy":"category","embeddable":true,"href":"https:\/\/www.webdo.tn\/fr\/wp-json\/wp\/v2\/categories?post=209734"},{"taxonomy":"post_tag","embeddable":true,"href":"https:\/\/www.webdo.tn\/fr\/wp-json\/wp\/v2\/tags?post=209734"}],"curies":[{"name":"wp","href":"https:\/\/api.w.org\/{rel}","templated":true}]}}