{"id":209724,"date":"2023-10-29T16:41:00","date_gmt":"2023-10-29T16:41:00","guid":{"rendered":"https:\/\/www.webdo.tn\/fr\/blog\/ligue-1-8eme-j-le-club-africain-s-empare-du-leadership\/209724\/"},"modified":"2025-05-20T21:56:22","modified_gmt":"2025-05-20T21:56:22","slug":"ligue-1-8eme-j-le-club-africain-s-empare-du-leadership","status":"publish","type":"post","link":"https:\/\/www.webdo.tn\/fr\/actualite\/sport\/ligue-1-8eme-j-le-club-africain-s-empare-du-leadership\/209724\/","title":{"rendered":"Ligue 1 &#8211; 8\u00e8me J. : Le Club Africain s\u2019empare du leadership"},"content":{"rendered":"<p>Le groupe A, a un nouveau leader. Il s\u2019agit du CA, vainqueur face \u00e0 l\u2019USBG. Dans le groupe B, les positions restent en l\u2019\u00e9tat en marge de la 8\u00e8me journ\u00e9e de la premi\u00e8re phase du Championnat de Ligue 1.<\/p>\n<p>\t\t\t\t\t\t\t\t\tLe Club Africain a battu, ce dimanche 29 octobre 2023, l\u2019US Ben Guerdane sur le score de 2-0 et s\u2019est assur\u00e9 ainsi la place de leader apr\u00e8s le match nul enregistr\u00e9 hier entre l\u2019ES Sahel et l\u2019O. B\u00e9ja (0-0).<\/p>\n<p>Les CA a fait plier son adversaire en trois minutes. Apr\u00e8s des d\u00e9buts en trombes, les Clubistes ont trouv\u00e9 la faille \u00e0 la 21\u2019 lorsque Kingsley Eduwo parvient \u00e0 ouvrir le score. Trois minutes plus-tard, c\u2019est l\u2019Alg\u00e9rien Taieb Meziani qui double la marque.<\/p>\n<p>Dans le groupe B, l\u2019ES Tunis \u00e9tant engag\u00e9e sur un autre front et l\u2019US Monastirienne \u00e9tant exempte, les positions sont rest\u00e9es inchang\u00e9es en t\u00eate apr\u00e8s le match nul 0-0 enregistr\u00e9 entre le CA Bizertin et le CS Sfaxien, hier et entre l\u2019US Tataouine et l\u2019ES M\u00e9tlaoui, aujourd\u2019hui.<\/p>\n<p>RESULTATS<\/p>\n<p>Groupe A<\/p>\n<p>\tES Sahel &#8211; O. B\u00e9ja 0-0<br \/>\n\tStade Tunisien &#8211; AS Soliman 1-0<br \/>\n\tClub Africain &#8211; US Ben Guerdane 2-0<\/p>\n<p>Groupe B<\/p>\n<p>\tCA Bizertin &#8211; CS Sfaxien 0-0<br \/>\n\tUS Tataouine &#8211; ES M\u00e9tlaoui 0-0<br \/>\n\tAS Marsa &#8211; ES Tunis : report\u00e9 \u00e0 une date ult\u00e9rieure<\/p>\n<p>CLASSEMENTS<\/p>\n","protected":false},"excerpt":{"rendered":"<p>Le groupe A, a un nouveau leader. Il s\u2019agit du CA, vainqueur face \u00e0 l\u2019USBG.<\/p>\n","protected":false},"author":3162,"featured_media":248946,"comment_status":"open","ping_status":"closed","sticky":false,"template":"","format":"standard","meta":{"footnotes":""},"categories":[2593],"tags":[3101,2622,2777],"class_list":["post-209724","post","type-post","status-publish","format-standard","has-post-thumbnail","hentry","category-sport","tag-club-africain","tag-football","tag-ligue-1"],"yoast_head":"<!-- This site is optimized with the Yoast SEO Premium plugin v27.4 (Yoast SEO v27.5) - https:\/\/yoast.com\/product\/yoast-seo-premium-wordpress\/ -->\n<title>Ligue 1 - 8\u00e8me J. : Le Club Africain s\u2019empare du leadership<\/title>\n<meta name=\"description\" content=\"Le groupe A, a un nouveau leader. Il s\u2019agit du CA, vainqueur face \u00e0 l\u2019USBG.\" \/>\n<link rel=\"canonical\" href=\"https:\/\/www.webdo.tn\/fr\/actualite\/sport\/ligue-1-8eme-j-le-club-africain-s-empare-du-leadership\/209724\/\" \/>\n<meta property=\"og:locale\" content=\"fr_FR\" \/>\n<meta property=\"og:type\" content=\"article\" \/>\n<meta property=\"og:title\" content=\"Ligue 1 - 8\u00e8me J. : Le Club Africain s\u2019empare du leadership\" \/>\n<meta property=\"og:description\" content=\"Le groupe A, a un nouveau leader. Il s\u2019agit du CA, vainqueur face \u00e0 l\u2019USBG.\" \/>\n<meta property=\"og:url\" content=\"https:\/\/www.webdo.tn\/fr\/actualite\/sport\/ligue-1-8eme-j-le-club-africain-s-empare-du-leadership\/209724\/\" \/>\n<meta property=\"og:site_name\" content=\"webdo\" \/>\n<meta property=\"article:publisher\" content=\"https:\/\/www.facebook.com\/webdotn\" \/>\n<meta property=\"article:published_time\" content=\"2023-10-29T16:41:00+00:00\" \/>\n<meta property=\"article:modified_time\" content=\"2025-05-20T21:56:22+00:00\" \/>\n<meta property=\"og:image\" content=\"https:\/\/www.webdo.tn\/fr\/wp-content\/uploads\/2023\/10\/77ae0cdd27eb97895c84515dcaab208a.jpg\" \/>\n\t<meta property=\"og:image:width\" content=\"750\" \/>\n\t<meta property=\"og:image:height\" content=\"400\" \/>\n\t<meta property=\"og:image:type\" content=\"image\/jpeg\" \/>\n<meta name=\"author\" content=\"MC\" \/>\n<meta name=\"twitter:card\" content=\"summary_large_image\" \/>\n<meta name=\"twitter:creator\" content=\"@webdo_tn\" \/>\n<meta name=\"twitter:site\" content=\"@webdo_tn\" \/>\n<meta name=\"twitter:label1\" content=\"\u00c9crit par\" \/>\n\t<meta name=\"twitter:data1\" content=\"MC\" \/>\n\t<meta name=\"twitter:label2\" content=\"Dur\u00e9e de lecture estim\u00e9e\" \/>\n\t<meta name=\"twitter:data2\" content=\"1 minute\" \/>\n<script type=\"application\/ld+json\" class=\"yoast-schema-graph\">{\"@context\":\"https:\\\/\\\/schema.org\",\"@graph\":[{\"@type\":\"NewsArticle\",\"@id\":\"https:\\\/\\\/www.webdo.tn\\\/fr\\\/actualite\\\/sport\\\/ligue-1-8eme-j-le-club-africain-s-empare-du-leadership\\\/209724\\\/#article\",\"isPartOf\":{\"@id\":\"https:\\\/\\\/www.webdo.tn\\\/fr\\\/actualite\\\/sport\\\/ligue-1-8eme-j-le-club-africain-s-empare-du-leadership\\\/209724\\\/\"},\"author\":{\"name\":\"MC\",\"@id\":\"https:\\\/\\\/www.webdo.tn\\\/fr\\\/#\\\/schema\\\/person\\\/2c4929cbf5a809e3bd38617c6ce150f6\"},\"headline\":\"Ligue 1 &#8211; 8\u00e8me J. : Le Club Africain s\u2019empare du leadership\",\"datePublished\":\"2023-10-29T16:41:00+00:00\",\"dateModified\":\"2025-05-20T21:56:22+00:00\",\"mainEntityOfPage\":{\"@id\":\"https:\\\/\\\/www.webdo.tn\\\/fr\\\/actualite\\\/sport\\\/ligue-1-8eme-j-le-club-africain-s-empare-du-leadership\\\/209724\\\/\"},\"wordCount\":248,\"commentCount\":0,\"publisher\":{\"@id\":\"https:\\\/\\\/www.webdo.tn\\\/fr\\\/#organization\"},\"image\":{\"@id\":\"https:\\\/\\\/www.webdo.tn\\\/fr\\\/actualite\\\/sport\\\/ligue-1-8eme-j-le-club-africain-s-empare-du-leadership\\\/209724\\\/#primaryimage\"},\"thumbnailUrl\":\"https:\\\/\\\/www.webdo.tn\\\/fr\\\/wp-content\\\/uploads\\\/2023\\\/10\\\/77ae0cdd27eb97895c84515dcaab208a.jpg\",\"keywords\":[\"Club Africain\",\"football\",\"Ligue 1\"],\"articleSection\":[\"Sport\"],\"inLanguage\":\"fr-FR\"},{\"@type\":\"WebPage\",\"@id\":\"https:\\\/\\\/www.webdo.tn\\\/fr\\\/actualite\\\/sport\\\/ligue-1-8eme-j-le-club-africain-s-empare-du-leadership\\\/209724\\\/\",\"url\":\"https:\\\/\\\/www.webdo.tn\\\/fr\\\/actualite\\\/sport\\\/ligue-1-8eme-j-le-club-africain-s-empare-du-leadership\\\/209724\\\/\",\"name\":\"Ligue 1 - 8\u00e8me J. : Le Club Africain s\u2019empare du leadership\",\"isPartOf\":{\"@id\":\"https:\\\/\\\/www.webdo.tn\\\/fr\\\/#website\"},\"primaryImageOfPage\":{\"@id\":\"https:\\\/\\\/www.webdo.tn\\\/fr\\\/actualite\\\/sport\\\/ligue-1-8eme-j-le-club-africain-s-empare-du-leadership\\\/209724\\\/#primaryimage\"},\"image\":{\"@id\":\"https:\\\/\\\/www.webdo.tn\\\/fr\\\/actualite\\\/sport\\\/ligue-1-8eme-j-le-club-africain-s-empare-du-leadership\\\/209724\\\/#primaryimage\"},\"thumbnailUrl\":\"https:\\\/\\\/www.webdo.tn\\\/fr\\\/wp-content\\\/uploads\\\/2023\\\/10\\\/77ae0cdd27eb97895c84515dcaab208a.jpg\",\"datePublished\":\"2023-10-29T16:41:00+00:00\",\"dateModified\":\"2025-05-20T21:56:22+00:00\",\"description\":\"Le groupe A, a un nouveau leader. Il s\u2019agit du CA, vainqueur face \u00e0 l\u2019USBG.\",\"breadcrumb\":{\"@id\":\"https:\\\/\\\/www.webdo.tn\\\/fr\\\/actualite\\\/sport\\\/ligue-1-8eme-j-le-club-africain-s-empare-du-leadership\\\/209724\\\/#breadcrumb\"},\"inLanguage\":\"fr-FR\",\"potentialAction\":[{\"@type\":\"ReadAction\",\"target\":[\"https:\\\/\\\/www.webdo.tn\\\/fr\\\/actualite\\\/sport\\\/ligue-1-8eme-j-le-club-africain-s-empare-du-leadership\\\/209724\\\/\"]}]},{\"@type\":\"ImageObject\",\"inLanguage\":\"fr-FR\",\"@id\":\"https:\\\/\\\/www.webdo.tn\\\/fr\\\/actualite\\\/sport\\\/ligue-1-8eme-j-le-club-africain-s-empare-du-leadership\\\/209724\\\/#primaryimage\",\"url\":\"https:\\\/\\\/www.webdo.tn\\\/fr\\\/wp-content\\\/uploads\\\/2023\\\/10\\\/77ae0cdd27eb97895c84515dcaab208a.jpg\",\"contentUrl\":\"https:\\\/\\\/www.webdo.tn\\\/fr\\\/wp-content\\\/uploads\\\/2023\\\/10\\\/77ae0cdd27eb97895c84515dcaab208a.jpg\",\"width\":750,\"height\":400,\"caption\":\"Ligue 1 - 8\u00e8me J. : Le Club Africain s\u2019empare du leadership\"},{\"@type\":\"BreadcrumbList\",\"@id\":\"https:\\\/\\\/www.webdo.tn\\\/fr\\\/actualite\\\/sport\\\/ligue-1-8eme-j-le-club-africain-s-empare-du-leadership\\\/209724\\\/#breadcrumb\",\"itemListElement\":[{\"@type\":\"ListItem\",\"position\":1,\"name\":\"Accueil\",\"item\":\"https:\\\/\\\/www.webdo.tn\\\/fr\\\/\"},{\"@type\":\"ListItem\",\"position\":2,\"name\":\"Ligue 1 &#8211; 8\u00e8me J. : Le Club Africain s\u2019empare du leadership\"}]},{\"@type\":\"WebSite\",\"@id\":\"https:\\\/\\\/www.webdo.tn\\\/fr\\\/#website\",\"url\":\"https:\\\/\\\/www.webdo.tn\\\/fr\\\/\",\"name\":\"webdo\",\"description\":\"Tunisie - News en Tunisie et \u00e0 l&#039;international sur Webdo.tn\",\"publisher\":{\"@id\":\"https:\\\/\\\/www.webdo.tn\\\/fr\\\/#organization\"},\"potentialAction\":[{\"@type\":\"SearchAction\",\"target\":{\"@type\":\"EntryPoint\",\"urlTemplate\":\"https:\\\/\\\/www.webdo.tn\\\/fr\\\/?s={search_term_string}\"},\"query-input\":{\"@type\":\"PropertyValueSpecification\",\"valueRequired\":true,\"valueName\":\"search_term_string\"}}],\"inLanguage\":\"fr-FR\"},{\"@type\":\"Organization\",\"@id\":\"https:\\\/\\\/www.webdo.tn\\\/fr\\\/#organization\",\"name\":\"Webdo\",\"alternateName\":\"Webdo.tn\",\"url\":\"https:\\\/\\\/www.webdo.tn\\\/fr\\\/\",\"logo\":{\"@type\":\"ImageObject\",\"inLanguage\":\"fr-FR\",\"@id\":\"https:\\\/\\\/www.webdo.tn\\\/fr\\\/#\\\/schema\\\/logo\\\/image\\\/\",\"url\":\"https:\\\/\\\/www.webdo.tn\\\/fr\\\/wp-content\\\/uploads\\\/2025\\\/06\\\/Webdo-Tunisie_168377.jpg\",\"contentUrl\":\"https:\\\/\\\/www.webdo.tn\\\/fr\\\/wp-content\\\/uploads\\\/2025\\\/06\\\/Webdo-Tunisie_168377.jpg\",\"width\":301,\"height\":301,\"caption\":\"Webdo\"},\"image\":{\"@id\":\"https:\\\/\\\/www.webdo.tn\\\/fr\\\/#\\\/schema\\\/logo\\\/image\\\/\"},\"sameAs\":[\"https:\\\/\\\/www.facebook.com\\\/webdotn\",\"https:\\\/\\\/x.com\\\/webdo_tn\"],\"description\":\"Webdo est un m\u00e9dia num\u00e9rique tunisien fond\u00e9 en 2010, sp\u00e9cialis\u00e9 dans l\u2019actualit\u00e9 nationale et internationale, l\u2019\u00e9conomie, la soci\u00e9t\u00e9 et les analyses politiques. Le site s\u2019adresse \u00e0 un large public francophone et couvre l\u2019information tunisienne en temps r\u00e9el.\",\"email\":\"redac@webdo.tn\",\"legalName\":\"YNJ SARL\",\"foundingDate\":\"2010-09-06\",\"numberOfEmployees\":{\"@type\":\"QuantitativeValue\",\"minValue\":\"11\",\"maxValue\":\"50\"}},{\"@type\":\"Person\",\"@id\":\"https:\\\/\\\/www.webdo.tn\\\/fr\\\/#\\\/schema\\\/person\\\/2c4929cbf5a809e3bd38617c6ce150f6\",\"name\":\"MC\",\"image\":{\"@type\":\"ImageObject\",\"inLanguage\":\"fr-FR\",\"@id\":\"https:\\\/\\\/secure.gravatar.com\\\/avatar\\\/a545bbb6f84efdd5553dbbc2895e3ca8f1d12c5215e00a041c9670b54aa9b18a?s=96&d=mm&r=g\",\"url\":\"https:\\\/\\\/secure.gravatar.com\\\/avatar\\\/a545bbb6f84efdd5553dbbc2895e3ca8f1d12c5215e00a041c9670b54aa9b18a?s=96&d=mm&r=g\",\"contentUrl\":\"https:\\\/\\\/secure.gravatar.com\\\/avatar\\\/a545bbb6f84efdd5553dbbc2895e3ca8f1d12c5215e00a041c9670b54aa9b18a?s=96&d=mm&r=g\",\"caption\":\"MC\"},\"url\":\"https:\\\/\\\/www.webdo.tn\\\/fr\\\/actualite\\\/author\\\/mc\\\/\"}]}<\/script>\n<!-- \/ Yoast SEO Premium plugin. -->","yoast_head_json":{"title":"Ligue 1 - 8\u00e8me J. : Le Club Africain s\u2019empare du leadership","description":"Le groupe A, a un nouveau leader. Il s\u2019agit du CA, vainqueur face \u00e0 l\u2019USBG.","canonical":"https:\/\/www.webdo.tn\/fr\/actualite\/sport\/ligue-1-8eme-j-le-club-africain-s-empare-du-leadership\/209724\/","og_locale":"fr_FR","og_type":"article","og_title":"Ligue 1 - 8\u00e8me J. : Le Club Africain s\u2019empare du leadership","og_description":"Le groupe A, a un nouveau leader. Il s\u2019agit du CA, vainqueur face \u00e0 l\u2019USBG.","og_url":"https:\/\/www.webdo.tn\/fr\/actualite\/sport\/ligue-1-8eme-j-le-club-africain-s-empare-du-leadership\/209724\/","og_site_name":"webdo","article_publisher":"https:\/\/www.facebook.com\/webdotn","article_published_time":"2023-10-29T16:41:00+00:00","article_modified_time":"2025-05-20T21:56:22+00:00","og_image":[{"width":750,"height":400,"url":"https:\/\/www.webdo.tn\/fr\/wp-content\/uploads\/2023\/10\/77ae0cdd27eb97895c84515dcaab208a.jpg","type":"image\/jpeg"}],"author":"MC","twitter_card":"summary_large_image","twitter_creator":"@webdo_tn","twitter_site":"@webdo_tn","twitter_misc":{"\u00c9crit par":"MC","Dur\u00e9e de lecture estim\u00e9e":"1 minute"},"schema":{"@context":"https:\/\/schema.org","@graph":[{"@type":"NewsArticle","@id":"https:\/\/www.webdo.tn\/fr\/actualite\/sport\/ligue-1-8eme-j-le-club-africain-s-empare-du-leadership\/209724\/#article","isPartOf":{"@id":"https:\/\/www.webdo.tn\/fr\/actualite\/sport\/ligue-1-8eme-j-le-club-africain-s-empare-du-leadership\/209724\/"},"author":{"name":"MC","@id":"https:\/\/www.webdo.tn\/fr\/#\/schema\/person\/2c4929cbf5a809e3bd38617c6ce150f6"},"headline":"Ligue 1 &#8211; 8\u00e8me J. : Le Club Africain s\u2019empare du leadership","datePublished":"2023-10-29T16:41:00+00:00","dateModified":"2025-05-20T21:56:22+00:00","mainEntityOfPage":{"@id":"https:\/\/www.webdo.tn\/fr\/actualite\/sport\/ligue-1-8eme-j-le-club-africain-s-empare-du-leadership\/209724\/"},"wordCount":248,"commentCount":0,"publisher":{"@id":"https:\/\/www.webdo.tn\/fr\/#organization"},"image":{"@id":"https:\/\/www.webdo.tn\/fr\/actualite\/sport\/ligue-1-8eme-j-le-club-africain-s-empare-du-leadership\/209724\/#primaryimage"},"thumbnailUrl":"https:\/\/www.webdo.tn\/fr\/wp-content\/uploads\/2023\/10\/77ae0cdd27eb97895c84515dcaab208a.jpg","keywords":["Club Africain","football","Ligue 1"],"articleSection":["Sport"],"inLanguage":"fr-FR"},{"@type":"WebPage","@id":"https:\/\/www.webdo.tn\/fr\/actualite\/sport\/ligue-1-8eme-j-le-club-africain-s-empare-du-leadership\/209724\/","url":"https:\/\/www.webdo.tn\/fr\/actualite\/sport\/ligue-1-8eme-j-le-club-africain-s-empare-du-leadership\/209724\/","name":"Ligue 1 - 8\u00e8me J. : Le Club Africain s\u2019empare du leadership","isPartOf":{"@id":"https:\/\/www.webdo.tn\/fr\/#website"},"primaryImageOfPage":{"@id":"https:\/\/www.webdo.tn\/fr\/actualite\/sport\/ligue-1-8eme-j-le-club-africain-s-empare-du-leadership\/209724\/#primaryimage"},"image":{"@id":"https:\/\/www.webdo.tn\/fr\/actualite\/sport\/ligue-1-8eme-j-le-club-africain-s-empare-du-leadership\/209724\/#primaryimage"},"thumbnailUrl":"https:\/\/www.webdo.tn\/fr\/wp-content\/uploads\/2023\/10\/77ae0cdd27eb97895c84515dcaab208a.jpg","datePublished":"2023-10-29T16:41:00+00:00","dateModified":"2025-05-20T21:56:22+00:00","description":"Le groupe A, a un nouveau leader. Il s\u2019agit du CA, vainqueur face \u00e0 l\u2019USBG.","breadcrumb":{"@id":"https:\/\/www.webdo.tn\/fr\/actualite\/sport\/ligue-1-8eme-j-le-club-africain-s-empare-du-leadership\/209724\/#breadcrumb"},"inLanguage":"fr-FR","potentialAction":[{"@type":"ReadAction","target":["https:\/\/www.webdo.tn\/fr\/actualite\/sport\/ligue-1-8eme-j-le-club-africain-s-empare-du-leadership\/209724\/"]}]},{"@type":"ImageObject","inLanguage":"fr-FR","@id":"https:\/\/www.webdo.tn\/fr\/actualite\/sport\/ligue-1-8eme-j-le-club-africain-s-empare-du-leadership\/209724\/#primaryimage","url":"https:\/\/www.webdo.tn\/fr\/wp-content\/uploads\/2023\/10\/77ae0cdd27eb97895c84515dcaab208a.jpg","contentUrl":"https:\/\/www.webdo.tn\/fr\/wp-content\/uploads\/2023\/10\/77ae0cdd27eb97895c84515dcaab208a.jpg","width":750,"height":400,"caption":"Ligue 1 - 8\u00e8me J. : Le Club Africain s\u2019empare du leadership"},{"@type":"BreadcrumbList","@id":"https:\/\/www.webdo.tn\/fr\/actualite\/sport\/ligue-1-8eme-j-le-club-africain-s-empare-du-leadership\/209724\/#breadcrumb","itemListElement":[{"@type":"ListItem","position":1,"name":"Accueil","item":"https:\/\/www.webdo.tn\/fr\/"},{"@type":"ListItem","position":2,"name":"Ligue 1 &#8211; 8\u00e8me J. : Le Club Africain s\u2019empare du leadership"}]},{"@type":"WebSite","@id":"https:\/\/www.webdo.tn\/fr\/#website","url":"https:\/\/www.webdo.tn\/fr\/","name":"webdo","description":"Tunisie - News en Tunisie et \u00e0 l&#039;international sur Webdo.tn","publisher":{"@id":"https:\/\/www.webdo.tn\/fr\/#organization"},"potentialAction":[{"@type":"SearchAction","target":{"@type":"EntryPoint","urlTemplate":"https:\/\/www.webdo.tn\/fr\/?s={search_term_string}"},"query-input":{"@type":"PropertyValueSpecification","valueRequired":true,"valueName":"search_term_string"}}],"inLanguage":"fr-FR"},{"@type":"Organization","@id":"https:\/\/www.webdo.tn\/fr\/#organization","name":"Webdo","alternateName":"Webdo.tn","url":"https:\/\/www.webdo.tn\/fr\/","logo":{"@type":"ImageObject","inLanguage":"fr-FR","@id":"https:\/\/www.webdo.tn\/fr\/#\/schema\/logo\/image\/","url":"https:\/\/www.webdo.tn\/fr\/wp-content\/uploads\/2025\/06\/Webdo-Tunisie_168377.jpg","contentUrl":"https:\/\/www.webdo.tn\/fr\/wp-content\/uploads\/2025\/06\/Webdo-Tunisie_168377.jpg","width":301,"height":301,"caption":"Webdo"},"image":{"@id":"https:\/\/www.webdo.tn\/fr\/#\/schema\/logo\/image\/"},"sameAs":["https:\/\/www.facebook.com\/webdotn","https:\/\/x.com\/webdo_tn"],"description":"Webdo est un m\u00e9dia num\u00e9rique tunisien fond\u00e9 en 2010, sp\u00e9cialis\u00e9 dans l\u2019actualit\u00e9 nationale et internationale, l\u2019\u00e9conomie, la soci\u00e9t\u00e9 et les analyses politiques. Le site s\u2019adresse \u00e0 un large public francophone et couvre l\u2019information tunisienne en temps r\u00e9el.","email":"redac@webdo.tn","legalName":"YNJ SARL","foundingDate":"2010-09-06","numberOfEmployees":{"@type":"QuantitativeValue","minValue":"11","maxValue":"50"}},{"@type":"Person","@id":"https:\/\/www.webdo.tn\/fr\/#\/schema\/person\/2c4929cbf5a809e3bd38617c6ce150f6","name":"MC","image":{"@type":"ImageObject","inLanguage":"fr-FR","@id":"https:\/\/secure.gravatar.com\/avatar\/a545bbb6f84efdd5553dbbc2895e3ca8f1d12c5215e00a041c9670b54aa9b18a?s=96&d=mm&r=g","url":"https:\/\/secure.gravatar.com\/avatar\/a545bbb6f84efdd5553dbbc2895e3ca8f1d12c5215e00a041c9670b54aa9b18a?s=96&d=mm&r=g","contentUrl":"https:\/\/secure.gravatar.com\/avatar\/a545bbb6f84efdd5553dbbc2895e3ca8f1d12c5215e00a041c9670b54aa9b18a?s=96&d=mm&r=g","caption":"MC"},"url":"https:\/\/www.webdo.tn\/fr\/actualite\/author\/mc\/"}]}},"_links":{"self":[{"href":"https:\/\/www.webdo.tn\/fr\/wp-json\/wp\/v2\/posts\/209724","targetHints":{"allow":["GET"]}}],"collection":[{"href":"https:\/\/www.webdo.tn\/fr\/wp-json\/wp\/v2\/posts"}],"about":[{"href":"https:\/\/www.webdo.tn\/fr\/wp-json\/wp\/v2\/types\/post"}],"author":[{"embeddable":true,"href":"https:\/\/www.webdo.tn\/fr\/wp-json\/wp\/v2\/users\/3162"}],"replies":[{"embeddable":true,"href":"https:\/\/www.webdo.tn\/fr\/wp-json\/wp\/v2\/comments?post=209724"}],"version-history":[{"count":0,"href":"https:\/\/www.webdo.tn\/fr\/wp-json\/wp\/v2\/posts\/209724\/revisions"}],"wp:featuredmedia":[{"embeddable":true,"href":"https:\/\/www.webdo.tn\/fr\/wp-json\/wp\/v2\/media\/248946"}],"wp:attachment":[{"href":"https:\/\/www.webdo.tn\/fr\/wp-json\/wp\/v2\/media?parent=209724"}],"wp:term":[{"taxonomy":"category","embeddable":true,"href":"https:\/\/www.webdo.tn\/fr\/wp-json\/wp\/v2\/categories?post=209724"},{"taxonomy":"post_tag","embeddable":true,"href":"https:\/\/www.webdo.tn\/fr\/wp-json\/wp\/v2\/tags?post=209724"}],"curies":[{"name":"wp","href":"https:\/\/api.w.org\/{rel}","templated":true}]}}