{"id":209722,"date":"2023-10-29T13:31:00","date_gmt":"2023-10-29T13:31:00","guid":{"rendered":"https:\/\/www.webdo.tn\/fr\/blog\/10-mille-victimes-palestiniennes-entre-martyrs-et-disparus\/209722\/"},"modified":"2025-05-20T21:56:22","modified_gmt":"2025-05-20T21:56:22","slug":"10-mille-victimes-palestiniennes-entre-martyrs-et-disparus","status":"publish","type":"post","link":"https:\/\/www.webdo.tn\/fr\/actualite\/international\/10-mille-victimes-palestiniennes-entre-martyrs-et-disparus\/209722\/","title":{"rendered":"10 mille victimes palestiniennes entre \u00ab\u00a0martyrs et disparus\u00a0\u00bb"},"content":{"rendered":"<p>Outre les 8000 martyrs enregistr\u00e9s, plus de 2000 personnes sont toujours port\u00e9s disparus \u00e0 Gaza.<\/p>\n<p>\t\t\t\t\t\t\t\t\tC\u2019est ce qu\u2019\u00e0 indiqu\u00e9, ce dimanche 29 octobre 2023, le bureau d&rsquo;information du Gouvernement \u00e0 Gaza, annon\u00e7ant la perte de 10 mille Palestiniens, \u00ab\u00a0entre morts et disparus\u00a0\u00bb, dont 34 journalistes, depuis le d\u00e9but de l&rsquo;escalade le 7 octobre.<\/p>\n<p>Les chiffres font \u00e9tat de \u00ab\u00a010 mille martyrs et disparus sous les d\u00e9combres, depuis le d\u00e9but de l&rsquo;agression (isra\u00e9lienne) qui se poursuit depuis 23 jours, dont 34 journalistes\u00a0\u00bb.<\/p>\n<p>Selon le minist\u00e8re de la sant\u00e9 de la bande de Gaza, le bilan des victimes des bombardements de l\u2019entit\u00e9 sioniste dans la bande de Gaza a atteint les 8005 morts, dont plus de 3300 enfants et 2000 femmes et plus de 20.200 bless\u00e9s.<\/p>\n<p>Le 7 octobre \u00e0 l&rsquo;aube, le mouvement de r\u00e9sistance Hamas a lanc\u00e9 depuis Gaza l&rsquo;op\u00e9ration \u00ab\u00a0D\u00e9luge d&rsquo;Al-Aqsa\u00a0\u00bb, en r\u00e9ponse aux \u00ab\u00a0attaques incessantes des forces isra\u00e9liennes et des colons contre le peuple palestinien.<\/p>\n<p>L\u2019attaque du Hamas a fait 1400 morts et 5132 bless\u00e9s parmi les Isra\u00e9liens, selon le minist\u00e8re isra\u00e9lien de la Sant\u00e9.<\/p>\n<p>Il a \u00e9galement captur\u00e9 au moins 230 Isra\u00e9liens, dont des militaires de haut rang, dans la perspective de les \u00e9changer contre plus de 6000 d\u00e9tenus palestiniens dans les prisons isra\u00e9liennes.<\/p>\n","protected":false},"excerpt":{"rendered":"<p>Le bureau d&rsquo;information du Gouvernement \u00e0 Gaza, a annonc\u00e9 la perte de 10 mille Palestiniens,  entre morts et disparus , dont 34 journalistes.<\/p>\n","protected":false},"author":3162,"featured_media":248948,"comment_status":"open","ping_status":"closed","sticky":false,"template":"","format":"standard","meta":{"footnotes":""},"categories":[2598],"tags":[7177,2689,4472,3208,2688],"class_list":["post-209722","post","type-post","status-publish","format-standard","has-post-thumbnail","hentry","category-international","tag-disparus","tag-gaza","tag-martyrs","tag-morts","tag-palestine"],"yoast_head":"<!-- This site is optimized with the Yoast SEO Premium plugin v27.4 (Yoast SEO v27.5) - https:\/\/yoast.com\/product\/yoast-seo-premium-wordpress\/ -->\n<title>10 mille victimes palestiniennes entre martyrs et disparus<\/title>\n<meta name=\"description\" content=\"Le bureau d&#039;information du Gouvernement \u00e0 Gaza, a annonc\u00e9 la perte de 10 mille Palestiniens, entre morts et disparus , dont 34 journalistes.\" \/>\n<link rel=\"canonical\" href=\"https:\/\/www.webdo.tn\/fr\/actualite\/international\/10-mille-victimes-palestiniennes-entre-martyrs-et-disparus\/209722\/\" \/>\n<meta property=\"og:locale\" content=\"fr_FR\" \/>\n<meta property=\"og:type\" content=\"article\" \/>\n<meta property=\"og:title\" content=\"10 mille victimes palestiniennes entre &quot;martyrs et disparus&quot;\" \/>\n<meta property=\"og:description\" content=\"Le bureau d&#039;information du Gouvernement \u00e0 Gaza, a annonc\u00e9 la perte de 10 mille Palestiniens, entre morts et disparus , dont 34 journalistes.\" \/>\n<meta property=\"og:url\" content=\"https:\/\/www.webdo.tn\/fr\/actualite\/international\/10-mille-victimes-palestiniennes-entre-martyrs-et-disparus\/209722\/\" \/>\n<meta property=\"og:site_name\" content=\"webdo\" \/>\n<meta property=\"article:publisher\" content=\"https:\/\/www.facebook.com\/webdotn\" \/>\n<meta property=\"article:published_time\" content=\"2023-10-29T13:31:00+00:00\" \/>\n<meta property=\"article:modified_time\" content=\"2025-05-20T21:56:22+00:00\" \/>\n<meta property=\"og:image\" content=\"https:\/\/www.webdo.tn\/fr\/wp-content\/uploads\/2023\/10\/8d57ffeafd1005eace7a9a6fb0ff8d65.jpg\" \/>\n\t<meta property=\"og:image:width\" content=\"750\" \/>\n\t<meta property=\"og:image:height\" content=\"400\" \/>\n\t<meta property=\"og:image:type\" content=\"image\/jpeg\" \/>\n<meta name=\"author\" content=\"MC\" \/>\n<meta name=\"twitter:card\" content=\"summary_large_image\" \/>\n<meta name=\"twitter:creator\" content=\"@webdo_tn\" \/>\n<meta name=\"twitter:site\" content=\"@webdo_tn\" \/>\n<meta name=\"twitter:label1\" content=\"\u00c9crit par\" \/>\n\t<meta name=\"twitter:data1\" content=\"MC\" \/>\n\t<meta name=\"twitter:label2\" content=\"Dur\u00e9e de lecture estim\u00e9e\" \/>\n\t<meta name=\"twitter:data2\" content=\"1 minute\" \/>\n<script type=\"application\/ld+json\" class=\"yoast-schema-graph\">{\"@context\":\"https:\\\/\\\/schema.org\",\"@graph\":[{\"@type\":\"NewsArticle\",\"@id\":\"https:\\\/\\\/www.webdo.tn\\\/fr\\\/actualite\\\/international\\\/10-mille-victimes-palestiniennes-entre-martyrs-et-disparus\\\/209722\\\/#article\",\"isPartOf\":{\"@id\":\"https:\\\/\\\/www.webdo.tn\\\/fr\\\/actualite\\\/international\\\/10-mille-victimes-palestiniennes-entre-martyrs-et-disparus\\\/209722\\\/\"},\"author\":{\"name\":\"MC\",\"@id\":\"https:\\\/\\\/www.webdo.tn\\\/fr\\\/#\\\/schema\\\/person\\\/2c4929cbf5a809e3bd38617c6ce150f6\"},\"headline\":\"10 mille victimes palestiniennes entre \u00ab\u00a0martyrs et disparus\u00a0\u00bb\",\"datePublished\":\"2023-10-29T13:31:00+00:00\",\"dateModified\":\"2025-05-20T21:56:22+00:00\",\"mainEntityOfPage\":{\"@id\":\"https:\\\/\\\/www.webdo.tn\\\/fr\\\/actualite\\\/international\\\/10-mille-victimes-palestiniennes-entre-martyrs-et-disparus\\\/209722\\\/\"},\"wordCount\":221,\"commentCount\":0,\"publisher\":{\"@id\":\"https:\\\/\\\/www.webdo.tn\\\/fr\\\/#organization\"},\"image\":{\"@id\":\"https:\\\/\\\/www.webdo.tn\\\/fr\\\/actualite\\\/international\\\/10-mille-victimes-palestiniennes-entre-martyrs-et-disparus\\\/209722\\\/#primaryimage\"},\"thumbnailUrl\":\"https:\\\/\\\/www.webdo.tn\\\/fr\\\/wp-content\\\/uploads\\\/2023\\\/10\\\/8d57ffeafd1005eace7a9a6fb0ff8d65.jpg\",\"keywords\":[\"disparus\",\"Gaza\",\"Martyrs\",\"morts\",\"Palestine\"],\"articleSection\":[\"International\"],\"inLanguage\":\"fr-FR\"},{\"@type\":\"WebPage\",\"@id\":\"https:\\\/\\\/www.webdo.tn\\\/fr\\\/actualite\\\/international\\\/10-mille-victimes-palestiniennes-entre-martyrs-et-disparus\\\/209722\\\/\",\"url\":\"https:\\\/\\\/www.webdo.tn\\\/fr\\\/actualite\\\/international\\\/10-mille-victimes-palestiniennes-entre-martyrs-et-disparus\\\/209722\\\/\",\"name\":\"10 mille victimes palestiniennes entre martyrs et disparus\",\"isPartOf\":{\"@id\":\"https:\\\/\\\/www.webdo.tn\\\/fr\\\/#website\"},\"primaryImageOfPage\":{\"@id\":\"https:\\\/\\\/www.webdo.tn\\\/fr\\\/actualite\\\/international\\\/10-mille-victimes-palestiniennes-entre-martyrs-et-disparus\\\/209722\\\/#primaryimage\"},\"image\":{\"@id\":\"https:\\\/\\\/www.webdo.tn\\\/fr\\\/actualite\\\/international\\\/10-mille-victimes-palestiniennes-entre-martyrs-et-disparus\\\/209722\\\/#primaryimage\"},\"thumbnailUrl\":\"https:\\\/\\\/www.webdo.tn\\\/fr\\\/wp-content\\\/uploads\\\/2023\\\/10\\\/8d57ffeafd1005eace7a9a6fb0ff8d65.jpg\",\"datePublished\":\"2023-10-29T13:31:00+00:00\",\"dateModified\":\"2025-05-20T21:56:22+00:00\",\"description\":\"Le bureau d'information du Gouvernement \u00e0 Gaza, a annonc\u00e9 la perte de 10 mille Palestiniens, entre morts et disparus , dont 34 journalistes.\",\"breadcrumb\":{\"@id\":\"https:\\\/\\\/www.webdo.tn\\\/fr\\\/actualite\\\/international\\\/10-mille-victimes-palestiniennes-entre-martyrs-et-disparus\\\/209722\\\/#breadcrumb\"},\"inLanguage\":\"fr-FR\",\"potentialAction\":[{\"@type\":\"ReadAction\",\"target\":[\"https:\\\/\\\/www.webdo.tn\\\/fr\\\/actualite\\\/international\\\/10-mille-victimes-palestiniennes-entre-martyrs-et-disparus\\\/209722\\\/\"]}]},{\"@type\":\"ImageObject\",\"inLanguage\":\"fr-FR\",\"@id\":\"https:\\\/\\\/www.webdo.tn\\\/fr\\\/actualite\\\/international\\\/10-mille-victimes-palestiniennes-entre-martyrs-et-disparus\\\/209722\\\/#primaryimage\",\"url\":\"https:\\\/\\\/www.webdo.tn\\\/fr\\\/wp-content\\\/uploads\\\/2023\\\/10\\\/8d57ffeafd1005eace7a9a6fb0ff8d65.jpg\",\"contentUrl\":\"https:\\\/\\\/www.webdo.tn\\\/fr\\\/wp-content\\\/uploads\\\/2023\\\/10\\\/8d57ffeafd1005eace7a9a6fb0ff8d65.jpg\",\"width\":750,\"height\":400,\"caption\":\"10 mille victimes palestiniennes entre \\\"martyrs et disparus\\\"\"},{\"@type\":\"BreadcrumbList\",\"@id\":\"https:\\\/\\\/www.webdo.tn\\\/fr\\\/actualite\\\/international\\\/10-mille-victimes-palestiniennes-entre-martyrs-et-disparus\\\/209722\\\/#breadcrumb\",\"itemListElement\":[{\"@type\":\"ListItem\",\"position\":1,\"name\":\"Accueil\",\"item\":\"https:\\\/\\\/www.webdo.tn\\\/fr\\\/\"},{\"@type\":\"ListItem\",\"position\":2,\"name\":\"10 mille victimes palestiniennes entre \u00ab\u00a0martyrs et disparus\u00a0\u00bb\"}]},{\"@type\":\"WebSite\",\"@id\":\"https:\\\/\\\/www.webdo.tn\\\/fr\\\/#website\",\"url\":\"https:\\\/\\\/www.webdo.tn\\\/fr\\\/\",\"name\":\"webdo\",\"description\":\"Tunisie - News en Tunisie et \u00e0 l&#039;international sur Webdo.tn\",\"publisher\":{\"@id\":\"https:\\\/\\\/www.webdo.tn\\\/fr\\\/#organization\"},\"potentialAction\":[{\"@type\":\"SearchAction\",\"target\":{\"@type\":\"EntryPoint\",\"urlTemplate\":\"https:\\\/\\\/www.webdo.tn\\\/fr\\\/?s={search_term_string}\"},\"query-input\":{\"@type\":\"PropertyValueSpecification\",\"valueRequired\":true,\"valueName\":\"search_term_string\"}}],\"inLanguage\":\"fr-FR\"},{\"@type\":\"Organization\",\"@id\":\"https:\\\/\\\/www.webdo.tn\\\/fr\\\/#organization\",\"name\":\"Webdo\",\"alternateName\":\"Webdo.tn\",\"url\":\"https:\\\/\\\/www.webdo.tn\\\/fr\\\/\",\"logo\":{\"@type\":\"ImageObject\",\"inLanguage\":\"fr-FR\",\"@id\":\"https:\\\/\\\/www.webdo.tn\\\/fr\\\/#\\\/schema\\\/logo\\\/image\\\/\",\"url\":\"https:\\\/\\\/www.webdo.tn\\\/fr\\\/wp-content\\\/uploads\\\/2025\\\/06\\\/Webdo-Tunisie_168377.jpg\",\"contentUrl\":\"https:\\\/\\\/www.webdo.tn\\\/fr\\\/wp-content\\\/uploads\\\/2025\\\/06\\\/Webdo-Tunisie_168377.jpg\",\"width\":301,\"height\":301,\"caption\":\"Webdo\"},\"image\":{\"@id\":\"https:\\\/\\\/www.webdo.tn\\\/fr\\\/#\\\/schema\\\/logo\\\/image\\\/\"},\"sameAs\":[\"https:\\\/\\\/www.facebook.com\\\/webdotn\",\"https:\\\/\\\/x.com\\\/webdo_tn\"],\"description\":\"Webdo est un m\u00e9dia num\u00e9rique tunisien fond\u00e9 en 2010, sp\u00e9cialis\u00e9 dans l\u2019actualit\u00e9 nationale et internationale, l\u2019\u00e9conomie, la soci\u00e9t\u00e9 et les analyses politiques. Le site s\u2019adresse \u00e0 un large public francophone et couvre l\u2019information tunisienne en temps r\u00e9el.\",\"email\":\"redac@webdo.tn\",\"legalName\":\"YNJ SARL\",\"foundingDate\":\"2010-09-06\",\"numberOfEmployees\":{\"@type\":\"QuantitativeValue\",\"minValue\":\"11\",\"maxValue\":\"50\"}},{\"@type\":\"Person\",\"@id\":\"https:\\\/\\\/www.webdo.tn\\\/fr\\\/#\\\/schema\\\/person\\\/2c4929cbf5a809e3bd38617c6ce150f6\",\"name\":\"MC\",\"image\":{\"@type\":\"ImageObject\",\"inLanguage\":\"fr-FR\",\"@id\":\"https:\\\/\\\/secure.gravatar.com\\\/avatar\\\/a545bbb6f84efdd5553dbbc2895e3ca8f1d12c5215e00a041c9670b54aa9b18a?s=96&d=mm&r=g\",\"url\":\"https:\\\/\\\/secure.gravatar.com\\\/avatar\\\/a545bbb6f84efdd5553dbbc2895e3ca8f1d12c5215e00a041c9670b54aa9b18a?s=96&d=mm&r=g\",\"contentUrl\":\"https:\\\/\\\/secure.gravatar.com\\\/avatar\\\/a545bbb6f84efdd5553dbbc2895e3ca8f1d12c5215e00a041c9670b54aa9b18a?s=96&d=mm&r=g\",\"caption\":\"MC\"},\"url\":\"https:\\\/\\\/www.webdo.tn\\\/fr\\\/actualite\\\/author\\\/mc\\\/\"}]}<\/script>\n<!-- \/ Yoast SEO Premium plugin. -->","yoast_head_json":{"title":"10 mille victimes palestiniennes entre martyrs et disparus","description":"Le bureau d'information du Gouvernement \u00e0 Gaza, a annonc\u00e9 la perte de 10 mille Palestiniens, entre morts et disparus , dont 34 journalistes.","canonical":"https:\/\/www.webdo.tn\/fr\/actualite\/international\/10-mille-victimes-palestiniennes-entre-martyrs-et-disparus\/209722\/","og_locale":"fr_FR","og_type":"article","og_title":"10 mille victimes palestiniennes entre \"martyrs et disparus\"","og_description":"Le bureau d'information du Gouvernement \u00e0 Gaza, a annonc\u00e9 la perte de 10 mille Palestiniens, entre morts et disparus , dont 34 journalistes.","og_url":"https:\/\/www.webdo.tn\/fr\/actualite\/international\/10-mille-victimes-palestiniennes-entre-martyrs-et-disparus\/209722\/","og_site_name":"webdo","article_publisher":"https:\/\/www.facebook.com\/webdotn","article_published_time":"2023-10-29T13:31:00+00:00","article_modified_time":"2025-05-20T21:56:22+00:00","og_image":[{"width":750,"height":400,"url":"https:\/\/www.webdo.tn\/fr\/wp-content\/uploads\/2023\/10\/8d57ffeafd1005eace7a9a6fb0ff8d65.jpg","type":"image\/jpeg"}],"author":"MC","twitter_card":"summary_large_image","twitter_creator":"@webdo_tn","twitter_site":"@webdo_tn","twitter_misc":{"\u00c9crit par":"MC","Dur\u00e9e de lecture estim\u00e9e":"1 minute"},"schema":{"@context":"https:\/\/schema.org","@graph":[{"@type":"NewsArticle","@id":"https:\/\/www.webdo.tn\/fr\/actualite\/international\/10-mille-victimes-palestiniennes-entre-martyrs-et-disparus\/209722\/#article","isPartOf":{"@id":"https:\/\/www.webdo.tn\/fr\/actualite\/international\/10-mille-victimes-palestiniennes-entre-martyrs-et-disparus\/209722\/"},"author":{"name":"MC","@id":"https:\/\/www.webdo.tn\/fr\/#\/schema\/person\/2c4929cbf5a809e3bd38617c6ce150f6"},"headline":"10 mille victimes palestiniennes entre \u00ab\u00a0martyrs et disparus\u00a0\u00bb","datePublished":"2023-10-29T13:31:00+00:00","dateModified":"2025-05-20T21:56:22+00:00","mainEntityOfPage":{"@id":"https:\/\/www.webdo.tn\/fr\/actualite\/international\/10-mille-victimes-palestiniennes-entre-martyrs-et-disparus\/209722\/"},"wordCount":221,"commentCount":0,"publisher":{"@id":"https:\/\/www.webdo.tn\/fr\/#organization"},"image":{"@id":"https:\/\/www.webdo.tn\/fr\/actualite\/international\/10-mille-victimes-palestiniennes-entre-martyrs-et-disparus\/209722\/#primaryimage"},"thumbnailUrl":"https:\/\/www.webdo.tn\/fr\/wp-content\/uploads\/2023\/10\/8d57ffeafd1005eace7a9a6fb0ff8d65.jpg","keywords":["disparus","Gaza","Martyrs","morts","Palestine"],"articleSection":["International"],"inLanguage":"fr-FR"},{"@type":"WebPage","@id":"https:\/\/www.webdo.tn\/fr\/actualite\/international\/10-mille-victimes-palestiniennes-entre-martyrs-et-disparus\/209722\/","url":"https:\/\/www.webdo.tn\/fr\/actualite\/international\/10-mille-victimes-palestiniennes-entre-martyrs-et-disparus\/209722\/","name":"10 mille victimes palestiniennes entre martyrs et disparus","isPartOf":{"@id":"https:\/\/www.webdo.tn\/fr\/#website"},"primaryImageOfPage":{"@id":"https:\/\/www.webdo.tn\/fr\/actualite\/international\/10-mille-victimes-palestiniennes-entre-martyrs-et-disparus\/209722\/#primaryimage"},"image":{"@id":"https:\/\/www.webdo.tn\/fr\/actualite\/international\/10-mille-victimes-palestiniennes-entre-martyrs-et-disparus\/209722\/#primaryimage"},"thumbnailUrl":"https:\/\/www.webdo.tn\/fr\/wp-content\/uploads\/2023\/10\/8d57ffeafd1005eace7a9a6fb0ff8d65.jpg","datePublished":"2023-10-29T13:31:00+00:00","dateModified":"2025-05-20T21:56:22+00:00","description":"Le bureau d'information du Gouvernement \u00e0 Gaza, a annonc\u00e9 la perte de 10 mille Palestiniens, entre morts et disparus , dont 34 journalistes.","breadcrumb":{"@id":"https:\/\/www.webdo.tn\/fr\/actualite\/international\/10-mille-victimes-palestiniennes-entre-martyrs-et-disparus\/209722\/#breadcrumb"},"inLanguage":"fr-FR","potentialAction":[{"@type":"ReadAction","target":["https:\/\/www.webdo.tn\/fr\/actualite\/international\/10-mille-victimes-palestiniennes-entre-martyrs-et-disparus\/209722\/"]}]},{"@type":"ImageObject","inLanguage":"fr-FR","@id":"https:\/\/www.webdo.tn\/fr\/actualite\/international\/10-mille-victimes-palestiniennes-entre-martyrs-et-disparus\/209722\/#primaryimage","url":"https:\/\/www.webdo.tn\/fr\/wp-content\/uploads\/2023\/10\/8d57ffeafd1005eace7a9a6fb0ff8d65.jpg","contentUrl":"https:\/\/www.webdo.tn\/fr\/wp-content\/uploads\/2023\/10\/8d57ffeafd1005eace7a9a6fb0ff8d65.jpg","width":750,"height":400,"caption":"10 mille victimes palestiniennes entre \"martyrs et disparus\""},{"@type":"BreadcrumbList","@id":"https:\/\/www.webdo.tn\/fr\/actualite\/international\/10-mille-victimes-palestiniennes-entre-martyrs-et-disparus\/209722\/#breadcrumb","itemListElement":[{"@type":"ListItem","position":1,"name":"Accueil","item":"https:\/\/www.webdo.tn\/fr\/"},{"@type":"ListItem","position":2,"name":"10 mille victimes palestiniennes entre \u00ab\u00a0martyrs et disparus\u00a0\u00bb"}]},{"@type":"WebSite","@id":"https:\/\/www.webdo.tn\/fr\/#website","url":"https:\/\/www.webdo.tn\/fr\/","name":"webdo","description":"Tunisie - News en Tunisie et \u00e0 l&#039;international sur Webdo.tn","publisher":{"@id":"https:\/\/www.webdo.tn\/fr\/#organization"},"potentialAction":[{"@type":"SearchAction","target":{"@type":"EntryPoint","urlTemplate":"https:\/\/www.webdo.tn\/fr\/?s={search_term_string}"},"query-input":{"@type":"PropertyValueSpecification","valueRequired":true,"valueName":"search_term_string"}}],"inLanguage":"fr-FR"},{"@type":"Organization","@id":"https:\/\/www.webdo.tn\/fr\/#organization","name":"Webdo","alternateName":"Webdo.tn","url":"https:\/\/www.webdo.tn\/fr\/","logo":{"@type":"ImageObject","inLanguage":"fr-FR","@id":"https:\/\/www.webdo.tn\/fr\/#\/schema\/logo\/image\/","url":"https:\/\/www.webdo.tn\/fr\/wp-content\/uploads\/2025\/06\/Webdo-Tunisie_168377.jpg","contentUrl":"https:\/\/www.webdo.tn\/fr\/wp-content\/uploads\/2025\/06\/Webdo-Tunisie_168377.jpg","width":301,"height":301,"caption":"Webdo"},"image":{"@id":"https:\/\/www.webdo.tn\/fr\/#\/schema\/logo\/image\/"},"sameAs":["https:\/\/www.facebook.com\/webdotn","https:\/\/x.com\/webdo_tn"],"description":"Webdo est un m\u00e9dia num\u00e9rique tunisien fond\u00e9 en 2010, sp\u00e9cialis\u00e9 dans l\u2019actualit\u00e9 nationale et internationale, l\u2019\u00e9conomie, la soci\u00e9t\u00e9 et les analyses politiques. Le site s\u2019adresse \u00e0 un large public francophone et couvre l\u2019information tunisienne en temps r\u00e9el.","email":"redac@webdo.tn","legalName":"YNJ SARL","foundingDate":"2010-09-06","numberOfEmployees":{"@type":"QuantitativeValue","minValue":"11","maxValue":"50"}},{"@type":"Person","@id":"https:\/\/www.webdo.tn\/fr\/#\/schema\/person\/2c4929cbf5a809e3bd38617c6ce150f6","name":"MC","image":{"@type":"ImageObject","inLanguage":"fr-FR","@id":"https:\/\/secure.gravatar.com\/avatar\/a545bbb6f84efdd5553dbbc2895e3ca8f1d12c5215e00a041c9670b54aa9b18a?s=96&d=mm&r=g","url":"https:\/\/secure.gravatar.com\/avatar\/a545bbb6f84efdd5553dbbc2895e3ca8f1d12c5215e00a041c9670b54aa9b18a?s=96&d=mm&r=g","contentUrl":"https:\/\/secure.gravatar.com\/avatar\/a545bbb6f84efdd5553dbbc2895e3ca8f1d12c5215e00a041c9670b54aa9b18a?s=96&d=mm&r=g","caption":"MC"},"url":"https:\/\/www.webdo.tn\/fr\/actualite\/author\/mc\/"}]}},"_links":{"self":[{"href":"https:\/\/www.webdo.tn\/fr\/wp-json\/wp\/v2\/posts\/209722","targetHints":{"allow":["GET"]}}],"collection":[{"href":"https:\/\/www.webdo.tn\/fr\/wp-json\/wp\/v2\/posts"}],"about":[{"href":"https:\/\/www.webdo.tn\/fr\/wp-json\/wp\/v2\/types\/post"}],"author":[{"embeddable":true,"href":"https:\/\/www.webdo.tn\/fr\/wp-json\/wp\/v2\/users\/3162"}],"replies":[{"embeddable":true,"href":"https:\/\/www.webdo.tn\/fr\/wp-json\/wp\/v2\/comments?post=209722"}],"version-history":[{"count":0,"href":"https:\/\/www.webdo.tn\/fr\/wp-json\/wp\/v2\/posts\/209722\/revisions"}],"wp:featuredmedia":[{"embeddable":true,"href":"https:\/\/www.webdo.tn\/fr\/wp-json\/wp\/v2\/media\/248948"}],"wp:attachment":[{"href":"https:\/\/www.webdo.tn\/fr\/wp-json\/wp\/v2\/media?parent=209722"}],"wp:term":[{"taxonomy":"category","embeddable":true,"href":"https:\/\/www.webdo.tn\/fr\/wp-json\/wp\/v2\/categories?post=209722"},{"taxonomy":"post_tag","embeddable":true,"href":"https:\/\/www.webdo.tn\/fr\/wp-json\/wp\/v2\/tags?post=209722"}],"curies":[{"name":"wp","href":"https:\/\/api.w.org\/{rel}","templated":true}]}}