{"id":209704,"date":"2023-10-28T10:02:00","date_gmt":"2023-10-28T10:02:00","guid":{"rendered":"https:\/\/www.webdo.tn\/fr\/blog\/fusillades-aux-etats-unis-le-suspect-retrouve-mort\/209704\/"},"modified":"2025-05-20T22:10:31","modified_gmt":"2025-05-20T22:10:31","slug":"fusillades-aux-etats-unis-le-suspect-retrouve-mort","status":"publish","type":"post","link":"https:\/\/www.webdo.tn\/fr\/actualite\/international\/fusillades-aux-etats-unis-le-suspect-retrouve-mort\/209704\/","title":{"rendered":"Fusillades aux Etats-Unis : Le suspect retrouv\u00e9 mort"},"content":{"rendered":"<p>Apr\u00e8s une chasse \u00e0 l&rsquo;homme qui aura dur\u00e9 48 heures, le corps sans vie de Robert Card a \u00e9t\u00e9 retrouv\u00e9.<\/p>\n<p>\t\t\t\t\t\t\t\t\tRobert Card s&rsquo;est suicid\u00e9 pr\u00e8s d&rsquo;un centre de recyclage o\u00f9 il travaillait avant d&rsquo;\u00eatre licenci\u00e9 r\u00e9cemment, apr\u00e8s une gigantesque chasse \u00e0 l&rsquo;homme.<\/p>\n<p>Ce r\u00e9serviste de l&rsquo;arm\u00e9e avait ouvert le feu, dans la soir\u00e9e de mercredi 25 octobre, \u00e0 Lewiston dans le Nord-est des Etats-Unis, tuant 18 personnes et faisant une cinquantaine de bless\u00e9s.<\/p>\n<p>Les fusillades se sont d\u00e9roul\u00e9es dans au moins deux lieux diff\u00e9rents, une salle de bowling et un restaurant. Une autre tuerie a eu lieu dans la m\u00eame soir\u00e9e dans un centre logistique d&rsquo;un supermarch\u00e9 Walmart.<\/p>\n","protected":false},"excerpt":{"rendered":"<p>Robert Card s&rsquo;est suicid\u00e9 pr\u00e8s d&rsquo;un centre de recyclage o\u00f9 il travaillait avant d&rsquo;\u00eatre licenci\u00e9 r\u00e9cemment.<\/p>\n","protected":false},"author":3162,"featured_media":278931,"comment_status":"open","ping_status":"closed","sticky":false,"template":"","format":"standard","meta":{"footnotes":""},"categories":[2598],"tags":[3035,4147],"class_list":["post-209704","post","type-post","status-publish","format-standard","has-post-thumbnail","hentry","category-international","tag-etats-unis","tag-fusillade"],"yoast_head":"<!-- This site is optimized with the Yoast SEO Premium plugin v27.5 (Yoast SEO v27.5) - https:\/\/yoast.com\/product\/yoast-seo-premium-wordpress\/ -->\n<title>Fusillades aux Etats-Unis : Le suspect retrouv\u00e9 mort<\/title>\n<meta name=\"description\" content=\"Robert Card s&#039;est suicid\u00e9 pr\u00e8s d&#039;un centre de recyclage o\u00f9 il travaillait avant d&#039;\u00eatre licenci\u00e9 r\u00e9cemment.\" \/>\n<link rel=\"canonical\" href=\"https:\/\/www.webdo.tn\/fr\/actualite\/international\/fusillades-aux-etats-unis-le-suspect-retrouve-mort\/209704\/\" \/>\n<meta property=\"og:locale\" content=\"fr_FR\" \/>\n<meta property=\"og:type\" content=\"article\" \/>\n<meta property=\"og:title\" content=\"Fusillades aux Etats-Unis : Le suspect retrouv\u00e9 mort\" \/>\n<meta property=\"og:description\" content=\"Robert Card s&#039;est suicid\u00e9 pr\u00e8s d&#039;un centre de recyclage o\u00f9 il travaillait avant d&#039;\u00eatre licenci\u00e9 r\u00e9cemment.\" \/>\n<meta property=\"og:url\" content=\"https:\/\/www.webdo.tn\/fr\/actualite\/international\/fusillades-aux-etats-unis-le-suspect-retrouve-mort\/209704\/\" \/>\n<meta property=\"og:site_name\" content=\"webdo\" \/>\n<meta property=\"article:publisher\" content=\"https:\/\/www.facebook.com\/webdotn\" \/>\n<meta property=\"article:published_time\" content=\"2023-10-28T10:02:00+00:00\" \/>\n<meta property=\"article:modified_time\" content=\"2025-05-20T22:10:31+00:00\" \/>\n<meta property=\"og:image\" content=\"https:\/\/www.webdo.tn\/fr\/wp-content\/uploads\/2023\/10\/a90ef225821bf1e19f76f4508b55cd57.jpg\" \/>\n\t<meta property=\"og:image:width\" content=\"750\" \/>\n\t<meta property=\"og:image:height\" content=\"400\" \/>\n\t<meta property=\"og:image:type\" content=\"image\/jpeg\" \/>\n<meta name=\"author\" content=\"MC\" \/>\n<meta name=\"twitter:card\" content=\"summary_large_image\" \/>\n<meta name=\"twitter:creator\" content=\"@webdo_tn\" \/>\n<meta name=\"twitter:site\" content=\"@webdo_tn\" \/>\n<meta name=\"twitter:label1\" content=\"\u00c9crit par\" \/>\n\t<meta name=\"twitter:data1\" content=\"MC\" \/>\n\t<meta name=\"twitter:label2\" content=\"Dur\u00e9e de lecture estim\u00e9e\" \/>\n\t<meta name=\"twitter:data2\" content=\"1 minute\" \/>\n<script type=\"application\/ld+json\" class=\"yoast-schema-graph\">{\"@context\":\"https:\\\/\\\/schema.org\",\"@graph\":[{\"@type\":\"NewsArticle\",\"@id\":\"https:\\\/\\\/www.webdo.tn\\\/fr\\\/actualite\\\/international\\\/fusillades-aux-etats-unis-le-suspect-retrouve-mort\\\/209704\\\/#article\",\"isPartOf\":{\"@id\":\"https:\\\/\\\/www.webdo.tn\\\/fr\\\/actualite\\\/international\\\/fusillades-aux-etats-unis-le-suspect-retrouve-mort\\\/209704\\\/\"},\"author\":{\"name\":\"MC\",\"@id\":\"https:\\\/\\\/www.webdo.tn\\\/fr\\\/#\\\/schema\\\/person\\\/2c4929cbf5a809e3bd38617c6ce150f6\"},\"headline\":\"Fusillades aux Etats-Unis : Le suspect retrouv\u00e9 mort\",\"datePublished\":\"2023-10-28T10:02:00+00:00\",\"dateModified\":\"2025-05-20T22:10:31+00:00\",\"mainEntityOfPage\":{\"@id\":\"https:\\\/\\\/www.webdo.tn\\\/fr\\\/actualite\\\/international\\\/fusillades-aux-etats-unis-le-suspect-retrouve-mort\\\/209704\\\/\"},\"wordCount\":129,\"commentCount\":0,\"publisher\":{\"@id\":\"https:\\\/\\\/www.webdo.tn\\\/fr\\\/#organization\"},\"image\":{\"@id\":\"https:\\\/\\\/www.webdo.tn\\\/fr\\\/actualite\\\/international\\\/fusillades-aux-etats-unis-le-suspect-retrouve-mort\\\/209704\\\/#primaryimage\"},\"thumbnailUrl\":\"https:\\\/\\\/www.webdo.tn\\\/fr\\\/wp-content\\\/uploads\\\/2023\\\/10\\\/a90ef225821bf1e19f76f4508b55cd57.jpg\",\"keywords\":[\"Etats-Unis\",\"fusillade\"],\"articleSection\":[\"International\"],\"inLanguage\":\"fr-FR\"},{\"@type\":\"WebPage\",\"@id\":\"https:\\\/\\\/www.webdo.tn\\\/fr\\\/actualite\\\/international\\\/fusillades-aux-etats-unis-le-suspect-retrouve-mort\\\/209704\\\/\",\"url\":\"https:\\\/\\\/www.webdo.tn\\\/fr\\\/actualite\\\/international\\\/fusillades-aux-etats-unis-le-suspect-retrouve-mort\\\/209704\\\/\",\"name\":\"Fusillades aux Etats-Unis : Le suspect retrouv\u00e9 mort\",\"isPartOf\":{\"@id\":\"https:\\\/\\\/www.webdo.tn\\\/fr\\\/#website\"},\"primaryImageOfPage\":{\"@id\":\"https:\\\/\\\/www.webdo.tn\\\/fr\\\/actualite\\\/international\\\/fusillades-aux-etats-unis-le-suspect-retrouve-mort\\\/209704\\\/#primaryimage\"},\"image\":{\"@id\":\"https:\\\/\\\/www.webdo.tn\\\/fr\\\/actualite\\\/international\\\/fusillades-aux-etats-unis-le-suspect-retrouve-mort\\\/209704\\\/#primaryimage\"},\"thumbnailUrl\":\"https:\\\/\\\/www.webdo.tn\\\/fr\\\/wp-content\\\/uploads\\\/2023\\\/10\\\/a90ef225821bf1e19f76f4508b55cd57.jpg\",\"datePublished\":\"2023-10-28T10:02:00+00:00\",\"dateModified\":\"2025-05-20T22:10:31+00:00\",\"description\":\"Robert Card s'est suicid\u00e9 pr\u00e8s d'un centre de recyclage o\u00f9 il travaillait avant d'\u00eatre licenci\u00e9 r\u00e9cemment.\",\"breadcrumb\":{\"@id\":\"https:\\\/\\\/www.webdo.tn\\\/fr\\\/actualite\\\/international\\\/fusillades-aux-etats-unis-le-suspect-retrouve-mort\\\/209704\\\/#breadcrumb\"},\"inLanguage\":\"fr-FR\",\"potentialAction\":[{\"@type\":\"ReadAction\",\"target\":[\"https:\\\/\\\/www.webdo.tn\\\/fr\\\/actualite\\\/international\\\/fusillades-aux-etats-unis-le-suspect-retrouve-mort\\\/209704\\\/\"]}]},{\"@type\":\"ImageObject\",\"inLanguage\":\"fr-FR\",\"@id\":\"https:\\\/\\\/www.webdo.tn\\\/fr\\\/actualite\\\/international\\\/fusillades-aux-etats-unis-le-suspect-retrouve-mort\\\/209704\\\/#primaryimage\",\"url\":\"https:\\\/\\\/www.webdo.tn\\\/fr\\\/wp-content\\\/uploads\\\/2023\\\/10\\\/a90ef225821bf1e19f76f4508b55cd57.jpg\",\"contentUrl\":\"https:\\\/\\\/www.webdo.tn\\\/fr\\\/wp-content\\\/uploads\\\/2023\\\/10\\\/a90ef225821bf1e19f76f4508b55cd57.jpg\",\"width\":750,\"height\":400,\"caption\":\"Fusillades aux Etats-Unis : Le suspect retrouv\u00e9 mort\"},{\"@type\":\"BreadcrumbList\",\"@id\":\"https:\\\/\\\/www.webdo.tn\\\/fr\\\/actualite\\\/international\\\/fusillades-aux-etats-unis-le-suspect-retrouve-mort\\\/209704\\\/#breadcrumb\",\"itemListElement\":[{\"@type\":\"ListItem\",\"position\":1,\"name\":\"Accueil\",\"item\":\"https:\\\/\\\/www.webdo.tn\\\/fr\\\/\"},{\"@type\":\"ListItem\",\"position\":2,\"name\":\"Fusillades aux Etats-Unis : Le suspect retrouv\u00e9 mort\"}]},{\"@type\":\"WebSite\",\"@id\":\"https:\\\/\\\/www.webdo.tn\\\/fr\\\/#website\",\"url\":\"https:\\\/\\\/www.webdo.tn\\\/fr\\\/\",\"name\":\"webdo\",\"description\":\"Tunisie - News en Tunisie et \u00e0 l&#039;international sur Webdo.tn\",\"publisher\":{\"@id\":\"https:\\\/\\\/www.webdo.tn\\\/fr\\\/#organization\"},\"potentialAction\":[{\"@type\":\"SearchAction\",\"target\":{\"@type\":\"EntryPoint\",\"urlTemplate\":\"https:\\\/\\\/www.webdo.tn\\\/fr\\\/?s={search_term_string}\"},\"query-input\":{\"@type\":\"PropertyValueSpecification\",\"valueRequired\":true,\"valueName\":\"search_term_string\"}}],\"inLanguage\":\"fr-FR\"},{\"@type\":\"Organization\",\"@id\":\"https:\\\/\\\/www.webdo.tn\\\/fr\\\/#organization\",\"name\":\"Webdo\",\"alternateName\":\"Webdo.tn\",\"url\":\"https:\\\/\\\/www.webdo.tn\\\/fr\\\/\",\"logo\":{\"@type\":\"ImageObject\",\"inLanguage\":\"fr-FR\",\"@id\":\"https:\\\/\\\/www.webdo.tn\\\/fr\\\/#\\\/schema\\\/logo\\\/image\\\/\",\"url\":\"https:\\\/\\\/www.webdo.tn\\\/fr\\\/wp-content\\\/uploads\\\/2025\\\/06\\\/Webdo-Tunisie_168377.jpg\",\"contentUrl\":\"https:\\\/\\\/www.webdo.tn\\\/fr\\\/wp-content\\\/uploads\\\/2025\\\/06\\\/Webdo-Tunisie_168377.jpg\",\"width\":301,\"height\":301,\"caption\":\"Webdo\"},\"image\":{\"@id\":\"https:\\\/\\\/www.webdo.tn\\\/fr\\\/#\\\/schema\\\/logo\\\/image\\\/\"},\"sameAs\":[\"https:\\\/\\\/www.facebook.com\\\/webdotn\",\"https:\\\/\\\/x.com\\\/webdo_tn\"],\"description\":\"Webdo est un m\u00e9dia num\u00e9rique tunisien fond\u00e9 en 2010, sp\u00e9cialis\u00e9 dans l\u2019actualit\u00e9 nationale et internationale, l\u2019\u00e9conomie, la soci\u00e9t\u00e9 et les analyses politiques. Le site s\u2019adresse \u00e0 un large public francophone et couvre l\u2019information tunisienne en temps r\u00e9el.\",\"email\":\"redac@webdo.tn\",\"legalName\":\"YNJ SARL\",\"foundingDate\":\"2010-09-06\",\"numberOfEmployees\":{\"@type\":\"QuantitativeValue\",\"minValue\":\"11\",\"maxValue\":\"50\"}},{\"@type\":\"Person\",\"@id\":\"https:\\\/\\\/www.webdo.tn\\\/fr\\\/#\\\/schema\\\/person\\\/2c4929cbf5a809e3bd38617c6ce150f6\",\"name\":\"MC\",\"image\":{\"@type\":\"ImageObject\",\"inLanguage\":\"fr-FR\",\"@id\":\"https:\\\/\\\/secure.gravatar.com\\\/avatar\\\/a545bbb6f84efdd5553dbbc2895e3ca8f1d12c5215e00a041c9670b54aa9b18a?s=96&d=mm&r=g\",\"url\":\"https:\\\/\\\/secure.gravatar.com\\\/avatar\\\/a545bbb6f84efdd5553dbbc2895e3ca8f1d12c5215e00a041c9670b54aa9b18a?s=96&d=mm&r=g\",\"contentUrl\":\"https:\\\/\\\/secure.gravatar.com\\\/avatar\\\/a545bbb6f84efdd5553dbbc2895e3ca8f1d12c5215e00a041c9670b54aa9b18a?s=96&d=mm&r=g\",\"caption\":\"MC\"},\"url\":\"https:\\\/\\\/www.webdo.tn\\\/fr\\\/actualite\\\/author\\\/mc\\\/\"}]}<\/script>\n<!-- \/ Yoast SEO Premium plugin. -->","yoast_head_json":{"title":"Fusillades aux Etats-Unis : Le suspect retrouv\u00e9 mort","description":"Robert Card s'est suicid\u00e9 pr\u00e8s d'un centre de recyclage o\u00f9 il travaillait avant d'\u00eatre licenci\u00e9 r\u00e9cemment.","canonical":"https:\/\/www.webdo.tn\/fr\/actualite\/international\/fusillades-aux-etats-unis-le-suspect-retrouve-mort\/209704\/","og_locale":"fr_FR","og_type":"article","og_title":"Fusillades aux Etats-Unis : Le suspect retrouv\u00e9 mort","og_description":"Robert Card s'est suicid\u00e9 pr\u00e8s d'un centre de recyclage o\u00f9 il travaillait avant d'\u00eatre licenci\u00e9 r\u00e9cemment.","og_url":"https:\/\/www.webdo.tn\/fr\/actualite\/international\/fusillades-aux-etats-unis-le-suspect-retrouve-mort\/209704\/","og_site_name":"webdo","article_publisher":"https:\/\/www.facebook.com\/webdotn","article_published_time":"2023-10-28T10:02:00+00:00","article_modified_time":"2025-05-20T22:10:31+00:00","og_image":[{"width":750,"height":400,"url":"https:\/\/www.webdo.tn\/fr\/wp-content\/uploads\/2023\/10\/a90ef225821bf1e19f76f4508b55cd57.jpg","type":"image\/jpeg"}],"author":"MC","twitter_card":"summary_large_image","twitter_creator":"@webdo_tn","twitter_site":"@webdo_tn","twitter_misc":{"\u00c9crit par":"MC","Dur\u00e9e de lecture estim\u00e9e":"1 minute"},"schema":{"@context":"https:\/\/schema.org","@graph":[{"@type":"NewsArticle","@id":"https:\/\/www.webdo.tn\/fr\/actualite\/international\/fusillades-aux-etats-unis-le-suspect-retrouve-mort\/209704\/#article","isPartOf":{"@id":"https:\/\/www.webdo.tn\/fr\/actualite\/international\/fusillades-aux-etats-unis-le-suspect-retrouve-mort\/209704\/"},"author":{"name":"MC","@id":"https:\/\/www.webdo.tn\/fr\/#\/schema\/person\/2c4929cbf5a809e3bd38617c6ce150f6"},"headline":"Fusillades aux Etats-Unis : Le suspect retrouv\u00e9 mort","datePublished":"2023-10-28T10:02:00+00:00","dateModified":"2025-05-20T22:10:31+00:00","mainEntityOfPage":{"@id":"https:\/\/www.webdo.tn\/fr\/actualite\/international\/fusillades-aux-etats-unis-le-suspect-retrouve-mort\/209704\/"},"wordCount":129,"commentCount":0,"publisher":{"@id":"https:\/\/www.webdo.tn\/fr\/#organization"},"image":{"@id":"https:\/\/www.webdo.tn\/fr\/actualite\/international\/fusillades-aux-etats-unis-le-suspect-retrouve-mort\/209704\/#primaryimage"},"thumbnailUrl":"https:\/\/www.webdo.tn\/fr\/wp-content\/uploads\/2023\/10\/a90ef225821bf1e19f76f4508b55cd57.jpg","keywords":["Etats-Unis","fusillade"],"articleSection":["International"],"inLanguage":"fr-FR"},{"@type":"WebPage","@id":"https:\/\/www.webdo.tn\/fr\/actualite\/international\/fusillades-aux-etats-unis-le-suspect-retrouve-mort\/209704\/","url":"https:\/\/www.webdo.tn\/fr\/actualite\/international\/fusillades-aux-etats-unis-le-suspect-retrouve-mort\/209704\/","name":"Fusillades aux Etats-Unis : Le suspect retrouv\u00e9 mort","isPartOf":{"@id":"https:\/\/www.webdo.tn\/fr\/#website"},"primaryImageOfPage":{"@id":"https:\/\/www.webdo.tn\/fr\/actualite\/international\/fusillades-aux-etats-unis-le-suspect-retrouve-mort\/209704\/#primaryimage"},"image":{"@id":"https:\/\/www.webdo.tn\/fr\/actualite\/international\/fusillades-aux-etats-unis-le-suspect-retrouve-mort\/209704\/#primaryimage"},"thumbnailUrl":"https:\/\/www.webdo.tn\/fr\/wp-content\/uploads\/2023\/10\/a90ef225821bf1e19f76f4508b55cd57.jpg","datePublished":"2023-10-28T10:02:00+00:00","dateModified":"2025-05-20T22:10:31+00:00","description":"Robert Card s'est suicid\u00e9 pr\u00e8s d'un centre de recyclage o\u00f9 il travaillait avant d'\u00eatre licenci\u00e9 r\u00e9cemment.","breadcrumb":{"@id":"https:\/\/www.webdo.tn\/fr\/actualite\/international\/fusillades-aux-etats-unis-le-suspect-retrouve-mort\/209704\/#breadcrumb"},"inLanguage":"fr-FR","potentialAction":[{"@type":"ReadAction","target":["https:\/\/www.webdo.tn\/fr\/actualite\/international\/fusillades-aux-etats-unis-le-suspect-retrouve-mort\/209704\/"]}]},{"@type":"ImageObject","inLanguage":"fr-FR","@id":"https:\/\/www.webdo.tn\/fr\/actualite\/international\/fusillades-aux-etats-unis-le-suspect-retrouve-mort\/209704\/#primaryimage","url":"https:\/\/www.webdo.tn\/fr\/wp-content\/uploads\/2023\/10\/a90ef225821bf1e19f76f4508b55cd57.jpg","contentUrl":"https:\/\/www.webdo.tn\/fr\/wp-content\/uploads\/2023\/10\/a90ef225821bf1e19f76f4508b55cd57.jpg","width":750,"height":400,"caption":"Fusillades aux Etats-Unis : Le suspect retrouv\u00e9 mort"},{"@type":"BreadcrumbList","@id":"https:\/\/www.webdo.tn\/fr\/actualite\/international\/fusillades-aux-etats-unis-le-suspect-retrouve-mort\/209704\/#breadcrumb","itemListElement":[{"@type":"ListItem","position":1,"name":"Accueil","item":"https:\/\/www.webdo.tn\/fr\/"},{"@type":"ListItem","position":2,"name":"Fusillades aux Etats-Unis : Le suspect retrouv\u00e9 mort"}]},{"@type":"WebSite","@id":"https:\/\/www.webdo.tn\/fr\/#website","url":"https:\/\/www.webdo.tn\/fr\/","name":"webdo","description":"Tunisie - News en Tunisie et \u00e0 l&#039;international sur Webdo.tn","publisher":{"@id":"https:\/\/www.webdo.tn\/fr\/#organization"},"potentialAction":[{"@type":"SearchAction","target":{"@type":"EntryPoint","urlTemplate":"https:\/\/www.webdo.tn\/fr\/?s={search_term_string}"},"query-input":{"@type":"PropertyValueSpecification","valueRequired":true,"valueName":"search_term_string"}}],"inLanguage":"fr-FR"},{"@type":"Organization","@id":"https:\/\/www.webdo.tn\/fr\/#organization","name":"Webdo","alternateName":"Webdo.tn","url":"https:\/\/www.webdo.tn\/fr\/","logo":{"@type":"ImageObject","inLanguage":"fr-FR","@id":"https:\/\/www.webdo.tn\/fr\/#\/schema\/logo\/image\/","url":"https:\/\/www.webdo.tn\/fr\/wp-content\/uploads\/2025\/06\/Webdo-Tunisie_168377.jpg","contentUrl":"https:\/\/www.webdo.tn\/fr\/wp-content\/uploads\/2025\/06\/Webdo-Tunisie_168377.jpg","width":301,"height":301,"caption":"Webdo"},"image":{"@id":"https:\/\/www.webdo.tn\/fr\/#\/schema\/logo\/image\/"},"sameAs":["https:\/\/www.facebook.com\/webdotn","https:\/\/x.com\/webdo_tn"],"description":"Webdo est un m\u00e9dia num\u00e9rique tunisien fond\u00e9 en 2010, sp\u00e9cialis\u00e9 dans l\u2019actualit\u00e9 nationale et internationale, l\u2019\u00e9conomie, la soci\u00e9t\u00e9 et les analyses politiques. Le site s\u2019adresse \u00e0 un large public francophone et couvre l\u2019information tunisienne en temps r\u00e9el.","email":"redac@webdo.tn","legalName":"YNJ SARL","foundingDate":"2010-09-06","numberOfEmployees":{"@type":"QuantitativeValue","minValue":"11","maxValue":"50"}},{"@type":"Person","@id":"https:\/\/www.webdo.tn\/fr\/#\/schema\/person\/2c4929cbf5a809e3bd38617c6ce150f6","name":"MC","image":{"@type":"ImageObject","inLanguage":"fr-FR","@id":"https:\/\/secure.gravatar.com\/avatar\/a545bbb6f84efdd5553dbbc2895e3ca8f1d12c5215e00a041c9670b54aa9b18a?s=96&d=mm&r=g","url":"https:\/\/secure.gravatar.com\/avatar\/a545bbb6f84efdd5553dbbc2895e3ca8f1d12c5215e00a041c9670b54aa9b18a?s=96&d=mm&r=g","contentUrl":"https:\/\/secure.gravatar.com\/avatar\/a545bbb6f84efdd5553dbbc2895e3ca8f1d12c5215e00a041c9670b54aa9b18a?s=96&d=mm&r=g","caption":"MC"},"url":"https:\/\/www.webdo.tn\/fr\/actualite\/author\/mc\/"}]}},"_links":{"self":[{"href":"https:\/\/www.webdo.tn\/fr\/wp-json\/wp\/v2\/posts\/209704","targetHints":{"allow":["GET"]}}],"collection":[{"href":"https:\/\/www.webdo.tn\/fr\/wp-json\/wp\/v2\/posts"}],"about":[{"href":"https:\/\/www.webdo.tn\/fr\/wp-json\/wp\/v2\/types\/post"}],"author":[{"embeddable":true,"href":"https:\/\/www.webdo.tn\/fr\/wp-json\/wp\/v2\/users\/3162"}],"replies":[{"embeddable":true,"href":"https:\/\/www.webdo.tn\/fr\/wp-json\/wp\/v2\/comments?post=209704"}],"version-history":[{"count":0,"href":"https:\/\/www.webdo.tn\/fr\/wp-json\/wp\/v2\/posts\/209704\/revisions"}],"wp:featuredmedia":[{"embeddable":true,"href":"https:\/\/www.webdo.tn\/fr\/wp-json\/wp\/v2\/media\/278931"}],"wp:attachment":[{"href":"https:\/\/www.webdo.tn\/fr\/wp-json\/wp\/v2\/media?parent=209704"}],"wp:term":[{"taxonomy":"category","embeddable":true,"href":"https:\/\/www.webdo.tn\/fr\/wp-json\/wp\/v2\/categories?post=209704"},{"taxonomy":"post_tag","embeddable":true,"href":"https:\/\/www.webdo.tn\/fr\/wp-json\/wp\/v2\/tags?post=209704"}],"curies":[{"name":"wp","href":"https:\/\/api.w.org\/{rel}","templated":true}]}}