{"id":209694,"date":"2023-10-27T23:07:00","date_gmt":"2023-10-27T23:07:00","guid":{"rendered":"https:\/\/www.webdo.tn\/fr\/blog\/kais-saied-reaffirme-le-soutien-indefectible-de-la-tunisie-aux-palestiniens\/209694\/"},"modified":"2025-05-20T22:10:30","modified_gmt":"2025-05-20T22:10:30","slug":"kais-saied-reaffirme-le-soutien-indefectible-de-la-tunisie-aux-palestiniens","status":"publish","type":"post","link":"https:\/\/www.webdo.tn\/fr\/actualite\/national\/kais-saied-reaffirme-le-soutien-indefectible-de-la-tunisie-aux-palestiniens\/209694\/","title":{"rendered":"Kais Saied r\u00e9affirme le soutien ind\u00e9fectible de la Tunisie aux Palestiniens"},"content":{"rendered":"<p>Le Pr\u00e9sident de la R\u00e9publique, Kais Saied, s\u2019est entretenu, ce vendredi 27 octobre 2023, au palais de Carthage avec le ministre des Affaires \u00e9trang\u00e8res, de la Migration et des Tunisiens de l&rsquo;\u00e9tranger, Nabil Ammar, pour r\u00e9affirmer le soutien ind\u00e9fectible de la Tunisie aux Palestinien.<\/p>\n<p>\t\t\t\t\t\t\t\t\tUn communiqu\u00e9 de la pr\u00e9sidence de la R\u00e9publique, souligne que cette r\u00e9union a port\u00e9 sur l&rsquo;incapacit\u00e9 du Conseil de s\u00e9curit\u00e9 de l&rsquo;ONU \u00e0 adopter une r\u00e9solution, \u00e0 un moment o\u00f9 le nombre de victimes et de bless\u00e9s augmente par centaines, au vu et au su du monde entier.<\/p>\n<p>\u00ab\u00a0La plupart des martyrs et des bless\u00e9s sont des nourrissons, des enfants et des femmes&#8230; Aucune maison n&rsquo;a \u00e9t\u00e9 \u00e9pargn\u00e9e, aucune mosqu\u00e9e, \u00e9glise ou h\u00f4pital n&rsquo;ont \u00e9t\u00e9 respect\u00e9s&#8230; Sans eau,\u00a0 nourriture et \u00e9lectricit\u00e9, plus de deux millions de personnes sont cibl\u00e9es par la machine de guerre sioniste, dans le but de les chasser de leur terre, la Palestine\u00a0\u00bb, a indiqu\u00e9 le Chef de l\u2019Etat.<\/p>\n<p>\u00ab\u00a0Cela se passe sous les yeux du monde et des pays qui soutiennent cette entit\u00e9 usurpatrice et qui ont, pourtant, contribu\u00e9 \u00e0 l&rsquo;\u00e9laboration de la Charte des Nations Unies et des r\u00e8gles du droit international humanitaire\u00a0\u00bb, rappelant que les d\u00e9cisions de l&rsquo;Assembl\u00e9e g\u00e9n\u00e9rale n&rsquo;ont rien chang\u00e9 \u00e0 la nature de l\u2019entit\u00e9 sioniste, qui a commis les massacres les plus horribles, avant la d\u00e9cision de partition et qui continue encore aujourd&rsquo;hui \u00e0 les commettre, \u00e0 travers des r\u00e9solutions du Conseil de s\u00e9curit\u00e9 et de l&rsquo;Assembl\u00e9e g\u00e9n\u00e9rale des Nations Unies\u00a0\u00bb.<\/p>\n<p>Le chef de l&rsquo;Etat a, \u00e9galement, \u00e9voqu\u00e9 le droit du peuple palestinien \u00e0 d\u00e9cider de son propre sort et \u00e0 r\u00e9sister \u00e0 l&rsquo;occupation, rappelant la n\u00e9cessit\u00e9 pour la Tunisie d&rsquo;exprimer haut et fort sa position, lors de la r\u00e9union de l&rsquo;Assembl\u00e9e g\u00e9n\u00e9rale des Nations Unies et affirmant qu&rsquo;elle ne sera pas absente du vote comme elle l&rsquo;a fait en 1991.<\/p>\n","protected":false},"excerpt":{"rendered":"<p>Le Pr\u00e9sident de la R\u00e9publique, Kais Saied a r\u00e9affirm\u00e9 le soutien ind\u00e9fectible de la Tunisie aux Palestinien.<\/p>\n","protected":false},"author":3162,"featured_media":278921,"comment_status":"open","ping_status":"closed","sticky":false,"template":"","format":"standard","meta":{"footnotes":""},"categories":[44],"tags":[2614,5912,2688],"class_list":["post-209694","post","type-post","status-publish","format-standard","has-post-thumbnail","hentry","category-national","tag-kais-saied","tag-nabil-ammar","tag-palestine"],"yoast_head":"<!-- This site is optimized with the Yoast SEO Premium plugin v27.5 (Yoast SEO v27.5) - https:\/\/yoast.com\/product\/yoast-seo-premium-wordpress\/ -->\n<title>Kais Saied r\u00e9affirme le soutien ind\u00e9fectible de la Tunisie aux Palestiniens<\/title>\n<meta name=\"description\" content=\"Le Pr\u00e9sident de la R\u00e9publique, Kais Saied a r\u00e9affirm\u00e9 le soutien ind\u00e9fectible de la Tunisie aux Palestinien.\" \/>\n<link rel=\"canonical\" href=\"https:\/\/www.webdo.tn\/fr\/actualite\/national\/kais-saied-reaffirme-le-soutien-indefectible-de-la-tunisie-aux-palestiniens\/209694\/\" \/>\n<meta property=\"og:locale\" content=\"fr_FR\" \/>\n<meta property=\"og:type\" content=\"article\" \/>\n<meta property=\"og:title\" content=\"Kais Saied r\u00e9affirme le soutien ind\u00e9fectible de la Tunisie aux Palestiniens\" \/>\n<meta property=\"og:description\" content=\"Le Pr\u00e9sident de la R\u00e9publique, Kais Saied a r\u00e9affirm\u00e9 le soutien ind\u00e9fectible de la Tunisie aux Palestinien.\" \/>\n<meta property=\"og:url\" content=\"https:\/\/www.webdo.tn\/fr\/actualite\/national\/kais-saied-reaffirme-le-soutien-indefectible-de-la-tunisie-aux-palestiniens\/209694\/\" \/>\n<meta property=\"og:site_name\" content=\"webdo\" \/>\n<meta property=\"article:publisher\" content=\"https:\/\/www.facebook.com\/webdotn\" \/>\n<meta property=\"article:published_time\" content=\"2023-10-27T23:07:00+00:00\" \/>\n<meta property=\"article:modified_time\" content=\"2025-05-20T22:10:30+00:00\" \/>\n<meta property=\"og:image\" content=\"https:\/\/www.webdo.tn\/fr\/wp-content\/uploads\/2023\/10\/9b4774032202b93e3698909e1fc8ce3f.jpg\" \/>\n\t<meta property=\"og:image:width\" content=\"750\" \/>\n\t<meta property=\"og:image:height\" content=\"400\" \/>\n\t<meta property=\"og:image:type\" content=\"image\/jpeg\" \/>\n<meta name=\"author\" content=\"MC\" \/>\n<meta name=\"twitter:card\" content=\"summary_large_image\" \/>\n<meta name=\"twitter:creator\" content=\"@webdo_tn\" \/>\n<meta name=\"twitter:site\" content=\"@webdo_tn\" \/>\n<meta name=\"twitter:label1\" content=\"\u00c9crit par\" \/>\n\t<meta name=\"twitter:data1\" content=\"MC\" \/>\n\t<meta name=\"twitter:label2\" content=\"Dur\u00e9e de lecture estim\u00e9e\" \/>\n\t<meta name=\"twitter:data2\" content=\"2 minutes\" \/>\n<script type=\"application\/ld+json\" class=\"yoast-schema-graph\">{\"@context\":\"https:\\\/\\\/schema.org\",\"@graph\":[{\"@type\":\"NewsArticle\",\"@id\":\"https:\\\/\\\/www.webdo.tn\\\/fr\\\/actualite\\\/national\\\/kais-saied-reaffirme-le-soutien-indefectible-de-la-tunisie-aux-palestiniens\\\/209694\\\/#article\",\"isPartOf\":{\"@id\":\"https:\\\/\\\/www.webdo.tn\\\/fr\\\/actualite\\\/national\\\/kais-saied-reaffirme-le-soutien-indefectible-de-la-tunisie-aux-palestiniens\\\/209694\\\/\"},\"author\":{\"name\":\"MC\",\"@id\":\"https:\\\/\\\/www.webdo.tn\\\/fr\\\/#\\\/schema\\\/person\\\/2c4929cbf5a809e3bd38617c6ce150f6\"},\"headline\":\"Kais Saied r\u00e9affirme le soutien ind\u00e9fectible de la Tunisie aux Palestiniens\",\"datePublished\":\"2023-10-27T23:07:00+00:00\",\"dateModified\":\"2025-05-20T22:10:30+00:00\",\"mainEntityOfPage\":{\"@id\":\"https:\\\/\\\/www.webdo.tn\\\/fr\\\/actualite\\\/national\\\/kais-saied-reaffirme-le-soutien-indefectible-de-la-tunisie-aux-palestiniens\\\/209694\\\/\"},\"wordCount\":359,\"commentCount\":0,\"publisher\":{\"@id\":\"https:\\\/\\\/www.webdo.tn\\\/fr\\\/#organization\"},\"image\":{\"@id\":\"https:\\\/\\\/www.webdo.tn\\\/fr\\\/actualite\\\/national\\\/kais-saied-reaffirme-le-soutien-indefectible-de-la-tunisie-aux-palestiniens\\\/209694\\\/#primaryimage\"},\"thumbnailUrl\":\"https:\\\/\\\/www.webdo.tn\\\/fr\\\/wp-content\\\/uploads\\\/2023\\\/10\\\/9b4774032202b93e3698909e1fc8ce3f.jpg\",\"keywords\":[\"Kais Saied\",\"Nabil Ammar\",\"Palestine\"],\"articleSection\":[\"National\"],\"inLanguage\":\"fr-FR\"},{\"@type\":\"WebPage\",\"@id\":\"https:\\\/\\\/www.webdo.tn\\\/fr\\\/actualite\\\/national\\\/kais-saied-reaffirme-le-soutien-indefectible-de-la-tunisie-aux-palestiniens\\\/209694\\\/\",\"url\":\"https:\\\/\\\/www.webdo.tn\\\/fr\\\/actualite\\\/national\\\/kais-saied-reaffirme-le-soutien-indefectible-de-la-tunisie-aux-palestiniens\\\/209694\\\/\",\"name\":\"Kais Saied r\u00e9affirme le soutien ind\u00e9fectible de la Tunisie aux Palestiniens\",\"isPartOf\":{\"@id\":\"https:\\\/\\\/www.webdo.tn\\\/fr\\\/#website\"},\"primaryImageOfPage\":{\"@id\":\"https:\\\/\\\/www.webdo.tn\\\/fr\\\/actualite\\\/national\\\/kais-saied-reaffirme-le-soutien-indefectible-de-la-tunisie-aux-palestiniens\\\/209694\\\/#primaryimage\"},\"image\":{\"@id\":\"https:\\\/\\\/www.webdo.tn\\\/fr\\\/actualite\\\/national\\\/kais-saied-reaffirme-le-soutien-indefectible-de-la-tunisie-aux-palestiniens\\\/209694\\\/#primaryimage\"},\"thumbnailUrl\":\"https:\\\/\\\/www.webdo.tn\\\/fr\\\/wp-content\\\/uploads\\\/2023\\\/10\\\/9b4774032202b93e3698909e1fc8ce3f.jpg\",\"datePublished\":\"2023-10-27T23:07:00+00:00\",\"dateModified\":\"2025-05-20T22:10:30+00:00\",\"description\":\"Le Pr\u00e9sident de la R\u00e9publique, Kais Saied a r\u00e9affirm\u00e9 le soutien ind\u00e9fectible de la Tunisie aux Palestinien.\",\"breadcrumb\":{\"@id\":\"https:\\\/\\\/www.webdo.tn\\\/fr\\\/actualite\\\/national\\\/kais-saied-reaffirme-le-soutien-indefectible-de-la-tunisie-aux-palestiniens\\\/209694\\\/#breadcrumb\"},\"inLanguage\":\"fr-FR\",\"potentialAction\":[{\"@type\":\"ReadAction\",\"target\":[\"https:\\\/\\\/www.webdo.tn\\\/fr\\\/actualite\\\/national\\\/kais-saied-reaffirme-le-soutien-indefectible-de-la-tunisie-aux-palestiniens\\\/209694\\\/\"]}]},{\"@type\":\"ImageObject\",\"inLanguage\":\"fr-FR\",\"@id\":\"https:\\\/\\\/www.webdo.tn\\\/fr\\\/actualite\\\/national\\\/kais-saied-reaffirme-le-soutien-indefectible-de-la-tunisie-aux-palestiniens\\\/209694\\\/#primaryimage\",\"url\":\"https:\\\/\\\/www.webdo.tn\\\/fr\\\/wp-content\\\/uploads\\\/2023\\\/10\\\/9b4774032202b93e3698909e1fc8ce3f.jpg\",\"contentUrl\":\"https:\\\/\\\/www.webdo.tn\\\/fr\\\/wp-content\\\/uploads\\\/2023\\\/10\\\/9b4774032202b93e3698909e1fc8ce3f.jpg\",\"width\":750,\"height\":400,\"caption\":\"Kais Saied r\u00e9affirme le soutien ind\u00e9fectible de la Tunisie aux Palestiniens\"},{\"@type\":\"BreadcrumbList\",\"@id\":\"https:\\\/\\\/www.webdo.tn\\\/fr\\\/actualite\\\/national\\\/kais-saied-reaffirme-le-soutien-indefectible-de-la-tunisie-aux-palestiniens\\\/209694\\\/#breadcrumb\",\"itemListElement\":[{\"@type\":\"ListItem\",\"position\":1,\"name\":\"Accueil\",\"item\":\"https:\\\/\\\/www.webdo.tn\\\/fr\\\/\"},{\"@type\":\"ListItem\",\"position\":2,\"name\":\"Kais Saied r\u00e9affirme le soutien ind\u00e9fectible de la Tunisie aux Palestiniens\"}]},{\"@type\":\"WebSite\",\"@id\":\"https:\\\/\\\/www.webdo.tn\\\/fr\\\/#website\",\"url\":\"https:\\\/\\\/www.webdo.tn\\\/fr\\\/\",\"name\":\"webdo\",\"description\":\"Tunisie - News en Tunisie et \u00e0 l&#039;international sur Webdo.tn\",\"publisher\":{\"@id\":\"https:\\\/\\\/www.webdo.tn\\\/fr\\\/#organization\"},\"potentialAction\":[{\"@type\":\"SearchAction\",\"target\":{\"@type\":\"EntryPoint\",\"urlTemplate\":\"https:\\\/\\\/www.webdo.tn\\\/fr\\\/?s={search_term_string}\"},\"query-input\":{\"@type\":\"PropertyValueSpecification\",\"valueRequired\":true,\"valueName\":\"search_term_string\"}}],\"inLanguage\":\"fr-FR\"},{\"@type\":\"Organization\",\"@id\":\"https:\\\/\\\/www.webdo.tn\\\/fr\\\/#organization\",\"name\":\"Webdo\",\"alternateName\":\"Webdo.tn\",\"url\":\"https:\\\/\\\/www.webdo.tn\\\/fr\\\/\",\"logo\":{\"@type\":\"ImageObject\",\"inLanguage\":\"fr-FR\",\"@id\":\"https:\\\/\\\/www.webdo.tn\\\/fr\\\/#\\\/schema\\\/logo\\\/image\\\/\",\"url\":\"https:\\\/\\\/www.webdo.tn\\\/fr\\\/wp-content\\\/uploads\\\/2025\\\/06\\\/Webdo-Tunisie_168377.jpg\",\"contentUrl\":\"https:\\\/\\\/www.webdo.tn\\\/fr\\\/wp-content\\\/uploads\\\/2025\\\/06\\\/Webdo-Tunisie_168377.jpg\",\"width\":301,\"height\":301,\"caption\":\"Webdo\"},\"image\":{\"@id\":\"https:\\\/\\\/www.webdo.tn\\\/fr\\\/#\\\/schema\\\/logo\\\/image\\\/\"},\"sameAs\":[\"https:\\\/\\\/www.facebook.com\\\/webdotn\",\"https:\\\/\\\/x.com\\\/webdo_tn\"],\"description\":\"Webdo est un m\u00e9dia num\u00e9rique tunisien fond\u00e9 en 2010, sp\u00e9cialis\u00e9 dans l\u2019actualit\u00e9 nationale et internationale, l\u2019\u00e9conomie, la soci\u00e9t\u00e9 et les analyses politiques. Le site s\u2019adresse \u00e0 un large public francophone et couvre l\u2019information tunisienne en temps r\u00e9el.\",\"email\":\"redac@webdo.tn\",\"legalName\":\"YNJ SARL\",\"foundingDate\":\"2010-09-06\",\"numberOfEmployees\":{\"@type\":\"QuantitativeValue\",\"minValue\":\"11\",\"maxValue\":\"50\"}},{\"@type\":\"Person\",\"@id\":\"https:\\\/\\\/www.webdo.tn\\\/fr\\\/#\\\/schema\\\/person\\\/2c4929cbf5a809e3bd38617c6ce150f6\",\"name\":\"MC\",\"image\":{\"@type\":\"ImageObject\",\"inLanguage\":\"fr-FR\",\"@id\":\"https:\\\/\\\/secure.gravatar.com\\\/avatar\\\/a545bbb6f84efdd5553dbbc2895e3ca8f1d12c5215e00a041c9670b54aa9b18a?s=96&d=mm&r=g\",\"url\":\"https:\\\/\\\/secure.gravatar.com\\\/avatar\\\/a545bbb6f84efdd5553dbbc2895e3ca8f1d12c5215e00a041c9670b54aa9b18a?s=96&d=mm&r=g\",\"contentUrl\":\"https:\\\/\\\/secure.gravatar.com\\\/avatar\\\/a545bbb6f84efdd5553dbbc2895e3ca8f1d12c5215e00a041c9670b54aa9b18a?s=96&d=mm&r=g\",\"caption\":\"MC\"},\"url\":\"https:\\\/\\\/www.webdo.tn\\\/fr\\\/actualite\\\/author\\\/mc\\\/\"}]}<\/script>\n<!-- \/ Yoast SEO Premium plugin. -->","yoast_head_json":{"title":"Kais Saied r\u00e9affirme le soutien ind\u00e9fectible de la Tunisie aux Palestiniens","description":"Le Pr\u00e9sident de la R\u00e9publique, Kais Saied a r\u00e9affirm\u00e9 le soutien ind\u00e9fectible de la Tunisie aux Palestinien.","canonical":"https:\/\/www.webdo.tn\/fr\/actualite\/national\/kais-saied-reaffirme-le-soutien-indefectible-de-la-tunisie-aux-palestiniens\/209694\/","og_locale":"fr_FR","og_type":"article","og_title":"Kais Saied r\u00e9affirme le soutien ind\u00e9fectible de la Tunisie aux Palestiniens","og_description":"Le Pr\u00e9sident de la R\u00e9publique, Kais Saied a r\u00e9affirm\u00e9 le soutien ind\u00e9fectible de la Tunisie aux Palestinien.","og_url":"https:\/\/www.webdo.tn\/fr\/actualite\/national\/kais-saied-reaffirme-le-soutien-indefectible-de-la-tunisie-aux-palestiniens\/209694\/","og_site_name":"webdo","article_publisher":"https:\/\/www.facebook.com\/webdotn","article_published_time":"2023-10-27T23:07:00+00:00","article_modified_time":"2025-05-20T22:10:30+00:00","og_image":[{"width":750,"height":400,"url":"https:\/\/www.webdo.tn\/fr\/wp-content\/uploads\/2023\/10\/9b4774032202b93e3698909e1fc8ce3f.jpg","type":"image\/jpeg"}],"author":"MC","twitter_card":"summary_large_image","twitter_creator":"@webdo_tn","twitter_site":"@webdo_tn","twitter_misc":{"\u00c9crit par":"MC","Dur\u00e9e de lecture estim\u00e9e":"2 minutes"},"schema":{"@context":"https:\/\/schema.org","@graph":[{"@type":"NewsArticle","@id":"https:\/\/www.webdo.tn\/fr\/actualite\/national\/kais-saied-reaffirme-le-soutien-indefectible-de-la-tunisie-aux-palestiniens\/209694\/#article","isPartOf":{"@id":"https:\/\/www.webdo.tn\/fr\/actualite\/national\/kais-saied-reaffirme-le-soutien-indefectible-de-la-tunisie-aux-palestiniens\/209694\/"},"author":{"name":"MC","@id":"https:\/\/www.webdo.tn\/fr\/#\/schema\/person\/2c4929cbf5a809e3bd38617c6ce150f6"},"headline":"Kais Saied r\u00e9affirme le soutien ind\u00e9fectible de la Tunisie aux Palestiniens","datePublished":"2023-10-27T23:07:00+00:00","dateModified":"2025-05-20T22:10:30+00:00","mainEntityOfPage":{"@id":"https:\/\/www.webdo.tn\/fr\/actualite\/national\/kais-saied-reaffirme-le-soutien-indefectible-de-la-tunisie-aux-palestiniens\/209694\/"},"wordCount":359,"commentCount":0,"publisher":{"@id":"https:\/\/www.webdo.tn\/fr\/#organization"},"image":{"@id":"https:\/\/www.webdo.tn\/fr\/actualite\/national\/kais-saied-reaffirme-le-soutien-indefectible-de-la-tunisie-aux-palestiniens\/209694\/#primaryimage"},"thumbnailUrl":"https:\/\/www.webdo.tn\/fr\/wp-content\/uploads\/2023\/10\/9b4774032202b93e3698909e1fc8ce3f.jpg","keywords":["Kais Saied","Nabil Ammar","Palestine"],"articleSection":["National"],"inLanguage":"fr-FR"},{"@type":"WebPage","@id":"https:\/\/www.webdo.tn\/fr\/actualite\/national\/kais-saied-reaffirme-le-soutien-indefectible-de-la-tunisie-aux-palestiniens\/209694\/","url":"https:\/\/www.webdo.tn\/fr\/actualite\/national\/kais-saied-reaffirme-le-soutien-indefectible-de-la-tunisie-aux-palestiniens\/209694\/","name":"Kais Saied r\u00e9affirme le soutien ind\u00e9fectible de la Tunisie aux Palestiniens","isPartOf":{"@id":"https:\/\/www.webdo.tn\/fr\/#website"},"primaryImageOfPage":{"@id":"https:\/\/www.webdo.tn\/fr\/actualite\/national\/kais-saied-reaffirme-le-soutien-indefectible-de-la-tunisie-aux-palestiniens\/209694\/#primaryimage"},"image":{"@id":"https:\/\/www.webdo.tn\/fr\/actualite\/national\/kais-saied-reaffirme-le-soutien-indefectible-de-la-tunisie-aux-palestiniens\/209694\/#primaryimage"},"thumbnailUrl":"https:\/\/www.webdo.tn\/fr\/wp-content\/uploads\/2023\/10\/9b4774032202b93e3698909e1fc8ce3f.jpg","datePublished":"2023-10-27T23:07:00+00:00","dateModified":"2025-05-20T22:10:30+00:00","description":"Le Pr\u00e9sident de la R\u00e9publique, Kais Saied a r\u00e9affirm\u00e9 le soutien ind\u00e9fectible de la Tunisie aux Palestinien.","breadcrumb":{"@id":"https:\/\/www.webdo.tn\/fr\/actualite\/national\/kais-saied-reaffirme-le-soutien-indefectible-de-la-tunisie-aux-palestiniens\/209694\/#breadcrumb"},"inLanguage":"fr-FR","potentialAction":[{"@type":"ReadAction","target":["https:\/\/www.webdo.tn\/fr\/actualite\/national\/kais-saied-reaffirme-le-soutien-indefectible-de-la-tunisie-aux-palestiniens\/209694\/"]}]},{"@type":"ImageObject","inLanguage":"fr-FR","@id":"https:\/\/www.webdo.tn\/fr\/actualite\/national\/kais-saied-reaffirme-le-soutien-indefectible-de-la-tunisie-aux-palestiniens\/209694\/#primaryimage","url":"https:\/\/www.webdo.tn\/fr\/wp-content\/uploads\/2023\/10\/9b4774032202b93e3698909e1fc8ce3f.jpg","contentUrl":"https:\/\/www.webdo.tn\/fr\/wp-content\/uploads\/2023\/10\/9b4774032202b93e3698909e1fc8ce3f.jpg","width":750,"height":400,"caption":"Kais Saied r\u00e9affirme le soutien ind\u00e9fectible de la Tunisie aux Palestiniens"},{"@type":"BreadcrumbList","@id":"https:\/\/www.webdo.tn\/fr\/actualite\/national\/kais-saied-reaffirme-le-soutien-indefectible-de-la-tunisie-aux-palestiniens\/209694\/#breadcrumb","itemListElement":[{"@type":"ListItem","position":1,"name":"Accueil","item":"https:\/\/www.webdo.tn\/fr\/"},{"@type":"ListItem","position":2,"name":"Kais Saied r\u00e9affirme le soutien ind\u00e9fectible de la Tunisie aux Palestiniens"}]},{"@type":"WebSite","@id":"https:\/\/www.webdo.tn\/fr\/#website","url":"https:\/\/www.webdo.tn\/fr\/","name":"webdo","description":"Tunisie - News en Tunisie et \u00e0 l&#039;international sur Webdo.tn","publisher":{"@id":"https:\/\/www.webdo.tn\/fr\/#organization"},"potentialAction":[{"@type":"SearchAction","target":{"@type":"EntryPoint","urlTemplate":"https:\/\/www.webdo.tn\/fr\/?s={search_term_string}"},"query-input":{"@type":"PropertyValueSpecification","valueRequired":true,"valueName":"search_term_string"}}],"inLanguage":"fr-FR"},{"@type":"Organization","@id":"https:\/\/www.webdo.tn\/fr\/#organization","name":"Webdo","alternateName":"Webdo.tn","url":"https:\/\/www.webdo.tn\/fr\/","logo":{"@type":"ImageObject","inLanguage":"fr-FR","@id":"https:\/\/www.webdo.tn\/fr\/#\/schema\/logo\/image\/","url":"https:\/\/www.webdo.tn\/fr\/wp-content\/uploads\/2025\/06\/Webdo-Tunisie_168377.jpg","contentUrl":"https:\/\/www.webdo.tn\/fr\/wp-content\/uploads\/2025\/06\/Webdo-Tunisie_168377.jpg","width":301,"height":301,"caption":"Webdo"},"image":{"@id":"https:\/\/www.webdo.tn\/fr\/#\/schema\/logo\/image\/"},"sameAs":["https:\/\/www.facebook.com\/webdotn","https:\/\/x.com\/webdo_tn"],"description":"Webdo est un m\u00e9dia num\u00e9rique tunisien fond\u00e9 en 2010, sp\u00e9cialis\u00e9 dans l\u2019actualit\u00e9 nationale et internationale, l\u2019\u00e9conomie, la soci\u00e9t\u00e9 et les analyses politiques. Le site s\u2019adresse \u00e0 un large public francophone et couvre l\u2019information tunisienne en temps r\u00e9el.","email":"redac@webdo.tn","legalName":"YNJ SARL","foundingDate":"2010-09-06","numberOfEmployees":{"@type":"QuantitativeValue","minValue":"11","maxValue":"50"}},{"@type":"Person","@id":"https:\/\/www.webdo.tn\/fr\/#\/schema\/person\/2c4929cbf5a809e3bd38617c6ce150f6","name":"MC","image":{"@type":"ImageObject","inLanguage":"fr-FR","@id":"https:\/\/secure.gravatar.com\/avatar\/a545bbb6f84efdd5553dbbc2895e3ca8f1d12c5215e00a041c9670b54aa9b18a?s=96&d=mm&r=g","url":"https:\/\/secure.gravatar.com\/avatar\/a545bbb6f84efdd5553dbbc2895e3ca8f1d12c5215e00a041c9670b54aa9b18a?s=96&d=mm&r=g","contentUrl":"https:\/\/secure.gravatar.com\/avatar\/a545bbb6f84efdd5553dbbc2895e3ca8f1d12c5215e00a041c9670b54aa9b18a?s=96&d=mm&r=g","caption":"MC"},"url":"https:\/\/www.webdo.tn\/fr\/actualite\/author\/mc\/"}]}},"_links":{"self":[{"href":"https:\/\/www.webdo.tn\/fr\/wp-json\/wp\/v2\/posts\/209694","targetHints":{"allow":["GET"]}}],"collection":[{"href":"https:\/\/www.webdo.tn\/fr\/wp-json\/wp\/v2\/posts"}],"about":[{"href":"https:\/\/www.webdo.tn\/fr\/wp-json\/wp\/v2\/types\/post"}],"author":[{"embeddable":true,"href":"https:\/\/www.webdo.tn\/fr\/wp-json\/wp\/v2\/users\/3162"}],"replies":[{"embeddable":true,"href":"https:\/\/www.webdo.tn\/fr\/wp-json\/wp\/v2\/comments?post=209694"}],"version-history":[{"count":0,"href":"https:\/\/www.webdo.tn\/fr\/wp-json\/wp\/v2\/posts\/209694\/revisions"}],"wp:featuredmedia":[{"embeddable":true,"href":"https:\/\/www.webdo.tn\/fr\/wp-json\/wp\/v2\/media\/278921"}],"wp:attachment":[{"href":"https:\/\/www.webdo.tn\/fr\/wp-json\/wp\/v2\/media?parent=209694"}],"wp:term":[{"taxonomy":"category","embeddable":true,"href":"https:\/\/www.webdo.tn\/fr\/wp-json\/wp\/v2\/categories?post=209694"},{"taxonomy":"post_tag","embeddable":true,"href":"https:\/\/www.webdo.tn\/fr\/wp-json\/wp\/v2\/tags?post=209694"}],"curies":[{"name":"wp","href":"https:\/\/api.w.org\/{rel}","templated":true}]}}