{"id":209682,"date":"2023-10-27T19:25:00","date_gmt":"2023-10-27T19:25:00","guid":{"rendered":"https:\/\/www.webdo.tn\/fr\/blog\/bruxelles-le-complice-de-l-auteur-de-l-attentat-arrete\/209682\/"},"modified":"2023-10-27T19:25:00","modified_gmt":"2023-10-27T19:25:00","slug":"bruxelles-le-complice-de-l-auteur-de-l-attentat-arrete","status":"publish","type":"post","link":"https:\/\/www.webdo.tn\/fr\/actualite\/international\/bruxelles-le-complice-de-l-auteur-de-l-attentat-arrete\/209682\/","title":{"rendered":"Bruxelles : Le complice de l&rsquo;auteur de l&rsquo;attentat arr\u00eat\u00e9"},"content":{"rendered":"<p>La police nationale espagnole a arr\u00eat\u00e9, vendredi 27 octobre 2023, \u00e0 Malaga, un homme, suspect\u00e9 d&rsquo;\u00eatre le complice de l&rsquo;auteur de l&rsquo;attentat de Bruxelles, le 16 octobre dernier.<\/p>\n<p>\t\t\t\t\t\t\t\t\tPoss\u00e9dant la double nationalit\u00e9,\u00a0marocaine et belge, le suspect fait l&rsquo;objet d&rsquo;un mandat d&rsquo;arr\u00eat international, \u00e9mis par les autorit\u00e9s belges,\u00a0pour trafic de drogue, trafic d&rsquo;armes, blanchiment d&rsquo;argent et appartenance \u00e0 une organisation criminelle.<\/p>\n<p>Il \u00e9tait en possession de faux documents, quand la police l&rsquo;a appr\u00e9hend\u00e9. Depuis, Il a \u00e9t\u00e9 plac\u00e9 en d\u00e9tention provisoire.<\/p>\n<p>Il est \u00e0 rappeler que le principal suspect,d\u2019origine tunisienne, a\u00a0tu\u00e9 de sang-froid deux ressortissants su\u00e9dois en pleine rue \u00e0 Bruxelles, avant de d\u00e9c\u00e9der apr\u00e8s avoir \u00e9t\u00e9 touch\u00e9 par balle.<\/p>\n","protected":false},"excerpt":{"rendered":"<p>La police nationale espagnole a arr\u00eat\u00e9, vendredi 27 octobre 2023, \u00e0 Malaga, un homme, suspect\u00e9 d&rsquo;\u00eatre le complice de l&rsquo;auteur de l&rsquo;attentat de Bruxelles, le 16&#8230;<\/p>\n","protected":false},"author":3169,"featured_media":248963,"comment_status":"open","ping_status":"closed","sticky":false,"template":"","format":"standard","meta":{"footnotes":""},"categories":[2598],"tags":[4655,6831,4706,4513,2608],"class_list":["post-209682","post","type-post","status-publish","format-standard","has-post-thumbnail","hentry","category-international","tag-attentat","tag-belgique","tag-suspect","tag-terroriste","tag-tunisie"],"yoast_head":"<!-- This site is optimized with the Yoast SEO Premium plugin v27.4 (Yoast SEO v27.5) - https:\/\/yoast.com\/product\/yoast-seo-premium-wordpress\/ -->\n<title>Bruxelles : Le complice de l&#039;auteur de l&#039;attentat arr\u00eat\u00e9<\/title>\n<meta name=\"description\" content=\"La police nationale espagnole a arr\u00eat\u00e9, vendredi 27 octobre 2023, \u00e0 Malaga, un homme, suspect\u00e9 d&#039;\u00eatre le complice de l&#039;auteur de l&#039;attentat de Bruxelles, le 16...\" \/>\n<link rel=\"canonical\" href=\"https:\/\/www.webdo.tn\/fr\/actualite\/international\/bruxelles-le-complice-de-l-auteur-de-l-attentat-arrete\/209682\/\" \/>\n<meta property=\"og:locale\" content=\"fr_FR\" \/>\n<meta property=\"og:type\" content=\"article\" \/>\n<meta property=\"og:title\" content=\"Bruxelles : Le complice de l&#039;auteur de l&#039;attentat arr\u00eat\u00e9\" \/>\n<meta property=\"og:description\" content=\"La police nationale espagnole a arr\u00eat\u00e9, vendredi 27 octobre 2023, \u00e0 Malaga, un homme, suspect\u00e9 d&#039;\u00eatre le complice de l&#039;auteur de l&#039;attentat de Bruxelles, le 16...\" \/>\n<meta property=\"og:url\" content=\"https:\/\/www.webdo.tn\/fr\/actualite\/international\/bruxelles-le-complice-de-l-auteur-de-l-attentat-arrete\/209682\/\" \/>\n<meta property=\"og:site_name\" content=\"webdo\" \/>\n<meta property=\"article:publisher\" content=\"https:\/\/www.facebook.com\/webdotn\" \/>\n<meta property=\"article:published_time\" content=\"2023-10-27T19:25:00+00:00\" \/>\n<meta property=\"og:image\" content=\"https:\/\/www.webdo.tn\/fr\/wp-content\/uploads\/2023\/10\/9c012c834500dbbe04a474f474af17e0.jpg\" \/>\n\t<meta property=\"og:image:width\" content=\"750\" \/>\n\t<meta property=\"og:image:height\" content=\"400\" \/>\n\t<meta property=\"og:image:type\" content=\"image\/jpeg\" \/>\n<meta name=\"author\" content=\"Webdo\" \/>\n<meta name=\"twitter:card\" content=\"summary_large_image\" \/>\n<meta name=\"twitter:creator\" content=\"@webdo_tn\" \/>\n<meta name=\"twitter:site\" content=\"@webdo_tn\" \/>\n<meta name=\"twitter:label1\" content=\"\u00c9crit par\" \/>\n\t<meta name=\"twitter:data1\" content=\"Webdo\" \/>\n\t<meta name=\"twitter:label2\" content=\"Dur\u00e9e de lecture estim\u00e9e\" \/>\n\t<meta name=\"twitter:data2\" content=\"1 minute\" \/>\n<script type=\"application\/ld+json\" class=\"yoast-schema-graph\">{\"@context\":\"https:\\\/\\\/schema.org\",\"@graph\":[{\"@type\":\"NewsArticle\",\"@id\":\"https:\\\/\\\/www.webdo.tn\\\/fr\\\/actualite\\\/international\\\/bruxelles-le-complice-de-l-auteur-de-l-attentat-arrete\\\/209682\\\/#article\",\"isPartOf\":{\"@id\":\"https:\\\/\\\/www.webdo.tn\\\/fr\\\/actualite\\\/international\\\/bruxelles-le-complice-de-l-auteur-de-l-attentat-arrete\\\/209682\\\/\"},\"author\":{\"name\":\"Webdo\",\"@id\":\"https:\\\/\\\/www.webdo.tn\\\/fr\\\/#\\\/schema\\\/person\\\/1f4e491e0907b413d61089e8eb573acc\"},\"headline\":\"Bruxelles : Le complice de l&rsquo;auteur de l&rsquo;attentat arr\u00eat\u00e9\",\"datePublished\":\"2023-10-27T19:25:00+00:00\",\"mainEntityOfPage\":{\"@id\":\"https:\\\/\\\/www.webdo.tn\\\/fr\\\/actualite\\\/international\\\/bruxelles-le-complice-de-l-auteur-de-l-attentat-arrete\\\/209682\\\/\"},\"wordCount\":137,\"commentCount\":0,\"publisher\":{\"@id\":\"https:\\\/\\\/www.webdo.tn\\\/fr\\\/#organization\"},\"image\":{\"@id\":\"https:\\\/\\\/www.webdo.tn\\\/fr\\\/actualite\\\/international\\\/bruxelles-le-complice-de-l-auteur-de-l-attentat-arrete\\\/209682\\\/#primaryimage\"},\"thumbnailUrl\":\"https:\\\/\\\/www.webdo.tn\\\/fr\\\/wp-content\\\/uploads\\\/2023\\\/10\\\/9c012c834500dbbe04a474f474af17e0.jpg\",\"keywords\":[\"attentat\",\"belgique\",\"suspect\",\"Terroriste\",\"Tunisie\"],\"articleSection\":[\"International\"],\"inLanguage\":\"fr-FR\"},{\"@type\":\"WebPage\",\"@id\":\"https:\\\/\\\/www.webdo.tn\\\/fr\\\/actualite\\\/international\\\/bruxelles-le-complice-de-l-auteur-de-l-attentat-arrete\\\/209682\\\/\",\"url\":\"https:\\\/\\\/www.webdo.tn\\\/fr\\\/actualite\\\/international\\\/bruxelles-le-complice-de-l-auteur-de-l-attentat-arrete\\\/209682\\\/\",\"name\":\"Bruxelles : Le complice de l'auteur de l'attentat arr\u00eat\u00e9\",\"isPartOf\":{\"@id\":\"https:\\\/\\\/www.webdo.tn\\\/fr\\\/#website\"},\"primaryImageOfPage\":{\"@id\":\"https:\\\/\\\/www.webdo.tn\\\/fr\\\/actualite\\\/international\\\/bruxelles-le-complice-de-l-auteur-de-l-attentat-arrete\\\/209682\\\/#primaryimage\"},\"image\":{\"@id\":\"https:\\\/\\\/www.webdo.tn\\\/fr\\\/actualite\\\/international\\\/bruxelles-le-complice-de-l-auteur-de-l-attentat-arrete\\\/209682\\\/#primaryimage\"},\"thumbnailUrl\":\"https:\\\/\\\/www.webdo.tn\\\/fr\\\/wp-content\\\/uploads\\\/2023\\\/10\\\/9c012c834500dbbe04a474f474af17e0.jpg\",\"datePublished\":\"2023-10-27T19:25:00+00:00\",\"description\":\"La police nationale espagnole a arr\u00eat\u00e9, vendredi 27 octobre 2023, \u00e0 Malaga, un homme, suspect\u00e9 d'\u00eatre le complice de l'auteur de l'attentat de Bruxelles, le 16...\",\"breadcrumb\":{\"@id\":\"https:\\\/\\\/www.webdo.tn\\\/fr\\\/actualite\\\/international\\\/bruxelles-le-complice-de-l-auteur-de-l-attentat-arrete\\\/209682\\\/#breadcrumb\"},\"inLanguage\":\"fr-FR\",\"potentialAction\":[{\"@type\":\"ReadAction\",\"target\":[\"https:\\\/\\\/www.webdo.tn\\\/fr\\\/actualite\\\/international\\\/bruxelles-le-complice-de-l-auteur-de-l-attentat-arrete\\\/209682\\\/\"]}]},{\"@type\":\"ImageObject\",\"inLanguage\":\"fr-FR\",\"@id\":\"https:\\\/\\\/www.webdo.tn\\\/fr\\\/actualite\\\/international\\\/bruxelles-le-complice-de-l-auteur-de-l-attentat-arrete\\\/209682\\\/#primaryimage\",\"url\":\"https:\\\/\\\/www.webdo.tn\\\/fr\\\/wp-content\\\/uploads\\\/2023\\\/10\\\/9c012c834500dbbe04a474f474af17e0.jpg\",\"contentUrl\":\"https:\\\/\\\/www.webdo.tn\\\/fr\\\/wp-content\\\/uploads\\\/2023\\\/10\\\/9c012c834500dbbe04a474f474af17e0.jpg\",\"width\":750,\"height\":400,\"caption\":\"Bruxelles : Le complice de l'auteur de l'attentat arr\u00eat\u00e9\"},{\"@type\":\"BreadcrumbList\",\"@id\":\"https:\\\/\\\/www.webdo.tn\\\/fr\\\/actualite\\\/international\\\/bruxelles-le-complice-de-l-auteur-de-l-attentat-arrete\\\/209682\\\/#breadcrumb\",\"itemListElement\":[{\"@type\":\"ListItem\",\"position\":1,\"name\":\"Accueil\",\"item\":\"https:\\\/\\\/www.webdo.tn\\\/fr\\\/\"},{\"@type\":\"ListItem\",\"position\":2,\"name\":\"Bruxelles : Le complice de l&rsquo;auteur de l&rsquo;attentat arr\u00eat\u00e9\"}]},{\"@type\":\"WebSite\",\"@id\":\"https:\\\/\\\/www.webdo.tn\\\/fr\\\/#website\",\"url\":\"https:\\\/\\\/www.webdo.tn\\\/fr\\\/\",\"name\":\"webdo\",\"description\":\"Tunisie - News en Tunisie et \u00e0 l&#039;international sur Webdo.tn\",\"publisher\":{\"@id\":\"https:\\\/\\\/www.webdo.tn\\\/fr\\\/#organization\"},\"potentialAction\":[{\"@type\":\"SearchAction\",\"target\":{\"@type\":\"EntryPoint\",\"urlTemplate\":\"https:\\\/\\\/www.webdo.tn\\\/fr\\\/?s={search_term_string}\"},\"query-input\":{\"@type\":\"PropertyValueSpecification\",\"valueRequired\":true,\"valueName\":\"search_term_string\"}}],\"inLanguage\":\"fr-FR\"},{\"@type\":\"Organization\",\"@id\":\"https:\\\/\\\/www.webdo.tn\\\/fr\\\/#organization\",\"name\":\"Webdo\",\"alternateName\":\"Webdo.tn\",\"url\":\"https:\\\/\\\/www.webdo.tn\\\/fr\\\/\",\"logo\":{\"@type\":\"ImageObject\",\"inLanguage\":\"fr-FR\",\"@id\":\"https:\\\/\\\/www.webdo.tn\\\/fr\\\/#\\\/schema\\\/logo\\\/image\\\/\",\"url\":\"https:\\\/\\\/www.webdo.tn\\\/fr\\\/wp-content\\\/uploads\\\/2025\\\/06\\\/Webdo-Tunisie_168377.jpg\",\"contentUrl\":\"https:\\\/\\\/www.webdo.tn\\\/fr\\\/wp-content\\\/uploads\\\/2025\\\/06\\\/Webdo-Tunisie_168377.jpg\",\"width\":301,\"height\":301,\"caption\":\"Webdo\"},\"image\":{\"@id\":\"https:\\\/\\\/www.webdo.tn\\\/fr\\\/#\\\/schema\\\/logo\\\/image\\\/\"},\"sameAs\":[\"https:\\\/\\\/www.facebook.com\\\/webdotn\",\"https:\\\/\\\/x.com\\\/webdo_tn\"],\"description\":\"Webdo est un m\u00e9dia num\u00e9rique tunisien fond\u00e9 en 2010, sp\u00e9cialis\u00e9 dans l\u2019actualit\u00e9 nationale et internationale, l\u2019\u00e9conomie, la soci\u00e9t\u00e9 et les analyses politiques. Le site s\u2019adresse \u00e0 un large public francophone et couvre l\u2019information tunisienne en temps r\u00e9el.\",\"email\":\"redac@webdo.tn\",\"legalName\":\"YNJ SARL\",\"foundingDate\":\"2010-09-06\",\"numberOfEmployees\":{\"@type\":\"QuantitativeValue\",\"minValue\":\"11\",\"maxValue\":\"50\"}},{\"@type\":\"Person\",\"@id\":\"https:\\\/\\\/www.webdo.tn\\\/fr\\\/#\\\/schema\\\/person\\\/1f4e491e0907b413d61089e8eb573acc\",\"name\":\"Webdo\",\"image\":{\"@type\":\"ImageObject\",\"inLanguage\":\"fr-FR\",\"@id\":\"https:\\\/\\\/secure.gravatar.com\\\/avatar\\\/de97aeec1bb80978a9dbb127e47dfc88aaacb2f3c29aac907d8d3222e3495d49?s=96&d=mm&r=g\",\"url\":\"https:\\\/\\\/secure.gravatar.com\\\/avatar\\\/de97aeec1bb80978a9dbb127e47dfc88aaacb2f3c29aac907d8d3222e3495d49?s=96&d=mm&r=g\",\"contentUrl\":\"https:\\\/\\\/secure.gravatar.com\\\/avatar\\\/de97aeec1bb80978a9dbb127e47dfc88aaacb2f3c29aac907d8d3222e3495d49?s=96&d=mm&r=g\",\"caption\":\"Webdo\"},\"url\":\"https:\\\/\\\/www.webdo.tn\\\/fr\\\/actualite\\\/author\\\/webdo\\\/\"}]}<\/script>\n<!-- \/ Yoast SEO Premium plugin. -->","yoast_head_json":{"title":"Bruxelles : Le complice de l'auteur de l'attentat arr\u00eat\u00e9","description":"La police nationale espagnole a arr\u00eat\u00e9, vendredi 27 octobre 2023, \u00e0 Malaga, un homme, suspect\u00e9 d'\u00eatre le complice de l'auteur de l'attentat de Bruxelles, le 16...","canonical":"https:\/\/www.webdo.tn\/fr\/actualite\/international\/bruxelles-le-complice-de-l-auteur-de-l-attentat-arrete\/209682\/","og_locale":"fr_FR","og_type":"article","og_title":"Bruxelles : Le complice de l'auteur de l'attentat arr\u00eat\u00e9","og_description":"La police nationale espagnole a arr\u00eat\u00e9, vendredi 27 octobre 2023, \u00e0 Malaga, un homme, suspect\u00e9 d'\u00eatre le complice de l'auteur de l'attentat de Bruxelles, le 16...","og_url":"https:\/\/www.webdo.tn\/fr\/actualite\/international\/bruxelles-le-complice-de-l-auteur-de-l-attentat-arrete\/209682\/","og_site_name":"webdo","article_publisher":"https:\/\/www.facebook.com\/webdotn","article_published_time":"2023-10-27T19:25:00+00:00","og_image":[{"width":750,"height":400,"url":"https:\/\/www.webdo.tn\/fr\/wp-content\/uploads\/2023\/10\/9c012c834500dbbe04a474f474af17e0.jpg","type":"image\/jpeg"}],"author":"Webdo","twitter_card":"summary_large_image","twitter_creator":"@webdo_tn","twitter_site":"@webdo_tn","twitter_misc":{"\u00c9crit par":"Webdo","Dur\u00e9e de lecture estim\u00e9e":"1 minute"},"schema":{"@context":"https:\/\/schema.org","@graph":[{"@type":"NewsArticle","@id":"https:\/\/www.webdo.tn\/fr\/actualite\/international\/bruxelles-le-complice-de-l-auteur-de-l-attentat-arrete\/209682\/#article","isPartOf":{"@id":"https:\/\/www.webdo.tn\/fr\/actualite\/international\/bruxelles-le-complice-de-l-auteur-de-l-attentat-arrete\/209682\/"},"author":{"name":"Webdo","@id":"https:\/\/www.webdo.tn\/fr\/#\/schema\/person\/1f4e491e0907b413d61089e8eb573acc"},"headline":"Bruxelles : Le complice de l&rsquo;auteur de l&rsquo;attentat arr\u00eat\u00e9","datePublished":"2023-10-27T19:25:00+00:00","mainEntityOfPage":{"@id":"https:\/\/www.webdo.tn\/fr\/actualite\/international\/bruxelles-le-complice-de-l-auteur-de-l-attentat-arrete\/209682\/"},"wordCount":137,"commentCount":0,"publisher":{"@id":"https:\/\/www.webdo.tn\/fr\/#organization"},"image":{"@id":"https:\/\/www.webdo.tn\/fr\/actualite\/international\/bruxelles-le-complice-de-l-auteur-de-l-attentat-arrete\/209682\/#primaryimage"},"thumbnailUrl":"https:\/\/www.webdo.tn\/fr\/wp-content\/uploads\/2023\/10\/9c012c834500dbbe04a474f474af17e0.jpg","keywords":["attentat","belgique","suspect","Terroriste","Tunisie"],"articleSection":["International"],"inLanguage":"fr-FR"},{"@type":"WebPage","@id":"https:\/\/www.webdo.tn\/fr\/actualite\/international\/bruxelles-le-complice-de-l-auteur-de-l-attentat-arrete\/209682\/","url":"https:\/\/www.webdo.tn\/fr\/actualite\/international\/bruxelles-le-complice-de-l-auteur-de-l-attentat-arrete\/209682\/","name":"Bruxelles : Le complice de l'auteur de l'attentat arr\u00eat\u00e9","isPartOf":{"@id":"https:\/\/www.webdo.tn\/fr\/#website"},"primaryImageOfPage":{"@id":"https:\/\/www.webdo.tn\/fr\/actualite\/international\/bruxelles-le-complice-de-l-auteur-de-l-attentat-arrete\/209682\/#primaryimage"},"image":{"@id":"https:\/\/www.webdo.tn\/fr\/actualite\/international\/bruxelles-le-complice-de-l-auteur-de-l-attentat-arrete\/209682\/#primaryimage"},"thumbnailUrl":"https:\/\/www.webdo.tn\/fr\/wp-content\/uploads\/2023\/10\/9c012c834500dbbe04a474f474af17e0.jpg","datePublished":"2023-10-27T19:25:00+00:00","description":"La police nationale espagnole a arr\u00eat\u00e9, vendredi 27 octobre 2023, \u00e0 Malaga, un homme, suspect\u00e9 d'\u00eatre le complice de l'auteur de l'attentat de Bruxelles, le 16...","breadcrumb":{"@id":"https:\/\/www.webdo.tn\/fr\/actualite\/international\/bruxelles-le-complice-de-l-auteur-de-l-attentat-arrete\/209682\/#breadcrumb"},"inLanguage":"fr-FR","potentialAction":[{"@type":"ReadAction","target":["https:\/\/www.webdo.tn\/fr\/actualite\/international\/bruxelles-le-complice-de-l-auteur-de-l-attentat-arrete\/209682\/"]}]},{"@type":"ImageObject","inLanguage":"fr-FR","@id":"https:\/\/www.webdo.tn\/fr\/actualite\/international\/bruxelles-le-complice-de-l-auteur-de-l-attentat-arrete\/209682\/#primaryimage","url":"https:\/\/www.webdo.tn\/fr\/wp-content\/uploads\/2023\/10\/9c012c834500dbbe04a474f474af17e0.jpg","contentUrl":"https:\/\/www.webdo.tn\/fr\/wp-content\/uploads\/2023\/10\/9c012c834500dbbe04a474f474af17e0.jpg","width":750,"height":400,"caption":"Bruxelles : Le complice de l'auteur de l'attentat arr\u00eat\u00e9"},{"@type":"BreadcrumbList","@id":"https:\/\/www.webdo.tn\/fr\/actualite\/international\/bruxelles-le-complice-de-l-auteur-de-l-attentat-arrete\/209682\/#breadcrumb","itemListElement":[{"@type":"ListItem","position":1,"name":"Accueil","item":"https:\/\/www.webdo.tn\/fr\/"},{"@type":"ListItem","position":2,"name":"Bruxelles : Le complice de l&rsquo;auteur de l&rsquo;attentat arr\u00eat\u00e9"}]},{"@type":"WebSite","@id":"https:\/\/www.webdo.tn\/fr\/#website","url":"https:\/\/www.webdo.tn\/fr\/","name":"webdo","description":"Tunisie - News en Tunisie et \u00e0 l&#039;international sur Webdo.tn","publisher":{"@id":"https:\/\/www.webdo.tn\/fr\/#organization"},"potentialAction":[{"@type":"SearchAction","target":{"@type":"EntryPoint","urlTemplate":"https:\/\/www.webdo.tn\/fr\/?s={search_term_string}"},"query-input":{"@type":"PropertyValueSpecification","valueRequired":true,"valueName":"search_term_string"}}],"inLanguage":"fr-FR"},{"@type":"Organization","@id":"https:\/\/www.webdo.tn\/fr\/#organization","name":"Webdo","alternateName":"Webdo.tn","url":"https:\/\/www.webdo.tn\/fr\/","logo":{"@type":"ImageObject","inLanguage":"fr-FR","@id":"https:\/\/www.webdo.tn\/fr\/#\/schema\/logo\/image\/","url":"https:\/\/www.webdo.tn\/fr\/wp-content\/uploads\/2025\/06\/Webdo-Tunisie_168377.jpg","contentUrl":"https:\/\/www.webdo.tn\/fr\/wp-content\/uploads\/2025\/06\/Webdo-Tunisie_168377.jpg","width":301,"height":301,"caption":"Webdo"},"image":{"@id":"https:\/\/www.webdo.tn\/fr\/#\/schema\/logo\/image\/"},"sameAs":["https:\/\/www.facebook.com\/webdotn","https:\/\/x.com\/webdo_tn"],"description":"Webdo est un m\u00e9dia num\u00e9rique tunisien fond\u00e9 en 2010, sp\u00e9cialis\u00e9 dans l\u2019actualit\u00e9 nationale et internationale, l\u2019\u00e9conomie, la soci\u00e9t\u00e9 et les analyses politiques. Le site s\u2019adresse \u00e0 un large public francophone et couvre l\u2019information tunisienne en temps r\u00e9el.","email":"redac@webdo.tn","legalName":"YNJ SARL","foundingDate":"2010-09-06","numberOfEmployees":{"@type":"QuantitativeValue","minValue":"11","maxValue":"50"}},{"@type":"Person","@id":"https:\/\/www.webdo.tn\/fr\/#\/schema\/person\/1f4e491e0907b413d61089e8eb573acc","name":"Webdo","image":{"@type":"ImageObject","inLanguage":"fr-FR","@id":"https:\/\/secure.gravatar.com\/avatar\/de97aeec1bb80978a9dbb127e47dfc88aaacb2f3c29aac907d8d3222e3495d49?s=96&d=mm&r=g","url":"https:\/\/secure.gravatar.com\/avatar\/de97aeec1bb80978a9dbb127e47dfc88aaacb2f3c29aac907d8d3222e3495d49?s=96&d=mm&r=g","contentUrl":"https:\/\/secure.gravatar.com\/avatar\/de97aeec1bb80978a9dbb127e47dfc88aaacb2f3c29aac907d8d3222e3495d49?s=96&d=mm&r=g","caption":"Webdo"},"url":"https:\/\/www.webdo.tn\/fr\/actualite\/author\/webdo\/"}]}},"_links":{"self":[{"href":"https:\/\/www.webdo.tn\/fr\/wp-json\/wp\/v2\/posts\/209682","targetHints":{"allow":["GET"]}}],"collection":[{"href":"https:\/\/www.webdo.tn\/fr\/wp-json\/wp\/v2\/posts"}],"about":[{"href":"https:\/\/www.webdo.tn\/fr\/wp-json\/wp\/v2\/types\/post"}],"author":[{"embeddable":true,"href":"https:\/\/www.webdo.tn\/fr\/wp-json\/wp\/v2\/users\/3169"}],"replies":[{"embeddable":true,"href":"https:\/\/www.webdo.tn\/fr\/wp-json\/wp\/v2\/comments?post=209682"}],"version-history":[{"count":0,"href":"https:\/\/www.webdo.tn\/fr\/wp-json\/wp\/v2\/posts\/209682\/revisions"}],"wp:featuredmedia":[{"embeddable":true,"href":"https:\/\/www.webdo.tn\/fr\/wp-json\/wp\/v2\/media\/248963"}],"wp:attachment":[{"href":"https:\/\/www.webdo.tn\/fr\/wp-json\/wp\/v2\/media?parent=209682"}],"wp:term":[{"taxonomy":"category","embeddable":true,"href":"https:\/\/www.webdo.tn\/fr\/wp-json\/wp\/v2\/categories?post=209682"},{"taxonomy":"post_tag","embeddable":true,"href":"https:\/\/www.webdo.tn\/fr\/wp-json\/wp\/v2\/tags?post=209682"}],"curies":[{"name":"wp","href":"https:\/\/api.w.org\/{rel}","templated":true}]}}