{"id":209680,"date":"2023-10-27T18:58:00","date_gmt":"2023-10-27T18:58:00","guid":{"rendered":"https:\/\/www.webdo.tn\/fr\/blog\/gaza-l-armee-d-occupation-annonce-etendre-ses-operations-terrestres\/209680\/"},"modified":"2023-10-27T18:58:00","modified_gmt":"2023-10-27T18:58:00","slug":"gaza-l-armee-d-occupation-annonce-etendre-ses-operations-terrestres","status":"publish","type":"post","link":"https:\/\/www.webdo.tn\/fr\/actualite\/international\/gaza-l-armee-d-occupation-annonce-etendre-ses-operations-terrestres\/209680\/","title":{"rendered":"Gaza : l&rsquo;arm\u00e9e d\u2019occupation annonce \u00e9tendre ses op\u00e9rations terrestres"},"content":{"rendered":"<p>L&rsquo;arm\u00e9e d\u2019occupation a annonc\u00e9, ce vendredi 27 octobre, qu&rsquo;elle compte \u00e9tendre ses op\u00e9rations terrestres, d\u00e8s ce soir, dans la bande de Gaza et ce, apr\u00e8s avoir intensifi\u00e9 ses frappes d&rsquo;une mani\u00e8re tr\u00e8s significative.<\/p>\n<p>\t\t\t\t\t\t\t\t\tLa cha\u00eene palestinienne Al-Aqsa avait, d&rsquo;ailleurs, annonc\u00e9 quelques temps avant\u00a0que \u00ab l\u2019arm\u00e9e d\u2019occupation intensifie ses bombardements par air, mer et terre sur tous les districts de Gaza<\/p>\n<p>Pour r\u00e9agir, la branche militaire du Hamas a annonc\u00e9 avoir tir\u00e9 \u00ab\u00a0des salves de roquettes\u00a0\u00bb en direction d&rsquo;Isra\u00ebl.<\/p>\n<p>Il est \u00e0 noter que l&rsquo;acc\u00e8s \u00e0 internet dans la bande de Gaza a \u00e9t\u00e9 interrompu, selon l&rsquo;observatoire Netblocks, qui explique que les donn\u00e9es du r\u00e9seau en direct montrent un effondrement de la connectivit\u00e9 dans la bande de Gaza.<\/p>\n","protected":false},"excerpt":{"rendered":"<p>L&rsquo;arm\u00e9e d\u2019occupation a annonc\u00e9, ce vendredi 27 octobre, qu&rsquo;elle compte \u00e9tendre ses op\u00e9rations terrestres, d\u00e8s ce soir, dans la bande de Gaza et ce, apr\u00e8s avoir&#8230;<\/p>\n","protected":false},"author":3169,"featured_media":248962,"comment_status":"open","ping_status":"closed","sticky":false,"template":"","format":"standard","meta":{"footnotes":""},"categories":[2598],"tags":[7678,2689,2600,3349,7677,2688],"class_list":["post-209680","post","type-post","status-publish","format-standard","has-post-thumbnail","hentry","category-international","tag-bombardements","tag-gaza","tag-guerre","tag-hamas","tag-occupation","tag-palestine"],"yoast_head":"<!-- This site is optimized with the Yoast SEO Premium plugin v27.5 (Yoast SEO v27.5) - https:\/\/yoast.com\/product\/yoast-seo-premium-wordpress\/ -->\n<title>Gaza : l&#039;arm\u00e9e d\u2019occupation annonce \u00e9tendre ses op\u00e9rations terrestres<\/title>\n<meta name=\"description\" content=\"L&#039;arm\u00e9e d\u2019occupation a annonc\u00e9, ce vendredi 27 octobre, qu&#039;elle compte \u00e9tendre ses op\u00e9rations terrestres, d\u00e8s ce soir, dans la bande de Gaza et ce, apr\u00e8s avoir...\" \/>\n<link rel=\"canonical\" href=\"https:\/\/www.webdo.tn\/fr\/actualite\/international\/gaza-l-armee-d-occupation-annonce-etendre-ses-operations-terrestres\/209680\/\" \/>\n<meta property=\"og:locale\" content=\"fr_FR\" \/>\n<meta property=\"og:type\" content=\"article\" \/>\n<meta property=\"og:title\" content=\"Gaza : l&#039;arm\u00e9e d\u2019occupation annonce \u00e9tendre ses op\u00e9rations terrestres\" \/>\n<meta property=\"og:description\" content=\"L&#039;arm\u00e9e d\u2019occupation a annonc\u00e9, ce vendredi 27 octobre, qu&#039;elle compte \u00e9tendre ses op\u00e9rations terrestres, d\u00e8s ce soir, dans la bande de Gaza et ce, apr\u00e8s avoir...\" \/>\n<meta property=\"og:url\" content=\"https:\/\/www.webdo.tn\/fr\/actualite\/international\/gaza-l-armee-d-occupation-annonce-etendre-ses-operations-terrestres\/209680\/\" \/>\n<meta property=\"og:site_name\" content=\"webdo\" \/>\n<meta property=\"article:publisher\" content=\"https:\/\/www.facebook.com\/webdotn\" \/>\n<meta property=\"article:published_time\" content=\"2023-10-27T18:58:00+00:00\" \/>\n<meta property=\"og:image\" content=\"https:\/\/www.webdo.tn\/fr\/wp-content\/uploads\/2023\/10\/a34812c2246356fe1acf9631039d08b7.jpg\" \/>\n\t<meta property=\"og:image:width\" content=\"750\" \/>\n\t<meta property=\"og:image:height\" content=\"400\" \/>\n\t<meta property=\"og:image:type\" content=\"image\/jpeg\" \/>\n<meta name=\"author\" content=\"Webdo\" \/>\n<meta name=\"twitter:card\" content=\"summary_large_image\" \/>\n<meta name=\"twitter:creator\" content=\"@webdo_tn\" \/>\n<meta name=\"twitter:site\" content=\"@webdo_tn\" \/>\n<meta name=\"twitter:label1\" content=\"\u00c9crit par\" \/>\n\t<meta name=\"twitter:data1\" content=\"Webdo\" \/>\n\t<meta name=\"twitter:label2\" content=\"Dur\u00e9e de lecture estim\u00e9e\" \/>\n\t<meta name=\"twitter:data2\" content=\"1 minute\" \/>\n<script type=\"application\/ld+json\" class=\"yoast-schema-graph\">{\"@context\":\"https:\\\/\\\/schema.org\",\"@graph\":[{\"@type\":\"NewsArticle\",\"@id\":\"https:\\\/\\\/www.webdo.tn\\\/fr\\\/actualite\\\/international\\\/gaza-l-armee-d-occupation-annonce-etendre-ses-operations-terrestres\\\/209680\\\/#article\",\"isPartOf\":{\"@id\":\"https:\\\/\\\/www.webdo.tn\\\/fr\\\/actualite\\\/international\\\/gaza-l-armee-d-occupation-annonce-etendre-ses-operations-terrestres\\\/209680\\\/\"},\"author\":{\"name\":\"Webdo\",\"@id\":\"https:\\\/\\\/www.webdo.tn\\\/fr\\\/#\\\/schema\\\/person\\\/1f4e491e0907b413d61089e8eb573acc\"},\"headline\":\"Gaza : l&rsquo;arm\u00e9e d\u2019occupation annonce \u00e9tendre ses op\u00e9rations terrestres\",\"datePublished\":\"2023-10-27T18:58:00+00:00\",\"mainEntityOfPage\":{\"@id\":\"https:\\\/\\\/www.webdo.tn\\\/fr\\\/actualite\\\/international\\\/gaza-l-armee-d-occupation-annonce-etendre-ses-operations-terrestres\\\/209680\\\/\"},\"wordCount\":149,\"commentCount\":0,\"publisher\":{\"@id\":\"https:\\\/\\\/www.webdo.tn\\\/fr\\\/#organization\"},\"image\":{\"@id\":\"https:\\\/\\\/www.webdo.tn\\\/fr\\\/actualite\\\/international\\\/gaza-l-armee-d-occupation-annonce-etendre-ses-operations-terrestres\\\/209680\\\/#primaryimage\"},\"thumbnailUrl\":\"https:\\\/\\\/www.webdo.tn\\\/fr\\\/wp-content\\\/uploads\\\/2023\\\/10\\\/a34812c2246356fe1acf9631039d08b7.jpg\",\"keywords\":[\"bombardements\",\"Gaza\",\"guerre\",\"hamas\",\"occupation\",\"Palestine\"],\"articleSection\":[\"International\"],\"inLanguage\":\"fr-FR\"},{\"@type\":\"WebPage\",\"@id\":\"https:\\\/\\\/www.webdo.tn\\\/fr\\\/actualite\\\/international\\\/gaza-l-armee-d-occupation-annonce-etendre-ses-operations-terrestres\\\/209680\\\/\",\"url\":\"https:\\\/\\\/www.webdo.tn\\\/fr\\\/actualite\\\/international\\\/gaza-l-armee-d-occupation-annonce-etendre-ses-operations-terrestres\\\/209680\\\/\",\"name\":\"Gaza : l'arm\u00e9e d\u2019occupation annonce \u00e9tendre ses op\u00e9rations terrestres\",\"isPartOf\":{\"@id\":\"https:\\\/\\\/www.webdo.tn\\\/fr\\\/#website\"},\"primaryImageOfPage\":{\"@id\":\"https:\\\/\\\/www.webdo.tn\\\/fr\\\/actualite\\\/international\\\/gaza-l-armee-d-occupation-annonce-etendre-ses-operations-terrestres\\\/209680\\\/#primaryimage\"},\"image\":{\"@id\":\"https:\\\/\\\/www.webdo.tn\\\/fr\\\/actualite\\\/international\\\/gaza-l-armee-d-occupation-annonce-etendre-ses-operations-terrestres\\\/209680\\\/#primaryimage\"},\"thumbnailUrl\":\"https:\\\/\\\/www.webdo.tn\\\/fr\\\/wp-content\\\/uploads\\\/2023\\\/10\\\/a34812c2246356fe1acf9631039d08b7.jpg\",\"datePublished\":\"2023-10-27T18:58:00+00:00\",\"description\":\"L'arm\u00e9e d\u2019occupation a annonc\u00e9, ce vendredi 27 octobre, qu'elle compte \u00e9tendre ses op\u00e9rations terrestres, d\u00e8s ce soir, dans la bande de Gaza et ce, apr\u00e8s avoir...\",\"breadcrumb\":{\"@id\":\"https:\\\/\\\/www.webdo.tn\\\/fr\\\/actualite\\\/international\\\/gaza-l-armee-d-occupation-annonce-etendre-ses-operations-terrestres\\\/209680\\\/#breadcrumb\"},\"inLanguage\":\"fr-FR\",\"potentialAction\":[{\"@type\":\"ReadAction\",\"target\":[\"https:\\\/\\\/www.webdo.tn\\\/fr\\\/actualite\\\/international\\\/gaza-l-armee-d-occupation-annonce-etendre-ses-operations-terrestres\\\/209680\\\/\"]}]},{\"@type\":\"ImageObject\",\"inLanguage\":\"fr-FR\",\"@id\":\"https:\\\/\\\/www.webdo.tn\\\/fr\\\/actualite\\\/international\\\/gaza-l-armee-d-occupation-annonce-etendre-ses-operations-terrestres\\\/209680\\\/#primaryimage\",\"url\":\"https:\\\/\\\/www.webdo.tn\\\/fr\\\/wp-content\\\/uploads\\\/2023\\\/10\\\/a34812c2246356fe1acf9631039d08b7.jpg\",\"contentUrl\":\"https:\\\/\\\/www.webdo.tn\\\/fr\\\/wp-content\\\/uploads\\\/2023\\\/10\\\/a34812c2246356fe1acf9631039d08b7.jpg\",\"width\":750,\"height\":400,\"caption\":\"Gaza : l'arm\u00e9e d\u2019occupation annonce \u00e9tendre ses op\u00e9rations terrestres\"},{\"@type\":\"BreadcrumbList\",\"@id\":\"https:\\\/\\\/www.webdo.tn\\\/fr\\\/actualite\\\/international\\\/gaza-l-armee-d-occupation-annonce-etendre-ses-operations-terrestres\\\/209680\\\/#breadcrumb\",\"itemListElement\":[{\"@type\":\"ListItem\",\"position\":1,\"name\":\"Accueil\",\"item\":\"https:\\\/\\\/www.webdo.tn\\\/fr\\\/\"},{\"@type\":\"ListItem\",\"position\":2,\"name\":\"Gaza : l&rsquo;arm\u00e9e d\u2019occupation annonce \u00e9tendre ses op\u00e9rations terrestres\"}]},{\"@type\":\"WebSite\",\"@id\":\"https:\\\/\\\/www.webdo.tn\\\/fr\\\/#website\",\"url\":\"https:\\\/\\\/www.webdo.tn\\\/fr\\\/\",\"name\":\"webdo\",\"description\":\"Tunisie - News en Tunisie et \u00e0 l&#039;international sur Webdo.tn\",\"publisher\":{\"@id\":\"https:\\\/\\\/www.webdo.tn\\\/fr\\\/#organization\"},\"potentialAction\":[{\"@type\":\"SearchAction\",\"target\":{\"@type\":\"EntryPoint\",\"urlTemplate\":\"https:\\\/\\\/www.webdo.tn\\\/fr\\\/?s={search_term_string}\"},\"query-input\":{\"@type\":\"PropertyValueSpecification\",\"valueRequired\":true,\"valueName\":\"search_term_string\"}}],\"inLanguage\":\"fr-FR\"},{\"@type\":\"Organization\",\"@id\":\"https:\\\/\\\/www.webdo.tn\\\/fr\\\/#organization\",\"name\":\"Webdo\",\"alternateName\":\"Webdo.tn\",\"url\":\"https:\\\/\\\/www.webdo.tn\\\/fr\\\/\",\"logo\":{\"@type\":\"ImageObject\",\"inLanguage\":\"fr-FR\",\"@id\":\"https:\\\/\\\/www.webdo.tn\\\/fr\\\/#\\\/schema\\\/logo\\\/image\\\/\",\"url\":\"https:\\\/\\\/www.webdo.tn\\\/fr\\\/wp-content\\\/uploads\\\/2025\\\/06\\\/Webdo-Tunisie_168377.jpg\",\"contentUrl\":\"https:\\\/\\\/www.webdo.tn\\\/fr\\\/wp-content\\\/uploads\\\/2025\\\/06\\\/Webdo-Tunisie_168377.jpg\",\"width\":301,\"height\":301,\"caption\":\"Webdo\"},\"image\":{\"@id\":\"https:\\\/\\\/www.webdo.tn\\\/fr\\\/#\\\/schema\\\/logo\\\/image\\\/\"},\"sameAs\":[\"https:\\\/\\\/www.facebook.com\\\/webdotn\",\"https:\\\/\\\/x.com\\\/webdo_tn\"],\"description\":\"Webdo est un m\u00e9dia num\u00e9rique tunisien fond\u00e9 en 2010, sp\u00e9cialis\u00e9 dans l\u2019actualit\u00e9 nationale et internationale, l\u2019\u00e9conomie, la soci\u00e9t\u00e9 et les analyses politiques. Le site s\u2019adresse \u00e0 un large public francophone et couvre l\u2019information tunisienne en temps r\u00e9el.\",\"email\":\"redac@webdo.tn\",\"legalName\":\"YNJ SARL\",\"foundingDate\":\"2010-09-06\",\"numberOfEmployees\":{\"@type\":\"QuantitativeValue\",\"minValue\":\"11\",\"maxValue\":\"50\"}},{\"@type\":\"Person\",\"@id\":\"https:\\\/\\\/www.webdo.tn\\\/fr\\\/#\\\/schema\\\/person\\\/1f4e491e0907b413d61089e8eb573acc\",\"name\":\"Webdo\",\"image\":{\"@type\":\"ImageObject\",\"inLanguage\":\"fr-FR\",\"@id\":\"https:\\\/\\\/secure.gravatar.com\\\/avatar\\\/de97aeec1bb80978a9dbb127e47dfc88aaacb2f3c29aac907d8d3222e3495d49?s=96&d=mm&r=g\",\"url\":\"https:\\\/\\\/secure.gravatar.com\\\/avatar\\\/de97aeec1bb80978a9dbb127e47dfc88aaacb2f3c29aac907d8d3222e3495d49?s=96&d=mm&r=g\",\"contentUrl\":\"https:\\\/\\\/secure.gravatar.com\\\/avatar\\\/de97aeec1bb80978a9dbb127e47dfc88aaacb2f3c29aac907d8d3222e3495d49?s=96&d=mm&r=g\",\"caption\":\"Webdo\"},\"url\":\"https:\\\/\\\/www.webdo.tn\\\/fr\\\/actualite\\\/author\\\/webdo\\\/\"}]}<\/script>\n<!-- \/ Yoast SEO Premium plugin. -->","yoast_head_json":{"title":"Gaza : l'arm\u00e9e d\u2019occupation annonce \u00e9tendre ses op\u00e9rations terrestres","description":"L'arm\u00e9e d\u2019occupation a annonc\u00e9, ce vendredi 27 octobre, qu'elle compte \u00e9tendre ses op\u00e9rations terrestres, d\u00e8s ce soir, dans la bande de Gaza et ce, apr\u00e8s avoir...","canonical":"https:\/\/www.webdo.tn\/fr\/actualite\/international\/gaza-l-armee-d-occupation-annonce-etendre-ses-operations-terrestres\/209680\/","og_locale":"fr_FR","og_type":"article","og_title":"Gaza : l'arm\u00e9e d\u2019occupation annonce \u00e9tendre ses op\u00e9rations terrestres","og_description":"L'arm\u00e9e d\u2019occupation a annonc\u00e9, ce vendredi 27 octobre, qu'elle compte \u00e9tendre ses op\u00e9rations terrestres, d\u00e8s ce soir, dans la bande de Gaza et ce, apr\u00e8s avoir...","og_url":"https:\/\/www.webdo.tn\/fr\/actualite\/international\/gaza-l-armee-d-occupation-annonce-etendre-ses-operations-terrestres\/209680\/","og_site_name":"webdo","article_publisher":"https:\/\/www.facebook.com\/webdotn","article_published_time":"2023-10-27T18:58:00+00:00","og_image":[{"width":750,"height":400,"url":"https:\/\/www.webdo.tn\/fr\/wp-content\/uploads\/2023\/10\/a34812c2246356fe1acf9631039d08b7.jpg","type":"image\/jpeg"}],"author":"Webdo","twitter_card":"summary_large_image","twitter_creator":"@webdo_tn","twitter_site":"@webdo_tn","twitter_misc":{"\u00c9crit par":"Webdo","Dur\u00e9e de lecture estim\u00e9e":"1 minute"},"schema":{"@context":"https:\/\/schema.org","@graph":[{"@type":"NewsArticle","@id":"https:\/\/www.webdo.tn\/fr\/actualite\/international\/gaza-l-armee-d-occupation-annonce-etendre-ses-operations-terrestres\/209680\/#article","isPartOf":{"@id":"https:\/\/www.webdo.tn\/fr\/actualite\/international\/gaza-l-armee-d-occupation-annonce-etendre-ses-operations-terrestres\/209680\/"},"author":{"name":"Webdo","@id":"https:\/\/www.webdo.tn\/fr\/#\/schema\/person\/1f4e491e0907b413d61089e8eb573acc"},"headline":"Gaza : l&rsquo;arm\u00e9e d\u2019occupation annonce \u00e9tendre ses op\u00e9rations terrestres","datePublished":"2023-10-27T18:58:00+00:00","mainEntityOfPage":{"@id":"https:\/\/www.webdo.tn\/fr\/actualite\/international\/gaza-l-armee-d-occupation-annonce-etendre-ses-operations-terrestres\/209680\/"},"wordCount":149,"commentCount":0,"publisher":{"@id":"https:\/\/www.webdo.tn\/fr\/#organization"},"image":{"@id":"https:\/\/www.webdo.tn\/fr\/actualite\/international\/gaza-l-armee-d-occupation-annonce-etendre-ses-operations-terrestres\/209680\/#primaryimage"},"thumbnailUrl":"https:\/\/www.webdo.tn\/fr\/wp-content\/uploads\/2023\/10\/a34812c2246356fe1acf9631039d08b7.jpg","keywords":["bombardements","Gaza","guerre","hamas","occupation","Palestine"],"articleSection":["International"],"inLanguage":"fr-FR"},{"@type":"WebPage","@id":"https:\/\/www.webdo.tn\/fr\/actualite\/international\/gaza-l-armee-d-occupation-annonce-etendre-ses-operations-terrestres\/209680\/","url":"https:\/\/www.webdo.tn\/fr\/actualite\/international\/gaza-l-armee-d-occupation-annonce-etendre-ses-operations-terrestres\/209680\/","name":"Gaza : l'arm\u00e9e d\u2019occupation annonce \u00e9tendre ses op\u00e9rations terrestres","isPartOf":{"@id":"https:\/\/www.webdo.tn\/fr\/#website"},"primaryImageOfPage":{"@id":"https:\/\/www.webdo.tn\/fr\/actualite\/international\/gaza-l-armee-d-occupation-annonce-etendre-ses-operations-terrestres\/209680\/#primaryimage"},"image":{"@id":"https:\/\/www.webdo.tn\/fr\/actualite\/international\/gaza-l-armee-d-occupation-annonce-etendre-ses-operations-terrestres\/209680\/#primaryimage"},"thumbnailUrl":"https:\/\/www.webdo.tn\/fr\/wp-content\/uploads\/2023\/10\/a34812c2246356fe1acf9631039d08b7.jpg","datePublished":"2023-10-27T18:58:00+00:00","description":"L'arm\u00e9e d\u2019occupation a annonc\u00e9, ce vendredi 27 octobre, qu'elle compte \u00e9tendre ses op\u00e9rations terrestres, d\u00e8s ce soir, dans la bande de Gaza et ce, apr\u00e8s avoir...","breadcrumb":{"@id":"https:\/\/www.webdo.tn\/fr\/actualite\/international\/gaza-l-armee-d-occupation-annonce-etendre-ses-operations-terrestres\/209680\/#breadcrumb"},"inLanguage":"fr-FR","potentialAction":[{"@type":"ReadAction","target":["https:\/\/www.webdo.tn\/fr\/actualite\/international\/gaza-l-armee-d-occupation-annonce-etendre-ses-operations-terrestres\/209680\/"]}]},{"@type":"ImageObject","inLanguage":"fr-FR","@id":"https:\/\/www.webdo.tn\/fr\/actualite\/international\/gaza-l-armee-d-occupation-annonce-etendre-ses-operations-terrestres\/209680\/#primaryimage","url":"https:\/\/www.webdo.tn\/fr\/wp-content\/uploads\/2023\/10\/a34812c2246356fe1acf9631039d08b7.jpg","contentUrl":"https:\/\/www.webdo.tn\/fr\/wp-content\/uploads\/2023\/10\/a34812c2246356fe1acf9631039d08b7.jpg","width":750,"height":400,"caption":"Gaza : l'arm\u00e9e d\u2019occupation annonce \u00e9tendre ses op\u00e9rations terrestres"},{"@type":"BreadcrumbList","@id":"https:\/\/www.webdo.tn\/fr\/actualite\/international\/gaza-l-armee-d-occupation-annonce-etendre-ses-operations-terrestres\/209680\/#breadcrumb","itemListElement":[{"@type":"ListItem","position":1,"name":"Accueil","item":"https:\/\/www.webdo.tn\/fr\/"},{"@type":"ListItem","position":2,"name":"Gaza : l&rsquo;arm\u00e9e d\u2019occupation annonce \u00e9tendre ses op\u00e9rations terrestres"}]},{"@type":"WebSite","@id":"https:\/\/www.webdo.tn\/fr\/#website","url":"https:\/\/www.webdo.tn\/fr\/","name":"webdo","description":"Tunisie - News en Tunisie et \u00e0 l&#039;international sur Webdo.tn","publisher":{"@id":"https:\/\/www.webdo.tn\/fr\/#organization"},"potentialAction":[{"@type":"SearchAction","target":{"@type":"EntryPoint","urlTemplate":"https:\/\/www.webdo.tn\/fr\/?s={search_term_string}"},"query-input":{"@type":"PropertyValueSpecification","valueRequired":true,"valueName":"search_term_string"}}],"inLanguage":"fr-FR"},{"@type":"Organization","@id":"https:\/\/www.webdo.tn\/fr\/#organization","name":"Webdo","alternateName":"Webdo.tn","url":"https:\/\/www.webdo.tn\/fr\/","logo":{"@type":"ImageObject","inLanguage":"fr-FR","@id":"https:\/\/www.webdo.tn\/fr\/#\/schema\/logo\/image\/","url":"https:\/\/www.webdo.tn\/fr\/wp-content\/uploads\/2025\/06\/Webdo-Tunisie_168377.jpg","contentUrl":"https:\/\/www.webdo.tn\/fr\/wp-content\/uploads\/2025\/06\/Webdo-Tunisie_168377.jpg","width":301,"height":301,"caption":"Webdo"},"image":{"@id":"https:\/\/www.webdo.tn\/fr\/#\/schema\/logo\/image\/"},"sameAs":["https:\/\/www.facebook.com\/webdotn","https:\/\/x.com\/webdo_tn"],"description":"Webdo est un m\u00e9dia num\u00e9rique tunisien fond\u00e9 en 2010, sp\u00e9cialis\u00e9 dans l\u2019actualit\u00e9 nationale et internationale, l\u2019\u00e9conomie, la soci\u00e9t\u00e9 et les analyses politiques. Le site s\u2019adresse \u00e0 un large public francophone et couvre l\u2019information tunisienne en temps r\u00e9el.","email":"redac@webdo.tn","legalName":"YNJ SARL","foundingDate":"2010-09-06","numberOfEmployees":{"@type":"QuantitativeValue","minValue":"11","maxValue":"50"}},{"@type":"Person","@id":"https:\/\/www.webdo.tn\/fr\/#\/schema\/person\/1f4e491e0907b413d61089e8eb573acc","name":"Webdo","image":{"@type":"ImageObject","inLanguage":"fr-FR","@id":"https:\/\/secure.gravatar.com\/avatar\/de97aeec1bb80978a9dbb127e47dfc88aaacb2f3c29aac907d8d3222e3495d49?s=96&d=mm&r=g","url":"https:\/\/secure.gravatar.com\/avatar\/de97aeec1bb80978a9dbb127e47dfc88aaacb2f3c29aac907d8d3222e3495d49?s=96&d=mm&r=g","contentUrl":"https:\/\/secure.gravatar.com\/avatar\/de97aeec1bb80978a9dbb127e47dfc88aaacb2f3c29aac907d8d3222e3495d49?s=96&d=mm&r=g","caption":"Webdo"},"url":"https:\/\/www.webdo.tn\/fr\/actualite\/author\/webdo\/"}]}},"_links":{"self":[{"href":"https:\/\/www.webdo.tn\/fr\/wp-json\/wp\/v2\/posts\/209680","targetHints":{"allow":["GET"]}}],"collection":[{"href":"https:\/\/www.webdo.tn\/fr\/wp-json\/wp\/v2\/posts"}],"about":[{"href":"https:\/\/www.webdo.tn\/fr\/wp-json\/wp\/v2\/types\/post"}],"author":[{"embeddable":true,"href":"https:\/\/www.webdo.tn\/fr\/wp-json\/wp\/v2\/users\/3169"}],"replies":[{"embeddable":true,"href":"https:\/\/www.webdo.tn\/fr\/wp-json\/wp\/v2\/comments?post=209680"}],"version-history":[{"count":0,"href":"https:\/\/www.webdo.tn\/fr\/wp-json\/wp\/v2\/posts\/209680\/revisions"}],"wp:featuredmedia":[{"embeddable":true,"href":"https:\/\/www.webdo.tn\/fr\/wp-json\/wp\/v2\/media\/248962"}],"wp:attachment":[{"href":"https:\/\/www.webdo.tn\/fr\/wp-json\/wp\/v2\/media?parent=209680"}],"wp:term":[{"taxonomy":"category","embeddable":true,"href":"https:\/\/www.webdo.tn\/fr\/wp-json\/wp\/v2\/categories?post=209680"},{"taxonomy":"post_tag","embeddable":true,"href":"https:\/\/www.webdo.tn\/fr\/wp-json\/wp\/v2\/tags?post=209680"}],"curies":[{"name":"wp","href":"https:\/\/api.w.org\/{rel}","templated":true}]}}