{"id":209674,"date":"2023-10-27T12:32:00","date_gmt":"2023-10-27T12:32:00","guid":{"rendered":"https:\/\/www.webdo.tn\/fr\/blog\/gaza-le-bilan-s-alourdit-a-plus-de-7300-morts-dont-3000-enfants\/209674\/"},"modified":"2025-05-20T21:56:24","modified_gmt":"2025-05-20T21:56:24","slug":"gaza-le-bilan-s-alourdit-a-plus-de-7300-morts-dont-3000-enfants","status":"publish","type":"post","link":"https:\/\/www.webdo.tn\/fr\/actualite\/international\/gaza-le-bilan-s-alourdit-a-plus-de-7300-morts-dont-3000-enfants\/209674\/","title":{"rendered":"Gaza : Le bilan s\u2019alourdit \u00e0 plus de 7300 morts dont 3000 enfants"},"content":{"rendered":"<p>Le minist\u00e8re de la Sant\u00e9 du Hamas a annonc\u00e9, ce vendredi 27 octobre, un nouveau bilan des victimes \u00e0 Gaza o\u00f9 les bombardements isra\u00e9liens n\u2019ont pas cess\u00e9.<\/p>\n<p>\t\t\t\t\t\t\t\t\tSelon ce bilan actualis\u00e9, 7326 Palestiniens, dont pr\u00e8s de 1800 femmes et 3000 enfants, ont \u00e9t\u00e9 tu\u00e9s depuis le d\u00e9but des bombardements isra\u00e9liens sur la bande de Gaza le 7 octobre.<\/p>\n<p>Par ailleurs, 32 journalistes ont \u00e9t\u00e9 \u00e9galement tu\u00e9s suite aux raids isra\u00e9liens, selon le minist\u00e8re. Le nombre de bless\u00e9s, quant \u00e0 lui d\u00e9passe les 19.000.<\/p>\n<p>Il convient de rappeler que le commissaire g\u00e9n\u00e9ral de l&rsquo;Organisation de secours et de travaux des Nations Unies pour les r\u00e9fugi\u00e9s de Palestine (UNRWA), Philippe Lazzarini, a affirm\u00e9, ce vendredi, que Gaza \u00e9tait au bord du d\u00e9sastre, avec un risque de propagation de maladies en l&rsquo;absence d&rsquo;aide et de carburant.<\/p>\n","protected":false},"excerpt":{"rendered":"<p>Un nouveau bilan des victimes \u00e0 Gaza fait \u00e9tat de plus de 7300 morts et 19.000 bless\u00e9s.<\/p>\n","protected":false},"author":3162,"featured_media":248957,"comment_status":"open","ping_status":"closed","sticky":false,"template":"","format":"standard","meta":{"footnotes":""},"categories":[2598],"tags":[2689,4472,3208,2688],"class_list":["post-209674","post","type-post","status-publish","format-standard","has-post-thumbnail","hentry","category-international","tag-gaza","tag-martyrs","tag-morts","tag-palestine"],"yoast_head":"<!-- This site is optimized with the Yoast SEO Premium plugin v27.4 (Yoast SEO v27.5) - https:\/\/yoast.com\/product\/yoast-seo-premium-wordpress\/ -->\n<title>Gaza : Le bilan s\u2019alourdit \u00e0 plus de 7300 morts dont 3000 enfants<\/title>\n<meta name=\"description\" content=\"Un nouveau bilan des victimes \u00e0 Gaza fait \u00e9tat de plus de 7300 morts et 19.000 bless\u00e9s.\" \/>\n<link rel=\"canonical\" href=\"https:\/\/www.webdo.tn\/fr\/actualite\/international\/gaza-le-bilan-s-alourdit-a-plus-de-7300-morts-dont-3000-enfants\/209674\/\" \/>\n<meta property=\"og:locale\" content=\"fr_FR\" \/>\n<meta property=\"og:type\" content=\"article\" \/>\n<meta property=\"og:title\" content=\"Gaza : Le bilan s\u2019alourdit \u00e0 plus de 7300 morts dont 3000 enfants\" \/>\n<meta property=\"og:description\" content=\"Un nouveau bilan des victimes \u00e0 Gaza fait \u00e9tat de plus de 7300 morts et 19.000 bless\u00e9s.\" \/>\n<meta property=\"og:url\" content=\"https:\/\/www.webdo.tn\/fr\/actualite\/international\/gaza-le-bilan-s-alourdit-a-plus-de-7300-morts-dont-3000-enfants\/209674\/\" \/>\n<meta property=\"og:site_name\" content=\"webdo\" \/>\n<meta property=\"article:publisher\" content=\"https:\/\/www.facebook.com\/webdotn\" \/>\n<meta property=\"article:published_time\" content=\"2023-10-27T12:32:00+00:00\" \/>\n<meta property=\"article:modified_time\" content=\"2025-05-20T21:56:24+00:00\" \/>\n<meta property=\"og:image\" content=\"https:\/\/www.webdo.tn\/fr\/wp-content\/uploads\/2023\/10\/99be3f0ed6f62e18b3cfc18bf734ef23.jpg\" \/>\n\t<meta property=\"og:image:width\" content=\"750\" \/>\n\t<meta property=\"og:image:height\" content=\"400\" \/>\n\t<meta property=\"og:image:type\" content=\"image\/jpeg\" \/>\n<meta name=\"author\" content=\"MC\" \/>\n<meta name=\"twitter:card\" content=\"summary_large_image\" \/>\n<meta name=\"twitter:creator\" content=\"@webdo_tn\" \/>\n<meta name=\"twitter:site\" content=\"@webdo_tn\" \/>\n<meta name=\"twitter:label1\" content=\"\u00c9crit par\" \/>\n\t<meta name=\"twitter:data1\" content=\"MC\" \/>\n\t<meta name=\"twitter:label2\" content=\"Dur\u00e9e de lecture estim\u00e9e\" \/>\n\t<meta name=\"twitter:data2\" content=\"1 minute\" \/>\n<script type=\"application\/ld+json\" class=\"yoast-schema-graph\">{\"@context\":\"https:\\\/\\\/schema.org\",\"@graph\":[{\"@type\":\"NewsArticle\",\"@id\":\"https:\\\/\\\/www.webdo.tn\\\/fr\\\/actualite\\\/international\\\/gaza-le-bilan-s-alourdit-a-plus-de-7300-morts-dont-3000-enfants\\\/209674\\\/#article\",\"isPartOf\":{\"@id\":\"https:\\\/\\\/www.webdo.tn\\\/fr\\\/actualite\\\/international\\\/gaza-le-bilan-s-alourdit-a-plus-de-7300-morts-dont-3000-enfants\\\/209674\\\/\"},\"author\":{\"name\":\"MC\",\"@id\":\"https:\\\/\\\/www.webdo.tn\\\/fr\\\/#\\\/schema\\\/person\\\/2c4929cbf5a809e3bd38617c6ce150f6\"},\"headline\":\"Gaza : Le bilan s\u2019alourdit \u00e0 plus de 7300 morts dont 3000 enfants\",\"datePublished\":\"2023-10-27T12:32:00+00:00\",\"dateModified\":\"2025-05-20T21:56:24+00:00\",\"mainEntityOfPage\":{\"@id\":\"https:\\\/\\\/www.webdo.tn\\\/fr\\\/actualite\\\/international\\\/gaza-le-bilan-s-alourdit-a-plus-de-7300-morts-dont-3000-enfants\\\/209674\\\/\"},\"wordCount\":154,\"commentCount\":0,\"publisher\":{\"@id\":\"https:\\\/\\\/www.webdo.tn\\\/fr\\\/#organization\"},\"image\":{\"@id\":\"https:\\\/\\\/www.webdo.tn\\\/fr\\\/actualite\\\/international\\\/gaza-le-bilan-s-alourdit-a-plus-de-7300-morts-dont-3000-enfants\\\/209674\\\/#primaryimage\"},\"thumbnailUrl\":\"https:\\\/\\\/www.webdo.tn\\\/fr\\\/wp-content\\\/uploads\\\/2023\\\/10\\\/99be3f0ed6f62e18b3cfc18bf734ef23.jpg\",\"keywords\":[\"Gaza\",\"Martyrs\",\"morts\",\"Palestine\"],\"articleSection\":[\"International\"],\"inLanguage\":\"fr-FR\"},{\"@type\":\"WebPage\",\"@id\":\"https:\\\/\\\/www.webdo.tn\\\/fr\\\/actualite\\\/international\\\/gaza-le-bilan-s-alourdit-a-plus-de-7300-morts-dont-3000-enfants\\\/209674\\\/\",\"url\":\"https:\\\/\\\/www.webdo.tn\\\/fr\\\/actualite\\\/international\\\/gaza-le-bilan-s-alourdit-a-plus-de-7300-morts-dont-3000-enfants\\\/209674\\\/\",\"name\":\"Gaza : Le bilan s\u2019alourdit \u00e0 plus de 7300 morts dont 3000 enfants\",\"isPartOf\":{\"@id\":\"https:\\\/\\\/www.webdo.tn\\\/fr\\\/#website\"},\"primaryImageOfPage\":{\"@id\":\"https:\\\/\\\/www.webdo.tn\\\/fr\\\/actualite\\\/international\\\/gaza-le-bilan-s-alourdit-a-plus-de-7300-morts-dont-3000-enfants\\\/209674\\\/#primaryimage\"},\"image\":{\"@id\":\"https:\\\/\\\/www.webdo.tn\\\/fr\\\/actualite\\\/international\\\/gaza-le-bilan-s-alourdit-a-plus-de-7300-morts-dont-3000-enfants\\\/209674\\\/#primaryimage\"},\"thumbnailUrl\":\"https:\\\/\\\/www.webdo.tn\\\/fr\\\/wp-content\\\/uploads\\\/2023\\\/10\\\/99be3f0ed6f62e18b3cfc18bf734ef23.jpg\",\"datePublished\":\"2023-10-27T12:32:00+00:00\",\"dateModified\":\"2025-05-20T21:56:24+00:00\",\"description\":\"Un nouveau bilan des victimes \u00e0 Gaza fait \u00e9tat de plus de 7300 morts et 19.000 bless\u00e9s.\",\"breadcrumb\":{\"@id\":\"https:\\\/\\\/www.webdo.tn\\\/fr\\\/actualite\\\/international\\\/gaza-le-bilan-s-alourdit-a-plus-de-7300-morts-dont-3000-enfants\\\/209674\\\/#breadcrumb\"},\"inLanguage\":\"fr-FR\",\"potentialAction\":[{\"@type\":\"ReadAction\",\"target\":[\"https:\\\/\\\/www.webdo.tn\\\/fr\\\/actualite\\\/international\\\/gaza-le-bilan-s-alourdit-a-plus-de-7300-morts-dont-3000-enfants\\\/209674\\\/\"]}]},{\"@type\":\"ImageObject\",\"inLanguage\":\"fr-FR\",\"@id\":\"https:\\\/\\\/www.webdo.tn\\\/fr\\\/actualite\\\/international\\\/gaza-le-bilan-s-alourdit-a-plus-de-7300-morts-dont-3000-enfants\\\/209674\\\/#primaryimage\",\"url\":\"https:\\\/\\\/www.webdo.tn\\\/fr\\\/wp-content\\\/uploads\\\/2023\\\/10\\\/99be3f0ed6f62e18b3cfc18bf734ef23.jpg\",\"contentUrl\":\"https:\\\/\\\/www.webdo.tn\\\/fr\\\/wp-content\\\/uploads\\\/2023\\\/10\\\/99be3f0ed6f62e18b3cfc18bf734ef23.jpg\",\"width\":750,\"height\":400,\"caption\":\"Gaza : Le bilan s\u2019alourdit \u00e0 plus de 7300 morts dont 3000 enfants\"},{\"@type\":\"BreadcrumbList\",\"@id\":\"https:\\\/\\\/www.webdo.tn\\\/fr\\\/actualite\\\/international\\\/gaza-le-bilan-s-alourdit-a-plus-de-7300-morts-dont-3000-enfants\\\/209674\\\/#breadcrumb\",\"itemListElement\":[{\"@type\":\"ListItem\",\"position\":1,\"name\":\"Accueil\",\"item\":\"https:\\\/\\\/www.webdo.tn\\\/fr\\\/\"},{\"@type\":\"ListItem\",\"position\":2,\"name\":\"Gaza : Le bilan s\u2019alourdit \u00e0 plus de 7300 morts dont 3000 enfants\"}]},{\"@type\":\"WebSite\",\"@id\":\"https:\\\/\\\/www.webdo.tn\\\/fr\\\/#website\",\"url\":\"https:\\\/\\\/www.webdo.tn\\\/fr\\\/\",\"name\":\"webdo\",\"description\":\"Tunisie - News en Tunisie et \u00e0 l&#039;international sur Webdo.tn\",\"publisher\":{\"@id\":\"https:\\\/\\\/www.webdo.tn\\\/fr\\\/#organization\"},\"potentialAction\":[{\"@type\":\"SearchAction\",\"target\":{\"@type\":\"EntryPoint\",\"urlTemplate\":\"https:\\\/\\\/www.webdo.tn\\\/fr\\\/?s={search_term_string}\"},\"query-input\":{\"@type\":\"PropertyValueSpecification\",\"valueRequired\":true,\"valueName\":\"search_term_string\"}}],\"inLanguage\":\"fr-FR\"},{\"@type\":\"Organization\",\"@id\":\"https:\\\/\\\/www.webdo.tn\\\/fr\\\/#organization\",\"name\":\"Webdo\",\"alternateName\":\"Webdo.tn\",\"url\":\"https:\\\/\\\/www.webdo.tn\\\/fr\\\/\",\"logo\":{\"@type\":\"ImageObject\",\"inLanguage\":\"fr-FR\",\"@id\":\"https:\\\/\\\/www.webdo.tn\\\/fr\\\/#\\\/schema\\\/logo\\\/image\\\/\",\"url\":\"https:\\\/\\\/www.webdo.tn\\\/fr\\\/wp-content\\\/uploads\\\/2025\\\/06\\\/Webdo-Tunisie_168377.jpg\",\"contentUrl\":\"https:\\\/\\\/www.webdo.tn\\\/fr\\\/wp-content\\\/uploads\\\/2025\\\/06\\\/Webdo-Tunisie_168377.jpg\",\"width\":301,\"height\":301,\"caption\":\"Webdo\"},\"image\":{\"@id\":\"https:\\\/\\\/www.webdo.tn\\\/fr\\\/#\\\/schema\\\/logo\\\/image\\\/\"},\"sameAs\":[\"https:\\\/\\\/www.facebook.com\\\/webdotn\",\"https:\\\/\\\/x.com\\\/webdo_tn\"],\"description\":\"Webdo est un m\u00e9dia num\u00e9rique tunisien fond\u00e9 en 2010, sp\u00e9cialis\u00e9 dans l\u2019actualit\u00e9 nationale et internationale, l\u2019\u00e9conomie, la soci\u00e9t\u00e9 et les analyses politiques. Le site s\u2019adresse \u00e0 un large public francophone et couvre l\u2019information tunisienne en temps r\u00e9el.\",\"email\":\"redac@webdo.tn\",\"legalName\":\"YNJ SARL\",\"foundingDate\":\"2010-09-06\",\"numberOfEmployees\":{\"@type\":\"QuantitativeValue\",\"minValue\":\"11\",\"maxValue\":\"50\"}},{\"@type\":\"Person\",\"@id\":\"https:\\\/\\\/www.webdo.tn\\\/fr\\\/#\\\/schema\\\/person\\\/2c4929cbf5a809e3bd38617c6ce150f6\",\"name\":\"MC\",\"image\":{\"@type\":\"ImageObject\",\"inLanguage\":\"fr-FR\",\"@id\":\"https:\\\/\\\/secure.gravatar.com\\\/avatar\\\/a545bbb6f84efdd5553dbbc2895e3ca8f1d12c5215e00a041c9670b54aa9b18a?s=96&d=mm&r=g\",\"url\":\"https:\\\/\\\/secure.gravatar.com\\\/avatar\\\/a545bbb6f84efdd5553dbbc2895e3ca8f1d12c5215e00a041c9670b54aa9b18a?s=96&d=mm&r=g\",\"contentUrl\":\"https:\\\/\\\/secure.gravatar.com\\\/avatar\\\/a545bbb6f84efdd5553dbbc2895e3ca8f1d12c5215e00a041c9670b54aa9b18a?s=96&d=mm&r=g\",\"caption\":\"MC\"},\"url\":\"https:\\\/\\\/www.webdo.tn\\\/fr\\\/actualite\\\/author\\\/mc\\\/\"}]}<\/script>\n<!-- \/ Yoast SEO Premium plugin. -->","yoast_head_json":{"title":"Gaza : Le bilan s\u2019alourdit \u00e0 plus de 7300 morts dont 3000 enfants","description":"Un nouveau bilan des victimes \u00e0 Gaza fait \u00e9tat de plus de 7300 morts et 19.000 bless\u00e9s.","canonical":"https:\/\/www.webdo.tn\/fr\/actualite\/international\/gaza-le-bilan-s-alourdit-a-plus-de-7300-morts-dont-3000-enfants\/209674\/","og_locale":"fr_FR","og_type":"article","og_title":"Gaza : Le bilan s\u2019alourdit \u00e0 plus de 7300 morts dont 3000 enfants","og_description":"Un nouveau bilan des victimes \u00e0 Gaza fait \u00e9tat de plus de 7300 morts et 19.000 bless\u00e9s.","og_url":"https:\/\/www.webdo.tn\/fr\/actualite\/international\/gaza-le-bilan-s-alourdit-a-plus-de-7300-morts-dont-3000-enfants\/209674\/","og_site_name":"webdo","article_publisher":"https:\/\/www.facebook.com\/webdotn","article_published_time":"2023-10-27T12:32:00+00:00","article_modified_time":"2025-05-20T21:56:24+00:00","og_image":[{"width":750,"height":400,"url":"https:\/\/www.webdo.tn\/fr\/wp-content\/uploads\/2023\/10\/99be3f0ed6f62e18b3cfc18bf734ef23.jpg","type":"image\/jpeg"}],"author":"MC","twitter_card":"summary_large_image","twitter_creator":"@webdo_tn","twitter_site":"@webdo_tn","twitter_misc":{"\u00c9crit par":"MC","Dur\u00e9e de lecture estim\u00e9e":"1 minute"},"schema":{"@context":"https:\/\/schema.org","@graph":[{"@type":"NewsArticle","@id":"https:\/\/www.webdo.tn\/fr\/actualite\/international\/gaza-le-bilan-s-alourdit-a-plus-de-7300-morts-dont-3000-enfants\/209674\/#article","isPartOf":{"@id":"https:\/\/www.webdo.tn\/fr\/actualite\/international\/gaza-le-bilan-s-alourdit-a-plus-de-7300-morts-dont-3000-enfants\/209674\/"},"author":{"name":"MC","@id":"https:\/\/www.webdo.tn\/fr\/#\/schema\/person\/2c4929cbf5a809e3bd38617c6ce150f6"},"headline":"Gaza : Le bilan s\u2019alourdit \u00e0 plus de 7300 morts dont 3000 enfants","datePublished":"2023-10-27T12:32:00+00:00","dateModified":"2025-05-20T21:56:24+00:00","mainEntityOfPage":{"@id":"https:\/\/www.webdo.tn\/fr\/actualite\/international\/gaza-le-bilan-s-alourdit-a-plus-de-7300-morts-dont-3000-enfants\/209674\/"},"wordCount":154,"commentCount":0,"publisher":{"@id":"https:\/\/www.webdo.tn\/fr\/#organization"},"image":{"@id":"https:\/\/www.webdo.tn\/fr\/actualite\/international\/gaza-le-bilan-s-alourdit-a-plus-de-7300-morts-dont-3000-enfants\/209674\/#primaryimage"},"thumbnailUrl":"https:\/\/www.webdo.tn\/fr\/wp-content\/uploads\/2023\/10\/99be3f0ed6f62e18b3cfc18bf734ef23.jpg","keywords":["Gaza","Martyrs","morts","Palestine"],"articleSection":["International"],"inLanguage":"fr-FR"},{"@type":"WebPage","@id":"https:\/\/www.webdo.tn\/fr\/actualite\/international\/gaza-le-bilan-s-alourdit-a-plus-de-7300-morts-dont-3000-enfants\/209674\/","url":"https:\/\/www.webdo.tn\/fr\/actualite\/international\/gaza-le-bilan-s-alourdit-a-plus-de-7300-morts-dont-3000-enfants\/209674\/","name":"Gaza : Le bilan s\u2019alourdit \u00e0 plus de 7300 morts dont 3000 enfants","isPartOf":{"@id":"https:\/\/www.webdo.tn\/fr\/#website"},"primaryImageOfPage":{"@id":"https:\/\/www.webdo.tn\/fr\/actualite\/international\/gaza-le-bilan-s-alourdit-a-plus-de-7300-morts-dont-3000-enfants\/209674\/#primaryimage"},"image":{"@id":"https:\/\/www.webdo.tn\/fr\/actualite\/international\/gaza-le-bilan-s-alourdit-a-plus-de-7300-morts-dont-3000-enfants\/209674\/#primaryimage"},"thumbnailUrl":"https:\/\/www.webdo.tn\/fr\/wp-content\/uploads\/2023\/10\/99be3f0ed6f62e18b3cfc18bf734ef23.jpg","datePublished":"2023-10-27T12:32:00+00:00","dateModified":"2025-05-20T21:56:24+00:00","description":"Un nouveau bilan des victimes \u00e0 Gaza fait \u00e9tat de plus de 7300 morts et 19.000 bless\u00e9s.","breadcrumb":{"@id":"https:\/\/www.webdo.tn\/fr\/actualite\/international\/gaza-le-bilan-s-alourdit-a-plus-de-7300-morts-dont-3000-enfants\/209674\/#breadcrumb"},"inLanguage":"fr-FR","potentialAction":[{"@type":"ReadAction","target":["https:\/\/www.webdo.tn\/fr\/actualite\/international\/gaza-le-bilan-s-alourdit-a-plus-de-7300-morts-dont-3000-enfants\/209674\/"]}]},{"@type":"ImageObject","inLanguage":"fr-FR","@id":"https:\/\/www.webdo.tn\/fr\/actualite\/international\/gaza-le-bilan-s-alourdit-a-plus-de-7300-morts-dont-3000-enfants\/209674\/#primaryimage","url":"https:\/\/www.webdo.tn\/fr\/wp-content\/uploads\/2023\/10\/99be3f0ed6f62e18b3cfc18bf734ef23.jpg","contentUrl":"https:\/\/www.webdo.tn\/fr\/wp-content\/uploads\/2023\/10\/99be3f0ed6f62e18b3cfc18bf734ef23.jpg","width":750,"height":400,"caption":"Gaza : Le bilan s\u2019alourdit \u00e0 plus de 7300 morts dont 3000 enfants"},{"@type":"BreadcrumbList","@id":"https:\/\/www.webdo.tn\/fr\/actualite\/international\/gaza-le-bilan-s-alourdit-a-plus-de-7300-morts-dont-3000-enfants\/209674\/#breadcrumb","itemListElement":[{"@type":"ListItem","position":1,"name":"Accueil","item":"https:\/\/www.webdo.tn\/fr\/"},{"@type":"ListItem","position":2,"name":"Gaza : Le bilan s\u2019alourdit \u00e0 plus de 7300 morts dont 3000 enfants"}]},{"@type":"WebSite","@id":"https:\/\/www.webdo.tn\/fr\/#website","url":"https:\/\/www.webdo.tn\/fr\/","name":"webdo","description":"Tunisie - News en Tunisie et \u00e0 l&#039;international sur Webdo.tn","publisher":{"@id":"https:\/\/www.webdo.tn\/fr\/#organization"},"potentialAction":[{"@type":"SearchAction","target":{"@type":"EntryPoint","urlTemplate":"https:\/\/www.webdo.tn\/fr\/?s={search_term_string}"},"query-input":{"@type":"PropertyValueSpecification","valueRequired":true,"valueName":"search_term_string"}}],"inLanguage":"fr-FR"},{"@type":"Organization","@id":"https:\/\/www.webdo.tn\/fr\/#organization","name":"Webdo","alternateName":"Webdo.tn","url":"https:\/\/www.webdo.tn\/fr\/","logo":{"@type":"ImageObject","inLanguage":"fr-FR","@id":"https:\/\/www.webdo.tn\/fr\/#\/schema\/logo\/image\/","url":"https:\/\/www.webdo.tn\/fr\/wp-content\/uploads\/2025\/06\/Webdo-Tunisie_168377.jpg","contentUrl":"https:\/\/www.webdo.tn\/fr\/wp-content\/uploads\/2025\/06\/Webdo-Tunisie_168377.jpg","width":301,"height":301,"caption":"Webdo"},"image":{"@id":"https:\/\/www.webdo.tn\/fr\/#\/schema\/logo\/image\/"},"sameAs":["https:\/\/www.facebook.com\/webdotn","https:\/\/x.com\/webdo_tn"],"description":"Webdo est un m\u00e9dia num\u00e9rique tunisien fond\u00e9 en 2010, sp\u00e9cialis\u00e9 dans l\u2019actualit\u00e9 nationale et internationale, l\u2019\u00e9conomie, la soci\u00e9t\u00e9 et les analyses politiques. Le site s\u2019adresse \u00e0 un large public francophone et couvre l\u2019information tunisienne en temps r\u00e9el.","email":"redac@webdo.tn","legalName":"YNJ SARL","foundingDate":"2010-09-06","numberOfEmployees":{"@type":"QuantitativeValue","minValue":"11","maxValue":"50"}},{"@type":"Person","@id":"https:\/\/www.webdo.tn\/fr\/#\/schema\/person\/2c4929cbf5a809e3bd38617c6ce150f6","name":"MC","image":{"@type":"ImageObject","inLanguage":"fr-FR","@id":"https:\/\/secure.gravatar.com\/avatar\/a545bbb6f84efdd5553dbbc2895e3ca8f1d12c5215e00a041c9670b54aa9b18a?s=96&d=mm&r=g","url":"https:\/\/secure.gravatar.com\/avatar\/a545bbb6f84efdd5553dbbc2895e3ca8f1d12c5215e00a041c9670b54aa9b18a?s=96&d=mm&r=g","contentUrl":"https:\/\/secure.gravatar.com\/avatar\/a545bbb6f84efdd5553dbbc2895e3ca8f1d12c5215e00a041c9670b54aa9b18a?s=96&d=mm&r=g","caption":"MC"},"url":"https:\/\/www.webdo.tn\/fr\/actualite\/author\/mc\/"}]}},"_links":{"self":[{"href":"https:\/\/www.webdo.tn\/fr\/wp-json\/wp\/v2\/posts\/209674","targetHints":{"allow":["GET"]}}],"collection":[{"href":"https:\/\/www.webdo.tn\/fr\/wp-json\/wp\/v2\/posts"}],"about":[{"href":"https:\/\/www.webdo.tn\/fr\/wp-json\/wp\/v2\/types\/post"}],"author":[{"embeddable":true,"href":"https:\/\/www.webdo.tn\/fr\/wp-json\/wp\/v2\/users\/3162"}],"replies":[{"embeddable":true,"href":"https:\/\/www.webdo.tn\/fr\/wp-json\/wp\/v2\/comments?post=209674"}],"version-history":[{"count":0,"href":"https:\/\/www.webdo.tn\/fr\/wp-json\/wp\/v2\/posts\/209674\/revisions"}],"wp:featuredmedia":[{"embeddable":true,"href":"https:\/\/www.webdo.tn\/fr\/wp-json\/wp\/v2\/media\/248957"}],"wp:attachment":[{"href":"https:\/\/www.webdo.tn\/fr\/wp-json\/wp\/v2\/media?parent=209674"}],"wp:term":[{"taxonomy":"category","embeddable":true,"href":"https:\/\/www.webdo.tn\/fr\/wp-json\/wp\/v2\/categories?post=209674"},{"taxonomy":"post_tag","embeddable":true,"href":"https:\/\/www.webdo.tn\/fr\/wp-json\/wp\/v2\/tags?post=209674"}],"curies":[{"name":"wp","href":"https:\/\/api.w.org\/{rel}","templated":true}]}}