{"id":209673,"date":"2023-10-27T12:12:00","date_gmt":"2023-10-27T12:12:00","guid":{"rendered":"https:\/\/www.webdo.tn\/fr\/blog\/beaucoup-plus-de-gens-vont-bientot-mourir-a-gaza-alerte-l-onu\/209673\/"},"modified":"2025-05-20T22:39:57","modified_gmt":"2025-05-20T22:39:57","slug":"beaucoup-plus-de-gens-vont-bientot-mourir-a-gaza-alerte-l-onu","status":"publish","type":"post","link":"https:\/\/www.webdo.tn\/fr\/actualite\/international\/beaucoup-plus-de-gens-vont-bientot-mourir-a-gaza-alerte-l-onu\/209673\/","title":{"rendered":"\u00ab\u00a0Beaucoup plus de gens vont bient\u00f4t mourir \u00e0 Gaza\u00a0\u00bb, alerte l\u2019ONU"},"content":{"rendered":"<p>La situation humanitaire inqui\u00e8te de plus en plus \u00e0 Gaza. Alors que les bombardements isra\u00e9liens n\u2019ont pas cess\u00e9 une seule heure, les martyrs se comptent par milliers.<\/p>\n<p>\u00ab Au moment o\u00f9 nous parlons, des gens \u00e0 Gaza meurent, ils ne meurent pas seulement \u00e0 cause des bombes et des frappes, beaucoup plus vont bient\u00f4t mourir des cons\u00e9quences du si\u00e8ge impos\u00e9 \u00bb, a pr\u00e9venu vendredi 27 octobre 2023 le patron de l\u2019agence de l\u2019ONU pour les r\u00e9fugi\u00e9s palestiniens (UNRWA), Philippe Lazzarini.\u00a0<\/p>\n<p>\u00ab Les services de base s\u2019effondrent, les r\u00e9serves de m\u00e9dicaments, de nourriture et d\u2019eau s\u2019\u00e9puisent, les \u00e9gouts commencent \u00e0 d\u00e9border dans les rues \u00bb, a-t-il d\u00e9crit lors d\u2019un point de presse.\u00a0<\/p>\n<p>Les convois d\u2019aide entr\u00e9s dans le territoire palestinien depuis le 21 octobre sont largement insuffisants \u2013 seulement 74 camions sont pass\u00e9s \u2013 pour r\u00e9pondre aux besoins de la population, a insist\u00e9 Lazzarini.\u00a0<\/p>\n<p>Plus de 7 000 personnes ont \u00e9t\u00e9 tu\u00e9es par les bombardements incessants depuis le d\u00e9but du conflit, le 7 octobre, selon le minist\u00e8re de la sant\u00e9 de la bande de Gaza, administr\u00e9e par le Hamas.<\/p>\n","protected":false},"excerpt":{"rendered":"<p>\u00ab Au moment o\u00f9 nous parlons, des gens \u00e0 Gaza meurent, ils ne meurent pas seulement \u00e0 cause des bombes et des frappes, beaucoup plus vont bient\u00f4t mourir des cons&#8230;<\/p>\n","protected":false},"author":3175,"featured_media":248955,"comment_status":"open","ping_status":"closed","sticky":false,"template":"","format":"standard","meta":{"footnotes":""},"categories":[2598],"tags":[2689,2636,3208,3296],"class_list":["post-209673","post","type-post","status-publish","format-standard","has-post-thumbnail","hentry","category-international","tag-gaza","tag-israel","tag-morts","tag-onu"],"yoast_head":"<!-- This site is optimized with the Yoast SEO Premium plugin v27.4 (Yoast SEO v27.5) - https:\/\/yoast.com\/product\/yoast-seo-premium-wordpress\/ -->\n<title>Beaucoup plus de gens vont bient\u00f4t mourir \u00e0 Gaza , alerte l\u2019ONU<\/title>\n<meta name=\"description\" content=\"\u00ab Au moment o\u00f9 nous parlons, des gens \u00e0 Gaza meurent, ils ne meurent pas seulement \u00e0 cause des bombes et des frappes, beaucoup plus vont bient\u00f4t mourir des cons...\" \/>\n<link rel=\"canonical\" href=\"https:\/\/www.webdo.tn\/fr\/actualite\/international\/beaucoup-plus-de-gens-vont-bientot-mourir-a-gaza-alerte-l-onu\/209673\/\" \/>\n<meta property=\"og:locale\" content=\"fr_FR\" \/>\n<meta property=\"og:type\" content=\"article\" \/>\n<meta property=\"og:title\" content=\"&quot;Beaucoup plus de gens vont bient\u00f4t mourir \u00e0 Gaza&quot;, alerte l\u2019ONU\" \/>\n<meta property=\"og:description\" content=\"\u00ab Au moment o\u00f9 nous parlons, des gens \u00e0 Gaza meurent, ils ne meurent pas seulement \u00e0 cause des bombes et des frappes, beaucoup plus vont bient\u00f4t mourir des cons...\" \/>\n<meta property=\"og:url\" content=\"https:\/\/www.webdo.tn\/fr\/actualite\/international\/beaucoup-plus-de-gens-vont-bientot-mourir-a-gaza-alerte-l-onu\/209673\/\" \/>\n<meta property=\"og:site_name\" content=\"webdo\" \/>\n<meta property=\"article:publisher\" content=\"https:\/\/www.facebook.com\/webdotn\" \/>\n<meta property=\"article:published_time\" content=\"2023-10-27T12:12:00+00:00\" \/>\n<meta property=\"article:modified_time\" content=\"2025-05-20T22:39:57+00:00\" \/>\n<meta property=\"og:image\" content=\"https:\/\/www.webdo.tn\/fr\/wp-content\/uploads\/2023\/10\/bc6d4f20579f8871b4476c6505be85cd.jpg\" \/>\n\t<meta property=\"og:image:width\" content=\"720\" \/>\n\t<meta property=\"og:image:height\" content=\"384\" \/>\n\t<meta property=\"og:image:type\" content=\"image\/jpeg\" \/>\n<meta name=\"author\" content=\"CL\" \/>\n<meta name=\"twitter:card\" content=\"summary_large_image\" \/>\n<meta name=\"twitter:creator\" content=\"@webdo_tn\" \/>\n<meta name=\"twitter:site\" content=\"@webdo_tn\" \/>\n<meta name=\"twitter:label1\" content=\"\u00c9crit par\" \/>\n\t<meta name=\"twitter:data1\" content=\"CL\" \/>\n\t<meta name=\"twitter:label2\" content=\"Dur\u00e9e de lecture estim\u00e9e\" \/>\n\t<meta name=\"twitter:data2\" content=\"1 minute\" \/>\n<script type=\"application\/ld+json\" class=\"yoast-schema-graph\">{\"@context\":\"https:\\\/\\\/schema.org\",\"@graph\":[{\"@type\":\"NewsArticle\",\"@id\":\"https:\\\/\\\/www.webdo.tn\\\/fr\\\/actualite\\\/international\\\/beaucoup-plus-de-gens-vont-bientot-mourir-a-gaza-alerte-l-onu\\\/209673\\\/#article\",\"isPartOf\":{\"@id\":\"https:\\\/\\\/www.webdo.tn\\\/fr\\\/actualite\\\/international\\\/beaucoup-plus-de-gens-vont-bientot-mourir-a-gaza-alerte-l-onu\\\/209673\\\/\"},\"author\":{\"name\":\"CL\",\"@id\":\"https:\\\/\\\/www.webdo.tn\\\/fr\\\/#\\\/schema\\\/person\\\/f35b42a42c5e2511bbd282959d6385cc\"},\"headline\":\"\u00ab\u00a0Beaucoup plus de gens vont bient\u00f4t mourir \u00e0 Gaza\u00a0\u00bb, alerte l\u2019ONU\",\"datePublished\":\"2023-10-27T12:12:00+00:00\",\"dateModified\":\"2025-05-20T22:39:57+00:00\",\"mainEntityOfPage\":{\"@id\":\"https:\\\/\\\/www.webdo.tn\\\/fr\\\/actualite\\\/international\\\/beaucoup-plus-de-gens-vont-bientot-mourir-a-gaza-alerte-l-onu\\\/209673\\\/\"},\"wordCount\":200,\"commentCount\":0,\"publisher\":{\"@id\":\"https:\\\/\\\/www.webdo.tn\\\/fr\\\/#organization\"},\"image\":{\"@id\":\"https:\\\/\\\/www.webdo.tn\\\/fr\\\/actualite\\\/international\\\/beaucoup-plus-de-gens-vont-bientot-mourir-a-gaza-alerte-l-onu\\\/209673\\\/#primaryimage\"},\"thumbnailUrl\":\"https:\\\/\\\/www.webdo.tn\\\/fr\\\/wp-content\\\/uploads\\\/2023\\\/10\\\/bc6d4f20579f8871b4476c6505be85cd.jpg\",\"keywords\":[\"Gaza\",\"isra\u00ebl\",\"morts\",\"ONU\"],\"articleSection\":[\"International\"],\"inLanguage\":\"fr-FR\"},{\"@type\":\"WebPage\",\"@id\":\"https:\\\/\\\/www.webdo.tn\\\/fr\\\/actualite\\\/international\\\/beaucoup-plus-de-gens-vont-bientot-mourir-a-gaza-alerte-l-onu\\\/209673\\\/\",\"url\":\"https:\\\/\\\/www.webdo.tn\\\/fr\\\/actualite\\\/international\\\/beaucoup-plus-de-gens-vont-bientot-mourir-a-gaza-alerte-l-onu\\\/209673\\\/\",\"name\":\"Beaucoup plus de gens vont bient\u00f4t mourir \u00e0 Gaza , alerte l\u2019ONU\",\"isPartOf\":{\"@id\":\"https:\\\/\\\/www.webdo.tn\\\/fr\\\/#website\"},\"primaryImageOfPage\":{\"@id\":\"https:\\\/\\\/www.webdo.tn\\\/fr\\\/actualite\\\/international\\\/beaucoup-plus-de-gens-vont-bientot-mourir-a-gaza-alerte-l-onu\\\/209673\\\/#primaryimage\"},\"image\":{\"@id\":\"https:\\\/\\\/www.webdo.tn\\\/fr\\\/actualite\\\/international\\\/beaucoup-plus-de-gens-vont-bientot-mourir-a-gaza-alerte-l-onu\\\/209673\\\/#primaryimage\"},\"thumbnailUrl\":\"https:\\\/\\\/www.webdo.tn\\\/fr\\\/wp-content\\\/uploads\\\/2023\\\/10\\\/bc6d4f20579f8871b4476c6505be85cd.jpg\",\"datePublished\":\"2023-10-27T12:12:00+00:00\",\"dateModified\":\"2025-05-20T22:39:57+00:00\",\"description\":\"\u00ab Au moment o\u00f9 nous parlons, des gens \u00e0 Gaza meurent, ils ne meurent pas seulement \u00e0 cause des bombes et des frappes, beaucoup plus vont bient\u00f4t mourir des cons...\",\"breadcrumb\":{\"@id\":\"https:\\\/\\\/www.webdo.tn\\\/fr\\\/actualite\\\/international\\\/beaucoup-plus-de-gens-vont-bientot-mourir-a-gaza-alerte-l-onu\\\/209673\\\/#breadcrumb\"},\"inLanguage\":\"fr-FR\",\"potentialAction\":[{\"@type\":\"ReadAction\",\"target\":[\"https:\\\/\\\/www.webdo.tn\\\/fr\\\/actualite\\\/international\\\/beaucoup-plus-de-gens-vont-bientot-mourir-a-gaza-alerte-l-onu\\\/209673\\\/\"]}]},{\"@type\":\"ImageObject\",\"inLanguage\":\"fr-FR\",\"@id\":\"https:\\\/\\\/www.webdo.tn\\\/fr\\\/actualite\\\/international\\\/beaucoup-plus-de-gens-vont-bientot-mourir-a-gaza-alerte-l-onu\\\/209673\\\/#primaryimage\",\"url\":\"https:\\\/\\\/www.webdo.tn\\\/fr\\\/wp-content\\\/uploads\\\/2023\\\/10\\\/bc6d4f20579f8871b4476c6505be85cd.jpg\",\"contentUrl\":\"https:\\\/\\\/www.webdo.tn\\\/fr\\\/wp-content\\\/uploads\\\/2023\\\/10\\\/bc6d4f20579f8871b4476c6505be85cd.jpg\",\"width\":720,\"height\":384,\"caption\":\"\\\"Beaucoup plus de gens vont bient\u00f4t mourir \u00e0 Gaza\\\", alerte l\u2019ONU\"},{\"@type\":\"BreadcrumbList\",\"@id\":\"https:\\\/\\\/www.webdo.tn\\\/fr\\\/actualite\\\/international\\\/beaucoup-plus-de-gens-vont-bientot-mourir-a-gaza-alerte-l-onu\\\/209673\\\/#breadcrumb\",\"itemListElement\":[{\"@type\":\"ListItem\",\"position\":1,\"name\":\"Accueil\",\"item\":\"https:\\\/\\\/www.webdo.tn\\\/fr\\\/\"},{\"@type\":\"ListItem\",\"position\":2,\"name\":\"\u00ab\u00a0Beaucoup plus de gens vont bient\u00f4t mourir \u00e0 Gaza\u00a0\u00bb, alerte l\u2019ONU\"}]},{\"@type\":\"WebSite\",\"@id\":\"https:\\\/\\\/www.webdo.tn\\\/fr\\\/#website\",\"url\":\"https:\\\/\\\/www.webdo.tn\\\/fr\\\/\",\"name\":\"webdo\",\"description\":\"Tunisie - News en Tunisie et \u00e0 l&#039;international sur Webdo.tn\",\"publisher\":{\"@id\":\"https:\\\/\\\/www.webdo.tn\\\/fr\\\/#organization\"},\"potentialAction\":[{\"@type\":\"SearchAction\",\"target\":{\"@type\":\"EntryPoint\",\"urlTemplate\":\"https:\\\/\\\/www.webdo.tn\\\/fr\\\/?s={search_term_string}\"},\"query-input\":{\"@type\":\"PropertyValueSpecification\",\"valueRequired\":true,\"valueName\":\"search_term_string\"}}],\"inLanguage\":\"fr-FR\"},{\"@type\":\"Organization\",\"@id\":\"https:\\\/\\\/www.webdo.tn\\\/fr\\\/#organization\",\"name\":\"Webdo\",\"alternateName\":\"Webdo.tn\",\"url\":\"https:\\\/\\\/www.webdo.tn\\\/fr\\\/\",\"logo\":{\"@type\":\"ImageObject\",\"inLanguage\":\"fr-FR\",\"@id\":\"https:\\\/\\\/www.webdo.tn\\\/fr\\\/#\\\/schema\\\/logo\\\/image\\\/\",\"url\":\"https:\\\/\\\/www.webdo.tn\\\/fr\\\/wp-content\\\/uploads\\\/2025\\\/06\\\/Webdo-Tunisie_168377.jpg\",\"contentUrl\":\"https:\\\/\\\/www.webdo.tn\\\/fr\\\/wp-content\\\/uploads\\\/2025\\\/06\\\/Webdo-Tunisie_168377.jpg\",\"width\":301,\"height\":301,\"caption\":\"Webdo\"},\"image\":{\"@id\":\"https:\\\/\\\/www.webdo.tn\\\/fr\\\/#\\\/schema\\\/logo\\\/image\\\/\"},\"sameAs\":[\"https:\\\/\\\/www.facebook.com\\\/webdotn\",\"https:\\\/\\\/x.com\\\/webdo_tn\"],\"description\":\"Webdo est un m\u00e9dia num\u00e9rique tunisien fond\u00e9 en 2010, sp\u00e9cialis\u00e9 dans l\u2019actualit\u00e9 nationale et internationale, l\u2019\u00e9conomie, la soci\u00e9t\u00e9 et les analyses politiques. Le site s\u2019adresse \u00e0 un large public francophone et couvre l\u2019information tunisienne en temps r\u00e9el.\",\"email\":\"redac@webdo.tn\",\"legalName\":\"YNJ SARL\",\"foundingDate\":\"2010-09-06\",\"numberOfEmployees\":{\"@type\":\"QuantitativeValue\",\"minValue\":\"11\",\"maxValue\":\"50\"}},{\"@type\":\"Person\",\"@id\":\"https:\\\/\\\/www.webdo.tn\\\/fr\\\/#\\\/schema\\\/person\\\/f35b42a42c5e2511bbd282959d6385cc\",\"name\":\"CL\",\"image\":{\"@type\":\"ImageObject\",\"inLanguage\":\"fr-FR\",\"@id\":\"https:\\\/\\\/secure.gravatar.com\\\/avatar\\\/1447a49909b67aa657c488aec6512e1dd6143a480c1ecfee9b5b5cd74eb3b59e?s=96&d=mm&r=g\",\"url\":\"https:\\\/\\\/secure.gravatar.com\\\/avatar\\\/1447a49909b67aa657c488aec6512e1dd6143a480c1ecfee9b5b5cd74eb3b59e?s=96&d=mm&r=g\",\"contentUrl\":\"https:\\\/\\\/secure.gravatar.com\\\/avatar\\\/1447a49909b67aa657c488aec6512e1dd6143a480c1ecfee9b5b5cd74eb3b59e?s=96&d=mm&r=g\",\"caption\":\"CL\"},\"url\":\"https:\\\/\\\/www.webdo.tn\\\/fr\\\/actualite\\\/author\\\/cl\\\/\"}]}<\/script>\n<!-- \/ Yoast SEO Premium plugin. -->","yoast_head_json":{"title":"Beaucoup plus de gens vont bient\u00f4t mourir \u00e0 Gaza , alerte l\u2019ONU","description":"\u00ab Au moment o\u00f9 nous parlons, des gens \u00e0 Gaza meurent, ils ne meurent pas seulement \u00e0 cause des bombes et des frappes, beaucoup plus vont bient\u00f4t mourir des cons...","canonical":"https:\/\/www.webdo.tn\/fr\/actualite\/international\/beaucoup-plus-de-gens-vont-bientot-mourir-a-gaza-alerte-l-onu\/209673\/","og_locale":"fr_FR","og_type":"article","og_title":"\"Beaucoup plus de gens vont bient\u00f4t mourir \u00e0 Gaza\", alerte l\u2019ONU","og_description":"\u00ab Au moment o\u00f9 nous parlons, des gens \u00e0 Gaza meurent, ils ne meurent pas seulement \u00e0 cause des bombes et des frappes, beaucoup plus vont bient\u00f4t mourir des cons...","og_url":"https:\/\/www.webdo.tn\/fr\/actualite\/international\/beaucoup-plus-de-gens-vont-bientot-mourir-a-gaza-alerte-l-onu\/209673\/","og_site_name":"webdo","article_publisher":"https:\/\/www.facebook.com\/webdotn","article_published_time":"2023-10-27T12:12:00+00:00","article_modified_time":"2025-05-20T22:39:57+00:00","og_image":[{"width":720,"height":384,"url":"https:\/\/www.webdo.tn\/fr\/wp-content\/uploads\/2023\/10\/bc6d4f20579f8871b4476c6505be85cd.jpg","type":"image\/jpeg"}],"author":"CL","twitter_card":"summary_large_image","twitter_creator":"@webdo_tn","twitter_site":"@webdo_tn","twitter_misc":{"\u00c9crit par":"CL","Dur\u00e9e de lecture estim\u00e9e":"1 minute"},"schema":{"@context":"https:\/\/schema.org","@graph":[{"@type":"NewsArticle","@id":"https:\/\/www.webdo.tn\/fr\/actualite\/international\/beaucoup-plus-de-gens-vont-bientot-mourir-a-gaza-alerte-l-onu\/209673\/#article","isPartOf":{"@id":"https:\/\/www.webdo.tn\/fr\/actualite\/international\/beaucoup-plus-de-gens-vont-bientot-mourir-a-gaza-alerte-l-onu\/209673\/"},"author":{"name":"CL","@id":"https:\/\/www.webdo.tn\/fr\/#\/schema\/person\/f35b42a42c5e2511bbd282959d6385cc"},"headline":"\u00ab\u00a0Beaucoup plus de gens vont bient\u00f4t mourir \u00e0 Gaza\u00a0\u00bb, alerte l\u2019ONU","datePublished":"2023-10-27T12:12:00+00:00","dateModified":"2025-05-20T22:39:57+00:00","mainEntityOfPage":{"@id":"https:\/\/www.webdo.tn\/fr\/actualite\/international\/beaucoup-plus-de-gens-vont-bientot-mourir-a-gaza-alerte-l-onu\/209673\/"},"wordCount":200,"commentCount":0,"publisher":{"@id":"https:\/\/www.webdo.tn\/fr\/#organization"},"image":{"@id":"https:\/\/www.webdo.tn\/fr\/actualite\/international\/beaucoup-plus-de-gens-vont-bientot-mourir-a-gaza-alerte-l-onu\/209673\/#primaryimage"},"thumbnailUrl":"https:\/\/www.webdo.tn\/fr\/wp-content\/uploads\/2023\/10\/bc6d4f20579f8871b4476c6505be85cd.jpg","keywords":["Gaza","isra\u00ebl","morts","ONU"],"articleSection":["International"],"inLanguage":"fr-FR"},{"@type":"WebPage","@id":"https:\/\/www.webdo.tn\/fr\/actualite\/international\/beaucoup-plus-de-gens-vont-bientot-mourir-a-gaza-alerte-l-onu\/209673\/","url":"https:\/\/www.webdo.tn\/fr\/actualite\/international\/beaucoup-plus-de-gens-vont-bientot-mourir-a-gaza-alerte-l-onu\/209673\/","name":"Beaucoup plus de gens vont bient\u00f4t mourir \u00e0 Gaza , alerte l\u2019ONU","isPartOf":{"@id":"https:\/\/www.webdo.tn\/fr\/#website"},"primaryImageOfPage":{"@id":"https:\/\/www.webdo.tn\/fr\/actualite\/international\/beaucoup-plus-de-gens-vont-bientot-mourir-a-gaza-alerte-l-onu\/209673\/#primaryimage"},"image":{"@id":"https:\/\/www.webdo.tn\/fr\/actualite\/international\/beaucoup-plus-de-gens-vont-bientot-mourir-a-gaza-alerte-l-onu\/209673\/#primaryimage"},"thumbnailUrl":"https:\/\/www.webdo.tn\/fr\/wp-content\/uploads\/2023\/10\/bc6d4f20579f8871b4476c6505be85cd.jpg","datePublished":"2023-10-27T12:12:00+00:00","dateModified":"2025-05-20T22:39:57+00:00","description":"\u00ab Au moment o\u00f9 nous parlons, des gens \u00e0 Gaza meurent, ils ne meurent pas seulement \u00e0 cause des bombes et des frappes, beaucoup plus vont bient\u00f4t mourir des cons...","breadcrumb":{"@id":"https:\/\/www.webdo.tn\/fr\/actualite\/international\/beaucoup-plus-de-gens-vont-bientot-mourir-a-gaza-alerte-l-onu\/209673\/#breadcrumb"},"inLanguage":"fr-FR","potentialAction":[{"@type":"ReadAction","target":["https:\/\/www.webdo.tn\/fr\/actualite\/international\/beaucoup-plus-de-gens-vont-bientot-mourir-a-gaza-alerte-l-onu\/209673\/"]}]},{"@type":"ImageObject","inLanguage":"fr-FR","@id":"https:\/\/www.webdo.tn\/fr\/actualite\/international\/beaucoup-plus-de-gens-vont-bientot-mourir-a-gaza-alerte-l-onu\/209673\/#primaryimage","url":"https:\/\/www.webdo.tn\/fr\/wp-content\/uploads\/2023\/10\/bc6d4f20579f8871b4476c6505be85cd.jpg","contentUrl":"https:\/\/www.webdo.tn\/fr\/wp-content\/uploads\/2023\/10\/bc6d4f20579f8871b4476c6505be85cd.jpg","width":720,"height":384,"caption":"\"Beaucoup plus de gens vont bient\u00f4t mourir \u00e0 Gaza\", alerte l\u2019ONU"},{"@type":"BreadcrumbList","@id":"https:\/\/www.webdo.tn\/fr\/actualite\/international\/beaucoup-plus-de-gens-vont-bientot-mourir-a-gaza-alerte-l-onu\/209673\/#breadcrumb","itemListElement":[{"@type":"ListItem","position":1,"name":"Accueil","item":"https:\/\/www.webdo.tn\/fr\/"},{"@type":"ListItem","position":2,"name":"\u00ab\u00a0Beaucoup plus de gens vont bient\u00f4t mourir \u00e0 Gaza\u00a0\u00bb, alerte l\u2019ONU"}]},{"@type":"WebSite","@id":"https:\/\/www.webdo.tn\/fr\/#website","url":"https:\/\/www.webdo.tn\/fr\/","name":"webdo","description":"Tunisie - News en Tunisie et \u00e0 l&#039;international sur Webdo.tn","publisher":{"@id":"https:\/\/www.webdo.tn\/fr\/#organization"},"potentialAction":[{"@type":"SearchAction","target":{"@type":"EntryPoint","urlTemplate":"https:\/\/www.webdo.tn\/fr\/?s={search_term_string}"},"query-input":{"@type":"PropertyValueSpecification","valueRequired":true,"valueName":"search_term_string"}}],"inLanguage":"fr-FR"},{"@type":"Organization","@id":"https:\/\/www.webdo.tn\/fr\/#organization","name":"Webdo","alternateName":"Webdo.tn","url":"https:\/\/www.webdo.tn\/fr\/","logo":{"@type":"ImageObject","inLanguage":"fr-FR","@id":"https:\/\/www.webdo.tn\/fr\/#\/schema\/logo\/image\/","url":"https:\/\/www.webdo.tn\/fr\/wp-content\/uploads\/2025\/06\/Webdo-Tunisie_168377.jpg","contentUrl":"https:\/\/www.webdo.tn\/fr\/wp-content\/uploads\/2025\/06\/Webdo-Tunisie_168377.jpg","width":301,"height":301,"caption":"Webdo"},"image":{"@id":"https:\/\/www.webdo.tn\/fr\/#\/schema\/logo\/image\/"},"sameAs":["https:\/\/www.facebook.com\/webdotn","https:\/\/x.com\/webdo_tn"],"description":"Webdo est un m\u00e9dia num\u00e9rique tunisien fond\u00e9 en 2010, sp\u00e9cialis\u00e9 dans l\u2019actualit\u00e9 nationale et internationale, l\u2019\u00e9conomie, la soci\u00e9t\u00e9 et les analyses politiques. Le site s\u2019adresse \u00e0 un large public francophone et couvre l\u2019information tunisienne en temps r\u00e9el.","email":"redac@webdo.tn","legalName":"YNJ SARL","foundingDate":"2010-09-06","numberOfEmployees":{"@type":"QuantitativeValue","minValue":"11","maxValue":"50"}},{"@type":"Person","@id":"https:\/\/www.webdo.tn\/fr\/#\/schema\/person\/f35b42a42c5e2511bbd282959d6385cc","name":"CL","image":{"@type":"ImageObject","inLanguage":"fr-FR","@id":"https:\/\/secure.gravatar.com\/avatar\/1447a49909b67aa657c488aec6512e1dd6143a480c1ecfee9b5b5cd74eb3b59e?s=96&d=mm&r=g","url":"https:\/\/secure.gravatar.com\/avatar\/1447a49909b67aa657c488aec6512e1dd6143a480c1ecfee9b5b5cd74eb3b59e?s=96&d=mm&r=g","contentUrl":"https:\/\/secure.gravatar.com\/avatar\/1447a49909b67aa657c488aec6512e1dd6143a480c1ecfee9b5b5cd74eb3b59e?s=96&d=mm&r=g","caption":"CL"},"url":"https:\/\/www.webdo.tn\/fr\/actualite\/author\/cl\/"}]}},"_links":{"self":[{"href":"https:\/\/www.webdo.tn\/fr\/wp-json\/wp\/v2\/posts\/209673","targetHints":{"allow":["GET"]}}],"collection":[{"href":"https:\/\/www.webdo.tn\/fr\/wp-json\/wp\/v2\/posts"}],"about":[{"href":"https:\/\/www.webdo.tn\/fr\/wp-json\/wp\/v2\/types\/post"}],"author":[{"embeddable":true,"href":"https:\/\/www.webdo.tn\/fr\/wp-json\/wp\/v2\/users\/3175"}],"replies":[{"embeddable":true,"href":"https:\/\/www.webdo.tn\/fr\/wp-json\/wp\/v2\/comments?post=209673"}],"version-history":[{"count":0,"href":"https:\/\/www.webdo.tn\/fr\/wp-json\/wp\/v2\/posts\/209673\/revisions"}],"wp:featuredmedia":[{"embeddable":true,"href":"https:\/\/www.webdo.tn\/fr\/wp-json\/wp\/v2\/media\/248955"}],"wp:attachment":[{"href":"https:\/\/www.webdo.tn\/fr\/wp-json\/wp\/v2\/media?parent=209673"}],"wp:term":[{"taxonomy":"category","embeddable":true,"href":"https:\/\/www.webdo.tn\/fr\/wp-json\/wp\/v2\/categories?post=209673"},{"taxonomy":"post_tag","embeddable":true,"href":"https:\/\/www.webdo.tn\/fr\/wp-json\/wp\/v2\/tags?post=209673"}],"curies":[{"name":"wp","href":"https:\/\/api.w.org\/{rel}","templated":true}]}}