{"id":209660,"date":"2023-10-27T08:04:00","date_gmt":"2023-10-27T08:04:00","guid":{"rendered":"https:\/\/www.webdo.tn\/fr\/blog\/gaza-les-etats-unis-deploient-900-soldats-au-moyen-orient\/209660\/"},"modified":"2025-05-20T22:52:16","modified_gmt":"2025-05-20T22:52:16","slug":"gaza-les-etats-unis-deploient-900-soldats-au-moyen-orient","status":"publish","type":"post","link":"https:\/\/www.webdo.tn\/fr\/actualite\/international\/gaza-les-etats-unis-deploient-900-soldats-au-moyen-orient\/209660\/","title":{"rendered":"Gaza : Les \u00c9tats-Unis d\u00e9ploient 900 soldats au Moyen-Orient"},"content":{"rendered":"<p>Le porte-parole du Pentagone, Pat Ryder, a annonc\u00e9, hier jeudi 26 octobre, qu\u2019environ 900 soldats am\u00e9ricains se trouvaient au Moyen-Orient ou \u00e9taient en route vers cette r\u00e9gion dans le cadre des \u00ab efforts visant \u00e0 dissuader un conflit plus large et \u00e0 renforcer nos capacit\u00e9s de protection des forces \u00bb.<\/p>\n<p>\u00ab Je peux confirmer qu&rsquo;environ 900 soldats ont \u00e9t\u00e9 d\u00e9ploy\u00e9s ou sont en train de l&rsquo;\u00eatre dans la zone de responsabilit\u00e9 du Commandement central am\u00e9ricain \u00bb, a-t-il d\u00e9clar\u00e9.\u00a0<\/p>\n<p>Il a \u00e9galement d\u00e9clar\u00e9 lors d\u2019un briefing que les \u00c9tats-Unis pr\u00e9voyaient de transf\u00e9rer deux batteries D\u00f4me de fer \u00e0 Isra\u00ebl.<\/p>\n<p>Le pays avait d\u00e9j\u00e0 envoy\u00e9 des armes, deux porte-avions et des groupes d&rsquo;intervention en M\u00e9diterran\u00e9e orientale.<\/p>\n","protected":false},"excerpt":{"rendered":"<p>Il a \u00e9galement d\u00e9clar\u00e9 lors d\u2019un briefing que les \u00c9tats-Unis pr\u00e9voyaient de transf\u00e9rer deux batteries D\u00f4me de fer \u00e0 Isra\u00ebl.<\/p>\n","protected":false},"author":3175,"featured_media":278916,"comment_status":"open","ping_status":"closed","sticky":false,"template":"","format":"standard","meta":{"footnotes":""},"categories":[2598],"tags":[8612,2689,7115,3061],"class_list":["post-209660","post","type-post","status-publish","format-standard","has-post-thumbnail","hentry","category-international","tag-arme","tag-gaza","tag-soldats","tag-usa"],"yoast_head":"<!-- This site is optimized with the Yoast SEO Premium plugin v27.4 (Yoast SEO v27.5) - https:\/\/yoast.com\/product\/yoast-seo-premium-wordpress\/ -->\n<title>Gaza : Les \u00c9tats-Unis d\u00e9ploient 900 soldats au Moyen-Orient<\/title>\n<meta name=\"description\" content=\"Il a \u00e9galement d\u00e9clar\u00e9 lors d\u2019un briefing que les \u00c9tats-Unis pr\u00e9voyaient de transf\u00e9rer deux batteries D\u00f4me de fer \u00e0 Isra\u00ebl.\" \/>\n<link rel=\"canonical\" href=\"https:\/\/www.webdo.tn\/fr\/actualite\/international\/gaza-les-etats-unis-deploient-900-soldats-au-moyen-orient\/209660\/\" \/>\n<meta property=\"og:locale\" content=\"fr_FR\" \/>\n<meta property=\"og:type\" content=\"article\" \/>\n<meta property=\"og:title\" content=\"Gaza : Les \u00c9tats-Unis d\u00e9ploient 900 soldats au Moyen-Orient\" \/>\n<meta property=\"og:description\" content=\"Il a \u00e9galement d\u00e9clar\u00e9 lors d\u2019un briefing que les \u00c9tats-Unis pr\u00e9voyaient de transf\u00e9rer deux batteries D\u00f4me de fer \u00e0 Isra\u00ebl.\" \/>\n<meta property=\"og:url\" content=\"https:\/\/www.webdo.tn\/fr\/actualite\/international\/gaza-les-etats-unis-deploient-900-soldats-au-moyen-orient\/209660\/\" \/>\n<meta property=\"og:site_name\" content=\"webdo\" \/>\n<meta property=\"article:publisher\" content=\"https:\/\/www.facebook.com\/webdotn\" \/>\n<meta property=\"article:published_time\" content=\"2023-10-27T08:04:00+00:00\" \/>\n<meta property=\"article:modified_time\" content=\"2025-05-20T22:52:16+00:00\" \/>\n<meta property=\"og:image\" content=\"https:\/\/www.webdo.tn\/fr\/wp-content\/uploads\/2023\/10\/4c38cf49c203ca905fe970472f3d6fd5.jpg\" \/>\n\t<meta property=\"og:image:width\" content=\"750\" \/>\n\t<meta property=\"og:image:height\" content=\"400\" \/>\n\t<meta property=\"og:image:type\" content=\"image\/jpeg\" \/>\n<meta name=\"author\" content=\"CL\" \/>\n<meta name=\"twitter:card\" content=\"summary_large_image\" \/>\n<meta name=\"twitter:creator\" content=\"@webdo_tn\" \/>\n<meta name=\"twitter:site\" content=\"@webdo_tn\" \/>\n<meta name=\"twitter:label1\" content=\"\u00c9crit par\" \/>\n\t<meta name=\"twitter:data1\" content=\"CL\" \/>\n\t<meta name=\"twitter:label2\" content=\"Dur\u00e9e de lecture estim\u00e9e\" \/>\n\t<meta name=\"twitter:data2\" content=\"1 minute\" \/>\n<script type=\"application\/ld+json\" class=\"yoast-schema-graph\">{\"@context\":\"https:\\\/\\\/schema.org\",\"@graph\":[{\"@type\":\"NewsArticle\",\"@id\":\"https:\\\/\\\/www.webdo.tn\\\/fr\\\/actualite\\\/international\\\/gaza-les-etats-unis-deploient-900-soldats-au-moyen-orient\\\/209660\\\/#article\",\"isPartOf\":{\"@id\":\"https:\\\/\\\/www.webdo.tn\\\/fr\\\/actualite\\\/international\\\/gaza-les-etats-unis-deploient-900-soldats-au-moyen-orient\\\/209660\\\/\"},\"author\":{\"name\":\"CL\",\"@id\":\"https:\\\/\\\/www.webdo.tn\\\/fr\\\/#\\\/schema\\\/person\\\/f35b42a42c5e2511bbd282959d6385cc\"},\"headline\":\"Gaza : Les \u00c9tats-Unis d\u00e9ploient 900 soldats au Moyen-Orient\",\"datePublished\":\"2023-10-27T08:04:00+00:00\",\"dateModified\":\"2025-05-20T22:52:16+00:00\",\"mainEntityOfPage\":{\"@id\":\"https:\\\/\\\/www.webdo.tn\\\/fr\\\/actualite\\\/international\\\/gaza-les-etats-unis-deploient-900-soldats-au-moyen-orient\\\/209660\\\/\"},\"wordCount\":132,\"commentCount\":0,\"publisher\":{\"@id\":\"https:\\\/\\\/www.webdo.tn\\\/fr\\\/#organization\"},\"image\":{\"@id\":\"https:\\\/\\\/www.webdo.tn\\\/fr\\\/actualite\\\/international\\\/gaza-les-etats-unis-deploient-900-soldats-au-moyen-orient\\\/209660\\\/#primaryimage\"},\"thumbnailUrl\":\"https:\\\/\\\/www.webdo.tn\\\/fr\\\/wp-content\\\/uploads\\\/2023\\\/10\\\/4c38cf49c203ca905fe970472f3d6fd5.jpg\",\"keywords\":[\"arme\",\"Gaza\",\"SOLDATS\",\"USA\"],\"articleSection\":[\"International\"],\"inLanguage\":\"fr-FR\"},{\"@type\":\"WebPage\",\"@id\":\"https:\\\/\\\/www.webdo.tn\\\/fr\\\/actualite\\\/international\\\/gaza-les-etats-unis-deploient-900-soldats-au-moyen-orient\\\/209660\\\/\",\"url\":\"https:\\\/\\\/www.webdo.tn\\\/fr\\\/actualite\\\/international\\\/gaza-les-etats-unis-deploient-900-soldats-au-moyen-orient\\\/209660\\\/\",\"name\":\"Gaza : Les \u00c9tats-Unis d\u00e9ploient 900 soldats au Moyen-Orient\",\"isPartOf\":{\"@id\":\"https:\\\/\\\/www.webdo.tn\\\/fr\\\/#website\"},\"primaryImageOfPage\":{\"@id\":\"https:\\\/\\\/www.webdo.tn\\\/fr\\\/actualite\\\/international\\\/gaza-les-etats-unis-deploient-900-soldats-au-moyen-orient\\\/209660\\\/#primaryimage\"},\"image\":{\"@id\":\"https:\\\/\\\/www.webdo.tn\\\/fr\\\/actualite\\\/international\\\/gaza-les-etats-unis-deploient-900-soldats-au-moyen-orient\\\/209660\\\/#primaryimage\"},\"thumbnailUrl\":\"https:\\\/\\\/www.webdo.tn\\\/fr\\\/wp-content\\\/uploads\\\/2023\\\/10\\\/4c38cf49c203ca905fe970472f3d6fd5.jpg\",\"datePublished\":\"2023-10-27T08:04:00+00:00\",\"dateModified\":\"2025-05-20T22:52:16+00:00\",\"description\":\"Il a \u00e9galement d\u00e9clar\u00e9 lors d\u2019un briefing que les \u00c9tats-Unis pr\u00e9voyaient de transf\u00e9rer deux batteries D\u00f4me de fer \u00e0 Isra\u00ebl.\",\"breadcrumb\":{\"@id\":\"https:\\\/\\\/www.webdo.tn\\\/fr\\\/actualite\\\/international\\\/gaza-les-etats-unis-deploient-900-soldats-au-moyen-orient\\\/209660\\\/#breadcrumb\"},\"inLanguage\":\"fr-FR\",\"potentialAction\":[{\"@type\":\"ReadAction\",\"target\":[\"https:\\\/\\\/www.webdo.tn\\\/fr\\\/actualite\\\/international\\\/gaza-les-etats-unis-deploient-900-soldats-au-moyen-orient\\\/209660\\\/\"]}]},{\"@type\":\"ImageObject\",\"inLanguage\":\"fr-FR\",\"@id\":\"https:\\\/\\\/www.webdo.tn\\\/fr\\\/actualite\\\/international\\\/gaza-les-etats-unis-deploient-900-soldats-au-moyen-orient\\\/209660\\\/#primaryimage\",\"url\":\"https:\\\/\\\/www.webdo.tn\\\/fr\\\/wp-content\\\/uploads\\\/2023\\\/10\\\/4c38cf49c203ca905fe970472f3d6fd5.jpg\",\"contentUrl\":\"https:\\\/\\\/www.webdo.tn\\\/fr\\\/wp-content\\\/uploads\\\/2023\\\/10\\\/4c38cf49c203ca905fe970472f3d6fd5.jpg\",\"width\":750,\"height\":400,\"caption\":\"Gaza : Les \u00c9tats-Unis d\u00e9ploient 900 soldats au Moyen-Orient\"},{\"@type\":\"BreadcrumbList\",\"@id\":\"https:\\\/\\\/www.webdo.tn\\\/fr\\\/actualite\\\/international\\\/gaza-les-etats-unis-deploient-900-soldats-au-moyen-orient\\\/209660\\\/#breadcrumb\",\"itemListElement\":[{\"@type\":\"ListItem\",\"position\":1,\"name\":\"Accueil\",\"item\":\"https:\\\/\\\/www.webdo.tn\\\/fr\\\/\"},{\"@type\":\"ListItem\",\"position\":2,\"name\":\"Gaza : Les \u00c9tats-Unis d\u00e9ploient 900 soldats au Moyen-Orient\"}]},{\"@type\":\"WebSite\",\"@id\":\"https:\\\/\\\/www.webdo.tn\\\/fr\\\/#website\",\"url\":\"https:\\\/\\\/www.webdo.tn\\\/fr\\\/\",\"name\":\"webdo\",\"description\":\"Tunisie - News en Tunisie et \u00e0 l&#039;international sur Webdo.tn\",\"publisher\":{\"@id\":\"https:\\\/\\\/www.webdo.tn\\\/fr\\\/#organization\"},\"potentialAction\":[{\"@type\":\"SearchAction\",\"target\":{\"@type\":\"EntryPoint\",\"urlTemplate\":\"https:\\\/\\\/www.webdo.tn\\\/fr\\\/?s={search_term_string}\"},\"query-input\":{\"@type\":\"PropertyValueSpecification\",\"valueRequired\":true,\"valueName\":\"search_term_string\"}}],\"inLanguage\":\"fr-FR\"},{\"@type\":\"Organization\",\"@id\":\"https:\\\/\\\/www.webdo.tn\\\/fr\\\/#organization\",\"name\":\"Webdo\",\"alternateName\":\"Webdo.tn\",\"url\":\"https:\\\/\\\/www.webdo.tn\\\/fr\\\/\",\"logo\":{\"@type\":\"ImageObject\",\"inLanguage\":\"fr-FR\",\"@id\":\"https:\\\/\\\/www.webdo.tn\\\/fr\\\/#\\\/schema\\\/logo\\\/image\\\/\",\"url\":\"https:\\\/\\\/www.webdo.tn\\\/fr\\\/wp-content\\\/uploads\\\/2025\\\/06\\\/Webdo-Tunisie_168377.jpg\",\"contentUrl\":\"https:\\\/\\\/www.webdo.tn\\\/fr\\\/wp-content\\\/uploads\\\/2025\\\/06\\\/Webdo-Tunisie_168377.jpg\",\"width\":301,\"height\":301,\"caption\":\"Webdo\"},\"image\":{\"@id\":\"https:\\\/\\\/www.webdo.tn\\\/fr\\\/#\\\/schema\\\/logo\\\/image\\\/\"},\"sameAs\":[\"https:\\\/\\\/www.facebook.com\\\/webdotn\",\"https:\\\/\\\/x.com\\\/webdo_tn\"],\"description\":\"Webdo est un m\u00e9dia num\u00e9rique tunisien fond\u00e9 en 2010, sp\u00e9cialis\u00e9 dans l\u2019actualit\u00e9 nationale et internationale, l\u2019\u00e9conomie, la soci\u00e9t\u00e9 et les analyses politiques. Le site s\u2019adresse \u00e0 un large public francophone et couvre l\u2019information tunisienne en temps r\u00e9el.\",\"email\":\"redac@webdo.tn\",\"legalName\":\"YNJ SARL\",\"foundingDate\":\"2010-09-06\",\"numberOfEmployees\":{\"@type\":\"QuantitativeValue\",\"minValue\":\"11\",\"maxValue\":\"50\"}},{\"@type\":\"Person\",\"@id\":\"https:\\\/\\\/www.webdo.tn\\\/fr\\\/#\\\/schema\\\/person\\\/f35b42a42c5e2511bbd282959d6385cc\",\"name\":\"CL\",\"image\":{\"@type\":\"ImageObject\",\"inLanguage\":\"fr-FR\",\"@id\":\"https:\\\/\\\/secure.gravatar.com\\\/avatar\\\/1447a49909b67aa657c488aec6512e1dd6143a480c1ecfee9b5b5cd74eb3b59e?s=96&d=mm&r=g\",\"url\":\"https:\\\/\\\/secure.gravatar.com\\\/avatar\\\/1447a49909b67aa657c488aec6512e1dd6143a480c1ecfee9b5b5cd74eb3b59e?s=96&d=mm&r=g\",\"contentUrl\":\"https:\\\/\\\/secure.gravatar.com\\\/avatar\\\/1447a49909b67aa657c488aec6512e1dd6143a480c1ecfee9b5b5cd74eb3b59e?s=96&d=mm&r=g\",\"caption\":\"CL\"},\"url\":\"https:\\\/\\\/www.webdo.tn\\\/fr\\\/actualite\\\/author\\\/cl\\\/\"}]}<\/script>\n<!-- \/ Yoast SEO Premium plugin. -->","yoast_head_json":{"title":"Gaza : Les \u00c9tats-Unis d\u00e9ploient 900 soldats au Moyen-Orient","description":"Il a \u00e9galement d\u00e9clar\u00e9 lors d\u2019un briefing que les \u00c9tats-Unis pr\u00e9voyaient de transf\u00e9rer deux batteries D\u00f4me de fer \u00e0 Isra\u00ebl.","canonical":"https:\/\/www.webdo.tn\/fr\/actualite\/international\/gaza-les-etats-unis-deploient-900-soldats-au-moyen-orient\/209660\/","og_locale":"fr_FR","og_type":"article","og_title":"Gaza : Les \u00c9tats-Unis d\u00e9ploient 900 soldats au Moyen-Orient","og_description":"Il a \u00e9galement d\u00e9clar\u00e9 lors d\u2019un briefing que les \u00c9tats-Unis pr\u00e9voyaient de transf\u00e9rer deux batteries D\u00f4me de fer \u00e0 Isra\u00ebl.","og_url":"https:\/\/www.webdo.tn\/fr\/actualite\/international\/gaza-les-etats-unis-deploient-900-soldats-au-moyen-orient\/209660\/","og_site_name":"webdo","article_publisher":"https:\/\/www.facebook.com\/webdotn","article_published_time":"2023-10-27T08:04:00+00:00","article_modified_time":"2025-05-20T22:52:16+00:00","og_image":[{"width":750,"height":400,"url":"https:\/\/www.webdo.tn\/fr\/wp-content\/uploads\/2023\/10\/4c38cf49c203ca905fe970472f3d6fd5.jpg","type":"image\/jpeg"}],"author":"CL","twitter_card":"summary_large_image","twitter_creator":"@webdo_tn","twitter_site":"@webdo_tn","twitter_misc":{"\u00c9crit par":"CL","Dur\u00e9e de lecture estim\u00e9e":"1 minute"},"schema":{"@context":"https:\/\/schema.org","@graph":[{"@type":"NewsArticle","@id":"https:\/\/www.webdo.tn\/fr\/actualite\/international\/gaza-les-etats-unis-deploient-900-soldats-au-moyen-orient\/209660\/#article","isPartOf":{"@id":"https:\/\/www.webdo.tn\/fr\/actualite\/international\/gaza-les-etats-unis-deploient-900-soldats-au-moyen-orient\/209660\/"},"author":{"name":"CL","@id":"https:\/\/www.webdo.tn\/fr\/#\/schema\/person\/f35b42a42c5e2511bbd282959d6385cc"},"headline":"Gaza : Les \u00c9tats-Unis d\u00e9ploient 900 soldats au Moyen-Orient","datePublished":"2023-10-27T08:04:00+00:00","dateModified":"2025-05-20T22:52:16+00:00","mainEntityOfPage":{"@id":"https:\/\/www.webdo.tn\/fr\/actualite\/international\/gaza-les-etats-unis-deploient-900-soldats-au-moyen-orient\/209660\/"},"wordCount":132,"commentCount":0,"publisher":{"@id":"https:\/\/www.webdo.tn\/fr\/#organization"},"image":{"@id":"https:\/\/www.webdo.tn\/fr\/actualite\/international\/gaza-les-etats-unis-deploient-900-soldats-au-moyen-orient\/209660\/#primaryimage"},"thumbnailUrl":"https:\/\/www.webdo.tn\/fr\/wp-content\/uploads\/2023\/10\/4c38cf49c203ca905fe970472f3d6fd5.jpg","keywords":["arme","Gaza","SOLDATS","USA"],"articleSection":["International"],"inLanguage":"fr-FR"},{"@type":"WebPage","@id":"https:\/\/www.webdo.tn\/fr\/actualite\/international\/gaza-les-etats-unis-deploient-900-soldats-au-moyen-orient\/209660\/","url":"https:\/\/www.webdo.tn\/fr\/actualite\/international\/gaza-les-etats-unis-deploient-900-soldats-au-moyen-orient\/209660\/","name":"Gaza : Les \u00c9tats-Unis d\u00e9ploient 900 soldats au Moyen-Orient","isPartOf":{"@id":"https:\/\/www.webdo.tn\/fr\/#website"},"primaryImageOfPage":{"@id":"https:\/\/www.webdo.tn\/fr\/actualite\/international\/gaza-les-etats-unis-deploient-900-soldats-au-moyen-orient\/209660\/#primaryimage"},"image":{"@id":"https:\/\/www.webdo.tn\/fr\/actualite\/international\/gaza-les-etats-unis-deploient-900-soldats-au-moyen-orient\/209660\/#primaryimage"},"thumbnailUrl":"https:\/\/www.webdo.tn\/fr\/wp-content\/uploads\/2023\/10\/4c38cf49c203ca905fe970472f3d6fd5.jpg","datePublished":"2023-10-27T08:04:00+00:00","dateModified":"2025-05-20T22:52:16+00:00","description":"Il a \u00e9galement d\u00e9clar\u00e9 lors d\u2019un briefing que les \u00c9tats-Unis pr\u00e9voyaient de transf\u00e9rer deux batteries D\u00f4me de fer \u00e0 Isra\u00ebl.","breadcrumb":{"@id":"https:\/\/www.webdo.tn\/fr\/actualite\/international\/gaza-les-etats-unis-deploient-900-soldats-au-moyen-orient\/209660\/#breadcrumb"},"inLanguage":"fr-FR","potentialAction":[{"@type":"ReadAction","target":["https:\/\/www.webdo.tn\/fr\/actualite\/international\/gaza-les-etats-unis-deploient-900-soldats-au-moyen-orient\/209660\/"]}]},{"@type":"ImageObject","inLanguage":"fr-FR","@id":"https:\/\/www.webdo.tn\/fr\/actualite\/international\/gaza-les-etats-unis-deploient-900-soldats-au-moyen-orient\/209660\/#primaryimage","url":"https:\/\/www.webdo.tn\/fr\/wp-content\/uploads\/2023\/10\/4c38cf49c203ca905fe970472f3d6fd5.jpg","contentUrl":"https:\/\/www.webdo.tn\/fr\/wp-content\/uploads\/2023\/10\/4c38cf49c203ca905fe970472f3d6fd5.jpg","width":750,"height":400,"caption":"Gaza : Les \u00c9tats-Unis d\u00e9ploient 900 soldats au Moyen-Orient"},{"@type":"BreadcrumbList","@id":"https:\/\/www.webdo.tn\/fr\/actualite\/international\/gaza-les-etats-unis-deploient-900-soldats-au-moyen-orient\/209660\/#breadcrumb","itemListElement":[{"@type":"ListItem","position":1,"name":"Accueil","item":"https:\/\/www.webdo.tn\/fr\/"},{"@type":"ListItem","position":2,"name":"Gaza : Les \u00c9tats-Unis d\u00e9ploient 900 soldats au Moyen-Orient"}]},{"@type":"WebSite","@id":"https:\/\/www.webdo.tn\/fr\/#website","url":"https:\/\/www.webdo.tn\/fr\/","name":"webdo","description":"Tunisie - News en Tunisie et \u00e0 l&#039;international sur Webdo.tn","publisher":{"@id":"https:\/\/www.webdo.tn\/fr\/#organization"},"potentialAction":[{"@type":"SearchAction","target":{"@type":"EntryPoint","urlTemplate":"https:\/\/www.webdo.tn\/fr\/?s={search_term_string}"},"query-input":{"@type":"PropertyValueSpecification","valueRequired":true,"valueName":"search_term_string"}}],"inLanguage":"fr-FR"},{"@type":"Organization","@id":"https:\/\/www.webdo.tn\/fr\/#organization","name":"Webdo","alternateName":"Webdo.tn","url":"https:\/\/www.webdo.tn\/fr\/","logo":{"@type":"ImageObject","inLanguage":"fr-FR","@id":"https:\/\/www.webdo.tn\/fr\/#\/schema\/logo\/image\/","url":"https:\/\/www.webdo.tn\/fr\/wp-content\/uploads\/2025\/06\/Webdo-Tunisie_168377.jpg","contentUrl":"https:\/\/www.webdo.tn\/fr\/wp-content\/uploads\/2025\/06\/Webdo-Tunisie_168377.jpg","width":301,"height":301,"caption":"Webdo"},"image":{"@id":"https:\/\/www.webdo.tn\/fr\/#\/schema\/logo\/image\/"},"sameAs":["https:\/\/www.facebook.com\/webdotn","https:\/\/x.com\/webdo_tn"],"description":"Webdo est un m\u00e9dia num\u00e9rique tunisien fond\u00e9 en 2010, sp\u00e9cialis\u00e9 dans l\u2019actualit\u00e9 nationale et internationale, l\u2019\u00e9conomie, la soci\u00e9t\u00e9 et les analyses politiques. Le site s\u2019adresse \u00e0 un large public francophone et couvre l\u2019information tunisienne en temps r\u00e9el.","email":"redac@webdo.tn","legalName":"YNJ SARL","foundingDate":"2010-09-06","numberOfEmployees":{"@type":"QuantitativeValue","minValue":"11","maxValue":"50"}},{"@type":"Person","@id":"https:\/\/www.webdo.tn\/fr\/#\/schema\/person\/f35b42a42c5e2511bbd282959d6385cc","name":"CL","image":{"@type":"ImageObject","inLanguage":"fr-FR","@id":"https:\/\/secure.gravatar.com\/avatar\/1447a49909b67aa657c488aec6512e1dd6143a480c1ecfee9b5b5cd74eb3b59e?s=96&d=mm&r=g","url":"https:\/\/secure.gravatar.com\/avatar\/1447a49909b67aa657c488aec6512e1dd6143a480c1ecfee9b5b5cd74eb3b59e?s=96&d=mm&r=g","contentUrl":"https:\/\/secure.gravatar.com\/avatar\/1447a49909b67aa657c488aec6512e1dd6143a480c1ecfee9b5b5cd74eb3b59e?s=96&d=mm&r=g","caption":"CL"},"url":"https:\/\/www.webdo.tn\/fr\/actualite\/author\/cl\/"}]}},"_links":{"self":[{"href":"https:\/\/www.webdo.tn\/fr\/wp-json\/wp\/v2\/posts\/209660","targetHints":{"allow":["GET"]}}],"collection":[{"href":"https:\/\/www.webdo.tn\/fr\/wp-json\/wp\/v2\/posts"}],"about":[{"href":"https:\/\/www.webdo.tn\/fr\/wp-json\/wp\/v2\/types\/post"}],"author":[{"embeddable":true,"href":"https:\/\/www.webdo.tn\/fr\/wp-json\/wp\/v2\/users\/3175"}],"replies":[{"embeddable":true,"href":"https:\/\/www.webdo.tn\/fr\/wp-json\/wp\/v2\/comments?post=209660"}],"version-history":[{"count":0,"href":"https:\/\/www.webdo.tn\/fr\/wp-json\/wp\/v2\/posts\/209660\/revisions"}],"wp:featuredmedia":[{"embeddable":true,"href":"https:\/\/www.webdo.tn\/fr\/wp-json\/wp\/v2\/media\/278916"}],"wp:attachment":[{"href":"https:\/\/www.webdo.tn\/fr\/wp-json\/wp\/v2\/media?parent=209660"}],"wp:term":[{"taxonomy":"category","embeddable":true,"href":"https:\/\/www.webdo.tn\/fr\/wp-json\/wp\/v2\/categories?post=209660"},{"taxonomy":"post_tag","embeddable":true,"href":"https:\/\/www.webdo.tn\/fr\/wp-json\/wp\/v2\/tags?post=209660"}],"curies":[{"name":"wp","href":"https:\/\/api.w.org\/{rel}","templated":true}]}}