{"id":209654,"date":"2023-10-26T19:51:00","date_gmt":"2023-10-26T19:51:00","guid":{"rendered":"https:\/\/www.webdo.tn\/fr\/blog\/soutien-total-des-membres-de-la-ftf-a-wadii-jari\/209654\/"},"modified":"2025-05-20T22:40:02","modified_gmt":"2025-05-20T22:40:02","slug":"soutien-total-des-membres-de-la-ftf-a-wadii-jari","status":"publish","type":"post","link":"https:\/\/www.webdo.tn\/fr\/actualite\/sport\/soutien-total-des-membres-de-la-ftf-a-wadii-jari\/209654\/","title":{"rendered":"\u00ab Soutien total \u00bb des membres de la FTF \u00e0 Wadii Jari"},"content":{"rendered":"<p>Les membres du Bureau de la F\u00e9d\u00e9ration tunisienne de football (FTF) ont, dans un communiqu\u00e9 rendu public jeudi, exprim\u00e9 leur \u00ab\u00a0soutien total\u00a0\u00bb au pr\u00e9sident de l&rsquo;instance du football tunisien, Wadie Jary, objet d&rsquo;un mandat de d\u00e9p\u00f4t \u00e9mis \u00e0 son encontre plut\u00f4t dans l&rsquo;apr\u00e8s-midi.<\/p>\n<p>Le Bureau f\u00e9d\u00e9ral \u0153uvrera dans le cadre de ce qui est permis par la loi en vigueur \u00e0 d\u00e9fendre Jary et \u00e0 prouver l&rsquo;innocence face aux accusations auxquelles il est assujetti (Contrat \u00e9tabli non conforme aux modalit\u00e9s r\u00e9glementaires), peut-on lire dans le m\u00eame communiqu\u00e9.<\/p>\n<p>Le Bureau explique que le contrat objet de la plainte d\u00e9pos\u00e9e par le minist\u00e8re de la jeunesse et du sport aupr\u00e8s du minist\u00e8re public est un contrat convenu entre la FTF et l&rsquo;ex-directeur technique Sghaier Zouita, et avait \u00e9t\u00e9 \u00e9tabli suivant les m\u00eames modalit\u00e9s et dispositions respect\u00e9es depuis une vingtaine d&rsquo;ann\u00e9es dans l&rsquo;\u00e9laboration des contrats avec les pr\u00e9c\u00e9dents directeurs technique et approuv\u00e9 par le MJS depuis d\u00e9cembre 2020.<\/p>\n<p>Pour rappel, le porte-parole officiel dudit tribunal, Mohamed Zitouna avait indiqu\u00e9 ce jeudi \u00e0 la TAP que le Juge d&rsquo;instruction pr\u00e8s le tribunal de premi\u00e8re instance de Tunis avait \u00e9mis un mandat de d\u00e9p\u00f4t \u00e0 l&rsquo;encontre du pr\u00e9sident de la FTF, Wadie Jary.<\/p>\n<p>Le porte-parole a expliqu\u00e9 que l&rsquo;enqu\u00eate sur l&rsquo;affaire impliquant Jary est toujours en cours, et s&rsquo;\u00e9tait abstenu de r\u00e9v\u00e9ler davantage de d\u00e9tails sur ses circonstances.<br \/>\nWadie Jary avait, rappelle-t-on, \u00e9t\u00e9 arr\u00eat\u00e9, mercredi soir, en vertu d&rsquo;un mandat d&rsquo;arr\u00eat \u00e9mis \u00e0 son encontre, sur fond de plainte d\u00e9pos\u00e9e par le minist\u00e8re de la Jeunesse et des Sports.<\/p>\n","protected":false},"excerpt":{"rendered":"<p>Le Bureau f\u00e9d\u00e9ral \u0153uvrera dans le cadre de ce qui est permis par la loi en vigueur \u00e0 d\u00e9fendre Jary et \u00e0 prouver l&rsquo;innocence face aux accusations auxquelles il e&#8230;<\/p>\n","protected":false},"author":3175,"featured_media":248980,"comment_status":"open","ping_status":"closed","sticky":false,"template":"","format":"standard","meta":{"footnotes":""},"categories":[2593],"tags":[2966,3728,7680],"class_list":["post-209654","post","type-post","status-publish","format-standard","has-post-thumbnail","hentry","category-sport","tag-arrestation","tag-ftf","tag-wadii-jari"],"yoast_head":"<!-- This site is optimized with the Yoast SEO Premium plugin v27.5 (Yoast SEO v27.5) - https:\/\/yoast.com\/product\/yoast-seo-premium-wordpress\/ -->\n<title>\u00ab Soutien total \u00bb des membres de la FTF \u00e0 Wadii Jari<\/title>\n<meta name=\"description\" content=\"Le Bureau f\u00e9d\u00e9ral \u0153uvrera dans le cadre de ce qui est permis par la loi en vigueur \u00e0 d\u00e9fendre Jary et \u00e0 prouver l&#039;innocence face aux accusations auxquelles il e...\" \/>\n<link rel=\"canonical\" href=\"https:\/\/www.webdo.tn\/fr\/actualite\/sport\/soutien-total-des-membres-de-la-ftf-a-wadii-jari\/209654\/\" \/>\n<meta property=\"og:locale\" content=\"fr_FR\" \/>\n<meta property=\"og:type\" content=\"article\" \/>\n<meta property=\"og:title\" content=\"\u00ab Soutien total \u00bb des membres de la FTF \u00e0 Wadii Jari\" \/>\n<meta property=\"og:description\" content=\"Le Bureau f\u00e9d\u00e9ral \u0153uvrera dans le cadre de ce qui est permis par la loi en vigueur \u00e0 d\u00e9fendre Jary et \u00e0 prouver l&#039;innocence face aux accusations auxquelles il e...\" \/>\n<meta property=\"og:url\" content=\"https:\/\/www.webdo.tn\/fr\/actualite\/sport\/soutien-total-des-membres-de-la-ftf-a-wadii-jari\/209654\/\" \/>\n<meta property=\"og:site_name\" content=\"webdo\" \/>\n<meta property=\"article:publisher\" content=\"https:\/\/www.facebook.com\/webdotn\" \/>\n<meta property=\"article:published_time\" content=\"2023-10-26T19:51:00+00:00\" \/>\n<meta property=\"article:modified_time\" content=\"2025-05-20T22:40:02+00:00\" \/>\n<meta property=\"og:image\" content=\"https:\/\/www.webdo.tn\/fr\/wp-content\/uploads\/2023\/10\/a8f332e8a9caa9ce3f3f9b95444d09c9.png\" \/>\n\t<meta property=\"og:image:width\" content=\"750\" \/>\n\t<meta property=\"og:image:height\" content=\"400\" \/>\n\t<meta property=\"og:image:type\" content=\"image\/png\" \/>\n<meta name=\"author\" content=\"CL\" \/>\n<meta name=\"twitter:card\" content=\"summary_large_image\" \/>\n<meta name=\"twitter:creator\" content=\"@webdo_tn\" \/>\n<meta name=\"twitter:site\" content=\"@webdo_tn\" \/>\n<meta name=\"twitter:label1\" content=\"\u00c9crit par\" \/>\n\t<meta name=\"twitter:data1\" content=\"CL\" \/>\n\t<meta name=\"twitter:label2\" content=\"Dur\u00e9e de lecture estim\u00e9e\" \/>\n\t<meta name=\"twitter:data2\" content=\"1 minute\" \/>\n<script type=\"application\/ld+json\" class=\"yoast-schema-graph\">{\"@context\":\"https:\\\/\\\/schema.org\",\"@graph\":[{\"@type\":\"NewsArticle\",\"@id\":\"https:\\\/\\\/www.webdo.tn\\\/fr\\\/actualite\\\/sport\\\/soutien-total-des-membres-de-la-ftf-a-wadii-jari\\\/209654\\\/#article\",\"isPartOf\":{\"@id\":\"https:\\\/\\\/www.webdo.tn\\\/fr\\\/actualite\\\/sport\\\/soutien-total-des-membres-de-la-ftf-a-wadii-jari\\\/209654\\\/\"},\"author\":{\"name\":\"CL\",\"@id\":\"https:\\\/\\\/www.webdo.tn\\\/fr\\\/#\\\/schema\\\/person\\\/f35b42a42c5e2511bbd282959d6385cc\"},\"headline\":\"\u00ab Soutien total \u00bb des membres de la FTF \u00e0 Wadii Jari\",\"datePublished\":\"2023-10-26T19:51:00+00:00\",\"dateModified\":\"2025-05-20T22:40:02+00:00\",\"mainEntityOfPage\":{\"@id\":\"https:\\\/\\\/www.webdo.tn\\\/fr\\\/actualite\\\/sport\\\/soutien-total-des-membres-de-la-ftf-a-wadii-jari\\\/209654\\\/\"},\"wordCount\":309,\"commentCount\":0,\"publisher\":{\"@id\":\"https:\\\/\\\/www.webdo.tn\\\/fr\\\/#organization\"},\"image\":{\"@id\":\"https:\\\/\\\/www.webdo.tn\\\/fr\\\/actualite\\\/sport\\\/soutien-total-des-membres-de-la-ftf-a-wadii-jari\\\/209654\\\/#primaryimage\"},\"thumbnailUrl\":\"https:\\\/\\\/www.webdo.tn\\\/fr\\\/wp-content\\\/uploads\\\/2023\\\/10\\\/a8f332e8a9caa9ce3f3f9b95444d09c9.png\",\"keywords\":[\"arrestation\",\"FTF\",\"Wadii jari\"],\"articleSection\":[\"Sport\"],\"inLanguage\":\"fr-FR\"},{\"@type\":\"WebPage\",\"@id\":\"https:\\\/\\\/www.webdo.tn\\\/fr\\\/actualite\\\/sport\\\/soutien-total-des-membres-de-la-ftf-a-wadii-jari\\\/209654\\\/\",\"url\":\"https:\\\/\\\/www.webdo.tn\\\/fr\\\/actualite\\\/sport\\\/soutien-total-des-membres-de-la-ftf-a-wadii-jari\\\/209654\\\/\",\"name\":\"\u00ab Soutien total \u00bb des membres de la FTF \u00e0 Wadii Jari\",\"isPartOf\":{\"@id\":\"https:\\\/\\\/www.webdo.tn\\\/fr\\\/#website\"},\"primaryImageOfPage\":{\"@id\":\"https:\\\/\\\/www.webdo.tn\\\/fr\\\/actualite\\\/sport\\\/soutien-total-des-membres-de-la-ftf-a-wadii-jari\\\/209654\\\/#primaryimage\"},\"image\":{\"@id\":\"https:\\\/\\\/www.webdo.tn\\\/fr\\\/actualite\\\/sport\\\/soutien-total-des-membres-de-la-ftf-a-wadii-jari\\\/209654\\\/#primaryimage\"},\"thumbnailUrl\":\"https:\\\/\\\/www.webdo.tn\\\/fr\\\/wp-content\\\/uploads\\\/2023\\\/10\\\/a8f332e8a9caa9ce3f3f9b95444d09c9.png\",\"datePublished\":\"2023-10-26T19:51:00+00:00\",\"dateModified\":\"2025-05-20T22:40:02+00:00\",\"description\":\"Le Bureau f\u00e9d\u00e9ral \u0153uvrera dans le cadre de ce qui est permis par la loi en vigueur \u00e0 d\u00e9fendre Jary et \u00e0 prouver l'innocence face aux accusations auxquelles il e...\",\"breadcrumb\":{\"@id\":\"https:\\\/\\\/www.webdo.tn\\\/fr\\\/actualite\\\/sport\\\/soutien-total-des-membres-de-la-ftf-a-wadii-jari\\\/209654\\\/#breadcrumb\"},\"inLanguage\":\"fr-FR\",\"potentialAction\":[{\"@type\":\"ReadAction\",\"target\":[\"https:\\\/\\\/www.webdo.tn\\\/fr\\\/actualite\\\/sport\\\/soutien-total-des-membres-de-la-ftf-a-wadii-jari\\\/209654\\\/\"]}]},{\"@type\":\"ImageObject\",\"inLanguage\":\"fr-FR\",\"@id\":\"https:\\\/\\\/www.webdo.tn\\\/fr\\\/actualite\\\/sport\\\/soutien-total-des-membres-de-la-ftf-a-wadii-jari\\\/209654\\\/#primaryimage\",\"url\":\"https:\\\/\\\/www.webdo.tn\\\/fr\\\/wp-content\\\/uploads\\\/2023\\\/10\\\/a8f332e8a9caa9ce3f3f9b95444d09c9.png\",\"contentUrl\":\"https:\\\/\\\/www.webdo.tn\\\/fr\\\/wp-content\\\/uploads\\\/2023\\\/10\\\/a8f332e8a9caa9ce3f3f9b95444d09c9.png\",\"width\":750,\"height\":400,\"caption\":\"\u00ab Soutien total \u00bb des membres de la FTF \u00e0 Wadii Jari\"},{\"@type\":\"BreadcrumbList\",\"@id\":\"https:\\\/\\\/www.webdo.tn\\\/fr\\\/actualite\\\/sport\\\/soutien-total-des-membres-de-la-ftf-a-wadii-jari\\\/209654\\\/#breadcrumb\",\"itemListElement\":[{\"@type\":\"ListItem\",\"position\":1,\"name\":\"Accueil\",\"item\":\"https:\\\/\\\/www.webdo.tn\\\/fr\\\/\"},{\"@type\":\"ListItem\",\"position\":2,\"name\":\"\u00ab Soutien total \u00bb des membres de la FTF \u00e0 Wadii Jari\"}]},{\"@type\":\"WebSite\",\"@id\":\"https:\\\/\\\/www.webdo.tn\\\/fr\\\/#website\",\"url\":\"https:\\\/\\\/www.webdo.tn\\\/fr\\\/\",\"name\":\"webdo\",\"description\":\"Tunisie - News en Tunisie et \u00e0 l&#039;international sur Webdo.tn\",\"publisher\":{\"@id\":\"https:\\\/\\\/www.webdo.tn\\\/fr\\\/#organization\"},\"potentialAction\":[{\"@type\":\"SearchAction\",\"target\":{\"@type\":\"EntryPoint\",\"urlTemplate\":\"https:\\\/\\\/www.webdo.tn\\\/fr\\\/?s={search_term_string}\"},\"query-input\":{\"@type\":\"PropertyValueSpecification\",\"valueRequired\":true,\"valueName\":\"search_term_string\"}}],\"inLanguage\":\"fr-FR\"},{\"@type\":\"Organization\",\"@id\":\"https:\\\/\\\/www.webdo.tn\\\/fr\\\/#organization\",\"name\":\"Webdo\",\"alternateName\":\"Webdo.tn\",\"url\":\"https:\\\/\\\/www.webdo.tn\\\/fr\\\/\",\"logo\":{\"@type\":\"ImageObject\",\"inLanguage\":\"fr-FR\",\"@id\":\"https:\\\/\\\/www.webdo.tn\\\/fr\\\/#\\\/schema\\\/logo\\\/image\\\/\",\"url\":\"https:\\\/\\\/www.webdo.tn\\\/fr\\\/wp-content\\\/uploads\\\/2025\\\/06\\\/Webdo-Tunisie_168377.jpg\",\"contentUrl\":\"https:\\\/\\\/www.webdo.tn\\\/fr\\\/wp-content\\\/uploads\\\/2025\\\/06\\\/Webdo-Tunisie_168377.jpg\",\"width\":301,\"height\":301,\"caption\":\"Webdo\"},\"image\":{\"@id\":\"https:\\\/\\\/www.webdo.tn\\\/fr\\\/#\\\/schema\\\/logo\\\/image\\\/\"},\"sameAs\":[\"https:\\\/\\\/www.facebook.com\\\/webdotn\",\"https:\\\/\\\/x.com\\\/webdo_tn\"],\"description\":\"Webdo est un m\u00e9dia num\u00e9rique tunisien fond\u00e9 en 2010, sp\u00e9cialis\u00e9 dans l\u2019actualit\u00e9 nationale et internationale, l\u2019\u00e9conomie, la soci\u00e9t\u00e9 et les analyses politiques. Le site s\u2019adresse \u00e0 un large public francophone et couvre l\u2019information tunisienne en temps r\u00e9el.\",\"email\":\"redac@webdo.tn\",\"legalName\":\"YNJ SARL\",\"foundingDate\":\"2010-09-06\",\"numberOfEmployees\":{\"@type\":\"QuantitativeValue\",\"minValue\":\"11\",\"maxValue\":\"50\"}},{\"@type\":\"Person\",\"@id\":\"https:\\\/\\\/www.webdo.tn\\\/fr\\\/#\\\/schema\\\/person\\\/f35b42a42c5e2511bbd282959d6385cc\",\"name\":\"CL\",\"image\":{\"@type\":\"ImageObject\",\"inLanguage\":\"fr-FR\",\"@id\":\"https:\\\/\\\/secure.gravatar.com\\\/avatar\\\/1447a49909b67aa657c488aec6512e1dd6143a480c1ecfee9b5b5cd74eb3b59e?s=96&d=mm&r=g\",\"url\":\"https:\\\/\\\/secure.gravatar.com\\\/avatar\\\/1447a49909b67aa657c488aec6512e1dd6143a480c1ecfee9b5b5cd74eb3b59e?s=96&d=mm&r=g\",\"contentUrl\":\"https:\\\/\\\/secure.gravatar.com\\\/avatar\\\/1447a49909b67aa657c488aec6512e1dd6143a480c1ecfee9b5b5cd74eb3b59e?s=96&d=mm&r=g\",\"caption\":\"CL\"},\"url\":\"https:\\\/\\\/www.webdo.tn\\\/fr\\\/actualite\\\/author\\\/cl\\\/\"}]}<\/script>\n<!-- \/ Yoast SEO Premium plugin. -->","yoast_head_json":{"title":"\u00ab Soutien total \u00bb des membres de la FTF \u00e0 Wadii Jari","description":"Le Bureau f\u00e9d\u00e9ral \u0153uvrera dans le cadre de ce qui est permis par la loi en vigueur \u00e0 d\u00e9fendre Jary et \u00e0 prouver l'innocence face aux accusations auxquelles il e...","canonical":"https:\/\/www.webdo.tn\/fr\/actualite\/sport\/soutien-total-des-membres-de-la-ftf-a-wadii-jari\/209654\/","og_locale":"fr_FR","og_type":"article","og_title":"\u00ab Soutien total \u00bb des membres de la FTF \u00e0 Wadii Jari","og_description":"Le Bureau f\u00e9d\u00e9ral \u0153uvrera dans le cadre de ce qui est permis par la loi en vigueur \u00e0 d\u00e9fendre Jary et \u00e0 prouver l'innocence face aux accusations auxquelles il e...","og_url":"https:\/\/www.webdo.tn\/fr\/actualite\/sport\/soutien-total-des-membres-de-la-ftf-a-wadii-jari\/209654\/","og_site_name":"webdo","article_publisher":"https:\/\/www.facebook.com\/webdotn","article_published_time":"2023-10-26T19:51:00+00:00","article_modified_time":"2025-05-20T22:40:02+00:00","og_image":[{"width":750,"height":400,"url":"https:\/\/www.webdo.tn\/fr\/wp-content\/uploads\/2023\/10\/a8f332e8a9caa9ce3f3f9b95444d09c9.png","type":"image\/png"}],"author":"CL","twitter_card":"summary_large_image","twitter_creator":"@webdo_tn","twitter_site":"@webdo_tn","twitter_misc":{"\u00c9crit par":"CL","Dur\u00e9e de lecture estim\u00e9e":"1 minute"},"schema":{"@context":"https:\/\/schema.org","@graph":[{"@type":"NewsArticle","@id":"https:\/\/www.webdo.tn\/fr\/actualite\/sport\/soutien-total-des-membres-de-la-ftf-a-wadii-jari\/209654\/#article","isPartOf":{"@id":"https:\/\/www.webdo.tn\/fr\/actualite\/sport\/soutien-total-des-membres-de-la-ftf-a-wadii-jari\/209654\/"},"author":{"name":"CL","@id":"https:\/\/www.webdo.tn\/fr\/#\/schema\/person\/f35b42a42c5e2511bbd282959d6385cc"},"headline":"\u00ab Soutien total \u00bb des membres de la FTF \u00e0 Wadii Jari","datePublished":"2023-10-26T19:51:00+00:00","dateModified":"2025-05-20T22:40:02+00:00","mainEntityOfPage":{"@id":"https:\/\/www.webdo.tn\/fr\/actualite\/sport\/soutien-total-des-membres-de-la-ftf-a-wadii-jari\/209654\/"},"wordCount":309,"commentCount":0,"publisher":{"@id":"https:\/\/www.webdo.tn\/fr\/#organization"},"image":{"@id":"https:\/\/www.webdo.tn\/fr\/actualite\/sport\/soutien-total-des-membres-de-la-ftf-a-wadii-jari\/209654\/#primaryimage"},"thumbnailUrl":"https:\/\/www.webdo.tn\/fr\/wp-content\/uploads\/2023\/10\/a8f332e8a9caa9ce3f3f9b95444d09c9.png","keywords":["arrestation","FTF","Wadii jari"],"articleSection":["Sport"],"inLanguage":"fr-FR"},{"@type":"WebPage","@id":"https:\/\/www.webdo.tn\/fr\/actualite\/sport\/soutien-total-des-membres-de-la-ftf-a-wadii-jari\/209654\/","url":"https:\/\/www.webdo.tn\/fr\/actualite\/sport\/soutien-total-des-membres-de-la-ftf-a-wadii-jari\/209654\/","name":"\u00ab Soutien total \u00bb des membres de la FTF \u00e0 Wadii Jari","isPartOf":{"@id":"https:\/\/www.webdo.tn\/fr\/#website"},"primaryImageOfPage":{"@id":"https:\/\/www.webdo.tn\/fr\/actualite\/sport\/soutien-total-des-membres-de-la-ftf-a-wadii-jari\/209654\/#primaryimage"},"image":{"@id":"https:\/\/www.webdo.tn\/fr\/actualite\/sport\/soutien-total-des-membres-de-la-ftf-a-wadii-jari\/209654\/#primaryimage"},"thumbnailUrl":"https:\/\/www.webdo.tn\/fr\/wp-content\/uploads\/2023\/10\/a8f332e8a9caa9ce3f3f9b95444d09c9.png","datePublished":"2023-10-26T19:51:00+00:00","dateModified":"2025-05-20T22:40:02+00:00","description":"Le Bureau f\u00e9d\u00e9ral \u0153uvrera dans le cadre de ce qui est permis par la loi en vigueur \u00e0 d\u00e9fendre Jary et \u00e0 prouver l'innocence face aux accusations auxquelles il e...","breadcrumb":{"@id":"https:\/\/www.webdo.tn\/fr\/actualite\/sport\/soutien-total-des-membres-de-la-ftf-a-wadii-jari\/209654\/#breadcrumb"},"inLanguage":"fr-FR","potentialAction":[{"@type":"ReadAction","target":["https:\/\/www.webdo.tn\/fr\/actualite\/sport\/soutien-total-des-membres-de-la-ftf-a-wadii-jari\/209654\/"]}]},{"@type":"ImageObject","inLanguage":"fr-FR","@id":"https:\/\/www.webdo.tn\/fr\/actualite\/sport\/soutien-total-des-membres-de-la-ftf-a-wadii-jari\/209654\/#primaryimage","url":"https:\/\/www.webdo.tn\/fr\/wp-content\/uploads\/2023\/10\/a8f332e8a9caa9ce3f3f9b95444d09c9.png","contentUrl":"https:\/\/www.webdo.tn\/fr\/wp-content\/uploads\/2023\/10\/a8f332e8a9caa9ce3f3f9b95444d09c9.png","width":750,"height":400,"caption":"\u00ab Soutien total \u00bb des membres de la FTF \u00e0 Wadii Jari"},{"@type":"BreadcrumbList","@id":"https:\/\/www.webdo.tn\/fr\/actualite\/sport\/soutien-total-des-membres-de-la-ftf-a-wadii-jari\/209654\/#breadcrumb","itemListElement":[{"@type":"ListItem","position":1,"name":"Accueil","item":"https:\/\/www.webdo.tn\/fr\/"},{"@type":"ListItem","position":2,"name":"\u00ab Soutien total \u00bb des membres de la FTF \u00e0 Wadii Jari"}]},{"@type":"WebSite","@id":"https:\/\/www.webdo.tn\/fr\/#website","url":"https:\/\/www.webdo.tn\/fr\/","name":"webdo","description":"Tunisie - News en Tunisie et \u00e0 l&#039;international sur Webdo.tn","publisher":{"@id":"https:\/\/www.webdo.tn\/fr\/#organization"},"potentialAction":[{"@type":"SearchAction","target":{"@type":"EntryPoint","urlTemplate":"https:\/\/www.webdo.tn\/fr\/?s={search_term_string}"},"query-input":{"@type":"PropertyValueSpecification","valueRequired":true,"valueName":"search_term_string"}}],"inLanguage":"fr-FR"},{"@type":"Organization","@id":"https:\/\/www.webdo.tn\/fr\/#organization","name":"Webdo","alternateName":"Webdo.tn","url":"https:\/\/www.webdo.tn\/fr\/","logo":{"@type":"ImageObject","inLanguage":"fr-FR","@id":"https:\/\/www.webdo.tn\/fr\/#\/schema\/logo\/image\/","url":"https:\/\/www.webdo.tn\/fr\/wp-content\/uploads\/2025\/06\/Webdo-Tunisie_168377.jpg","contentUrl":"https:\/\/www.webdo.tn\/fr\/wp-content\/uploads\/2025\/06\/Webdo-Tunisie_168377.jpg","width":301,"height":301,"caption":"Webdo"},"image":{"@id":"https:\/\/www.webdo.tn\/fr\/#\/schema\/logo\/image\/"},"sameAs":["https:\/\/www.facebook.com\/webdotn","https:\/\/x.com\/webdo_tn"],"description":"Webdo est un m\u00e9dia num\u00e9rique tunisien fond\u00e9 en 2010, sp\u00e9cialis\u00e9 dans l\u2019actualit\u00e9 nationale et internationale, l\u2019\u00e9conomie, la soci\u00e9t\u00e9 et les analyses politiques. Le site s\u2019adresse \u00e0 un large public francophone et couvre l\u2019information tunisienne en temps r\u00e9el.","email":"redac@webdo.tn","legalName":"YNJ SARL","foundingDate":"2010-09-06","numberOfEmployees":{"@type":"QuantitativeValue","minValue":"11","maxValue":"50"}},{"@type":"Person","@id":"https:\/\/www.webdo.tn\/fr\/#\/schema\/person\/f35b42a42c5e2511bbd282959d6385cc","name":"CL","image":{"@type":"ImageObject","inLanguage":"fr-FR","@id":"https:\/\/secure.gravatar.com\/avatar\/1447a49909b67aa657c488aec6512e1dd6143a480c1ecfee9b5b5cd74eb3b59e?s=96&d=mm&r=g","url":"https:\/\/secure.gravatar.com\/avatar\/1447a49909b67aa657c488aec6512e1dd6143a480c1ecfee9b5b5cd74eb3b59e?s=96&d=mm&r=g","contentUrl":"https:\/\/secure.gravatar.com\/avatar\/1447a49909b67aa657c488aec6512e1dd6143a480c1ecfee9b5b5cd74eb3b59e?s=96&d=mm&r=g","caption":"CL"},"url":"https:\/\/www.webdo.tn\/fr\/actualite\/author\/cl\/"}]}},"_links":{"self":[{"href":"https:\/\/www.webdo.tn\/fr\/wp-json\/wp\/v2\/posts\/209654","targetHints":{"allow":["GET"]}}],"collection":[{"href":"https:\/\/www.webdo.tn\/fr\/wp-json\/wp\/v2\/posts"}],"about":[{"href":"https:\/\/www.webdo.tn\/fr\/wp-json\/wp\/v2\/types\/post"}],"author":[{"embeddable":true,"href":"https:\/\/www.webdo.tn\/fr\/wp-json\/wp\/v2\/users\/3175"}],"replies":[{"embeddable":true,"href":"https:\/\/www.webdo.tn\/fr\/wp-json\/wp\/v2\/comments?post=209654"}],"version-history":[{"count":0,"href":"https:\/\/www.webdo.tn\/fr\/wp-json\/wp\/v2\/posts\/209654\/revisions"}],"wp:featuredmedia":[{"embeddable":true,"href":"https:\/\/www.webdo.tn\/fr\/wp-json\/wp\/v2\/media\/248980"}],"wp:attachment":[{"href":"https:\/\/www.webdo.tn\/fr\/wp-json\/wp\/v2\/media?parent=209654"}],"wp:term":[{"taxonomy":"category","embeddable":true,"href":"https:\/\/www.webdo.tn\/fr\/wp-json\/wp\/v2\/categories?post=209654"},{"taxonomy":"post_tag","embeddable":true,"href":"https:\/\/www.webdo.tn\/fr\/wp-json\/wp\/v2\/tags?post=209654"}],"curies":[{"name":"wp","href":"https:\/\/api.w.org\/{rel}","templated":true}]}}