{"id":209652,"date":"2023-10-26T19:22:00","date_gmt":"2023-10-26T19:22:00","guid":{"rendered":"https:\/\/www.webdo.tn\/fr\/blog\/une-delegation-du-hamas-se-rend-a-moscow\/209652\/"},"modified":"2025-05-20T22:39:59","modified_gmt":"2025-05-20T22:39:59","slug":"une-delegation-du-hamas-se-rend-a-moscow","status":"publish","type":"post","link":"https:\/\/www.webdo.tn\/fr\/actualite\/international\/une-delegation-du-hamas-se-rend-a-moscow\/209652\/","title":{"rendered":"Une d\u00e9l\u00e9gation du Hamas se rend \u00e0 Moscow"},"content":{"rendered":"<p>L\u2019information a \u00e9t\u00e9 confirm\u00e9e. Alors que l\u2019Occident consid\u00e8re Hamas comme \u00e9tant une organisation terroriste, Moscow a re\u00e7u ce jeudi 26 octobre 2023 une d\u00e9l\u00e9gation de ce groupe de r\u00e9sistance.<\/p>\n<p>\t\t\t\t\t\t\t\t\tEn effet, une d\u00e9l\u00e9gation du mouvement de r\u00e9sistance Hamas m\u00e8ne des discussions avec des diplomates russes dans la capitale Moscou, a fait savoir ce jeudi le minist\u00e8re russe des Affaires \u00e9trang\u00e8res.<\/p>\n<p>La porte-parole de la diplomatie russe, Maria Zakharova a d\u00e9clar\u00e9 lors d&rsquo;une conf\u00e9rence de presse \u00e0 Moscou : \u00ab Je peux dire et confirmer la pr\u00e9sence de repr\u00e9sentants du mouvement palestinien Hamas \u00e0 Moscou \u00bb.<\/p>\n<p>\u00ab Les r\u00e9sultats des discussions seront communiqu\u00e9s ult\u00e9rieurement \u00bb, a ajout\u00e9 Zakharova.<\/p>\n<p>Notons \u00e9galement que des sources diplomatiques n\u2019ont pas confirm\u00e9 une r\u00e9union entre ce groupe et le pr\u00e9sident russe Poutine.<\/p>\n","protected":false},"excerpt":{"rendered":"<p>En effet, une d\u00e9l\u00e9gation du mouvement de r\u00e9sistance Hamas m\u00e8ne des discussions avec des diplomates russes dans la capitale Moscou, a fait savoir ce jeudi le min&#8230;<\/p>\n","protected":false},"author":3175,"featured_media":248978,"comment_status":"open","ping_status":"closed","sticky":false,"template":"","format":"standard","meta":{"footnotes":""},"categories":[2598],"tags":[3349,7685,3299],"class_list":["post-209652","post","type-post","status-publish","format-standard","has-post-thumbnail","hentry","category-international","tag-hamas","tag-moscow","tag-russie"],"yoast_head":"<!-- This site is optimized with the Yoast SEO Premium plugin v27.4 (Yoast SEO v27.4) - https:\/\/yoast.com\/product\/yoast-seo-premium-wordpress\/ -->\n<title>Une d\u00e9l\u00e9gation du Hamas se rend \u00e0 Moscow<\/title>\n<meta name=\"description\" content=\"En effet, une d\u00e9l\u00e9gation du mouvement de r\u00e9sistance Hamas m\u00e8ne des discussions avec des diplomates russes dans la capitale Moscou, a fait savoir ce jeudi le min...\" \/>\n<link rel=\"canonical\" href=\"https:\/\/www.webdo.tn\/fr\/actualite\/international\/une-delegation-du-hamas-se-rend-a-moscow\/209652\/\" \/>\n<meta property=\"og:locale\" content=\"fr_FR\" \/>\n<meta property=\"og:type\" content=\"article\" \/>\n<meta property=\"og:title\" content=\"Une d\u00e9l\u00e9gation du Hamas se rend \u00e0 Moscow\" \/>\n<meta property=\"og:description\" content=\"En effet, une d\u00e9l\u00e9gation du mouvement de r\u00e9sistance Hamas m\u00e8ne des discussions avec des diplomates russes dans la capitale Moscou, a fait savoir ce jeudi le min...\" \/>\n<meta property=\"og:url\" content=\"https:\/\/www.webdo.tn\/fr\/actualite\/international\/une-delegation-du-hamas-se-rend-a-moscow\/209652\/\" \/>\n<meta property=\"og:site_name\" content=\"webdo\" \/>\n<meta property=\"article:publisher\" content=\"https:\/\/www.facebook.com\/webdotn\" \/>\n<meta property=\"article:published_time\" content=\"2023-10-26T19:22:00+00:00\" \/>\n<meta property=\"article:modified_time\" content=\"2025-05-20T22:39:59+00:00\" \/>\n<meta property=\"og:image\" content=\"https:\/\/www.webdo.tn\/fr\/wp-content\/uploads\/2023\/10\/bfb53e3c13c457259644fbc56faf310c.jpg\" \/>\n\t<meta property=\"og:image:width\" content=\"690\" \/>\n\t<meta property=\"og:image:height\" content=\"368\" \/>\n\t<meta property=\"og:image:type\" content=\"image\/jpeg\" \/>\n<meta name=\"author\" content=\"CL\" \/>\n<meta name=\"twitter:card\" content=\"summary_large_image\" \/>\n<meta name=\"twitter:creator\" content=\"@webdo_tn\" \/>\n<meta name=\"twitter:site\" content=\"@webdo_tn\" \/>\n<meta name=\"twitter:label1\" content=\"\u00c9crit par\" \/>\n\t<meta name=\"twitter:data1\" content=\"CL\" \/>\n\t<meta name=\"twitter:label2\" content=\"Dur\u00e9e de lecture estim\u00e9e\" \/>\n\t<meta name=\"twitter:data2\" content=\"1 minute\" \/>\n<script type=\"application\/ld+json\" class=\"yoast-schema-graph\">{\"@context\":\"https:\\\/\\\/schema.org\",\"@graph\":[{\"@type\":\"NewsArticle\",\"@id\":\"https:\\\/\\\/www.webdo.tn\\\/fr\\\/actualite\\\/international\\\/une-delegation-du-hamas-se-rend-a-moscow\\\/209652\\\/#article\",\"isPartOf\":{\"@id\":\"https:\\\/\\\/www.webdo.tn\\\/fr\\\/actualite\\\/international\\\/une-delegation-du-hamas-se-rend-a-moscow\\\/209652\\\/\"},\"author\":{\"name\":\"CL\",\"@id\":\"https:\\\/\\\/www.webdo.tn\\\/fr\\\/#\\\/schema\\\/person\\\/f35b42a42c5e2511bbd282959d6385cc\"},\"headline\":\"Une d\u00e9l\u00e9gation du Hamas se rend \u00e0 Moscow\",\"datePublished\":\"2023-10-26T19:22:00+00:00\",\"dateModified\":\"2025-05-20T22:39:59+00:00\",\"mainEntityOfPage\":{\"@id\":\"https:\\\/\\\/www.webdo.tn\\\/fr\\\/actualite\\\/international\\\/une-delegation-du-hamas-se-rend-a-moscow\\\/209652\\\/\"},\"wordCount\":151,\"commentCount\":0,\"publisher\":{\"@id\":\"https:\\\/\\\/www.webdo.tn\\\/fr\\\/#organization\"},\"image\":{\"@id\":\"https:\\\/\\\/www.webdo.tn\\\/fr\\\/actualite\\\/international\\\/une-delegation-du-hamas-se-rend-a-moscow\\\/209652\\\/#primaryimage\"},\"thumbnailUrl\":\"https:\\\/\\\/www.webdo.tn\\\/fr\\\/wp-content\\\/uploads\\\/2023\\\/10\\\/bfb53e3c13c457259644fbc56faf310c.jpg\",\"keywords\":[\"hamas\",\"Moscow\",\"Russie\"],\"articleSection\":[\"International\"],\"inLanguage\":\"fr-FR\"},{\"@type\":\"WebPage\",\"@id\":\"https:\\\/\\\/www.webdo.tn\\\/fr\\\/actualite\\\/international\\\/une-delegation-du-hamas-se-rend-a-moscow\\\/209652\\\/\",\"url\":\"https:\\\/\\\/www.webdo.tn\\\/fr\\\/actualite\\\/international\\\/une-delegation-du-hamas-se-rend-a-moscow\\\/209652\\\/\",\"name\":\"Une d\u00e9l\u00e9gation du Hamas se rend \u00e0 Moscow\",\"isPartOf\":{\"@id\":\"https:\\\/\\\/www.webdo.tn\\\/fr\\\/#website\"},\"primaryImageOfPage\":{\"@id\":\"https:\\\/\\\/www.webdo.tn\\\/fr\\\/actualite\\\/international\\\/une-delegation-du-hamas-se-rend-a-moscow\\\/209652\\\/#primaryimage\"},\"image\":{\"@id\":\"https:\\\/\\\/www.webdo.tn\\\/fr\\\/actualite\\\/international\\\/une-delegation-du-hamas-se-rend-a-moscow\\\/209652\\\/#primaryimage\"},\"thumbnailUrl\":\"https:\\\/\\\/www.webdo.tn\\\/fr\\\/wp-content\\\/uploads\\\/2023\\\/10\\\/bfb53e3c13c457259644fbc56faf310c.jpg\",\"datePublished\":\"2023-10-26T19:22:00+00:00\",\"dateModified\":\"2025-05-20T22:39:59+00:00\",\"description\":\"En effet, une d\u00e9l\u00e9gation du mouvement de r\u00e9sistance Hamas m\u00e8ne des discussions avec des diplomates russes dans la capitale Moscou, a fait savoir ce jeudi le min...\",\"breadcrumb\":{\"@id\":\"https:\\\/\\\/www.webdo.tn\\\/fr\\\/actualite\\\/international\\\/une-delegation-du-hamas-se-rend-a-moscow\\\/209652\\\/#breadcrumb\"},\"inLanguage\":\"fr-FR\",\"potentialAction\":[{\"@type\":\"ReadAction\",\"target\":[\"https:\\\/\\\/www.webdo.tn\\\/fr\\\/actualite\\\/international\\\/une-delegation-du-hamas-se-rend-a-moscow\\\/209652\\\/\"]}]},{\"@type\":\"ImageObject\",\"inLanguage\":\"fr-FR\",\"@id\":\"https:\\\/\\\/www.webdo.tn\\\/fr\\\/actualite\\\/international\\\/une-delegation-du-hamas-se-rend-a-moscow\\\/209652\\\/#primaryimage\",\"url\":\"https:\\\/\\\/www.webdo.tn\\\/fr\\\/wp-content\\\/uploads\\\/2023\\\/10\\\/bfb53e3c13c457259644fbc56faf310c.jpg\",\"contentUrl\":\"https:\\\/\\\/www.webdo.tn\\\/fr\\\/wp-content\\\/uploads\\\/2023\\\/10\\\/bfb53e3c13c457259644fbc56faf310c.jpg\",\"width\":690,\"height\":368,\"caption\":\"Une d\u00e9l\u00e9gation du Hamas se rend \u00e0 Moscow\"},{\"@type\":\"BreadcrumbList\",\"@id\":\"https:\\\/\\\/www.webdo.tn\\\/fr\\\/actualite\\\/international\\\/une-delegation-du-hamas-se-rend-a-moscow\\\/209652\\\/#breadcrumb\",\"itemListElement\":[{\"@type\":\"ListItem\",\"position\":1,\"name\":\"Accueil\",\"item\":\"https:\\\/\\\/www.webdo.tn\\\/fr\\\/\"},{\"@type\":\"ListItem\",\"position\":2,\"name\":\"Une d\u00e9l\u00e9gation du Hamas se rend \u00e0 Moscow\"}]},{\"@type\":\"WebSite\",\"@id\":\"https:\\\/\\\/www.webdo.tn\\\/fr\\\/#website\",\"url\":\"https:\\\/\\\/www.webdo.tn\\\/fr\\\/\",\"name\":\"webdo\",\"description\":\"Tunisie - News en Tunisie et \u00e0 l&#039;international sur Webdo.tn\",\"publisher\":{\"@id\":\"https:\\\/\\\/www.webdo.tn\\\/fr\\\/#organization\"},\"potentialAction\":[{\"@type\":\"SearchAction\",\"target\":{\"@type\":\"EntryPoint\",\"urlTemplate\":\"https:\\\/\\\/www.webdo.tn\\\/fr\\\/?s={search_term_string}\"},\"query-input\":{\"@type\":\"PropertyValueSpecification\",\"valueRequired\":true,\"valueName\":\"search_term_string\"}}],\"inLanguage\":\"fr-FR\"},{\"@type\":\"Organization\",\"@id\":\"https:\\\/\\\/www.webdo.tn\\\/fr\\\/#organization\",\"name\":\"Webdo\",\"alternateName\":\"Webdo.tn\",\"url\":\"https:\\\/\\\/www.webdo.tn\\\/fr\\\/\",\"logo\":{\"@type\":\"ImageObject\",\"inLanguage\":\"fr-FR\",\"@id\":\"https:\\\/\\\/www.webdo.tn\\\/fr\\\/#\\\/schema\\\/logo\\\/image\\\/\",\"url\":\"https:\\\/\\\/www.webdo.tn\\\/fr\\\/wp-content\\\/uploads\\\/2025\\\/06\\\/Webdo-Tunisie_168377.jpg\",\"contentUrl\":\"https:\\\/\\\/www.webdo.tn\\\/fr\\\/wp-content\\\/uploads\\\/2025\\\/06\\\/Webdo-Tunisie_168377.jpg\",\"width\":301,\"height\":301,\"caption\":\"Webdo\"},\"image\":{\"@id\":\"https:\\\/\\\/www.webdo.tn\\\/fr\\\/#\\\/schema\\\/logo\\\/image\\\/\"},\"sameAs\":[\"https:\\\/\\\/www.facebook.com\\\/webdotn\",\"https:\\\/\\\/x.com\\\/webdo_tn\"],\"description\":\"Webdo est un m\u00e9dia num\u00e9rique tunisien fond\u00e9 en 2010, sp\u00e9cialis\u00e9 dans l\u2019actualit\u00e9 nationale et internationale, l\u2019\u00e9conomie, la soci\u00e9t\u00e9 et les analyses politiques. Le site s\u2019adresse \u00e0 un large public francophone et couvre l\u2019information tunisienne en temps r\u00e9el.\",\"email\":\"redac@webdo.tn\",\"legalName\":\"YNJ SARL\",\"foundingDate\":\"2010-09-06\",\"numberOfEmployees\":{\"@type\":\"QuantitativeValue\",\"minValue\":\"11\",\"maxValue\":\"50\"}},{\"@type\":\"Person\",\"@id\":\"https:\\\/\\\/www.webdo.tn\\\/fr\\\/#\\\/schema\\\/person\\\/f35b42a42c5e2511bbd282959d6385cc\",\"name\":\"CL\",\"image\":{\"@type\":\"ImageObject\",\"inLanguage\":\"fr-FR\",\"@id\":\"https:\\\/\\\/secure.gravatar.com\\\/avatar\\\/1447a49909b67aa657c488aec6512e1dd6143a480c1ecfee9b5b5cd74eb3b59e?s=96&d=mm&r=g\",\"url\":\"https:\\\/\\\/secure.gravatar.com\\\/avatar\\\/1447a49909b67aa657c488aec6512e1dd6143a480c1ecfee9b5b5cd74eb3b59e?s=96&d=mm&r=g\",\"contentUrl\":\"https:\\\/\\\/secure.gravatar.com\\\/avatar\\\/1447a49909b67aa657c488aec6512e1dd6143a480c1ecfee9b5b5cd74eb3b59e?s=96&d=mm&r=g\",\"caption\":\"CL\"},\"url\":\"https:\\\/\\\/www.webdo.tn\\\/fr\\\/actualite\\\/author\\\/cl\\\/\"}]}<\/script>\n<!-- \/ Yoast SEO Premium plugin. -->","yoast_head_json":{"title":"Une d\u00e9l\u00e9gation du Hamas se rend \u00e0 Moscow","description":"En effet, une d\u00e9l\u00e9gation du mouvement de r\u00e9sistance Hamas m\u00e8ne des discussions avec des diplomates russes dans la capitale Moscou, a fait savoir ce jeudi le min...","canonical":"https:\/\/www.webdo.tn\/fr\/actualite\/international\/une-delegation-du-hamas-se-rend-a-moscow\/209652\/","og_locale":"fr_FR","og_type":"article","og_title":"Une d\u00e9l\u00e9gation du Hamas se rend \u00e0 Moscow","og_description":"En effet, une d\u00e9l\u00e9gation du mouvement de r\u00e9sistance Hamas m\u00e8ne des discussions avec des diplomates russes dans la capitale Moscou, a fait savoir ce jeudi le min...","og_url":"https:\/\/www.webdo.tn\/fr\/actualite\/international\/une-delegation-du-hamas-se-rend-a-moscow\/209652\/","og_site_name":"webdo","article_publisher":"https:\/\/www.facebook.com\/webdotn","article_published_time":"2023-10-26T19:22:00+00:00","article_modified_time":"2025-05-20T22:39:59+00:00","og_image":[{"width":690,"height":368,"url":"https:\/\/www.webdo.tn\/fr\/wp-content\/uploads\/2023\/10\/bfb53e3c13c457259644fbc56faf310c.jpg","type":"image\/jpeg"}],"author":"CL","twitter_card":"summary_large_image","twitter_creator":"@webdo_tn","twitter_site":"@webdo_tn","twitter_misc":{"\u00c9crit par":"CL","Dur\u00e9e de lecture estim\u00e9e":"1 minute"},"schema":{"@context":"https:\/\/schema.org","@graph":[{"@type":"NewsArticle","@id":"https:\/\/www.webdo.tn\/fr\/actualite\/international\/une-delegation-du-hamas-se-rend-a-moscow\/209652\/#article","isPartOf":{"@id":"https:\/\/www.webdo.tn\/fr\/actualite\/international\/une-delegation-du-hamas-se-rend-a-moscow\/209652\/"},"author":{"name":"CL","@id":"https:\/\/www.webdo.tn\/fr\/#\/schema\/person\/f35b42a42c5e2511bbd282959d6385cc"},"headline":"Une d\u00e9l\u00e9gation du Hamas se rend \u00e0 Moscow","datePublished":"2023-10-26T19:22:00+00:00","dateModified":"2025-05-20T22:39:59+00:00","mainEntityOfPage":{"@id":"https:\/\/www.webdo.tn\/fr\/actualite\/international\/une-delegation-du-hamas-se-rend-a-moscow\/209652\/"},"wordCount":151,"commentCount":0,"publisher":{"@id":"https:\/\/www.webdo.tn\/fr\/#organization"},"image":{"@id":"https:\/\/www.webdo.tn\/fr\/actualite\/international\/une-delegation-du-hamas-se-rend-a-moscow\/209652\/#primaryimage"},"thumbnailUrl":"https:\/\/www.webdo.tn\/fr\/wp-content\/uploads\/2023\/10\/bfb53e3c13c457259644fbc56faf310c.jpg","keywords":["hamas","Moscow","Russie"],"articleSection":["International"],"inLanguage":"fr-FR"},{"@type":"WebPage","@id":"https:\/\/www.webdo.tn\/fr\/actualite\/international\/une-delegation-du-hamas-se-rend-a-moscow\/209652\/","url":"https:\/\/www.webdo.tn\/fr\/actualite\/international\/une-delegation-du-hamas-se-rend-a-moscow\/209652\/","name":"Une d\u00e9l\u00e9gation du Hamas se rend \u00e0 Moscow","isPartOf":{"@id":"https:\/\/www.webdo.tn\/fr\/#website"},"primaryImageOfPage":{"@id":"https:\/\/www.webdo.tn\/fr\/actualite\/international\/une-delegation-du-hamas-se-rend-a-moscow\/209652\/#primaryimage"},"image":{"@id":"https:\/\/www.webdo.tn\/fr\/actualite\/international\/une-delegation-du-hamas-se-rend-a-moscow\/209652\/#primaryimage"},"thumbnailUrl":"https:\/\/www.webdo.tn\/fr\/wp-content\/uploads\/2023\/10\/bfb53e3c13c457259644fbc56faf310c.jpg","datePublished":"2023-10-26T19:22:00+00:00","dateModified":"2025-05-20T22:39:59+00:00","description":"En effet, une d\u00e9l\u00e9gation du mouvement de r\u00e9sistance Hamas m\u00e8ne des discussions avec des diplomates russes dans la capitale Moscou, a fait savoir ce jeudi le min...","breadcrumb":{"@id":"https:\/\/www.webdo.tn\/fr\/actualite\/international\/une-delegation-du-hamas-se-rend-a-moscow\/209652\/#breadcrumb"},"inLanguage":"fr-FR","potentialAction":[{"@type":"ReadAction","target":["https:\/\/www.webdo.tn\/fr\/actualite\/international\/une-delegation-du-hamas-se-rend-a-moscow\/209652\/"]}]},{"@type":"ImageObject","inLanguage":"fr-FR","@id":"https:\/\/www.webdo.tn\/fr\/actualite\/international\/une-delegation-du-hamas-se-rend-a-moscow\/209652\/#primaryimage","url":"https:\/\/www.webdo.tn\/fr\/wp-content\/uploads\/2023\/10\/bfb53e3c13c457259644fbc56faf310c.jpg","contentUrl":"https:\/\/www.webdo.tn\/fr\/wp-content\/uploads\/2023\/10\/bfb53e3c13c457259644fbc56faf310c.jpg","width":690,"height":368,"caption":"Une d\u00e9l\u00e9gation du Hamas se rend \u00e0 Moscow"},{"@type":"BreadcrumbList","@id":"https:\/\/www.webdo.tn\/fr\/actualite\/international\/une-delegation-du-hamas-se-rend-a-moscow\/209652\/#breadcrumb","itemListElement":[{"@type":"ListItem","position":1,"name":"Accueil","item":"https:\/\/www.webdo.tn\/fr\/"},{"@type":"ListItem","position":2,"name":"Une d\u00e9l\u00e9gation du Hamas se rend \u00e0 Moscow"}]},{"@type":"WebSite","@id":"https:\/\/www.webdo.tn\/fr\/#website","url":"https:\/\/www.webdo.tn\/fr\/","name":"webdo","description":"Tunisie - News en Tunisie et \u00e0 l&#039;international sur Webdo.tn","publisher":{"@id":"https:\/\/www.webdo.tn\/fr\/#organization"},"potentialAction":[{"@type":"SearchAction","target":{"@type":"EntryPoint","urlTemplate":"https:\/\/www.webdo.tn\/fr\/?s={search_term_string}"},"query-input":{"@type":"PropertyValueSpecification","valueRequired":true,"valueName":"search_term_string"}}],"inLanguage":"fr-FR"},{"@type":"Organization","@id":"https:\/\/www.webdo.tn\/fr\/#organization","name":"Webdo","alternateName":"Webdo.tn","url":"https:\/\/www.webdo.tn\/fr\/","logo":{"@type":"ImageObject","inLanguage":"fr-FR","@id":"https:\/\/www.webdo.tn\/fr\/#\/schema\/logo\/image\/","url":"https:\/\/www.webdo.tn\/fr\/wp-content\/uploads\/2025\/06\/Webdo-Tunisie_168377.jpg","contentUrl":"https:\/\/www.webdo.tn\/fr\/wp-content\/uploads\/2025\/06\/Webdo-Tunisie_168377.jpg","width":301,"height":301,"caption":"Webdo"},"image":{"@id":"https:\/\/www.webdo.tn\/fr\/#\/schema\/logo\/image\/"},"sameAs":["https:\/\/www.facebook.com\/webdotn","https:\/\/x.com\/webdo_tn"],"description":"Webdo est un m\u00e9dia num\u00e9rique tunisien fond\u00e9 en 2010, sp\u00e9cialis\u00e9 dans l\u2019actualit\u00e9 nationale et internationale, l\u2019\u00e9conomie, la soci\u00e9t\u00e9 et les analyses politiques. Le site s\u2019adresse \u00e0 un large public francophone et couvre l\u2019information tunisienne en temps r\u00e9el.","email":"redac@webdo.tn","legalName":"YNJ SARL","foundingDate":"2010-09-06","numberOfEmployees":{"@type":"QuantitativeValue","minValue":"11","maxValue":"50"}},{"@type":"Person","@id":"https:\/\/www.webdo.tn\/fr\/#\/schema\/person\/f35b42a42c5e2511bbd282959d6385cc","name":"CL","image":{"@type":"ImageObject","inLanguage":"fr-FR","@id":"https:\/\/secure.gravatar.com\/avatar\/1447a49909b67aa657c488aec6512e1dd6143a480c1ecfee9b5b5cd74eb3b59e?s=96&d=mm&r=g","url":"https:\/\/secure.gravatar.com\/avatar\/1447a49909b67aa657c488aec6512e1dd6143a480c1ecfee9b5b5cd74eb3b59e?s=96&d=mm&r=g","contentUrl":"https:\/\/secure.gravatar.com\/avatar\/1447a49909b67aa657c488aec6512e1dd6143a480c1ecfee9b5b5cd74eb3b59e?s=96&d=mm&r=g","caption":"CL"},"url":"https:\/\/www.webdo.tn\/fr\/actualite\/author\/cl\/"}]}},"_links":{"self":[{"href":"https:\/\/www.webdo.tn\/fr\/wp-json\/wp\/v2\/posts\/209652","targetHints":{"allow":["GET"]}}],"collection":[{"href":"https:\/\/www.webdo.tn\/fr\/wp-json\/wp\/v2\/posts"}],"about":[{"href":"https:\/\/www.webdo.tn\/fr\/wp-json\/wp\/v2\/types\/post"}],"author":[{"embeddable":true,"href":"https:\/\/www.webdo.tn\/fr\/wp-json\/wp\/v2\/users\/3175"}],"replies":[{"embeddable":true,"href":"https:\/\/www.webdo.tn\/fr\/wp-json\/wp\/v2\/comments?post=209652"}],"version-history":[{"count":0,"href":"https:\/\/www.webdo.tn\/fr\/wp-json\/wp\/v2\/posts\/209652\/revisions"}],"wp:featuredmedia":[{"embeddable":true,"href":"https:\/\/www.webdo.tn\/fr\/wp-json\/wp\/v2\/media\/248978"}],"wp:attachment":[{"href":"https:\/\/www.webdo.tn\/fr\/wp-json\/wp\/v2\/media?parent=209652"}],"wp:term":[{"taxonomy":"category","embeddable":true,"href":"https:\/\/www.webdo.tn\/fr\/wp-json\/wp\/v2\/categories?post=209652"},{"taxonomy":"post_tag","embeddable":true,"href":"https:\/\/www.webdo.tn\/fr\/wp-json\/wp\/v2\/tags?post=209652"}],"curies":[{"name":"wp","href":"https:\/\/api.w.org\/{rel}","templated":true}]}}