{"id":209648,"date":"2023-10-26T18:04:00","date_gmt":"2023-10-26T18:04:00","guid":{"rendered":"https:\/\/www.webdo.tn\/fr\/blog\/gaza-la-grosse-bourde-de-l-ambassadeur-allemand-en-tunisie\/209648\/"},"modified":"2025-05-20T22:40:02","modified_gmt":"2025-05-20T22:40:02","slug":"gaza-la-grosse-bourde-de-l-ambassadeur-allemand-en-tunisie","status":"publish","type":"post","link":"https:\/\/www.webdo.tn\/fr\/actualite\/national\/gaza-la-grosse-bourde-de-l-ambassadeur-allemand-en-tunisie\/209648\/","title":{"rendered":"Gaza : La grosse bourde de l\u2019ambassadeur allemand en Tunisie !"},"content":{"rendered":"<p>Pour l\u2019ambassadeur allemand en Tunisie, la visite d\u2019inauguration, ce jeudi 26 octobre 2023, d\u2019une \u00e9cole secondaire \u00e0 Mhamdia n\u2019est pas pass\u00e9e inaper\u00e7ue, et pour cause, des propos pol\u00e9miques sur la Palestine en lien avec l\u2019actuel conflit.<\/p>\n<p>\t\t\t\t\t\t\t\t\tEn effet, dans un discours prononc\u00e9 \u00e0 l\u2019occasion de l\u2019inauguration de cette \u00e9cole, le diplomate a commis une grosse bourde non seulement en \u00e9voquant ce conflit dans un contexte \u00e9ducatif, mais en tenant des propos tr\u00e8s sensibles envers les Palestiniens, alors qu\u2019il conna\u00eet d\u2019ores et d\u00e9j\u00e0 la position officielle de la Tunisie \u00e0 cet effet.<\/p>\n<p>\u00ab Les Isra\u00e9liens sont les victimes du terrorisme palestinien \u00bb, a-t-il m\u00eame d\u00e9clar\u00e9 provoquant la grosse col\u00e8re du ministre de l\u2019Education Mohamed Boughdiri pr\u00e9sent sur place.\u00a0<\/p>\n<p>Ce dernier n\u2019a pas h\u00e9sit\u00e9 \u00e0 recadrer l\u2019ambassadeur, selon Mosa\u00efque FM, affirmant que ces d\u00e9clarations sont inacceptables rappelant la ferme position de la Tunisie \u00e0 cet effet. \u00ab On rappelle que la Tunisie a toujours \u00e9t\u00e9 aux cot\u00e9s de la Palestine dans son droit d\u2019\u00e9tablir son Etat \u00bb, a-t-il dit. \u00a0<br \/>\nNotons que l\u2019ambassadeur en question a \u00e9t\u00e9 contraint d\u2019\u00e9courter cette visite qui pourrait avoir d\u2019autres cons\u00e9quences.<\/p>\n","protected":false},"excerpt":{"rendered":"<p>\u00ab Les Isra\u00e9liens sont les victimes du terrorisme palestinien \u00bb, a-t-il m\u00eame d\u00e9clar\u00e9 provoquant la grosse col\u00e8re du ministre de l\u2019Education Mohamed Boughdiri pr\u00e9&#8230;<\/p>\n","protected":false},"author":3175,"featured_media":248981,"comment_status":"open","ping_status":"closed","sticky":false,"template":"","format":"standard","meta":{"footnotes":""},"categories":[44],"tags":[7687,3999,2689,2608],"class_list":["post-209648","post","type-post","status-publish","format-standard","has-post-thumbnail","hentry","category-national","tag-allemand","tag-ambassadeur","tag-gaza","tag-tunisie"],"yoast_head":"<!-- This site is optimized with the Yoast SEO Premium plugin v27.5 (Yoast SEO v27.5) - https:\/\/yoast.com\/product\/yoast-seo-premium-wordpress\/ -->\n<title>Gaza : La grosse bourde de l\u2019ambassadeur allemand en Tunisie !<\/title>\n<meta name=\"description\" content=\"\u00ab Les Isra\u00e9liens sont les victimes du terrorisme palestinien \u00bb, a-t-il m\u00eame d\u00e9clar\u00e9 provoquant la grosse col\u00e8re du ministre de l\u2019Education Mohamed Boughdiri pr\u00e9...\" \/>\n<link rel=\"canonical\" href=\"https:\/\/www.webdo.tn\/fr\/actualite\/national\/gaza-la-grosse-bourde-de-l-ambassadeur-allemand-en-tunisie\/209648\/\" \/>\n<meta property=\"og:locale\" content=\"fr_FR\" \/>\n<meta property=\"og:type\" content=\"article\" \/>\n<meta property=\"og:title\" content=\"Gaza : La grosse bourde de l\u2019ambassadeur allemand en Tunisie !\" \/>\n<meta property=\"og:description\" content=\"\u00ab Les Isra\u00e9liens sont les victimes du terrorisme palestinien \u00bb, a-t-il m\u00eame d\u00e9clar\u00e9 provoquant la grosse col\u00e8re du ministre de l\u2019Education Mohamed Boughdiri pr\u00e9...\" \/>\n<meta property=\"og:url\" content=\"https:\/\/www.webdo.tn\/fr\/actualite\/national\/gaza-la-grosse-bourde-de-l-ambassadeur-allemand-en-tunisie\/209648\/\" \/>\n<meta property=\"og:site_name\" content=\"webdo\" \/>\n<meta property=\"article:publisher\" content=\"https:\/\/www.facebook.com\/webdotn\" \/>\n<meta property=\"article:published_time\" content=\"2023-10-26T18:04:00+00:00\" \/>\n<meta property=\"article:modified_time\" content=\"2025-05-20T22:40:02+00:00\" \/>\n<meta property=\"og:image\" content=\"https:\/\/www.webdo.tn\/fr\/wp-content\/uploads\/2023\/10\/8b42da361868061d3baf9db47a6452dc.jpg\" \/>\n\t<meta property=\"og:image:width\" content=\"750\" \/>\n\t<meta property=\"og:image:height\" content=\"400\" \/>\n\t<meta property=\"og:image:type\" content=\"image\/jpeg\" \/>\n<meta name=\"author\" content=\"CL\" \/>\n<meta name=\"twitter:card\" content=\"summary_large_image\" \/>\n<meta name=\"twitter:creator\" content=\"@webdo_tn\" \/>\n<meta name=\"twitter:site\" content=\"@webdo_tn\" \/>\n<meta name=\"twitter:label1\" content=\"\u00c9crit par\" \/>\n\t<meta name=\"twitter:data1\" content=\"CL\" \/>\n\t<meta name=\"twitter:label2\" content=\"Dur\u00e9e de lecture estim\u00e9e\" \/>\n\t<meta name=\"twitter:data2\" content=\"1 minute\" \/>\n<script type=\"application\/ld+json\" class=\"yoast-schema-graph\">{\"@context\":\"https:\\\/\\\/schema.org\",\"@graph\":[{\"@type\":\"NewsArticle\",\"@id\":\"https:\\\/\\\/www.webdo.tn\\\/fr\\\/actualite\\\/national\\\/gaza-la-grosse-bourde-de-l-ambassadeur-allemand-en-tunisie\\\/209648\\\/#article\",\"isPartOf\":{\"@id\":\"https:\\\/\\\/www.webdo.tn\\\/fr\\\/actualite\\\/national\\\/gaza-la-grosse-bourde-de-l-ambassadeur-allemand-en-tunisie\\\/209648\\\/\"},\"author\":{\"name\":\"CL\",\"@id\":\"https:\\\/\\\/www.webdo.tn\\\/fr\\\/#\\\/schema\\\/person\\\/f35b42a42c5e2511bbd282959d6385cc\"},\"headline\":\"Gaza : La grosse bourde de l\u2019ambassadeur allemand en Tunisie !\",\"datePublished\":\"2023-10-26T18:04:00+00:00\",\"dateModified\":\"2025-05-20T22:40:02+00:00\",\"mainEntityOfPage\":{\"@id\":\"https:\\\/\\\/www.webdo.tn\\\/fr\\\/actualite\\\/national\\\/gaza-la-grosse-bourde-de-l-ambassadeur-allemand-en-tunisie\\\/209648\\\/\"},\"wordCount\":214,\"commentCount\":0,\"publisher\":{\"@id\":\"https:\\\/\\\/www.webdo.tn\\\/fr\\\/#organization\"},\"image\":{\"@id\":\"https:\\\/\\\/www.webdo.tn\\\/fr\\\/actualite\\\/national\\\/gaza-la-grosse-bourde-de-l-ambassadeur-allemand-en-tunisie\\\/209648\\\/#primaryimage\"},\"thumbnailUrl\":\"https:\\\/\\\/www.webdo.tn\\\/fr\\\/wp-content\\\/uploads\\\/2023\\\/10\\\/8b42da361868061d3baf9db47a6452dc.jpg\",\"keywords\":[\"Allemand\",\"Ambassadeur\",\"Gaza\",\"Tunisie\"],\"articleSection\":[\"National\"],\"inLanguage\":\"fr-FR\"},{\"@type\":\"WebPage\",\"@id\":\"https:\\\/\\\/www.webdo.tn\\\/fr\\\/actualite\\\/national\\\/gaza-la-grosse-bourde-de-l-ambassadeur-allemand-en-tunisie\\\/209648\\\/\",\"url\":\"https:\\\/\\\/www.webdo.tn\\\/fr\\\/actualite\\\/national\\\/gaza-la-grosse-bourde-de-l-ambassadeur-allemand-en-tunisie\\\/209648\\\/\",\"name\":\"Gaza : La grosse bourde de l\u2019ambassadeur allemand en Tunisie !\",\"isPartOf\":{\"@id\":\"https:\\\/\\\/www.webdo.tn\\\/fr\\\/#website\"},\"primaryImageOfPage\":{\"@id\":\"https:\\\/\\\/www.webdo.tn\\\/fr\\\/actualite\\\/national\\\/gaza-la-grosse-bourde-de-l-ambassadeur-allemand-en-tunisie\\\/209648\\\/#primaryimage\"},\"image\":{\"@id\":\"https:\\\/\\\/www.webdo.tn\\\/fr\\\/actualite\\\/national\\\/gaza-la-grosse-bourde-de-l-ambassadeur-allemand-en-tunisie\\\/209648\\\/#primaryimage\"},\"thumbnailUrl\":\"https:\\\/\\\/www.webdo.tn\\\/fr\\\/wp-content\\\/uploads\\\/2023\\\/10\\\/8b42da361868061d3baf9db47a6452dc.jpg\",\"datePublished\":\"2023-10-26T18:04:00+00:00\",\"dateModified\":\"2025-05-20T22:40:02+00:00\",\"description\":\"\u00ab Les Isra\u00e9liens sont les victimes du terrorisme palestinien \u00bb, a-t-il m\u00eame d\u00e9clar\u00e9 provoquant la grosse col\u00e8re du ministre de l\u2019Education Mohamed Boughdiri pr\u00e9...\",\"breadcrumb\":{\"@id\":\"https:\\\/\\\/www.webdo.tn\\\/fr\\\/actualite\\\/national\\\/gaza-la-grosse-bourde-de-l-ambassadeur-allemand-en-tunisie\\\/209648\\\/#breadcrumb\"},\"inLanguage\":\"fr-FR\",\"potentialAction\":[{\"@type\":\"ReadAction\",\"target\":[\"https:\\\/\\\/www.webdo.tn\\\/fr\\\/actualite\\\/national\\\/gaza-la-grosse-bourde-de-l-ambassadeur-allemand-en-tunisie\\\/209648\\\/\"]}]},{\"@type\":\"ImageObject\",\"inLanguage\":\"fr-FR\",\"@id\":\"https:\\\/\\\/www.webdo.tn\\\/fr\\\/actualite\\\/national\\\/gaza-la-grosse-bourde-de-l-ambassadeur-allemand-en-tunisie\\\/209648\\\/#primaryimage\",\"url\":\"https:\\\/\\\/www.webdo.tn\\\/fr\\\/wp-content\\\/uploads\\\/2023\\\/10\\\/8b42da361868061d3baf9db47a6452dc.jpg\",\"contentUrl\":\"https:\\\/\\\/www.webdo.tn\\\/fr\\\/wp-content\\\/uploads\\\/2023\\\/10\\\/8b42da361868061d3baf9db47a6452dc.jpg\",\"width\":750,\"height\":400,\"caption\":\"Gaza : La grosse bourde de l\u2019ambassadeur allemand en Tunisie !\"},{\"@type\":\"BreadcrumbList\",\"@id\":\"https:\\\/\\\/www.webdo.tn\\\/fr\\\/actualite\\\/national\\\/gaza-la-grosse-bourde-de-l-ambassadeur-allemand-en-tunisie\\\/209648\\\/#breadcrumb\",\"itemListElement\":[{\"@type\":\"ListItem\",\"position\":1,\"name\":\"Accueil\",\"item\":\"https:\\\/\\\/www.webdo.tn\\\/fr\\\/\"},{\"@type\":\"ListItem\",\"position\":2,\"name\":\"Gaza : La grosse bourde de l\u2019ambassadeur allemand en Tunisie !\"}]},{\"@type\":\"WebSite\",\"@id\":\"https:\\\/\\\/www.webdo.tn\\\/fr\\\/#website\",\"url\":\"https:\\\/\\\/www.webdo.tn\\\/fr\\\/\",\"name\":\"webdo\",\"description\":\"Tunisie - News en Tunisie et \u00e0 l&#039;international sur Webdo.tn\",\"publisher\":{\"@id\":\"https:\\\/\\\/www.webdo.tn\\\/fr\\\/#organization\"},\"potentialAction\":[{\"@type\":\"SearchAction\",\"target\":{\"@type\":\"EntryPoint\",\"urlTemplate\":\"https:\\\/\\\/www.webdo.tn\\\/fr\\\/?s={search_term_string}\"},\"query-input\":{\"@type\":\"PropertyValueSpecification\",\"valueRequired\":true,\"valueName\":\"search_term_string\"}}],\"inLanguage\":\"fr-FR\"},{\"@type\":\"Organization\",\"@id\":\"https:\\\/\\\/www.webdo.tn\\\/fr\\\/#organization\",\"name\":\"Webdo\",\"alternateName\":\"Webdo.tn\",\"url\":\"https:\\\/\\\/www.webdo.tn\\\/fr\\\/\",\"logo\":{\"@type\":\"ImageObject\",\"inLanguage\":\"fr-FR\",\"@id\":\"https:\\\/\\\/www.webdo.tn\\\/fr\\\/#\\\/schema\\\/logo\\\/image\\\/\",\"url\":\"https:\\\/\\\/www.webdo.tn\\\/fr\\\/wp-content\\\/uploads\\\/2025\\\/06\\\/Webdo-Tunisie_168377.jpg\",\"contentUrl\":\"https:\\\/\\\/www.webdo.tn\\\/fr\\\/wp-content\\\/uploads\\\/2025\\\/06\\\/Webdo-Tunisie_168377.jpg\",\"width\":301,\"height\":301,\"caption\":\"Webdo\"},\"image\":{\"@id\":\"https:\\\/\\\/www.webdo.tn\\\/fr\\\/#\\\/schema\\\/logo\\\/image\\\/\"},\"sameAs\":[\"https:\\\/\\\/www.facebook.com\\\/webdotn\",\"https:\\\/\\\/x.com\\\/webdo_tn\"],\"description\":\"Webdo est un m\u00e9dia num\u00e9rique tunisien fond\u00e9 en 2010, sp\u00e9cialis\u00e9 dans l\u2019actualit\u00e9 nationale et internationale, l\u2019\u00e9conomie, la soci\u00e9t\u00e9 et les analyses politiques. Le site s\u2019adresse \u00e0 un large public francophone et couvre l\u2019information tunisienne en temps r\u00e9el.\",\"email\":\"redac@webdo.tn\",\"legalName\":\"YNJ SARL\",\"foundingDate\":\"2010-09-06\",\"numberOfEmployees\":{\"@type\":\"QuantitativeValue\",\"minValue\":\"11\",\"maxValue\":\"50\"}},{\"@type\":\"Person\",\"@id\":\"https:\\\/\\\/www.webdo.tn\\\/fr\\\/#\\\/schema\\\/person\\\/f35b42a42c5e2511bbd282959d6385cc\",\"name\":\"CL\",\"image\":{\"@type\":\"ImageObject\",\"inLanguage\":\"fr-FR\",\"@id\":\"https:\\\/\\\/secure.gravatar.com\\\/avatar\\\/1447a49909b67aa657c488aec6512e1dd6143a480c1ecfee9b5b5cd74eb3b59e?s=96&d=mm&r=g\",\"url\":\"https:\\\/\\\/secure.gravatar.com\\\/avatar\\\/1447a49909b67aa657c488aec6512e1dd6143a480c1ecfee9b5b5cd74eb3b59e?s=96&d=mm&r=g\",\"contentUrl\":\"https:\\\/\\\/secure.gravatar.com\\\/avatar\\\/1447a49909b67aa657c488aec6512e1dd6143a480c1ecfee9b5b5cd74eb3b59e?s=96&d=mm&r=g\",\"caption\":\"CL\"},\"url\":\"https:\\\/\\\/www.webdo.tn\\\/fr\\\/actualite\\\/author\\\/cl\\\/\"}]}<\/script>\n<!-- \/ Yoast SEO Premium plugin. -->","yoast_head_json":{"title":"Gaza : La grosse bourde de l\u2019ambassadeur allemand en Tunisie !","description":"\u00ab Les Isra\u00e9liens sont les victimes du terrorisme palestinien \u00bb, a-t-il m\u00eame d\u00e9clar\u00e9 provoquant la grosse col\u00e8re du ministre de l\u2019Education Mohamed Boughdiri pr\u00e9...","canonical":"https:\/\/www.webdo.tn\/fr\/actualite\/national\/gaza-la-grosse-bourde-de-l-ambassadeur-allemand-en-tunisie\/209648\/","og_locale":"fr_FR","og_type":"article","og_title":"Gaza : La grosse bourde de l\u2019ambassadeur allemand en Tunisie !","og_description":"\u00ab Les Isra\u00e9liens sont les victimes du terrorisme palestinien \u00bb, a-t-il m\u00eame d\u00e9clar\u00e9 provoquant la grosse col\u00e8re du ministre de l\u2019Education Mohamed Boughdiri pr\u00e9...","og_url":"https:\/\/www.webdo.tn\/fr\/actualite\/national\/gaza-la-grosse-bourde-de-l-ambassadeur-allemand-en-tunisie\/209648\/","og_site_name":"webdo","article_publisher":"https:\/\/www.facebook.com\/webdotn","article_published_time":"2023-10-26T18:04:00+00:00","article_modified_time":"2025-05-20T22:40:02+00:00","og_image":[{"width":750,"height":400,"url":"https:\/\/www.webdo.tn\/fr\/wp-content\/uploads\/2023\/10\/8b42da361868061d3baf9db47a6452dc.jpg","type":"image\/jpeg"}],"author":"CL","twitter_card":"summary_large_image","twitter_creator":"@webdo_tn","twitter_site":"@webdo_tn","twitter_misc":{"\u00c9crit par":"CL","Dur\u00e9e de lecture estim\u00e9e":"1 minute"},"schema":{"@context":"https:\/\/schema.org","@graph":[{"@type":"NewsArticle","@id":"https:\/\/www.webdo.tn\/fr\/actualite\/national\/gaza-la-grosse-bourde-de-l-ambassadeur-allemand-en-tunisie\/209648\/#article","isPartOf":{"@id":"https:\/\/www.webdo.tn\/fr\/actualite\/national\/gaza-la-grosse-bourde-de-l-ambassadeur-allemand-en-tunisie\/209648\/"},"author":{"name":"CL","@id":"https:\/\/www.webdo.tn\/fr\/#\/schema\/person\/f35b42a42c5e2511bbd282959d6385cc"},"headline":"Gaza : La grosse bourde de l\u2019ambassadeur allemand en Tunisie !","datePublished":"2023-10-26T18:04:00+00:00","dateModified":"2025-05-20T22:40:02+00:00","mainEntityOfPage":{"@id":"https:\/\/www.webdo.tn\/fr\/actualite\/national\/gaza-la-grosse-bourde-de-l-ambassadeur-allemand-en-tunisie\/209648\/"},"wordCount":214,"commentCount":0,"publisher":{"@id":"https:\/\/www.webdo.tn\/fr\/#organization"},"image":{"@id":"https:\/\/www.webdo.tn\/fr\/actualite\/national\/gaza-la-grosse-bourde-de-l-ambassadeur-allemand-en-tunisie\/209648\/#primaryimage"},"thumbnailUrl":"https:\/\/www.webdo.tn\/fr\/wp-content\/uploads\/2023\/10\/8b42da361868061d3baf9db47a6452dc.jpg","keywords":["Allemand","Ambassadeur","Gaza","Tunisie"],"articleSection":["National"],"inLanguage":"fr-FR"},{"@type":"WebPage","@id":"https:\/\/www.webdo.tn\/fr\/actualite\/national\/gaza-la-grosse-bourde-de-l-ambassadeur-allemand-en-tunisie\/209648\/","url":"https:\/\/www.webdo.tn\/fr\/actualite\/national\/gaza-la-grosse-bourde-de-l-ambassadeur-allemand-en-tunisie\/209648\/","name":"Gaza : La grosse bourde de l\u2019ambassadeur allemand en Tunisie !","isPartOf":{"@id":"https:\/\/www.webdo.tn\/fr\/#website"},"primaryImageOfPage":{"@id":"https:\/\/www.webdo.tn\/fr\/actualite\/national\/gaza-la-grosse-bourde-de-l-ambassadeur-allemand-en-tunisie\/209648\/#primaryimage"},"image":{"@id":"https:\/\/www.webdo.tn\/fr\/actualite\/national\/gaza-la-grosse-bourde-de-l-ambassadeur-allemand-en-tunisie\/209648\/#primaryimage"},"thumbnailUrl":"https:\/\/www.webdo.tn\/fr\/wp-content\/uploads\/2023\/10\/8b42da361868061d3baf9db47a6452dc.jpg","datePublished":"2023-10-26T18:04:00+00:00","dateModified":"2025-05-20T22:40:02+00:00","description":"\u00ab Les Isra\u00e9liens sont les victimes du terrorisme palestinien \u00bb, a-t-il m\u00eame d\u00e9clar\u00e9 provoquant la grosse col\u00e8re du ministre de l\u2019Education Mohamed Boughdiri pr\u00e9...","breadcrumb":{"@id":"https:\/\/www.webdo.tn\/fr\/actualite\/national\/gaza-la-grosse-bourde-de-l-ambassadeur-allemand-en-tunisie\/209648\/#breadcrumb"},"inLanguage":"fr-FR","potentialAction":[{"@type":"ReadAction","target":["https:\/\/www.webdo.tn\/fr\/actualite\/national\/gaza-la-grosse-bourde-de-l-ambassadeur-allemand-en-tunisie\/209648\/"]}]},{"@type":"ImageObject","inLanguage":"fr-FR","@id":"https:\/\/www.webdo.tn\/fr\/actualite\/national\/gaza-la-grosse-bourde-de-l-ambassadeur-allemand-en-tunisie\/209648\/#primaryimage","url":"https:\/\/www.webdo.tn\/fr\/wp-content\/uploads\/2023\/10\/8b42da361868061d3baf9db47a6452dc.jpg","contentUrl":"https:\/\/www.webdo.tn\/fr\/wp-content\/uploads\/2023\/10\/8b42da361868061d3baf9db47a6452dc.jpg","width":750,"height":400,"caption":"Gaza : La grosse bourde de l\u2019ambassadeur allemand en Tunisie !"},{"@type":"BreadcrumbList","@id":"https:\/\/www.webdo.tn\/fr\/actualite\/national\/gaza-la-grosse-bourde-de-l-ambassadeur-allemand-en-tunisie\/209648\/#breadcrumb","itemListElement":[{"@type":"ListItem","position":1,"name":"Accueil","item":"https:\/\/www.webdo.tn\/fr\/"},{"@type":"ListItem","position":2,"name":"Gaza : La grosse bourde de l\u2019ambassadeur allemand en Tunisie !"}]},{"@type":"WebSite","@id":"https:\/\/www.webdo.tn\/fr\/#website","url":"https:\/\/www.webdo.tn\/fr\/","name":"webdo","description":"Tunisie - News en Tunisie et \u00e0 l&#039;international sur Webdo.tn","publisher":{"@id":"https:\/\/www.webdo.tn\/fr\/#organization"},"potentialAction":[{"@type":"SearchAction","target":{"@type":"EntryPoint","urlTemplate":"https:\/\/www.webdo.tn\/fr\/?s={search_term_string}"},"query-input":{"@type":"PropertyValueSpecification","valueRequired":true,"valueName":"search_term_string"}}],"inLanguage":"fr-FR"},{"@type":"Organization","@id":"https:\/\/www.webdo.tn\/fr\/#organization","name":"Webdo","alternateName":"Webdo.tn","url":"https:\/\/www.webdo.tn\/fr\/","logo":{"@type":"ImageObject","inLanguage":"fr-FR","@id":"https:\/\/www.webdo.tn\/fr\/#\/schema\/logo\/image\/","url":"https:\/\/www.webdo.tn\/fr\/wp-content\/uploads\/2025\/06\/Webdo-Tunisie_168377.jpg","contentUrl":"https:\/\/www.webdo.tn\/fr\/wp-content\/uploads\/2025\/06\/Webdo-Tunisie_168377.jpg","width":301,"height":301,"caption":"Webdo"},"image":{"@id":"https:\/\/www.webdo.tn\/fr\/#\/schema\/logo\/image\/"},"sameAs":["https:\/\/www.facebook.com\/webdotn","https:\/\/x.com\/webdo_tn"],"description":"Webdo est un m\u00e9dia num\u00e9rique tunisien fond\u00e9 en 2010, sp\u00e9cialis\u00e9 dans l\u2019actualit\u00e9 nationale et internationale, l\u2019\u00e9conomie, la soci\u00e9t\u00e9 et les analyses politiques. Le site s\u2019adresse \u00e0 un large public francophone et couvre l\u2019information tunisienne en temps r\u00e9el.","email":"redac@webdo.tn","legalName":"YNJ SARL","foundingDate":"2010-09-06","numberOfEmployees":{"@type":"QuantitativeValue","minValue":"11","maxValue":"50"}},{"@type":"Person","@id":"https:\/\/www.webdo.tn\/fr\/#\/schema\/person\/f35b42a42c5e2511bbd282959d6385cc","name":"CL","image":{"@type":"ImageObject","inLanguage":"fr-FR","@id":"https:\/\/secure.gravatar.com\/avatar\/1447a49909b67aa657c488aec6512e1dd6143a480c1ecfee9b5b5cd74eb3b59e?s=96&d=mm&r=g","url":"https:\/\/secure.gravatar.com\/avatar\/1447a49909b67aa657c488aec6512e1dd6143a480c1ecfee9b5b5cd74eb3b59e?s=96&d=mm&r=g","contentUrl":"https:\/\/secure.gravatar.com\/avatar\/1447a49909b67aa657c488aec6512e1dd6143a480c1ecfee9b5b5cd74eb3b59e?s=96&d=mm&r=g","caption":"CL"},"url":"https:\/\/www.webdo.tn\/fr\/actualite\/author\/cl\/"}]}},"_links":{"self":[{"href":"https:\/\/www.webdo.tn\/fr\/wp-json\/wp\/v2\/posts\/209648","targetHints":{"allow":["GET"]}}],"collection":[{"href":"https:\/\/www.webdo.tn\/fr\/wp-json\/wp\/v2\/posts"}],"about":[{"href":"https:\/\/www.webdo.tn\/fr\/wp-json\/wp\/v2\/types\/post"}],"author":[{"embeddable":true,"href":"https:\/\/www.webdo.tn\/fr\/wp-json\/wp\/v2\/users\/3175"}],"replies":[{"embeddable":true,"href":"https:\/\/www.webdo.tn\/fr\/wp-json\/wp\/v2\/comments?post=209648"}],"version-history":[{"count":0,"href":"https:\/\/www.webdo.tn\/fr\/wp-json\/wp\/v2\/posts\/209648\/revisions"}],"wp:featuredmedia":[{"embeddable":true,"href":"https:\/\/www.webdo.tn\/fr\/wp-json\/wp\/v2\/media\/248981"}],"wp:attachment":[{"href":"https:\/\/www.webdo.tn\/fr\/wp-json\/wp\/v2\/media?parent=209648"}],"wp:term":[{"taxonomy":"category","embeddable":true,"href":"https:\/\/www.webdo.tn\/fr\/wp-json\/wp\/v2\/categories?post=209648"},{"taxonomy":"post_tag","embeddable":true,"href":"https:\/\/www.webdo.tn\/fr\/wp-json\/wp\/v2\/tags?post=209648"}],"curies":[{"name":"wp","href":"https:\/\/api.w.org\/{rel}","templated":true}]}}