{"id":209644,"date":"2023-10-26T10:19:00","date_gmt":"2023-10-26T10:19:00","guid":{"rendered":"https:\/\/www.webdo.tn\/fr\/blog\/tonnerre-la-france-veut-aider-gaza-mais-renforce-aussi-sa-presence-militaire\/209644\/"},"modified":"2025-05-20T22:39:59","modified_gmt":"2025-05-20T22:39:59","slug":"tonnerre-la-france-veut-aider-gaza-mais-renforce-aussi-sa-presence-militaire","status":"publish","type":"post","link":"https:\/\/www.webdo.tn\/fr\/actualite\/international\/tonnerre-la-france-veut-aider-gaza-mais-renforce-aussi-sa-presence-militaire\/209644\/","title":{"rendered":"Tonnerre : La France veut aider Gaza, mais renforce aussi sa pr\u00e9sence militaire !"},"content":{"rendered":"<p>Le pr\u00e9sident fran\u00e7ais Emmanuel Macron a annonc\u00e9 que le navire \u00ab Tonnerre \u00bb a \u00e9t\u00e9 d\u00e9p\u00each\u00e9 \u00e0 l\u2019est de la M\u00e9diterran\u00e9e pour soutenir les efforts de secours \u00e0 Gaza.<\/p>\n<p>\t\t\t\t\t\t\t\t\tIl s\u2019agit d\u2019un b\u00e2timent naval capable d\u2019embarquer plus d\u2019une quinzaine d\u2019h\u00e9licopt\u00e8res, destin\u00e9 \u00e0 porter le secours en p\u00e9riode de guerre ou de catastrophe.\u00a0<\/p>\n<p>Il abrite une structure de soins pouvant assurer des op\u00e9rations de chirurgie au plus pr\u00e8s d\u2019une zone de combats : deux salles d\u2019op\u00e9ration, une salle de radiologie, 69 lits, soit l\u2019\u00e9quivalent d\u2019un centre hospitalier d\u2019une ville de 25.000 habitants.<\/p>\n<p>Cependant, Le Monde pr\u00e9cise que ce navire est \u00e9galement un \u00e9l\u00e9ment militaire d\u2019excellence. \u00a0\u00ab En plus de ses 200 marins, le Tonnerre est \u00e9galement parti avec un groupement tactique embarqu\u00e9, c\u2019est-\u00e0-dire des unit\u00e9s de l\u2019arm\u00e9e de terre dot\u00e9es de tout leur mat\u00e9riel : du v\u00e9hicule blind\u00e9 au camion logistique \u00bb, a-t-on expliqu\u00e9.\u00a0<\/p>\n<p>Et d\u2019ajouter qu\u2019il s\u2019agit aussi un b\u00e2timent capable d\u2019embarquer plus d\u2019une quinzaine d\u2019h\u00e9licopt\u00e8res, qui peuvent ensuite conduire des frappes ou des op\u00e9rations de surveillance.<\/p>\n","protected":false},"excerpt":{"rendered":"<p>Il s\u2019agit d\u2019un b\u00e2timent naval capable d\u2019embarquer plus d\u2019une quinzaine d\u2019h\u00e9licopt\u00e8res, destin\u00e9 \u00e0 porter secours en p\u00e9riode de guerre ou de catastrophe.\u00a0<\/p>\n","protected":false},"author":3175,"featured_media":248976,"comment_status":"open","ping_status":"closed","sticky":false,"template":"","format":"standard","meta":{"footnotes":""},"categories":[2598],"tags":[2998,2689,7684],"class_list":["post-209644","post","type-post","status-publish","format-standard","has-post-thumbnail","hentry","category-international","tag-france","tag-gaza","tag-tonnerre"],"yoast_head":"<!-- This site is optimized with the Yoast SEO Premium plugin v27.5 (Yoast SEO v27.5) - https:\/\/yoast.com\/product\/yoast-seo-premium-wordpress\/ -->\n<title>Tonnerre : La France veut aider Gaza, mais renforce aussi sa pr\u00e9sence militaire !<\/title>\n<meta name=\"description\" content=\"Il s\u2019agit d\u2019un b\u00e2timent naval capable d\u2019embarquer plus d\u2019une quinzaine d\u2019h\u00e9licopt\u00e8res, destin\u00e9 \u00e0 porter secours en p\u00e9riode de guerre ou de catastrophe.\u00a0\" \/>\n<link rel=\"canonical\" href=\"https:\/\/www.webdo.tn\/fr\/actualite\/international\/tonnerre-la-france-veut-aider-gaza-mais-renforce-aussi-sa-presence-militaire\/209644\/\" \/>\n<meta property=\"og:locale\" content=\"fr_FR\" \/>\n<meta property=\"og:type\" content=\"article\" \/>\n<meta property=\"og:title\" content=\"Tonnerre : La France veut aider Gaza, mais renforce aussi sa pr\u00e9sence militaire !\" \/>\n<meta property=\"og:description\" content=\"Il s\u2019agit d\u2019un b\u00e2timent naval capable d\u2019embarquer plus d\u2019une quinzaine d\u2019h\u00e9licopt\u00e8res, destin\u00e9 \u00e0 porter secours en p\u00e9riode de guerre ou de catastrophe.\u00a0\" \/>\n<meta property=\"og:url\" content=\"https:\/\/www.webdo.tn\/fr\/actualite\/international\/tonnerre-la-france-veut-aider-gaza-mais-renforce-aussi-sa-presence-militaire\/209644\/\" \/>\n<meta property=\"og:site_name\" content=\"webdo\" \/>\n<meta property=\"article:publisher\" content=\"https:\/\/www.facebook.com\/webdotn\" \/>\n<meta property=\"article:published_time\" content=\"2023-10-26T10:19:00+00:00\" \/>\n<meta property=\"article:modified_time\" content=\"2025-05-20T22:39:59+00:00\" \/>\n<meta property=\"og:image\" content=\"https:\/\/www.webdo.tn\/fr\/wp-content\/uploads\/2023\/10\/6fdbdafb1178e0c5a9263b1b61b06aa5.jpg\" \/>\n\t<meta property=\"og:image:width\" content=\"750\" \/>\n\t<meta property=\"og:image:height\" content=\"400\" \/>\n\t<meta property=\"og:image:type\" content=\"image\/jpeg\" \/>\n<meta name=\"author\" content=\"CL\" \/>\n<meta name=\"twitter:card\" content=\"summary_large_image\" \/>\n<meta name=\"twitter:creator\" content=\"@webdo_tn\" \/>\n<meta name=\"twitter:site\" content=\"@webdo_tn\" \/>\n<meta name=\"twitter:label1\" content=\"\u00c9crit par\" \/>\n\t<meta name=\"twitter:data1\" content=\"CL\" \/>\n\t<meta name=\"twitter:label2\" content=\"Dur\u00e9e de lecture estim\u00e9e\" \/>\n\t<meta name=\"twitter:data2\" content=\"1 minute\" \/>\n<script type=\"application\/ld+json\" class=\"yoast-schema-graph\">{\"@context\":\"https:\\\/\\\/schema.org\",\"@graph\":[{\"@type\":\"NewsArticle\",\"@id\":\"https:\\\/\\\/www.webdo.tn\\\/fr\\\/actualite\\\/international\\\/tonnerre-la-france-veut-aider-gaza-mais-renforce-aussi-sa-presence-militaire\\\/209644\\\/#article\",\"isPartOf\":{\"@id\":\"https:\\\/\\\/www.webdo.tn\\\/fr\\\/actualite\\\/international\\\/tonnerre-la-france-veut-aider-gaza-mais-renforce-aussi-sa-presence-militaire\\\/209644\\\/\"},\"author\":{\"name\":\"CL\",\"@id\":\"https:\\\/\\\/www.webdo.tn\\\/fr\\\/#\\\/schema\\\/person\\\/f35b42a42c5e2511bbd282959d6385cc\"},\"headline\":\"Tonnerre : La France veut aider Gaza, mais renforce aussi sa pr\u00e9sence militaire !\",\"datePublished\":\"2023-10-26T10:19:00+00:00\",\"dateModified\":\"2025-05-20T22:39:59+00:00\",\"mainEntityOfPage\":{\"@id\":\"https:\\\/\\\/www.webdo.tn\\\/fr\\\/actualite\\\/international\\\/tonnerre-la-france-veut-aider-gaza-mais-renforce-aussi-sa-presence-militaire\\\/209644\\\/\"},\"wordCount\":213,\"commentCount\":0,\"publisher\":{\"@id\":\"https:\\\/\\\/www.webdo.tn\\\/fr\\\/#organization\"},\"image\":{\"@id\":\"https:\\\/\\\/www.webdo.tn\\\/fr\\\/actualite\\\/international\\\/tonnerre-la-france-veut-aider-gaza-mais-renforce-aussi-sa-presence-militaire\\\/209644\\\/#primaryimage\"},\"thumbnailUrl\":\"https:\\\/\\\/www.webdo.tn\\\/fr\\\/wp-content\\\/uploads\\\/2023\\\/10\\\/6fdbdafb1178e0c5a9263b1b61b06aa5.jpg\",\"keywords\":[\"france\",\"Gaza\",\"Tonnerre\"],\"articleSection\":[\"International\"],\"inLanguage\":\"fr-FR\"},{\"@type\":\"WebPage\",\"@id\":\"https:\\\/\\\/www.webdo.tn\\\/fr\\\/actualite\\\/international\\\/tonnerre-la-france-veut-aider-gaza-mais-renforce-aussi-sa-presence-militaire\\\/209644\\\/\",\"url\":\"https:\\\/\\\/www.webdo.tn\\\/fr\\\/actualite\\\/international\\\/tonnerre-la-france-veut-aider-gaza-mais-renforce-aussi-sa-presence-militaire\\\/209644\\\/\",\"name\":\"Tonnerre : La France veut aider Gaza, mais renforce aussi sa pr\u00e9sence militaire !\",\"isPartOf\":{\"@id\":\"https:\\\/\\\/www.webdo.tn\\\/fr\\\/#website\"},\"primaryImageOfPage\":{\"@id\":\"https:\\\/\\\/www.webdo.tn\\\/fr\\\/actualite\\\/international\\\/tonnerre-la-france-veut-aider-gaza-mais-renforce-aussi-sa-presence-militaire\\\/209644\\\/#primaryimage\"},\"image\":{\"@id\":\"https:\\\/\\\/www.webdo.tn\\\/fr\\\/actualite\\\/international\\\/tonnerre-la-france-veut-aider-gaza-mais-renforce-aussi-sa-presence-militaire\\\/209644\\\/#primaryimage\"},\"thumbnailUrl\":\"https:\\\/\\\/www.webdo.tn\\\/fr\\\/wp-content\\\/uploads\\\/2023\\\/10\\\/6fdbdafb1178e0c5a9263b1b61b06aa5.jpg\",\"datePublished\":\"2023-10-26T10:19:00+00:00\",\"dateModified\":\"2025-05-20T22:39:59+00:00\",\"description\":\"Il s\u2019agit d\u2019un b\u00e2timent naval capable d\u2019embarquer plus d\u2019une quinzaine d\u2019h\u00e9licopt\u00e8res, destin\u00e9 \u00e0 porter secours en p\u00e9riode de guerre ou de catastrophe.\u00a0\",\"breadcrumb\":{\"@id\":\"https:\\\/\\\/www.webdo.tn\\\/fr\\\/actualite\\\/international\\\/tonnerre-la-france-veut-aider-gaza-mais-renforce-aussi-sa-presence-militaire\\\/209644\\\/#breadcrumb\"},\"inLanguage\":\"fr-FR\",\"potentialAction\":[{\"@type\":\"ReadAction\",\"target\":[\"https:\\\/\\\/www.webdo.tn\\\/fr\\\/actualite\\\/international\\\/tonnerre-la-france-veut-aider-gaza-mais-renforce-aussi-sa-presence-militaire\\\/209644\\\/\"]}]},{\"@type\":\"ImageObject\",\"inLanguage\":\"fr-FR\",\"@id\":\"https:\\\/\\\/www.webdo.tn\\\/fr\\\/actualite\\\/international\\\/tonnerre-la-france-veut-aider-gaza-mais-renforce-aussi-sa-presence-militaire\\\/209644\\\/#primaryimage\",\"url\":\"https:\\\/\\\/www.webdo.tn\\\/fr\\\/wp-content\\\/uploads\\\/2023\\\/10\\\/6fdbdafb1178e0c5a9263b1b61b06aa5.jpg\",\"contentUrl\":\"https:\\\/\\\/www.webdo.tn\\\/fr\\\/wp-content\\\/uploads\\\/2023\\\/10\\\/6fdbdafb1178e0c5a9263b1b61b06aa5.jpg\",\"width\":750,\"height\":400,\"caption\":\"Tonnerre : La France veut aider Gaza, mais renforce aussi sa pr\u00e9sence militaire !\"},{\"@type\":\"BreadcrumbList\",\"@id\":\"https:\\\/\\\/www.webdo.tn\\\/fr\\\/actualite\\\/international\\\/tonnerre-la-france-veut-aider-gaza-mais-renforce-aussi-sa-presence-militaire\\\/209644\\\/#breadcrumb\",\"itemListElement\":[{\"@type\":\"ListItem\",\"position\":1,\"name\":\"Accueil\",\"item\":\"https:\\\/\\\/www.webdo.tn\\\/fr\\\/\"},{\"@type\":\"ListItem\",\"position\":2,\"name\":\"Tonnerre : La France veut aider Gaza, mais renforce aussi sa pr\u00e9sence militaire !\"}]},{\"@type\":\"WebSite\",\"@id\":\"https:\\\/\\\/www.webdo.tn\\\/fr\\\/#website\",\"url\":\"https:\\\/\\\/www.webdo.tn\\\/fr\\\/\",\"name\":\"webdo\",\"description\":\"Tunisie - News en Tunisie et \u00e0 l&#039;international sur Webdo.tn\",\"publisher\":{\"@id\":\"https:\\\/\\\/www.webdo.tn\\\/fr\\\/#organization\"},\"potentialAction\":[{\"@type\":\"SearchAction\",\"target\":{\"@type\":\"EntryPoint\",\"urlTemplate\":\"https:\\\/\\\/www.webdo.tn\\\/fr\\\/?s={search_term_string}\"},\"query-input\":{\"@type\":\"PropertyValueSpecification\",\"valueRequired\":true,\"valueName\":\"search_term_string\"}}],\"inLanguage\":\"fr-FR\"},{\"@type\":\"Organization\",\"@id\":\"https:\\\/\\\/www.webdo.tn\\\/fr\\\/#organization\",\"name\":\"Webdo\",\"alternateName\":\"Webdo.tn\",\"url\":\"https:\\\/\\\/www.webdo.tn\\\/fr\\\/\",\"logo\":{\"@type\":\"ImageObject\",\"inLanguage\":\"fr-FR\",\"@id\":\"https:\\\/\\\/www.webdo.tn\\\/fr\\\/#\\\/schema\\\/logo\\\/image\\\/\",\"url\":\"https:\\\/\\\/www.webdo.tn\\\/fr\\\/wp-content\\\/uploads\\\/2025\\\/06\\\/Webdo-Tunisie_168377.jpg\",\"contentUrl\":\"https:\\\/\\\/www.webdo.tn\\\/fr\\\/wp-content\\\/uploads\\\/2025\\\/06\\\/Webdo-Tunisie_168377.jpg\",\"width\":301,\"height\":301,\"caption\":\"Webdo\"},\"image\":{\"@id\":\"https:\\\/\\\/www.webdo.tn\\\/fr\\\/#\\\/schema\\\/logo\\\/image\\\/\"},\"sameAs\":[\"https:\\\/\\\/www.facebook.com\\\/webdotn\",\"https:\\\/\\\/x.com\\\/webdo_tn\"],\"description\":\"Webdo est un m\u00e9dia num\u00e9rique tunisien fond\u00e9 en 2010, sp\u00e9cialis\u00e9 dans l\u2019actualit\u00e9 nationale et internationale, l\u2019\u00e9conomie, la soci\u00e9t\u00e9 et les analyses politiques. Le site s\u2019adresse \u00e0 un large public francophone et couvre l\u2019information tunisienne en temps r\u00e9el.\",\"email\":\"redac@webdo.tn\",\"legalName\":\"YNJ SARL\",\"foundingDate\":\"2010-09-06\",\"numberOfEmployees\":{\"@type\":\"QuantitativeValue\",\"minValue\":\"11\",\"maxValue\":\"50\"}},{\"@type\":\"Person\",\"@id\":\"https:\\\/\\\/www.webdo.tn\\\/fr\\\/#\\\/schema\\\/person\\\/f35b42a42c5e2511bbd282959d6385cc\",\"name\":\"CL\",\"image\":{\"@type\":\"ImageObject\",\"inLanguage\":\"fr-FR\",\"@id\":\"https:\\\/\\\/secure.gravatar.com\\\/avatar\\\/1447a49909b67aa657c488aec6512e1dd6143a480c1ecfee9b5b5cd74eb3b59e?s=96&d=mm&r=g\",\"url\":\"https:\\\/\\\/secure.gravatar.com\\\/avatar\\\/1447a49909b67aa657c488aec6512e1dd6143a480c1ecfee9b5b5cd74eb3b59e?s=96&d=mm&r=g\",\"contentUrl\":\"https:\\\/\\\/secure.gravatar.com\\\/avatar\\\/1447a49909b67aa657c488aec6512e1dd6143a480c1ecfee9b5b5cd74eb3b59e?s=96&d=mm&r=g\",\"caption\":\"CL\"},\"url\":\"https:\\\/\\\/www.webdo.tn\\\/fr\\\/actualite\\\/author\\\/cl\\\/\"}]}<\/script>\n<!-- \/ Yoast SEO Premium plugin. -->","yoast_head_json":{"title":"Tonnerre : La France veut aider Gaza, mais renforce aussi sa pr\u00e9sence militaire !","description":"Il s\u2019agit d\u2019un b\u00e2timent naval capable d\u2019embarquer plus d\u2019une quinzaine d\u2019h\u00e9licopt\u00e8res, destin\u00e9 \u00e0 porter secours en p\u00e9riode de guerre ou de catastrophe.\u00a0","canonical":"https:\/\/www.webdo.tn\/fr\/actualite\/international\/tonnerre-la-france-veut-aider-gaza-mais-renforce-aussi-sa-presence-militaire\/209644\/","og_locale":"fr_FR","og_type":"article","og_title":"Tonnerre : La France veut aider Gaza, mais renforce aussi sa pr\u00e9sence militaire !","og_description":"Il s\u2019agit d\u2019un b\u00e2timent naval capable d\u2019embarquer plus d\u2019une quinzaine d\u2019h\u00e9licopt\u00e8res, destin\u00e9 \u00e0 porter secours en p\u00e9riode de guerre ou de catastrophe.\u00a0","og_url":"https:\/\/www.webdo.tn\/fr\/actualite\/international\/tonnerre-la-france-veut-aider-gaza-mais-renforce-aussi-sa-presence-militaire\/209644\/","og_site_name":"webdo","article_publisher":"https:\/\/www.facebook.com\/webdotn","article_published_time":"2023-10-26T10:19:00+00:00","article_modified_time":"2025-05-20T22:39:59+00:00","og_image":[{"width":750,"height":400,"url":"https:\/\/www.webdo.tn\/fr\/wp-content\/uploads\/2023\/10\/6fdbdafb1178e0c5a9263b1b61b06aa5.jpg","type":"image\/jpeg"}],"author":"CL","twitter_card":"summary_large_image","twitter_creator":"@webdo_tn","twitter_site":"@webdo_tn","twitter_misc":{"\u00c9crit par":"CL","Dur\u00e9e de lecture estim\u00e9e":"1 minute"},"schema":{"@context":"https:\/\/schema.org","@graph":[{"@type":"NewsArticle","@id":"https:\/\/www.webdo.tn\/fr\/actualite\/international\/tonnerre-la-france-veut-aider-gaza-mais-renforce-aussi-sa-presence-militaire\/209644\/#article","isPartOf":{"@id":"https:\/\/www.webdo.tn\/fr\/actualite\/international\/tonnerre-la-france-veut-aider-gaza-mais-renforce-aussi-sa-presence-militaire\/209644\/"},"author":{"name":"CL","@id":"https:\/\/www.webdo.tn\/fr\/#\/schema\/person\/f35b42a42c5e2511bbd282959d6385cc"},"headline":"Tonnerre : La France veut aider Gaza, mais renforce aussi sa pr\u00e9sence militaire !","datePublished":"2023-10-26T10:19:00+00:00","dateModified":"2025-05-20T22:39:59+00:00","mainEntityOfPage":{"@id":"https:\/\/www.webdo.tn\/fr\/actualite\/international\/tonnerre-la-france-veut-aider-gaza-mais-renforce-aussi-sa-presence-militaire\/209644\/"},"wordCount":213,"commentCount":0,"publisher":{"@id":"https:\/\/www.webdo.tn\/fr\/#organization"},"image":{"@id":"https:\/\/www.webdo.tn\/fr\/actualite\/international\/tonnerre-la-france-veut-aider-gaza-mais-renforce-aussi-sa-presence-militaire\/209644\/#primaryimage"},"thumbnailUrl":"https:\/\/www.webdo.tn\/fr\/wp-content\/uploads\/2023\/10\/6fdbdafb1178e0c5a9263b1b61b06aa5.jpg","keywords":["france","Gaza","Tonnerre"],"articleSection":["International"],"inLanguage":"fr-FR"},{"@type":"WebPage","@id":"https:\/\/www.webdo.tn\/fr\/actualite\/international\/tonnerre-la-france-veut-aider-gaza-mais-renforce-aussi-sa-presence-militaire\/209644\/","url":"https:\/\/www.webdo.tn\/fr\/actualite\/international\/tonnerre-la-france-veut-aider-gaza-mais-renforce-aussi-sa-presence-militaire\/209644\/","name":"Tonnerre : La France veut aider Gaza, mais renforce aussi sa pr\u00e9sence militaire !","isPartOf":{"@id":"https:\/\/www.webdo.tn\/fr\/#website"},"primaryImageOfPage":{"@id":"https:\/\/www.webdo.tn\/fr\/actualite\/international\/tonnerre-la-france-veut-aider-gaza-mais-renforce-aussi-sa-presence-militaire\/209644\/#primaryimage"},"image":{"@id":"https:\/\/www.webdo.tn\/fr\/actualite\/international\/tonnerre-la-france-veut-aider-gaza-mais-renforce-aussi-sa-presence-militaire\/209644\/#primaryimage"},"thumbnailUrl":"https:\/\/www.webdo.tn\/fr\/wp-content\/uploads\/2023\/10\/6fdbdafb1178e0c5a9263b1b61b06aa5.jpg","datePublished":"2023-10-26T10:19:00+00:00","dateModified":"2025-05-20T22:39:59+00:00","description":"Il s\u2019agit d\u2019un b\u00e2timent naval capable d\u2019embarquer plus d\u2019une quinzaine d\u2019h\u00e9licopt\u00e8res, destin\u00e9 \u00e0 porter secours en p\u00e9riode de guerre ou de catastrophe.\u00a0","breadcrumb":{"@id":"https:\/\/www.webdo.tn\/fr\/actualite\/international\/tonnerre-la-france-veut-aider-gaza-mais-renforce-aussi-sa-presence-militaire\/209644\/#breadcrumb"},"inLanguage":"fr-FR","potentialAction":[{"@type":"ReadAction","target":["https:\/\/www.webdo.tn\/fr\/actualite\/international\/tonnerre-la-france-veut-aider-gaza-mais-renforce-aussi-sa-presence-militaire\/209644\/"]}]},{"@type":"ImageObject","inLanguage":"fr-FR","@id":"https:\/\/www.webdo.tn\/fr\/actualite\/international\/tonnerre-la-france-veut-aider-gaza-mais-renforce-aussi-sa-presence-militaire\/209644\/#primaryimage","url":"https:\/\/www.webdo.tn\/fr\/wp-content\/uploads\/2023\/10\/6fdbdafb1178e0c5a9263b1b61b06aa5.jpg","contentUrl":"https:\/\/www.webdo.tn\/fr\/wp-content\/uploads\/2023\/10\/6fdbdafb1178e0c5a9263b1b61b06aa5.jpg","width":750,"height":400,"caption":"Tonnerre : La France veut aider Gaza, mais renforce aussi sa pr\u00e9sence militaire !"},{"@type":"BreadcrumbList","@id":"https:\/\/www.webdo.tn\/fr\/actualite\/international\/tonnerre-la-france-veut-aider-gaza-mais-renforce-aussi-sa-presence-militaire\/209644\/#breadcrumb","itemListElement":[{"@type":"ListItem","position":1,"name":"Accueil","item":"https:\/\/www.webdo.tn\/fr\/"},{"@type":"ListItem","position":2,"name":"Tonnerre : La France veut aider Gaza, mais renforce aussi sa pr\u00e9sence militaire !"}]},{"@type":"WebSite","@id":"https:\/\/www.webdo.tn\/fr\/#website","url":"https:\/\/www.webdo.tn\/fr\/","name":"webdo","description":"Tunisie - News en Tunisie et \u00e0 l&#039;international sur Webdo.tn","publisher":{"@id":"https:\/\/www.webdo.tn\/fr\/#organization"},"potentialAction":[{"@type":"SearchAction","target":{"@type":"EntryPoint","urlTemplate":"https:\/\/www.webdo.tn\/fr\/?s={search_term_string}"},"query-input":{"@type":"PropertyValueSpecification","valueRequired":true,"valueName":"search_term_string"}}],"inLanguage":"fr-FR"},{"@type":"Organization","@id":"https:\/\/www.webdo.tn\/fr\/#organization","name":"Webdo","alternateName":"Webdo.tn","url":"https:\/\/www.webdo.tn\/fr\/","logo":{"@type":"ImageObject","inLanguage":"fr-FR","@id":"https:\/\/www.webdo.tn\/fr\/#\/schema\/logo\/image\/","url":"https:\/\/www.webdo.tn\/fr\/wp-content\/uploads\/2025\/06\/Webdo-Tunisie_168377.jpg","contentUrl":"https:\/\/www.webdo.tn\/fr\/wp-content\/uploads\/2025\/06\/Webdo-Tunisie_168377.jpg","width":301,"height":301,"caption":"Webdo"},"image":{"@id":"https:\/\/www.webdo.tn\/fr\/#\/schema\/logo\/image\/"},"sameAs":["https:\/\/www.facebook.com\/webdotn","https:\/\/x.com\/webdo_tn"],"description":"Webdo est un m\u00e9dia num\u00e9rique tunisien fond\u00e9 en 2010, sp\u00e9cialis\u00e9 dans l\u2019actualit\u00e9 nationale et internationale, l\u2019\u00e9conomie, la soci\u00e9t\u00e9 et les analyses politiques. Le site s\u2019adresse \u00e0 un large public francophone et couvre l\u2019information tunisienne en temps r\u00e9el.","email":"redac@webdo.tn","legalName":"YNJ SARL","foundingDate":"2010-09-06","numberOfEmployees":{"@type":"QuantitativeValue","minValue":"11","maxValue":"50"}},{"@type":"Person","@id":"https:\/\/www.webdo.tn\/fr\/#\/schema\/person\/f35b42a42c5e2511bbd282959d6385cc","name":"CL","image":{"@type":"ImageObject","inLanguage":"fr-FR","@id":"https:\/\/secure.gravatar.com\/avatar\/1447a49909b67aa657c488aec6512e1dd6143a480c1ecfee9b5b5cd74eb3b59e?s=96&d=mm&r=g","url":"https:\/\/secure.gravatar.com\/avatar\/1447a49909b67aa657c488aec6512e1dd6143a480c1ecfee9b5b5cd74eb3b59e?s=96&d=mm&r=g","contentUrl":"https:\/\/secure.gravatar.com\/avatar\/1447a49909b67aa657c488aec6512e1dd6143a480c1ecfee9b5b5cd74eb3b59e?s=96&d=mm&r=g","caption":"CL"},"url":"https:\/\/www.webdo.tn\/fr\/actualite\/author\/cl\/"}]}},"_links":{"self":[{"href":"https:\/\/www.webdo.tn\/fr\/wp-json\/wp\/v2\/posts\/209644","targetHints":{"allow":["GET"]}}],"collection":[{"href":"https:\/\/www.webdo.tn\/fr\/wp-json\/wp\/v2\/posts"}],"about":[{"href":"https:\/\/www.webdo.tn\/fr\/wp-json\/wp\/v2\/types\/post"}],"author":[{"embeddable":true,"href":"https:\/\/www.webdo.tn\/fr\/wp-json\/wp\/v2\/users\/3175"}],"replies":[{"embeddable":true,"href":"https:\/\/www.webdo.tn\/fr\/wp-json\/wp\/v2\/comments?post=209644"}],"version-history":[{"count":0,"href":"https:\/\/www.webdo.tn\/fr\/wp-json\/wp\/v2\/posts\/209644\/revisions"}],"wp:featuredmedia":[{"embeddable":true,"href":"https:\/\/www.webdo.tn\/fr\/wp-json\/wp\/v2\/media\/248976"}],"wp:attachment":[{"href":"https:\/\/www.webdo.tn\/fr\/wp-json\/wp\/v2\/media?parent=209644"}],"wp:term":[{"taxonomy":"category","embeddable":true,"href":"https:\/\/www.webdo.tn\/fr\/wp-json\/wp\/v2\/categories?post=209644"},{"taxonomy":"post_tag","embeddable":true,"href":"https:\/\/www.webdo.tn\/fr\/wp-json\/wp\/v2\/tags?post=209644"}],"curies":[{"name":"wp","href":"https:\/\/api.w.org\/{rel}","templated":true}]}}