{"id":209635,"date":"2023-10-26T08:05:00","date_gmt":"2023-10-26T08:05:00","guid":{"rendered":"https:\/\/www.webdo.tn\/fr\/blog\/gaza-israel-a-mene-une-offensive-avec-des-tanks\/209635\/"},"modified":"2025-05-20T22:39:58","modified_gmt":"2025-05-20T22:39:58","slug":"gaza-israel-a-mene-une-offensive-avec-des-tanks","status":"publish","type":"post","link":"https:\/\/www.webdo.tn\/fr\/actualite\/international\/gaza-israel-a-mene-une-offensive-avec-des-tanks\/209635\/","title":{"rendered":"Gaza : Isra\u00ebl a men\u00e9 une offensive avec des tanks"},"content":{"rendered":"<p>Isra\u00ebl a men\u00e9 des \u00ab op\u00e9rations cibl\u00e9es \u00bb avec des tanks dans le nord de la bande de Gaza, dans la nuit de mercredi \u00e0 jeudi, \u00ab dans le cadre de ses pr\u00e9paratifs pour les prochaines \u00e9tapes du combat \u00bb a indiqu\u00e9 l&rsquo;arm\u00e9e isra\u00e9lienne.<\/p>\n<p>Mais selon les fractions de r\u00e9sistance palestiniennes cette offensive terrestre a eu lieu dans une zone ouverte \u00e0 quelques m\u00e8tres du mur isolant Gaza.\u00a0<\/p>\n<p>Le Premier ministre isra\u00e9lien Benyamin Netanyahou a confirm\u00e9 la pr\u00e9paration d&rsquo;une offensive terrestre contre le Hamas dans la bande de Gaza. \u00ab Quand, comment, combien, et les consid\u00e9rations que nous prenons en compte, je ne peux pas rentrer dans le d\u00e9tail \u00bb, a-t-il ajout\u00e9<\/p>\n<p>Une op\u00e9ration terrestre \u00ab massive \u00bb d&rsquo;Isra\u00ebl \u00e0 Gaza serait \u00ab une erreur \u00bb, a indiqu\u00e9 Emmanuel Macron ce mercredi soir. \u00ab Si c&rsquo;est une intervention massive qui met en danger la vie des populations civiles, alors je pense que c&rsquo;est une erreur \u00bb, a affirm\u00e9 le pr\u00e9sident fran\u00e7ais avant de d\u00e9coller du Caire, o\u00f9 il a rencontr\u00e9 son homologue \u00e9gyptien, Abdel Fattah al-Sissi<\/p>\n","protected":false},"excerpt":{"rendered":"<p>Isra\u00ebl a men\u00e9 des \u00ab op\u00e9rations cibl\u00e9es \u00bb avec des tanks dans le nord de la bande de Gaza, dans la nuit de mercredi \u00e0 jeudi, \u00ab dans le cadre de ses pr\u00e9paratifs p&#8230;<\/p>\n","protected":false},"author":3175,"featured_media":248970,"comment_status":"open","ping_status":"closed","sticky":false,"template":"","format":"standard","meta":{"footnotes":""},"categories":[2598],"tags":[2689,2636,7679],"class_list":["post-209635","post","type-post","status-publish","format-standard","has-post-thumbnail","hentry","category-international","tag-gaza","tag-israel","tag-operation-terrestre"],"yoast_head":"<!-- This site is optimized with the Yoast SEO Premium plugin v27.5 (Yoast SEO v27.5) - https:\/\/yoast.com\/product\/yoast-seo-premium-wordpress\/ -->\n<title>Gaza : Isra\u00ebl a men\u00e9 une offensive avec des tanks<\/title>\n<meta name=\"description\" content=\"Isra\u00ebl a men\u00e9 des \u00ab op\u00e9rations cibl\u00e9es \u00bb avec des tanks dans le nord de la bande de Gaza, dans la nuit de mercredi \u00e0 jeudi, \u00ab dans le cadre de ses pr\u00e9paratifs p...\" \/>\n<link rel=\"canonical\" href=\"https:\/\/www.webdo.tn\/fr\/actualite\/international\/gaza-israel-a-mene-une-offensive-avec-des-tanks\/209635\/\" \/>\n<meta property=\"og:locale\" content=\"fr_FR\" \/>\n<meta property=\"og:type\" content=\"article\" \/>\n<meta property=\"og:title\" content=\"Gaza : Isra\u00ebl a men\u00e9 une offensive avec des tanks\" \/>\n<meta property=\"og:description\" content=\"Isra\u00ebl a men\u00e9 des \u00ab op\u00e9rations cibl\u00e9es \u00bb avec des tanks dans le nord de la bande de Gaza, dans la nuit de mercredi \u00e0 jeudi, \u00ab dans le cadre de ses pr\u00e9paratifs p...\" \/>\n<meta property=\"og:url\" content=\"https:\/\/www.webdo.tn\/fr\/actualite\/international\/gaza-israel-a-mene-une-offensive-avec-des-tanks\/209635\/\" \/>\n<meta property=\"og:site_name\" content=\"webdo\" \/>\n<meta property=\"article:publisher\" content=\"https:\/\/www.facebook.com\/webdotn\" \/>\n<meta property=\"article:published_time\" content=\"2023-10-26T08:05:00+00:00\" \/>\n<meta property=\"article:modified_time\" content=\"2025-05-20T22:39:58+00:00\" \/>\n<meta property=\"og:image\" content=\"https:\/\/www.webdo.tn\/fr\/wp-content\/uploads\/2023\/10\/e583aa0dfd3efaf08b86cebf2b51d676.jpg\" \/>\n\t<meta property=\"og:image:width\" content=\"750\" \/>\n\t<meta property=\"og:image:height\" content=\"400\" \/>\n\t<meta property=\"og:image:type\" content=\"image\/jpeg\" \/>\n<meta name=\"author\" content=\"CL\" \/>\n<meta name=\"twitter:card\" content=\"summary_large_image\" \/>\n<meta name=\"twitter:creator\" content=\"@webdo_tn\" \/>\n<meta name=\"twitter:site\" content=\"@webdo_tn\" \/>\n<meta name=\"twitter:label1\" content=\"\u00c9crit par\" \/>\n\t<meta name=\"twitter:data1\" content=\"CL\" \/>\n\t<meta name=\"twitter:label2\" content=\"Dur\u00e9e de lecture estim\u00e9e\" \/>\n\t<meta name=\"twitter:data2\" content=\"1 minute\" \/>\n<script type=\"application\/ld+json\" class=\"yoast-schema-graph\">{\"@context\":\"https:\\\/\\\/schema.org\",\"@graph\":[{\"@type\":\"NewsArticle\",\"@id\":\"https:\\\/\\\/www.webdo.tn\\\/fr\\\/actualite\\\/international\\\/gaza-israel-a-mene-une-offensive-avec-des-tanks\\\/209635\\\/#article\",\"isPartOf\":{\"@id\":\"https:\\\/\\\/www.webdo.tn\\\/fr\\\/actualite\\\/international\\\/gaza-israel-a-mene-une-offensive-avec-des-tanks\\\/209635\\\/\"},\"author\":{\"name\":\"CL\",\"@id\":\"https:\\\/\\\/www.webdo.tn\\\/fr\\\/#\\\/schema\\\/person\\\/f35b42a42c5e2511bbd282959d6385cc\"},\"headline\":\"Gaza : Isra\u00ebl a men\u00e9 une offensive avec des tanks\",\"datePublished\":\"2023-10-26T08:05:00+00:00\",\"dateModified\":\"2025-05-20T22:39:58+00:00\",\"mainEntityOfPage\":{\"@id\":\"https:\\\/\\\/www.webdo.tn\\\/fr\\\/actualite\\\/international\\\/gaza-israel-a-mene-une-offensive-avec-des-tanks\\\/209635\\\/\"},\"wordCount\":193,\"commentCount\":0,\"publisher\":{\"@id\":\"https:\\\/\\\/www.webdo.tn\\\/fr\\\/#organization\"},\"image\":{\"@id\":\"https:\\\/\\\/www.webdo.tn\\\/fr\\\/actualite\\\/international\\\/gaza-israel-a-mene-une-offensive-avec-des-tanks\\\/209635\\\/#primaryimage\"},\"thumbnailUrl\":\"https:\\\/\\\/www.webdo.tn\\\/fr\\\/wp-content\\\/uploads\\\/2023\\\/10\\\/e583aa0dfd3efaf08b86cebf2b51d676.jpg\",\"keywords\":[\"Gaza\",\"isra\u00ebl\",\"Op\u00e9ration terrestre\"],\"articleSection\":[\"International\"],\"inLanguage\":\"fr-FR\"},{\"@type\":\"WebPage\",\"@id\":\"https:\\\/\\\/www.webdo.tn\\\/fr\\\/actualite\\\/international\\\/gaza-israel-a-mene-une-offensive-avec-des-tanks\\\/209635\\\/\",\"url\":\"https:\\\/\\\/www.webdo.tn\\\/fr\\\/actualite\\\/international\\\/gaza-israel-a-mene-une-offensive-avec-des-tanks\\\/209635\\\/\",\"name\":\"Gaza : Isra\u00ebl a men\u00e9 une offensive avec des tanks\",\"isPartOf\":{\"@id\":\"https:\\\/\\\/www.webdo.tn\\\/fr\\\/#website\"},\"primaryImageOfPage\":{\"@id\":\"https:\\\/\\\/www.webdo.tn\\\/fr\\\/actualite\\\/international\\\/gaza-israel-a-mene-une-offensive-avec-des-tanks\\\/209635\\\/#primaryimage\"},\"image\":{\"@id\":\"https:\\\/\\\/www.webdo.tn\\\/fr\\\/actualite\\\/international\\\/gaza-israel-a-mene-une-offensive-avec-des-tanks\\\/209635\\\/#primaryimage\"},\"thumbnailUrl\":\"https:\\\/\\\/www.webdo.tn\\\/fr\\\/wp-content\\\/uploads\\\/2023\\\/10\\\/e583aa0dfd3efaf08b86cebf2b51d676.jpg\",\"datePublished\":\"2023-10-26T08:05:00+00:00\",\"dateModified\":\"2025-05-20T22:39:58+00:00\",\"description\":\"Isra\u00ebl a men\u00e9 des \u00ab op\u00e9rations cibl\u00e9es \u00bb avec des tanks dans le nord de la bande de Gaza, dans la nuit de mercredi \u00e0 jeudi, \u00ab dans le cadre de ses pr\u00e9paratifs p...\",\"breadcrumb\":{\"@id\":\"https:\\\/\\\/www.webdo.tn\\\/fr\\\/actualite\\\/international\\\/gaza-israel-a-mene-une-offensive-avec-des-tanks\\\/209635\\\/#breadcrumb\"},\"inLanguage\":\"fr-FR\",\"potentialAction\":[{\"@type\":\"ReadAction\",\"target\":[\"https:\\\/\\\/www.webdo.tn\\\/fr\\\/actualite\\\/international\\\/gaza-israel-a-mene-une-offensive-avec-des-tanks\\\/209635\\\/\"]}]},{\"@type\":\"ImageObject\",\"inLanguage\":\"fr-FR\",\"@id\":\"https:\\\/\\\/www.webdo.tn\\\/fr\\\/actualite\\\/international\\\/gaza-israel-a-mene-une-offensive-avec-des-tanks\\\/209635\\\/#primaryimage\",\"url\":\"https:\\\/\\\/www.webdo.tn\\\/fr\\\/wp-content\\\/uploads\\\/2023\\\/10\\\/e583aa0dfd3efaf08b86cebf2b51d676.jpg\",\"contentUrl\":\"https:\\\/\\\/www.webdo.tn\\\/fr\\\/wp-content\\\/uploads\\\/2023\\\/10\\\/e583aa0dfd3efaf08b86cebf2b51d676.jpg\",\"width\":750,\"height\":400,\"caption\":\"Gaza : Isra\u00ebl a men\u00e9 une offensive avec des tanks\"},{\"@type\":\"BreadcrumbList\",\"@id\":\"https:\\\/\\\/www.webdo.tn\\\/fr\\\/actualite\\\/international\\\/gaza-israel-a-mene-une-offensive-avec-des-tanks\\\/209635\\\/#breadcrumb\",\"itemListElement\":[{\"@type\":\"ListItem\",\"position\":1,\"name\":\"Accueil\",\"item\":\"https:\\\/\\\/www.webdo.tn\\\/fr\\\/\"},{\"@type\":\"ListItem\",\"position\":2,\"name\":\"Gaza : Isra\u00ebl a men\u00e9 une offensive avec des tanks\"}]},{\"@type\":\"WebSite\",\"@id\":\"https:\\\/\\\/www.webdo.tn\\\/fr\\\/#website\",\"url\":\"https:\\\/\\\/www.webdo.tn\\\/fr\\\/\",\"name\":\"webdo\",\"description\":\"Tunisie - News en Tunisie et \u00e0 l&#039;international sur Webdo.tn\",\"publisher\":{\"@id\":\"https:\\\/\\\/www.webdo.tn\\\/fr\\\/#organization\"},\"potentialAction\":[{\"@type\":\"SearchAction\",\"target\":{\"@type\":\"EntryPoint\",\"urlTemplate\":\"https:\\\/\\\/www.webdo.tn\\\/fr\\\/?s={search_term_string}\"},\"query-input\":{\"@type\":\"PropertyValueSpecification\",\"valueRequired\":true,\"valueName\":\"search_term_string\"}}],\"inLanguage\":\"fr-FR\"},{\"@type\":\"Organization\",\"@id\":\"https:\\\/\\\/www.webdo.tn\\\/fr\\\/#organization\",\"name\":\"Webdo\",\"alternateName\":\"Webdo.tn\",\"url\":\"https:\\\/\\\/www.webdo.tn\\\/fr\\\/\",\"logo\":{\"@type\":\"ImageObject\",\"inLanguage\":\"fr-FR\",\"@id\":\"https:\\\/\\\/www.webdo.tn\\\/fr\\\/#\\\/schema\\\/logo\\\/image\\\/\",\"url\":\"https:\\\/\\\/www.webdo.tn\\\/fr\\\/wp-content\\\/uploads\\\/2025\\\/06\\\/Webdo-Tunisie_168377.jpg\",\"contentUrl\":\"https:\\\/\\\/www.webdo.tn\\\/fr\\\/wp-content\\\/uploads\\\/2025\\\/06\\\/Webdo-Tunisie_168377.jpg\",\"width\":301,\"height\":301,\"caption\":\"Webdo\"},\"image\":{\"@id\":\"https:\\\/\\\/www.webdo.tn\\\/fr\\\/#\\\/schema\\\/logo\\\/image\\\/\"},\"sameAs\":[\"https:\\\/\\\/www.facebook.com\\\/webdotn\",\"https:\\\/\\\/x.com\\\/webdo_tn\"],\"description\":\"Webdo est un m\u00e9dia num\u00e9rique tunisien fond\u00e9 en 2010, sp\u00e9cialis\u00e9 dans l\u2019actualit\u00e9 nationale et internationale, l\u2019\u00e9conomie, la soci\u00e9t\u00e9 et les analyses politiques. Le site s\u2019adresse \u00e0 un large public francophone et couvre l\u2019information tunisienne en temps r\u00e9el.\",\"email\":\"redac@webdo.tn\",\"legalName\":\"YNJ SARL\",\"foundingDate\":\"2010-09-06\",\"numberOfEmployees\":{\"@type\":\"QuantitativeValue\",\"minValue\":\"11\",\"maxValue\":\"50\"}},{\"@type\":\"Person\",\"@id\":\"https:\\\/\\\/www.webdo.tn\\\/fr\\\/#\\\/schema\\\/person\\\/f35b42a42c5e2511bbd282959d6385cc\",\"name\":\"CL\",\"image\":{\"@type\":\"ImageObject\",\"inLanguage\":\"fr-FR\",\"@id\":\"https:\\\/\\\/secure.gravatar.com\\\/avatar\\\/1447a49909b67aa657c488aec6512e1dd6143a480c1ecfee9b5b5cd74eb3b59e?s=96&d=mm&r=g\",\"url\":\"https:\\\/\\\/secure.gravatar.com\\\/avatar\\\/1447a49909b67aa657c488aec6512e1dd6143a480c1ecfee9b5b5cd74eb3b59e?s=96&d=mm&r=g\",\"contentUrl\":\"https:\\\/\\\/secure.gravatar.com\\\/avatar\\\/1447a49909b67aa657c488aec6512e1dd6143a480c1ecfee9b5b5cd74eb3b59e?s=96&d=mm&r=g\",\"caption\":\"CL\"},\"url\":\"https:\\\/\\\/www.webdo.tn\\\/fr\\\/actualite\\\/author\\\/cl\\\/\"}]}<\/script>\n<!-- \/ Yoast SEO Premium plugin. -->","yoast_head_json":{"title":"Gaza : Isra\u00ebl a men\u00e9 une offensive avec des tanks","description":"Isra\u00ebl a men\u00e9 des \u00ab op\u00e9rations cibl\u00e9es \u00bb avec des tanks dans le nord de la bande de Gaza, dans la nuit de mercredi \u00e0 jeudi, \u00ab dans le cadre de ses pr\u00e9paratifs p...","canonical":"https:\/\/www.webdo.tn\/fr\/actualite\/international\/gaza-israel-a-mene-une-offensive-avec-des-tanks\/209635\/","og_locale":"fr_FR","og_type":"article","og_title":"Gaza : Isra\u00ebl a men\u00e9 une offensive avec des tanks","og_description":"Isra\u00ebl a men\u00e9 des \u00ab op\u00e9rations cibl\u00e9es \u00bb avec des tanks dans le nord de la bande de Gaza, dans la nuit de mercredi \u00e0 jeudi, \u00ab dans le cadre de ses pr\u00e9paratifs p...","og_url":"https:\/\/www.webdo.tn\/fr\/actualite\/international\/gaza-israel-a-mene-une-offensive-avec-des-tanks\/209635\/","og_site_name":"webdo","article_publisher":"https:\/\/www.facebook.com\/webdotn","article_published_time":"2023-10-26T08:05:00+00:00","article_modified_time":"2025-05-20T22:39:58+00:00","og_image":[{"width":750,"height":400,"url":"https:\/\/www.webdo.tn\/fr\/wp-content\/uploads\/2023\/10\/e583aa0dfd3efaf08b86cebf2b51d676.jpg","type":"image\/jpeg"}],"author":"CL","twitter_card":"summary_large_image","twitter_creator":"@webdo_tn","twitter_site":"@webdo_tn","twitter_misc":{"\u00c9crit par":"CL","Dur\u00e9e de lecture estim\u00e9e":"1 minute"},"schema":{"@context":"https:\/\/schema.org","@graph":[{"@type":"NewsArticle","@id":"https:\/\/www.webdo.tn\/fr\/actualite\/international\/gaza-israel-a-mene-une-offensive-avec-des-tanks\/209635\/#article","isPartOf":{"@id":"https:\/\/www.webdo.tn\/fr\/actualite\/international\/gaza-israel-a-mene-une-offensive-avec-des-tanks\/209635\/"},"author":{"name":"CL","@id":"https:\/\/www.webdo.tn\/fr\/#\/schema\/person\/f35b42a42c5e2511bbd282959d6385cc"},"headline":"Gaza : Isra\u00ebl a men\u00e9 une offensive avec des tanks","datePublished":"2023-10-26T08:05:00+00:00","dateModified":"2025-05-20T22:39:58+00:00","mainEntityOfPage":{"@id":"https:\/\/www.webdo.tn\/fr\/actualite\/international\/gaza-israel-a-mene-une-offensive-avec-des-tanks\/209635\/"},"wordCount":193,"commentCount":0,"publisher":{"@id":"https:\/\/www.webdo.tn\/fr\/#organization"},"image":{"@id":"https:\/\/www.webdo.tn\/fr\/actualite\/international\/gaza-israel-a-mene-une-offensive-avec-des-tanks\/209635\/#primaryimage"},"thumbnailUrl":"https:\/\/www.webdo.tn\/fr\/wp-content\/uploads\/2023\/10\/e583aa0dfd3efaf08b86cebf2b51d676.jpg","keywords":["Gaza","isra\u00ebl","Op\u00e9ration terrestre"],"articleSection":["International"],"inLanguage":"fr-FR"},{"@type":"WebPage","@id":"https:\/\/www.webdo.tn\/fr\/actualite\/international\/gaza-israel-a-mene-une-offensive-avec-des-tanks\/209635\/","url":"https:\/\/www.webdo.tn\/fr\/actualite\/international\/gaza-israel-a-mene-une-offensive-avec-des-tanks\/209635\/","name":"Gaza : Isra\u00ebl a men\u00e9 une offensive avec des tanks","isPartOf":{"@id":"https:\/\/www.webdo.tn\/fr\/#website"},"primaryImageOfPage":{"@id":"https:\/\/www.webdo.tn\/fr\/actualite\/international\/gaza-israel-a-mene-une-offensive-avec-des-tanks\/209635\/#primaryimage"},"image":{"@id":"https:\/\/www.webdo.tn\/fr\/actualite\/international\/gaza-israel-a-mene-une-offensive-avec-des-tanks\/209635\/#primaryimage"},"thumbnailUrl":"https:\/\/www.webdo.tn\/fr\/wp-content\/uploads\/2023\/10\/e583aa0dfd3efaf08b86cebf2b51d676.jpg","datePublished":"2023-10-26T08:05:00+00:00","dateModified":"2025-05-20T22:39:58+00:00","description":"Isra\u00ebl a men\u00e9 des \u00ab op\u00e9rations cibl\u00e9es \u00bb avec des tanks dans le nord de la bande de Gaza, dans la nuit de mercredi \u00e0 jeudi, \u00ab dans le cadre de ses pr\u00e9paratifs p...","breadcrumb":{"@id":"https:\/\/www.webdo.tn\/fr\/actualite\/international\/gaza-israel-a-mene-une-offensive-avec-des-tanks\/209635\/#breadcrumb"},"inLanguage":"fr-FR","potentialAction":[{"@type":"ReadAction","target":["https:\/\/www.webdo.tn\/fr\/actualite\/international\/gaza-israel-a-mene-une-offensive-avec-des-tanks\/209635\/"]}]},{"@type":"ImageObject","inLanguage":"fr-FR","@id":"https:\/\/www.webdo.tn\/fr\/actualite\/international\/gaza-israel-a-mene-une-offensive-avec-des-tanks\/209635\/#primaryimage","url":"https:\/\/www.webdo.tn\/fr\/wp-content\/uploads\/2023\/10\/e583aa0dfd3efaf08b86cebf2b51d676.jpg","contentUrl":"https:\/\/www.webdo.tn\/fr\/wp-content\/uploads\/2023\/10\/e583aa0dfd3efaf08b86cebf2b51d676.jpg","width":750,"height":400,"caption":"Gaza : Isra\u00ebl a men\u00e9 une offensive avec des tanks"},{"@type":"BreadcrumbList","@id":"https:\/\/www.webdo.tn\/fr\/actualite\/international\/gaza-israel-a-mene-une-offensive-avec-des-tanks\/209635\/#breadcrumb","itemListElement":[{"@type":"ListItem","position":1,"name":"Accueil","item":"https:\/\/www.webdo.tn\/fr\/"},{"@type":"ListItem","position":2,"name":"Gaza : Isra\u00ebl a men\u00e9 une offensive avec des tanks"}]},{"@type":"WebSite","@id":"https:\/\/www.webdo.tn\/fr\/#website","url":"https:\/\/www.webdo.tn\/fr\/","name":"webdo","description":"Tunisie - News en Tunisie et \u00e0 l&#039;international sur Webdo.tn","publisher":{"@id":"https:\/\/www.webdo.tn\/fr\/#organization"},"potentialAction":[{"@type":"SearchAction","target":{"@type":"EntryPoint","urlTemplate":"https:\/\/www.webdo.tn\/fr\/?s={search_term_string}"},"query-input":{"@type":"PropertyValueSpecification","valueRequired":true,"valueName":"search_term_string"}}],"inLanguage":"fr-FR"},{"@type":"Organization","@id":"https:\/\/www.webdo.tn\/fr\/#organization","name":"Webdo","alternateName":"Webdo.tn","url":"https:\/\/www.webdo.tn\/fr\/","logo":{"@type":"ImageObject","inLanguage":"fr-FR","@id":"https:\/\/www.webdo.tn\/fr\/#\/schema\/logo\/image\/","url":"https:\/\/www.webdo.tn\/fr\/wp-content\/uploads\/2025\/06\/Webdo-Tunisie_168377.jpg","contentUrl":"https:\/\/www.webdo.tn\/fr\/wp-content\/uploads\/2025\/06\/Webdo-Tunisie_168377.jpg","width":301,"height":301,"caption":"Webdo"},"image":{"@id":"https:\/\/www.webdo.tn\/fr\/#\/schema\/logo\/image\/"},"sameAs":["https:\/\/www.facebook.com\/webdotn","https:\/\/x.com\/webdo_tn"],"description":"Webdo est un m\u00e9dia num\u00e9rique tunisien fond\u00e9 en 2010, sp\u00e9cialis\u00e9 dans l\u2019actualit\u00e9 nationale et internationale, l\u2019\u00e9conomie, la soci\u00e9t\u00e9 et les analyses politiques. Le site s\u2019adresse \u00e0 un large public francophone et couvre l\u2019information tunisienne en temps r\u00e9el.","email":"redac@webdo.tn","legalName":"YNJ SARL","foundingDate":"2010-09-06","numberOfEmployees":{"@type":"QuantitativeValue","minValue":"11","maxValue":"50"}},{"@type":"Person","@id":"https:\/\/www.webdo.tn\/fr\/#\/schema\/person\/f35b42a42c5e2511bbd282959d6385cc","name":"CL","image":{"@type":"ImageObject","inLanguage":"fr-FR","@id":"https:\/\/secure.gravatar.com\/avatar\/1447a49909b67aa657c488aec6512e1dd6143a480c1ecfee9b5b5cd74eb3b59e?s=96&d=mm&r=g","url":"https:\/\/secure.gravatar.com\/avatar\/1447a49909b67aa657c488aec6512e1dd6143a480c1ecfee9b5b5cd74eb3b59e?s=96&d=mm&r=g","contentUrl":"https:\/\/secure.gravatar.com\/avatar\/1447a49909b67aa657c488aec6512e1dd6143a480c1ecfee9b5b5cd74eb3b59e?s=96&d=mm&r=g","caption":"CL"},"url":"https:\/\/www.webdo.tn\/fr\/actualite\/author\/cl\/"}]}},"_links":{"self":[{"href":"https:\/\/www.webdo.tn\/fr\/wp-json\/wp\/v2\/posts\/209635","targetHints":{"allow":["GET"]}}],"collection":[{"href":"https:\/\/www.webdo.tn\/fr\/wp-json\/wp\/v2\/posts"}],"about":[{"href":"https:\/\/www.webdo.tn\/fr\/wp-json\/wp\/v2\/types\/post"}],"author":[{"embeddable":true,"href":"https:\/\/www.webdo.tn\/fr\/wp-json\/wp\/v2\/users\/3175"}],"replies":[{"embeddable":true,"href":"https:\/\/www.webdo.tn\/fr\/wp-json\/wp\/v2\/comments?post=209635"}],"version-history":[{"count":0,"href":"https:\/\/www.webdo.tn\/fr\/wp-json\/wp\/v2\/posts\/209635\/revisions"}],"wp:featuredmedia":[{"embeddable":true,"href":"https:\/\/www.webdo.tn\/fr\/wp-json\/wp\/v2\/media\/248970"}],"wp:attachment":[{"href":"https:\/\/www.webdo.tn\/fr\/wp-json\/wp\/v2\/media?parent=209635"}],"wp:term":[{"taxonomy":"category","embeddable":true,"href":"https:\/\/www.webdo.tn\/fr\/wp-json\/wp\/v2\/categories?post=209635"},{"taxonomy":"post_tag","embeddable":true,"href":"https:\/\/www.webdo.tn\/fr\/wp-json\/wp\/v2\/tags?post=209635"}],"curies":[{"name":"wp","href":"https:\/\/api.w.org\/{rel}","templated":true}]}}