{"id":209618,"date":"2023-10-25T13:47:00","date_gmt":"2023-10-25T13:47:00","guid":{"rendered":"https:\/\/www.webdo.tn\/fr\/blog\/erdogan-annule-tout-projet-de-deplacement-en-israel\/209618\/"},"modified":"2025-05-20T22:52:13","modified_gmt":"2025-05-20T22:52:13","slug":"erdogan-annule-tout-projet-de-deplacement-en-israel","status":"publish","type":"post","link":"https:\/\/www.webdo.tn\/fr\/actualite\/international\/erdogan-annule-tout-projet-de-deplacement-en-israel\/209618\/","title":{"rendered":"Erdogan annule tout \u00ab projet de d\u00e9placement en Isra\u00ebl \u00bb"},"content":{"rendered":"<p>Le pr\u00e9sident turc Recep Tayyip Erdogan a annonc\u00e9 ce mercredi renoncer \u00e0 tous ses projets de d\u00e9placement en Isra\u00ebl dans une diatribe visant aussi les Occidentaux, jug\u00e9s \u00ab\u00a0hypocrites\u00a0\u00bb.<\/p>\n<p>\u00ab\u00a0Nous avions le projet de nous rendre en Isra\u00ebl mais c&rsquo;est annul\u00e9. Nous n&rsquo;irons pas\u00a0\u00bb, a d\u00e9clar\u00e9 devant le Parlement le pr\u00e9sident turc.\u00a0<\/p>\n<p>\u00ab J&rsquo;ai serr\u00e9 la main de cet homme, nous avions de bonnes intentions mais il nous a abus\u00e9s\u00a0\u00bb, a-t-il poursuivi dans un discours virulent, devant des d\u00e9put\u00e9s enflamm\u00e9s, qui scandaient \u00ab\u00a0\u00c0 bas Isra\u00ebl\u00a0\u00bb et \u00ab\u00a0Allahou akbar! \u00bb, rapporte BFMTV.\u00a0<\/p>\n<p>\u00ab\u00a0Lorsque les puissances sur lesquelles il s&rsquo;appuie aujourd&rsquo;hui auront disparu demain, la T\u00fcrkiye sera le premier endroit o\u00f9 le peuple d&rsquo;Isra\u00ebl cherchera la confiance et la compassion, comme ce fut le cas il y a 500 ans\u00a0\u00bb, a-t-il encore dit.<\/p>\n","protected":false},"excerpt":{"rendered":"<p>Le pr\u00e9sident turc Recep Tayyip Erdogan a annonc\u00e9 ce mercredi renoncer \u00e0 tous ses projets de d\u00e9placement en Isra\u00ebl dans une diatribe visant aussi les Occidentaux&#8230;<\/p>\n","protected":false},"author":3175,"featured_media":278896,"comment_status":"open","ping_status":"closed","sticky":false,"template":"","format":"standard","meta":{"footnotes":""},"categories":[2598],"tags":[8361,2636,3550],"class_list":["post-209618","post","type-post","status-publish","format-standard","has-post-thumbnail","hentry","category-international","tag-erdogan","tag-israel","tag-turquie"],"yoast_head":"<!-- This site is optimized with the Yoast SEO Premium plugin v27.4 (Yoast SEO v27.5) - https:\/\/yoast.com\/product\/yoast-seo-premium-wordpress\/ -->\n<title>Erdogan annule tout \u00ab projet de d\u00e9placement en Isra\u00ebl \u00bb<\/title>\n<meta name=\"description\" content=\"Le pr\u00e9sident turc Recep Tayyip Erdogan a annonc\u00e9 ce mercredi renoncer \u00e0 tous ses projets de d\u00e9placement en Isra\u00ebl dans une diatribe visant aussi les Occidentaux...\" \/>\n<link rel=\"canonical\" href=\"https:\/\/www.webdo.tn\/fr\/actualite\/international\/erdogan-annule-tout-projet-de-deplacement-en-israel\/209618\/\" \/>\n<meta property=\"og:locale\" content=\"fr_FR\" \/>\n<meta property=\"og:type\" content=\"article\" \/>\n<meta property=\"og:title\" content=\"Erdogan annule tout \u00ab projet de d\u00e9placement en Isra\u00ebl \u00bb\" \/>\n<meta property=\"og:description\" content=\"Le pr\u00e9sident turc Recep Tayyip Erdogan a annonc\u00e9 ce mercredi renoncer \u00e0 tous ses projets de d\u00e9placement en Isra\u00ebl dans une diatribe visant aussi les Occidentaux...\" \/>\n<meta property=\"og:url\" content=\"https:\/\/www.webdo.tn\/fr\/actualite\/international\/erdogan-annule-tout-projet-de-deplacement-en-israel\/209618\/\" \/>\n<meta property=\"og:site_name\" content=\"webdo\" \/>\n<meta property=\"article:publisher\" content=\"https:\/\/www.facebook.com\/webdotn\" \/>\n<meta property=\"article:published_time\" content=\"2023-10-25T13:47:00+00:00\" \/>\n<meta property=\"article:modified_time\" content=\"2025-05-20T22:52:13+00:00\" \/>\n<meta property=\"og:image\" content=\"https:\/\/www.webdo.tn\/fr\/wp-content\/uploads\/2023\/10\/49e03c31b69814b2ffcdb88512828228.jpg\" \/>\n\t<meta property=\"og:image:width\" content=\"750\" \/>\n\t<meta property=\"og:image:height\" content=\"400\" \/>\n\t<meta property=\"og:image:type\" content=\"image\/jpeg\" \/>\n<meta name=\"author\" content=\"CL\" \/>\n<meta name=\"twitter:card\" content=\"summary_large_image\" \/>\n<meta name=\"twitter:creator\" content=\"@webdo_tn\" \/>\n<meta name=\"twitter:site\" content=\"@webdo_tn\" \/>\n<meta name=\"twitter:label1\" content=\"\u00c9crit par\" \/>\n\t<meta name=\"twitter:data1\" content=\"CL\" \/>\n\t<meta name=\"twitter:label2\" content=\"Dur\u00e9e de lecture estim\u00e9e\" \/>\n\t<meta name=\"twitter:data2\" content=\"1 minute\" \/>\n<script type=\"application\/ld+json\" class=\"yoast-schema-graph\">{\"@context\":\"https:\\\/\\\/schema.org\",\"@graph\":[{\"@type\":\"NewsArticle\",\"@id\":\"https:\\\/\\\/www.webdo.tn\\\/fr\\\/actualite\\\/international\\\/erdogan-annule-tout-projet-de-deplacement-en-israel\\\/209618\\\/#article\",\"isPartOf\":{\"@id\":\"https:\\\/\\\/www.webdo.tn\\\/fr\\\/actualite\\\/international\\\/erdogan-annule-tout-projet-de-deplacement-en-israel\\\/209618\\\/\"},\"author\":{\"name\":\"CL\",\"@id\":\"https:\\\/\\\/www.webdo.tn\\\/fr\\\/#\\\/schema\\\/person\\\/f35b42a42c5e2511bbd282959d6385cc\"},\"headline\":\"Erdogan annule tout \u00ab projet de d\u00e9placement en Isra\u00ebl \u00bb\",\"datePublished\":\"2023-10-25T13:47:00+00:00\",\"dateModified\":\"2025-05-20T22:52:13+00:00\",\"mainEntityOfPage\":{\"@id\":\"https:\\\/\\\/www.webdo.tn\\\/fr\\\/actualite\\\/international\\\/erdogan-annule-tout-projet-de-deplacement-en-israel\\\/209618\\\/\"},\"wordCount\":155,\"commentCount\":0,\"publisher\":{\"@id\":\"https:\\\/\\\/www.webdo.tn\\\/fr\\\/#organization\"},\"image\":{\"@id\":\"https:\\\/\\\/www.webdo.tn\\\/fr\\\/actualite\\\/international\\\/erdogan-annule-tout-projet-de-deplacement-en-israel\\\/209618\\\/#primaryimage\"},\"thumbnailUrl\":\"https:\\\/\\\/www.webdo.tn\\\/fr\\\/wp-content\\\/uploads\\\/2023\\\/10\\\/49e03c31b69814b2ffcdb88512828228.jpg\",\"keywords\":[\"erdogan\",\"isra\u00ebl\",\"Turquie\"],\"articleSection\":[\"International\"],\"inLanguage\":\"fr-FR\"},{\"@type\":\"WebPage\",\"@id\":\"https:\\\/\\\/www.webdo.tn\\\/fr\\\/actualite\\\/international\\\/erdogan-annule-tout-projet-de-deplacement-en-israel\\\/209618\\\/\",\"url\":\"https:\\\/\\\/www.webdo.tn\\\/fr\\\/actualite\\\/international\\\/erdogan-annule-tout-projet-de-deplacement-en-israel\\\/209618\\\/\",\"name\":\"Erdogan annule tout \u00ab projet de d\u00e9placement en Isra\u00ebl \u00bb\",\"isPartOf\":{\"@id\":\"https:\\\/\\\/www.webdo.tn\\\/fr\\\/#website\"},\"primaryImageOfPage\":{\"@id\":\"https:\\\/\\\/www.webdo.tn\\\/fr\\\/actualite\\\/international\\\/erdogan-annule-tout-projet-de-deplacement-en-israel\\\/209618\\\/#primaryimage\"},\"image\":{\"@id\":\"https:\\\/\\\/www.webdo.tn\\\/fr\\\/actualite\\\/international\\\/erdogan-annule-tout-projet-de-deplacement-en-israel\\\/209618\\\/#primaryimage\"},\"thumbnailUrl\":\"https:\\\/\\\/www.webdo.tn\\\/fr\\\/wp-content\\\/uploads\\\/2023\\\/10\\\/49e03c31b69814b2ffcdb88512828228.jpg\",\"datePublished\":\"2023-10-25T13:47:00+00:00\",\"dateModified\":\"2025-05-20T22:52:13+00:00\",\"description\":\"Le pr\u00e9sident turc Recep Tayyip Erdogan a annonc\u00e9 ce mercredi renoncer \u00e0 tous ses projets de d\u00e9placement en Isra\u00ebl dans une diatribe visant aussi les Occidentaux...\",\"breadcrumb\":{\"@id\":\"https:\\\/\\\/www.webdo.tn\\\/fr\\\/actualite\\\/international\\\/erdogan-annule-tout-projet-de-deplacement-en-israel\\\/209618\\\/#breadcrumb\"},\"inLanguage\":\"fr-FR\",\"potentialAction\":[{\"@type\":\"ReadAction\",\"target\":[\"https:\\\/\\\/www.webdo.tn\\\/fr\\\/actualite\\\/international\\\/erdogan-annule-tout-projet-de-deplacement-en-israel\\\/209618\\\/\"]}]},{\"@type\":\"ImageObject\",\"inLanguage\":\"fr-FR\",\"@id\":\"https:\\\/\\\/www.webdo.tn\\\/fr\\\/actualite\\\/international\\\/erdogan-annule-tout-projet-de-deplacement-en-israel\\\/209618\\\/#primaryimage\",\"url\":\"https:\\\/\\\/www.webdo.tn\\\/fr\\\/wp-content\\\/uploads\\\/2023\\\/10\\\/49e03c31b69814b2ffcdb88512828228.jpg\",\"contentUrl\":\"https:\\\/\\\/www.webdo.tn\\\/fr\\\/wp-content\\\/uploads\\\/2023\\\/10\\\/49e03c31b69814b2ffcdb88512828228.jpg\",\"width\":750,\"height\":400,\"caption\":\"Erdogan annule tout \u00ab projet de d\u00e9placement en Isra\u00ebl \u00bb\"},{\"@type\":\"BreadcrumbList\",\"@id\":\"https:\\\/\\\/www.webdo.tn\\\/fr\\\/actualite\\\/international\\\/erdogan-annule-tout-projet-de-deplacement-en-israel\\\/209618\\\/#breadcrumb\",\"itemListElement\":[{\"@type\":\"ListItem\",\"position\":1,\"name\":\"Accueil\",\"item\":\"https:\\\/\\\/www.webdo.tn\\\/fr\\\/\"},{\"@type\":\"ListItem\",\"position\":2,\"name\":\"Erdogan annule tout \u00ab projet de d\u00e9placement en Isra\u00ebl \u00bb\"}]},{\"@type\":\"WebSite\",\"@id\":\"https:\\\/\\\/www.webdo.tn\\\/fr\\\/#website\",\"url\":\"https:\\\/\\\/www.webdo.tn\\\/fr\\\/\",\"name\":\"webdo\",\"description\":\"Tunisie - News en Tunisie et \u00e0 l&#039;international sur Webdo.tn\",\"publisher\":{\"@id\":\"https:\\\/\\\/www.webdo.tn\\\/fr\\\/#organization\"},\"potentialAction\":[{\"@type\":\"SearchAction\",\"target\":{\"@type\":\"EntryPoint\",\"urlTemplate\":\"https:\\\/\\\/www.webdo.tn\\\/fr\\\/?s={search_term_string}\"},\"query-input\":{\"@type\":\"PropertyValueSpecification\",\"valueRequired\":true,\"valueName\":\"search_term_string\"}}],\"inLanguage\":\"fr-FR\"},{\"@type\":\"Organization\",\"@id\":\"https:\\\/\\\/www.webdo.tn\\\/fr\\\/#organization\",\"name\":\"Webdo\",\"alternateName\":\"Webdo.tn\",\"url\":\"https:\\\/\\\/www.webdo.tn\\\/fr\\\/\",\"logo\":{\"@type\":\"ImageObject\",\"inLanguage\":\"fr-FR\",\"@id\":\"https:\\\/\\\/www.webdo.tn\\\/fr\\\/#\\\/schema\\\/logo\\\/image\\\/\",\"url\":\"https:\\\/\\\/www.webdo.tn\\\/fr\\\/wp-content\\\/uploads\\\/2025\\\/06\\\/Webdo-Tunisie_168377.jpg\",\"contentUrl\":\"https:\\\/\\\/www.webdo.tn\\\/fr\\\/wp-content\\\/uploads\\\/2025\\\/06\\\/Webdo-Tunisie_168377.jpg\",\"width\":301,\"height\":301,\"caption\":\"Webdo\"},\"image\":{\"@id\":\"https:\\\/\\\/www.webdo.tn\\\/fr\\\/#\\\/schema\\\/logo\\\/image\\\/\"},\"sameAs\":[\"https:\\\/\\\/www.facebook.com\\\/webdotn\",\"https:\\\/\\\/x.com\\\/webdo_tn\"],\"description\":\"Webdo est un m\u00e9dia num\u00e9rique tunisien fond\u00e9 en 2010, sp\u00e9cialis\u00e9 dans l\u2019actualit\u00e9 nationale et internationale, l\u2019\u00e9conomie, la soci\u00e9t\u00e9 et les analyses politiques. Le site s\u2019adresse \u00e0 un large public francophone et couvre l\u2019information tunisienne en temps r\u00e9el.\",\"email\":\"redac@webdo.tn\",\"legalName\":\"YNJ SARL\",\"foundingDate\":\"2010-09-06\",\"numberOfEmployees\":{\"@type\":\"QuantitativeValue\",\"minValue\":\"11\",\"maxValue\":\"50\"}},{\"@type\":\"Person\",\"@id\":\"https:\\\/\\\/www.webdo.tn\\\/fr\\\/#\\\/schema\\\/person\\\/f35b42a42c5e2511bbd282959d6385cc\",\"name\":\"CL\",\"image\":{\"@type\":\"ImageObject\",\"inLanguage\":\"fr-FR\",\"@id\":\"https:\\\/\\\/secure.gravatar.com\\\/avatar\\\/1447a49909b67aa657c488aec6512e1dd6143a480c1ecfee9b5b5cd74eb3b59e?s=96&d=mm&r=g\",\"url\":\"https:\\\/\\\/secure.gravatar.com\\\/avatar\\\/1447a49909b67aa657c488aec6512e1dd6143a480c1ecfee9b5b5cd74eb3b59e?s=96&d=mm&r=g\",\"contentUrl\":\"https:\\\/\\\/secure.gravatar.com\\\/avatar\\\/1447a49909b67aa657c488aec6512e1dd6143a480c1ecfee9b5b5cd74eb3b59e?s=96&d=mm&r=g\",\"caption\":\"CL\"},\"url\":\"https:\\\/\\\/www.webdo.tn\\\/fr\\\/actualite\\\/author\\\/cl\\\/\"}]}<\/script>\n<!-- \/ Yoast SEO Premium plugin. -->","yoast_head_json":{"title":"Erdogan annule tout \u00ab projet de d\u00e9placement en Isra\u00ebl \u00bb","description":"Le pr\u00e9sident turc Recep Tayyip Erdogan a annonc\u00e9 ce mercredi renoncer \u00e0 tous ses projets de d\u00e9placement en Isra\u00ebl dans une diatribe visant aussi les Occidentaux...","canonical":"https:\/\/www.webdo.tn\/fr\/actualite\/international\/erdogan-annule-tout-projet-de-deplacement-en-israel\/209618\/","og_locale":"fr_FR","og_type":"article","og_title":"Erdogan annule tout \u00ab projet de d\u00e9placement en Isra\u00ebl \u00bb","og_description":"Le pr\u00e9sident turc Recep Tayyip Erdogan a annonc\u00e9 ce mercredi renoncer \u00e0 tous ses projets de d\u00e9placement en Isra\u00ebl dans une diatribe visant aussi les Occidentaux...","og_url":"https:\/\/www.webdo.tn\/fr\/actualite\/international\/erdogan-annule-tout-projet-de-deplacement-en-israel\/209618\/","og_site_name":"webdo","article_publisher":"https:\/\/www.facebook.com\/webdotn","article_published_time":"2023-10-25T13:47:00+00:00","article_modified_time":"2025-05-20T22:52:13+00:00","og_image":[{"width":750,"height":400,"url":"https:\/\/www.webdo.tn\/fr\/wp-content\/uploads\/2023\/10\/49e03c31b69814b2ffcdb88512828228.jpg","type":"image\/jpeg"}],"author":"CL","twitter_card":"summary_large_image","twitter_creator":"@webdo_tn","twitter_site":"@webdo_tn","twitter_misc":{"\u00c9crit par":"CL","Dur\u00e9e de lecture estim\u00e9e":"1 minute"},"schema":{"@context":"https:\/\/schema.org","@graph":[{"@type":"NewsArticle","@id":"https:\/\/www.webdo.tn\/fr\/actualite\/international\/erdogan-annule-tout-projet-de-deplacement-en-israel\/209618\/#article","isPartOf":{"@id":"https:\/\/www.webdo.tn\/fr\/actualite\/international\/erdogan-annule-tout-projet-de-deplacement-en-israel\/209618\/"},"author":{"name":"CL","@id":"https:\/\/www.webdo.tn\/fr\/#\/schema\/person\/f35b42a42c5e2511bbd282959d6385cc"},"headline":"Erdogan annule tout \u00ab projet de d\u00e9placement en Isra\u00ebl \u00bb","datePublished":"2023-10-25T13:47:00+00:00","dateModified":"2025-05-20T22:52:13+00:00","mainEntityOfPage":{"@id":"https:\/\/www.webdo.tn\/fr\/actualite\/international\/erdogan-annule-tout-projet-de-deplacement-en-israel\/209618\/"},"wordCount":155,"commentCount":0,"publisher":{"@id":"https:\/\/www.webdo.tn\/fr\/#organization"},"image":{"@id":"https:\/\/www.webdo.tn\/fr\/actualite\/international\/erdogan-annule-tout-projet-de-deplacement-en-israel\/209618\/#primaryimage"},"thumbnailUrl":"https:\/\/www.webdo.tn\/fr\/wp-content\/uploads\/2023\/10\/49e03c31b69814b2ffcdb88512828228.jpg","keywords":["erdogan","isra\u00ebl","Turquie"],"articleSection":["International"],"inLanguage":"fr-FR"},{"@type":"WebPage","@id":"https:\/\/www.webdo.tn\/fr\/actualite\/international\/erdogan-annule-tout-projet-de-deplacement-en-israel\/209618\/","url":"https:\/\/www.webdo.tn\/fr\/actualite\/international\/erdogan-annule-tout-projet-de-deplacement-en-israel\/209618\/","name":"Erdogan annule tout \u00ab projet de d\u00e9placement en Isra\u00ebl \u00bb","isPartOf":{"@id":"https:\/\/www.webdo.tn\/fr\/#website"},"primaryImageOfPage":{"@id":"https:\/\/www.webdo.tn\/fr\/actualite\/international\/erdogan-annule-tout-projet-de-deplacement-en-israel\/209618\/#primaryimage"},"image":{"@id":"https:\/\/www.webdo.tn\/fr\/actualite\/international\/erdogan-annule-tout-projet-de-deplacement-en-israel\/209618\/#primaryimage"},"thumbnailUrl":"https:\/\/www.webdo.tn\/fr\/wp-content\/uploads\/2023\/10\/49e03c31b69814b2ffcdb88512828228.jpg","datePublished":"2023-10-25T13:47:00+00:00","dateModified":"2025-05-20T22:52:13+00:00","description":"Le pr\u00e9sident turc Recep Tayyip Erdogan a annonc\u00e9 ce mercredi renoncer \u00e0 tous ses projets de d\u00e9placement en Isra\u00ebl dans une diatribe visant aussi les Occidentaux...","breadcrumb":{"@id":"https:\/\/www.webdo.tn\/fr\/actualite\/international\/erdogan-annule-tout-projet-de-deplacement-en-israel\/209618\/#breadcrumb"},"inLanguage":"fr-FR","potentialAction":[{"@type":"ReadAction","target":["https:\/\/www.webdo.tn\/fr\/actualite\/international\/erdogan-annule-tout-projet-de-deplacement-en-israel\/209618\/"]}]},{"@type":"ImageObject","inLanguage":"fr-FR","@id":"https:\/\/www.webdo.tn\/fr\/actualite\/international\/erdogan-annule-tout-projet-de-deplacement-en-israel\/209618\/#primaryimage","url":"https:\/\/www.webdo.tn\/fr\/wp-content\/uploads\/2023\/10\/49e03c31b69814b2ffcdb88512828228.jpg","contentUrl":"https:\/\/www.webdo.tn\/fr\/wp-content\/uploads\/2023\/10\/49e03c31b69814b2ffcdb88512828228.jpg","width":750,"height":400,"caption":"Erdogan annule tout \u00ab projet de d\u00e9placement en Isra\u00ebl \u00bb"},{"@type":"BreadcrumbList","@id":"https:\/\/www.webdo.tn\/fr\/actualite\/international\/erdogan-annule-tout-projet-de-deplacement-en-israel\/209618\/#breadcrumb","itemListElement":[{"@type":"ListItem","position":1,"name":"Accueil","item":"https:\/\/www.webdo.tn\/fr\/"},{"@type":"ListItem","position":2,"name":"Erdogan annule tout \u00ab projet de d\u00e9placement en Isra\u00ebl \u00bb"}]},{"@type":"WebSite","@id":"https:\/\/www.webdo.tn\/fr\/#website","url":"https:\/\/www.webdo.tn\/fr\/","name":"webdo","description":"Tunisie - News en Tunisie et \u00e0 l&#039;international sur Webdo.tn","publisher":{"@id":"https:\/\/www.webdo.tn\/fr\/#organization"},"potentialAction":[{"@type":"SearchAction","target":{"@type":"EntryPoint","urlTemplate":"https:\/\/www.webdo.tn\/fr\/?s={search_term_string}"},"query-input":{"@type":"PropertyValueSpecification","valueRequired":true,"valueName":"search_term_string"}}],"inLanguage":"fr-FR"},{"@type":"Organization","@id":"https:\/\/www.webdo.tn\/fr\/#organization","name":"Webdo","alternateName":"Webdo.tn","url":"https:\/\/www.webdo.tn\/fr\/","logo":{"@type":"ImageObject","inLanguage":"fr-FR","@id":"https:\/\/www.webdo.tn\/fr\/#\/schema\/logo\/image\/","url":"https:\/\/www.webdo.tn\/fr\/wp-content\/uploads\/2025\/06\/Webdo-Tunisie_168377.jpg","contentUrl":"https:\/\/www.webdo.tn\/fr\/wp-content\/uploads\/2025\/06\/Webdo-Tunisie_168377.jpg","width":301,"height":301,"caption":"Webdo"},"image":{"@id":"https:\/\/www.webdo.tn\/fr\/#\/schema\/logo\/image\/"},"sameAs":["https:\/\/www.facebook.com\/webdotn","https:\/\/x.com\/webdo_tn"],"description":"Webdo est un m\u00e9dia num\u00e9rique tunisien fond\u00e9 en 2010, sp\u00e9cialis\u00e9 dans l\u2019actualit\u00e9 nationale et internationale, l\u2019\u00e9conomie, la soci\u00e9t\u00e9 et les analyses politiques. Le site s\u2019adresse \u00e0 un large public francophone et couvre l\u2019information tunisienne en temps r\u00e9el.","email":"redac@webdo.tn","legalName":"YNJ SARL","foundingDate":"2010-09-06","numberOfEmployees":{"@type":"QuantitativeValue","minValue":"11","maxValue":"50"}},{"@type":"Person","@id":"https:\/\/www.webdo.tn\/fr\/#\/schema\/person\/f35b42a42c5e2511bbd282959d6385cc","name":"CL","image":{"@type":"ImageObject","inLanguage":"fr-FR","@id":"https:\/\/secure.gravatar.com\/avatar\/1447a49909b67aa657c488aec6512e1dd6143a480c1ecfee9b5b5cd74eb3b59e?s=96&d=mm&r=g","url":"https:\/\/secure.gravatar.com\/avatar\/1447a49909b67aa657c488aec6512e1dd6143a480c1ecfee9b5b5cd74eb3b59e?s=96&d=mm&r=g","contentUrl":"https:\/\/secure.gravatar.com\/avatar\/1447a49909b67aa657c488aec6512e1dd6143a480c1ecfee9b5b5cd74eb3b59e?s=96&d=mm&r=g","caption":"CL"},"url":"https:\/\/www.webdo.tn\/fr\/actualite\/author\/cl\/"}]}},"_links":{"self":[{"href":"https:\/\/www.webdo.tn\/fr\/wp-json\/wp\/v2\/posts\/209618","targetHints":{"allow":["GET"]}}],"collection":[{"href":"https:\/\/www.webdo.tn\/fr\/wp-json\/wp\/v2\/posts"}],"about":[{"href":"https:\/\/www.webdo.tn\/fr\/wp-json\/wp\/v2\/types\/post"}],"author":[{"embeddable":true,"href":"https:\/\/www.webdo.tn\/fr\/wp-json\/wp\/v2\/users\/3175"}],"replies":[{"embeddable":true,"href":"https:\/\/www.webdo.tn\/fr\/wp-json\/wp\/v2\/comments?post=209618"}],"version-history":[{"count":0,"href":"https:\/\/www.webdo.tn\/fr\/wp-json\/wp\/v2\/posts\/209618\/revisions"}],"wp:featuredmedia":[{"embeddable":true,"href":"https:\/\/www.webdo.tn\/fr\/wp-json\/wp\/v2\/media\/278896"}],"wp:attachment":[{"href":"https:\/\/www.webdo.tn\/fr\/wp-json\/wp\/v2\/media?parent=209618"}],"wp:term":[{"taxonomy":"category","embeddable":true,"href":"https:\/\/www.webdo.tn\/fr\/wp-json\/wp\/v2\/categories?post=209618"},{"taxonomy":"post_tag","embeddable":true,"href":"https:\/\/www.webdo.tn\/fr\/wp-json\/wp\/v2\/tags?post=209618"}],"curies":[{"name":"wp","href":"https:\/\/api.w.org\/{rel}","templated":true}]}}