{"id":209608,"date":"2023-10-25T10:44:00","date_gmt":"2023-10-25T10:44:00","guid":{"rendered":"https:\/\/www.webdo.tn\/fr\/blog\/ayoub-hafnaoui-est-il-dans-le-collimateur-de-la-federation-internationale-de-natation\/209608\/"},"modified":"2025-05-20T21:56:30","modified_gmt":"2025-05-20T21:56:30","slug":"ayoub-hafnaoui-est-il-dans-le-collimateur-de-la-federation-internationale-de-natation","status":"publish","type":"post","link":"https:\/\/www.webdo.tn\/fr\/actualite\/sport\/ayoub-hafnaoui-est-il-dans-le-collimateur-de-la-federation-internationale-de-natation\/209608\/","title":{"rendered":"Ayoub Hafnaoui est-il dans le collimateur de la F\u00e9d\u00e9ration internationale de natation ?"},"content":{"rendered":"<p>Pour avoir exprim\u00e9 son soutien au peuple palestinien,  le champion olympique et double champion du monde, est aujourd\u2019hui dans le collimateur de l\u2019association isra\u00e9lienne de natation qui a d\u00e9pos\u00e9 une plainte aupr\u00e8s de la F\u00e9d\u00e9ration internationale de natation.<\/p>\n<p>\t\t\t\t\t\t\t\t\tUn communiqu\u00e9 de l&rsquo;Esp\u00e9rance ST a \u00e9t\u00e9 publi\u00e9, mardi 24 octobre en soutien \u00e0 son nageur et selon lequel l\u2019association isra\u00e9lienne de natation a d\u00e9pos\u00e9 une plainte aupr\u00e8s de la F\u00e9d\u00e9ration internationale de la discipline contre le champion olympique.<\/p>\n<p>Ce communiqu\u00e9, publi\u00e9 en marge des r\u00e9sultats du concours de meilleur nageur pour l\u2019ann\u00e9e 2023 remport\u00e9 par le Chinois, Qin Haiyang, vient s\u2019aligner sur le communiqu\u00e9 du minist\u00e8re de la Jeunesse et des sports, qui avait d\u00e9nonc\u00e9 le fait de ne pas choisir le nageur tunisien et critiqu\u00e9 la d\u00e9cision de la F\u00e9d\u00e9ration internationale.<\/p>\n<p>Le minist\u00e8re a rappel\u00e9 que le champion Ayoub Hafnaoui \u00e9tait pourtant largement en t\u00eate des votes, selon le World Aquatics peu de temps avant l\u2019annonce officielle des grands gagnants de ce titre, mais la F\u00e9d\u00e9ration internationale avait un autre avis bien qu\u2019Ayoub Hafnaoui ait rafl\u00e9 la majorit\u00e9 des votes face au Chinois Qin Haiyang (champion du monde pour trois \u00e9preuves \u00e0 Fukuoka) et au Fran\u00e7ais L\u00e9on Marchand.<\/p>\n<p>Champion olympique du 400 m nage libre des JO de Tokyo en juillet 2021, Hafnaoui a d\u00e9croch\u00e9 trois m\u00e9dailles dont deux en or et deux titres de Champion du monde lors des Mondiaux de natation, qui se sont d\u00e9roul\u00e9s en juillet dernier \u00e0 Fukuoka au Japon. De quoi en faire le favori des prochains JO de Paris en 2024.<\/p>\n<p>Pour rappel, Ayoub Hafnaoui, a publi\u00e9, le 16 octobre dernier une vid\u00e9o sur les r\u00e9seaux sociaux, pour exprimer son soutien au peuple palestinien : \u00ab\u00a0J\u2019ai voulu dire : tenez bon Palestine, tenez bon ! Que Dieu soit avec vous\u2026 Nous pensons toujours \u00e0 vous. Nous sommes de tout c\u0153ur avec vous. De par notre foi en Dieu, nous croyons que la victoire sera \u00e0 la Palestine. Vive la Palestine\u00a0\u00bb.<\/p>\n<p>\u00a0<\/p>\n<p>Le cas d&rsquo;Ayoub Hafnaoui n&rsquo;est pas sans rappeler celui d&rsquo;Ons Jabeur, qui a \u00e9galement pris position dans le conflit. Elle risque m\u00eame d\u2019\u00eatre sanctionn\u00e9e par la WTA. En effet, depuis son message de soutien aux Palestiniens, le 11 octobre dernier, elle reste au c\u0153ur de la pol\u00e9mique.<\/p>\n<p>\u00ab\u00a0Ce que vivent les Palestiniens depuis 75 ans est indescriptible. Ce que vivent les citoyens innocents est indescriptible, quelle que soit leur religion et quelles que soient leurs origines [\u2026] La violence ne m\u00e8nera jamais \u00e0 la paix. Je ne peux pas tol\u00e9rer la violence; mais je ne peux pas non plus supporter que les gens se voient confisquer leurs terres\u2026\u00a0\u00bb, avait-elle notamment \u00e9crit.<\/p>\n<p>Une position qui lui a attir\u00e9 les foudres de la F\u00e9d\u00e9ration isra\u00e9lienne de tennis. \u00ab\u00a0Cette joueuse de tennis se bat, incite et soutient une organisation terroriste meurtri\u00e8re. (\u2026)\u00a0\u00bb, d\u00e9clarait notamment le pr\u00e9sident de l\u2019association de tennis isra\u00e9lienne. Il a d\u00e9cid\u00e9 de se plaindre aupr\u00e8s de la Women\u2019s Tennis Association (WTA) et l\u2019International Tennis Federation (ITF).<\/p>\n","protected":false},"excerpt":{"rendered":"<p>Pour avoir exprim\u00e9 son soutien au peuple palestinien, Ayoub Hafnaoui est aujourd\u2019hui dans le collimateur de la F\u00e9d\u00e9ration internationale de natation.<\/p>\n","protected":false},"author":3162,"featured_media":248987,"comment_status":"open","ping_status":"closed","sticky":false,"template":"","format":"standard","meta":{"footnotes":""},"categories":[2593],"tags":[7350,7690,3252,2688],"class_list":["post-209608","post","type-post","status-publish","format-standard","has-post-thumbnail","hentry","category-sport","tag-ayoub-hafnaoui","tag-fin","tag-natation","tag-palestine"],"yoast_head":"<!-- This site is optimized with the Yoast SEO Premium plugin v27.5 (Yoast SEO v27.5) - https:\/\/yoast.com\/product\/yoast-seo-premium-wordpress\/ -->\n<title>Ayoub Hafnaoui est-il dans le collimateur de la F\u00e9d\u00e9ration internationale de natation ?<\/title>\n<meta name=\"description\" content=\"Pour avoir exprim\u00e9 son soutien au peuple palestinien, Ayoub Hafnaoui est aujourd\u2019hui dans le collimateur de la F\u00e9d\u00e9ration internationale de natation.\" \/>\n<link rel=\"canonical\" href=\"https:\/\/www.webdo.tn\/fr\/actualite\/sport\/ayoub-hafnaoui-est-il-dans-le-collimateur-de-la-federation-internationale-de-natation\/209608\/\" \/>\n<meta property=\"og:locale\" content=\"fr_FR\" \/>\n<meta property=\"og:type\" content=\"article\" \/>\n<meta property=\"og:title\" content=\"Ayoub Hafnaoui est-il dans le collimateur de la F\u00e9d\u00e9ration internationale de natation ?\" \/>\n<meta property=\"og:description\" content=\"Pour avoir exprim\u00e9 son soutien au peuple palestinien, Ayoub Hafnaoui est aujourd\u2019hui dans le collimateur de la F\u00e9d\u00e9ration internationale de natation.\" \/>\n<meta property=\"og:url\" content=\"https:\/\/www.webdo.tn\/fr\/actualite\/sport\/ayoub-hafnaoui-est-il-dans-le-collimateur-de-la-federation-internationale-de-natation\/209608\/\" \/>\n<meta property=\"og:site_name\" content=\"webdo\" \/>\n<meta property=\"article:publisher\" content=\"https:\/\/www.facebook.com\/webdotn\" \/>\n<meta property=\"article:published_time\" content=\"2023-10-25T10:44:00+00:00\" \/>\n<meta property=\"article:modified_time\" content=\"2025-05-20T21:56:30+00:00\" \/>\n<meta property=\"og:image\" content=\"https:\/\/www.webdo.tn\/fr\/wp-content\/uploads\/2023\/10\/12bf453305a19b5456ebd456c31962c8.png\" \/>\n\t<meta property=\"og:image:width\" content=\"750\" \/>\n\t<meta property=\"og:image:height\" content=\"400\" \/>\n\t<meta property=\"og:image:type\" content=\"image\/png\" \/>\n<meta name=\"author\" content=\"MC\" \/>\n<meta name=\"twitter:card\" content=\"summary_large_image\" \/>\n<meta name=\"twitter:creator\" content=\"@webdo_tn\" \/>\n<meta name=\"twitter:site\" content=\"@webdo_tn\" \/>\n<meta name=\"twitter:label1\" content=\"\u00c9crit par\" \/>\n\t<meta name=\"twitter:data1\" content=\"MC\" \/>\n\t<meta name=\"twitter:label2\" content=\"Dur\u00e9e de lecture estim\u00e9e\" \/>\n\t<meta name=\"twitter:data2\" content=\"3 minutes\" \/>\n<script type=\"application\/ld+json\" class=\"yoast-schema-graph\">{\"@context\":\"https:\\\/\\\/schema.org\",\"@graph\":[{\"@type\":\"NewsArticle\",\"@id\":\"https:\\\/\\\/www.webdo.tn\\\/fr\\\/actualite\\\/sport\\\/ayoub-hafnaoui-est-il-dans-le-collimateur-de-la-federation-internationale-de-natation\\\/209608\\\/#article\",\"isPartOf\":{\"@id\":\"https:\\\/\\\/www.webdo.tn\\\/fr\\\/actualite\\\/sport\\\/ayoub-hafnaoui-est-il-dans-le-collimateur-de-la-federation-internationale-de-natation\\\/209608\\\/\"},\"author\":{\"name\":\"MC\",\"@id\":\"https:\\\/\\\/www.webdo.tn\\\/fr\\\/#\\\/schema\\\/person\\\/2c4929cbf5a809e3bd38617c6ce150f6\"},\"headline\":\"Ayoub Hafnaoui est-il dans le collimateur de la F\u00e9d\u00e9ration internationale de natation ?\",\"datePublished\":\"2023-10-25T10:44:00+00:00\",\"dateModified\":\"2025-05-20T21:56:30+00:00\",\"mainEntityOfPage\":{\"@id\":\"https:\\\/\\\/www.webdo.tn\\\/fr\\\/actualite\\\/sport\\\/ayoub-hafnaoui-est-il-dans-le-collimateur-de-la-federation-internationale-de-natation\\\/209608\\\/\"},\"wordCount\":549,\"commentCount\":0,\"publisher\":{\"@id\":\"https:\\\/\\\/www.webdo.tn\\\/fr\\\/#organization\"},\"image\":{\"@id\":\"https:\\\/\\\/www.webdo.tn\\\/fr\\\/actualite\\\/sport\\\/ayoub-hafnaoui-est-il-dans-le-collimateur-de-la-federation-internationale-de-natation\\\/209608\\\/#primaryimage\"},\"thumbnailUrl\":\"https:\\\/\\\/www.webdo.tn\\\/fr\\\/wp-content\\\/uploads\\\/2023\\\/10\\\/12bf453305a19b5456ebd456c31962c8.png\",\"keywords\":[\"ayoub hafnaoui\",\"FIN\",\"natation\",\"Palestine\"],\"articleSection\":[\"Sport\"],\"inLanguage\":\"fr-FR\"},{\"@type\":\"WebPage\",\"@id\":\"https:\\\/\\\/www.webdo.tn\\\/fr\\\/actualite\\\/sport\\\/ayoub-hafnaoui-est-il-dans-le-collimateur-de-la-federation-internationale-de-natation\\\/209608\\\/\",\"url\":\"https:\\\/\\\/www.webdo.tn\\\/fr\\\/actualite\\\/sport\\\/ayoub-hafnaoui-est-il-dans-le-collimateur-de-la-federation-internationale-de-natation\\\/209608\\\/\",\"name\":\"Ayoub Hafnaoui est-il dans le collimateur de la F\u00e9d\u00e9ration internationale de natation ?\",\"isPartOf\":{\"@id\":\"https:\\\/\\\/www.webdo.tn\\\/fr\\\/#website\"},\"primaryImageOfPage\":{\"@id\":\"https:\\\/\\\/www.webdo.tn\\\/fr\\\/actualite\\\/sport\\\/ayoub-hafnaoui-est-il-dans-le-collimateur-de-la-federation-internationale-de-natation\\\/209608\\\/#primaryimage\"},\"image\":{\"@id\":\"https:\\\/\\\/www.webdo.tn\\\/fr\\\/actualite\\\/sport\\\/ayoub-hafnaoui-est-il-dans-le-collimateur-de-la-federation-internationale-de-natation\\\/209608\\\/#primaryimage\"},\"thumbnailUrl\":\"https:\\\/\\\/www.webdo.tn\\\/fr\\\/wp-content\\\/uploads\\\/2023\\\/10\\\/12bf453305a19b5456ebd456c31962c8.png\",\"datePublished\":\"2023-10-25T10:44:00+00:00\",\"dateModified\":\"2025-05-20T21:56:30+00:00\",\"description\":\"Pour avoir exprim\u00e9 son soutien au peuple palestinien, Ayoub Hafnaoui est aujourd\u2019hui dans le collimateur de la F\u00e9d\u00e9ration internationale de natation.\",\"breadcrumb\":{\"@id\":\"https:\\\/\\\/www.webdo.tn\\\/fr\\\/actualite\\\/sport\\\/ayoub-hafnaoui-est-il-dans-le-collimateur-de-la-federation-internationale-de-natation\\\/209608\\\/#breadcrumb\"},\"inLanguage\":\"fr-FR\",\"potentialAction\":[{\"@type\":\"ReadAction\",\"target\":[\"https:\\\/\\\/www.webdo.tn\\\/fr\\\/actualite\\\/sport\\\/ayoub-hafnaoui-est-il-dans-le-collimateur-de-la-federation-internationale-de-natation\\\/209608\\\/\"]}]},{\"@type\":\"ImageObject\",\"inLanguage\":\"fr-FR\",\"@id\":\"https:\\\/\\\/www.webdo.tn\\\/fr\\\/actualite\\\/sport\\\/ayoub-hafnaoui-est-il-dans-le-collimateur-de-la-federation-internationale-de-natation\\\/209608\\\/#primaryimage\",\"url\":\"https:\\\/\\\/www.webdo.tn\\\/fr\\\/wp-content\\\/uploads\\\/2023\\\/10\\\/12bf453305a19b5456ebd456c31962c8.png\",\"contentUrl\":\"https:\\\/\\\/www.webdo.tn\\\/fr\\\/wp-content\\\/uploads\\\/2023\\\/10\\\/12bf453305a19b5456ebd456c31962c8.png\",\"width\":750,\"height\":400,\"caption\":\"Ayoub Hafnaoui est-il dans le collimateur de la F\u00e9d\u00e9ration internationale de natation ?\"},{\"@type\":\"BreadcrumbList\",\"@id\":\"https:\\\/\\\/www.webdo.tn\\\/fr\\\/actualite\\\/sport\\\/ayoub-hafnaoui-est-il-dans-le-collimateur-de-la-federation-internationale-de-natation\\\/209608\\\/#breadcrumb\",\"itemListElement\":[{\"@type\":\"ListItem\",\"position\":1,\"name\":\"Accueil\",\"item\":\"https:\\\/\\\/www.webdo.tn\\\/fr\\\/\"},{\"@type\":\"ListItem\",\"position\":2,\"name\":\"Ayoub Hafnaoui est-il dans le collimateur de la F\u00e9d\u00e9ration internationale de natation ?\"}]},{\"@type\":\"WebSite\",\"@id\":\"https:\\\/\\\/www.webdo.tn\\\/fr\\\/#website\",\"url\":\"https:\\\/\\\/www.webdo.tn\\\/fr\\\/\",\"name\":\"webdo\",\"description\":\"Tunisie - News en Tunisie et \u00e0 l&#039;international sur Webdo.tn\",\"publisher\":{\"@id\":\"https:\\\/\\\/www.webdo.tn\\\/fr\\\/#organization\"},\"potentialAction\":[{\"@type\":\"SearchAction\",\"target\":{\"@type\":\"EntryPoint\",\"urlTemplate\":\"https:\\\/\\\/www.webdo.tn\\\/fr\\\/?s={search_term_string}\"},\"query-input\":{\"@type\":\"PropertyValueSpecification\",\"valueRequired\":true,\"valueName\":\"search_term_string\"}}],\"inLanguage\":\"fr-FR\"},{\"@type\":\"Organization\",\"@id\":\"https:\\\/\\\/www.webdo.tn\\\/fr\\\/#organization\",\"name\":\"Webdo\",\"alternateName\":\"Webdo.tn\",\"url\":\"https:\\\/\\\/www.webdo.tn\\\/fr\\\/\",\"logo\":{\"@type\":\"ImageObject\",\"inLanguage\":\"fr-FR\",\"@id\":\"https:\\\/\\\/www.webdo.tn\\\/fr\\\/#\\\/schema\\\/logo\\\/image\\\/\",\"url\":\"https:\\\/\\\/www.webdo.tn\\\/fr\\\/wp-content\\\/uploads\\\/2025\\\/06\\\/Webdo-Tunisie_168377.jpg\",\"contentUrl\":\"https:\\\/\\\/www.webdo.tn\\\/fr\\\/wp-content\\\/uploads\\\/2025\\\/06\\\/Webdo-Tunisie_168377.jpg\",\"width\":301,\"height\":301,\"caption\":\"Webdo\"},\"image\":{\"@id\":\"https:\\\/\\\/www.webdo.tn\\\/fr\\\/#\\\/schema\\\/logo\\\/image\\\/\"},\"sameAs\":[\"https:\\\/\\\/www.facebook.com\\\/webdotn\",\"https:\\\/\\\/x.com\\\/webdo_tn\"],\"description\":\"Webdo est un m\u00e9dia num\u00e9rique tunisien fond\u00e9 en 2010, sp\u00e9cialis\u00e9 dans l\u2019actualit\u00e9 nationale et internationale, l\u2019\u00e9conomie, la soci\u00e9t\u00e9 et les analyses politiques. Le site s\u2019adresse \u00e0 un large public francophone et couvre l\u2019information tunisienne en temps r\u00e9el.\",\"email\":\"redac@webdo.tn\",\"legalName\":\"YNJ SARL\",\"foundingDate\":\"2010-09-06\",\"numberOfEmployees\":{\"@type\":\"QuantitativeValue\",\"minValue\":\"11\",\"maxValue\":\"50\"}},{\"@type\":\"Person\",\"@id\":\"https:\\\/\\\/www.webdo.tn\\\/fr\\\/#\\\/schema\\\/person\\\/2c4929cbf5a809e3bd38617c6ce150f6\",\"name\":\"MC\",\"image\":{\"@type\":\"ImageObject\",\"inLanguage\":\"fr-FR\",\"@id\":\"https:\\\/\\\/secure.gravatar.com\\\/avatar\\\/a545bbb6f84efdd5553dbbc2895e3ca8f1d12c5215e00a041c9670b54aa9b18a?s=96&d=mm&r=g\",\"url\":\"https:\\\/\\\/secure.gravatar.com\\\/avatar\\\/a545bbb6f84efdd5553dbbc2895e3ca8f1d12c5215e00a041c9670b54aa9b18a?s=96&d=mm&r=g\",\"contentUrl\":\"https:\\\/\\\/secure.gravatar.com\\\/avatar\\\/a545bbb6f84efdd5553dbbc2895e3ca8f1d12c5215e00a041c9670b54aa9b18a?s=96&d=mm&r=g\",\"caption\":\"MC\"},\"url\":\"https:\\\/\\\/www.webdo.tn\\\/fr\\\/actualite\\\/author\\\/mc\\\/\"}]}<\/script>\n<!-- \/ Yoast SEO Premium plugin. -->","yoast_head_json":{"title":"Ayoub Hafnaoui est-il dans le collimateur de la F\u00e9d\u00e9ration internationale de natation ?","description":"Pour avoir exprim\u00e9 son soutien au peuple palestinien, Ayoub Hafnaoui est aujourd\u2019hui dans le collimateur de la F\u00e9d\u00e9ration internationale de natation.","canonical":"https:\/\/www.webdo.tn\/fr\/actualite\/sport\/ayoub-hafnaoui-est-il-dans-le-collimateur-de-la-federation-internationale-de-natation\/209608\/","og_locale":"fr_FR","og_type":"article","og_title":"Ayoub Hafnaoui est-il dans le collimateur de la F\u00e9d\u00e9ration internationale de natation ?","og_description":"Pour avoir exprim\u00e9 son soutien au peuple palestinien, Ayoub Hafnaoui est aujourd\u2019hui dans le collimateur de la F\u00e9d\u00e9ration internationale de natation.","og_url":"https:\/\/www.webdo.tn\/fr\/actualite\/sport\/ayoub-hafnaoui-est-il-dans-le-collimateur-de-la-federation-internationale-de-natation\/209608\/","og_site_name":"webdo","article_publisher":"https:\/\/www.facebook.com\/webdotn","article_published_time":"2023-10-25T10:44:00+00:00","article_modified_time":"2025-05-20T21:56:30+00:00","og_image":[{"width":750,"height":400,"url":"https:\/\/www.webdo.tn\/fr\/wp-content\/uploads\/2023\/10\/12bf453305a19b5456ebd456c31962c8.png","type":"image\/png"}],"author":"MC","twitter_card":"summary_large_image","twitter_creator":"@webdo_tn","twitter_site":"@webdo_tn","twitter_misc":{"\u00c9crit par":"MC","Dur\u00e9e de lecture estim\u00e9e":"3 minutes"},"schema":{"@context":"https:\/\/schema.org","@graph":[{"@type":"NewsArticle","@id":"https:\/\/www.webdo.tn\/fr\/actualite\/sport\/ayoub-hafnaoui-est-il-dans-le-collimateur-de-la-federation-internationale-de-natation\/209608\/#article","isPartOf":{"@id":"https:\/\/www.webdo.tn\/fr\/actualite\/sport\/ayoub-hafnaoui-est-il-dans-le-collimateur-de-la-federation-internationale-de-natation\/209608\/"},"author":{"name":"MC","@id":"https:\/\/www.webdo.tn\/fr\/#\/schema\/person\/2c4929cbf5a809e3bd38617c6ce150f6"},"headline":"Ayoub Hafnaoui est-il dans le collimateur de la F\u00e9d\u00e9ration internationale de natation ?","datePublished":"2023-10-25T10:44:00+00:00","dateModified":"2025-05-20T21:56:30+00:00","mainEntityOfPage":{"@id":"https:\/\/www.webdo.tn\/fr\/actualite\/sport\/ayoub-hafnaoui-est-il-dans-le-collimateur-de-la-federation-internationale-de-natation\/209608\/"},"wordCount":549,"commentCount":0,"publisher":{"@id":"https:\/\/www.webdo.tn\/fr\/#organization"},"image":{"@id":"https:\/\/www.webdo.tn\/fr\/actualite\/sport\/ayoub-hafnaoui-est-il-dans-le-collimateur-de-la-federation-internationale-de-natation\/209608\/#primaryimage"},"thumbnailUrl":"https:\/\/www.webdo.tn\/fr\/wp-content\/uploads\/2023\/10\/12bf453305a19b5456ebd456c31962c8.png","keywords":["ayoub hafnaoui","FIN","natation","Palestine"],"articleSection":["Sport"],"inLanguage":"fr-FR"},{"@type":"WebPage","@id":"https:\/\/www.webdo.tn\/fr\/actualite\/sport\/ayoub-hafnaoui-est-il-dans-le-collimateur-de-la-federation-internationale-de-natation\/209608\/","url":"https:\/\/www.webdo.tn\/fr\/actualite\/sport\/ayoub-hafnaoui-est-il-dans-le-collimateur-de-la-federation-internationale-de-natation\/209608\/","name":"Ayoub Hafnaoui est-il dans le collimateur de la F\u00e9d\u00e9ration internationale de natation ?","isPartOf":{"@id":"https:\/\/www.webdo.tn\/fr\/#website"},"primaryImageOfPage":{"@id":"https:\/\/www.webdo.tn\/fr\/actualite\/sport\/ayoub-hafnaoui-est-il-dans-le-collimateur-de-la-federation-internationale-de-natation\/209608\/#primaryimage"},"image":{"@id":"https:\/\/www.webdo.tn\/fr\/actualite\/sport\/ayoub-hafnaoui-est-il-dans-le-collimateur-de-la-federation-internationale-de-natation\/209608\/#primaryimage"},"thumbnailUrl":"https:\/\/www.webdo.tn\/fr\/wp-content\/uploads\/2023\/10\/12bf453305a19b5456ebd456c31962c8.png","datePublished":"2023-10-25T10:44:00+00:00","dateModified":"2025-05-20T21:56:30+00:00","description":"Pour avoir exprim\u00e9 son soutien au peuple palestinien, Ayoub Hafnaoui est aujourd\u2019hui dans le collimateur de la F\u00e9d\u00e9ration internationale de natation.","breadcrumb":{"@id":"https:\/\/www.webdo.tn\/fr\/actualite\/sport\/ayoub-hafnaoui-est-il-dans-le-collimateur-de-la-federation-internationale-de-natation\/209608\/#breadcrumb"},"inLanguage":"fr-FR","potentialAction":[{"@type":"ReadAction","target":["https:\/\/www.webdo.tn\/fr\/actualite\/sport\/ayoub-hafnaoui-est-il-dans-le-collimateur-de-la-federation-internationale-de-natation\/209608\/"]}]},{"@type":"ImageObject","inLanguage":"fr-FR","@id":"https:\/\/www.webdo.tn\/fr\/actualite\/sport\/ayoub-hafnaoui-est-il-dans-le-collimateur-de-la-federation-internationale-de-natation\/209608\/#primaryimage","url":"https:\/\/www.webdo.tn\/fr\/wp-content\/uploads\/2023\/10\/12bf453305a19b5456ebd456c31962c8.png","contentUrl":"https:\/\/www.webdo.tn\/fr\/wp-content\/uploads\/2023\/10\/12bf453305a19b5456ebd456c31962c8.png","width":750,"height":400,"caption":"Ayoub Hafnaoui est-il dans le collimateur de la F\u00e9d\u00e9ration internationale de natation ?"},{"@type":"BreadcrumbList","@id":"https:\/\/www.webdo.tn\/fr\/actualite\/sport\/ayoub-hafnaoui-est-il-dans-le-collimateur-de-la-federation-internationale-de-natation\/209608\/#breadcrumb","itemListElement":[{"@type":"ListItem","position":1,"name":"Accueil","item":"https:\/\/www.webdo.tn\/fr\/"},{"@type":"ListItem","position":2,"name":"Ayoub Hafnaoui est-il dans le collimateur de la F\u00e9d\u00e9ration internationale de natation ?"}]},{"@type":"WebSite","@id":"https:\/\/www.webdo.tn\/fr\/#website","url":"https:\/\/www.webdo.tn\/fr\/","name":"webdo","description":"Tunisie - News en Tunisie et \u00e0 l&#039;international sur Webdo.tn","publisher":{"@id":"https:\/\/www.webdo.tn\/fr\/#organization"},"potentialAction":[{"@type":"SearchAction","target":{"@type":"EntryPoint","urlTemplate":"https:\/\/www.webdo.tn\/fr\/?s={search_term_string}"},"query-input":{"@type":"PropertyValueSpecification","valueRequired":true,"valueName":"search_term_string"}}],"inLanguage":"fr-FR"},{"@type":"Organization","@id":"https:\/\/www.webdo.tn\/fr\/#organization","name":"Webdo","alternateName":"Webdo.tn","url":"https:\/\/www.webdo.tn\/fr\/","logo":{"@type":"ImageObject","inLanguage":"fr-FR","@id":"https:\/\/www.webdo.tn\/fr\/#\/schema\/logo\/image\/","url":"https:\/\/www.webdo.tn\/fr\/wp-content\/uploads\/2025\/06\/Webdo-Tunisie_168377.jpg","contentUrl":"https:\/\/www.webdo.tn\/fr\/wp-content\/uploads\/2025\/06\/Webdo-Tunisie_168377.jpg","width":301,"height":301,"caption":"Webdo"},"image":{"@id":"https:\/\/www.webdo.tn\/fr\/#\/schema\/logo\/image\/"},"sameAs":["https:\/\/www.facebook.com\/webdotn","https:\/\/x.com\/webdo_tn"],"description":"Webdo est un m\u00e9dia num\u00e9rique tunisien fond\u00e9 en 2010, sp\u00e9cialis\u00e9 dans l\u2019actualit\u00e9 nationale et internationale, l\u2019\u00e9conomie, la soci\u00e9t\u00e9 et les analyses politiques. Le site s\u2019adresse \u00e0 un large public francophone et couvre l\u2019information tunisienne en temps r\u00e9el.","email":"redac@webdo.tn","legalName":"YNJ SARL","foundingDate":"2010-09-06","numberOfEmployees":{"@type":"QuantitativeValue","minValue":"11","maxValue":"50"}},{"@type":"Person","@id":"https:\/\/www.webdo.tn\/fr\/#\/schema\/person\/2c4929cbf5a809e3bd38617c6ce150f6","name":"MC","image":{"@type":"ImageObject","inLanguage":"fr-FR","@id":"https:\/\/secure.gravatar.com\/avatar\/a545bbb6f84efdd5553dbbc2895e3ca8f1d12c5215e00a041c9670b54aa9b18a?s=96&d=mm&r=g","url":"https:\/\/secure.gravatar.com\/avatar\/a545bbb6f84efdd5553dbbc2895e3ca8f1d12c5215e00a041c9670b54aa9b18a?s=96&d=mm&r=g","contentUrl":"https:\/\/secure.gravatar.com\/avatar\/a545bbb6f84efdd5553dbbc2895e3ca8f1d12c5215e00a041c9670b54aa9b18a?s=96&d=mm&r=g","caption":"MC"},"url":"https:\/\/www.webdo.tn\/fr\/actualite\/author\/mc\/"}]}},"_links":{"self":[{"href":"https:\/\/www.webdo.tn\/fr\/wp-json\/wp\/v2\/posts\/209608","targetHints":{"allow":["GET"]}}],"collection":[{"href":"https:\/\/www.webdo.tn\/fr\/wp-json\/wp\/v2\/posts"}],"about":[{"href":"https:\/\/www.webdo.tn\/fr\/wp-json\/wp\/v2\/types\/post"}],"author":[{"embeddable":true,"href":"https:\/\/www.webdo.tn\/fr\/wp-json\/wp\/v2\/users\/3162"}],"replies":[{"embeddable":true,"href":"https:\/\/www.webdo.tn\/fr\/wp-json\/wp\/v2\/comments?post=209608"}],"version-history":[{"count":0,"href":"https:\/\/www.webdo.tn\/fr\/wp-json\/wp\/v2\/posts\/209608\/revisions"}],"wp:featuredmedia":[{"embeddable":true,"href":"https:\/\/www.webdo.tn\/fr\/wp-json\/wp\/v2\/media\/248987"}],"wp:attachment":[{"href":"https:\/\/www.webdo.tn\/fr\/wp-json\/wp\/v2\/media?parent=209608"}],"wp:term":[{"taxonomy":"category","embeddable":true,"href":"https:\/\/www.webdo.tn\/fr\/wp-json\/wp\/v2\/categories?post=209608"},{"taxonomy":"post_tag","embeddable":true,"href":"https:\/\/www.webdo.tn\/fr\/wp-json\/wp\/v2\/tags?post=209608"}],"curies":[{"name":"wp","href":"https:\/\/api.w.org\/{rel}","templated":true}]}}