{"id":209602,"date":"2023-10-25T08:06:00","date_gmt":"2023-10-25T08:06:00","guid":{"rendered":"https:\/\/www.webdo.tn\/fr\/blog\/guterres-les-attaques-du-hamas-ne-viennent-pas-de-rien\/209602\/"},"modified":"2025-05-20T22:40:04","modified_gmt":"2025-05-20T22:40:04","slug":"guterres-les-attaques-du-hamas-ne-viennent-pas-de-rien","status":"publish","type":"post","link":"https:\/\/www.webdo.tn\/fr\/actualite\/international\/guterres-les-attaques-du-hamas-ne-viennent-pas-de-rien\/209602\/","title":{"rendered":"Guterres : \u00ab Les attaques du Hamas ne viennent pas de rien \u00bb"},"content":{"rendered":"<p>Les d\u00e9clarations in\u00e9dites du secr\u00e9taire-g\u00e9n\u00e9ral de l\u2019ONU ont provoqu\u00e9 la col\u00e8re d\u2019Isra\u00ebl. Antonio Guterres a affirm\u00e9 que \u00ab\u00a0l\u2019attaque terroriste du Hamas ne vient pas de rien\u00a0\u00bb, mais \u00ab\u00a0de 56 ans d\u2019occupation\u00a0\u00bb. Isra\u00ebl a demand\u00e9 sa d\u00e9mission.<\/p>\n<p>\u00ab Je suis profond\u00e9ment inquiet concernant les claires violations du droit international humanitaire que nous voyons \u00e0 Gaza. Soyons clairs : aucune partie \u00e0 un conflit arm\u00e9 n\u2019est au-dessus du droit humanitaire international \u00bb, a d\u00e9clar\u00e9, hier, le secr\u00e9taire g\u00e9n\u00e9ral dans la salle du Conseil rarement aussi bond\u00e9e.<\/p>\n<p>Lorsque le chef de l&rsquo;ONU a d\u00e9clar\u00e9 que \u00ab\u00a0l&rsquo;attaque terroriste du Hamas ne venait pas de nulle part\u00a0\u00bb, mais \u00ab\u00a0de 56 ann\u00e9es de politique d&rsquo;occupation\u00a0\u00bb, le ministre isra\u00e9lien des Affaires \u00e9trang\u00e8res, Eli Cohen, a s\u00e9v\u00e8rement attaqu\u00e9 Antonio Guterres.\u00a0<\/p>\n<p>\u00ab\u00a0Monsieur le secr\u00e9taire g\u00e9n\u00e9ral, dans quel monde vivez-vous ? Ce n&rsquo;est certainement pas notre monde\u00a0\u00bb, a-t-il dit. L\u2019Etat H\u00e9breu l\u2019a ainsi accus\u00e9 d\u2019\u00eatre \u00ab compr\u00e9hensif face au terrorisme et aux meurtres \u00bb du Hamas.<\/p>\n","protected":false},"excerpt":{"rendered":"<p>Les d\u00e9clarations in\u00e9dites du secr\u00e9taire-g\u00e9n\u00e9ral de l\u2019ONU ont provoqu\u00e9 la col\u00e8re d\u2019Isra\u00ebl. Antonio Guterres a affirm\u00e9 que  l\u2019attaque terroriste du Hamas ne vient&#8230;<\/p>\n","protected":false},"author":3175,"featured_media":248985,"comment_status":"open","ping_status":"closed","sticky":false,"template":"","format":"standard","meta":{"footnotes":""},"categories":[2598],"tags":[7688,2636,3296],"class_list":["post-209602","post","type-post","status-publish","format-standard","has-post-thumbnail","hentry","category-international","tag-guterres","tag-israel","tag-onu"],"yoast_head":"<!-- This site is optimized with the Yoast SEO Premium plugin v27.5 (Yoast SEO v27.5) - https:\/\/yoast.com\/product\/yoast-seo-premium-wordpress\/ -->\n<title>Guterres : \u00ab Les attaques du Hamas ne viennent pas de rien \u00bb<\/title>\n<meta name=\"description\" content=\"Les d\u00e9clarations in\u00e9dites du secr\u00e9taire-g\u00e9n\u00e9ral de l\u2019ONU ont provoqu\u00e9 la col\u00e8re d\u2019Isra\u00ebl. Antonio Guterres a affirm\u00e9 que l\u2019attaque terroriste du Hamas ne vient...\" \/>\n<link rel=\"canonical\" href=\"https:\/\/www.webdo.tn\/fr\/actualite\/international\/guterres-les-attaques-du-hamas-ne-viennent-pas-de-rien\/209602\/\" \/>\n<meta property=\"og:locale\" content=\"fr_FR\" \/>\n<meta property=\"og:type\" content=\"article\" \/>\n<meta property=\"og:title\" content=\"Guterres : \u00ab Les attaques du Hamas ne viennent pas de rien \u00bb\" \/>\n<meta property=\"og:description\" content=\"Les d\u00e9clarations in\u00e9dites du secr\u00e9taire-g\u00e9n\u00e9ral de l\u2019ONU ont provoqu\u00e9 la col\u00e8re d\u2019Isra\u00ebl. Antonio Guterres a affirm\u00e9 que l\u2019attaque terroriste du Hamas ne vient...\" \/>\n<meta property=\"og:url\" content=\"https:\/\/www.webdo.tn\/fr\/actualite\/international\/guterres-les-attaques-du-hamas-ne-viennent-pas-de-rien\/209602\/\" \/>\n<meta property=\"og:site_name\" content=\"webdo\" \/>\n<meta property=\"article:publisher\" content=\"https:\/\/www.facebook.com\/webdotn\" \/>\n<meta property=\"article:published_time\" content=\"2023-10-25T08:06:00+00:00\" \/>\n<meta property=\"article:modified_time\" content=\"2025-05-20T22:40:04+00:00\" \/>\n<meta property=\"og:image\" content=\"https:\/\/www.webdo.tn\/fr\/wp-content\/uploads\/2023\/10\/37ccb88d3e9b47ded1f4e3d2d6174f08.jpg\" \/>\n\t<meta property=\"og:image:width\" content=\"750\" \/>\n\t<meta property=\"og:image:height\" content=\"400\" \/>\n\t<meta property=\"og:image:type\" content=\"image\/jpeg\" \/>\n<meta name=\"author\" content=\"CL\" \/>\n<meta name=\"twitter:card\" content=\"summary_large_image\" \/>\n<meta name=\"twitter:creator\" content=\"@webdo_tn\" \/>\n<meta name=\"twitter:site\" content=\"@webdo_tn\" \/>\n<meta name=\"twitter:label1\" content=\"\u00c9crit par\" \/>\n\t<meta name=\"twitter:data1\" content=\"CL\" \/>\n\t<meta name=\"twitter:label2\" content=\"Dur\u00e9e de lecture estim\u00e9e\" \/>\n\t<meta name=\"twitter:data2\" content=\"1 minute\" \/>\n<script type=\"application\/ld+json\" class=\"yoast-schema-graph\">{\"@context\":\"https:\\\/\\\/schema.org\",\"@graph\":[{\"@type\":\"NewsArticle\",\"@id\":\"https:\\\/\\\/www.webdo.tn\\\/fr\\\/actualite\\\/international\\\/guterres-les-attaques-du-hamas-ne-viennent-pas-de-rien\\\/209602\\\/#article\",\"isPartOf\":{\"@id\":\"https:\\\/\\\/www.webdo.tn\\\/fr\\\/actualite\\\/international\\\/guterres-les-attaques-du-hamas-ne-viennent-pas-de-rien\\\/209602\\\/\"},\"author\":{\"name\":\"CL\",\"@id\":\"https:\\\/\\\/www.webdo.tn\\\/fr\\\/#\\\/schema\\\/person\\\/f35b42a42c5e2511bbd282959d6385cc\"},\"headline\":\"Guterres : \u00ab Les attaques du Hamas ne viennent pas de rien \u00bb\",\"datePublished\":\"2023-10-25T08:06:00+00:00\",\"dateModified\":\"2025-05-20T22:40:04+00:00\",\"mainEntityOfPage\":{\"@id\":\"https:\\\/\\\/www.webdo.tn\\\/fr\\\/actualite\\\/international\\\/guterres-les-attaques-du-hamas-ne-viennent-pas-de-rien\\\/209602\\\/\"},\"wordCount\":194,\"commentCount\":0,\"publisher\":{\"@id\":\"https:\\\/\\\/www.webdo.tn\\\/fr\\\/#organization\"},\"image\":{\"@id\":\"https:\\\/\\\/www.webdo.tn\\\/fr\\\/actualite\\\/international\\\/guterres-les-attaques-du-hamas-ne-viennent-pas-de-rien\\\/209602\\\/#primaryimage\"},\"thumbnailUrl\":\"https:\\\/\\\/www.webdo.tn\\\/fr\\\/wp-content\\\/uploads\\\/2023\\\/10\\\/37ccb88d3e9b47ded1f4e3d2d6174f08.jpg\",\"keywords\":[\"Guterres\",\"isra\u00ebl\",\"ONU\"],\"articleSection\":[\"International\"],\"inLanguage\":\"fr-FR\"},{\"@type\":\"WebPage\",\"@id\":\"https:\\\/\\\/www.webdo.tn\\\/fr\\\/actualite\\\/international\\\/guterres-les-attaques-du-hamas-ne-viennent-pas-de-rien\\\/209602\\\/\",\"url\":\"https:\\\/\\\/www.webdo.tn\\\/fr\\\/actualite\\\/international\\\/guterres-les-attaques-du-hamas-ne-viennent-pas-de-rien\\\/209602\\\/\",\"name\":\"Guterres : \u00ab Les attaques du Hamas ne viennent pas de rien \u00bb\",\"isPartOf\":{\"@id\":\"https:\\\/\\\/www.webdo.tn\\\/fr\\\/#website\"},\"primaryImageOfPage\":{\"@id\":\"https:\\\/\\\/www.webdo.tn\\\/fr\\\/actualite\\\/international\\\/guterres-les-attaques-du-hamas-ne-viennent-pas-de-rien\\\/209602\\\/#primaryimage\"},\"image\":{\"@id\":\"https:\\\/\\\/www.webdo.tn\\\/fr\\\/actualite\\\/international\\\/guterres-les-attaques-du-hamas-ne-viennent-pas-de-rien\\\/209602\\\/#primaryimage\"},\"thumbnailUrl\":\"https:\\\/\\\/www.webdo.tn\\\/fr\\\/wp-content\\\/uploads\\\/2023\\\/10\\\/37ccb88d3e9b47ded1f4e3d2d6174f08.jpg\",\"datePublished\":\"2023-10-25T08:06:00+00:00\",\"dateModified\":\"2025-05-20T22:40:04+00:00\",\"description\":\"Les d\u00e9clarations in\u00e9dites du secr\u00e9taire-g\u00e9n\u00e9ral de l\u2019ONU ont provoqu\u00e9 la col\u00e8re d\u2019Isra\u00ebl. Antonio Guterres a affirm\u00e9 que l\u2019attaque terroriste du Hamas ne vient...\",\"breadcrumb\":{\"@id\":\"https:\\\/\\\/www.webdo.tn\\\/fr\\\/actualite\\\/international\\\/guterres-les-attaques-du-hamas-ne-viennent-pas-de-rien\\\/209602\\\/#breadcrumb\"},\"inLanguage\":\"fr-FR\",\"potentialAction\":[{\"@type\":\"ReadAction\",\"target\":[\"https:\\\/\\\/www.webdo.tn\\\/fr\\\/actualite\\\/international\\\/guterres-les-attaques-du-hamas-ne-viennent-pas-de-rien\\\/209602\\\/\"]}]},{\"@type\":\"ImageObject\",\"inLanguage\":\"fr-FR\",\"@id\":\"https:\\\/\\\/www.webdo.tn\\\/fr\\\/actualite\\\/international\\\/guterres-les-attaques-du-hamas-ne-viennent-pas-de-rien\\\/209602\\\/#primaryimage\",\"url\":\"https:\\\/\\\/www.webdo.tn\\\/fr\\\/wp-content\\\/uploads\\\/2023\\\/10\\\/37ccb88d3e9b47ded1f4e3d2d6174f08.jpg\",\"contentUrl\":\"https:\\\/\\\/www.webdo.tn\\\/fr\\\/wp-content\\\/uploads\\\/2023\\\/10\\\/37ccb88d3e9b47ded1f4e3d2d6174f08.jpg\",\"width\":750,\"height\":400,\"caption\":\"Guterres : \u00ab Les attaques du Hamas ne viennent pas de rien \u00bb\"},{\"@type\":\"BreadcrumbList\",\"@id\":\"https:\\\/\\\/www.webdo.tn\\\/fr\\\/actualite\\\/international\\\/guterres-les-attaques-du-hamas-ne-viennent-pas-de-rien\\\/209602\\\/#breadcrumb\",\"itemListElement\":[{\"@type\":\"ListItem\",\"position\":1,\"name\":\"Accueil\",\"item\":\"https:\\\/\\\/www.webdo.tn\\\/fr\\\/\"},{\"@type\":\"ListItem\",\"position\":2,\"name\":\"Guterres : \u00ab Les attaques du Hamas ne viennent pas de rien \u00bb\"}]},{\"@type\":\"WebSite\",\"@id\":\"https:\\\/\\\/www.webdo.tn\\\/fr\\\/#website\",\"url\":\"https:\\\/\\\/www.webdo.tn\\\/fr\\\/\",\"name\":\"webdo\",\"description\":\"Tunisie - News en Tunisie et \u00e0 l&#039;international sur Webdo.tn\",\"publisher\":{\"@id\":\"https:\\\/\\\/www.webdo.tn\\\/fr\\\/#organization\"},\"potentialAction\":[{\"@type\":\"SearchAction\",\"target\":{\"@type\":\"EntryPoint\",\"urlTemplate\":\"https:\\\/\\\/www.webdo.tn\\\/fr\\\/?s={search_term_string}\"},\"query-input\":{\"@type\":\"PropertyValueSpecification\",\"valueRequired\":true,\"valueName\":\"search_term_string\"}}],\"inLanguage\":\"fr-FR\"},{\"@type\":\"Organization\",\"@id\":\"https:\\\/\\\/www.webdo.tn\\\/fr\\\/#organization\",\"name\":\"Webdo\",\"alternateName\":\"Webdo.tn\",\"url\":\"https:\\\/\\\/www.webdo.tn\\\/fr\\\/\",\"logo\":{\"@type\":\"ImageObject\",\"inLanguage\":\"fr-FR\",\"@id\":\"https:\\\/\\\/www.webdo.tn\\\/fr\\\/#\\\/schema\\\/logo\\\/image\\\/\",\"url\":\"https:\\\/\\\/www.webdo.tn\\\/fr\\\/wp-content\\\/uploads\\\/2025\\\/06\\\/Webdo-Tunisie_168377.jpg\",\"contentUrl\":\"https:\\\/\\\/www.webdo.tn\\\/fr\\\/wp-content\\\/uploads\\\/2025\\\/06\\\/Webdo-Tunisie_168377.jpg\",\"width\":301,\"height\":301,\"caption\":\"Webdo\"},\"image\":{\"@id\":\"https:\\\/\\\/www.webdo.tn\\\/fr\\\/#\\\/schema\\\/logo\\\/image\\\/\"},\"sameAs\":[\"https:\\\/\\\/www.facebook.com\\\/webdotn\",\"https:\\\/\\\/x.com\\\/webdo_tn\"],\"description\":\"Webdo est un m\u00e9dia num\u00e9rique tunisien fond\u00e9 en 2010, sp\u00e9cialis\u00e9 dans l\u2019actualit\u00e9 nationale et internationale, l\u2019\u00e9conomie, la soci\u00e9t\u00e9 et les analyses politiques. Le site s\u2019adresse \u00e0 un large public francophone et couvre l\u2019information tunisienne en temps r\u00e9el.\",\"email\":\"redac@webdo.tn\",\"legalName\":\"YNJ SARL\",\"foundingDate\":\"2010-09-06\",\"numberOfEmployees\":{\"@type\":\"QuantitativeValue\",\"minValue\":\"11\",\"maxValue\":\"50\"}},{\"@type\":\"Person\",\"@id\":\"https:\\\/\\\/www.webdo.tn\\\/fr\\\/#\\\/schema\\\/person\\\/f35b42a42c5e2511bbd282959d6385cc\",\"name\":\"CL\",\"image\":{\"@type\":\"ImageObject\",\"inLanguage\":\"fr-FR\",\"@id\":\"https:\\\/\\\/secure.gravatar.com\\\/avatar\\\/1447a49909b67aa657c488aec6512e1dd6143a480c1ecfee9b5b5cd74eb3b59e?s=96&d=mm&r=g\",\"url\":\"https:\\\/\\\/secure.gravatar.com\\\/avatar\\\/1447a49909b67aa657c488aec6512e1dd6143a480c1ecfee9b5b5cd74eb3b59e?s=96&d=mm&r=g\",\"contentUrl\":\"https:\\\/\\\/secure.gravatar.com\\\/avatar\\\/1447a49909b67aa657c488aec6512e1dd6143a480c1ecfee9b5b5cd74eb3b59e?s=96&d=mm&r=g\",\"caption\":\"CL\"},\"url\":\"https:\\\/\\\/www.webdo.tn\\\/fr\\\/actualite\\\/author\\\/cl\\\/\"}]}<\/script>\n<!-- \/ Yoast SEO Premium plugin. -->","yoast_head_json":{"title":"Guterres : \u00ab Les attaques du Hamas ne viennent pas de rien \u00bb","description":"Les d\u00e9clarations in\u00e9dites du secr\u00e9taire-g\u00e9n\u00e9ral de l\u2019ONU ont provoqu\u00e9 la col\u00e8re d\u2019Isra\u00ebl. Antonio Guterres a affirm\u00e9 que l\u2019attaque terroriste du Hamas ne vient...","canonical":"https:\/\/www.webdo.tn\/fr\/actualite\/international\/guterres-les-attaques-du-hamas-ne-viennent-pas-de-rien\/209602\/","og_locale":"fr_FR","og_type":"article","og_title":"Guterres : \u00ab Les attaques du Hamas ne viennent pas de rien \u00bb","og_description":"Les d\u00e9clarations in\u00e9dites du secr\u00e9taire-g\u00e9n\u00e9ral de l\u2019ONU ont provoqu\u00e9 la col\u00e8re d\u2019Isra\u00ebl. Antonio Guterres a affirm\u00e9 que l\u2019attaque terroriste du Hamas ne vient...","og_url":"https:\/\/www.webdo.tn\/fr\/actualite\/international\/guterres-les-attaques-du-hamas-ne-viennent-pas-de-rien\/209602\/","og_site_name":"webdo","article_publisher":"https:\/\/www.facebook.com\/webdotn","article_published_time":"2023-10-25T08:06:00+00:00","article_modified_time":"2025-05-20T22:40:04+00:00","og_image":[{"width":750,"height":400,"url":"https:\/\/www.webdo.tn\/fr\/wp-content\/uploads\/2023\/10\/37ccb88d3e9b47ded1f4e3d2d6174f08.jpg","type":"image\/jpeg"}],"author":"CL","twitter_card":"summary_large_image","twitter_creator":"@webdo_tn","twitter_site":"@webdo_tn","twitter_misc":{"\u00c9crit par":"CL","Dur\u00e9e de lecture estim\u00e9e":"1 minute"},"schema":{"@context":"https:\/\/schema.org","@graph":[{"@type":"NewsArticle","@id":"https:\/\/www.webdo.tn\/fr\/actualite\/international\/guterres-les-attaques-du-hamas-ne-viennent-pas-de-rien\/209602\/#article","isPartOf":{"@id":"https:\/\/www.webdo.tn\/fr\/actualite\/international\/guterres-les-attaques-du-hamas-ne-viennent-pas-de-rien\/209602\/"},"author":{"name":"CL","@id":"https:\/\/www.webdo.tn\/fr\/#\/schema\/person\/f35b42a42c5e2511bbd282959d6385cc"},"headline":"Guterres : \u00ab Les attaques du Hamas ne viennent pas de rien \u00bb","datePublished":"2023-10-25T08:06:00+00:00","dateModified":"2025-05-20T22:40:04+00:00","mainEntityOfPage":{"@id":"https:\/\/www.webdo.tn\/fr\/actualite\/international\/guterres-les-attaques-du-hamas-ne-viennent-pas-de-rien\/209602\/"},"wordCount":194,"commentCount":0,"publisher":{"@id":"https:\/\/www.webdo.tn\/fr\/#organization"},"image":{"@id":"https:\/\/www.webdo.tn\/fr\/actualite\/international\/guterres-les-attaques-du-hamas-ne-viennent-pas-de-rien\/209602\/#primaryimage"},"thumbnailUrl":"https:\/\/www.webdo.tn\/fr\/wp-content\/uploads\/2023\/10\/37ccb88d3e9b47ded1f4e3d2d6174f08.jpg","keywords":["Guterres","isra\u00ebl","ONU"],"articleSection":["International"],"inLanguage":"fr-FR"},{"@type":"WebPage","@id":"https:\/\/www.webdo.tn\/fr\/actualite\/international\/guterres-les-attaques-du-hamas-ne-viennent-pas-de-rien\/209602\/","url":"https:\/\/www.webdo.tn\/fr\/actualite\/international\/guterres-les-attaques-du-hamas-ne-viennent-pas-de-rien\/209602\/","name":"Guterres : \u00ab Les attaques du Hamas ne viennent pas de rien \u00bb","isPartOf":{"@id":"https:\/\/www.webdo.tn\/fr\/#website"},"primaryImageOfPage":{"@id":"https:\/\/www.webdo.tn\/fr\/actualite\/international\/guterres-les-attaques-du-hamas-ne-viennent-pas-de-rien\/209602\/#primaryimage"},"image":{"@id":"https:\/\/www.webdo.tn\/fr\/actualite\/international\/guterres-les-attaques-du-hamas-ne-viennent-pas-de-rien\/209602\/#primaryimage"},"thumbnailUrl":"https:\/\/www.webdo.tn\/fr\/wp-content\/uploads\/2023\/10\/37ccb88d3e9b47ded1f4e3d2d6174f08.jpg","datePublished":"2023-10-25T08:06:00+00:00","dateModified":"2025-05-20T22:40:04+00:00","description":"Les d\u00e9clarations in\u00e9dites du secr\u00e9taire-g\u00e9n\u00e9ral de l\u2019ONU ont provoqu\u00e9 la col\u00e8re d\u2019Isra\u00ebl. Antonio Guterres a affirm\u00e9 que l\u2019attaque terroriste du Hamas ne vient...","breadcrumb":{"@id":"https:\/\/www.webdo.tn\/fr\/actualite\/international\/guterres-les-attaques-du-hamas-ne-viennent-pas-de-rien\/209602\/#breadcrumb"},"inLanguage":"fr-FR","potentialAction":[{"@type":"ReadAction","target":["https:\/\/www.webdo.tn\/fr\/actualite\/international\/guterres-les-attaques-du-hamas-ne-viennent-pas-de-rien\/209602\/"]}]},{"@type":"ImageObject","inLanguage":"fr-FR","@id":"https:\/\/www.webdo.tn\/fr\/actualite\/international\/guterres-les-attaques-du-hamas-ne-viennent-pas-de-rien\/209602\/#primaryimage","url":"https:\/\/www.webdo.tn\/fr\/wp-content\/uploads\/2023\/10\/37ccb88d3e9b47ded1f4e3d2d6174f08.jpg","contentUrl":"https:\/\/www.webdo.tn\/fr\/wp-content\/uploads\/2023\/10\/37ccb88d3e9b47ded1f4e3d2d6174f08.jpg","width":750,"height":400,"caption":"Guterres : \u00ab Les attaques du Hamas ne viennent pas de rien \u00bb"},{"@type":"BreadcrumbList","@id":"https:\/\/www.webdo.tn\/fr\/actualite\/international\/guterres-les-attaques-du-hamas-ne-viennent-pas-de-rien\/209602\/#breadcrumb","itemListElement":[{"@type":"ListItem","position":1,"name":"Accueil","item":"https:\/\/www.webdo.tn\/fr\/"},{"@type":"ListItem","position":2,"name":"Guterres : \u00ab Les attaques du Hamas ne viennent pas de rien \u00bb"}]},{"@type":"WebSite","@id":"https:\/\/www.webdo.tn\/fr\/#website","url":"https:\/\/www.webdo.tn\/fr\/","name":"webdo","description":"Tunisie - News en Tunisie et \u00e0 l&#039;international sur Webdo.tn","publisher":{"@id":"https:\/\/www.webdo.tn\/fr\/#organization"},"potentialAction":[{"@type":"SearchAction","target":{"@type":"EntryPoint","urlTemplate":"https:\/\/www.webdo.tn\/fr\/?s={search_term_string}"},"query-input":{"@type":"PropertyValueSpecification","valueRequired":true,"valueName":"search_term_string"}}],"inLanguage":"fr-FR"},{"@type":"Organization","@id":"https:\/\/www.webdo.tn\/fr\/#organization","name":"Webdo","alternateName":"Webdo.tn","url":"https:\/\/www.webdo.tn\/fr\/","logo":{"@type":"ImageObject","inLanguage":"fr-FR","@id":"https:\/\/www.webdo.tn\/fr\/#\/schema\/logo\/image\/","url":"https:\/\/www.webdo.tn\/fr\/wp-content\/uploads\/2025\/06\/Webdo-Tunisie_168377.jpg","contentUrl":"https:\/\/www.webdo.tn\/fr\/wp-content\/uploads\/2025\/06\/Webdo-Tunisie_168377.jpg","width":301,"height":301,"caption":"Webdo"},"image":{"@id":"https:\/\/www.webdo.tn\/fr\/#\/schema\/logo\/image\/"},"sameAs":["https:\/\/www.facebook.com\/webdotn","https:\/\/x.com\/webdo_tn"],"description":"Webdo est un m\u00e9dia num\u00e9rique tunisien fond\u00e9 en 2010, sp\u00e9cialis\u00e9 dans l\u2019actualit\u00e9 nationale et internationale, l\u2019\u00e9conomie, la soci\u00e9t\u00e9 et les analyses politiques. Le site s\u2019adresse \u00e0 un large public francophone et couvre l\u2019information tunisienne en temps r\u00e9el.","email":"redac@webdo.tn","legalName":"YNJ SARL","foundingDate":"2010-09-06","numberOfEmployees":{"@type":"QuantitativeValue","minValue":"11","maxValue":"50"}},{"@type":"Person","@id":"https:\/\/www.webdo.tn\/fr\/#\/schema\/person\/f35b42a42c5e2511bbd282959d6385cc","name":"CL","image":{"@type":"ImageObject","inLanguage":"fr-FR","@id":"https:\/\/secure.gravatar.com\/avatar\/1447a49909b67aa657c488aec6512e1dd6143a480c1ecfee9b5b5cd74eb3b59e?s=96&d=mm&r=g","url":"https:\/\/secure.gravatar.com\/avatar\/1447a49909b67aa657c488aec6512e1dd6143a480c1ecfee9b5b5cd74eb3b59e?s=96&d=mm&r=g","contentUrl":"https:\/\/secure.gravatar.com\/avatar\/1447a49909b67aa657c488aec6512e1dd6143a480c1ecfee9b5b5cd74eb3b59e?s=96&d=mm&r=g","caption":"CL"},"url":"https:\/\/www.webdo.tn\/fr\/actualite\/author\/cl\/"}]}},"_links":{"self":[{"href":"https:\/\/www.webdo.tn\/fr\/wp-json\/wp\/v2\/posts\/209602","targetHints":{"allow":["GET"]}}],"collection":[{"href":"https:\/\/www.webdo.tn\/fr\/wp-json\/wp\/v2\/posts"}],"about":[{"href":"https:\/\/www.webdo.tn\/fr\/wp-json\/wp\/v2\/types\/post"}],"author":[{"embeddable":true,"href":"https:\/\/www.webdo.tn\/fr\/wp-json\/wp\/v2\/users\/3175"}],"replies":[{"embeddable":true,"href":"https:\/\/www.webdo.tn\/fr\/wp-json\/wp\/v2\/comments?post=209602"}],"version-history":[{"count":0,"href":"https:\/\/www.webdo.tn\/fr\/wp-json\/wp\/v2\/posts\/209602\/revisions"}],"wp:featuredmedia":[{"embeddable":true,"href":"https:\/\/www.webdo.tn\/fr\/wp-json\/wp\/v2\/media\/248985"}],"wp:attachment":[{"href":"https:\/\/www.webdo.tn\/fr\/wp-json\/wp\/v2\/media?parent=209602"}],"wp:term":[{"taxonomy":"category","embeddable":true,"href":"https:\/\/www.webdo.tn\/fr\/wp-json\/wp\/v2\/categories?post=209602"},{"taxonomy":"post_tag","embeddable":true,"href":"https:\/\/www.webdo.tn\/fr\/wp-json\/wp\/v2\/tags?post=209602"}],"curies":[{"name":"wp","href":"https:\/\/api.w.org\/{rel}","templated":true}]}}