{"id":209601,"date":"2023-10-24T22:11:00","date_gmt":"2023-10-24T22:11:00","guid":{"rendered":"https:\/\/www.webdo.tn\/fr\/blog\/otages-detenus-par-le-hamas-l-italie-sollicite-la-mediation-de-la-tunisie\/209601\/"},"modified":"2025-05-20T21:56:30","modified_gmt":"2025-05-20T21:56:30","slug":"otages-detenus-par-le-hamas-l-italie-sollicite-la-mediation-de-la-tunisie","status":"publish","type":"post","link":"https:\/\/www.webdo.tn\/fr\/actualite\/national\/otages-detenus-par-le-hamas-l-italie-sollicite-la-mediation-de-la-tunisie\/209601\/","title":{"rendered":"Otages d\u00e9tenus par le Hamas : L\u2019Italie sollicite la m\u00e9diation de la Tunisie"},"content":{"rendered":"<p>Le vice-Premier ministre et ministre italien des Affaires \u00e9trang\u00e8res, Antonio Tajani, a fait savoir ce mardi 24 octobre que l\u2019Italie a sollicit\u00e9 plusieurs pays dont la Tunisie pour une m\u00e9diation dans la lib\u00e9ration des otages d\u00e9tenus par le Hamas.<\/p>\n<p>\t\t\t\t\t\t\t\t\tL\u2019Italie aurait demand\u00e9 \u00e0 la Tunisie, l\u2019\u00c9gypte, le Qatar et la Jordanie de jouer ce r\u00f4le d\u2019interm\u00e9diaire afin de parvenir \u00e0 lib\u00e9rer des otages d\u00e9tenus par le Hamas.<\/p>\n<p>\u00ab\u00a0Nous avons demand\u00e9 aux pays arabes, dont la Tunisie, l&rsquo;\u00c9gypte, le Qatar et la Jordanie, de jouer un r\u00f4le d\u2019interm\u00e9diaire dans la question des otages d\u00e9tenus par le Hamas\u00a0\u00bb, a-t-il indiqu\u00e9 et dont les propos ont \u00e9t\u00e9 rapport\u00e9s par l\u2019agence italienne Aki.<\/p>\n","protected":false},"excerpt":{"rendered":"<p>Antonio Tajani, a fait savoir que l\u2019Italie a sollicit\u00e9 plusieurs pays dont la Tunisie pour une m\u00e9diation dans la lib\u00e9ration des otages d\u00e9tenus par le Hamas.<\/p>\n","protected":false},"author":3162,"featured_media":248986,"comment_status":"open","ping_status":"closed","sticky":false,"template":"","format":"standard","meta":{"footnotes":""},"categories":[44],"tags":[3349,2660,7689,4069,2608],"class_list":["post-209601","post","type-post","status-publish","format-standard","has-post-thumbnail","hentry","category-national","tag-hamas","tag-italie","tag-mediation","tag-otages","tag-tunisie"],"yoast_head":"<!-- This site is optimized with the Yoast SEO Premium plugin v27.4 (Yoast SEO v27.4) - https:\/\/yoast.com\/product\/yoast-seo-premium-wordpress\/ -->\n<title>Otages d\u00e9tenus par le Hamas : L\u2019Italie sollicite la m\u00e9diation de la Tunisie<\/title>\n<meta name=\"description\" content=\"Antonio Tajani, a fait savoir que l\u2019Italie a sollicit\u00e9 plusieurs pays dont la Tunisie pour une m\u00e9diation dans la lib\u00e9ration des otages d\u00e9tenus par le Hamas.\" \/>\n<link rel=\"canonical\" href=\"https:\/\/www.webdo.tn\/fr\/actualite\/national\/otages-detenus-par-le-hamas-l-italie-sollicite-la-mediation-de-la-tunisie\/209601\/\" \/>\n<meta property=\"og:locale\" content=\"fr_FR\" \/>\n<meta property=\"og:type\" content=\"article\" \/>\n<meta property=\"og:title\" content=\"Otages d\u00e9tenus par le Hamas : L\u2019Italie sollicite la m\u00e9diation de la Tunisie\" \/>\n<meta property=\"og:description\" content=\"Antonio Tajani, a fait savoir que l\u2019Italie a sollicit\u00e9 plusieurs pays dont la Tunisie pour une m\u00e9diation dans la lib\u00e9ration des otages d\u00e9tenus par le Hamas.\" \/>\n<meta property=\"og:url\" content=\"https:\/\/www.webdo.tn\/fr\/actualite\/national\/otages-detenus-par-le-hamas-l-italie-sollicite-la-mediation-de-la-tunisie\/209601\/\" \/>\n<meta property=\"og:site_name\" content=\"webdo\" \/>\n<meta property=\"article:publisher\" content=\"https:\/\/www.facebook.com\/webdotn\" \/>\n<meta property=\"article:published_time\" content=\"2023-10-24T22:11:00+00:00\" \/>\n<meta property=\"article:modified_time\" content=\"2025-05-20T21:56:30+00:00\" \/>\n<meta property=\"og:image\" content=\"https:\/\/www.webdo.tn\/fr\/wp-content\/uploads\/2023\/10\/013bf771639bd1d6f4809b20e4cd46e5.jpg\" \/>\n\t<meta property=\"og:image:width\" content=\"680\" \/>\n\t<meta property=\"og:image:height\" content=\"363\" \/>\n\t<meta property=\"og:image:type\" content=\"image\/jpeg\" \/>\n<meta name=\"author\" content=\"MC\" \/>\n<meta name=\"twitter:card\" content=\"summary_large_image\" \/>\n<meta name=\"twitter:creator\" content=\"@webdo_tn\" \/>\n<meta name=\"twitter:site\" content=\"@webdo_tn\" \/>\n<meta name=\"twitter:label1\" content=\"\u00c9crit par\" \/>\n\t<meta name=\"twitter:data1\" content=\"MC\" \/>\n\t<meta name=\"twitter:label2\" content=\"Dur\u00e9e de lecture estim\u00e9e\" \/>\n\t<meta name=\"twitter:data2\" content=\"1 minute\" \/>\n<script type=\"application\/ld+json\" class=\"yoast-schema-graph\">{\"@context\":\"https:\\\/\\\/schema.org\",\"@graph\":[{\"@type\":\"NewsArticle\",\"@id\":\"https:\\\/\\\/www.webdo.tn\\\/fr\\\/actualite\\\/national\\\/otages-detenus-par-le-hamas-l-italie-sollicite-la-mediation-de-la-tunisie\\\/209601\\\/#article\",\"isPartOf\":{\"@id\":\"https:\\\/\\\/www.webdo.tn\\\/fr\\\/actualite\\\/national\\\/otages-detenus-par-le-hamas-l-italie-sollicite-la-mediation-de-la-tunisie\\\/209601\\\/\"},\"author\":{\"name\":\"MC\",\"@id\":\"https:\\\/\\\/www.webdo.tn\\\/fr\\\/#\\\/schema\\\/person\\\/2c4929cbf5a809e3bd38617c6ce150f6\"},\"headline\":\"Otages d\u00e9tenus par le Hamas : L\u2019Italie sollicite la m\u00e9diation de la Tunisie\",\"datePublished\":\"2023-10-24T22:11:00+00:00\",\"dateModified\":\"2025-05-20T21:56:30+00:00\",\"mainEntityOfPage\":{\"@id\":\"https:\\\/\\\/www.webdo.tn\\\/fr\\\/actualite\\\/national\\\/otages-detenus-par-le-hamas-l-italie-sollicite-la-mediation-de-la-tunisie\\\/209601\\\/\"},\"wordCount\":140,\"commentCount\":0,\"publisher\":{\"@id\":\"https:\\\/\\\/www.webdo.tn\\\/fr\\\/#organization\"},\"image\":{\"@id\":\"https:\\\/\\\/www.webdo.tn\\\/fr\\\/actualite\\\/national\\\/otages-detenus-par-le-hamas-l-italie-sollicite-la-mediation-de-la-tunisie\\\/209601\\\/#primaryimage\"},\"thumbnailUrl\":\"https:\\\/\\\/www.webdo.tn\\\/fr\\\/wp-content\\\/uploads\\\/2023\\\/10\\\/013bf771639bd1d6f4809b20e4cd46e5.jpg\",\"keywords\":[\"hamas\",\"Italie\",\"m\u00e9diation\",\"otages\",\"Tunisie\"],\"articleSection\":[\"National\"],\"inLanguage\":\"fr-FR\"},{\"@type\":\"WebPage\",\"@id\":\"https:\\\/\\\/www.webdo.tn\\\/fr\\\/actualite\\\/national\\\/otages-detenus-par-le-hamas-l-italie-sollicite-la-mediation-de-la-tunisie\\\/209601\\\/\",\"url\":\"https:\\\/\\\/www.webdo.tn\\\/fr\\\/actualite\\\/national\\\/otages-detenus-par-le-hamas-l-italie-sollicite-la-mediation-de-la-tunisie\\\/209601\\\/\",\"name\":\"Otages d\u00e9tenus par le Hamas : L\u2019Italie sollicite la m\u00e9diation de la Tunisie\",\"isPartOf\":{\"@id\":\"https:\\\/\\\/www.webdo.tn\\\/fr\\\/#website\"},\"primaryImageOfPage\":{\"@id\":\"https:\\\/\\\/www.webdo.tn\\\/fr\\\/actualite\\\/national\\\/otages-detenus-par-le-hamas-l-italie-sollicite-la-mediation-de-la-tunisie\\\/209601\\\/#primaryimage\"},\"image\":{\"@id\":\"https:\\\/\\\/www.webdo.tn\\\/fr\\\/actualite\\\/national\\\/otages-detenus-par-le-hamas-l-italie-sollicite-la-mediation-de-la-tunisie\\\/209601\\\/#primaryimage\"},\"thumbnailUrl\":\"https:\\\/\\\/www.webdo.tn\\\/fr\\\/wp-content\\\/uploads\\\/2023\\\/10\\\/013bf771639bd1d6f4809b20e4cd46e5.jpg\",\"datePublished\":\"2023-10-24T22:11:00+00:00\",\"dateModified\":\"2025-05-20T21:56:30+00:00\",\"description\":\"Antonio Tajani, a fait savoir que l\u2019Italie a sollicit\u00e9 plusieurs pays dont la Tunisie pour une m\u00e9diation dans la lib\u00e9ration des otages d\u00e9tenus par le Hamas.\",\"breadcrumb\":{\"@id\":\"https:\\\/\\\/www.webdo.tn\\\/fr\\\/actualite\\\/national\\\/otages-detenus-par-le-hamas-l-italie-sollicite-la-mediation-de-la-tunisie\\\/209601\\\/#breadcrumb\"},\"inLanguage\":\"fr-FR\",\"potentialAction\":[{\"@type\":\"ReadAction\",\"target\":[\"https:\\\/\\\/www.webdo.tn\\\/fr\\\/actualite\\\/national\\\/otages-detenus-par-le-hamas-l-italie-sollicite-la-mediation-de-la-tunisie\\\/209601\\\/\"]}]},{\"@type\":\"ImageObject\",\"inLanguage\":\"fr-FR\",\"@id\":\"https:\\\/\\\/www.webdo.tn\\\/fr\\\/actualite\\\/national\\\/otages-detenus-par-le-hamas-l-italie-sollicite-la-mediation-de-la-tunisie\\\/209601\\\/#primaryimage\",\"url\":\"https:\\\/\\\/www.webdo.tn\\\/fr\\\/wp-content\\\/uploads\\\/2023\\\/10\\\/013bf771639bd1d6f4809b20e4cd46e5.jpg\",\"contentUrl\":\"https:\\\/\\\/www.webdo.tn\\\/fr\\\/wp-content\\\/uploads\\\/2023\\\/10\\\/013bf771639bd1d6f4809b20e4cd46e5.jpg\",\"width\":680,\"height\":363,\"caption\":\"Otages d\u00e9tenus par le Hamas : L\u2019Italie sollicite la m\u00e9diation de la Tunisie\"},{\"@type\":\"BreadcrumbList\",\"@id\":\"https:\\\/\\\/www.webdo.tn\\\/fr\\\/actualite\\\/national\\\/otages-detenus-par-le-hamas-l-italie-sollicite-la-mediation-de-la-tunisie\\\/209601\\\/#breadcrumb\",\"itemListElement\":[{\"@type\":\"ListItem\",\"position\":1,\"name\":\"Accueil\",\"item\":\"https:\\\/\\\/www.webdo.tn\\\/fr\\\/\"},{\"@type\":\"ListItem\",\"position\":2,\"name\":\"Otages d\u00e9tenus par le Hamas : L\u2019Italie sollicite la m\u00e9diation de la Tunisie\"}]},{\"@type\":\"WebSite\",\"@id\":\"https:\\\/\\\/www.webdo.tn\\\/fr\\\/#website\",\"url\":\"https:\\\/\\\/www.webdo.tn\\\/fr\\\/\",\"name\":\"webdo\",\"description\":\"Tunisie - News en Tunisie et \u00e0 l&#039;international sur Webdo.tn\",\"publisher\":{\"@id\":\"https:\\\/\\\/www.webdo.tn\\\/fr\\\/#organization\"},\"potentialAction\":[{\"@type\":\"SearchAction\",\"target\":{\"@type\":\"EntryPoint\",\"urlTemplate\":\"https:\\\/\\\/www.webdo.tn\\\/fr\\\/?s={search_term_string}\"},\"query-input\":{\"@type\":\"PropertyValueSpecification\",\"valueRequired\":true,\"valueName\":\"search_term_string\"}}],\"inLanguage\":\"fr-FR\"},{\"@type\":\"Organization\",\"@id\":\"https:\\\/\\\/www.webdo.tn\\\/fr\\\/#organization\",\"name\":\"Webdo\",\"alternateName\":\"Webdo.tn\",\"url\":\"https:\\\/\\\/www.webdo.tn\\\/fr\\\/\",\"logo\":{\"@type\":\"ImageObject\",\"inLanguage\":\"fr-FR\",\"@id\":\"https:\\\/\\\/www.webdo.tn\\\/fr\\\/#\\\/schema\\\/logo\\\/image\\\/\",\"url\":\"https:\\\/\\\/www.webdo.tn\\\/fr\\\/wp-content\\\/uploads\\\/2025\\\/06\\\/Webdo-Tunisie_168377.jpg\",\"contentUrl\":\"https:\\\/\\\/www.webdo.tn\\\/fr\\\/wp-content\\\/uploads\\\/2025\\\/06\\\/Webdo-Tunisie_168377.jpg\",\"width\":301,\"height\":301,\"caption\":\"Webdo\"},\"image\":{\"@id\":\"https:\\\/\\\/www.webdo.tn\\\/fr\\\/#\\\/schema\\\/logo\\\/image\\\/\"},\"sameAs\":[\"https:\\\/\\\/www.facebook.com\\\/webdotn\",\"https:\\\/\\\/x.com\\\/webdo_tn\"],\"description\":\"Webdo est un m\u00e9dia num\u00e9rique tunisien fond\u00e9 en 2010, sp\u00e9cialis\u00e9 dans l\u2019actualit\u00e9 nationale et internationale, l\u2019\u00e9conomie, la soci\u00e9t\u00e9 et les analyses politiques. Le site s\u2019adresse \u00e0 un large public francophone et couvre l\u2019information tunisienne en temps r\u00e9el.\",\"email\":\"redac@webdo.tn\",\"legalName\":\"YNJ SARL\",\"foundingDate\":\"2010-09-06\",\"numberOfEmployees\":{\"@type\":\"QuantitativeValue\",\"minValue\":\"11\",\"maxValue\":\"50\"}},{\"@type\":\"Person\",\"@id\":\"https:\\\/\\\/www.webdo.tn\\\/fr\\\/#\\\/schema\\\/person\\\/2c4929cbf5a809e3bd38617c6ce150f6\",\"name\":\"MC\",\"image\":{\"@type\":\"ImageObject\",\"inLanguage\":\"fr-FR\",\"@id\":\"https:\\\/\\\/secure.gravatar.com\\\/avatar\\\/a545bbb6f84efdd5553dbbc2895e3ca8f1d12c5215e00a041c9670b54aa9b18a?s=96&d=mm&r=g\",\"url\":\"https:\\\/\\\/secure.gravatar.com\\\/avatar\\\/a545bbb6f84efdd5553dbbc2895e3ca8f1d12c5215e00a041c9670b54aa9b18a?s=96&d=mm&r=g\",\"contentUrl\":\"https:\\\/\\\/secure.gravatar.com\\\/avatar\\\/a545bbb6f84efdd5553dbbc2895e3ca8f1d12c5215e00a041c9670b54aa9b18a?s=96&d=mm&r=g\",\"caption\":\"MC\"},\"url\":\"https:\\\/\\\/www.webdo.tn\\\/fr\\\/actualite\\\/author\\\/mc\\\/\"}]}<\/script>\n<!-- \/ Yoast SEO Premium plugin. -->","yoast_head_json":{"title":"Otages d\u00e9tenus par le Hamas : L\u2019Italie sollicite la m\u00e9diation de la Tunisie","description":"Antonio Tajani, a fait savoir que l\u2019Italie a sollicit\u00e9 plusieurs pays dont la Tunisie pour une m\u00e9diation dans la lib\u00e9ration des otages d\u00e9tenus par le Hamas.","canonical":"https:\/\/www.webdo.tn\/fr\/actualite\/national\/otages-detenus-par-le-hamas-l-italie-sollicite-la-mediation-de-la-tunisie\/209601\/","og_locale":"fr_FR","og_type":"article","og_title":"Otages d\u00e9tenus par le Hamas : L\u2019Italie sollicite la m\u00e9diation de la Tunisie","og_description":"Antonio Tajani, a fait savoir que l\u2019Italie a sollicit\u00e9 plusieurs pays dont la Tunisie pour une m\u00e9diation dans la lib\u00e9ration des otages d\u00e9tenus par le Hamas.","og_url":"https:\/\/www.webdo.tn\/fr\/actualite\/national\/otages-detenus-par-le-hamas-l-italie-sollicite-la-mediation-de-la-tunisie\/209601\/","og_site_name":"webdo","article_publisher":"https:\/\/www.facebook.com\/webdotn","article_published_time":"2023-10-24T22:11:00+00:00","article_modified_time":"2025-05-20T21:56:30+00:00","og_image":[{"width":680,"height":363,"url":"https:\/\/www.webdo.tn\/fr\/wp-content\/uploads\/2023\/10\/013bf771639bd1d6f4809b20e4cd46e5.jpg","type":"image\/jpeg"}],"author":"MC","twitter_card":"summary_large_image","twitter_creator":"@webdo_tn","twitter_site":"@webdo_tn","twitter_misc":{"\u00c9crit par":"MC","Dur\u00e9e de lecture estim\u00e9e":"1 minute"},"schema":{"@context":"https:\/\/schema.org","@graph":[{"@type":"NewsArticle","@id":"https:\/\/www.webdo.tn\/fr\/actualite\/national\/otages-detenus-par-le-hamas-l-italie-sollicite-la-mediation-de-la-tunisie\/209601\/#article","isPartOf":{"@id":"https:\/\/www.webdo.tn\/fr\/actualite\/national\/otages-detenus-par-le-hamas-l-italie-sollicite-la-mediation-de-la-tunisie\/209601\/"},"author":{"name":"MC","@id":"https:\/\/www.webdo.tn\/fr\/#\/schema\/person\/2c4929cbf5a809e3bd38617c6ce150f6"},"headline":"Otages d\u00e9tenus par le Hamas : L\u2019Italie sollicite la m\u00e9diation de la Tunisie","datePublished":"2023-10-24T22:11:00+00:00","dateModified":"2025-05-20T21:56:30+00:00","mainEntityOfPage":{"@id":"https:\/\/www.webdo.tn\/fr\/actualite\/national\/otages-detenus-par-le-hamas-l-italie-sollicite-la-mediation-de-la-tunisie\/209601\/"},"wordCount":140,"commentCount":0,"publisher":{"@id":"https:\/\/www.webdo.tn\/fr\/#organization"},"image":{"@id":"https:\/\/www.webdo.tn\/fr\/actualite\/national\/otages-detenus-par-le-hamas-l-italie-sollicite-la-mediation-de-la-tunisie\/209601\/#primaryimage"},"thumbnailUrl":"https:\/\/www.webdo.tn\/fr\/wp-content\/uploads\/2023\/10\/013bf771639bd1d6f4809b20e4cd46e5.jpg","keywords":["hamas","Italie","m\u00e9diation","otages","Tunisie"],"articleSection":["National"],"inLanguage":"fr-FR"},{"@type":"WebPage","@id":"https:\/\/www.webdo.tn\/fr\/actualite\/national\/otages-detenus-par-le-hamas-l-italie-sollicite-la-mediation-de-la-tunisie\/209601\/","url":"https:\/\/www.webdo.tn\/fr\/actualite\/national\/otages-detenus-par-le-hamas-l-italie-sollicite-la-mediation-de-la-tunisie\/209601\/","name":"Otages d\u00e9tenus par le Hamas : L\u2019Italie sollicite la m\u00e9diation de la Tunisie","isPartOf":{"@id":"https:\/\/www.webdo.tn\/fr\/#website"},"primaryImageOfPage":{"@id":"https:\/\/www.webdo.tn\/fr\/actualite\/national\/otages-detenus-par-le-hamas-l-italie-sollicite-la-mediation-de-la-tunisie\/209601\/#primaryimage"},"image":{"@id":"https:\/\/www.webdo.tn\/fr\/actualite\/national\/otages-detenus-par-le-hamas-l-italie-sollicite-la-mediation-de-la-tunisie\/209601\/#primaryimage"},"thumbnailUrl":"https:\/\/www.webdo.tn\/fr\/wp-content\/uploads\/2023\/10\/013bf771639bd1d6f4809b20e4cd46e5.jpg","datePublished":"2023-10-24T22:11:00+00:00","dateModified":"2025-05-20T21:56:30+00:00","description":"Antonio Tajani, a fait savoir que l\u2019Italie a sollicit\u00e9 plusieurs pays dont la Tunisie pour une m\u00e9diation dans la lib\u00e9ration des otages d\u00e9tenus par le Hamas.","breadcrumb":{"@id":"https:\/\/www.webdo.tn\/fr\/actualite\/national\/otages-detenus-par-le-hamas-l-italie-sollicite-la-mediation-de-la-tunisie\/209601\/#breadcrumb"},"inLanguage":"fr-FR","potentialAction":[{"@type":"ReadAction","target":["https:\/\/www.webdo.tn\/fr\/actualite\/national\/otages-detenus-par-le-hamas-l-italie-sollicite-la-mediation-de-la-tunisie\/209601\/"]}]},{"@type":"ImageObject","inLanguage":"fr-FR","@id":"https:\/\/www.webdo.tn\/fr\/actualite\/national\/otages-detenus-par-le-hamas-l-italie-sollicite-la-mediation-de-la-tunisie\/209601\/#primaryimage","url":"https:\/\/www.webdo.tn\/fr\/wp-content\/uploads\/2023\/10\/013bf771639bd1d6f4809b20e4cd46e5.jpg","contentUrl":"https:\/\/www.webdo.tn\/fr\/wp-content\/uploads\/2023\/10\/013bf771639bd1d6f4809b20e4cd46e5.jpg","width":680,"height":363,"caption":"Otages d\u00e9tenus par le Hamas : L\u2019Italie sollicite la m\u00e9diation de la Tunisie"},{"@type":"BreadcrumbList","@id":"https:\/\/www.webdo.tn\/fr\/actualite\/national\/otages-detenus-par-le-hamas-l-italie-sollicite-la-mediation-de-la-tunisie\/209601\/#breadcrumb","itemListElement":[{"@type":"ListItem","position":1,"name":"Accueil","item":"https:\/\/www.webdo.tn\/fr\/"},{"@type":"ListItem","position":2,"name":"Otages d\u00e9tenus par le Hamas : L\u2019Italie sollicite la m\u00e9diation de la Tunisie"}]},{"@type":"WebSite","@id":"https:\/\/www.webdo.tn\/fr\/#website","url":"https:\/\/www.webdo.tn\/fr\/","name":"webdo","description":"Tunisie - News en Tunisie et \u00e0 l&#039;international sur Webdo.tn","publisher":{"@id":"https:\/\/www.webdo.tn\/fr\/#organization"},"potentialAction":[{"@type":"SearchAction","target":{"@type":"EntryPoint","urlTemplate":"https:\/\/www.webdo.tn\/fr\/?s={search_term_string}"},"query-input":{"@type":"PropertyValueSpecification","valueRequired":true,"valueName":"search_term_string"}}],"inLanguage":"fr-FR"},{"@type":"Organization","@id":"https:\/\/www.webdo.tn\/fr\/#organization","name":"Webdo","alternateName":"Webdo.tn","url":"https:\/\/www.webdo.tn\/fr\/","logo":{"@type":"ImageObject","inLanguage":"fr-FR","@id":"https:\/\/www.webdo.tn\/fr\/#\/schema\/logo\/image\/","url":"https:\/\/www.webdo.tn\/fr\/wp-content\/uploads\/2025\/06\/Webdo-Tunisie_168377.jpg","contentUrl":"https:\/\/www.webdo.tn\/fr\/wp-content\/uploads\/2025\/06\/Webdo-Tunisie_168377.jpg","width":301,"height":301,"caption":"Webdo"},"image":{"@id":"https:\/\/www.webdo.tn\/fr\/#\/schema\/logo\/image\/"},"sameAs":["https:\/\/www.facebook.com\/webdotn","https:\/\/x.com\/webdo_tn"],"description":"Webdo est un m\u00e9dia num\u00e9rique tunisien fond\u00e9 en 2010, sp\u00e9cialis\u00e9 dans l\u2019actualit\u00e9 nationale et internationale, l\u2019\u00e9conomie, la soci\u00e9t\u00e9 et les analyses politiques. Le site s\u2019adresse \u00e0 un large public francophone et couvre l\u2019information tunisienne en temps r\u00e9el.","email":"redac@webdo.tn","legalName":"YNJ SARL","foundingDate":"2010-09-06","numberOfEmployees":{"@type":"QuantitativeValue","minValue":"11","maxValue":"50"}},{"@type":"Person","@id":"https:\/\/www.webdo.tn\/fr\/#\/schema\/person\/2c4929cbf5a809e3bd38617c6ce150f6","name":"MC","image":{"@type":"ImageObject","inLanguage":"fr-FR","@id":"https:\/\/secure.gravatar.com\/avatar\/a545bbb6f84efdd5553dbbc2895e3ca8f1d12c5215e00a041c9670b54aa9b18a?s=96&d=mm&r=g","url":"https:\/\/secure.gravatar.com\/avatar\/a545bbb6f84efdd5553dbbc2895e3ca8f1d12c5215e00a041c9670b54aa9b18a?s=96&d=mm&r=g","contentUrl":"https:\/\/secure.gravatar.com\/avatar\/a545bbb6f84efdd5553dbbc2895e3ca8f1d12c5215e00a041c9670b54aa9b18a?s=96&d=mm&r=g","caption":"MC"},"url":"https:\/\/www.webdo.tn\/fr\/actualite\/author\/mc\/"}]}},"_links":{"self":[{"href":"https:\/\/www.webdo.tn\/fr\/wp-json\/wp\/v2\/posts\/209601","targetHints":{"allow":["GET"]}}],"collection":[{"href":"https:\/\/www.webdo.tn\/fr\/wp-json\/wp\/v2\/posts"}],"about":[{"href":"https:\/\/www.webdo.tn\/fr\/wp-json\/wp\/v2\/types\/post"}],"author":[{"embeddable":true,"href":"https:\/\/www.webdo.tn\/fr\/wp-json\/wp\/v2\/users\/3162"}],"replies":[{"embeddable":true,"href":"https:\/\/www.webdo.tn\/fr\/wp-json\/wp\/v2\/comments?post=209601"}],"version-history":[{"count":0,"href":"https:\/\/www.webdo.tn\/fr\/wp-json\/wp\/v2\/posts\/209601\/revisions"}],"wp:featuredmedia":[{"embeddable":true,"href":"https:\/\/www.webdo.tn\/fr\/wp-json\/wp\/v2\/media\/248986"}],"wp:attachment":[{"href":"https:\/\/www.webdo.tn\/fr\/wp-json\/wp\/v2\/media?parent=209601"}],"wp:term":[{"taxonomy":"category","embeddable":true,"href":"https:\/\/www.webdo.tn\/fr\/wp-json\/wp\/v2\/categories?post=209601"},{"taxonomy":"post_tag","embeddable":true,"href":"https:\/\/www.webdo.tn\/fr\/wp-json\/wp\/v2\/tags?post=209601"}],"curies":[{"name":"wp","href":"https:\/\/api.w.org\/{rel}","templated":true}]}}