{"id":209598,"date":"2023-10-24T21:41:00","date_gmt":"2023-10-24T21:41:00","guid":{"rendered":"https:\/\/www.webdo.tn\/fr\/blog\/une-unite-navale-des-brigades-d-al-qassam-s-infiltre-dans-les-colonies-israeliennes\/209598\/"},"modified":"2025-05-20T21:56:28","modified_gmt":"2025-05-20T21:56:28","slug":"une-unite-navale-des-brigades-d-al-qassam-s-infiltre-dans-les-colonies-israeliennes","status":"publish","type":"post","link":"https:\/\/www.webdo.tn\/fr\/actualite\/international\/une-unite-navale-des-brigades-d-al-qassam-s-infiltre-dans-les-colonies-israeliennes\/209598\/","title":{"rendered":"Une unit\u00e9 navale des Brigades d&rsquo;Al-Qassam s\u2019infiltre dans les colonies isra\u00e9liennes"},"content":{"rendered":"<p>Les Brigades Al-Qassam, branche militaire du mouvement Hamas, ont annonc\u00e9, ce mardi 24 octobre 2023, avoir men\u00e9 des incursions maritimes dans les territoires palestiniens occup\u00e9s par Isra\u00ebl.<\/p>\n<p>\t\t\t\t\t\t\t\t\tLes Brigades Al-Qassam ont confirm\u00e9 qu&rsquo;une unit\u00e9 sp\u00e9ciale compos\u00e9e d\u2019hommes-grenouilles a pu s\u2019infiltrer par voie maritime sur ces territoires et gagner les rives de la colonie de Zikim, au sud d\u2019Ashkelon occup\u00e9e.<\/p>\n<p>Des affrontements arm\u00e9s sont en cours, avec les forces sionistes dans cette zone, ajoutent les Brigades Al-Qassam.<\/p>\n<p>Les m\u00e9dias isra\u00e9liens ont confirm\u00e9 cette information, rapportant que des affrontements ont eu lieu entre l\u2019arm\u00e9e isra\u00e9lienne et 15 hommes arm\u00e9s qui ont gagn\u00e9 la base navale de Zikim, au nord de la bande de Gaza.<\/p>\n<p>Plus t\u00f4t dans la journ\u00e9e, Al-Qassam a tir\u00e9 plusieurs salves de roquettes vers les territoires occup\u00e9s, prenant pour cible l\u2019a\u00e9roport Ben Gourion, de la r\u00e9gion de Beer Sheva dans le N\u00e9guev et du complexe isra\u00e9lien Moftahim.<\/p>\n","protected":false},"excerpt":{"rendered":"<p>Les Brigades Al-Qassam ont annonc\u00e9, ce mardi 24 octobre 2023, avoir men\u00e9 des incursions maritimes dans les territoires palestiniens occup\u00e9s par Isra\u00ebl.<\/p>\n","protected":false},"author":3162,"featured_media":248982,"comment_status":"open","ping_status":"closed","sticky":false,"template":"","format":"standard","meta":{"footnotes":""},"categories":[2598],"tags":[7667,2600,3349,2636,2688],"class_list":["post-209598","post","type-post","status-publish","format-standard","has-post-thumbnail","hentry","category-international","tag-brigades-al-qassam","tag-guerre","tag-hamas","tag-israel","tag-palestine"],"yoast_head":"<!-- This site is optimized with the Yoast SEO Premium plugin v27.4 (Yoast SEO v27.4) - https:\/\/yoast.com\/product\/yoast-seo-premium-wordpress\/ -->\n<title>Une unit\u00e9 navale des Brigades d&#039;Al-Qassam s\u2019infiltre dans les colonies isra\u00e9liennes<\/title>\n<meta name=\"description\" content=\"Les Brigades Al-Qassam ont annonc\u00e9, ce mardi 24 octobre 2023, avoir men\u00e9 des incursions maritimes dans les territoires palestiniens occup\u00e9s par Isra\u00ebl.\" \/>\n<link rel=\"canonical\" href=\"https:\/\/www.webdo.tn\/fr\/actualite\/international\/une-unite-navale-des-brigades-d-al-qassam-s-infiltre-dans-les-colonies-israeliennes\/209598\/\" \/>\n<meta property=\"og:locale\" content=\"fr_FR\" \/>\n<meta property=\"og:type\" content=\"article\" \/>\n<meta property=\"og:title\" content=\"Une unit\u00e9 navale des Brigades d&#039;Al-Qassam s\u2019infiltre dans les colonies isra\u00e9liennes\" \/>\n<meta property=\"og:description\" content=\"Les Brigades Al-Qassam ont annonc\u00e9, ce mardi 24 octobre 2023, avoir men\u00e9 des incursions maritimes dans les territoires palestiniens occup\u00e9s par Isra\u00ebl.\" \/>\n<meta property=\"og:url\" content=\"https:\/\/www.webdo.tn\/fr\/actualite\/international\/une-unite-navale-des-brigades-d-al-qassam-s-infiltre-dans-les-colonies-israeliennes\/209598\/\" \/>\n<meta property=\"og:site_name\" content=\"webdo\" \/>\n<meta property=\"article:publisher\" content=\"https:\/\/www.facebook.com\/webdotn\" \/>\n<meta property=\"article:published_time\" content=\"2023-10-24T21:41:00+00:00\" \/>\n<meta property=\"article:modified_time\" content=\"2025-05-20T21:56:28+00:00\" \/>\n<meta property=\"og:image\" content=\"https:\/\/www.webdo.tn\/fr\/wp-content\/uploads\/2023\/10\/ffd65687c1bd579c77692ccc3cf4a7fb.jpg\" \/>\n\t<meta property=\"og:image:width\" content=\"750\" \/>\n\t<meta property=\"og:image:height\" content=\"400\" \/>\n\t<meta property=\"og:image:type\" content=\"image\/jpeg\" \/>\n<meta name=\"author\" content=\"MC\" \/>\n<meta name=\"twitter:card\" content=\"summary_large_image\" \/>\n<meta name=\"twitter:creator\" content=\"@webdo_tn\" \/>\n<meta name=\"twitter:site\" content=\"@webdo_tn\" \/>\n<meta name=\"twitter:label1\" content=\"\u00c9crit par\" \/>\n\t<meta name=\"twitter:data1\" content=\"MC\" \/>\n\t<meta name=\"twitter:label2\" content=\"Dur\u00e9e de lecture estim\u00e9e\" \/>\n\t<meta name=\"twitter:data2\" content=\"1 minute\" \/>\n<script type=\"application\/ld+json\" class=\"yoast-schema-graph\">{\"@context\":\"https:\\\/\\\/schema.org\",\"@graph\":[{\"@type\":\"NewsArticle\",\"@id\":\"https:\\\/\\\/www.webdo.tn\\\/fr\\\/actualite\\\/international\\\/une-unite-navale-des-brigades-d-al-qassam-s-infiltre-dans-les-colonies-israeliennes\\\/209598\\\/#article\",\"isPartOf\":{\"@id\":\"https:\\\/\\\/www.webdo.tn\\\/fr\\\/actualite\\\/international\\\/une-unite-navale-des-brigades-d-al-qassam-s-infiltre-dans-les-colonies-israeliennes\\\/209598\\\/\"},\"author\":{\"name\":\"MC\",\"@id\":\"https:\\\/\\\/www.webdo.tn\\\/fr\\\/#\\\/schema\\\/person\\\/2c4929cbf5a809e3bd38617c6ce150f6\"},\"headline\":\"Une unit\u00e9 navale des Brigades d&rsquo;Al-Qassam s\u2019infiltre dans les colonies isra\u00e9liennes\",\"datePublished\":\"2023-10-24T21:41:00+00:00\",\"dateModified\":\"2025-05-20T21:56:28+00:00\",\"mainEntityOfPage\":{\"@id\":\"https:\\\/\\\/www.webdo.tn\\\/fr\\\/actualite\\\/international\\\/une-unite-navale-des-brigades-d-al-qassam-s-infiltre-dans-les-colonies-israeliennes\\\/209598\\\/\"},\"wordCount\":183,\"commentCount\":0,\"publisher\":{\"@id\":\"https:\\\/\\\/www.webdo.tn\\\/fr\\\/#organization\"},\"image\":{\"@id\":\"https:\\\/\\\/www.webdo.tn\\\/fr\\\/actualite\\\/international\\\/une-unite-navale-des-brigades-d-al-qassam-s-infiltre-dans-les-colonies-israeliennes\\\/209598\\\/#primaryimage\"},\"thumbnailUrl\":\"https:\\\/\\\/www.webdo.tn\\\/fr\\\/wp-content\\\/uploads\\\/2023\\\/10\\\/ffd65687c1bd579c77692ccc3cf4a7fb.jpg\",\"keywords\":[\"brigades al qassam\",\"guerre\",\"hamas\",\"isra\u00ebl\",\"Palestine\"],\"articleSection\":[\"International\"],\"inLanguage\":\"fr-FR\"},{\"@type\":\"WebPage\",\"@id\":\"https:\\\/\\\/www.webdo.tn\\\/fr\\\/actualite\\\/international\\\/une-unite-navale-des-brigades-d-al-qassam-s-infiltre-dans-les-colonies-israeliennes\\\/209598\\\/\",\"url\":\"https:\\\/\\\/www.webdo.tn\\\/fr\\\/actualite\\\/international\\\/une-unite-navale-des-brigades-d-al-qassam-s-infiltre-dans-les-colonies-israeliennes\\\/209598\\\/\",\"name\":\"Une unit\u00e9 navale des Brigades d'Al-Qassam s\u2019infiltre dans les colonies isra\u00e9liennes\",\"isPartOf\":{\"@id\":\"https:\\\/\\\/www.webdo.tn\\\/fr\\\/#website\"},\"primaryImageOfPage\":{\"@id\":\"https:\\\/\\\/www.webdo.tn\\\/fr\\\/actualite\\\/international\\\/une-unite-navale-des-brigades-d-al-qassam-s-infiltre-dans-les-colonies-israeliennes\\\/209598\\\/#primaryimage\"},\"image\":{\"@id\":\"https:\\\/\\\/www.webdo.tn\\\/fr\\\/actualite\\\/international\\\/une-unite-navale-des-brigades-d-al-qassam-s-infiltre-dans-les-colonies-israeliennes\\\/209598\\\/#primaryimage\"},\"thumbnailUrl\":\"https:\\\/\\\/www.webdo.tn\\\/fr\\\/wp-content\\\/uploads\\\/2023\\\/10\\\/ffd65687c1bd579c77692ccc3cf4a7fb.jpg\",\"datePublished\":\"2023-10-24T21:41:00+00:00\",\"dateModified\":\"2025-05-20T21:56:28+00:00\",\"description\":\"Les Brigades Al-Qassam ont annonc\u00e9, ce mardi 24 octobre 2023, avoir men\u00e9 des incursions maritimes dans les territoires palestiniens occup\u00e9s par Isra\u00ebl.\",\"breadcrumb\":{\"@id\":\"https:\\\/\\\/www.webdo.tn\\\/fr\\\/actualite\\\/international\\\/une-unite-navale-des-brigades-d-al-qassam-s-infiltre-dans-les-colonies-israeliennes\\\/209598\\\/#breadcrumb\"},\"inLanguage\":\"fr-FR\",\"potentialAction\":[{\"@type\":\"ReadAction\",\"target\":[\"https:\\\/\\\/www.webdo.tn\\\/fr\\\/actualite\\\/international\\\/une-unite-navale-des-brigades-d-al-qassam-s-infiltre-dans-les-colonies-israeliennes\\\/209598\\\/\"]}]},{\"@type\":\"ImageObject\",\"inLanguage\":\"fr-FR\",\"@id\":\"https:\\\/\\\/www.webdo.tn\\\/fr\\\/actualite\\\/international\\\/une-unite-navale-des-brigades-d-al-qassam-s-infiltre-dans-les-colonies-israeliennes\\\/209598\\\/#primaryimage\",\"url\":\"https:\\\/\\\/www.webdo.tn\\\/fr\\\/wp-content\\\/uploads\\\/2023\\\/10\\\/ffd65687c1bd579c77692ccc3cf4a7fb.jpg\",\"contentUrl\":\"https:\\\/\\\/www.webdo.tn\\\/fr\\\/wp-content\\\/uploads\\\/2023\\\/10\\\/ffd65687c1bd579c77692ccc3cf4a7fb.jpg\",\"width\":750,\"height\":400,\"caption\":\"Une unit\u00e9 navale des Brigades d'Al-Qassam s\u2019infiltre dans les colonies isra\u00e9liennes\"},{\"@type\":\"BreadcrumbList\",\"@id\":\"https:\\\/\\\/www.webdo.tn\\\/fr\\\/actualite\\\/international\\\/une-unite-navale-des-brigades-d-al-qassam-s-infiltre-dans-les-colonies-israeliennes\\\/209598\\\/#breadcrumb\",\"itemListElement\":[{\"@type\":\"ListItem\",\"position\":1,\"name\":\"Accueil\",\"item\":\"https:\\\/\\\/www.webdo.tn\\\/fr\\\/\"},{\"@type\":\"ListItem\",\"position\":2,\"name\":\"Une unit\u00e9 navale des Brigades d&rsquo;Al-Qassam s\u2019infiltre dans les colonies isra\u00e9liennes\"}]},{\"@type\":\"WebSite\",\"@id\":\"https:\\\/\\\/www.webdo.tn\\\/fr\\\/#website\",\"url\":\"https:\\\/\\\/www.webdo.tn\\\/fr\\\/\",\"name\":\"webdo\",\"description\":\"Tunisie - News en Tunisie et \u00e0 l&#039;international sur Webdo.tn\",\"publisher\":{\"@id\":\"https:\\\/\\\/www.webdo.tn\\\/fr\\\/#organization\"},\"potentialAction\":[{\"@type\":\"SearchAction\",\"target\":{\"@type\":\"EntryPoint\",\"urlTemplate\":\"https:\\\/\\\/www.webdo.tn\\\/fr\\\/?s={search_term_string}\"},\"query-input\":{\"@type\":\"PropertyValueSpecification\",\"valueRequired\":true,\"valueName\":\"search_term_string\"}}],\"inLanguage\":\"fr-FR\"},{\"@type\":\"Organization\",\"@id\":\"https:\\\/\\\/www.webdo.tn\\\/fr\\\/#organization\",\"name\":\"Webdo\",\"alternateName\":\"Webdo.tn\",\"url\":\"https:\\\/\\\/www.webdo.tn\\\/fr\\\/\",\"logo\":{\"@type\":\"ImageObject\",\"inLanguage\":\"fr-FR\",\"@id\":\"https:\\\/\\\/www.webdo.tn\\\/fr\\\/#\\\/schema\\\/logo\\\/image\\\/\",\"url\":\"https:\\\/\\\/www.webdo.tn\\\/fr\\\/wp-content\\\/uploads\\\/2025\\\/06\\\/Webdo-Tunisie_168377.jpg\",\"contentUrl\":\"https:\\\/\\\/www.webdo.tn\\\/fr\\\/wp-content\\\/uploads\\\/2025\\\/06\\\/Webdo-Tunisie_168377.jpg\",\"width\":301,\"height\":301,\"caption\":\"Webdo\"},\"image\":{\"@id\":\"https:\\\/\\\/www.webdo.tn\\\/fr\\\/#\\\/schema\\\/logo\\\/image\\\/\"},\"sameAs\":[\"https:\\\/\\\/www.facebook.com\\\/webdotn\",\"https:\\\/\\\/x.com\\\/webdo_tn\"],\"description\":\"Webdo est un m\u00e9dia num\u00e9rique tunisien fond\u00e9 en 2010, sp\u00e9cialis\u00e9 dans l\u2019actualit\u00e9 nationale et internationale, l\u2019\u00e9conomie, la soci\u00e9t\u00e9 et les analyses politiques. Le site s\u2019adresse \u00e0 un large public francophone et couvre l\u2019information tunisienne en temps r\u00e9el.\",\"email\":\"redac@webdo.tn\",\"legalName\":\"YNJ SARL\",\"foundingDate\":\"2010-09-06\",\"numberOfEmployees\":{\"@type\":\"QuantitativeValue\",\"minValue\":\"11\",\"maxValue\":\"50\"}},{\"@type\":\"Person\",\"@id\":\"https:\\\/\\\/www.webdo.tn\\\/fr\\\/#\\\/schema\\\/person\\\/2c4929cbf5a809e3bd38617c6ce150f6\",\"name\":\"MC\",\"image\":{\"@type\":\"ImageObject\",\"inLanguage\":\"fr-FR\",\"@id\":\"https:\\\/\\\/secure.gravatar.com\\\/avatar\\\/a545bbb6f84efdd5553dbbc2895e3ca8f1d12c5215e00a041c9670b54aa9b18a?s=96&d=mm&r=g\",\"url\":\"https:\\\/\\\/secure.gravatar.com\\\/avatar\\\/a545bbb6f84efdd5553dbbc2895e3ca8f1d12c5215e00a041c9670b54aa9b18a?s=96&d=mm&r=g\",\"contentUrl\":\"https:\\\/\\\/secure.gravatar.com\\\/avatar\\\/a545bbb6f84efdd5553dbbc2895e3ca8f1d12c5215e00a041c9670b54aa9b18a?s=96&d=mm&r=g\",\"caption\":\"MC\"},\"url\":\"https:\\\/\\\/www.webdo.tn\\\/fr\\\/actualite\\\/author\\\/mc\\\/\"}]}<\/script>\n<!-- \/ Yoast SEO Premium plugin. -->","yoast_head_json":{"title":"Une unit\u00e9 navale des Brigades d'Al-Qassam s\u2019infiltre dans les colonies isra\u00e9liennes","description":"Les Brigades Al-Qassam ont annonc\u00e9, ce mardi 24 octobre 2023, avoir men\u00e9 des incursions maritimes dans les territoires palestiniens occup\u00e9s par Isra\u00ebl.","canonical":"https:\/\/www.webdo.tn\/fr\/actualite\/international\/une-unite-navale-des-brigades-d-al-qassam-s-infiltre-dans-les-colonies-israeliennes\/209598\/","og_locale":"fr_FR","og_type":"article","og_title":"Une unit\u00e9 navale des Brigades d'Al-Qassam s\u2019infiltre dans les colonies isra\u00e9liennes","og_description":"Les Brigades Al-Qassam ont annonc\u00e9, ce mardi 24 octobre 2023, avoir men\u00e9 des incursions maritimes dans les territoires palestiniens occup\u00e9s par Isra\u00ebl.","og_url":"https:\/\/www.webdo.tn\/fr\/actualite\/international\/une-unite-navale-des-brigades-d-al-qassam-s-infiltre-dans-les-colonies-israeliennes\/209598\/","og_site_name":"webdo","article_publisher":"https:\/\/www.facebook.com\/webdotn","article_published_time":"2023-10-24T21:41:00+00:00","article_modified_time":"2025-05-20T21:56:28+00:00","og_image":[{"width":750,"height":400,"url":"https:\/\/www.webdo.tn\/fr\/wp-content\/uploads\/2023\/10\/ffd65687c1bd579c77692ccc3cf4a7fb.jpg","type":"image\/jpeg"}],"author":"MC","twitter_card":"summary_large_image","twitter_creator":"@webdo_tn","twitter_site":"@webdo_tn","twitter_misc":{"\u00c9crit par":"MC","Dur\u00e9e de lecture estim\u00e9e":"1 minute"},"schema":{"@context":"https:\/\/schema.org","@graph":[{"@type":"NewsArticle","@id":"https:\/\/www.webdo.tn\/fr\/actualite\/international\/une-unite-navale-des-brigades-d-al-qassam-s-infiltre-dans-les-colonies-israeliennes\/209598\/#article","isPartOf":{"@id":"https:\/\/www.webdo.tn\/fr\/actualite\/international\/une-unite-navale-des-brigades-d-al-qassam-s-infiltre-dans-les-colonies-israeliennes\/209598\/"},"author":{"name":"MC","@id":"https:\/\/www.webdo.tn\/fr\/#\/schema\/person\/2c4929cbf5a809e3bd38617c6ce150f6"},"headline":"Une unit\u00e9 navale des Brigades d&rsquo;Al-Qassam s\u2019infiltre dans les colonies isra\u00e9liennes","datePublished":"2023-10-24T21:41:00+00:00","dateModified":"2025-05-20T21:56:28+00:00","mainEntityOfPage":{"@id":"https:\/\/www.webdo.tn\/fr\/actualite\/international\/une-unite-navale-des-brigades-d-al-qassam-s-infiltre-dans-les-colonies-israeliennes\/209598\/"},"wordCount":183,"commentCount":0,"publisher":{"@id":"https:\/\/www.webdo.tn\/fr\/#organization"},"image":{"@id":"https:\/\/www.webdo.tn\/fr\/actualite\/international\/une-unite-navale-des-brigades-d-al-qassam-s-infiltre-dans-les-colonies-israeliennes\/209598\/#primaryimage"},"thumbnailUrl":"https:\/\/www.webdo.tn\/fr\/wp-content\/uploads\/2023\/10\/ffd65687c1bd579c77692ccc3cf4a7fb.jpg","keywords":["brigades al qassam","guerre","hamas","isra\u00ebl","Palestine"],"articleSection":["International"],"inLanguage":"fr-FR"},{"@type":"WebPage","@id":"https:\/\/www.webdo.tn\/fr\/actualite\/international\/une-unite-navale-des-brigades-d-al-qassam-s-infiltre-dans-les-colonies-israeliennes\/209598\/","url":"https:\/\/www.webdo.tn\/fr\/actualite\/international\/une-unite-navale-des-brigades-d-al-qassam-s-infiltre-dans-les-colonies-israeliennes\/209598\/","name":"Une unit\u00e9 navale des Brigades d'Al-Qassam s\u2019infiltre dans les colonies isra\u00e9liennes","isPartOf":{"@id":"https:\/\/www.webdo.tn\/fr\/#website"},"primaryImageOfPage":{"@id":"https:\/\/www.webdo.tn\/fr\/actualite\/international\/une-unite-navale-des-brigades-d-al-qassam-s-infiltre-dans-les-colonies-israeliennes\/209598\/#primaryimage"},"image":{"@id":"https:\/\/www.webdo.tn\/fr\/actualite\/international\/une-unite-navale-des-brigades-d-al-qassam-s-infiltre-dans-les-colonies-israeliennes\/209598\/#primaryimage"},"thumbnailUrl":"https:\/\/www.webdo.tn\/fr\/wp-content\/uploads\/2023\/10\/ffd65687c1bd579c77692ccc3cf4a7fb.jpg","datePublished":"2023-10-24T21:41:00+00:00","dateModified":"2025-05-20T21:56:28+00:00","description":"Les Brigades Al-Qassam ont annonc\u00e9, ce mardi 24 octobre 2023, avoir men\u00e9 des incursions maritimes dans les territoires palestiniens occup\u00e9s par Isra\u00ebl.","breadcrumb":{"@id":"https:\/\/www.webdo.tn\/fr\/actualite\/international\/une-unite-navale-des-brigades-d-al-qassam-s-infiltre-dans-les-colonies-israeliennes\/209598\/#breadcrumb"},"inLanguage":"fr-FR","potentialAction":[{"@type":"ReadAction","target":["https:\/\/www.webdo.tn\/fr\/actualite\/international\/une-unite-navale-des-brigades-d-al-qassam-s-infiltre-dans-les-colonies-israeliennes\/209598\/"]}]},{"@type":"ImageObject","inLanguage":"fr-FR","@id":"https:\/\/www.webdo.tn\/fr\/actualite\/international\/une-unite-navale-des-brigades-d-al-qassam-s-infiltre-dans-les-colonies-israeliennes\/209598\/#primaryimage","url":"https:\/\/www.webdo.tn\/fr\/wp-content\/uploads\/2023\/10\/ffd65687c1bd579c77692ccc3cf4a7fb.jpg","contentUrl":"https:\/\/www.webdo.tn\/fr\/wp-content\/uploads\/2023\/10\/ffd65687c1bd579c77692ccc3cf4a7fb.jpg","width":750,"height":400,"caption":"Une unit\u00e9 navale des Brigades d'Al-Qassam s\u2019infiltre dans les colonies isra\u00e9liennes"},{"@type":"BreadcrumbList","@id":"https:\/\/www.webdo.tn\/fr\/actualite\/international\/une-unite-navale-des-brigades-d-al-qassam-s-infiltre-dans-les-colonies-israeliennes\/209598\/#breadcrumb","itemListElement":[{"@type":"ListItem","position":1,"name":"Accueil","item":"https:\/\/www.webdo.tn\/fr\/"},{"@type":"ListItem","position":2,"name":"Une unit\u00e9 navale des Brigades d&rsquo;Al-Qassam s\u2019infiltre dans les colonies isra\u00e9liennes"}]},{"@type":"WebSite","@id":"https:\/\/www.webdo.tn\/fr\/#website","url":"https:\/\/www.webdo.tn\/fr\/","name":"webdo","description":"Tunisie - News en Tunisie et \u00e0 l&#039;international sur Webdo.tn","publisher":{"@id":"https:\/\/www.webdo.tn\/fr\/#organization"},"potentialAction":[{"@type":"SearchAction","target":{"@type":"EntryPoint","urlTemplate":"https:\/\/www.webdo.tn\/fr\/?s={search_term_string}"},"query-input":{"@type":"PropertyValueSpecification","valueRequired":true,"valueName":"search_term_string"}}],"inLanguage":"fr-FR"},{"@type":"Organization","@id":"https:\/\/www.webdo.tn\/fr\/#organization","name":"Webdo","alternateName":"Webdo.tn","url":"https:\/\/www.webdo.tn\/fr\/","logo":{"@type":"ImageObject","inLanguage":"fr-FR","@id":"https:\/\/www.webdo.tn\/fr\/#\/schema\/logo\/image\/","url":"https:\/\/www.webdo.tn\/fr\/wp-content\/uploads\/2025\/06\/Webdo-Tunisie_168377.jpg","contentUrl":"https:\/\/www.webdo.tn\/fr\/wp-content\/uploads\/2025\/06\/Webdo-Tunisie_168377.jpg","width":301,"height":301,"caption":"Webdo"},"image":{"@id":"https:\/\/www.webdo.tn\/fr\/#\/schema\/logo\/image\/"},"sameAs":["https:\/\/www.facebook.com\/webdotn","https:\/\/x.com\/webdo_tn"],"description":"Webdo est un m\u00e9dia num\u00e9rique tunisien fond\u00e9 en 2010, sp\u00e9cialis\u00e9 dans l\u2019actualit\u00e9 nationale et internationale, l\u2019\u00e9conomie, la soci\u00e9t\u00e9 et les analyses politiques. Le site s\u2019adresse \u00e0 un large public francophone et couvre l\u2019information tunisienne en temps r\u00e9el.","email":"redac@webdo.tn","legalName":"YNJ SARL","foundingDate":"2010-09-06","numberOfEmployees":{"@type":"QuantitativeValue","minValue":"11","maxValue":"50"}},{"@type":"Person","@id":"https:\/\/www.webdo.tn\/fr\/#\/schema\/person\/2c4929cbf5a809e3bd38617c6ce150f6","name":"MC","image":{"@type":"ImageObject","inLanguage":"fr-FR","@id":"https:\/\/secure.gravatar.com\/avatar\/a545bbb6f84efdd5553dbbc2895e3ca8f1d12c5215e00a041c9670b54aa9b18a?s=96&d=mm&r=g","url":"https:\/\/secure.gravatar.com\/avatar\/a545bbb6f84efdd5553dbbc2895e3ca8f1d12c5215e00a041c9670b54aa9b18a?s=96&d=mm&r=g","contentUrl":"https:\/\/secure.gravatar.com\/avatar\/a545bbb6f84efdd5553dbbc2895e3ca8f1d12c5215e00a041c9670b54aa9b18a?s=96&d=mm&r=g","caption":"MC"},"url":"https:\/\/www.webdo.tn\/fr\/actualite\/author\/mc\/"}]}},"_links":{"self":[{"href":"https:\/\/www.webdo.tn\/fr\/wp-json\/wp\/v2\/posts\/209598","targetHints":{"allow":["GET"]}}],"collection":[{"href":"https:\/\/www.webdo.tn\/fr\/wp-json\/wp\/v2\/posts"}],"about":[{"href":"https:\/\/www.webdo.tn\/fr\/wp-json\/wp\/v2\/types\/post"}],"author":[{"embeddable":true,"href":"https:\/\/www.webdo.tn\/fr\/wp-json\/wp\/v2\/users\/3162"}],"replies":[{"embeddable":true,"href":"https:\/\/www.webdo.tn\/fr\/wp-json\/wp\/v2\/comments?post=209598"}],"version-history":[{"count":0,"href":"https:\/\/www.webdo.tn\/fr\/wp-json\/wp\/v2\/posts\/209598\/revisions"}],"wp:featuredmedia":[{"embeddable":true,"href":"https:\/\/www.webdo.tn\/fr\/wp-json\/wp\/v2\/media\/248982"}],"wp:attachment":[{"href":"https:\/\/www.webdo.tn\/fr\/wp-json\/wp\/v2\/media?parent=209598"}],"wp:term":[{"taxonomy":"category","embeddable":true,"href":"https:\/\/www.webdo.tn\/fr\/wp-json\/wp\/v2\/categories?post=209598"},{"taxonomy":"post_tag","embeddable":true,"href":"https:\/\/www.webdo.tn\/fr\/wp-json\/wp\/v2\/tags?post=209598"}],"curies":[{"name":"wp","href":"https:\/\/api.w.org\/{rel}","templated":true}]}}