{"id":209592,"date":"2023-10-24T20:13:00","date_gmt":"2023-10-24T20:13:00","guid":{"rendered":"https:\/\/www.webdo.tn\/fr\/blog\/les-ambassadeurs-des-cinq-membres-permanents-du-conseil-de-securite-de-l-onu-chez-nabil-ammar\/209592\/"},"modified":"2025-05-20T22:10:25","modified_gmt":"2025-05-20T22:10:25","slug":"les-ambassadeurs-des-cinq-membres-permanents-du-conseil-de-securite-de-l-onu-chez-nabil-ammar","status":"publish","type":"post","link":"https:\/\/www.webdo.tn\/fr\/actualite\/national\/les-ambassadeurs-des-cinq-membres-permanents-du-conseil-de-securite-de-l-onu-chez-nabil-ammar\/209592\/","title":{"rendered":"Les ambassadeurs des Cinq membres permanents du Conseil de s\u00e9curit\u00e9 de l\u2019ONU chez Nabil Ammar"},"content":{"rendered":"<p>Le ministre des Affaires \u00e9trang\u00e8res, de la Migration et des Tunisiens \u00e0 l&rsquo;\u00e9tranger, Nabil Ammar,  a re\u00e7u, ce mardi 24 octobre 2023, \u00e0 sa demande, les ambassadeurs accr\u00e9dit\u00e9s en Tunisie du Royaume-Uni, de la Russie, de la Chine, des Etats-Unis et de la France, membres permanents du Conseil de s\u00e9curit\u00e9 des Nations Unies.<\/p>\n<p>\t\t\t\t\t\t\t\t\tLes cinq ambassadeurs ont \u00e9t\u00e9 convi\u00e9s afin de transmettre un message \u00e0 leurs capitales concernant la position tunisienne sur les d\u00e9veloppements sur le terrain et la n\u00e9cessit\u00e9 d&rsquo;une action imm\u00e9diate pour \u00e9viter un nouveau chaos et surmonter la situation dangereuse et tragique dans les territoires palestiniens occup\u00e9s.<\/p>\n<p>Apr\u00e8s avoir pass\u00e9 en revue les fondements de la position tunisienne, Nabil Ammar a soulign\u00e9 la n\u00e9cessit\u00e9 pour la communaut\u00e9 internationale, en particulier les parties influentes, d&rsquo;assumer leurs responsabilit\u00e9s politiques et morales en faveur d&rsquo;un cessez-le-feu imm\u00e9diat, de mettre fin \u00e0 l&rsquo;effusion de sang et de prot\u00e9ger les civils palestiniens \u00e0 Gaza face \u00e0 l&rsquo;escalade de l&rsquo;agression brutale et sans pr\u00e9c\u00e9dent contre le peuple palestinien.<\/p>\n<p>Nabil Ammar a \u00e9galement renouvel\u00e9 la ferme condamnation par la Tunisie des l\u00e2ches attaques de l&rsquo;occupation et de l&rsquo;utilisation des armes les plus meurtri\u00e8res visant syst\u00e9matiquement les nourrissons, les enfants, les femmes et les personnes \u00e2g\u00e9es, de mani\u00e8re injustifi\u00e9e et sous aucun pr\u00e9texte en violation flagrante de toutes les conventions et lois internationales, rapporte un communiqu\u00e9 du minist\u00e8re des Affaires \u00e9trang\u00e8res publi\u00e9.<\/p>\n<p>De leur c\u00f4t\u00e9, les ambassadeurs ont appr\u00e9ci\u00e9 l&rsquo;initiative de la partie tunisienne de tenir cette r\u00e9union et l&rsquo;importance d&rsquo;\u00e9changer des vues sur les moyens de surmonter la crise actuelle, de stopper l&rsquo;escalade, d&rsquo;\u00e9viter d&rsquo;\u00e9largir le cercle du conflit. Une initiative qui servirait aussi pour acc\u00e9l\u00e9rer l&rsquo;acheminement de l&rsquo;aide humanitaire \u00e0 Gaza et garantir le respect du droit international humanitaire.<\/p>\n","protected":false},"excerpt":{"rendered":"<p>Le ministre des Affaires \u00e9trang\u00e8res, Nabil Ammar,  a re\u00e7u, ce mardi 24 octobre 2023, \u00e0 sa demande, les ambassadeurs accr\u00e9dit\u00e9s en Tunisie des cinq membres perma&#8230;<\/p>\n","protected":false},"author":3162,"featured_media":278876,"comment_status":"open","ping_status":"closed","sticky":false,"template":"","format":"standard","meta":{"footnotes":""},"categories":[44],"tags":[5121,2689,5912,2688],"class_list":["post-209592","post","type-post","status-publish","format-standard","has-post-thumbnail","hentry","category-national","tag-ambassadeurs","tag-gaza","tag-nabil-ammar","tag-palestine"],"yoast_head":"<!-- This site is optimized with the Yoast SEO Premium plugin v27.5 (Yoast SEO v27.5) - https:\/\/yoast.com\/product\/yoast-seo-premium-wordpress\/ -->\n<title>Les ambassadeurs des Cinq membres permanents du Conseil de s\u00e9curit\u00e9 de l\u2019ONU chez Nabil Ammar<\/title>\n<meta name=\"description\" content=\"Le ministre des Affaires \u00e9trang\u00e8res, Nabil Ammar, a re\u00e7u, ce mardi 24 octobre 2023, \u00e0 sa demande, les ambassadeurs accr\u00e9dit\u00e9s en Tunisie des cinq membres perma...\" \/>\n<link rel=\"canonical\" href=\"https:\/\/www.webdo.tn\/fr\/actualite\/national\/les-ambassadeurs-des-cinq-membres-permanents-du-conseil-de-securite-de-l-onu-chez-nabil-ammar\/209592\/\" \/>\n<meta property=\"og:locale\" content=\"fr_FR\" \/>\n<meta property=\"og:type\" content=\"article\" \/>\n<meta property=\"og:title\" content=\"Les ambassadeurs des Cinq membres permanents du Conseil de s\u00e9curit\u00e9 de l\u2019ONU chez Nabil Ammar\" \/>\n<meta property=\"og:description\" content=\"Le ministre des Affaires \u00e9trang\u00e8res, Nabil Ammar, a re\u00e7u, ce mardi 24 octobre 2023, \u00e0 sa demande, les ambassadeurs accr\u00e9dit\u00e9s en Tunisie des cinq membres perma...\" \/>\n<meta property=\"og:url\" content=\"https:\/\/www.webdo.tn\/fr\/actualite\/national\/les-ambassadeurs-des-cinq-membres-permanents-du-conseil-de-securite-de-l-onu-chez-nabil-ammar\/209592\/\" \/>\n<meta property=\"og:site_name\" content=\"webdo\" \/>\n<meta property=\"article:publisher\" content=\"https:\/\/www.facebook.com\/webdotn\" \/>\n<meta property=\"article:published_time\" content=\"2023-10-24T20:13:00+00:00\" \/>\n<meta property=\"article:modified_time\" content=\"2025-05-20T22:10:25+00:00\" \/>\n<meta property=\"og:image\" content=\"https:\/\/www.webdo.tn\/fr\/wp-content\/uploads\/2023\/10\/86fb6f02d7e80130aa168899e8b0cfd2.jpg\" \/>\n\t<meta property=\"og:image:width\" content=\"750\" \/>\n\t<meta property=\"og:image:height\" content=\"400\" \/>\n\t<meta property=\"og:image:type\" content=\"image\/jpeg\" \/>\n<meta name=\"author\" content=\"MC\" \/>\n<meta name=\"twitter:card\" content=\"summary_large_image\" \/>\n<meta name=\"twitter:creator\" content=\"@webdo_tn\" \/>\n<meta name=\"twitter:site\" content=\"@webdo_tn\" \/>\n<meta name=\"twitter:label1\" content=\"\u00c9crit par\" \/>\n\t<meta name=\"twitter:data1\" content=\"MC\" \/>\n\t<meta name=\"twitter:label2\" content=\"Dur\u00e9e de lecture estim\u00e9e\" \/>\n\t<meta name=\"twitter:data2\" content=\"2 minutes\" \/>\n<script type=\"application\/ld+json\" class=\"yoast-schema-graph\">{\"@context\":\"https:\\\/\\\/schema.org\",\"@graph\":[{\"@type\":\"NewsArticle\",\"@id\":\"https:\\\/\\\/www.webdo.tn\\\/fr\\\/actualite\\\/national\\\/les-ambassadeurs-des-cinq-membres-permanents-du-conseil-de-securite-de-l-onu-chez-nabil-ammar\\\/209592\\\/#article\",\"isPartOf\":{\"@id\":\"https:\\\/\\\/www.webdo.tn\\\/fr\\\/actualite\\\/national\\\/les-ambassadeurs-des-cinq-membres-permanents-du-conseil-de-securite-de-l-onu-chez-nabil-ammar\\\/209592\\\/\"},\"author\":{\"name\":\"MC\",\"@id\":\"https:\\\/\\\/www.webdo.tn\\\/fr\\\/#\\\/schema\\\/person\\\/2c4929cbf5a809e3bd38617c6ce150f6\"},\"headline\":\"Les ambassadeurs des Cinq membres permanents du Conseil de s\u00e9curit\u00e9 de l\u2019ONU chez Nabil Ammar\",\"datePublished\":\"2023-10-24T20:13:00+00:00\",\"dateModified\":\"2025-05-20T22:10:25+00:00\",\"mainEntityOfPage\":{\"@id\":\"https:\\\/\\\/www.webdo.tn\\\/fr\\\/actualite\\\/national\\\/les-ambassadeurs-des-cinq-membres-permanents-du-conseil-de-securite-de-l-onu-chez-nabil-ammar\\\/209592\\\/\"},\"wordCount\":342,\"commentCount\":0,\"publisher\":{\"@id\":\"https:\\\/\\\/www.webdo.tn\\\/fr\\\/#organization\"},\"image\":{\"@id\":\"https:\\\/\\\/www.webdo.tn\\\/fr\\\/actualite\\\/national\\\/les-ambassadeurs-des-cinq-membres-permanents-du-conseil-de-securite-de-l-onu-chez-nabil-ammar\\\/209592\\\/#primaryimage\"},\"thumbnailUrl\":\"https:\\\/\\\/www.webdo.tn\\\/fr\\\/wp-content\\\/uploads\\\/2023\\\/10\\\/86fb6f02d7e80130aa168899e8b0cfd2.jpg\",\"keywords\":[\"ambassadeurs\",\"Gaza\",\"Nabil Ammar\",\"Palestine\"],\"articleSection\":[\"National\"],\"inLanguage\":\"fr-FR\"},{\"@type\":\"WebPage\",\"@id\":\"https:\\\/\\\/www.webdo.tn\\\/fr\\\/actualite\\\/national\\\/les-ambassadeurs-des-cinq-membres-permanents-du-conseil-de-securite-de-l-onu-chez-nabil-ammar\\\/209592\\\/\",\"url\":\"https:\\\/\\\/www.webdo.tn\\\/fr\\\/actualite\\\/national\\\/les-ambassadeurs-des-cinq-membres-permanents-du-conseil-de-securite-de-l-onu-chez-nabil-ammar\\\/209592\\\/\",\"name\":\"Les ambassadeurs des Cinq membres permanents du Conseil de s\u00e9curit\u00e9 de l\u2019ONU chez Nabil Ammar\",\"isPartOf\":{\"@id\":\"https:\\\/\\\/www.webdo.tn\\\/fr\\\/#website\"},\"primaryImageOfPage\":{\"@id\":\"https:\\\/\\\/www.webdo.tn\\\/fr\\\/actualite\\\/national\\\/les-ambassadeurs-des-cinq-membres-permanents-du-conseil-de-securite-de-l-onu-chez-nabil-ammar\\\/209592\\\/#primaryimage\"},\"image\":{\"@id\":\"https:\\\/\\\/www.webdo.tn\\\/fr\\\/actualite\\\/national\\\/les-ambassadeurs-des-cinq-membres-permanents-du-conseil-de-securite-de-l-onu-chez-nabil-ammar\\\/209592\\\/#primaryimage\"},\"thumbnailUrl\":\"https:\\\/\\\/www.webdo.tn\\\/fr\\\/wp-content\\\/uploads\\\/2023\\\/10\\\/86fb6f02d7e80130aa168899e8b0cfd2.jpg\",\"datePublished\":\"2023-10-24T20:13:00+00:00\",\"dateModified\":\"2025-05-20T22:10:25+00:00\",\"description\":\"Le ministre des Affaires \u00e9trang\u00e8res, Nabil Ammar, a re\u00e7u, ce mardi 24 octobre 2023, \u00e0 sa demande, les ambassadeurs accr\u00e9dit\u00e9s en Tunisie des cinq membres perma...\",\"breadcrumb\":{\"@id\":\"https:\\\/\\\/www.webdo.tn\\\/fr\\\/actualite\\\/national\\\/les-ambassadeurs-des-cinq-membres-permanents-du-conseil-de-securite-de-l-onu-chez-nabil-ammar\\\/209592\\\/#breadcrumb\"},\"inLanguage\":\"fr-FR\",\"potentialAction\":[{\"@type\":\"ReadAction\",\"target\":[\"https:\\\/\\\/www.webdo.tn\\\/fr\\\/actualite\\\/national\\\/les-ambassadeurs-des-cinq-membres-permanents-du-conseil-de-securite-de-l-onu-chez-nabil-ammar\\\/209592\\\/\"]}]},{\"@type\":\"ImageObject\",\"inLanguage\":\"fr-FR\",\"@id\":\"https:\\\/\\\/www.webdo.tn\\\/fr\\\/actualite\\\/national\\\/les-ambassadeurs-des-cinq-membres-permanents-du-conseil-de-securite-de-l-onu-chez-nabil-ammar\\\/209592\\\/#primaryimage\",\"url\":\"https:\\\/\\\/www.webdo.tn\\\/fr\\\/wp-content\\\/uploads\\\/2023\\\/10\\\/86fb6f02d7e80130aa168899e8b0cfd2.jpg\",\"contentUrl\":\"https:\\\/\\\/www.webdo.tn\\\/fr\\\/wp-content\\\/uploads\\\/2023\\\/10\\\/86fb6f02d7e80130aa168899e8b0cfd2.jpg\",\"width\":750,\"height\":400,\"caption\":\"Les ambassadeurs des Cinq membres permanents du Conseil de s\u00e9curit\u00e9 de l\u2019ONU chez Nabil Ammar\"},{\"@type\":\"BreadcrumbList\",\"@id\":\"https:\\\/\\\/www.webdo.tn\\\/fr\\\/actualite\\\/national\\\/les-ambassadeurs-des-cinq-membres-permanents-du-conseil-de-securite-de-l-onu-chez-nabil-ammar\\\/209592\\\/#breadcrumb\",\"itemListElement\":[{\"@type\":\"ListItem\",\"position\":1,\"name\":\"Accueil\",\"item\":\"https:\\\/\\\/www.webdo.tn\\\/fr\\\/\"},{\"@type\":\"ListItem\",\"position\":2,\"name\":\"Les ambassadeurs des Cinq membres permanents du Conseil de s\u00e9curit\u00e9 de l\u2019ONU chez Nabil Ammar\"}]},{\"@type\":\"WebSite\",\"@id\":\"https:\\\/\\\/www.webdo.tn\\\/fr\\\/#website\",\"url\":\"https:\\\/\\\/www.webdo.tn\\\/fr\\\/\",\"name\":\"webdo\",\"description\":\"Tunisie - News en Tunisie et \u00e0 l&#039;international sur Webdo.tn\",\"publisher\":{\"@id\":\"https:\\\/\\\/www.webdo.tn\\\/fr\\\/#organization\"},\"potentialAction\":[{\"@type\":\"SearchAction\",\"target\":{\"@type\":\"EntryPoint\",\"urlTemplate\":\"https:\\\/\\\/www.webdo.tn\\\/fr\\\/?s={search_term_string}\"},\"query-input\":{\"@type\":\"PropertyValueSpecification\",\"valueRequired\":true,\"valueName\":\"search_term_string\"}}],\"inLanguage\":\"fr-FR\"},{\"@type\":\"Organization\",\"@id\":\"https:\\\/\\\/www.webdo.tn\\\/fr\\\/#organization\",\"name\":\"Webdo\",\"alternateName\":\"Webdo.tn\",\"url\":\"https:\\\/\\\/www.webdo.tn\\\/fr\\\/\",\"logo\":{\"@type\":\"ImageObject\",\"inLanguage\":\"fr-FR\",\"@id\":\"https:\\\/\\\/www.webdo.tn\\\/fr\\\/#\\\/schema\\\/logo\\\/image\\\/\",\"url\":\"https:\\\/\\\/www.webdo.tn\\\/fr\\\/wp-content\\\/uploads\\\/2025\\\/06\\\/Webdo-Tunisie_168377.jpg\",\"contentUrl\":\"https:\\\/\\\/www.webdo.tn\\\/fr\\\/wp-content\\\/uploads\\\/2025\\\/06\\\/Webdo-Tunisie_168377.jpg\",\"width\":301,\"height\":301,\"caption\":\"Webdo\"},\"image\":{\"@id\":\"https:\\\/\\\/www.webdo.tn\\\/fr\\\/#\\\/schema\\\/logo\\\/image\\\/\"},\"sameAs\":[\"https:\\\/\\\/www.facebook.com\\\/webdotn\",\"https:\\\/\\\/x.com\\\/webdo_tn\"],\"description\":\"Webdo est un m\u00e9dia num\u00e9rique tunisien fond\u00e9 en 2010, sp\u00e9cialis\u00e9 dans l\u2019actualit\u00e9 nationale et internationale, l\u2019\u00e9conomie, la soci\u00e9t\u00e9 et les analyses politiques. Le site s\u2019adresse \u00e0 un large public francophone et couvre l\u2019information tunisienne en temps r\u00e9el.\",\"email\":\"redac@webdo.tn\",\"legalName\":\"YNJ SARL\",\"foundingDate\":\"2010-09-06\",\"numberOfEmployees\":{\"@type\":\"QuantitativeValue\",\"minValue\":\"11\",\"maxValue\":\"50\"}},{\"@type\":\"Person\",\"@id\":\"https:\\\/\\\/www.webdo.tn\\\/fr\\\/#\\\/schema\\\/person\\\/2c4929cbf5a809e3bd38617c6ce150f6\",\"name\":\"MC\",\"image\":{\"@type\":\"ImageObject\",\"inLanguage\":\"fr-FR\",\"@id\":\"https:\\\/\\\/secure.gravatar.com\\\/avatar\\\/a545bbb6f84efdd5553dbbc2895e3ca8f1d12c5215e00a041c9670b54aa9b18a?s=96&d=mm&r=g\",\"url\":\"https:\\\/\\\/secure.gravatar.com\\\/avatar\\\/a545bbb6f84efdd5553dbbc2895e3ca8f1d12c5215e00a041c9670b54aa9b18a?s=96&d=mm&r=g\",\"contentUrl\":\"https:\\\/\\\/secure.gravatar.com\\\/avatar\\\/a545bbb6f84efdd5553dbbc2895e3ca8f1d12c5215e00a041c9670b54aa9b18a?s=96&d=mm&r=g\",\"caption\":\"MC\"},\"url\":\"https:\\\/\\\/www.webdo.tn\\\/fr\\\/actualite\\\/author\\\/mc\\\/\"}]}<\/script>\n<!-- \/ Yoast SEO Premium plugin. -->","yoast_head_json":{"title":"Les ambassadeurs des Cinq membres permanents du Conseil de s\u00e9curit\u00e9 de l\u2019ONU chez Nabil Ammar","description":"Le ministre des Affaires \u00e9trang\u00e8res, Nabil Ammar, a re\u00e7u, ce mardi 24 octobre 2023, \u00e0 sa demande, les ambassadeurs accr\u00e9dit\u00e9s en Tunisie des cinq membres perma...","canonical":"https:\/\/www.webdo.tn\/fr\/actualite\/national\/les-ambassadeurs-des-cinq-membres-permanents-du-conseil-de-securite-de-l-onu-chez-nabil-ammar\/209592\/","og_locale":"fr_FR","og_type":"article","og_title":"Les ambassadeurs des Cinq membres permanents du Conseil de s\u00e9curit\u00e9 de l\u2019ONU chez Nabil Ammar","og_description":"Le ministre des Affaires \u00e9trang\u00e8res, Nabil Ammar, a re\u00e7u, ce mardi 24 octobre 2023, \u00e0 sa demande, les ambassadeurs accr\u00e9dit\u00e9s en Tunisie des cinq membres perma...","og_url":"https:\/\/www.webdo.tn\/fr\/actualite\/national\/les-ambassadeurs-des-cinq-membres-permanents-du-conseil-de-securite-de-l-onu-chez-nabil-ammar\/209592\/","og_site_name":"webdo","article_publisher":"https:\/\/www.facebook.com\/webdotn","article_published_time":"2023-10-24T20:13:00+00:00","article_modified_time":"2025-05-20T22:10:25+00:00","og_image":[{"width":750,"height":400,"url":"https:\/\/www.webdo.tn\/fr\/wp-content\/uploads\/2023\/10\/86fb6f02d7e80130aa168899e8b0cfd2.jpg","type":"image\/jpeg"}],"author":"MC","twitter_card":"summary_large_image","twitter_creator":"@webdo_tn","twitter_site":"@webdo_tn","twitter_misc":{"\u00c9crit par":"MC","Dur\u00e9e de lecture estim\u00e9e":"2 minutes"},"schema":{"@context":"https:\/\/schema.org","@graph":[{"@type":"NewsArticle","@id":"https:\/\/www.webdo.tn\/fr\/actualite\/national\/les-ambassadeurs-des-cinq-membres-permanents-du-conseil-de-securite-de-l-onu-chez-nabil-ammar\/209592\/#article","isPartOf":{"@id":"https:\/\/www.webdo.tn\/fr\/actualite\/national\/les-ambassadeurs-des-cinq-membres-permanents-du-conseil-de-securite-de-l-onu-chez-nabil-ammar\/209592\/"},"author":{"name":"MC","@id":"https:\/\/www.webdo.tn\/fr\/#\/schema\/person\/2c4929cbf5a809e3bd38617c6ce150f6"},"headline":"Les ambassadeurs des Cinq membres permanents du Conseil de s\u00e9curit\u00e9 de l\u2019ONU chez Nabil Ammar","datePublished":"2023-10-24T20:13:00+00:00","dateModified":"2025-05-20T22:10:25+00:00","mainEntityOfPage":{"@id":"https:\/\/www.webdo.tn\/fr\/actualite\/national\/les-ambassadeurs-des-cinq-membres-permanents-du-conseil-de-securite-de-l-onu-chez-nabil-ammar\/209592\/"},"wordCount":342,"commentCount":0,"publisher":{"@id":"https:\/\/www.webdo.tn\/fr\/#organization"},"image":{"@id":"https:\/\/www.webdo.tn\/fr\/actualite\/national\/les-ambassadeurs-des-cinq-membres-permanents-du-conseil-de-securite-de-l-onu-chez-nabil-ammar\/209592\/#primaryimage"},"thumbnailUrl":"https:\/\/www.webdo.tn\/fr\/wp-content\/uploads\/2023\/10\/86fb6f02d7e80130aa168899e8b0cfd2.jpg","keywords":["ambassadeurs","Gaza","Nabil Ammar","Palestine"],"articleSection":["National"],"inLanguage":"fr-FR"},{"@type":"WebPage","@id":"https:\/\/www.webdo.tn\/fr\/actualite\/national\/les-ambassadeurs-des-cinq-membres-permanents-du-conseil-de-securite-de-l-onu-chez-nabil-ammar\/209592\/","url":"https:\/\/www.webdo.tn\/fr\/actualite\/national\/les-ambassadeurs-des-cinq-membres-permanents-du-conseil-de-securite-de-l-onu-chez-nabil-ammar\/209592\/","name":"Les ambassadeurs des Cinq membres permanents du Conseil de s\u00e9curit\u00e9 de l\u2019ONU chez Nabil Ammar","isPartOf":{"@id":"https:\/\/www.webdo.tn\/fr\/#website"},"primaryImageOfPage":{"@id":"https:\/\/www.webdo.tn\/fr\/actualite\/national\/les-ambassadeurs-des-cinq-membres-permanents-du-conseil-de-securite-de-l-onu-chez-nabil-ammar\/209592\/#primaryimage"},"image":{"@id":"https:\/\/www.webdo.tn\/fr\/actualite\/national\/les-ambassadeurs-des-cinq-membres-permanents-du-conseil-de-securite-de-l-onu-chez-nabil-ammar\/209592\/#primaryimage"},"thumbnailUrl":"https:\/\/www.webdo.tn\/fr\/wp-content\/uploads\/2023\/10\/86fb6f02d7e80130aa168899e8b0cfd2.jpg","datePublished":"2023-10-24T20:13:00+00:00","dateModified":"2025-05-20T22:10:25+00:00","description":"Le ministre des Affaires \u00e9trang\u00e8res, Nabil Ammar, a re\u00e7u, ce mardi 24 octobre 2023, \u00e0 sa demande, les ambassadeurs accr\u00e9dit\u00e9s en Tunisie des cinq membres perma...","breadcrumb":{"@id":"https:\/\/www.webdo.tn\/fr\/actualite\/national\/les-ambassadeurs-des-cinq-membres-permanents-du-conseil-de-securite-de-l-onu-chez-nabil-ammar\/209592\/#breadcrumb"},"inLanguage":"fr-FR","potentialAction":[{"@type":"ReadAction","target":["https:\/\/www.webdo.tn\/fr\/actualite\/national\/les-ambassadeurs-des-cinq-membres-permanents-du-conseil-de-securite-de-l-onu-chez-nabil-ammar\/209592\/"]}]},{"@type":"ImageObject","inLanguage":"fr-FR","@id":"https:\/\/www.webdo.tn\/fr\/actualite\/national\/les-ambassadeurs-des-cinq-membres-permanents-du-conseil-de-securite-de-l-onu-chez-nabil-ammar\/209592\/#primaryimage","url":"https:\/\/www.webdo.tn\/fr\/wp-content\/uploads\/2023\/10\/86fb6f02d7e80130aa168899e8b0cfd2.jpg","contentUrl":"https:\/\/www.webdo.tn\/fr\/wp-content\/uploads\/2023\/10\/86fb6f02d7e80130aa168899e8b0cfd2.jpg","width":750,"height":400,"caption":"Les ambassadeurs des Cinq membres permanents du Conseil de s\u00e9curit\u00e9 de l\u2019ONU chez Nabil Ammar"},{"@type":"BreadcrumbList","@id":"https:\/\/www.webdo.tn\/fr\/actualite\/national\/les-ambassadeurs-des-cinq-membres-permanents-du-conseil-de-securite-de-l-onu-chez-nabil-ammar\/209592\/#breadcrumb","itemListElement":[{"@type":"ListItem","position":1,"name":"Accueil","item":"https:\/\/www.webdo.tn\/fr\/"},{"@type":"ListItem","position":2,"name":"Les ambassadeurs des Cinq membres permanents du Conseil de s\u00e9curit\u00e9 de l\u2019ONU chez Nabil Ammar"}]},{"@type":"WebSite","@id":"https:\/\/www.webdo.tn\/fr\/#website","url":"https:\/\/www.webdo.tn\/fr\/","name":"webdo","description":"Tunisie - News en Tunisie et \u00e0 l&#039;international sur Webdo.tn","publisher":{"@id":"https:\/\/www.webdo.tn\/fr\/#organization"},"potentialAction":[{"@type":"SearchAction","target":{"@type":"EntryPoint","urlTemplate":"https:\/\/www.webdo.tn\/fr\/?s={search_term_string}"},"query-input":{"@type":"PropertyValueSpecification","valueRequired":true,"valueName":"search_term_string"}}],"inLanguage":"fr-FR"},{"@type":"Organization","@id":"https:\/\/www.webdo.tn\/fr\/#organization","name":"Webdo","alternateName":"Webdo.tn","url":"https:\/\/www.webdo.tn\/fr\/","logo":{"@type":"ImageObject","inLanguage":"fr-FR","@id":"https:\/\/www.webdo.tn\/fr\/#\/schema\/logo\/image\/","url":"https:\/\/www.webdo.tn\/fr\/wp-content\/uploads\/2025\/06\/Webdo-Tunisie_168377.jpg","contentUrl":"https:\/\/www.webdo.tn\/fr\/wp-content\/uploads\/2025\/06\/Webdo-Tunisie_168377.jpg","width":301,"height":301,"caption":"Webdo"},"image":{"@id":"https:\/\/www.webdo.tn\/fr\/#\/schema\/logo\/image\/"},"sameAs":["https:\/\/www.facebook.com\/webdotn","https:\/\/x.com\/webdo_tn"],"description":"Webdo est un m\u00e9dia num\u00e9rique tunisien fond\u00e9 en 2010, sp\u00e9cialis\u00e9 dans l\u2019actualit\u00e9 nationale et internationale, l\u2019\u00e9conomie, la soci\u00e9t\u00e9 et les analyses politiques. Le site s\u2019adresse \u00e0 un large public francophone et couvre l\u2019information tunisienne en temps r\u00e9el.","email":"redac@webdo.tn","legalName":"YNJ SARL","foundingDate":"2010-09-06","numberOfEmployees":{"@type":"QuantitativeValue","minValue":"11","maxValue":"50"}},{"@type":"Person","@id":"https:\/\/www.webdo.tn\/fr\/#\/schema\/person\/2c4929cbf5a809e3bd38617c6ce150f6","name":"MC","image":{"@type":"ImageObject","inLanguage":"fr-FR","@id":"https:\/\/secure.gravatar.com\/avatar\/a545bbb6f84efdd5553dbbc2895e3ca8f1d12c5215e00a041c9670b54aa9b18a?s=96&d=mm&r=g","url":"https:\/\/secure.gravatar.com\/avatar\/a545bbb6f84efdd5553dbbc2895e3ca8f1d12c5215e00a041c9670b54aa9b18a?s=96&d=mm&r=g","contentUrl":"https:\/\/secure.gravatar.com\/avatar\/a545bbb6f84efdd5553dbbc2895e3ca8f1d12c5215e00a041c9670b54aa9b18a?s=96&d=mm&r=g","caption":"MC"},"url":"https:\/\/www.webdo.tn\/fr\/actualite\/author\/mc\/"}]}},"_links":{"self":[{"href":"https:\/\/www.webdo.tn\/fr\/wp-json\/wp\/v2\/posts\/209592","targetHints":{"allow":["GET"]}}],"collection":[{"href":"https:\/\/www.webdo.tn\/fr\/wp-json\/wp\/v2\/posts"}],"about":[{"href":"https:\/\/www.webdo.tn\/fr\/wp-json\/wp\/v2\/types\/post"}],"author":[{"embeddable":true,"href":"https:\/\/www.webdo.tn\/fr\/wp-json\/wp\/v2\/users\/3162"}],"replies":[{"embeddable":true,"href":"https:\/\/www.webdo.tn\/fr\/wp-json\/wp\/v2\/comments?post=209592"}],"version-history":[{"count":0,"href":"https:\/\/www.webdo.tn\/fr\/wp-json\/wp\/v2\/posts\/209592\/revisions"}],"wp:featuredmedia":[{"embeddable":true,"href":"https:\/\/www.webdo.tn\/fr\/wp-json\/wp\/v2\/media\/278876"}],"wp:attachment":[{"href":"https:\/\/www.webdo.tn\/fr\/wp-json\/wp\/v2\/media?parent=209592"}],"wp:term":[{"taxonomy":"category","embeddable":true,"href":"https:\/\/www.webdo.tn\/fr\/wp-json\/wp\/v2\/categories?post=209592"},{"taxonomy":"post_tag","embeddable":true,"href":"https:\/\/www.webdo.tn\/fr\/wp-json\/wp\/v2\/tags?post=209592"}],"curies":[{"name":"wp","href":"https:\/\/api.w.org\/{rel}","templated":true}]}}