{"id":209585,"date":"2023-10-24T16:17:00","date_gmt":"2023-10-24T16:17:00","guid":{"rendered":"https:\/\/www.webdo.tn\/fr\/blog\/massacre-a-gaza-les-intellectuels-arabes-s-adressent-aux-intellectuels-occidentaux\/209585\/"},"modified":"2025-05-20T22:10:25","modified_gmt":"2025-05-20T22:10:25","slug":"massacre-a-gaza-les-intellectuels-arabes-s-adressent-aux-intellectuels-occidentaux","status":"publish","type":"post","link":"https:\/\/www.webdo.tn\/fr\/actualite\/international\/massacre-a-gaza-les-intellectuels-arabes-s-adressent-aux-intellectuels-occidentaux\/209585\/","title":{"rendered":"Massacre \u00e0 Gaza : Les intellectuels arabes s&rsquo;adressent aux intellectuels occidentaux"},"content":{"rendered":"<p>Lettre ouverte des intellectuels arabes, dont le po\u00e8te Adonis ou le compositeur Marcel Khalifa, surpris par le silence des intellectuels occidentaux dans ce contexte de guerre palestino-isra\u00e9lienne.<\/p>\n<p>\t\t\t\t\t\t\t\t\t\u00ab\u00a0Un massacre sans pr\u00e9c\u00e9dent est en train d\u2019\u00eatre perp\u00e9tr\u00e9 actuellement par les forces d\u2019occupation isra\u00e9lienne contre la r\u00e9sistance palestinienne \u00e0 Gaza et son environnement.<\/p>\n<p>A l\u2019exception des m\u00e9dias qui couvrent ce massacre en le justifiant, une indiff\u00e9rence quasi-g\u00e9n\u00e9rale r\u00e8gne \u00e0 l\u2019\u00e9gard des destructions et des crimes massifs que subit le peuple palestinien. Cela n\u2019est gu\u00e8re \u00e9tonnant eu \u00e9gard \u00e0 l\u2019infernale machine de propagande utilis\u00e9e.<\/p>\n<p>Mais nous, intellectuels arabes, sommes malgr\u00e9 tout surpris par le silence glacial des penseurs des pays occidentaux, de leurs \u00e9crivains et de leurs artistes. Nous attendions d\u2019eux, en ce contexte de devoir d\u2019humanit\u00e9 et d\u2019engagement responsable, un soutien clair au peuple palestinien dans la lutte pour ses droits nationaux, justes et l\u00e9gitimes.<\/p>\n<p>Nous sommes en effet d\u2019autant plus surpris que cette attitude est d\u00e9cal\u00e9e par rapport \u00e0 celle des forces vives de leurs peuples, dont la solidarit\u00e9 avec le peuple palestinien prend la forme de manifestations r\u00e9currentes appuyant ses droits, d\u00e9non\u00e7ant les formes d\u2019oppression, de meurtre et de colonisation, d\u2019encerclement et d\u2019atteinte aux sp\u00e9cificit\u00e9s historiques et religieuses de la Palestine &#8211; que pratique impun\u00e9ment Isra\u00ebl depuis la guerre de 1967.<\/p>\n<p>Cette m\u00eame solidarit\u00e9 est exprim\u00e9e aussi, avec sens de l\u2019honneur et courage, par un bon d\u2019intellectuels, de cr\u00e9ateurs et d\u2019acad\u00e9miques en Am\u00e9rique et d\u2019autres continents.<\/p>\n<p>En clair, nous attendions une m\u00eame prise de position ferme des intellectuels occidentaux vis-\u00e0-vis des atrocit\u00e9s commises \u00e0 l\u2019endroit du peuple palestinien. Et pour cause : nous voyons en eux l\u2019\u00e9lite vivante, garante dans leur soci\u00e9t\u00e9 de la d\u00e9fense des valeurs qui ont fa\u00e7onn\u00e9 la civilisation humaine moderne et contemporaine, les droits de l\u2019Homme, la protection de la dignit\u00e9 humaine.<\/p>\n<p>Nous partageons en outre avec ces intellectuels la m\u00eame foi en ces principes : la libert\u00e9, la justice, l\u2019\u00e9galit\u00e9, les droits humains, le refus du dogmatisme et du racisme, la d\u00e9nonciation de la guerre et l\u2019attachement \u00e0 la paix, le rejet de l\u2019occupation, la reconnaissance des droits des peuples \u00e0 la r\u00e9cup\u00e9ration de leurs terres colonis\u00e9es, \u00e0 l\u2019autod\u00e9termination et \u00e0 l\u2019ind\u00e9pendance nationale\u2026<\/p>\n<p>Les intellectuels arabes, signataires de cette lettre ouverte, constatent malheureusement un \u00e9cart b\u00e9ant entre ce que, d\u2019une part, la culture en Occident incline \u00e0 louer th\u00e9oriquement comme visions, conceptions et repr\u00e9sentations inspir\u00e9es des r\u00e9f\u00e9rentiels propres aux valeurs et principes \u00e9voqu\u00e9s ; et ce que, d\u2019autre part, un grand nombre d\u2019intellectuels occidentaux incarnent comme prise de position tendant tout au contraire \u00e0 prendre le parti de l\u2019agresseur au d\u00e9triment des droits de la victime dont la terre est occup\u00e9e, ainsi qu\u2019\u00e0 garder le silence sur ses crimes incessants\u2026<\/p>\n<p>Or, faut-il rappeler que la cause palestinienne est consid\u00e9r\u00e9e internationalement comme une cause juste, et les droits du peuple palestinien font l\u2019objet d\u2019un int\u00e9r\u00eat particulier de l\u2019Organisation des Nations Unies.<\/p>\n<p>Aussi serait-on tent\u00e9 de nous interroger : l\u2019attitude des intellectuels occidentaux n\u2019est-elle pas, h\u00e9las, en train de subir un fl\u00e9chissement vers la d\u00e9marche de \u00ab deux poids, deux mesures \u00bb caract\u00e9risant la politique officielle de leurs pays ? D\u00e9marche que nous r\u00e9cusons parce qu\u2019elle frappe en son c\u0153ur la mission de la culture et des intellectuels.<\/p>\n<p>Si les politiques officielles occidentales acquises \u00e0 Isra\u00ebl, camouflant syst\u00e9matiquement ses crimes, visent \u00e0 falsifier la lutte du peuple palestinien et son mouvement nationaliste tax\u00e9s de terroristes, il ne peut \u00eatre admis pour l\u2019\u00e9lite intellectuelle occidentale de s\u2019aligner sur les mensonges r\u00e9pandus par ces politiques mues par des int\u00e9r\u00eats qui ne sont nullement ceux de leurs peuples ni les siens propres.<\/p>\n<p>Par ailleurs le fait d\u2019accuser la r\u00e9sistance palestinienne de mouvement terroriste, constitue une violation flagrante des principes du droit international : lequel reconna\u00eet aux peuples le droit de lib\u00e9ration de leurs terres colonis\u00e9es par tous les moyens, y compris par l\u2019usage des armes.<\/p>\n<p>Ce pareil amalgame voulu \u00e0 dessein, entre la r\u00e9sistance et le terrorisme, n\u2019a d\u2019autre but que de permettre l\u2019expansion de la colonisation, la liquidation de toute r\u00e9sistance l\u00e9gitime, falsifier sa raison d\u2019\u00eatre et sa port\u00e9e nationaliste. La question cruciale qui se pose alors est la suivante : existe-t-il au sein des milieux intellectuels en Occident quelqu\u2019un qui serait pr\u00eat \u2013 intellectuellement, psychologiquement et moralement \u2013 \u00e0 consid\u00e9rer les mouvements de r\u00e9sistance nationalistes en Europe, engag\u00e9 dans la lutte contre le nazisme et les nazis, de mouvements terroristes ?<\/p>\n<p>il n\u2019est en aucun cas permis, de notre c\u00f4t\u00e9 non plus, d\u2019excuser ou de tol\u00e9rer une quelconque forme d\u2019atteinte \u00e0 la vie et \u00e0 la dignit\u00e9 d\u2019un individu appartenant \u00e0 une autre culture, identit\u00e9 ou nationalit\u00e9.<\/p>\n<p>Nous, signataires de cette lettre, \u00e9crivains, chercheurs et artistes du monde arabe, invitons nos partenaires, parmi les intellectuels et cr\u00e9ateurs en Occident, \u00e0 mener ensemble un dialogue raisonn\u00e9 sur les valeurs et les principes que nous avons en partage et, particuli\u00e8rement, sur la cause du peuple palestinien.<\/p>\n<p>On ne peut, consid\u00e9rons-nous, continuer \u00e0 s\u2019y d\u00e9rober parce qu\u2019il importe de dire quelle place r\u00e9server \u00e0 ce peuple et \u00e0 ses droits, \u00e0 la lumi\u00e8re des valeurs de notre temps, sans exclusion ni discrimination dont font usage \u00e0 son \u00e9gard les politiques occidentales.<\/p>\n<p>Nous sommes confiants que la conscience que nous avons de l\u2019urgence de cette question est \u00e0 m\u00eame de permettre une r\u00e9vision profonde des visions erron\u00e9es et des failles dans lesquelles tombent un bon nombre d\u2019intellectuels et de cr\u00e9ateurs en Occident. On sait qu\u2019elles n\u2019ont eu cesse de porter pr\u00e9judice \u00e0 la Palestine, \u00e0 son mouvement nationaliste de lib\u00e9ration et aux droits de son peuple.<\/p>\n<p>Il importe donc aujourd\u2019hui de les corriger pour que sur le plan des \u00e9lites intellectuelles la cause palestinienne puisse \u00eatre jaug\u00e9e \u00e0 l\u2019aune des principes et r\u00e9f\u00e9rences que l\u2019Humanit\u00e9 s\u2019\u00e9tait attach\u00e9e \u00e0 forger en commun.<\/p>\n<p>Avec objectivit\u00e9, sinc\u00e9rit\u00e9 et transparence. Loin de toute hypocrisie, tromperie ou d\u00e9doublement des normes et des mesures.<\/p>\n<p>C\u2019est le but de cette lettre \u00e0 travers laquelle ses signataires insistent sur la n\u00e9cessit\u00e9 d\u2019annuler toute forme d\u2019arbitraire dans l\u2019application des lois issues de tels principes aux peuples et nations\u00a0\u00bb.<\/p>\n<p>Ont sign\u00e9 cette lettre ouverte adress\u00e9e aux intellectuels occidentaux notamment Adonis (po\u00e8te), Marcel Khalifa (compositeur), Chawki Bazi (po\u00e8te), Mohamed Berrada (\u00e9crivain), Mohamed Bennis (po\u00e8te et \u00e9crivain), Nabil Slimane (romancier), Alowiya Sobh (romanci\u00e8re), Mohamed Achari (po\u00e8te et romancier), Nassir Chamma (compositeur), Moncef Al Wahabi (po\u00e8te), Magdi Ahmad Ali (r\u00e9alisateur de cin\u00e9ma), etc. et de nombreux autres chercheurs, artistes et musiciens.<\/p>\n","protected":false},"excerpt":{"rendered":"<p>Lettre ouverte des intellectuels arabes, dont le po\u00e8te Adonis ou le compositeur Marcel Khalifa, surpris par le silence des intellectuels occidentaux dans ce con&#8230;<\/p>\n","protected":false},"author":3162,"featured_media":278874,"comment_status":"open","ping_status":"closed","sticky":false,"template":"","format":"standard","meta":{"footnotes":""},"categories":[2598],"tags":[2689,9758,7204],"class_list":["post-209585","post","type-post","status-publish","format-standard","has-post-thumbnail","hentry","category-international","tag-gaza","tag-intellectuels","tag-lettre-ouverte"],"yoast_head":"<!-- This site is optimized with the Yoast SEO Premium plugin v27.5 (Yoast SEO v27.5) - https:\/\/yoast.com\/product\/yoast-seo-premium-wordpress\/ -->\n<title>Massacre \u00e0 Gaza : Les intellectuels arabes s&#039;adressent aux intellectuels occidentaux<\/title>\n<meta name=\"description\" content=\"Lettre ouverte des intellectuels arabes, dont le po\u00e8te Adonis ou le compositeur Marcel Khalifa, surpris par le silence des intellectuels occidentaux dans ce con...\" \/>\n<link rel=\"canonical\" href=\"https:\/\/www.webdo.tn\/fr\/actualite\/international\/massacre-a-gaza-les-intellectuels-arabes-s-adressent-aux-intellectuels-occidentaux\/209585\/\" \/>\n<meta property=\"og:locale\" content=\"fr_FR\" \/>\n<meta property=\"og:type\" content=\"article\" \/>\n<meta property=\"og:title\" content=\"Massacre \u00e0 Gaza : Les intellectuels arabes s&#039;adressent aux intellectuels occidentaux\" \/>\n<meta property=\"og:description\" content=\"Lettre ouverte des intellectuels arabes, dont le po\u00e8te Adonis ou le compositeur Marcel Khalifa, surpris par le silence des intellectuels occidentaux dans ce con...\" \/>\n<meta property=\"og:url\" content=\"https:\/\/www.webdo.tn\/fr\/actualite\/international\/massacre-a-gaza-les-intellectuels-arabes-s-adressent-aux-intellectuels-occidentaux\/209585\/\" \/>\n<meta property=\"og:site_name\" content=\"webdo\" \/>\n<meta property=\"article:publisher\" content=\"https:\/\/www.facebook.com\/webdotn\" \/>\n<meta property=\"article:published_time\" content=\"2023-10-24T16:17:00+00:00\" \/>\n<meta property=\"article:modified_time\" content=\"2025-05-20T22:10:25+00:00\" \/>\n<meta property=\"og:image\" content=\"https:\/\/www.webdo.tn\/fr\/wp-content\/uploads\/2023\/10\/58b255f36b564ab69d532dfc7acbc3ce.jpg\" \/>\n\t<meta property=\"og:image:width\" content=\"750\" \/>\n\t<meta property=\"og:image:height\" content=\"400\" \/>\n\t<meta property=\"og:image:type\" content=\"image\/jpeg\" \/>\n<meta name=\"author\" content=\"MC\" \/>\n<meta name=\"twitter:card\" content=\"summary_large_image\" \/>\n<meta name=\"twitter:creator\" content=\"@webdo_tn\" \/>\n<meta name=\"twitter:site\" content=\"@webdo_tn\" \/>\n<meta name=\"twitter:label1\" content=\"\u00c9crit par\" \/>\n\t<meta name=\"twitter:data1\" content=\"MC\" \/>\n\t<meta name=\"twitter:label2\" content=\"Dur\u00e9e de lecture estim\u00e9e\" \/>\n\t<meta name=\"twitter:data2\" content=\"6 minutes\" \/>\n<script type=\"application\/ld+json\" class=\"yoast-schema-graph\">{\"@context\":\"https:\\\/\\\/schema.org\",\"@graph\":[{\"@type\":\"NewsArticle\",\"@id\":\"https:\\\/\\\/www.webdo.tn\\\/fr\\\/actualite\\\/international\\\/massacre-a-gaza-les-intellectuels-arabes-s-adressent-aux-intellectuels-occidentaux\\\/209585\\\/#article\",\"isPartOf\":{\"@id\":\"https:\\\/\\\/www.webdo.tn\\\/fr\\\/actualite\\\/international\\\/massacre-a-gaza-les-intellectuels-arabes-s-adressent-aux-intellectuels-occidentaux\\\/209585\\\/\"},\"author\":{\"name\":\"MC\",\"@id\":\"https:\\\/\\\/www.webdo.tn\\\/fr\\\/#\\\/schema\\\/person\\\/2c4929cbf5a809e3bd38617c6ce150f6\"},\"headline\":\"Massacre \u00e0 Gaza : Les intellectuels arabes s&rsquo;adressent aux intellectuels occidentaux\",\"datePublished\":\"2023-10-24T16:17:00+00:00\",\"dateModified\":\"2025-05-20T22:10:25+00:00\",\"mainEntityOfPage\":{\"@id\":\"https:\\\/\\\/www.webdo.tn\\\/fr\\\/actualite\\\/international\\\/massacre-a-gaza-les-intellectuels-arabes-s-adressent-aux-intellectuels-occidentaux\\\/209585\\\/\"},\"wordCount\":1194,\"commentCount\":0,\"publisher\":{\"@id\":\"https:\\\/\\\/www.webdo.tn\\\/fr\\\/#organization\"},\"image\":{\"@id\":\"https:\\\/\\\/www.webdo.tn\\\/fr\\\/actualite\\\/international\\\/massacre-a-gaza-les-intellectuels-arabes-s-adressent-aux-intellectuels-occidentaux\\\/209585\\\/#primaryimage\"},\"thumbnailUrl\":\"https:\\\/\\\/www.webdo.tn\\\/fr\\\/wp-content\\\/uploads\\\/2023\\\/10\\\/58b255f36b564ab69d532dfc7acbc3ce.jpg\",\"keywords\":[\"Gaza\",\"intellectuels\",\"Lettre ouverte\"],\"articleSection\":[\"International\"],\"inLanguage\":\"fr-FR\"},{\"@type\":\"WebPage\",\"@id\":\"https:\\\/\\\/www.webdo.tn\\\/fr\\\/actualite\\\/international\\\/massacre-a-gaza-les-intellectuels-arabes-s-adressent-aux-intellectuels-occidentaux\\\/209585\\\/\",\"url\":\"https:\\\/\\\/www.webdo.tn\\\/fr\\\/actualite\\\/international\\\/massacre-a-gaza-les-intellectuels-arabes-s-adressent-aux-intellectuels-occidentaux\\\/209585\\\/\",\"name\":\"Massacre \u00e0 Gaza : Les intellectuels arabes s'adressent aux intellectuels occidentaux\",\"isPartOf\":{\"@id\":\"https:\\\/\\\/www.webdo.tn\\\/fr\\\/#website\"},\"primaryImageOfPage\":{\"@id\":\"https:\\\/\\\/www.webdo.tn\\\/fr\\\/actualite\\\/international\\\/massacre-a-gaza-les-intellectuels-arabes-s-adressent-aux-intellectuels-occidentaux\\\/209585\\\/#primaryimage\"},\"image\":{\"@id\":\"https:\\\/\\\/www.webdo.tn\\\/fr\\\/actualite\\\/international\\\/massacre-a-gaza-les-intellectuels-arabes-s-adressent-aux-intellectuels-occidentaux\\\/209585\\\/#primaryimage\"},\"thumbnailUrl\":\"https:\\\/\\\/www.webdo.tn\\\/fr\\\/wp-content\\\/uploads\\\/2023\\\/10\\\/58b255f36b564ab69d532dfc7acbc3ce.jpg\",\"datePublished\":\"2023-10-24T16:17:00+00:00\",\"dateModified\":\"2025-05-20T22:10:25+00:00\",\"description\":\"Lettre ouverte des intellectuels arabes, dont le po\u00e8te Adonis ou le compositeur Marcel Khalifa, surpris par le silence des intellectuels occidentaux dans ce con...\",\"breadcrumb\":{\"@id\":\"https:\\\/\\\/www.webdo.tn\\\/fr\\\/actualite\\\/international\\\/massacre-a-gaza-les-intellectuels-arabes-s-adressent-aux-intellectuels-occidentaux\\\/209585\\\/#breadcrumb\"},\"inLanguage\":\"fr-FR\",\"potentialAction\":[{\"@type\":\"ReadAction\",\"target\":[\"https:\\\/\\\/www.webdo.tn\\\/fr\\\/actualite\\\/international\\\/massacre-a-gaza-les-intellectuels-arabes-s-adressent-aux-intellectuels-occidentaux\\\/209585\\\/\"]}]},{\"@type\":\"ImageObject\",\"inLanguage\":\"fr-FR\",\"@id\":\"https:\\\/\\\/www.webdo.tn\\\/fr\\\/actualite\\\/international\\\/massacre-a-gaza-les-intellectuels-arabes-s-adressent-aux-intellectuels-occidentaux\\\/209585\\\/#primaryimage\",\"url\":\"https:\\\/\\\/www.webdo.tn\\\/fr\\\/wp-content\\\/uploads\\\/2023\\\/10\\\/58b255f36b564ab69d532dfc7acbc3ce.jpg\",\"contentUrl\":\"https:\\\/\\\/www.webdo.tn\\\/fr\\\/wp-content\\\/uploads\\\/2023\\\/10\\\/58b255f36b564ab69d532dfc7acbc3ce.jpg\",\"width\":750,\"height\":400,\"caption\":\"Massacre \u00e0 Gaza : Les intellectuels arabes s'adressent aux intellectuels occidentaux\"},{\"@type\":\"BreadcrumbList\",\"@id\":\"https:\\\/\\\/www.webdo.tn\\\/fr\\\/actualite\\\/international\\\/massacre-a-gaza-les-intellectuels-arabes-s-adressent-aux-intellectuels-occidentaux\\\/209585\\\/#breadcrumb\",\"itemListElement\":[{\"@type\":\"ListItem\",\"position\":1,\"name\":\"Accueil\",\"item\":\"https:\\\/\\\/www.webdo.tn\\\/fr\\\/\"},{\"@type\":\"ListItem\",\"position\":2,\"name\":\"Massacre \u00e0 Gaza : Les intellectuels arabes s&rsquo;adressent aux intellectuels occidentaux\"}]},{\"@type\":\"WebSite\",\"@id\":\"https:\\\/\\\/www.webdo.tn\\\/fr\\\/#website\",\"url\":\"https:\\\/\\\/www.webdo.tn\\\/fr\\\/\",\"name\":\"webdo\",\"description\":\"Tunisie - News en Tunisie et \u00e0 l&#039;international sur Webdo.tn\",\"publisher\":{\"@id\":\"https:\\\/\\\/www.webdo.tn\\\/fr\\\/#organization\"},\"potentialAction\":[{\"@type\":\"SearchAction\",\"target\":{\"@type\":\"EntryPoint\",\"urlTemplate\":\"https:\\\/\\\/www.webdo.tn\\\/fr\\\/?s={search_term_string}\"},\"query-input\":{\"@type\":\"PropertyValueSpecification\",\"valueRequired\":true,\"valueName\":\"search_term_string\"}}],\"inLanguage\":\"fr-FR\"},{\"@type\":\"Organization\",\"@id\":\"https:\\\/\\\/www.webdo.tn\\\/fr\\\/#organization\",\"name\":\"Webdo\",\"alternateName\":\"Webdo.tn\",\"url\":\"https:\\\/\\\/www.webdo.tn\\\/fr\\\/\",\"logo\":{\"@type\":\"ImageObject\",\"inLanguage\":\"fr-FR\",\"@id\":\"https:\\\/\\\/www.webdo.tn\\\/fr\\\/#\\\/schema\\\/logo\\\/image\\\/\",\"url\":\"https:\\\/\\\/www.webdo.tn\\\/fr\\\/wp-content\\\/uploads\\\/2025\\\/06\\\/Webdo-Tunisie_168377.jpg\",\"contentUrl\":\"https:\\\/\\\/www.webdo.tn\\\/fr\\\/wp-content\\\/uploads\\\/2025\\\/06\\\/Webdo-Tunisie_168377.jpg\",\"width\":301,\"height\":301,\"caption\":\"Webdo\"},\"image\":{\"@id\":\"https:\\\/\\\/www.webdo.tn\\\/fr\\\/#\\\/schema\\\/logo\\\/image\\\/\"},\"sameAs\":[\"https:\\\/\\\/www.facebook.com\\\/webdotn\",\"https:\\\/\\\/x.com\\\/webdo_tn\"],\"description\":\"Webdo est un m\u00e9dia num\u00e9rique tunisien fond\u00e9 en 2010, sp\u00e9cialis\u00e9 dans l\u2019actualit\u00e9 nationale et internationale, l\u2019\u00e9conomie, la soci\u00e9t\u00e9 et les analyses politiques. Le site s\u2019adresse \u00e0 un large public francophone et couvre l\u2019information tunisienne en temps r\u00e9el.\",\"email\":\"redac@webdo.tn\",\"legalName\":\"YNJ SARL\",\"foundingDate\":\"2010-09-06\",\"numberOfEmployees\":{\"@type\":\"QuantitativeValue\",\"minValue\":\"11\",\"maxValue\":\"50\"}},{\"@type\":\"Person\",\"@id\":\"https:\\\/\\\/www.webdo.tn\\\/fr\\\/#\\\/schema\\\/person\\\/2c4929cbf5a809e3bd38617c6ce150f6\",\"name\":\"MC\",\"image\":{\"@type\":\"ImageObject\",\"inLanguage\":\"fr-FR\",\"@id\":\"https:\\\/\\\/secure.gravatar.com\\\/avatar\\\/a545bbb6f84efdd5553dbbc2895e3ca8f1d12c5215e00a041c9670b54aa9b18a?s=96&d=mm&r=g\",\"url\":\"https:\\\/\\\/secure.gravatar.com\\\/avatar\\\/a545bbb6f84efdd5553dbbc2895e3ca8f1d12c5215e00a041c9670b54aa9b18a?s=96&d=mm&r=g\",\"contentUrl\":\"https:\\\/\\\/secure.gravatar.com\\\/avatar\\\/a545bbb6f84efdd5553dbbc2895e3ca8f1d12c5215e00a041c9670b54aa9b18a?s=96&d=mm&r=g\",\"caption\":\"MC\"},\"url\":\"https:\\\/\\\/www.webdo.tn\\\/fr\\\/actualite\\\/author\\\/mc\\\/\"}]}<\/script>\n<!-- \/ Yoast SEO Premium plugin. -->","yoast_head_json":{"title":"Massacre \u00e0 Gaza : Les intellectuels arabes s'adressent aux intellectuels occidentaux","description":"Lettre ouverte des intellectuels arabes, dont le po\u00e8te Adonis ou le compositeur Marcel Khalifa, surpris par le silence des intellectuels occidentaux dans ce con...","canonical":"https:\/\/www.webdo.tn\/fr\/actualite\/international\/massacre-a-gaza-les-intellectuels-arabes-s-adressent-aux-intellectuels-occidentaux\/209585\/","og_locale":"fr_FR","og_type":"article","og_title":"Massacre \u00e0 Gaza : Les intellectuels arabes s'adressent aux intellectuels occidentaux","og_description":"Lettre ouverte des intellectuels arabes, dont le po\u00e8te Adonis ou le compositeur Marcel Khalifa, surpris par le silence des intellectuels occidentaux dans ce con...","og_url":"https:\/\/www.webdo.tn\/fr\/actualite\/international\/massacre-a-gaza-les-intellectuels-arabes-s-adressent-aux-intellectuels-occidentaux\/209585\/","og_site_name":"webdo","article_publisher":"https:\/\/www.facebook.com\/webdotn","article_published_time":"2023-10-24T16:17:00+00:00","article_modified_time":"2025-05-20T22:10:25+00:00","og_image":[{"width":750,"height":400,"url":"https:\/\/www.webdo.tn\/fr\/wp-content\/uploads\/2023\/10\/58b255f36b564ab69d532dfc7acbc3ce.jpg","type":"image\/jpeg"}],"author":"MC","twitter_card":"summary_large_image","twitter_creator":"@webdo_tn","twitter_site":"@webdo_tn","twitter_misc":{"\u00c9crit par":"MC","Dur\u00e9e de lecture estim\u00e9e":"6 minutes"},"schema":{"@context":"https:\/\/schema.org","@graph":[{"@type":"NewsArticle","@id":"https:\/\/www.webdo.tn\/fr\/actualite\/international\/massacre-a-gaza-les-intellectuels-arabes-s-adressent-aux-intellectuels-occidentaux\/209585\/#article","isPartOf":{"@id":"https:\/\/www.webdo.tn\/fr\/actualite\/international\/massacre-a-gaza-les-intellectuels-arabes-s-adressent-aux-intellectuels-occidentaux\/209585\/"},"author":{"name":"MC","@id":"https:\/\/www.webdo.tn\/fr\/#\/schema\/person\/2c4929cbf5a809e3bd38617c6ce150f6"},"headline":"Massacre \u00e0 Gaza : Les intellectuels arabes s&rsquo;adressent aux intellectuels occidentaux","datePublished":"2023-10-24T16:17:00+00:00","dateModified":"2025-05-20T22:10:25+00:00","mainEntityOfPage":{"@id":"https:\/\/www.webdo.tn\/fr\/actualite\/international\/massacre-a-gaza-les-intellectuels-arabes-s-adressent-aux-intellectuels-occidentaux\/209585\/"},"wordCount":1194,"commentCount":0,"publisher":{"@id":"https:\/\/www.webdo.tn\/fr\/#organization"},"image":{"@id":"https:\/\/www.webdo.tn\/fr\/actualite\/international\/massacre-a-gaza-les-intellectuels-arabes-s-adressent-aux-intellectuels-occidentaux\/209585\/#primaryimage"},"thumbnailUrl":"https:\/\/www.webdo.tn\/fr\/wp-content\/uploads\/2023\/10\/58b255f36b564ab69d532dfc7acbc3ce.jpg","keywords":["Gaza","intellectuels","Lettre ouverte"],"articleSection":["International"],"inLanguage":"fr-FR"},{"@type":"WebPage","@id":"https:\/\/www.webdo.tn\/fr\/actualite\/international\/massacre-a-gaza-les-intellectuels-arabes-s-adressent-aux-intellectuels-occidentaux\/209585\/","url":"https:\/\/www.webdo.tn\/fr\/actualite\/international\/massacre-a-gaza-les-intellectuels-arabes-s-adressent-aux-intellectuels-occidentaux\/209585\/","name":"Massacre \u00e0 Gaza : Les intellectuels arabes s'adressent aux intellectuels occidentaux","isPartOf":{"@id":"https:\/\/www.webdo.tn\/fr\/#website"},"primaryImageOfPage":{"@id":"https:\/\/www.webdo.tn\/fr\/actualite\/international\/massacre-a-gaza-les-intellectuels-arabes-s-adressent-aux-intellectuels-occidentaux\/209585\/#primaryimage"},"image":{"@id":"https:\/\/www.webdo.tn\/fr\/actualite\/international\/massacre-a-gaza-les-intellectuels-arabes-s-adressent-aux-intellectuels-occidentaux\/209585\/#primaryimage"},"thumbnailUrl":"https:\/\/www.webdo.tn\/fr\/wp-content\/uploads\/2023\/10\/58b255f36b564ab69d532dfc7acbc3ce.jpg","datePublished":"2023-10-24T16:17:00+00:00","dateModified":"2025-05-20T22:10:25+00:00","description":"Lettre ouverte des intellectuels arabes, dont le po\u00e8te Adonis ou le compositeur Marcel Khalifa, surpris par le silence des intellectuels occidentaux dans ce con...","breadcrumb":{"@id":"https:\/\/www.webdo.tn\/fr\/actualite\/international\/massacre-a-gaza-les-intellectuels-arabes-s-adressent-aux-intellectuels-occidentaux\/209585\/#breadcrumb"},"inLanguage":"fr-FR","potentialAction":[{"@type":"ReadAction","target":["https:\/\/www.webdo.tn\/fr\/actualite\/international\/massacre-a-gaza-les-intellectuels-arabes-s-adressent-aux-intellectuels-occidentaux\/209585\/"]}]},{"@type":"ImageObject","inLanguage":"fr-FR","@id":"https:\/\/www.webdo.tn\/fr\/actualite\/international\/massacre-a-gaza-les-intellectuels-arabes-s-adressent-aux-intellectuels-occidentaux\/209585\/#primaryimage","url":"https:\/\/www.webdo.tn\/fr\/wp-content\/uploads\/2023\/10\/58b255f36b564ab69d532dfc7acbc3ce.jpg","contentUrl":"https:\/\/www.webdo.tn\/fr\/wp-content\/uploads\/2023\/10\/58b255f36b564ab69d532dfc7acbc3ce.jpg","width":750,"height":400,"caption":"Massacre \u00e0 Gaza : Les intellectuels arabes s'adressent aux intellectuels occidentaux"},{"@type":"BreadcrumbList","@id":"https:\/\/www.webdo.tn\/fr\/actualite\/international\/massacre-a-gaza-les-intellectuels-arabes-s-adressent-aux-intellectuels-occidentaux\/209585\/#breadcrumb","itemListElement":[{"@type":"ListItem","position":1,"name":"Accueil","item":"https:\/\/www.webdo.tn\/fr\/"},{"@type":"ListItem","position":2,"name":"Massacre \u00e0 Gaza : Les intellectuels arabes s&rsquo;adressent aux intellectuels occidentaux"}]},{"@type":"WebSite","@id":"https:\/\/www.webdo.tn\/fr\/#website","url":"https:\/\/www.webdo.tn\/fr\/","name":"webdo","description":"Tunisie - News en Tunisie et \u00e0 l&#039;international sur Webdo.tn","publisher":{"@id":"https:\/\/www.webdo.tn\/fr\/#organization"},"potentialAction":[{"@type":"SearchAction","target":{"@type":"EntryPoint","urlTemplate":"https:\/\/www.webdo.tn\/fr\/?s={search_term_string}"},"query-input":{"@type":"PropertyValueSpecification","valueRequired":true,"valueName":"search_term_string"}}],"inLanguage":"fr-FR"},{"@type":"Organization","@id":"https:\/\/www.webdo.tn\/fr\/#organization","name":"Webdo","alternateName":"Webdo.tn","url":"https:\/\/www.webdo.tn\/fr\/","logo":{"@type":"ImageObject","inLanguage":"fr-FR","@id":"https:\/\/www.webdo.tn\/fr\/#\/schema\/logo\/image\/","url":"https:\/\/www.webdo.tn\/fr\/wp-content\/uploads\/2025\/06\/Webdo-Tunisie_168377.jpg","contentUrl":"https:\/\/www.webdo.tn\/fr\/wp-content\/uploads\/2025\/06\/Webdo-Tunisie_168377.jpg","width":301,"height":301,"caption":"Webdo"},"image":{"@id":"https:\/\/www.webdo.tn\/fr\/#\/schema\/logo\/image\/"},"sameAs":["https:\/\/www.facebook.com\/webdotn","https:\/\/x.com\/webdo_tn"],"description":"Webdo est un m\u00e9dia num\u00e9rique tunisien fond\u00e9 en 2010, sp\u00e9cialis\u00e9 dans l\u2019actualit\u00e9 nationale et internationale, l\u2019\u00e9conomie, la soci\u00e9t\u00e9 et les analyses politiques. Le site s\u2019adresse \u00e0 un large public francophone et couvre l\u2019information tunisienne en temps r\u00e9el.","email":"redac@webdo.tn","legalName":"YNJ SARL","foundingDate":"2010-09-06","numberOfEmployees":{"@type":"QuantitativeValue","minValue":"11","maxValue":"50"}},{"@type":"Person","@id":"https:\/\/www.webdo.tn\/fr\/#\/schema\/person\/2c4929cbf5a809e3bd38617c6ce150f6","name":"MC","image":{"@type":"ImageObject","inLanguage":"fr-FR","@id":"https:\/\/secure.gravatar.com\/avatar\/a545bbb6f84efdd5553dbbc2895e3ca8f1d12c5215e00a041c9670b54aa9b18a?s=96&d=mm&r=g","url":"https:\/\/secure.gravatar.com\/avatar\/a545bbb6f84efdd5553dbbc2895e3ca8f1d12c5215e00a041c9670b54aa9b18a?s=96&d=mm&r=g","contentUrl":"https:\/\/secure.gravatar.com\/avatar\/a545bbb6f84efdd5553dbbc2895e3ca8f1d12c5215e00a041c9670b54aa9b18a?s=96&d=mm&r=g","caption":"MC"},"url":"https:\/\/www.webdo.tn\/fr\/actualite\/author\/mc\/"}]}},"_links":{"self":[{"href":"https:\/\/www.webdo.tn\/fr\/wp-json\/wp\/v2\/posts\/209585","targetHints":{"allow":["GET"]}}],"collection":[{"href":"https:\/\/www.webdo.tn\/fr\/wp-json\/wp\/v2\/posts"}],"about":[{"href":"https:\/\/www.webdo.tn\/fr\/wp-json\/wp\/v2\/types\/post"}],"author":[{"embeddable":true,"href":"https:\/\/www.webdo.tn\/fr\/wp-json\/wp\/v2\/users\/3162"}],"replies":[{"embeddable":true,"href":"https:\/\/www.webdo.tn\/fr\/wp-json\/wp\/v2\/comments?post=209585"}],"version-history":[{"count":0,"href":"https:\/\/www.webdo.tn\/fr\/wp-json\/wp\/v2\/posts\/209585\/revisions"}],"wp:featuredmedia":[{"embeddable":true,"href":"https:\/\/www.webdo.tn\/fr\/wp-json\/wp\/v2\/media\/278874"}],"wp:attachment":[{"href":"https:\/\/www.webdo.tn\/fr\/wp-json\/wp\/v2\/media?parent=209585"}],"wp:term":[{"taxonomy":"category","embeddable":true,"href":"https:\/\/www.webdo.tn\/fr\/wp-json\/wp\/v2\/categories?post=209585"},{"taxonomy":"post_tag","embeddable":true,"href":"https:\/\/www.webdo.tn\/fr\/wp-json\/wp\/v2\/tags?post=209585"}],"curies":[{"name":"wp","href":"https:\/\/api.w.org\/{rel}","templated":true}]}}