{"id":209580,"date":"2023-10-24T15:14:00","date_gmt":"2023-10-24T15:14:00","guid":{"rendered":"https:\/\/www.webdo.tn\/fr\/blog\/arp-adoption-en-commission-d-une-proposition-de-loi-incriminant-la-normalisation-avec-israel\/209580\/"},"modified":"2025-05-20T21:56:33","modified_gmt":"2025-05-20T21:56:33","slug":"arp-adoption-en-commission-d-une-proposition-de-loi-incriminant-la-normalisation-avec-israel","status":"publish","type":"post","link":"https:\/\/www.webdo.tn\/fr\/actualite\/national\/arp-adoption-en-commission-d-une-proposition-de-loi-incriminant-la-normalisation-avec-israel\/209580\/","title":{"rendered":"ARP : Adoption en commission d&rsquo;une proposition de loi incriminant la normalisation avec Isra\u00ebl"},"content":{"rendered":"<p>La commission des droits et des libert\u00e9s au Parlement a approuv\u00e9, lundi 23 octobre 2023, la proposition de loi incriminant la normalisation avec l&rsquo;entit\u00e9 sioniste.<\/p>\n<p>\t\t\t\t\t\t\t\t\tA l&rsquo;issue de ses travaux, la commission a vot\u00e9, \u00e0 l&rsquo;unanimit\u00e9, pour la proposition de cette loi, indique un communiqu\u00e9 de l&rsquo;Assembl\u00e9e des repr\u00e9sentants du peuple (ARP), pr\u00e9cisant que des s\u00e9ances d&rsquo;audition seront organis\u00e9es au sujet de ladite proposition.<br \/>\nLes d\u00e9bats entre les d\u00e9put\u00e9s se sont articul\u00e9s autour de la n\u00e9cessit\u00e9 de durcir les sanctions relatives aux crimes li\u00e9s \u00e0 la normalisation.<\/p>\n<p>Les d\u00e9put\u00e9s ont, par ailleurs, examin\u00e9 les propositions d&rsquo;amendement de l&rsquo;article 2 de cette proposition qui sont ax\u00e9es, pour la plupart, sur la d\u00e9finition du concept du traitement direct ou par la m\u00e9diation avec l&rsquo;entit\u00e9 sioniste. L&rsquo;article 2 amend\u00e9 a \u00e9t\u00e9 adopt\u00e9 \u00e0 la majorit\u00e9 des membres pr\u00e9sents.<\/p>\n<p>Peines de prison et amendes<\/p>\n<p>La pr\u00e9sidente de la Commission des droits et des libert\u00e9s \u00e0 l&rsquo;Assembl\u00e9e des repr\u00e9sentants du peuple, H\u00e9la Jaballah, est d\u2019ailleurs intervenue, ce mardi\u00a0 24 octobre sur les ondes de Mosaique fm, pour donner un aper\u00e7u du texte du projet de loi incriminant la normalisation avec l&rsquo;entit\u00e9 sioniste.<\/p>\n<p>Selon elle, ce projet de loi comprend sept articles qui d\u00e9finissent des termes, comme \u00ab\u00a0l&rsquo;entit\u00e9 sioniste\u00a0\u00bb, \u00ab\u00a0la normalisation\u00a0\u00bb et \u00ab\u00a0le crime de\u00a0 normalisation\u00a0\u00bb, fixant les peines de prison et les amendes pour les auteurs de crimes de normalisation.<\/p>\n<p>Elle a expliqu\u00e9 que toute personne qui tente ou participe, communique, collabore ou traite avec l&rsquo;entit\u00e9 sioniste, \u00e0 travers diff\u00e9rentes activit\u00e9s culturelles, commerciales, militaires, de renseignement ou autres, est susceptible d&rsquo;\u00eatre poursuivie p\u00e9nalement, sur la base de ce projet de loi.<\/p>\n<p>L&rsquo;application de la loi entrera en vigueur d\u00e8s sa parution sur le Journal officiel de la R\u00e9publique tunisienne (JORT), apr\u00e8s approbation de l\u2019ARP, et une fois sign\u00e9e par le pr\u00e9sident de la R\u00e9publique.<\/p>\n<p>Les sportifs concern\u00e9s<\/p>\n<p>Concernant les peines, l&rsquo;intervenante a pr\u00e9cis\u00e9 qu&rsquo;elles peuvent aller jusqu&rsquo;\u00e0 la r\u00e9clusion \u00e0 perp\u00e9tuit\u00e9 pour les crimes qui concernent le renseignement militaire et le port d&rsquo;armes avec l&rsquo;ennemi.<\/p>\n<p>Pour les autres aspects de la normalisation, les sanctions varient entre six et douze ans de prison, assorties d&rsquo;amendes de dix mille \u00e0 cent mille dinars.<\/p>\n<p>Concernant les sportifs se trouvant dans l&rsquo;obligation d&rsquo;affronter des adversaires de nationalit\u00e9 isra\u00e9lienne, la loi sera claire une fois adopt\u00e9e, et sanctionnera toute personne qui traitera directement avec l&rsquo;entit\u00e9 sioniste.<\/p>\n","protected":false},"excerpt":{"rendered":"<p>La commission des droits et des libert\u00e9s au Parlement a approuv\u00e9, lundi 23 octobre 2023, la proposition de loi incriminant la normalisation avec l&rsquo;entit\u00e9 sionis&#8230;<\/p>\n","protected":false},"author":3162,"featured_media":249001,"comment_status":"open","ping_status":"closed","sticky":false,"template":"","format":"standard","meta":{"footnotes":""},"categories":[44],"tags":[2636,3033,3729,2688],"class_list":["post-209580","post","type-post","status-publish","format-standard","has-post-thumbnail","hentry","category-national","tag-israel","tag-loi","tag-normalisation","tag-palestine"],"yoast_head":"<!-- This site is optimized with the Yoast SEO Premium plugin v27.5 (Yoast SEO v27.5) - https:\/\/yoast.com\/product\/yoast-seo-premium-wordpress\/ -->\n<title>ARP : Adoption en commission d&#039;une proposition de loi incriminant la normalisation avec Isra\u00ebl<\/title>\n<meta name=\"description\" content=\"La commission des droits et des libert\u00e9s au Parlement a approuv\u00e9, lundi 23 octobre 2023, la proposition de loi incriminant la normalisation avec l&#039;entit\u00e9 sionis...\" \/>\n<link rel=\"canonical\" href=\"https:\/\/www.webdo.tn\/fr\/actualite\/national\/arp-adoption-en-commission-d-une-proposition-de-loi-incriminant-la-normalisation-avec-israel\/209580\/\" \/>\n<meta property=\"og:locale\" content=\"fr_FR\" \/>\n<meta property=\"og:type\" content=\"article\" \/>\n<meta property=\"og:title\" content=\"ARP : Adoption en commission d&#039;une proposition de loi incriminant la normalisation avec Isra\u00ebl\" \/>\n<meta property=\"og:description\" content=\"La commission des droits et des libert\u00e9s au Parlement a approuv\u00e9, lundi 23 octobre 2023, la proposition de loi incriminant la normalisation avec l&#039;entit\u00e9 sionis...\" \/>\n<meta property=\"og:url\" content=\"https:\/\/www.webdo.tn\/fr\/actualite\/national\/arp-adoption-en-commission-d-une-proposition-de-loi-incriminant-la-normalisation-avec-israel\/209580\/\" \/>\n<meta property=\"og:site_name\" content=\"webdo\" \/>\n<meta property=\"article:publisher\" content=\"https:\/\/www.facebook.com\/webdotn\" \/>\n<meta property=\"article:published_time\" content=\"2023-10-24T15:14:00+00:00\" \/>\n<meta property=\"article:modified_time\" content=\"2025-05-20T21:56:33+00:00\" \/>\n<meta property=\"og:image\" content=\"https:\/\/www.webdo.tn\/fr\/wp-content\/uploads\/2023\/10\/7822e37359932b73f3f236d74b087b94.jpg\" \/>\n\t<meta property=\"og:image:width\" content=\"750\" \/>\n\t<meta property=\"og:image:height\" content=\"400\" \/>\n\t<meta property=\"og:image:type\" content=\"image\/jpeg\" \/>\n<meta name=\"author\" content=\"MC\" \/>\n<meta name=\"twitter:card\" content=\"summary_large_image\" \/>\n<meta name=\"twitter:creator\" content=\"@webdo_tn\" \/>\n<meta name=\"twitter:site\" content=\"@webdo_tn\" \/>\n<meta name=\"twitter:label1\" content=\"\u00c9crit par\" \/>\n\t<meta name=\"twitter:data1\" content=\"MC\" \/>\n\t<meta name=\"twitter:label2\" content=\"Dur\u00e9e de lecture estim\u00e9e\" \/>\n\t<meta name=\"twitter:data2\" content=\"2 minutes\" \/>\n<script type=\"application\/ld+json\" class=\"yoast-schema-graph\">{\"@context\":\"https:\\\/\\\/schema.org\",\"@graph\":[{\"@type\":\"NewsArticle\",\"@id\":\"https:\\\/\\\/www.webdo.tn\\\/fr\\\/actualite\\\/national\\\/arp-adoption-en-commission-d-une-proposition-de-loi-incriminant-la-normalisation-avec-israel\\\/209580\\\/#article\",\"isPartOf\":{\"@id\":\"https:\\\/\\\/www.webdo.tn\\\/fr\\\/actualite\\\/national\\\/arp-adoption-en-commission-d-une-proposition-de-loi-incriminant-la-normalisation-avec-israel\\\/209580\\\/\"},\"author\":{\"name\":\"MC\",\"@id\":\"https:\\\/\\\/www.webdo.tn\\\/fr\\\/#\\\/schema\\\/person\\\/2c4929cbf5a809e3bd38617c6ce150f6\"},\"headline\":\"ARP : Adoption en commission d&rsquo;une proposition de loi incriminant la normalisation avec Isra\u00ebl\",\"datePublished\":\"2023-10-24T15:14:00+00:00\",\"dateModified\":\"2025-05-20T21:56:33+00:00\",\"mainEntityOfPage\":{\"@id\":\"https:\\\/\\\/www.webdo.tn\\\/fr\\\/actualite\\\/national\\\/arp-adoption-en-commission-d-une-proposition-de-loi-incriminant-la-normalisation-avec-israel\\\/209580\\\/\"},\"wordCount\":454,\"commentCount\":0,\"publisher\":{\"@id\":\"https:\\\/\\\/www.webdo.tn\\\/fr\\\/#organization\"},\"image\":{\"@id\":\"https:\\\/\\\/www.webdo.tn\\\/fr\\\/actualite\\\/national\\\/arp-adoption-en-commission-d-une-proposition-de-loi-incriminant-la-normalisation-avec-israel\\\/209580\\\/#primaryimage\"},\"thumbnailUrl\":\"https:\\\/\\\/www.webdo.tn\\\/fr\\\/wp-content\\\/uploads\\\/2023\\\/10\\\/7822e37359932b73f3f236d74b087b94.jpg\",\"keywords\":[\"isra\u00ebl\",\"loi\",\"normalisation\",\"Palestine\"],\"articleSection\":[\"National\"],\"inLanguage\":\"fr-FR\"},{\"@type\":\"WebPage\",\"@id\":\"https:\\\/\\\/www.webdo.tn\\\/fr\\\/actualite\\\/national\\\/arp-adoption-en-commission-d-une-proposition-de-loi-incriminant-la-normalisation-avec-israel\\\/209580\\\/\",\"url\":\"https:\\\/\\\/www.webdo.tn\\\/fr\\\/actualite\\\/national\\\/arp-adoption-en-commission-d-une-proposition-de-loi-incriminant-la-normalisation-avec-israel\\\/209580\\\/\",\"name\":\"ARP : Adoption en commission d'une proposition de loi incriminant la normalisation avec Isra\u00ebl\",\"isPartOf\":{\"@id\":\"https:\\\/\\\/www.webdo.tn\\\/fr\\\/#website\"},\"primaryImageOfPage\":{\"@id\":\"https:\\\/\\\/www.webdo.tn\\\/fr\\\/actualite\\\/national\\\/arp-adoption-en-commission-d-une-proposition-de-loi-incriminant-la-normalisation-avec-israel\\\/209580\\\/#primaryimage\"},\"image\":{\"@id\":\"https:\\\/\\\/www.webdo.tn\\\/fr\\\/actualite\\\/national\\\/arp-adoption-en-commission-d-une-proposition-de-loi-incriminant-la-normalisation-avec-israel\\\/209580\\\/#primaryimage\"},\"thumbnailUrl\":\"https:\\\/\\\/www.webdo.tn\\\/fr\\\/wp-content\\\/uploads\\\/2023\\\/10\\\/7822e37359932b73f3f236d74b087b94.jpg\",\"datePublished\":\"2023-10-24T15:14:00+00:00\",\"dateModified\":\"2025-05-20T21:56:33+00:00\",\"description\":\"La commission des droits et des libert\u00e9s au Parlement a approuv\u00e9, lundi 23 octobre 2023, la proposition de loi incriminant la normalisation avec l'entit\u00e9 sionis...\",\"breadcrumb\":{\"@id\":\"https:\\\/\\\/www.webdo.tn\\\/fr\\\/actualite\\\/national\\\/arp-adoption-en-commission-d-une-proposition-de-loi-incriminant-la-normalisation-avec-israel\\\/209580\\\/#breadcrumb\"},\"inLanguage\":\"fr-FR\",\"potentialAction\":[{\"@type\":\"ReadAction\",\"target\":[\"https:\\\/\\\/www.webdo.tn\\\/fr\\\/actualite\\\/national\\\/arp-adoption-en-commission-d-une-proposition-de-loi-incriminant-la-normalisation-avec-israel\\\/209580\\\/\"]}]},{\"@type\":\"ImageObject\",\"inLanguage\":\"fr-FR\",\"@id\":\"https:\\\/\\\/www.webdo.tn\\\/fr\\\/actualite\\\/national\\\/arp-adoption-en-commission-d-une-proposition-de-loi-incriminant-la-normalisation-avec-israel\\\/209580\\\/#primaryimage\",\"url\":\"https:\\\/\\\/www.webdo.tn\\\/fr\\\/wp-content\\\/uploads\\\/2023\\\/10\\\/7822e37359932b73f3f236d74b087b94.jpg\",\"contentUrl\":\"https:\\\/\\\/www.webdo.tn\\\/fr\\\/wp-content\\\/uploads\\\/2023\\\/10\\\/7822e37359932b73f3f236d74b087b94.jpg\",\"width\":750,\"height\":400,\"caption\":\"ARP : Adoption en commission d'une proposition de loi incriminant la normalisation avec Isra\u00ebl\"},{\"@type\":\"BreadcrumbList\",\"@id\":\"https:\\\/\\\/www.webdo.tn\\\/fr\\\/actualite\\\/national\\\/arp-adoption-en-commission-d-une-proposition-de-loi-incriminant-la-normalisation-avec-israel\\\/209580\\\/#breadcrumb\",\"itemListElement\":[{\"@type\":\"ListItem\",\"position\":1,\"name\":\"Accueil\",\"item\":\"https:\\\/\\\/www.webdo.tn\\\/fr\\\/\"},{\"@type\":\"ListItem\",\"position\":2,\"name\":\"ARP : Adoption en commission d&#8217;une proposition de loi incriminant la normalisation avec Isra\u00ebl\"}]},{\"@type\":\"WebSite\",\"@id\":\"https:\\\/\\\/www.webdo.tn\\\/fr\\\/#website\",\"url\":\"https:\\\/\\\/www.webdo.tn\\\/fr\\\/\",\"name\":\"webdo\",\"description\":\"Tunisie - News en Tunisie et \u00e0 l&#039;international sur Webdo.tn\",\"publisher\":{\"@id\":\"https:\\\/\\\/www.webdo.tn\\\/fr\\\/#organization\"},\"potentialAction\":[{\"@type\":\"SearchAction\",\"target\":{\"@type\":\"EntryPoint\",\"urlTemplate\":\"https:\\\/\\\/www.webdo.tn\\\/fr\\\/?s={search_term_string}\"},\"query-input\":{\"@type\":\"PropertyValueSpecification\",\"valueRequired\":true,\"valueName\":\"search_term_string\"}}],\"inLanguage\":\"fr-FR\"},{\"@type\":\"Organization\",\"@id\":\"https:\\\/\\\/www.webdo.tn\\\/fr\\\/#organization\",\"name\":\"Webdo\",\"alternateName\":\"Webdo.tn\",\"url\":\"https:\\\/\\\/www.webdo.tn\\\/fr\\\/\",\"logo\":{\"@type\":\"ImageObject\",\"inLanguage\":\"fr-FR\",\"@id\":\"https:\\\/\\\/www.webdo.tn\\\/fr\\\/#\\\/schema\\\/logo\\\/image\\\/\",\"url\":\"https:\\\/\\\/www.webdo.tn\\\/fr\\\/wp-content\\\/uploads\\\/2025\\\/06\\\/Webdo-Tunisie_168377.jpg\",\"contentUrl\":\"https:\\\/\\\/www.webdo.tn\\\/fr\\\/wp-content\\\/uploads\\\/2025\\\/06\\\/Webdo-Tunisie_168377.jpg\",\"width\":301,\"height\":301,\"caption\":\"Webdo\"},\"image\":{\"@id\":\"https:\\\/\\\/www.webdo.tn\\\/fr\\\/#\\\/schema\\\/logo\\\/image\\\/\"},\"sameAs\":[\"https:\\\/\\\/www.facebook.com\\\/webdotn\",\"https:\\\/\\\/x.com\\\/webdo_tn\"],\"description\":\"Webdo est un m\u00e9dia num\u00e9rique tunisien fond\u00e9 en 2010, sp\u00e9cialis\u00e9 dans l\u2019actualit\u00e9 nationale et internationale, l\u2019\u00e9conomie, la soci\u00e9t\u00e9 et les analyses politiques. Le site s\u2019adresse \u00e0 un large public francophone et couvre l\u2019information tunisienne en temps r\u00e9el.\",\"email\":\"redac@webdo.tn\",\"legalName\":\"YNJ SARL\",\"foundingDate\":\"2010-09-06\",\"numberOfEmployees\":{\"@type\":\"QuantitativeValue\",\"minValue\":\"11\",\"maxValue\":\"50\"}},{\"@type\":\"Person\",\"@id\":\"https:\\\/\\\/www.webdo.tn\\\/fr\\\/#\\\/schema\\\/person\\\/2c4929cbf5a809e3bd38617c6ce150f6\",\"name\":\"MC\",\"image\":{\"@type\":\"ImageObject\",\"inLanguage\":\"fr-FR\",\"@id\":\"https:\\\/\\\/secure.gravatar.com\\\/avatar\\\/a545bbb6f84efdd5553dbbc2895e3ca8f1d12c5215e00a041c9670b54aa9b18a?s=96&d=mm&r=g\",\"url\":\"https:\\\/\\\/secure.gravatar.com\\\/avatar\\\/a545bbb6f84efdd5553dbbc2895e3ca8f1d12c5215e00a041c9670b54aa9b18a?s=96&d=mm&r=g\",\"contentUrl\":\"https:\\\/\\\/secure.gravatar.com\\\/avatar\\\/a545bbb6f84efdd5553dbbc2895e3ca8f1d12c5215e00a041c9670b54aa9b18a?s=96&d=mm&r=g\",\"caption\":\"MC\"},\"url\":\"https:\\\/\\\/www.webdo.tn\\\/fr\\\/actualite\\\/author\\\/mc\\\/\"}]}<\/script>\n<!-- \/ Yoast SEO Premium plugin. -->","yoast_head_json":{"title":"ARP : Adoption en commission d'une proposition de loi incriminant la normalisation avec Isra\u00ebl","description":"La commission des droits et des libert\u00e9s au Parlement a approuv\u00e9, lundi 23 octobre 2023, la proposition de loi incriminant la normalisation avec l'entit\u00e9 sionis...","canonical":"https:\/\/www.webdo.tn\/fr\/actualite\/national\/arp-adoption-en-commission-d-une-proposition-de-loi-incriminant-la-normalisation-avec-israel\/209580\/","og_locale":"fr_FR","og_type":"article","og_title":"ARP : Adoption en commission d'une proposition de loi incriminant la normalisation avec Isra\u00ebl","og_description":"La commission des droits et des libert\u00e9s au Parlement a approuv\u00e9, lundi 23 octobre 2023, la proposition de loi incriminant la normalisation avec l'entit\u00e9 sionis...","og_url":"https:\/\/www.webdo.tn\/fr\/actualite\/national\/arp-adoption-en-commission-d-une-proposition-de-loi-incriminant-la-normalisation-avec-israel\/209580\/","og_site_name":"webdo","article_publisher":"https:\/\/www.facebook.com\/webdotn","article_published_time":"2023-10-24T15:14:00+00:00","article_modified_time":"2025-05-20T21:56:33+00:00","og_image":[{"width":750,"height":400,"url":"https:\/\/www.webdo.tn\/fr\/wp-content\/uploads\/2023\/10\/7822e37359932b73f3f236d74b087b94.jpg","type":"image\/jpeg"}],"author":"MC","twitter_card":"summary_large_image","twitter_creator":"@webdo_tn","twitter_site":"@webdo_tn","twitter_misc":{"\u00c9crit par":"MC","Dur\u00e9e de lecture estim\u00e9e":"2 minutes"},"schema":{"@context":"https:\/\/schema.org","@graph":[{"@type":"NewsArticle","@id":"https:\/\/www.webdo.tn\/fr\/actualite\/national\/arp-adoption-en-commission-d-une-proposition-de-loi-incriminant-la-normalisation-avec-israel\/209580\/#article","isPartOf":{"@id":"https:\/\/www.webdo.tn\/fr\/actualite\/national\/arp-adoption-en-commission-d-une-proposition-de-loi-incriminant-la-normalisation-avec-israel\/209580\/"},"author":{"name":"MC","@id":"https:\/\/www.webdo.tn\/fr\/#\/schema\/person\/2c4929cbf5a809e3bd38617c6ce150f6"},"headline":"ARP : Adoption en commission d&rsquo;une proposition de loi incriminant la normalisation avec Isra\u00ebl","datePublished":"2023-10-24T15:14:00+00:00","dateModified":"2025-05-20T21:56:33+00:00","mainEntityOfPage":{"@id":"https:\/\/www.webdo.tn\/fr\/actualite\/national\/arp-adoption-en-commission-d-une-proposition-de-loi-incriminant-la-normalisation-avec-israel\/209580\/"},"wordCount":454,"commentCount":0,"publisher":{"@id":"https:\/\/www.webdo.tn\/fr\/#organization"},"image":{"@id":"https:\/\/www.webdo.tn\/fr\/actualite\/national\/arp-adoption-en-commission-d-une-proposition-de-loi-incriminant-la-normalisation-avec-israel\/209580\/#primaryimage"},"thumbnailUrl":"https:\/\/www.webdo.tn\/fr\/wp-content\/uploads\/2023\/10\/7822e37359932b73f3f236d74b087b94.jpg","keywords":["isra\u00ebl","loi","normalisation","Palestine"],"articleSection":["National"],"inLanguage":"fr-FR"},{"@type":"WebPage","@id":"https:\/\/www.webdo.tn\/fr\/actualite\/national\/arp-adoption-en-commission-d-une-proposition-de-loi-incriminant-la-normalisation-avec-israel\/209580\/","url":"https:\/\/www.webdo.tn\/fr\/actualite\/national\/arp-adoption-en-commission-d-une-proposition-de-loi-incriminant-la-normalisation-avec-israel\/209580\/","name":"ARP : Adoption en commission d'une proposition de loi incriminant la normalisation avec Isra\u00ebl","isPartOf":{"@id":"https:\/\/www.webdo.tn\/fr\/#website"},"primaryImageOfPage":{"@id":"https:\/\/www.webdo.tn\/fr\/actualite\/national\/arp-adoption-en-commission-d-une-proposition-de-loi-incriminant-la-normalisation-avec-israel\/209580\/#primaryimage"},"image":{"@id":"https:\/\/www.webdo.tn\/fr\/actualite\/national\/arp-adoption-en-commission-d-une-proposition-de-loi-incriminant-la-normalisation-avec-israel\/209580\/#primaryimage"},"thumbnailUrl":"https:\/\/www.webdo.tn\/fr\/wp-content\/uploads\/2023\/10\/7822e37359932b73f3f236d74b087b94.jpg","datePublished":"2023-10-24T15:14:00+00:00","dateModified":"2025-05-20T21:56:33+00:00","description":"La commission des droits et des libert\u00e9s au Parlement a approuv\u00e9, lundi 23 octobre 2023, la proposition de loi incriminant la normalisation avec l'entit\u00e9 sionis...","breadcrumb":{"@id":"https:\/\/www.webdo.tn\/fr\/actualite\/national\/arp-adoption-en-commission-d-une-proposition-de-loi-incriminant-la-normalisation-avec-israel\/209580\/#breadcrumb"},"inLanguage":"fr-FR","potentialAction":[{"@type":"ReadAction","target":["https:\/\/www.webdo.tn\/fr\/actualite\/national\/arp-adoption-en-commission-d-une-proposition-de-loi-incriminant-la-normalisation-avec-israel\/209580\/"]}]},{"@type":"ImageObject","inLanguage":"fr-FR","@id":"https:\/\/www.webdo.tn\/fr\/actualite\/national\/arp-adoption-en-commission-d-une-proposition-de-loi-incriminant-la-normalisation-avec-israel\/209580\/#primaryimage","url":"https:\/\/www.webdo.tn\/fr\/wp-content\/uploads\/2023\/10\/7822e37359932b73f3f236d74b087b94.jpg","contentUrl":"https:\/\/www.webdo.tn\/fr\/wp-content\/uploads\/2023\/10\/7822e37359932b73f3f236d74b087b94.jpg","width":750,"height":400,"caption":"ARP : Adoption en commission d'une proposition de loi incriminant la normalisation avec Isra\u00ebl"},{"@type":"BreadcrumbList","@id":"https:\/\/www.webdo.tn\/fr\/actualite\/national\/arp-adoption-en-commission-d-une-proposition-de-loi-incriminant-la-normalisation-avec-israel\/209580\/#breadcrumb","itemListElement":[{"@type":"ListItem","position":1,"name":"Accueil","item":"https:\/\/www.webdo.tn\/fr\/"},{"@type":"ListItem","position":2,"name":"ARP : Adoption en commission d&#8217;une proposition de loi incriminant la normalisation avec Isra\u00ebl"}]},{"@type":"WebSite","@id":"https:\/\/www.webdo.tn\/fr\/#website","url":"https:\/\/www.webdo.tn\/fr\/","name":"webdo","description":"Tunisie - News en Tunisie et \u00e0 l&#039;international sur Webdo.tn","publisher":{"@id":"https:\/\/www.webdo.tn\/fr\/#organization"},"potentialAction":[{"@type":"SearchAction","target":{"@type":"EntryPoint","urlTemplate":"https:\/\/www.webdo.tn\/fr\/?s={search_term_string}"},"query-input":{"@type":"PropertyValueSpecification","valueRequired":true,"valueName":"search_term_string"}}],"inLanguage":"fr-FR"},{"@type":"Organization","@id":"https:\/\/www.webdo.tn\/fr\/#organization","name":"Webdo","alternateName":"Webdo.tn","url":"https:\/\/www.webdo.tn\/fr\/","logo":{"@type":"ImageObject","inLanguage":"fr-FR","@id":"https:\/\/www.webdo.tn\/fr\/#\/schema\/logo\/image\/","url":"https:\/\/www.webdo.tn\/fr\/wp-content\/uploads\/2025\/06\/Webdo-Tunisie_168377.jpg","contentUrl":"https:\/\/www.webdo.tn\/fr\/wp-content\/uploads\/2025\/06\/Webdo-Tunisie_168377.jpg","width":301,"height":301,"caption":"Webdo"},"image":{"@id":"https:\/\/www.webdo.tn\/fr\/#\/schema\/logo\/image\/"},"sameAs":["https:\/\/www.facebook.com\/webdotn","https:\/\/x.com\/webdo_tn"],"description":"Webdo est un m\u00e9dia num\u00e9rique tunisien fond\u00e9 en 2010, sp\u00e9cialis\u00e9 dans l\u2019actualit\u00e9 nationale et internationale, l\u2019\u00e9conomie, la soci\u00e9t\u00e9 et les analyses politiques. Le site s\u2019adresse \u00e0 un large public francophone et couvre l\u2019information tunisienne en temps r\u00e9el.","email":"redac@webdo.tn","legalName":"YNJ SARL","foundingDate":"2010-09-06","numberOfEmployees":{"@type":"QuantitativeValue","minValue":"11","maxValue":"50"}},{"@type":"Person","@id":"https:\/\/www.webdo.tn\/fr\/#\/schema\/person\/2c4929cbf5a809e3bd38617c6ce150f6","name":"MC","image":{"@type":"ImageObject","inLanguage":"fr-FR","@id":"https:\/\/secure.gravatar.com\/avatar\/a545bbb6f84efdd5553dbbc2895e3ca8f1d12c5215e00a041c9670b54aa9b18a?s=96&d=mm&r=g","url":"https:\/\/secure.gravatar.com\/avatar\/a545bbb6f84efdd5553dbbc2895e3ca8f1d12c5215e00a041c9670b54aa9b18a?s=96&d=mm&r=g","contentUrl":"https:\/\/secure.gravatar.com\/avatar\/a545bbb6f84efdd5553dbbc2895e3ca8f1d12c5215e00a041c9670b54aa9b18a?s=96&d=mm&r=g","caption":"MC"},"url":"https:\/\/www.webdo.tn\/fr\/actualite\/author\/mc\/"}]}},"_links":{"self":[{"href":"https:\/\/www.webdo.tn\/fr\/wp-json\/wp\/v2\/posts\/209580","targetHints":{"allow":["GET"]}}],"collection":[{"href":"https:\/\/www.webdo.tn\/fr\/wp-json\/wp\/v2\/posts"}],"about":[{"href":"https:\/\/www.webdo.tn\/fr\/wp-json\/wp\/v2\/types\/post"}],"author":[{"embeddable":true,"href":"https:\/\/www.webdo.tn\/fr\/wp-json\/wp\/v2\/users\/3162"}],"replies":[{"embeddable":true,"href":"https:\/\/www.webdo.tn\/fr\/wp-json\/wp\/v2\/comments?post=209580"}],"version-history":[{"count":0,"href":"https:\/\/www.webdo.tn\/fr\/wp-json\/wp\/v2\/posts\/209580\/revisions"}],"wp:featuredmedia":[{"embeddable":true,"href":"https:\/\/www.webdo.tn\/fr\/wp-json\/wp\/v2\/media\/249001"}],"wp:attachment":[{"href":"https:\/\/www.webdo.tn\/fr\/wp-json\/wp\/v2\/media?parent=209580"}],"wp:term":[{"taxonomy":"category","embeddable":true,"href":"https:\/\/www.webdo.tn\/fr\/wp-json\/wp\/v2\/categories?post=209580"},{"taxonomy":"post_tag","embeddable":true,"href":"https:\/\/www.webdo.tn\/fr\/wp-json\/wp\/v2\/tags?post=209580"}],"curies":[{"name":"wp","href":"https:\/\/api.w.org\/{rel}","templated":true}]}}