{"id":209576,"date":"2023-10-24T11:12:00","date_gmt":"2023-10-24T11:12:00","guid":{"rendered":"https:\/\/www.webdo.tn\/fr\/blog\/vacances-de-la-toussaint-la-tunisie-dans-le-top-3\/209576\/"},"modified":"2025-05-20T22:57:40","modified_gmt":"2025-05-20T22:57:40","slug":"vacances-de-la-toussaint-la-tunisie-dans-le-top-3","status":"publish","type":"post","link":"https:\/\/www.webdo.tn\/fr\/actualite\/national\/vacances-de-la-toussaint-la-tunisie-dans-le-top-3\/209576\/","title":{"rendered":"Vacances de la Toussaint : la Tunisie dans le top 3"},"content":{"rendered":"<p>Chez Lidl Voyages, Fram\/Promovacances et TUI France, la Tunisie se place parmi les destinations phares pour les vacances de la Toussaint.<\/p>\n<p>\t\t\t\t\t\t\t\t\tChez Lidl Voyages, au global, les r\u00e9servations ont augment\u00e9 de 3% par rapport \u00e0 2022 et de 10% par rapport \u00e0 2019 avec \u00ab\u00a0des pays tels que Tunisie, Turquie, \u00c9gypte et Maroc qui repr\u00e9sentent 50% des r\u00e9servations pour la Toussaint.<\/p>\n<p>\u00ab\u00a0La Tunisie, l\u2019Espagne et le Maroc se placent dans le top 3 des destinations les plus r\u00e9serv\u00e9es\u00a0\u00bb, poursuit le voyagiste.<\/p>\n<p>L\u2019engouement pour ces pays repose, selon Lidl Voyages, sur la pr\u00e9dominance des s\u00e9jours tout-compris (All inclusive) dans ces pays : \u00ab\u00a0une offre qui a le vent en poupe depuis l\u2019inflation, les Fran\u00e7ais pr\u00e9f\u00e8rent partir \u00e0 l\u2019\u00e9tranger, o\u00f9 les prix sont plus comp\u00e9titifs\u00a0\u00bb, note le voyagiste.<\/p>\n<p>Tendance assez similaire chez Fram\/Promovacances. Si les Bal\u00e9ares et la Cr\u00e8te, en Gr\u00e8ce, sont en t\u00eate des r\u00e9servations chez le tour-operator, le palmar\u00e8s est compl\u00e9t\u00e9 par la Tunisie et le Maroc qui b\u00e9n\u00e9ficient d&rsquo;une \u00ab\u00a0tr\u00e8s nette reprise des r\u00e9servations\u00a0\u00bb.<\/p>\n<p>Chez TUI France, les Canaries, le Maroc et la Tunisie dominent les ventes.<\/p>\n<p>Malgr\u00e9 un contexte g\u00e9opolitique tendu, les pays du Maghreb, l&rsquo;\u00c9gypte ou la Jordanie affichent d&rsquo;importantes r\u00e9servations pour ces cong\u00e9s et les tour-operators ne constatent pas d&rsquo;annulations importantes.<\/p>\n<p>Les vacances de la Toussaint ont commenc\u00e9 le 21 octobre et se poursuivront jusqu&rsquo;au lundi 6 novembre 2023.<\/p>\n","protected":false},"excerpt":{"rendered":"<p>La Tunisie se place parmi les destinations phares pour les vacances de la Toussaint.<\/p>\n","protected":false},"author":3188,"featured_media":249002,"comment_status":"open","ping_status":"closed","sticky":false,"template":"","format":"standard","meta":{"footnotes":""},"categories":[44],"tags":[3760,2798,7649,2608,5860],"class_list":["post-209576","post","type-post","status-publish","format-standard","has-post-thumbnail","hentry","category-national","tag-destination","tag-tourisme","tag-toussaint","tag-tunisie","tag-vacances"],"yoast_head":"<!-- This site is optimized with the Yoast SEO Premium plugin v27.5 (Yoast SEO v27.5) - https:\/\/yoast.com\/product\/yoast-seo-premium-wordpress\/ -->\n<title>Vacances de la Toussaint : la Tunisie dans le top 3<\/title>\n<meta name=\"description\" content=\"La Tunisie se place parmi les destinations phares pour les vacances de la Toussaint.\" \/>\n<link rel=\"canonical\" href=\"https:\/\/www.webdo.tn\/fr\/actualite\/national\/vacances-de-la-toussaint-la-tunisie-dans-le-top-3\/209576\/\" \/>\n<meta property=\"og:locale\" content=\"fr_FR\" \/>\n<meta property=\"og:type\" content=\"article\" \/>\n<meta property=\"og:title\" content=\"Vacances de la Toussaint : la Tunisie dans le top 3\" \/>\n<meta property=\"og:description\" content=\"La Tunisie se place parmi les destinations phares pour les vacances de la Toussaint.\" \/>\n<meta property=\"og:url\" content=\"https:\/\/www.webdo.tn\/fr\/actualite\/national\/vacances-de-la-toussaint-la-tunisie-dans-le-top-3\/209576\/\" \/>\n<meta property=\"og:site_name\" content=\"webdo\" \/>\n<meta property=\"article:publisher\" content=\"https:\/\/www.facebook.com\/webdotn\" \/>\n<meta property=\"article:published_time\" content=\"2023-10-24T11:12:00+00:00\" \/>\n<meta property=\"article:modified_time\" content=\"2025-05-20T22:57:40+00:00\" \/>\n<meta property=\"og:image\" content=\"https:\/\/www.webdo.tn\/fr\/wp-content\/uploads\/2023\/10\/de3bf2a144812dc6893e3ff09166b86f.jpg\" \/>\n\t<meta property=\"og:image:width\" content=\"710\" \/>\n\t<meta property=\"og:image:height\" content=\"379\" \/>\n\t<meta property=\"og:image:type\" content=\"image\/jpeg\" \/>\n<meta name=\"author\" content=\"Ramzi\" \/>\n<meta name=\"twitter:card\" content=\"summary_large_image\" \/>\n<meta name=\"twitter:creator\" content=\"@webdo_tn\" \/>\n<meta name=\"twitter:site\" content=\"@webdo_tn\" \/>\n<meta name=\"twitter:label1\" content=\"\u00c9crit par\" \/>\n\t<meta name=\"twitter:data1\" content=\"Ramzi\" \/>\n\t<meta name=\"twitter:label2\" content=\"Dur\u00e9e de lecture estim\u00e9e\" \/>\n\t<meta name=\"twitter:data2\" content=\"1 minute\" \/>\n<script type=\"application\/ld+json\" class=\"yoast-schema-graph\">{\"@context\":\"https:\\\/\\\/schema.org\",\"@graph\":[{\"@type\":\"NewsArticle\",\"@id\":\"https:\\\/\\\/www.webdo.tn\\\/fr\\\/actualite\\\/national\\\/vacances-de-la-toussaint-la-tunisie-dans-le-top-3\\\/209576\\\/#article\",\"isPartOf\":{\"@id\":\"https:\\\/\\\/www.webdo.tn\\\/fr\\\/actualite\\\/national\\\/vacances-de-la-toussaint-la-tunisie-dans-le-top-3\\\/209576\\\/\"},\"author\":{\"name\":\"Ramzi\",\"@id\":\"https:\\\/\\\/www.webdo.tn\\\/fr\\\/#\\\/schema\\\/person\\\/590cb5f81adcfde6385530fdbdf468e2\"},\"headline\":\"Vacances de la Toussaint : la Tunisie dans le top 3\",\"datePublished\":\"2023-10-24T11:12:00+00:00\",\"dateModified\":\"2025-05-20T22:57:40+00:00\",\"mainEntityOfPage\":{\"@id\":\"https:\\\/\\\/www.webdo.tn\\\/fr\\\/actualite\\\/national\\\/vacances-de-la-toussaint-la-tunisie-dans-le-top-3\\\/209576\\\/\"},\"wordCount\":255,\"commentCount\":0,\"publisher\":{\"@id\":\"https:\\\/\\\/www.webdo.tn\\\/fr\\\/#organization\"},\"image\":{\"@id\":\"https:\\\/\\\/www.webdo.tn\\\/fr\\\/actualite\\\/national\\\/vacances-de-la-toussaint-la-tunisie-dans-le-top-3\\\/209576\\\/#primaryimage\"},\"thumbnailUrl\":\"https:\\\/\\\/www.webdo.tn\\\/fr\\\/wp-content\\\/uploads\\\/2023\\\/10\\\/de3bf2a144812dc6893e3ff09166b86f.jpg\",\"keywords\":[\"destination\",\"Tourisme\",\"Toussaint\",\"Tunisie\",\"vacances\"],\"articleSection\":[\"National\"],\"inLanguage\":\"fr-FR\"},{\"@type\":\"WebPage\",\"@id\":\"https:\\\/\\\/www.webdo.tn\\\/fr\\\/actualite\\\/national\\\/vacances-de-la-toussaint-la-tunisie-dans-le-top-3\\\/209576\\\/\",\"url\":\"https:\\\/\\\/www.webdo.tn\\\/fr\\\/actualite\\\/national\\\/vacances-de-la-toussaint-la-tunisie-dans-le-top-3\\\/209576\\\/\",\"name\":\"Vacances de la Toussaint : la Tunisie dans le top 3\",\"isPartOf\":{\"@id\":\"https:\\\/\\\/www.webdo.tn\\\/fr\\\/#website\"},\"primaryImageOfPage\":{\"@id\":\"https:\\\/\\\/www.webdo.tn\\\/fr\\\/actualite\\\/national\\\/vacances-de-la-toussaint-la-tunisie-dans-le-top-3\\\/209576\\\/#primaryimage\"},\"image\":{\"@id\":\"https:\\\/\\\/www.webdo.tn\\\/fr\\\/actualite\\\/national\\\/vacances-de-la-toussaint-la-tunisie-dans-le-top-3\\\/209576\\\/#primaryimage\"},\"thumbnailUrl\":\"https:\\\/\\\/www.webdo.tn\\\/fr\\\/wp-content\\\/uploads\\\/2023\\\/10\\\/de3bf2a144812dc6893e3ff09166b86f.jpg\",\"datePublished\":\"2023-10-24T11:12:00+00:00\",\"dateModified\":\"2025-05-20T22:57:40+00:00\",\"description\":\"La Tunisie se place parmi les destinations phares pour les vacances de la Toussaint.\",\"breadcrumb\":{\"@id\":\"https:\\\/\\\/www.webdo.tn\\\/fr\\\/actualite\\\/national\\\/vacances-de-la-toussaint-la-tunisie-dans-le-top-3\\\/209576\\\/#breadcrumb\"},\"inLanguage\":\"fr-FR\",\"potentialAction\":[{\"@type\":\"ReadAction\",\"target\":[\"https:\\\/\\\/www.webdo.tn\\\/fr\\\/actualite\\\/national\\\/vacances-de-la-toussaint-la-tunisie-dans-le-top-3\\\/209576\\\/\"]}]},{\"@type\":\"ImageObject\",\"inLanguage\":\"fr-FR\",\"@id\":\"https:\\\/\\\/www.webdo.tn\\\/fr\\\/actualite\\\/national\\\/vacances-de-la-toussaint-la-tunisie-dans-le-top-3\\\/209576\\\/#primaryimage\",\"url\":\"https:\\\/\\\/www.webdo.tn\\\/fr\\\/wp-content\\\/uploads\\\/2023\\\/10\\\/de3bf2a144812dc6893e3ff09166b86f.jpg\",\"contentUrl\":\"https:\\\/\\\/www.webdo.tn\\\/fr\\\/wp-content\\\/uploads\\\/2023\\\/10\\\/de3bf2a144812dc6893e3ff09166b86f.jpg\",\"width\":710,\"height\":379,\"caption\":\"Vacances de la Toussaint : la Tunisie dans le top 3\"},{\"@type\":\"BreadcrumbList\",\"@id\":\"https:\\\/\\\/www.webdo.tn\\\/fr\\\/actualite\\\/national\\\/vacances-de-la-toussaint-la-tunisie-dans-le-top-3\\\/209576\\\/#breadcrumb\",\"itemListElement\":[{\"@type\":\"ListItem\",\"position\":1,\"name\":\"Accueil\",\"item\":\"https:\\\/\\\/www.webdo.tn\\\/fr\\\/\"},{\"@type\":\"ListItem\",\"position\":2,\"name\":\"Vacances de la Toussaint : la Tunisie dans le top 3\"}]},{\"@type\":\"WebSite\",\"@id\":\"https:\\\/\\\/www.webdo.tn\\\/fr\\\/#website\",\"url\":\"https:\\\/\\\/www.webdo.tn\\\/fr\\\/\",\"name\":\"webdo\",\"description\":\"Tunisie - News en Tunisie et \u00e0 l&#039;international sur Webdo.tn\",\"publisher\":{\"@id\":\"https:\\\/\\\/www.webdo.tn\\\/fr\\\/#organization\"},\"potentialAction\":[{\"@type\":\"SearchAction\",\"target\":{\"@type\":\"EntryPoint\",\"urlTemplate\":\"https:\\\/\\\/www.webdo.tn\\\/fr\\\/?s={search_term_string}\"},\"query-input\":{\"@type\":\"PropertyValueSpecification\",\"valueRequired\":true,\"valueName\":\"search_term_string\"}}],\"inLanguage\":\"fr-FR\"},{\"@type\":\"Organization\",\"@id\":\"https:\\\/\\\/www.webdo.tn\\\/fr\\\/#organization\",\"name\":\"Webdo\",\"alternateName\":\"Webdo.tn\",\"url\":\"https:\\\/\\\/www.webdo.tn\\\/fr\\\/\",\"logo\":{\"@type\":\"ImageObject\",\"inLanguage\":\"fr-FR\",\"@id\":\"https:\\\/\\\/www.webdo.tn\\\/fr\\\/#\\\/schema\\\/logo\\\/image\\\/\",\"url\":\"https:\\\/\\\/www.webdo.tn\\\/fr\\\/wp-content\\\/uploads\\\/2025\\\/06\\\/Webdo-Tunisie_168377.jpg\",\"contentUrl\":\"https:\\\/\\\/www.webdo.tn\\\/fr\\\/wp-content\\\/uploads\\\/2025\\\/06\\\/Webdo-Tunisie_168377.jpg\",\"width\":301,\"height\":301,\"caption\":\"Webdo\"},\"image\":{\"@id\":\"https:\\\/\\\/www.webdo.tn\\\/fr\\\/#\\\/schema\\\/logo\\\/image\\\/\"},\"sameAs\":[\"https:\\\/\\\/www.facebook.com\\\/webdotn\",\"https:\\\/\\\/x.com\\\/webdo_tn\"],\"description\":\"Webdo est un m\u00e9dia num\u00e9rique tunisien fond\u00e9 en 2010, sp\u00e9cialis\u00e9 dans l\u2019actualit\u00e9 nationale et internationale, l\u2019\u00e9conomie, la soci\u00e9t\u00e9 et les analyses politiques. Le site s\u2019adresse \u00e0 un large public francophone et couvre l\u2019information tunisienne en temps r\u00e9el.\",\"email\":\"redac@webdo.tn\",\"legalName\":\"YNJ SARL\",\"foundingDate\":\"2010-09-06\",\"numberOfEmployees\":{\"@type\":\"QuantitativeValue\",\"minValue\":\"11\",\"maxValue\":\"50\"}},{\"@type\":\"Person\",\"@id\":\"https:\\\/\\\/www.webdo.tn\\\/fr\\\/#\\\/schema\\\/person\\\/590cb5f81adcfde6385530fdbdf468e2\",\"name\":\"Ramzi\",\"image\":{\"@type\":\"ImageObject\",\"inLanguage\":\"fr-FR\",\"@id\":\"https:\\\/\\\/secure.gravatar.com\\\/avatar\\\/48df7d18915e10cf866ba8e27604c81ff9243fd52704a1d210c3e387e1cb8d87?s=96&d=mm&r=g\",\"url\":\"https:\\\/\\\/secure.gravatar.com\\\/avatar\\\/48df7d18915e10cf866ba8e27604c81ff9243fd52704a1d210c3e387e1cb8d87?s=96&d=mm&r=g\",\"contentUrl\":\"https:\\\/\\\/secure.gravatar.com\\\/avatar\\\/48df7d18915e10cf866ba8e27604c81ff9243fd52704a1d210c3e387e1cb8d87?s=96&d=mm&r=g\",\"caption\":\"Ramzi\"},\"url\":\"https:\\\/\\\/www.webdo.tn\\\/fr\\\/actualite\\\/author\\\/ramzi\\\/\"}]}<\/script>\n<!-- \/ Yoast SEO Premium plugin. -->","yoast_head_json":{"title":"Vacances de la Toussaint : la Tunisie dans le top 3","description":"La Tunisie se place parmi les destinations phares pour les vacances de la Toussaint.","canonical":"https:\/\/www.webdo.tn\/fr\/actualite\/national\/vacances-de-la-toussaint-la-tunisie-dans-le-top-3\/209576\/","og_locale":"fr_FR","og_type":"article","og_title":"Vacances de la Toussaint : la Tunisie dans le top 3","og_description":"La Tunisie se place parmi les destinations phares pour les vacances de la Toussaint.","og_url":"https:\/\/www.webdo.tn\/fr\/actualite\/national\/vacances-de-la-toussaint-la-tunisie-dans-le-top-3\/209576\/","og_site_name":"webdo","article_publisher":"https:\/\/www.facebook.com\/webdotn","article_published_time":"2023-10-24T11:12:00+00:00","article_modified_time":"2025-05-20T22:57:40+00:00","og_image":[{"width":710,"height":379,"url":"https:\/\/www.webdo.tn\/fr\/wp-content\/uploads\/2023\/10\/de3bf2a144812dc6893e3ff09166b86f.jpg","type":"image\/jpeg"}],"author":"Ramzi","twitter_card":"summary_large_image","twitter_creator":"@webdo_tn","twitter_site":"@webdo_tn","twitter_misc":{"\u00c9crit par":"Ramzi","Dur\u00e9e de lecture estim\u00e9e":"1 minute"},"schema":{"@context":"https:\/\/schema.org","@graph":[{"@type":"NewsArticle","@id":"https:\/\/www.webdo.tn\/fr\/actualite\/national\/vacances-de-la-toussaint-la-tunisie-dans-le-top-3\/209576\/#article","isPartOf":{"@id":"https:\/\/www.webdo.tn\/fr\/actualite\/national\/vacances-de-la-toussaint-la-tunisie-dans-le-top-3\/209576\/"},"author":{"name":"Ramzi","@id":"https:\/\/www.webdo.tn\/fr\/#\/schema\/person\/590cb5f81adcfde6385530fdbdf468e2"},"headline":"Vacances de la Toussaint : la Tunisie dans le top 3","datePublished":"2023-10-24T11:12:00+00:00","dateModified":"2025-05-20T22:57:40+00:00","mainEntityOfPage":{"@id":"https:\/\/www.webdo.tn\/fr\/actualite\/national\/vacances-de-la-toussaint-la-tunisie-dans-le-top-3\/209576\/"},"wordCount":255,"commentCount":0,"publisher":{"@id":"https:\/\/www.webdo.tn\/fr\/#organization"},"image":{"@id":"https:\/\/www.webdo.tn\/fr\/actualite\/national\/vacances-de-la-toussaint-la-tunisie-dans-le-top-3\/209576\/#primaryimage"},"thumbnailUrl":"https:\/\/www.webdo.tn\/fr\/wp-content\/uploads\/2023\/10\/de3bf2a144812dc6893e3ff09166b86f.jpg","keywords":["destination","Tourisme","Toussaint","Tunisie","vacances"],"articleSection":["National"],"inLanguage":"fr-FR"},{"@type":"WebPage","@id":"https:\/\/www.webdo.tn\/fr\/actualite\/national\/vacances-de-la-toussaint-la-tunisie-dans-le-top-3\/209576\/","url":"https:\/\/www.webdo.tn\/fr\/actualite\/national\/vacances-de-la-toussaint-la-tunisie-dans-le-top-3\/209576\/","name":"Vacances de la Toussaint : la Tunisie dans le top 3","isPartOf":{"@id":"https:\/\/www.webdo.tn\/fr\/#website"},"primaryImageOfPage":{"@id":"https:\/\/www.webdo.tn\/fr\/actualite\/national\/vacances-de-la-toussaint-la-tunisie-dans-le-top-3\/209576\/#primaryimage"},"image":{"@id":"https:\/\/www.webdo.tn\/fr\/actualite\/national\/vacances-de-la-toussaint-la-tunisie-dans-le-top-3\/209576\/#primaryimage"},"thumbnailUrl":"https:\/\/www.webdo.tn\/fr\/wp-content\/uploads\/2023\/10\/de3bf2a144812dc6893e3ff09166b86f.jpg","datePublished":"2023-10-24T11:12:00+00:00","dateModified":"2025-05-20T22:57:40+00:00","description":"La Tunisie se place parmi les destinations phares pour les vacances de la Toussaint.","breadcrumb":{"@id":"https:\/\/www.webdo.tn\/fr\/actualite\/national\/vacances-de-la-toussaint-la-tunisie-dans-le-top-3\/209576\/#breadcrumb"},"inLanguage":"fr-FR","potentialAction":[{"@type":"ReadAction","target":["https:\/\/www.webdo.tn\/fr\/actualite\/national\/vacances-de-la-toussaint-la-tunisie-dans-le-top-3\/209576\/"]}]},{"@type":"ImageObject","inLanguage":"fr-FR","@id":"https:\/\/www.webdo.tn\/fr\/actualite\/national\/vacances-de-la-toussaint-la-tunisie-dans-le-top-3\/209576\/#primaryimage","url":"https:\/\/www.webdo.tn\/fr\/wp-content\/uploads\/2023\/10\/de3bf2a144812dc6893e3ff09166b86f.jpg","contentUrl":"https:\/\/www.webdo.tn\/fr\/wp-content\/uploads\/2023\/10\/de3bf2a144812dc6893e3ff09166b86f.jpg","width":710,"height":379,"caption":"Vacances de la Toussaint : la Tunisie dans le top 3"},{"@type":"BreadcrumbList","@id":"https:\/\/www.webdo.tn\/fr\/actualite\/national\/vacances-de-la-toussaint-la-tunisie-dans-le-top-3\/209576\/#breadcrumb","itemListElement":[{"@type":"ListItem","position":1,"name":"Accueil","item":"https:\/\/www.webdo.tn\/fr\/"},{"@type":"ListItem","position":2,"name":"Vacances de la Toussaint : la Tunisie dans le top 3"}]},{"@type":"WebSite","@id":"https:\/\/www.webdo.tn\/fr\/#website","url":"https:\/\/www.webdo.tn\/fr\/","name":"webdo","description":"Tunisie - News en Tunisie et \u00e0 l&#039;international sur Webdo.tn","publisher":{"@id":"https:\/\/www.webdo.tn\/fr\/#organization"},"potentialAction":[{"@type":"SearchAction","target":{"@type":"EntryPoint","urlTemplate":"https:\/\/www.webdo.tn\/fr\/?s={search_term_string}"},"query-input":{"@type":"PropertyValueSpecification","valueRequired":true,"valueName":"search_term_string"}}],"inLanguage":"fr-FR"},{"@type":"Organization","@id":"https:\/\/www.webdo.tn\/fr\/#organization","name":"Webdo","alternateName":"Webdo.tn","url":"https:\/\/www.webdo.tn\/fr\/","logo":{"@type":"ImageObject","inLanguage":"fr-FR","@id":"https:\/\/www.webdo.tn\/fr\/#\/schema\/logo\/image\/","url":"https:\/\/www.webdo.tn\/fr\/wp-content\/uploads\/2025\/06\/Webdo-Tunisie_168377.jpg","contentUrl":"https:\/\/www.webdo.tn\/fr\/wp-content\/uploads\/2025\/06\/Webdo-Tunisie_168377.jpg","width":301,"height":301,"caption":"Webdo"},"image":{"@id":"https:\/\/www.webdo.tn\/fr\/#\/schema\/logo\/image\/"},"sameAs":["https:\/\/www.facebook.com\/webdotn","https:\/\/x.com\/webdo_tn"],"description":"Webdo est un m\u00e9dia num\u00e9rique tunisien fond\u00e9 en 2010, sp\u00e9cialis\u00e9 dans l\u2019actualit\u00e9 nationale et internationale, l\u2019\u00e9conomie, la soci\u00e9t\u00e9 et les analyses politiques. Le site s\u2019adresse \u00e0 un large public francophone et couvre l\u2019information tunisienne en temps r\u00e9el.","email":"redac@webdo.tn","legalName":"YNJ SARL","foundingDate":"2010-09-06","numberOfEmployees":{"@type":"QuantitativeValue","minValue":"11","maxValue":"50"}},{"@type":"Person","@id":"https:\/\/www.webdo.tn\/fr\/#\/schema\/person\/590cb5f81adcfde6385530fdbdf468e2","name":"Ramzi","image":{"@type":"ImageObject","inLanguage":"fr-FR","@id":"https:\/\/secure.gravatar.com\/avatar\/48df7d18915e10cf866ba8e27604c81ff9243fd52704a1d210c3e387e1cb8d87?s=96&d=mm&r=g","url":"https:\/\/secure.gravatar.com\/avatar\/48df7d18915e10cf866ba8e27604c81ff9243fd52704a1d210c3e387e1cb8d87?s=96&d=mm&r=g","contentUrl":"https:\/\/secure.gravatar.com\/avatar\/48df7d18915e10cf866ba8e27604c81ff9243fd52704a1d210c3e387e1cb8d87?s=96&d=mm&r=g","caption":"Ramzi"},"url":"https:\/\/www.webdo.tn\/fr\/actualite\/author\/ramzi\/"}]}},"_links":{"self":[{"href":"https:\/\/www.webdo.tn\/fr\/wp-json\/wp\/v2\/posts\/209576","targetHints":{"allow":["GET"]}}],"collection":[{"href":"https:\/\/www.webdo.tn\/fr\/wp-json\/wp\/v2\/posts"}],"about":[{"href":"https:\/\/www.webdo.tn\/fr\/wp-json\/wp\/v2\/types\/post"}],"author":[{"embeddable":true,"href":"https:\/\/www.webdo.tn\/fr\/wp-json\/wp\/v2\/users\/3188"}],"replies":[{"embeddable":true,"href":"https:\/\/www.webdo.tn\/fr\/wp-json\/wp\/v2\/comments?post=209576"}],"version-history":[{"count":0,"href":"https:\/\/www.webdo.tn\/fr\/wp-json\/wp\/v2\/posts\/209576\/revisions"}],"wp:featuredmedia":[{"embeddable":true,"href":"https:\/\/www.webdo.tn\/fr\/wp-json\/wp\/v2\/media\/249002"}],"wp:attachment":[{"href":"https:\/\/www.webdo.tn\/fr\/wp-json\/wp\/v2\/media?parent=209576"}],"wp:term":[{"taxonomy":"category","embeddable":true,"href":"https:\/\/www.webdo.tn\/fr\/wp-json\/wp\/v2\/categories?post=209576"},{"taxonomy":"post_tag","embeddable":true,"href":"https:\/\/www.webdo.tn\/fr\/wp-json\/wp\/v2\/tags?post=209576"}],"curies":[{"name":"wp","href":"https:\/\/api.w.org\/{rel}","templated":true}]}}