{"id":209575,"date":"2023-10-24T10:49:00","date_gmt":"2023-10-24T10:49:00","guid":{"rendered":"https:\/\/www.webdo.tn\/fr\/blog\/rafik-abdessalem-ecope-de-cinq-ans-de-prison-ferme\/209575\/"},"modified":"2025-05-20T21:56:32","modified_gmt":"2025-05-20T21:56:32","slug":"rafik-abdessalem-ecope-de-cinq-ans-de-prison-ferme","status":"publish","type":"post","link":"https:\/\/www.webdo.tn\/fr\/actualite\/national\/rafik-abdessalem-ecope-de-cinq-ans-de-prison-ferme\/209575\/","title":{"rendered":"Rafik Abdessalem \u00e9cope de cinq ans de prison ferme"},"content":{"rendered":"<p>Le gendre de Rached Ghannouchi et ancien ministre des Affaires \u00e9trang\u00e8res, Rafik Abdessalem Bouchleka a \u00e9cop\u00e9 d\u2019une peine de cinq ans de prison ferme.<\/p>\n<p>\t\t\t\t\t\t\t\t\tLa Chambre p\u00e9nale du Tribunal de premi\u00e8re instance de Tunis a condamn\u00e9, par contumace, Rafik Bouchleka Abdessalem suite \u00e0 une plainte d\u00e9pos\u00e9e par le charg\u00e9 g\u00e9n\u00e9ral des contentieux de l&rsquo;Etat au nom de l&rsquo;Office national de la poste.<\/p>\n<p>Le gendre de Rached Ghannouchi est accus\u00e9 d\u2019avoir publi\u00e9 de fausses informations sur l\u2019Office de la poste et d\u2019atteinte \u00e0 autrui \u00e0 travers les r\u00e9seaux sociaux, rapporte Mosaique fm.<\/p>\n","protected":false},"excerpt":{"rendered":"<p>Rafik Abdessalem Bouchleka a \u00e9cop\u00e9 d\u2019une peine de cinq ans de prison ferme par contumace.<\/p>\n","protected":false},"author":3162,"featured_media":248999,"comment_status":"open","ping_status":"closed","sticky":false,"template":"","format":"standard","meta":{"footnotes":""},"categories":[44],"tags":[2619,3529,2708,5646,4207],"class_list":["post-209575","post","type-post","status-publish","format-standard","has-post-thumbnail","hentry","category-national","tag-justice","tag-peine","tag-prison","tag-rafik-abdessalem","tag-rafik-bouchlaka"],"yoast_head":"<!-- This site is optimized with the Yoast SEO Premium plugin v27.5 (Yoast SEO v27.5) - https:\/\/yoast.com\/product\/yoast-seo-premium-wordpress\/ -->\n<title>Rafik Abdessalem \u00e9cope de cinq ans de prison ferme<\/title>\n<meta name=\"description\" content=\"Rafik Abdessalem Bouchleka a \u00e9cop\u00e9 d\u2019une peine de cinq ans de prison ferme par contumace.\" \/>\n<link rel=\"canonical\" href=\"https:\/\/www.webdo.tn\/fr\/actualite\/national\/rafik-abdessalem-ecope-de-cinq-ans-de-prison-ferme\/209575\/\" \/>\n<meta property=\"og:locale\" content=\"fr_FR\" \/>\n<meta property=\"og:type\" content=\"article\" \/>\n<meta property=\"og:title\" content=\"Rafik Abdessalem \u00e9cope de cinq ans de prison ferme\" \/>\n<meta property=\"og:description\" content=\"Rafik Abdessalem Bouchleka a \u00e9cop\u00e9 d\u2019une peine de cinq ans de prison ferme par contumace.\" \/>\n<meta property=\"og:url\" content=\"https:\/\/www.webdo.tn\/fr\/actualite\/national\/rafik-abdessalem-ecope-de-cinq-ans-de-prison-ferme\/209575\/\" \/>\n<meta property=\"og:site_name\" content=\"webdo\" \/>\n<meta property=\"article:publisher\" content=\"https:\/\/www.facebook.com\/webdotn\" \/>\n<meta property=\"article:published_time\" content=\"2023-10-24T10:49:00+00:00\" \/>\n<meta property=\"article:modified_time\" content=\"2025-05-20T21:56:32+00:00\" \/>\n<meta property=\"og:image\" content=\"https:\/\/www.webdo.tn\/fr\/wp-content\/uploads\/2023\/10\/a0a9e21efbfa5c1c761e26ec03379a2b.jpg\" \/>\n\t<meta property=\"og:image:width\" content=\"750\" \/>\n\t<meta property=\"og:image:height\" content=\"400\" \/>\n\t<meta property=\"og:image:type\" content=\"image\/jpeg\" \/>\n<meta name=\"author\" content=\"MC\" \/>\n<meta name=\"twitter:card\" content=\"summary_large_image\" \/>\n<meta name=\"twitter:creator\" content=\"@webdo_tn\" \/>\n<meta name=\"twitter:site\" content=\"@webdo_tn\" \/>\n<meta name=\"twitter:label1\" content=\"\u00c9crit par\" \/>\n\t<meta name=\"twitter:data1\" content=\"MC\" \/>\n\t<meta name=\"twitter:label2\" content=\"Dur\u00e9e de lecture estim\u00e9e\" \/>\n\t<meta name=\"twitter:data2\" content=\"1 minute\" \/>\n<script type=\"application\/ld+json\" class=\"yoast-schema-graph\">{\"@context\":\"https:\\\/\\\/schema.org\",\"@graph\":[{\"@type\":\"NewsArticle\",\"@id\":\"https:\\\/\\\/www.webdo.tn\\\/fr\\\/actualite\\\/national\\\/rafik-abdessalem-ecope-de-cinq-ans-de-prison-ferme\\\/209575\\\/#article\",\"isPartOf\":{\"@id\":\"https:\\\/\\\/www.webdo.tn\\\/fr\\\/actualite\\\/national\\\/rafik-abdessalem-ecope-de-cinq-ans-de-prison-ferme\\\/209575\\\/\"},\"author\":{\"name\":\"MC\",\"@id\":\"https:\\\/\\\/www.webdo.tn\\\/fr\\\/#\\\/schema\\\/person\\\/2c4929cbf5a809e3bd38617c6ce150f6\"},\"headline\":\"Rafik Abdessalem \u00e9cope de cinq ans de prison ferme\",\"datePublished\":\"2023-10-24T10:49:00+00:00\",\"dateModified\":\"2025-05-20T21:56:32+00:00\",\"mainEntityOfPage\":{\"@id\":\"https:\\\/\\\/www.webdo.tn\\\/fr\\\/actualite\\\/national\\\/rafik-abdessalem-ecope-de-cinq-ans-de-prison-ferme\\\/209575\\\/\"},\"wordCount\":111,\"commentCount\":0,\"publisher\":{\"@id\":\"https:\\\/\\\/www.webdo.tn\\\/fr\\\/#organization\"},\"image\":{\"@id\":\"https:\\\/\\\/www.webdo.tn\\\/fr\\\/actualite\\\/national\\\/rafik-abdessalem-ecope-de-cinq-ans-de-prison-ferme\\\/209575\\\/#primaryimage\"},\"thumbnailUrl\":\"https:\\\/\\\/www.webdo.tn\\\/fr\\\/wp-content\\\/uploads\\\/2023\\\/10\\\/a0a9e21efbfa5c1c761e26ec03379a2b.jpg\",\"keywords\":[\"justice\",\"peine\",\"Prison\",\"Rafik Abdessalem\",\"rafik bouchlaka\"],\"articleSection\":[\"National\"],\"inLanguage\":\"fr-FR\"},{\"@type\":\"WebPage\",\"@id\":\"https:\\\/\\\/www.webdo.tn\\\/fr\\\/actualite\\\/national\\\/rafik-abdessalem-ecope-de-cinq-ans-de-prison-ferme\\\/209575\\\/\",\"url\":\"https:\\\/\\\/www.webdo.tn\\\/fr\\\/actualite\\\/national\\\/rafik-abdessalem-ecope-de-cinq-ans-de-prison-ferme\\\/209575\\\/\",\"name\":\"Rafik Abdessalem \u00e9cope de cinq ans de prison ferme\",\"isPartOf\":{\"@id\":\"https:\\\/\\\/www.webdo.tn\\\/fr\\\/#website\"},\"primaryImageOfPage\":{\"@id\":\"https:\\\/\\\/www.webdo.tn\\\/fr\\\/actualite\\\/national\\\/rafik-abdessalem-ecope-de-cinq-ans-de-prison-ferme\\\/209575\\\/#primaryimage\"},\"image\":{\"@id\":\"https:\\\/\\\/www.webdo.tn\\\/fr\\\/actualite\\\/national\\\/rafik-abdessalem-ecope-de-cinq-ans-de-prison-ferme\\\/209575\\\/#primaryimage\"},\"thumbnailUrl\":\"https:\\\/\\\/www.webdo.tn\\\/fr\\\/wp-content\\\/uploads\\\/2023\\\/10\\\/a0a9e21efbfa5c1c761e26ec03379a2b.jpg\",\"datePublished\":\"2023-10-24T10:49:00+00:00\",\"dateModified\":\"2025-05-20T21:56:32+00:00\",\"description\":\"Rafik Abdessalem Bouchleka a \u00e9cop\u00e9 d\u2019une peine de cinq ans de prison ferme par contumace.\",\"breadcrumb\":{\"@id\":\"https:\\\/\\\/www.webdo.tn\\\/fr\\\/actualite\\\/national\\\/rafik-abdessalem-ecope-de-cinq-ans-de-prison-ferme\\\/209575\\\/#breadcrumb\"},\"inLanguage\":\"fr-FR\",\"potentialAction\":[{\"@type\":\"ReadAction\",\"target\":[\"https:\\\/\\\/www.webdo.tn\\\/fr\\\/actualite\\\/national\\\/rafik-abdessalem-ecope-de-cinq-ans-de-prison-ferme\\\/209575\\\/\"]}]},{\"@type\":\"ImageObject\",\"inLanguage\":\"fr-FR\",\"@id\":\"https:\\\/\\\/www.webdo.tn\\\/fr\\\/actualite\\\/national\\\/rafik-abdessalem-ecope-de-cinq-ans-de-prison-ferme\\\/209575\\\/#primaryimage\",\"url\":\"https:\\\/\\\/www.webdo.tn\\\/fr\\\/wp-content\\\/uploads\\\/2023\\\/10\\\/a0a9e21efbfa5c1c761e26ec03379a2b.jpg\",\"contentUrl\":\"https:\\\/\\\/www.webdo.tn\\\/fr\\\/wp-content\\\/uploads\\\/2023\\\/10\\\/a0a9e21efbfa5c1c761e26ec03379a2b.jpg\",\"width\":750,\"height\":400,\"caption\":\"Rafik Abdessalem \u00e9cope de cinq ans de prison ferme\"},{\"@type\":\"BreadcrumbList\",\"@id\":\"https:\\\/\\\/www.webdo.tn\\\/fr\\\/actualite\\\/national\\\/rafik-abdessalem-ecope-de-cinq-ans-de-prison-ferme\\\/209575\\\/#breadcrumb\",\"itemListElement\":[{\"@type\":\"ListItem\",\"position\":1,\"name\":\"Accueil\",\"item\":\"https:\\\/\\\/www.webdo.tn\\\/fr\\\/\"},{\"@type\":\"ListItem\",\"position\":2,\"name\":\"Rafik Abdessalem \u00e9cope de cinq ans de prison ferme\"}]},{\"@type\":\"WebSite\",\"@id\":\"https:\\\/\\\/www.webdo.tn\\\/fr\\\/#website\",\"url\":\"https:\\\/\\\/www.webdo.tn\\\/fr\\\/\",\"name\":\"webdo\",\"description\":\"Tunisie - News en Tunisie et \u00e0 l&#039;international sur Webdo.tn\",\"publisher\":{\"@id\":\"https:\\\/\\\/www.webdo.tn\\\/fr\\\/#organization\"},\"potentialAction\":[{\"@type\":\"SearchAction\",\"target\":{\"@type\":\"EntryPoint\",\"urlTemplate\":\"https:\\\/\\\/www.webdo.tn\\\/fr\\\/?s={search_term_string}\"},\"query-input\":{\"@type\":\"PropertyValueSpecification\",\"valueRequired\":true,\"valueName\":\"search_term_string\"}}],\"inLanguage\":\"fr-FR\"},{\"@type\":\"Organization\",\"@id\":\"https:\\\/\\\/www.webdo.tn\\\/fr\\\/#organization\",\"name\":\"Webdo\",\"alternateName\":\"Webdo.tn\",\"url\":\"https:\\\/\\\/www.webdo.tn\\\/fr\\\/\",\"logo\":{\"@type\":\"ImageObject\",\"inLanguage\":\"fr-FR\",\"@id\":\"https:\\\/\\\/www.webdo.tn\\\/fr\\\/#\\\/schema\\\/logo\\\/image\\\/\",\"url\":\"https:\\\/\\\/www.webdo.tn\\\/fr\\\/wp-content\\\/uploads\\\/2025\\\/06\\\/Webdo-Tunisie_168377.jpg\",\"contentUrl\":\"https:\\\/\\\/www.webdo.tn\\\/fr\\\/wp-content\\\/uploads\\\/2025\\\/06\\\/Webdo-Tunisie_168377.jpg\",\"width\":301,\"height\":301,\"caption\":\"Webdo\"},\"image\":{\"@id\":\"https:\\\/\\\/www.webdo.tn\\\/fr\\\/#\\\/schema\\\/logo\\\/image\\\/\"},\"sameAs\":[\"https:\\\/\\\/www.facebook.com\\\/webdotn\",\"https:\\\/\\\/x.com\\\/webdo_tn\"],\"description\":\"Webdo est un m\u00e9dia num\u00e9rique tunisien fond\u00e9 en 2010, sp\u00e9cialis\u00e9 dans l\u2019actualit\u00e9 nationale et internationale, l\u2019\u00e9conomie, la soci\u00e9t\u00e9 et les analyses politiques. Le site s\u2019adresse \u00e0 un large public francophone et couvre l\u2019information tunisienne en temps r\u00e9el.\",\"email\":\"redac@webdo.tn\",\"legalName\":\"YNJ SARL\",\"foundingDate\":\"2010-09-06\",\"numberOfEmployees\":{\"@type\":\"QuantitativeValue\",\"minValue\":\"11\",\"maxValue\":\"50\"}},{\"@type\":\"Person\",\"@id\":\"https:\\\/\\\/www.webdo.tn\\\/fr\\\/#\\\/schema\\\/person\\\/2c4929cbf5a809e3bd38617c6ce150f6\",\"name\":\"MC\",\"image\":{\"@type\":\"ImageObject\",\"inLanguage\":\"fr-FR\",\"@id\":\"https:\\\/\\\/secure.gravatar.com\\\/avatar\\\/a545bbb6f84efdd5553dbbc2895e3ca8f1d12c5215e00a041c9670b54aa9b18a?s=96&d=mm&r=g\",\"url\":\"https:\\\/\\\/secure.gravatar.com\\\/avatar\\\/a545bbb6f84efdd5553dbbc2895e3ca8f1d12c5215e00a041c9670b54aa9b18a?s=96&d=mm&r=g\",\"contentUrl\":\"https:\\\/\\\/secure.gravatar.com\\\/avatar\\\/a545bbb6f84efdd5553dbbc2895e3ca8f1d12c5215e00a041c9670b54aa9b18a?s=96&d=mm&r=g\",\"caption\":\"MC\"},\"url\":\"https:\\\/\\\/www.webdo.tn\\\/fr\\\/actualite\\\/author\\\/mc\\\/\"}]}<\/script>\n<!-- \/ Yoast SEO Premium plugin. -->","yoast_head_json":{"title":"Rafik Abdessalem \u00e9cope de cinq ans de prison ferme","description":"Rafik Abdessalem Bouchleka a \u00e9cop\u00e9 d\u2019une peine de cinq ans de prison ferme par contumace.","canonical":"https:\/\/www.webdo.tn\/fr\/actualite\/national\/rafik-abdessalem-ecope-de-cinq-ans-de-prison-ferme\/209575\/","og_locale":"fr_FR","og_type":"article","og_title":"Rafik Abdessalem \u00e9cope de cinq ans de prison ferme","og_description":"Rafik Abdessalem Bouchleka a \u00e9cop\u00e9 d\u2019une peine de cinq ans de prison ferme par contumace.","og_url":"https:\/\/www.webdo.tn\/fr\/actualite\/national\/rafik-abdessalem-ecope-de-cinq-ans-de-prison-ferme\/209575\/","og_site_name":"webdo","article_publisher":"https:\/\/www.facebook.com\/webdotn","article_published_time":"2023-10-24T10:49:00+00:00","article_modified_time":"2025-05-20T21:56:32+00:00","og_image":[{"width":750,"height":400,"url":"https:\/\/www.webdo.tn\/fr\/wp-content\/uploads\/2023\/10\/a0a9e21efbfa5c1c761e26ec03379a2b.jpg","type":"image\/jpeg"}],"author":"MC","twitter_card":"summary_large_image","twitter_creator":"@webdo_tn","twitter_site":"@webdo_tn","twitter_misc":{"\u00c9crit par":"MC","Dur\u00e9e de lecture estim\u00e9e":"1 minute"},"schema":{"@context":"https:\/\/schema.org","@graph":[{"@type":"NewsArticle","@id":"https:\/\/www.webdo.tn\/fr\/actualite\/national\/rafik-abdessalem-ecope-de-cinq-ans-de-prison-ferme\/209575\/#article","isPartOf":{"@id":"https:\/\/www.webdo.tn\/fr\/actualite\/national\/rafik-abdessalem-ecope-de-cinq-ans-de-prison-ferme\/209575\/"},"author":{"name":"MC","@id":"https:\/\/www.webdo.tn\/fr\/#\/schema\/person\/2c4929cbf5a809e3bd38617c6ce150f6"},"headline":"Rafik Abdessalem \u00e9cope de cinq ans de prison ferme","datePublished":"2023-10-24T10:49:00+00:00","dateModified":"2025-05-20T21:56:32+00:00","mainEntityOfPage":{"@id":"https:\/\/www.webdo.tn\/fr\/actualite\/national\/rafik-abdessalem-ecope-de-cinq-ans-de-prison-ferme\/209575\/"},"wordCount":111,"commentCount":0,"publisher":{"@id":"https:\/\/www.webdo.tn\/fr\/#organization"},"image":{"@id":"https:\/\/www.webdo.tn\/fr\/actualite\/national\/rafik-abdessalem-ecope-de-cinq-ans-de-prison-ferme\/209575\/#primaryimage"},"thumbnailUrl":"https:\/\/www.webdo.tn\/fr\/wp-content\/uploads\/2023\/10\/a0a9e21efbfa5c1c761e26ec03379a2b.jpg","keywords":["justice","peine","Prison","Rafik Abdessalem","rafik bouchlaka"],"articleSection":["National"],"inLanguage":"fr-FR"},{"@type":"WebPage","@id":"https:\/\/www.webdo.tn\/fr\/actualite\/national\/rafik-abdessalem-ecope-de-cinq-ans-de-prison-ferme\/209575\/","url":"https:\/\/www.webdo.tn\/fr\/actualite\/national\/rafik-abdessalem-ecope-de-cinq-ans-de-prison-ferme\/209575\/","name":"Rafik Abdessalem \u00e9cope de cinq ans de prison ferme","isPartOf":{"@id":"https:\/\/www.webdo.tn\/fr\/#website"},"primaryImageOfPage":{"@id":"https:\/\/www.webdo.tn\/fr\/actualite\/national\/rafik-abdessalem-ecope-de-cinq-ans-de-prison-ferme\/209575\/#primaryimage"},"image":{"@id":"https:\/\/www.webdo.tn\/fr\/actualite\/national\/rafik-abdessalem-ecope-de-cinq-ans-de-prison-ferme\/209575\/#primaryimage"},"thumbnailUrl":"https:\/\/www.webdo.tn\/fr\/wp-content\/uploads\/2023\/10\/a0a9e21efbfa5c1c761e26ec03379a2b.jpg","datePublished":"2023-10-24T10:49:00+00:00","dateModified":"2025-05-20T21:56:32+00:00","description":"Rafik Abdessalem Bouchleka a \u00e9cop\u00e9 d\u2019une peine de cinq ans de prison ferme par contumace.","breadcrumb":{"@id":"https:\/\/www.webdo.tn\/fr\/actualite\/national\/rafik-abdessalem-ecope-de-cinq-ans-de-prison-ferme\/209575\/#breadcrumb"},"inLanguage":"fr-FR","potentialAction":[{"@type":"ReadAction","target":["https:\/\/www.webdo.tn\/fr\/actualite\/national\/rafik-abdessalem-ecope-de-cinq-ans-de-prison-ferme\/209575\/"]}]},{"@type":"ImageObject","inLanguage":"fr-FR","@id":"https:\/\/www.webdo.tn\/fr\/actualite\/national\/rafik-abdessalem-ecope-de-cinq-ans-de-prison-ferme\/209575\/#primaryimage","url":"https:\/\/www.webdo.tn\/fr\/wp-content\/uploads\/2023\/10\/a0a9e21efbfa5c1c761e26ec03379a2b.jpg","contentUrl":"https:\/\/www.webdo.tn\/fr\/wp-content\/uploads\/2023\/10\/a0a9e21efbfa5c1c761e26ec03379a2b.jpg","width":750,"height":400,"caption":"Rafik Abdessalem \u00e9cope de cinq ans de prison ferme"},{"@type":"BreadcrumbList","@id":"https:\/\/www.webdo.tn\/fr\/actualite\/national\/rafik-abdessalem-ecope-de-cinq-ans-de-prison-ferme\/209575\/#breadcrumb","itemListElement":[{"@type":"ListItem","position":1,"name":"Accueil","item":"https:\/\/www.webdo.tn\/fr\/"},{"@type":"ListItem","position":2,"name":"Rafik Abdessalem \u00e9cope de cinq ans de prison ferme"}]},{"@type":"WebSite","@id":"https:\/\/www.webdo.tn\/fr\/#website","url":"https:\/\/www.webdo.tn\/fr\/","name":"webdo","description":"Tunisie - News en Tunisie et \u00e0 l&#039;international sur Webdo.tn","publisher":{"@id":"https:\/\/www.webdo.tn\/fr\/#organization"},"potentialAction":[{"@type":"SearchAction","target":{"@type":"EntryPoint","urlTemplate":"https:\/\/www.webdo.tn\/fr\/?s={search_term_string}"},"query-input":{"@type":"PropertyValueSpecification","valueRequired":true,"valueName":"search_term_string"}}],"inLanguage":"fr-FR"},{"@type":"Organization","@id":"https:\/\/www.webdo.tn\/fr\/#organization","name":"Webdo","alternateName":"Webdo.tn","url":"https:\/\/www.webdo.tn\/fr\/","logo":{"@type":"ImageObject","inLanguage":"fr-FR","@id":"https:\/\/www.webdo.tn\/fr\/#\/schema\/logo\/image\/","url":"https:\/\/www.webdo.tn\/fr\/wp-content\/uploads\/2025\/06\/Webdo-Tunisie_168377.jpg","contentUrl":"https:\/\/www.webdo.tn\/fr\/wp-content\/uploads\/2025\/06\/Webdo-Tunisie_168377.jpg","width":301,"height":301,"caption":"Webdo"},"image":{"@id":"https:\/\/www.webdo.tn\/fr\/#\/schema\/logo\/image\/"},"sameAs":["https:\/\/www.facebook.com\/webdotn","https:\/\/x.com\/webdo_tn"],"description":"Webdo est un m\u00e9dia num\u00e9rique tunisien fond\u00e9 en 2010, sp\u00e9cialis\u00e9 dans l\u2019actualit\u00e9 nationale et internationale, l\u2019\u00e9conomie, la soci\u00e9t\u00e9 et les analyses politiques. Le site s\u2019adresse \u00e0 un large public francophone et couvre l\u2019information tunisienne en temps r\u00e9el.","email":"redac@webdo.tn","legalName":"YNJ SARL","foundingDate":"2010-09-06","numberOfEmployees":{"@type":"QuantitativeValue","minValue":"11","maxValue":"50"}},{"@type":"Person","@id":"https:\/\/www.webdo.tn\/fr\/#\/schema\/person\/2c4929cbf5a809e3bd38617c6ce150f6","name":"MC","image":{"@type":"ImageObject","inLanguage":"fr-FR","@id":"https:\/\/secure.gravatar.com\/avatar\/a545bbb6f84efdd5553dbbc2895e3ca8f1d12c5215e00a041c9670b54aa9b18a?s=96&d=mm&r=g","url":"https:\/\/secure.gravatar.com\/avatar\/a545bbb6f84efdd5553dbbc2895e3ca8f1d12c5215e00a041c9670b54aa9b18a?s=96&d=mm&r=g","contentUrl":"https:\/\/secure.gravatar.com\/avatar\/a545bbb6f84efdd5553dbbc2895e3ca8f1d12c5215e00a041c9670b54aa9b18a?s=96&d=mm&r=g","caption":"MC"},"url":"https:\/\/www.webdo.tn\/fr\/actualite\/author\/mc\/"}]}},"_links":{"self":[{"href":"https:\/\/www.webdo.tn\/fr\/wp-json\/wp\/v2\/posts\/209575","targetHints":{"allow":["GET"]}}],"collection":[{"href":"https:\/\/www.webdo.tn\/fr\/wp-json\/wp\/v2\/posts"}],"about":[{"href":"https:\/\/www.webdo.tn\/fr\/wp-json\/wp\/v2\/types\/post"}],"author":[{"embeddable":true,"href":"https:\/\/www.webdo.tn\/fr\/wp-json\/wp\/v2\/users\/3162"}],"replies":[{"embeddable":true,"href":"https:\/\/www.webdo.tn\/fr\/wp-json\/wp\/v2\/comments?post=209575"}],"version-history":[{"count":0,"href":"https:\/\/www.webdo.tn\/fr\/wp-json\/wp\/v2\/posts\/209575\/revisions"}],"wp:featuredmedia":[{"embeddable":true,"href":"https:\/\/www.webdo.tn\/fr\/wp-json\/wp\/v2\/media\/248999"}],"wp:attachment":[{"href":"https:\/\/www.webdo.tn\/fr\/wp-json\/wp\/v2\/media?parent=209575"}],"wp:term":[{"taxonomy":"category","embeddable":true,"href":"https:\/\/www.webdo.tn\/fr\/wp-json\/wp\/v2\/categories?post=209575"},{"taxonomy":"post_tag","embeddable":true,"href":"https:\/\/www.webdo.tn\/fr\/wp-json\/wp\/v2\/tags?post=209575"}],"curies":[{"name":"wp","href":"https:\/\/api.w.org\/{rel}","templated":true}]}}