{"id":209569,"date":"2023-10-24T09:14:00","date_gmt":"2023-10-24T09:14:00","guid":{"rendered":"https:\/\/www.webdo.tn\/fr\/blog\/quand-juan-de-la-rubia-a-fait-revivre-l-orgue-de-la-cathedrale-de-tunis\/209569\/"},"modified":"2023-10-24T09:14:00","modified_gmt":"2023-10-24T09:14:00","slug":"quand-juan-de-la-rubia-a-fait-revivre-l-orgue-de-la-cathedrale-de-tunis","status":"publish","type":"post","link":"https:\/\/www.webdo.tn\/fr\/actualite\/chroniques\/quand-juan-de-la-rubia-a-fait-revivre-l-orgue-de-la-cathedrale-de-tunis\/209569\/","title":{"rendered":"Quand Juan de la Rubia a fait revivre l&rsquo;orgue de la cath\u00e9drale de Tunis"},"content":{"rendered":"<p>Samedi 25 novembre 2017, la cath\u00e9drale de Tunis a accueilli un concert d&rsquo;orgue pour lequel avait \u00e9t\u00e9 invit\u00e9 l&rsquo;organiste de la Sagrada Familia de Barcelone. Un moment historique rest\u00e9 dans toutes les m\u00e9moires.<\/p>\n<p>\t\t\t\t\t\t\t\t\tDans l&rsquo;histoire r\u00e9cente de la cath\u00e9drale de Tunis, la date du 25 novembre 2017 est \u00e0 marquer d&rsquo;une pierre blanche. Ce jour-l\u00e0, apr\u00e8s des d\u00e9cennies de silence, l&rsquo;orgue de la cath\u00e9drale avait repris du service lors d&rsquo;une soir\u00e9e m\u00e9morable. Quasiment un si\u00e8cle plus tard, l&rsquo;orgue renaissait sous les doigts de l&rsquo;Espagnol Juan de la Rubia.<\/p>\n<p>C&rsquo;est en effet en 1923 que la cath\u00e9drale de Tunis s&rsquo;est dot\u00e9e d&rsquo;un orgue. Ouvrage magnifique, cet instrument musical est venu compl\u00e9ter maints travaux qui avaient peu \u00e0 peu donn\u00e9 \u00e0 cette cath\u00e9drale son allure actuelle.<\/p>\n<p>Une d\u00e9cennie plus t\u00f4t, les cloches avaient en effet rejoint leur place dans les tours en b\u00e9ton de l&rsquo;\u00e9difice. Cinq cloches dont l&rsquo;ensemble pesait plus de sept tonnes \u00e9taient ainsi consacr\u00e9es en mars 1910.<\/p>\n<p>C&rsquo;est un certain Rigo qui sera de longues ann\u00e9es l&rsquo;organiste de la cath\u00e9drale. Durant une trentaine d&rsquo;ann\u00e9es, Rigo composera et interpr\u00e9tera hymnes et chants du haut de la mezzanine o\u00f9 se trouve l&rsquo;orgue massif.<\/p>\n<p>Et c&rsquo;est probablement vers lui, disparu en mai 1952, que sont all\u00e9es les pens\u00e9es de beaucoup de pr\u00e9sents ce fameux samedi 25 novembre lorsqu&rsquo;\u00e0 19h30 retentit le son de l&rsquo;orgue centenaire.<\/p>\n<p>C&rsquo;est \u00e0 cette date que s&rsquo;est tenu un concert d&rsquo;orgue en la cath\u00e9drale de Tunis pour saluer comme il se devait la restauration de cet instrument muet depuis de longues ann\u00e9es.<\/p>\n<p>Et c&rsquo;est l&rsquo;Espagnol Juan de la Rubia, l&rsquo;organiste de la cath\u00e9drale de la Sagrada Familia de Barcelone qui \u00e9tait \u00e0 la man\u0153uvre pour faire rena\u00eetre l&rsquo;orgue de Tunis \u00e0 la musique sacr\u00e9e.<\/p>\n<p>Car cet orgue de la cath\u00e9drale est un joyau rare puisqu&rsquo;il s&rsquo;agit de l&rsquo;unique instrument de ce genre et de cette taille en Tunisie.<\/p>\n<p>Invit\u00e9 par l&rsquo;ambassade d&rsquo;Espagne et l&rsquo;Institut Cervant\u00e8s, Juan de la Rubia avait alors propos\u00e9 un programme des plus riches, avec notamment des compositions de Bach, pour une soir\u00e9e qui reste m\u00e9morable. L&rsquo;orgue de marque Mutin-Cavaill\u00e9-Coll \u00e9tait de retour entre musique et ferveur.<\/p>\n","protected":false},"excerpt":{"rendered":"<p>Samedi 25 novembre 2017, la cath\u00e9drale de Tunis a accueilli un concert d&rsquo;orgue pour lequel avait \u00e9t\u00e9 invit\u00e9 l&rsquo;organiste de la Sagrada Familia de Barcelone.<\/p>\n","protected":false},"author":3229,"featured_media":248994,"comment_status":"open","ping_status":"closed","sticky":false,"template":"","format":"standard","meta":{"footnotes":""},"categories":[2596],"tags":[2963,7694,7695],"class_list":["post-209569","post","type-post","status-publish","format-standard","has-post-thumbnail","hentry","category-chroniques","tag-cathedrale-de-tunis","tag-concert-dorgue","tag-sagrada-familia"],"yoast_head":"<!-- This site is optimized with the Yoast SEO Premium plugin v27.5 (Yoast SEO v27.5) - https:\/\/yoast.com\/product\/yoast-seo-premium-wordpress\/ -->\n<title>Quand Juan de la Rubia a fait revivre l&#039;orgue de la cath\u00e9drale de Tunis<\/title>\n<meta name=\"description\" content=\"Samedi 25 novembre 2017, la cath\u00e9drale de Tunis a accueilli un concert d&#039;orgue pour lequel avait \u00e9t\u00e9 invit\u00e9 l&#039;organiste de la Sagrada Familia de Barcelone.\" \/>\n<link rel=\"canonical\" href=\"https:\/\/www.webdo.tn\/fr\/actualite\/chroniques\/quand-juan-de-la-rubia-a-fait-revivre-l-orgue-de-la-cathedrale-de-tunis\/209569\/\" \/>\n<meta property=\"og:locale\" content=\"fr_FR\" \/>\n<meta property=\"og:type\" content=\"article\" \/>\n<meta property=\"og:title\" content=\"Quand Juan de la Rubia a fait revivre l&#039;orgue de la cath\u00e9drale de Tunis\" \/>\n<meta property=\"og:description\" content=\"Samedi 25 novembre 2017, la cath\u00e9drale de Tunis a accueilli un concert d&#039;orgue pour lequel avait \u00e9t\u00e9 invit\u00e9 l&#039;organiste de la Sagrada Familia de Barcelone.\" \/>\n<meta property=\"og:url\" content=\"https:\/\/www.webdo.tn\/fr\/actualite\/chroniques\/quand-juan-de-la-rubia-a-fait-revivre-l-orgue-de-la-cathedrale-de-tunis\/209569\/\" \/>\n<meta property=\"og:site_name\" content=\"webdo\" \/>\n<meta property=\"article:publisher\" content=\"https:\/\/www.facebook.com\/webdotn\" \/>\n<meta property=\"article:author\" content=\"https:\/\/www.facebook.com\/hatem.bourial.2025\" \/>\n<meta property=\"article:published_time\" content=\"2023-10-24T09:14:00+00:00\" \/>\n<meta property=\"og:image\" content=\"https:\/\/www.webdo.tn\/fr\/wp-content\/uploads\/2023\/10\/a8818021816ec688ddc54a0d37e84baa.jpg\" \/>\n\t<meta property=\"og:image:width\" content=\"720\" \/>\n\t<meta property=\"og:image:height\" content=\"384\" \/>\n\t<meta property=\"og:image:type\" content=\"image\/jpeg\" \/>\n<meta name=\"author\" content=\"Hatem Bourial\" \/>\n<meta name=\"twitter:card\" content=\"summary_large_image\" \/>\n<meta name=\"twitter:creator\" content=\"@webdo_tn\" \/>\n<meta name=\"twitter:site\" content=\"@webdo_tn\" \/>\n<meta name=\"twitter:label1\" content=\"\u00c9crit par\" \/>\n\t<meta name=\"twitter:data1\" content=\"Hatem Bourial\" \/>\n\t<meta name=\"twitter:label2\" content=\"Dur\u00e9e de lecture estim\u00e9e\" \/>\n\t<meta name=\"twitter:data2\" content=\"2 minutes\" \/>\n<script type=\"application\/ld+json\" class=\"yoast-schema-graph\">{\"@context\":\"https:\\\/\\\/schema.org\",\"@graph\":[{\"@type\":\"NewsArticle\",\"@id\":\"https:\\\/\\\/www.webdo.tn\\\/fr\\\/actualite\\\/chroniques\\\/quand-juan-de-la-rubia-a-fait-revivre-l-orgue-de-la-cathedrale-de-tunis\\\/209569\\\/#article\",\"isPartOf\":{\"@id\":\"https:\\\/\\\/www.webdo.tn\\\/fr\\\/actualite\\\/chroniques\\\/quand-juan-de-la-rubia-a-fait-revivre-l-orgue-de-la-cathedrale-de-tunis\\\/209569\\\/\"},\"author\":{\"name\":\"Hatem Bourial\",\"@id\":\"https:\\\/\\\/www.webdo.tn\\\/fr\\\/#\\\/schema\\\/person\\\/6bc0beba2cd23aec27cb5df85ca2554f\"},\"headline\":\"Quand Juan de la Rubia a fait revivre l&rsquo;orgue de la cath\u00e9drale de Tunis\",\"datePublished\":\"2023-10-24T09:14:00+00:00\",\"mainEntityOfPage\":{\"@id\":\"https:\\\/\\\/www.webdo.tn\\\/fr\\\/actualite\\\/chroniques\\\/quand-juan-de-la-rubia-a-fait-revivre-l-orgue-de-la-cathedrale-de-tunis\\\/209569\\\/\"},\"wordCount\":423,\"commentCount\":0,\"publisher\":{\"@id\":\"https:\\\/\\\/www.webdo.tn\\\/fr\\\/#organization\"},\"image\":{\"@id\":\"https:\\\/\\\/www.webdo.tn\\\/fr\\\/actualite\\\/chroniques\\\/quand-juan-de-la-rubia-a-fait-revivre-l-orgue-de-la-cathedrale-de-tunis\\\/209569\\\/#primaryimage\"},\"thumbnailUrl\":\"https:\\\/\\\/www.webdo.tn\\\/fr\\\/wp-content\\\/uploads\\\/2023\\\/10\\\/a8818021816ec688ddc54a0d37e84baa.jpg\",\"keywords\":[\"Cath\u00e9drale de Tunis\",\"concert d'orgue\",\"Sagrada Familia\"],\"articleSection\":[\"Chroniques\"],\"inLanguage\":\"fr-FR\"},{\"@type\":\"WebPage\",\"@id\":\"https:\\\/\\\/www.webdo.tn\\\/fr\\\/actualite\\\/chroniques\\\/quand-juan-de-la-rubia-a-fait-revivre-l-orgue-de-la-cathedrale-de-tunis\\\/209569\\\/\",\"url\":\"https:\\\/\\\/www.webdo.tn\\\/fr\\\/actualite\\\/chroniques\\\/quand-juan-de-la-rubia-a-fait-revivre-l-orgue-de-la-cathedrale-de-tunis\\\/209569\\\/\",\"name\":\"Quand Juan de la Rubia a fait revivre l'orgue de la cath\u00e9drale de Tunis\",\"isPartOf\":{\"@id\":\"https:\\\/\\\/www.webdo.tn\\\/fr\\\/#website\"},\"primaryImageOfPage\":{\"@id\":\"https:\\\/\\\/www.webdo.tn\\\/fr\\\/actualite\\\/chroniques\\\/quand-juan-de-la-rubia-a-fait-revivre-l-orgue-de-la-cathedrale-de-tunis\\\/209569\\\/#primaryimage\"},\"image\":{\"@id\":\"https:\\\/\\\/www.webdo.tn\\\/fr\\\/actualite\\\/chroniques\\\/quand-juan-de-la-rubia-a-fait-revivre-l-orgue-de-la-cathedrale-de-tunis\\\/209569\\\/#primaryimage\"},\"thumbnailUrl\":\"https:\\\/\\\/www.webdo.tn\\\/fr\\\/wp-content\\\/uploads\\\/2023\\\/10\\\/a8818021816ec688ddc54a0d37e84baa.jpg\",\"datePublished\":\"2023-10-24T09:14:00+00:00\",\"description\":\"Samedi 25 novembre 2017, la cath\u00e9drale de Tunis a accueilli un concert d'orgue pour lequel avait \u00e9t\u00e9 invit\u00e9 l'organiste de la Sagrada Familia de Barcelone.\",\"breadcrumb\":{\"@id\":\"https:\\\/\\\/www.webdo.tn\\\/fr\\\/actualite\\\/chroniques\\\/quand-juan-de-la-rubia-a-fait-revivre-l-orgue-de-la-cathedrale-de-tunis\\\/209569\\\/#breadcrumb\"},\"inLanguage\":\"fr-FR\",\"potentialAction\":[{\"@type\":\"ReadAction\",\"target\":[\"https:\\\/\\\/www.webdo.tn\\\/fr\\\/actualite\\\/chroniques\\\/quand-juan-de-la-rubia-a-fait-revivre-l-orgue-de-la-cathedrale-de-tunis\\\/209569\\\/\"]}]},{\"@type\":\"ImageObject\",\"inLanguage\":\"fr-FR\",\"@id\":\"https:\\\/\\\/www.webdo.tn\\\/fr\\\/actualite\\\/chroniques\\\/quand-juan-de-la-rubia-a-fait-revivre-l-orgue-de-la-cathedrale-de-tunis\\\/209569\\\/#primaryimage\",\"url\":\"https:\\\/\\\/www.webdo.tn\\\/fr\\\/wp-content\\\/uploads\\\/2023\\\/10\\\/a8818021816ec688ddc54a0d37e84baa.jpg\",\"contentUrl\":\"https:\\\/\\\/www.webdo.tn\\\/fr\\\/wp-content\\\/uploads\\\/2023\\\/10\\\/a8818021816ec688ddc54a0d37e84baa.jpg\",\"width\":720,\"height\":384,\"caption\":\"Quand Juan de la Rubia a fait revivre l'orgue de la cath\u00e9drale de Tunis\"},{\"@type\":\"BreadcrumbList\",\"@id\":\"https:\\\/\\\/www.webdo.tn\\\/fr\\\/actualite\\\/chroniques\\\/quand-juan-de-la-rubia-a-fait-revivre-l-orgue-de-la-cathedrale-de-tunis\\\/209569\\\/#breadcrumb\",\"itemListElement\":[{\"@type\":\"ListItem\",\"position\":1,\"name\":\"Accueil\",\"item\":\"https:\\\/\\\/www.webdo.tn\\\/fr\\\/\"},{\"@type\":\"ListItem\",\"position\":2,\"name\":\"Quand Juan de la Rubia a fait revivre l&#8217;orgue de la cath\u00e9drale de Tunis\"}]},{\"@type\":\"WebSite\",\"@id\":\"https:\\\/\\\/www.webdo.tn\\\/fr\\\/#website\",\"url\":\"https:\\\/\\\/www.webdo.tn\\\/fr\\\/\",\"name\":\"webdo\",\"description\":\"Tunisie - News en Tunisie et \u00e0 l&#039;international sur Webdo.tn\",\"publisher\":{\"@id\":\"https:\\\/\\\/www.webdo.tn\\\/fr\\\/#organization\"},\"potentialAction\":[{\"@type\":\"SearchAction\",\"target\":{\"@type\":\"EntryPoint\",\"urlTemplate\":\"https:\\\/\\\/www.webdo.tn\\\/fr\\\/?s={search_term_string}\"},\"query-input\":{\"@type\":\"PropertyValueSpecification\",\"valueRequired\":true,\"valueName\":\"search_term_string\"}}],\"inLanguage\":\"fr-FR\"},{\"@type\":\"Organization\",\"@id\":\"https:\\\/\\\/www.webdo.tn\\\/fr\\\/#organization\",\"name\":\"Webdo\",\"alternateName\":\"Webdo.tn\",\"url\":\"https:\\\/\\\/www.webdo.tn\\\/fr\\\/\",\"logo\":{\"@type\":\"ImageObject\",\"inLanguage\":\"fr-FR\",\"@id\":\"https:\\\/\\\/www.webdo.tn\\\/fr\\\/#\\\/schema\\\/logo\\\/image\\\/\",\"url\":\"https:\\\/\\\/www.webdo.tn\\\/fr\\\/wp-content\\\/uploads\\\/2025\\\/06\\\/Webdo-Tunisie_168377.jpg\",\"contentUrl\":\"https:\\\/\\\/www.webdo.tn\\\/fr\\\/wp-content\\\/uploads\\\/2025\\\/06\\\/Webdo-Tunisie_168377.jpg\",\"width\":301,\"height\":301,\"caption\":\"Webdo\"},\"image\":{\"@id\":\"https:\\\/\\\/www.webdo.tn\\\/fr\\\/#\\\/schema\\\/logo\\\/image\\\/\"},\"sameAs\":[\"https:\\\/\\\/www.facebook.com\\\/webdotn\",\"https:\\\/\\\/x.com\\\/webdo_tn\"],\"description\":\"Webdo est un m\u00e9dia num\u00e9rique tunisien fond\u00e9 en 2010, sp\u00e9cialis\u00e9 dans l\u2019actualit\u00e9 nationale et internationale, l\u2019\u00e9conomie, la soci\u00e9t\u00e9 et les analyses politiques. Le site s\u2019adresse \u00e0 un large public francophone et couvre l\u2019information tunisienne en temps r\u00e9el.\",\"email\":\"redac@webdo.tn\",\"legalName\":\"YNJ SARL\",\"foundingDate\":\"2010-09-06\",\"numberOfEmployees\":{\"@type\":\"QuantitativeValue\",\"minValue\":\"11\",\"maxValue\":\"50\"}},{\"@type\":\"Person\",\"@id\":\"https:\\\/\\\/www.webdo.tn\\\/fr\\\/#\\\/schema\\\/person\\\/6bc0beba2cd23aec27cb5df85ca2554f\",\"name\":\"Hatem Bourial\",\"image\":{\"@type\":\"ImageObject\",\"inLanguage\":\"fr-FR\",\"@id\":\"https:\\\/\\\/www.webdo.tn\\\/fr\\\/wp-content\\\/uploads\\\/2026\\\/04\\\/hatem-bourial_avatar-96x96.jpg\",\"url\":\"https:\\\/\\\/www.webdo.tn\\\/fr\\\/wp-content\\\/uploads\\\/2026\\\/04\\\/hatem-bourial_avatar-96x96.jpg\",\"contentUrl\":\"https:\\\/\\\/www.webdo.tn\\\/fr\\\/wp-content\\\/uploads\\\/2026\\\/04\\\/hatem-bourial_avatar-96x96.jpg\",\"caption\":\"Hatem Bourial\"},\"description\":\"Hatem Bourial est journaliste, \u00e9crivain et chroniqueur tunisien. Actif depuis plusieurs d\u00e9cennies, il s\u2019est impos\u00e9 comme un observateur attentif de la soci\u00e9t\u00e9 tunisienne, m\u00ealant dans ses \u00e9crits m\u00e9moire, culture et analyse du quotidien. Auteur de nombreux ouvrages, il d\u00e9veloppe une \u0153uvre \u00e0 la crois\u00e9e du r\u00e9cit, de la po\u00e9sie et de l\u2019observation sociologique. Parall\u00e8lement \u00e0 ses contributions dans la presse, il intervient r\u00e9guli\u00e8rement \u00e0 la radio et dans des espaces culturels, o\u00f9 il explore les enjeux li\u00e9s au patrimoine, \u00e0 l\u2019identit\u00e9 et aux transformations du monde contemporain. \u00c0 travers ses chroniques, Hatem Bourial propose une lecture sensible et approfondie de l\u2019actualit\u00e9, nourrie par une exp\u00e9rience journalistique et litt\u00e9raire reconnue. \ud83d\udd17 Facebook : https:\\\/\\\/www.facebook.com\\\/hatem.bourial.2025\",\"sameAs\":[\"https:\\\/\\\/www.facebook.com\\\/hatem.bourial.2025\",\"https:\\\/\\\/fr.wikipedia.org\\\/wiki\\\/Fichier:Hatem_Bourial.jpg\"],\"knowsAbout\":[\"Culture & patrimoine tunisien\",\"Chronique soci\u00e9tale\",\"Litt\u00e9rature & m\u00e9moire\",\"Cin\u00e9ma & critique culturelle\",\"Identit\u00e9 & mutations sociales\"],\"knowsLanguage\":[\"Arabe\",\"Fran\u00e7ais\",\"Anglais\",\"Italien\",\"Polonais\"],\"jobTitle\":\"Journaliste, \u00e9crivain et chroniqueur culturel\",\"worksFor\":\"Webdo\",\"url\":\"https:\\\/\\\/www.webdo.tn\\\/fr\\\/actualite\\\/author\\\/hatem-bourial-2\\\/\"}]}<\/script>\n<!-- \/ Yoast SEO Premium plugin. -->","yoast_head_json":{"title":"Quand Juan de la Rubia a fait revivre l'orgue de la cath\u00e9drale de Tunis","description":"Samedi 25 novembre 2017, la cath\u00e9drale de Tunis a accueilli un concert d'orgue pour lequel avait \u00e9t\u00e9 invit\u00e9 l'organiste de la Sagrada Familia de Barcelone.","canonical":"https:\/\/www.webdo.tn\/fr\/actualite\/chroniques\/quand-juan-de-la-rubia-a-fait-revivre-l-orgue-de-la-cathedrale-de-tunis\/209569\/","og_locale":"fr_FR","og_type":"article","og_title":"Quand Juan de la Rubia a fait revivre l'orgue de la cath\u00e9drale de Tunis","og_description":"Samedi 25 novembre 2017, la cath\u00e9drale de Tunis a accueilli un concert d'orgue pour lequel avait \u00e9t\u00e9 invit\u00e9 l'organiste de la Sagrada Familia de Barcelone.","og_url":"https:\/\/www.webdo.tn\/fr\/actualite\/chroniques\/quand-juan-de-la-rubia-a-fait-revivre-l-orgue-de-la-cathedrale-de-tunis\/209569\/","og_site_name":"webdo","article_publisher":"https:\/\/www.facebook.com\/webdotn","article_author":"https:\/\/www.facebook.com\/hatem.bourial.2025","article_published_time":"2023-10-24T09:14:00+00:00","og_image":[{"width":720,"height":384,"url":"https:\/\/www.webdo.tn\/fr\/wp-content\/uploads\/2023\/10\/a8818021816ec688ddc54a0d37e84baa.jpg","type":"image\/jpeg"}],"author":"Hatem Bourial","twitter_card":"summary_large_image","twitter_creator":"@webdo_tn","twitter_site":"@webdo_tn","twitter_misc":{"\u00c9crit par":"Hatem Bourial","Dur\u00e9e de lecture estim\u00e9e":"2 minutes"},"schema":{"@context":"https:\/\/schema.org","@graph":[{"@type":"NewsArticle","@id":"https:\/\/www.webdo.tn\/fr\/actualite\/chroniques\/quand-juan-de-la-rubia-a-fait-revivre-l-orgue-de-la-cathedrale-de-tunis\/209569\/#article","isPartOf":{"@id":"https:\/\/www.webdo.tn\/fr\/actualite\/chroniques\/quand-juan-de-la-rubia-a-fait-revivre-l-orgue-de-la-cathedrale-de-tunis\/209569\/"},"author":{"name":"Hatem Bourial","@id":"https:\/\/www.webdo.tn\/fr\/#\/schema\/person\/6bc0beba2cd23aec27cb5df85ca2554f"},"headline":"Quand Juan de la Rubia a fait revivre l&rsquo;orgue de la cath\u00e9drale de Tunis","datePublished":"2023-10-24T09:14:00+00:00","mainEntityOfPage":{"@id":"https:\/\/www.webdo.tn\/fr\/actualite\/chroniques\/quand-juan-de-la-rubia-a-fait-revivre-l-orgue-de-la-cathedrale-de-tunis\/209569\/"},"wordCount":423,"commentCount":0,"publisher":{"@id":"https:\/\/www.webdo.tn\/fr\/#organization"},"image":{"@id":"https:\/\/www.webdo.tn\/fr\/actualite\/chroniques\/quand-juan-de-la-rubia-a-fait-revivre-l-orgue-de-la-cathedrale-de-tunis\/209569\/#primaryimage"},"thumbnailUrl":"https:\/\/www.webdo.tn\/fr\/wp-content\/uploads\/2023\/10\/a8818021816ec688ddc54a0d37e84baa.jpg","keywords":["Cath\u00e9drale de Tunis","concert d'orgue","Sagrada Familia"],"articleSection":["Chroniques"],"inLanguage":"fr-FR"},{"@type":"WebPage","@id":"https:\/\/www.webdo.tn\/fr\/actualite\/chroniques\/quand-juan-de-la-rubia-a-fait-revivre-l-orgue-de-la-cathedrale-de-tunis\/209569\/","url":"https:\/\/www.webdo.tn\/fr\/actualite\/chroniques\/quand-juan-de-la-rubia-a-fait-revivre-l-orgue-de-la-cathedrale-de-tunis\/209569\/","name":"Quand Juan de la Rubia a fait revivre l'orgue de la cath\u00e9drale de Tunis","isPartOf":{"@id":"https:\/\/www.webdo.tn\/fr\/#website"},"primaryImageOfPage":{"@id":"https:\/\/www.webdo.tn\/fr\/actualite\/chroniques\/quand-juan-de-la-rubia-a-fait-revivre-l-orgue-de-la-cathedrale-de-tunis\/209569\/#primaryimage"},"image":{"@id":"https:\/\/www.webdo.tn\/fr\/actualite\/chroniques\/quand-juan-de-la-rubia-a-fait-revivre-l-orgue-de-la-cathedrale-de-tunis\/209569\/#primaryimage"},"thumbnailUrl":"https:\/\/www.webdo.tn\/fr\/wp-content\/uploads\/2023\/10\/a8818021816ec688ddc54a0d37e84baa.jpg","datePublished":"2023-10-24T09:14:00+00:00","description":"Samedi 25 novembre 2017, la cath\u00e9drale de Tunis a accueilli un concert d'orgue pour lequel avait \u00e9t\u00e9 invit\u00e9 l'organiste de la Sagrada Familia de Barcelone.","breadcrumb":{"@id":"https:\/\/www.webdo.tn\/fr\/actualite\/chroniques\/quand-juan-de-la-rubia-a-fait-revivre-l-orgue-de-la-cathedrale-de-tunis\/209569\/#breadcrumb"},"inLanguage":"fr-FR","potentialAction":[{"@type":"ReadAction","target":["https:\/\/www.webdo.tn\/fr\/actualite\/chroniques\/quand-juan-de-la-rubia-a-fait-revivre-l-orgue-de-la-cathedrale-de-tunis\/209569\/"]}]},{"@type":"ImageObject","inLanguage":"fr-FR","@id":"https:\/\/www.webdo.tn\/fr\/actualite\/chroniques\/quand-juan-de-la-rubia-a-fait-revivre-l-orgue-de-la-cathedrale-de-tunis\/209569\/#primaryimage","url":"https:\/\/www.webdo.tn\/fr\/wp-content\/uploads\/2023\/10\/a8818021816ec688ddc54a0d37e84baa.jpg","contentUrl":"https:\/\/www.webdo.tn\/fr\/wp-content\/uploads\/2023\/10\/a8818021816ec688ddc54a0d37e84baa.jpg","width":720,"height":384,"caption":"Quand Juan de la Rubia a fait revivre l'orgue de la cath\u00e9drale de Tunis"},{"@type":"BreadcrumbList","@id":"https:\/\/www.webdo.tn\/fr\/actualite\/chroniques\/quand-juan-de-la-rubia-a-fait-revivre-l-orgue-de-la-cathedrale-de-tunis\/209569\/#breadcrumb","itemListElement":[{"@type":"ListItem","position":1,"name":"Accueil","item":"https:\/\/www.webdo.tn\/fr\/"},{"@type":"ListItem","position":2,"name":"Quand Juan de la Rubia a fait revivre l&#8217;orgue de la cath\u00e9drale de Tunis"}]},{"@type":"WebSite","@id":"https:\/\/www.webdo.tn\/fr\/#website","url":"https:\/\/www.webdo.tn\/fr\/","name":"webdo","description":"Tunisie - News en Tunisie et \u00e0 l&#039;international sur Webdo.tn","publisher":{"@id":"https:\/\/www.webdo.tn\/fr\/#organization"},"potentialAction":[{"@type":"SearchAction","target":{"@type":"EntryPoint","urlTemplate":"https:\/\/www.webdo.tn\/fr\/?s={search_term_string}"},"query-input":{"@type":"PropertyValueSpecification","valueRequired":true,"valueName":"search_term_string"}}],"inLanguage":"fr-FR"},{"@type":"Organization","@id":"https:\/\/www.webdo.tn\/fr\/#organization","name":"Webdo","alternateName":"Webdo.tn","url":"https:\/\/www.webdo.tn\/fr\/","logo":{"@type":"ImageObject","inLanguage":"fr-FR","@id":"https:\/\/www.webdo.tn\/fr\/#\/schema\/logo\/image\/","url":"https:\/\/www.webdo.tn\/fr\/wp-content\/uploads\/2025\/06\/Webdo-Tunisie_168377.jpg","contentUrl":"https:\/\/www.webdo.tn\/fr\/wp-content\/uploads\/2025\/06\/Webdo-Tunisie_168377.jpg","width":301,"height":301,"caption":"Webdo"},"image":{"@id":"https:\/\/www.webdo.tn\/fr\/#\/schema\/logo\/image\/"},"sameAs":["https:\/\/www.facebook.com\/webdotn","https:\/\/x.com\/webdo_tn"],"description":"Webdo est un m\u00e9dia num\u00e9rique tunisien fond\u00e9 en 2010, sp\u00e9cialis\u00e9 dans l\u2019actualit\u00e9 nationale et internationale, l\u2019\u00e9conomie, la soci\u00e9t\u00e9 et les analyses politiques. Le site s\u2019adresse \u00e0 un large public francophone et couvre l\u2019information tunisienne en temps r\u00e9el.","email":"redac@webdo.tn","legalName":"YNJ SARL","foundingDate":"2010-09-06","numberOfEmployees":{"@type":"QuantitativeValue","minValue":"11","maxValue":"50"}},{"@type":"Person","@id":"https:\/\/www.webdo.tn\/fr\/#\/schema\/person\/6bc0beba2cd23aec27cb5df85ca2554f","name":"Hatem Bourial","image":{"@type":"ImageObject","inLanguage":"fr-FR","@id":"https:\/\/www.webdo.tn\/fr\/wp-content\/uploads\/2026\/04\/hatem-bourial_avatar-96x96.jpg","url":"https:\/\/www.webdo.tn\/fr\/wp-content\/uploads\/2026\/04\/hatem-bourial_avatar-96x96.jpg","contentUrl":"https:\/\/www.webdo.tn\/fr\/wp-content\/uploads\/2026\/04\/hatem-bourial_avatar-96x96.jpg","caption":"Hatem Bourial"},"description":"Hatem Bourial est journaliste, \u00e9crivain et chroniqueur tunisien. Actif depuis plusieurs d\u00e9cennies, il s\u2019est impos\u00e9 comme un observateur attentif de la soci\u00e9t\u00e9 tunisienne, m\u00ealant dans ses \u00e9crits m\u00e9moire, culture et analyse du quotidien. Auteur de nombreux ouvrages, il d\u00e9veloppe une \u0153uvre \u00e0 la crois\u00e9e du r\u00e9cit, de la po\u00e9sie et de l\u2019observation sociologique. Parall\u00e8lement \u00e0 ses contributions dans la presse, il intervient r\u00e9guli\u00e8rement \u00e0 la radio et dans des espaces culturels, o\u00f9 il explore les enjeux li\u00e9s au patrimoine, \u00e0 l\u2019identit\u00e9 et aux transformations du monde contemporain. \u00c0 travers ses chroniques, Hatem Bourial propose une lecture sensible et approfondie de l\u2019actualit\u00e9, nourrie par une exp\u00e9rience journalistique et litt\u00e9raire reconnue. \ud83d\udd17 Facebook : https:\/\/www.facebook.com\/hatem.bourial.2025","sameAs":["https:\/\/www.facebook.com\/hatem.bourial.2025","https:\/\/fr.wikipedia.org\/wiki\/Fichier:Hatem_Bourial.jpg"],"knowsAbout":["Culture & patrimoine tunisien","Chronique soci\u00e9tale","Litt\u00e9rature & m\u00e9moire","Cin\u00e9ma & critique culturelle","Identit\u00e9 & mutations sociales"],"knowsLanguage":["Arabe","Fran\u00e7ais","Anglais","Italien","Polonais"],"jobTitle":"Journaliste, \u00e9crivain et chroniqueur culturel","worksFor":"Webdo","url":"https:\/\/www.webdo.tn\/fr\/actualite\/author\/hatem-bourial-2\/"}]}},"_links":{"self":[{"href":"https:\/\/www.webdo.tn\/fr\/wp-json\/wp\/v2\/posts\/209569","targetHints":{"allow":["GET"]}}],"collection":[{"href":"https:\/\/www.webdo.tn\/fr\/wp-json\/wp\/v2\/posts"}],"about":[{"href":"https:\/\/www.webdo.tn\/fr\/wp-json\/wp\/v2\/types\/post"}],"author":[{"embeddable":true,"href":"https:\/\/www.webdo.tn\/fr\/wp-json\/wp\/v2\/users\/3229"}],"replies":[{"embeddable":true,"href":"https:\/\/www.webdo.tn\/fr\/wp-json\/wp\/v2\/comments?post=209569"}],"version-history":[{"count":0,"href":"https:\/\/www.webdo.tn\/fr\/wp-json\/wp\/v2\/posts\/209569\/revisions"}],"wp:featuredmedia":[{"embeddable":true,"href":"https:\/\/www.webdo.tn\/fr\/wp-json\/wp\/v2\/media\/248994"}],"wp:attachment":[{"href":"https:\/\/www.webdo.tn\/fr\/wp-json\/wp\/v2\/media?parent=209569"}],"wp:term":[{"taxonomy":"category","embeddable":true,"href":"https:\/\/www.webdo.tn\/fr\/wp-json\/wp\/v2\/categories?post=209569"},{"taxonomy":"post_tag","embeddable":true,"href":"https:\/\/www.webdo.tn\/fr\/wp-json\/wp\/v2\/tags?post=209569"}],"curies":[{"name":"wp","href":"https:\/\/api.w.org\/{rel}","templated":true}]}}