{"id":209561,"date":"2023-10-23T19:58:00","date_gmt":"2023-10-23T19:58:00","guid":{"rendered":"https:\/\/www.webdo.tn\/fr\/blog\/le-hamas-affirme-avoir-libere-deux-autres-otages\/209561\/"},"modified":"2025-05-20T22:40:07","modified_gmt":"2025-05-20T22:40:07","slug":"le-hamas-affirme-avoir-libere-deux-autres-otages","status":"publish","type":"post","link":"https:\/\/www.webdo.tn\/fr\/actualite\/international\/le-hamas-affirme-avoir-libere-deux-autres-otages\/209561\/","title":{"rendered":"Le Hamas affirme avoir lib\u00e9r\u00e9 deux autres otages"},"content":{"rendered":"<p>Le mouvement islamiste palestinien a annonc\u00e9 lundi avoir lib\u00e9r\u00e9 deux femmes isra\u00e9liennes enlev\u00e9es \u00abpour des raisons humanitaires pressantes\u00bb gr\u00e2ce \u00e0 une m\u00e9diation du Qatar et de l&rsquo;\u00c9gypte.<\/p>\n<p>\t\t\t\t\t\t\t\t\tLe porte-parole de la branche militaire du Hamas, Abou Obeida, a affirm\u00e9 dans un communiqu\u00e9 que les deux otages avaient \u00e9t\u00e9 lib\u00e9r\u00e9es \u00abpour des raisons humanitaires pressantes\u00bb gr\u00e2ce \u00e0 une m\u00e9diation du Qatar et de l&rsquo;Egypte.\u00a0<\/p>\n<p>Cette lib\u00e9ration, qui intervient trois jours apr\u00e8s celle de deux Am\u00e9ricaines, n&rsquo;a pas \u00e9t\u00e9 confirm\u00e9e dans l&rsquo;imm\u00e9diat par les autorit\u00e9s isra\u00e9liennes.<\/p>\n<p>Abu Ubaida avait d\u00e9clar\u00e9 que le nombre des prisonniers isra\u00e9liens dans la bande de Gaza est estim\u00e9 entre 200 et 250. Il\u00a0a fait savoir que \u00ab L&rsquo;ennemi a d\u00e9lib\u00e9r\u00e9ment lanc\u00e9 une attaque brutale contre notre peuple au lieu d&rsquo;affronter les combattants sur le terrain \u00bb.<\/p>\n<p>Il a poursuivi : \u00ab\u00a0L&rsquo;ennemi isra\u00e9lien ne s&rsquo;attendait pas \u00e0 ce qu&rsquo;une force arabe assi\u00e9g\u00e9e \u00e0 Gaza lui porte le coup le plus dur de son histoire \u00bb.<\/p>\n","protected":false},"excerpt":{"rendered":"<p>Le mouvement islamiste palestinien a annonc\u00e9 lundi avoir lib\u00e9r\u00e9 deux femmes isra\u00e9liennes enlev\u00e9es \u00abpour des raisons humanitaires pressantes\u00bb gr\u00e2ce \u00e0 une m\u00e9diati&#8230;<\/p>\n","protected":false},"author":3175,"featured_media":248991,"comment_status":"open","ping_status":"closed","sticky":false,"template":"","format":"standard","meta":{"footnotes":""},"categories":[2598],"tags":[3349,4069],"class_list":["post-209561","post","type-post","status-publish","format-standard","has-post-thumbnail","hentry","category-international","tag-hamas","tag-otages"],"yoast_head":"<!-- This site is optimized with the Yoast SEO Premium plugin v27.5 (Yoast SEO v27.5) - https:\/\/yoast.com\/product\/yoast-seo-premium-wordpress\/ -->\n<title>Le Hamas affirme avoir lib\u00e9r\u00e9 deux autres otages<\/title>\n<meta name=\"description\" content=\"Le mouvement islamiste palestinien a annonc\u00e9 lundi avoir lib\u00e9r\u00e9 deux femmes isra\u00e9liennes enlev\u00e9es \u00abpour des raisons humanitaires pressantes\u00bb gr\u00e2ce \u00e0 une m\u00e9diati...\" \/>\n<link rel=\"canonical\" href=\"https:\/\/www.webdo.tn\/fr\/actualite\/international\/le-hamas-affirme-avoir-libere-deux-autres-otages\/209561\/\" \/>\n<meta property=\"og:locale\" content=\"fr_FR\" \/>\n<meta property=\"og:type\" content=\"article\" \/>\n<meta property=\"og:title\" content=\"Le Hamas affirme avoir lib\u00e9r\u00e9 deux autres otages\" \/>\n<meta property=\"og:description\" content=\"Le mouvement islamiste palestinien a annonc\u00e9 lundi avoir lib\u00e9r\u00e9 deux femmes isra\u00e9liennes enlev\u00e9es \u00abpour des raisons humanitaires pressantes\u00bb gr\u00e2ce \u00e0 une m\u00e9diati...\" \/>\n<meta property=\"og:url\" content=\"https:\/\/www.webdo.tn\/fr\/actualite\/international\/le-hamas-affirme-avoir-libere-deux-autres-otages\/209561\/\" \/>\n<meta property=\"og:site_name\" content=\"webdo\" \/>\n<meta property=\"article:publisher\" content=\"https:\/\/www.facebook.com\/webdotn\" \/>\n<meta property=\"article:published_time\" content=\"2023-10-23T19:58:00+00:00\" \/>\n<meta property=\"article:modified_time\" content=\"2025-05-20T22:40:07+00:00\" \/>\n<meta property=\"og:image\" content=\"https:\/\/www.webdo.tn\/fr\/wp-content\/uploads\/2023\/10\/7c3df00725462721a1278ab91470a41f.png\" \/>\n\t<meta property=\"og:image:width\" content=\"750\" \/>\n\t<meta property=\"og:image:height\" content=\"400\" \/>\n\t<meta property=\"og:image:type\" content=\"image\/png\" \/>\n<meta name=\"author\" content=\"CL\" \/>\n<meta name=\"twitter:card\" content=\"summary_large_image\" \/>\n<meta name=\"twitter:creator\" content=\"@webdo_tn\" \/>\n<meta name=\"twitter:site\" content=\"@webdo_tn\" \/>\n<meta name=\"twitter:label1\" content=\"\u00c9crit par\" \/>\n\t<meta name=\"twitter:data1\" content=\"CL\" \/>\n\t<meta name=\"twitter:label2\" content=\"Dur\u00e9e de lecture estim\u00e9e\" \/>\n\t<meta name=\"twitter:data2\" content=\"1 minute\" \/>\n<script type=\"application\/ld+json\" class=\"yoast-schema-graph\">{\"@context\":\"https:\\\/\\\/schema.org\",\"@graph\":[{\"@type\":\"NewsArticle\",\"@id\":\"https:\\\/\\\/www.webdo.tn\\\/fr\\\/actualite\\\/international\\\/le-hamas-affirme-avoir-libere-deux-autres-otages\\\/209561\\\/#article\",\"isPartOf\":{\"@id\":\"https:\\\/\\\/www.webdo.tn\\\/fr\\\/actualite\\\/international\\\/le-hamas-affirme-avoir-libere-deux-autres-otages\\\/209561\\\/\"},\"author\":{\"name\":\"CL\",\"@id\":\"https:\\\/\\\/www.webdo.tn\\\/fr\\\/#\\\/schema\\\/person\\\/f35b42a42c5e2511bbd282959d6385cc\"},\"headline\":\"Le Hamas affirme avoir lib\u00e9r\u00e9 deux autres otages\",\"datePublished\":\"2023-10-23T19:58:00+00:00\",\"dateModified\":\"2025-05-20T22:40:07+00:00\",\"mainEntityOfPage\":{\"@id\":\"https:\\\/\\\/www.webdo.tn\\\/fr\\\/actualite\\\/international\\\/le-hamas-affirme-avoir-libere-deux-autres-otages\\\/209561\\\/\"},\"wordCount\":190,\"commentCount\":0,\"publisher\":{\"@id\":\"https:\\\/\\\/www.webdo.tn\\\/fr\\\/#organization\"},\"image\":{\"@id\":\"https:\\\/\\\/www.webdo.tn\\\/fr\\\/actualite\\\/international\\\/le-hamas-affirme-avoir-libere-deux-autres-otages\\\/209561\\\/#primaryimage\"},\"thumbnailUrl\":\"https:\\\/\\\/www.webdo.tn\\\/fr\\\/wp-content\\\/uploads\\\/2023\\\/10\\\/7c3df00725462721a1278ab91470a41f.png\",\"keywords\":[\"hamas\",\"otages\"],\"articleSection\":[\"International\"],\"inLanguage\":\"fr-FR\"},{\"@type\":\"WebPage\",\"@id\":\"https:\\\/\\\/www.webdo.tn\\\/fr\\\/actualite\\\/international\\\/le-hamas-affirme-avoir-libere-deux-autres-otages\\\/209561\\\/\",\"url\":\"https:\\\/\\\/www.webdo.tn\\\/fr\\\/actualite\\\/international\\\/le-hamas-affirme-avoir-libere-deux-autres-otages\\\/209561\\\/\",\"name\":\"Le Hamas affirme avoir lib\u00e9r\u00e9 deux autres otages\",\"isPartOf\":{\"@id\":\"https:\\\/\\\/www.webdo.tn\\\/fr\\\/#website\"},\"primaryImageOfPage\":{\"@id\":\"https:\\\/\\\/www.webdo.tn\\\/fr\\\/actualite\\\/international\\\/le-hamas-affirme-avoir-libere-deux-autres-otages\\\/209561\\\/#primaryimage\"},\"image\":{\"@id\":\"https:\\\/\\\/www.webdo.tn\\\/fr\\\/actualite\\\/international\\\/le-hamas-affirme-avoir-libere-deux-autres-otages\\\/209561\\\/#primaryimage\"},\"thumbnailUrl\":\"https:\\\/\\\/www.webdo.tn\\\/fr\\\/wp-content\\\/uploads\\\/2023\\\/10\\\/7c3df00725462721a1278ab91470a41f.png\",\"datePublished\":\"2023-10-23T19:58:00+00:00\",\"dateModified\":\"2025-05-20T22:40:07+00:00\",\"description\":\"Le mouvement islamiste palestinien a annonc\u00e9 lundi avoir lib\u00e9r\u00e9 deux femmes isra\u00e9liennes enlev\u00e9es \u00abpour des raisons humanitaires pressantes\u00bb gr\u00e2ce \u00e0 une m\u00e9diati...\",\"breadcrumb\":{\"@id\":\"https:\\\/\\\/www.webdo.tn\\\/fr\\\/actualite\\\/international\\\/le-hamas-affirme-avoir-libere-deux-autres-otages\\\/209561\\\/#breadcrumb\"},\"inLanguage\":\"fr-FR\",\"potentialAction\":[{\"@type\":\"ReadAction\",\"target\":[\"https:\\\/\\\/www.webdo.tn\\\/fr\\\/actualite\\\/international\\\/le-hamas-affirme-avoir-libere-deux-autres-otages\\\/209561\\\/\"]}]},{\"@type\":\"ImageObject\",\"inLanguage\":\"fr-FR\",\"@id\":\"https:\\\/\\\/www.webdo.tn\\\/fr\\\/actualite\\\/international\\\/le-hamas-affirme-avoir-libere-deux-autres-otages\\\/209561\\\/#primaryimage\",\"url\":\"https:\\\/\\\/www.webdo.tn\\\/fr\\\/wp-content\\\/uploads\\\/2023\\\/10\\\/7c3df00725462721a1278ab91470a41f.png\",\"contentUrl\":\"https:\\\/\\\/www.webdo.tn\\\/fr\\\/wp-content\\\/uploads\\\/2023\\\/10\\\/7c3df00725462721a1278ab91470a41f.png\",\"width\":750,\"height\":400,\"caption\":\"Le Hamas affirme avoir lib\u00e9r\u00e9 deux autres otages\"},{\"@type\":\"BreadcrumbList\",\"@id\":\"https:\\\/\\\/www.webdo.tn\\\/fr\\\/actualite\\\/international\\\/le-hamas-affirme-avoir-libere-deux-autres-otages\\\/209561\\\/#breadcrumb\",\"itemListElement\":[{\"@type\":\"ListItem\",\"position\":1,\"name\":\"Accueil\",\"item\":\"https:\\\/\\\/www.webdo.tn\\\/fr\\\/\"},{\"@type\":\"ListItem\",\"position\":2,\"name\":\"Le Hamas affirme avoir lib\u00e9r\u00e9 deux autres otages\"}]},{\"@type\":\"WebSite\",\"@id\":\"https:\\\/\\\/www.webdo.tn\\\/fr\\\/#website\",\"url\":\"https:\\\/\\\/www.webdo.tn\\\/fr\\\/\",\"name\":\"webdo\",\"description\":\"Tunisie - News en Tunisie et \u00e0 l&#039;international sur Webdo.tn\",\"publisher\":{\"@id\":\"https:\\\/\\\/www.webdo.tn\\\/fr\\\/#organization\"},\"potentialAction\":[{\"@type\":\"SearchAction\",\"target\":{\"@type\":\"EntryPoint\",\"urlTemplate\":\"https:\\\/\\\/www.webdo.tn\\\/fr\\\/?s={search_term_string}\"},\"query-input\":{\"@type\":\"PropertyValueSpecification\",\"valueRequired\":true,\"valueName\":\"search_term_string\"}}],\"inLanguage\":\"fr-FR\"},{\"@type\":\"Organization\",\"@id\":\"https:\\\/\\\/www.webdo.tn\\\/fr\\\/#organization\",\"name\":\"Webdo\",\"alternateName\":\"Webdo.tn\",\"url\":\"https:\\\/\\\/www.webdo.tn\\\/fr\\\/\",\"logo\":{\"@type\":\"ImageObject\",\"inLanguage\":\"fr-FR\",\"@id\":\"https:\\\/\\\/www.webdo.tn\\\/fr\\\/#\\\/schema\\\/logo\\\/image\\\/\",\"url\":\"https:\\\/\\\/www.webdo.tn\\\/fr\\\/wp-content\\\/uploads\\\/2025\\\/06\\\/Webdo-Tunisie_168377.jpg\",\"contentUrl\":\"https:\\\/\\\/www.webdo.tn\\\/fr\\\/wp-content\\\/uploads\\\/2025\\\/06\\\/Webdo-Tunisie_168377.jpg\",\"width\":301,\"height\":301,\"caption\":\"Webdo\"},\"image\":{\"@id\":\"https:\\\/\\\/www.webdo.tn\\\/fr\\\/#\\\/schema\\\/logo\\\/image\\\/\"},\"sameAs\":[\"https:\\\/\\\/www.facebook.com\\\/webdotn\",\"https:\\\/\\\/x.com\\\/webdo_tn\"],\"description\":\"Webdo est un m\u00e9dia num\u00e9rique tunisien fond\u00e9 en 2010, sp\u00e9cialis\u00e9 dans l\u2019actualit\u00e9 nationale et internationale, l\u2019\u00e9conomie, la soci\u00e9t\u00e9 et les analyses politiques. Le site s\u2019adresse \u00e0 un large public francophone et couvre l\u2019information tunisienne en temps r\u00e9el.\",\"email\":\"redac@webdo.tn\",\"legalName\":\"YNJ SARL\",\"foundingDate\":\"2010-09-06\",\"numberOfEmployees\":{\"@type\":\"QuantitativeValue\",\"minValue\":\"11\",\"maxValue\":\"50\"}},{\"@type\":\"Person\",\"@id\":\"https:\\\/\\\/www.webdo.tn\\\/fr\\\/#\\\/schema\\\/person\\\/f35b42a42c5e2511bbd282959d6385cc\",\"name\":\"CL\",\"image\":{\"@type\":\"ImageObject\",\"inLanguage\":\"fr-FR\",\"@id\":\"https:\\\/\\\/secure.gravatar.com\\\/avatar\\\/1447a49909b67aa657c488aec6512e1dd6143a480c1ecfee9b5b5cd74eb3b59e?s=96&d=mm&r=g\",\"url\":\"https:\\\/\\\/secure.gravatar.com\\\/avatar\\\/1447a49909b67aa657c488aec6512e1dd6143a480c1ecfee9b5b5cd74eb3b59e?s=96&d=mm&r=g\",\"contentUrl\":\"https:\\\/\\\/secure.gravatar.com\\\/avatar\\\/1447a49909b67aa657c488aec6512e1dd6143a480c1ecfee9b5b5cd74eb3b59e?s=96&d=mm&r=g\",\"caption\":\"CL\"},\"url\":\"https:\\\/\\\/www.webdo.tn\\\/fr\\\/actualite\\\/author\\\/cl\\\/\"}]}<\/script>\n<!-- \/ Yoast SEO Premium plugin. -->","yoast_head_json":{"title":"Le Hamas affirme avoir lib\u00e9r\u00e9 deux autres otages","description":"Le mouvement islamiste palestinien a annonc\u00e9 lundi avoir lib\u00e9r\u00e9 deux femmes isra\u00e9liennes enlev\u00e9es \u00abpour des raisons humanitaires pressantes\u00bb gr\u00e2ce \u00e0 une m\u00e9diati...","canonical":"https:\/\/www.webdo.tn\/fr\/actualite\/international\/le-hamas-affirme-avoir-libere-deux-autres-otages\/209561\/","og_locale":"fr_FR","og_type":"article","og_title":"Le Hamas affirme avoir lib\u00e9r\u00e9 deux autres otages","og_description":"Le mouvement islamiste palestinien a annonc\u00e9 lundi avoir lib\u00e9r\u00e9 deux femmes isra\u00e9liennes enlev\u00e9es \u00abpour des raisons humanitaires pressantes\u00bb gr\u00e2ce \u00e0 une m\u00e9diati...","og_url":"https:\/\/www.webdo.tn\/fr\/actualite\/international\/le-hamas-affirme-avoir-libere-deux-autres-otages\/209561\/","og_site_name":"webdo","article_publisher":"https:\/\/www.facebook.com\/webdotn","article_published_time":"2023-10-23T19:58:00+00:00","article_modified_time":"2025-05-20T22:40:07+00:00","og_image":[{"width":750,"height":400,"url":"https:\/\/www.webdo.tn\/fr\/wp-content\/uploads\/2023\/10\/7c3df00725462721a1278ab91470a41f.png","type":"image\/png"}],"author":"CL","twitter_card":"summary_large_image","twitter_creator":"@webdo_tn","twitter_site":"@webdo_tn","twitter_misc":{"\u00c9crit par":"CL","Dur\u00e9e de lecture estim\u00e9e":"1 minute"},"schema":{"@context":"https:\/\/schema.org","@graph":[{"@type":"NewsArticle","@id":"https:\/\/www.webdo.tn\/fr\/actualite\/international\/le-hamas-affirme-avoir-libere-deux-autres-otages\/209561\/#article","isPartOf":{"@id":"https:\/\/www.webdo.tn\/fr\/actualite\/international\/le-hamas-affirme-avoir-libere-deux-autres-otages\/209561\/"},"author":{"name":"CL","@id":"https:\/\/www.webdo.tn\/fr\/#\/schema\/person\/f35b42a42c5e2511bbd282959d6385cc"},"headline":"Le Hamas affirme avoir lib\u00e9r\u00e9 deux autres otages","datePublished":"2023-10-23T19:58:00+00:00","dateModified":"2025-05-20T22:40:07+00:00","mainEntityOfPage":{"@id":"https:\/\/www.webdo.tn\/fr\/actualite\/international\/le-hamas-affirme-avoir-libere-deux-autres-otages\/209561\/"},"wordCount":190,"commentCount":0,"publisher":{"@id":"https:\/\/www.webdo.tn\/fr\/#organization"},"image":{"@id":"https:\/\/www.webdo.tn\/fr\/actualite\/international\/le-hamas-affirme-avoir-libere-deux-autres-otages\/209561\/#primaryimage"},"thumbnailUrl":"https:\/\/www.webdo.tn\/fr\/wp-content\/uploads\/2023\/10\/7c3df00725462721a1278ab91470a41f.png","keywords":["hamas","otages"],"articleSection":["International"],"inLanguage":"fr-FR"},{"@type":"WebPage","@id":"https:\/\/www.webdo.tn\/fr\/actualite\/international\/le-hamas-affirme-avoir-libere-deux-autres-otages\/209561\/","url":"https:\/\/www.webdo.tn\/fr\/actualite\/international\/le-hamas-affirme-avoir-libere-deux-autres-otages\/209561\/","name":"Le Hamas affirme avoir lib\u00e9r\u00e9 deux autres otages","isPartOf":{"@id":"https:\/\/www.webdo.tn\/fr\/#website"},"primaryImageOfPage":{"@id":"https:\/\/www.webdo.tn\/fr\/actualite\/international\/le-hamas-affirme-avoir-libere-deux-autres-otages\/209561\/#primaryimage"},"image":{"@id":"https:\/\/www.webdo.tn\/fr\/actualite\/international\/le-hamas-affirme-avoir-libere-deux-autres-otages\/209561\/#primaryimage"},"thumbnailUrl":"https:\/\/www.webdo.tn\/fr\/wp-content\/uploads\/2023\/10\/7c3df00725462721a1278ab91470a41f.png","datePublished":"2023-10-23T19:58:00+00:00","dateModified":"2025-05-20T22:40:07+00:00","description":"Le mouvement islamiste palestinien a annonc\u00e9 lundi avoir lib\u00e9r\u00e9 deux femmes isra\u00e9liennes enlev\u00e9es \u00abpour des raisons humanitaires pressantes\u00bb gr\u00e2ce \u00e0 une m\u00e9diati...","breadcrumb":{"@id":"https:\/\/www.webdo.tn\/fr\/actualite\/international\/le-hamas-affirme-avoir-libere-deux-autres-otages\/209561\/#breadcrumb"},"inLanguage":"fr-FR","potentialAction":[{"@type":"ReadAction","target":["https:\/\/www.webdo.tn\/fr\/actualite\/international\/le-hamas-affirme-avoir-libere-deux-autres-otages\/209561\/"]}]},{"@type":"ImageObject","inLanguage":"fr-FR","@id":"https:\/\/www.webdo.tn\/fr\/actualite\/international\/le-hamas-affirme-avoir-libere-deux-autres-otages\/209561\/#primaryimage","url":"https:\/\/www.webdo.tn\/fr\/wp-content\/uploads\/2023\/10\/7c3df00725462721a1278ab91470a41f.png","contentUrl":"https:\/\/www.webdo.tn\/fr\/wp-content\/uploads\/2023\/10\/7c3df00725462721a1278ab91470a41f.png","width":750,"height":400,"caption":"Le Hamas affirme avoir lib\u00e9r\u00e9 deux autres otages"},{"@type":"BreadcrumbList","@id":"https:\/\/www.webdo.tn\/fr\/actualite\/international\/le-hamas-affirme-avoir-libere-deux-autres-otages\/209561\/#breadcrumb","itemListElement":[{"@type":"ListItem","position":1,"name":"Accueil","item":"https:\/\/www.webdo.tn\/fr\/"},{"@type":"ListItem","position":2,"name":"Le Hamas affirme avoir lib\u00e9r\u00e9 deux autres otages"}]},{"@type":"WebSite","@id":"https:\/\/www.webdo.tn\/fr\/#website","url":"https:\/\/www.webdo.tn\/fr\/","name":"webdo","description":"Tunisie - News en Tunisie et \u00e0 l&#039;international sur Webdo.tn","publisher":{"@id":"https:\/\/www.webdo.tn\/fr\/#organization"},"potentialAction":[{"@type":"SearchAction","target":{"@type":"EntryPoint","urlTemplate":"https:\/\/www.webdo.tn\/fr\/?s={search_term_string}"},"query-input":{"@type":"PropertyValueSpecification","valueRequired":true,"valueName":"search_term_string"}}],"inLanguage":"fr-FR"},{"@type":"Organization","@id":"https:\/\/www.webdo.tn\/fr\/#organization","name":"Webdo","alternateName":"Webdo.tn","url":"https:\/\/www.webdo.tn\/fr\/","logo":{"@type":"ImageObject","inLanguage":"fr-FR","@id":"https:\/\/www.webdo.tn\/fr\/#\/schema\/logo\/image\/","url":"https:\/\/www.webdo.tn\/fr\/wp-content\/uploads\/2025\/06\/Webdo-Tunisie_168377.jpg","contentUrl":"https:\/\/www.webdo.tn\/fr\/wp-content\/uploads\/2025\/06\/Webdo-Tunisie_168377.jpg","width":301,"height":301,"caption":"Webdo"},"image":{"@id":"https:\/\/www.webdo.tn\/fr\/#\/schema\/logo\/image\/"},"sameAs":["https:\/\/www.facebook.com\/webdotn","https:\/\/x.com\/webdo_tn"],"description":"Webdo est un m\u00e9dia num\u00e9rique tunisien fond\u00e9 en 2010, sp\u00e9cialis\u00e9 dans l\u2019actualit\u00e9 nationale et internationale, l\u2019\u00e9conomie, la soci\u00e9t\u00e9 et les analyses politiques. Le site s\u2019adresse \u00e0 un large public francophone et couvre l\u2019information tunisienne en temps r\u00e9el.","email":"redac@webdo.tn","legalName":"YNJ SARL","foundingDate":"2010-09-06","numberOfEmployees":{"@type":"QuantitativeValue","minValue":"11","maxValue":"50"}},{"@type":"Person","@id":"https:\/\/www.webdo.tn\/fr\/#\/schema\/person\/f35b42a42c5e2511bbd282959d6385cc","name":"CL","image":{"@type":"ImageObject","inLanguage":"fr-FR","@id":"https:\/\/secure.gravatar.com\/avatar\/1447a49909b67aa657c488aec6512e1dd6143a480c1ecfee9b5b5cd74eb3b59e?s=96&d=mm&r=g","url":"https:\/\/secure.gravatar.com\/avatar\/1447a49909b67aa657c488aec6512e1dd6143a480c1ecfee9b5b5cd74eb3b59e?s=96&d=mm&r=g","contentUrl":"https:\/\/secure.gravatar.com\/avatar\/1447a49909b67aa657c488aec6512e1dd6143a480c1ecfee9b5b5cd74eb3b59e?s=96&d=mm&r=g","caption":"CL"},"url":"https:\/\/www.webdo.tn\/fr\/actualite\/author\/cl\/"}]}},"_links":{"self":[{"href":"https:\/\/www.webdo.tn\/fr\/wp-json\/wp\/v2\/posts\/209561","targetHints":{"allow":["GET"]}}],"collection":[{"href":"https:\/\/www.webdo.tn\/fr\/wp-json\/wp\/v2\/posts"}],"about":[{"href":"https:\/\/www.webdo.tn\/fr\/wp-json\/wp\/v2\/types\/post"}],"author":[{"embeddable":true,"href":"https:\/\/www.webdo.tn\/fr\/wp-json\/wp\/v2\/users\/3175"}],"replies":[{"embeddable":true,"href":"https:\/\/www.webdo.tn\/fr\/wp-json\/wp\/v2\/comments?post=209561"}],"version-history":[{"count":0,"href":"https:\/\/www.webdo.tn\/fr\/wp-json\/wp\/v2\/posts\/209561\/revisions"}],"wp:featuredmedia":[{"embeddable":true,"href":"https:\/\/www.webdo.tn\/fr\/wp-json\/wp\/v2\/media\/248991"}],"wp:attachment":[{"href":"https:\/\/www.webdo.tn\/fr\/wp-json\/wp\/v2\/media?parent=209561"}],"wp:term":[{"taxonomy":"category","embeddable":true,"href":"https:\/\/www.webdo.tn\/fr\/wp-json\/wp\/v2\/categories?post=209561"},{"taxonomy":"post_tag","embeddable":true,"href":"https:\/\/www.webdo.tn\/fr\/wp-json\/wp\/v2\/tags?post=209561"}],"curies":[{"name":"wp","href":"https:\/\/api.w.org\/{rel}","templated":true}]}}