{"id":209543,"date":"2023-10-23T09:32:00","date_gmt":"2023-10-23T09:32:00","guid":{"rendered":"https:\/\/www.webdo.tn\/fr\/blog\/le-sommet-pour-la-paix-un-dialogue-de-sourds-entre-arabes-et-occidentaux\/209543\/"},"modified":"2025-05-20T22:10:24","modified_gmt":"2025-05-20T22:10:24","slug":"le-sommet-pour-la-paix-un-dialogue-de-sourds-entre-arabes-et-occidentaux","status":"publish","type":"post","link":"https:\/\/www.webdo.tn\/fr\/actualite\/international\/le-sommet-pour-la-paix-un-dialogue-de-sourds-entre-arabes-et-occidentaux\/209543\/","title":{"rendered":"Le sommet pour la paix, un \u00ab\u00a0dialogue de sourds\u00a0\u00bb entre Arabes et Occidentaux"},"content":{"rendered":"<p>Le sommet pour la paix organis\u00e9, samedi en Egypte pour appeler \u00e0 un cessez-le-feu dans la guerre \u00e0 Gaza n\u2019a rien donn\u00e9 !<\/p>\n<p>\t\t\t\t\t\t\t\t\tL\u2019Egypte esp\u00e9rait, \u00e0 travers le sommet pour la paix qu\u2019elle organisait, samedi 21 octobre, au Caire, forger un \u00ab\u00a0consensus international\u00a0\u00bb pour appeler \u00e0 un cessez-le-feu dans la guerre \u00e0 Gaza et au respect du droit international.<\/p>\n<p>Mais ce sommet, auquel ont pris part chefs d\u2019Etat, ministres et diplomates, principalement europ\u00e9ens et arabes, s\u2019est clos sans communiqu\u00e9 final conjoint. La r\u00e9union a soulign\u00e9 les divergences entre pays arabes et europ\u00e9ens sur le conflit entre Isra\u00ebl et le Hamas.<\/p>\n<p>La conf\u00e9rence s\u2019est ainsi sold\u00e9e par un \u00e9chec en raison de l\u2019absence notable de plusieurs repr\u00e9sentants de premi\u00e8re importance, ainsi que des divergences de vue tr\u00e8s tranch\u00e9es entre les participants sur la l\u00e9gitimit\u00e9 des adversaires \u00e0 se d\u00e9fendre.<\/p>\n<p>Parmi les pr\u00e9sences notables, l\u2019\u00e9mir du Qatar Tamim ben Hamad al-Thani, le pr\u00e9sident des \u00c9mirats arabes unis Mohammad ben Zayed, le roi de Jordanie Abdallah II, l\u2019\u00e9mir de Bahre\u00efn Hamad ben Issa al-Khalifa, le secr\u00e9taire g\u00e9n\u00e9ral des Nations unies Antonio Guterres, le chef de la diplomatie europ\u00e9enne Josep Borrell ou encore la Premi\u00e8re ministre italienne Giorgia Meloni.<\/p>\n<p>Hormis le pr\u00e9sident de l\u2019Autorit\u00e9 palestinienne Mahmoud Abbas, aucune des deux parties impliqu\u00e9es directement dans la guerre opposant le Hamas \u00e0 Isra\u00ebl ne s\u2019est pr\u00e9sent\u00e9e \u00e0 la conf\u00e9rence, sapant ainsi les espoirs des participants de trouver un accord. L\u2019absence totale de repr\u00e9sentation des \u00c9tats-Unis ou de l\u2019Iran au sommet s\u2019est \u00e9galement fait remarquer.<\/p>\n<p>Le pr\u00e9sident \u00e9gyptien a propos\u00e9 une feuille de route consistant \u00e0 assurer une aide humanitaire de mani\u00e8re durable \u00e0 la bande de Gaza, et porter la n\u00e9cessit\u00e9 d\u2019un cessez-le-feu entre les deux camps et d\u2019une lev\u00e9e du blocus impos\u00e9 \u00e0 l\u2019enclave palestinienne.<\/p>\n<p>Il a \u00e9galement \u00e9voqu\u00e9 la reprise des discussions politiques pour conduire \u00e0 une solution \u00e0 deux \u00c9tats dans les fronti\u00e8res de 1967 avec Al-Qods-Est comme capitale de la Palestine tout en r\u00e9affirmant le refus de l\u2019Egypte de transf\u00e9rer les Palestiniens r\u00e9fugi\u00e9s dans le sud de la bande de Gaza vers la p\u00e9ninsule du Sina\u00ef.<\/p>\n<p>Mais la majorit\u00e9 des repr\u00e9sentants europ\u00e9ens ont insist\u00e9 sur le droit d\u2019Isra\u00ebl \u00e0 se prot\u00e9ger apr\u00e8s l\u2019offensive du Hamas du 7 octobre et appel\u00e9 \u00e0 une qualification unanime du groupe islamiste en tant qu\u2019organisation terroriste.<\/p>\n<p>Rappelons que la Tunisie a fait le choix de ne pas participer \u00e0 ce sommet.<\/p>\n","protected":false},"excerpt":{"rendered":"<p>Le sommet pour la paix organis\u00e9, samedi en Egypte pour appeler \u00e0 un cessez-le-feu dans la guerre \u00e0 Gaza a accouch\u00e9 d&rsquo;une souris !<\/p>\n","protected":false},"author":3162,"featured_media":278865,"comment_status":"open","ping_status":"closed","sticky":false,"template":"","format":"standard","meta":{"footnotes":""},"categories":[2598],"tags":[2689,2600,3349,2636,7792,2688,4539],"class_list":["post-209543","post","type-post","status-publish","format-standard","has-post-thumbnail","hentry","category-international","tag-gaza","tag-guerre","tag-hamas","tag-israel","tag-paix","tag-palestine","tag-sommet"],"yoast_head":"<!-- This site is optimized with the Yoast SEO Premium plugin v27.5 (Yoast SEO v27.5) - https:\/\/yoast.com\/product\/yoast-seo-premium-wordpress\/ -->\n<title>Le sommet pour la paix, un dialogue de sourds entre Arabes et Occidentaux<\/title>\n<meta name=\"description\" content=\"Le sommet pour la paix organis\u00e9, samedi en Egypte pour appeler \u00e0 un cessez-le-feu dans la guerre \u00e0 Gaza a accouch\u00e9 d&#039;une souris !\" \/>\n<link rel=\"canonical\" href=\"https:\/\/www.webdo.tn\/fr\/actualite\/international\/le-sommet-pour-la-paix-un-dialogue-de-sourds-entre-arabes-et-occidentaux\/209543\/\" \/>\n<meta property=\"og:locale\" content=\"fr_FR\" \/>\n<meta property=\"og:type\" content=\"article\" \/>\n<meta property=\"og:title\" content=\"Le sommet pour la paix, un &quot;dialogue de sourds&quot; entre Arabes et Occidentaux\" \/>\n<meta property=\"og:description\" content=\"Le sommet pour la paix organis\u00e9, samedi en Egypte pour appeler \u00e0 un cessez-le-feu dans la guerre \u00e0 Gaza a accouch\u00e9 d&#039;une souris !\" \/>\n<meta property=\"og:url\" content=\"https:\/\/www.webdo.tn\/fr\/actualite\/international\/le-sommet-pour-la-paix-un-dialogue-de-sourds-entre-arabes-et-occidentaux\/209543\/\" \/>\n<meta property=\"og:site_name\" content=\"webdo\" \/>\n<meta property=\"article:publisher\" content=\"https:\/\/www.facebook.com\/webdotn\" \/>\n<meta property=\"article:published_time\" content=\"2023-10-23T09:32:00+00:00\" \/>\n<meta property=\"article:modified_time\" content=\"2025-05-20T22:10:24+00:00\" \/>\n<meta property=\"og:image\" content=\"https:\/\/www.webdo.tn\/fr\/wp-content\/uploads\/2023\/10\/7aae51b23b1b34977baef35819c56255.jpg\" \/>\n\t<meta property=\"og:image:width\" content=\"750\" \/>\n\t<meta property=\"og:image:height\" content=\"400\" \/>\n\t<meta property=\"og:image:type\" content=\"image\/jpeg\" \/>\n<meta name=\"author\" content=\"MC\" \/>\n<meta name=\"twitter:card\" content=\"summary_large_image\" \/>\n<meta name=\"twitter:creator\" content=\"@webdo_tn\" \/>\n<meta name=\"twitter:site\" content=\"@webdo_tn\" \/>\n<meta name=\"twitter:label1\" content=\"\u00c9crit par\" \/>\n\t<meta name=\"twitter:data1\" content=\"MC\" \/>\n\t<meta name=\"twitter:label2\" content=\"Dur\u00e9e de lecture estim\u00e9e\" \/>\n\t<meta name=\"twitter:data2\" content=\"2 minutes\" \/>\n<script type=\"application\/ld+json\" class=\"yoast-schema-graph\">{\"@context\":\"https:\\\/\\\/schema.org\",\"@graph\":[{\"@type\":\"NewsArticle\",\"@id\":\"https:\\\/\\\/www.webdo.tn\\\/fr\\\/actualite\\\/international\\\/le-sommet-pour-la-paix-un-dialogue-de-sourds-entre-arabes-et-occidentaux\\\/209543\\\/#article\",\"isPartOf\":{\"@id\":\"https:\\\/\\\/www.webdo.tn\\\/fr\\\/actualite\\\/international\\\/le-sommet-pour-la-paix-un-dialogue-de-sourds-entre-arabes-et-occidentaux\\\/209543\\\/\"},\"author\":{\"name\":\"MC\",\"@id\":\"https:\\\/\\\/www.webdo.tn\\\/fr\\\/#\\\/schema\\\/person\\\/2c4929cbf5a809e3bd38617c6ce150f6\"},\"headline\":\"Le sommet pour la paix, un \u00ab\u00a0dialogue de sourds\u00a0\u00bb entre Arabes et Occidentaux\",\"datePublished\":\"2023-10-23T09:32:00+00:00\",\"dateModified\":\"2025-05-20T22:10:24+00:00\",\"mainEntityOfPage\":{\"@id\":\"https:\\\/\\\/www.webdo.tn\\\/fr\\\/actualite\\\/international\\\/le-sommet-pour-la-paix-un-dialogue-de-sourds-entre-arabes-et-occidentaux\\\/209543\\\/\"},\"wordCount\":451,\"commentCount\":0,\"publisher\":{\"@id\":\"https:\\\/\\\/www.webdo.tn\\\/fr\\\/#organization\"},\"image\":{\"@id\":\"https:\\\/\\\/www.webdo.tn\\\/fr\\\/actualite\\\/international\\\/le-sommet-pour-la-paix-un-dialogue-de-sourds-entre-arabes-et-occidentaux\\\/209543\\\/#primaryimage\"},\"thumbnailUrl\":\"https:\\\/\\\/www.webdo.tn\\\/fr\\\/wp-content\\\/uploads\\\/2023\\\/10\\\/7aae51b23b1b34977baef35819c56255.jpg\",\"keywords\":[\"Gaza\",\"guerre\",\"hamas\",\"isra\u00ebl\",\"paix\",\"Palestine\",\"sommet\"],\"articleSection\":[\"International\"],\"inLanguage\":\"fr-FR\"},{\"@type\":\"WebPage\",\"@id\":\"https:\\\/\\\/www.webdo.tn\\\/fr\\\/actualite\\\/international\\\/le-sommet-pour-la-paix-un-dialogue-de-sourds-entre-arabes-et-occidentaux\\\/209543\\\/\",\"url\":\"https:\\\/\\\/www.webdo.tn\\\/fr\\\/actualite\\\/international\\\/le-sommet-pour-la-paix-un-dialogue-de-sourds-entre-arabes-et-occidentaux\\\/209543\\\/\",\"name\":\"Le sommet pour la paix, un dialogue de sourds entre Arabes et Occidentaux\",\"isPartOf\":{\"@id\":\"https:\\\/\\\/www.webdo.tn\\\/fr\\\/#website\"},\"primaryImageOfPage\":{\"@id\":\"https:\\\/\\\/www.webdo.tn\\\/fr\\\/actualite\\\/international\\\/le-sommet-pour-la-paix-un-dialogue-de-sourds-entre-arabes-et-occidentaux\\\/209543\\\/#primaryimage\"},\"image\":{\"@id\":\"https:\\\/\\\/www.webdo.tn\\\/fr\\\/actualite\\\/international\\\/le-sommet-pour-la-paix-un-dialogue-de-sourds-entre-arabes-et-occidentaux\\\/209543\\\/#primaryimage\"},\"thumbnailUrl\":\"https:\\\/\\\/www.webdo.tn\\\/fr\\\/wp-content\\\/uploads\\\/2023\\\/10\\\/7aae51b23b1b34977baef35819c56255.jpg\",\"datePublished\":\"2023-10-23T09:32:00+00:00\",\"dateModified\":\"2025-05-20T22:10:24+00:00\",\"description\":\"Le sommet pour la paix organis\u00e9, samedi en Egypte pour appeler \u00e0 un cessez-le-feu dans la guerre \u00e0 Gaza a accouch\u00e9 d'une souris !\",\"breadcrumb\":{\"@id\":\"https:\\\/\\\/www.webdo.tn\\\/fr\\\/actualite\\\/international\\\/le-sommet-pour-la-paix-un-dialogue-de-sourds-entre-arabes-et-occidentaux\\\/209543\\\/#breadcrumb\"},\"inLanguage\":\"fr-FR\",\"potentialAction\":[{\"@type\":\"ReadAction\",\"target\":[\"https:\\\/\\\/www.webdo.tn\\\/fr\\\/actualite\\\/international\\\/le-sommet-pour-la-paix-un-dialogue-de-sourds-entre-arabes-et-occidentaux\\\/209543\\\/\"]}]},{\"@type\":\"ImageObject\",\"inLanguage\":\"fr-FR\",\"@id\":\"https:\\\/\\\/www.webdo.tn\\\/fr\\\/actualite\\\/international\\\/le-sommet-pour-la-paix-un-dialogue-de-sourds-entre-arabes-et-occidentaux\\\/209543\\\/#primaryimage\",\"url\":\"https:\\\/\\\/www.webdo.tn\\\/fr\\\/wp-content\\\/uploads\\\/2023\\\/10\\\/7aae51b23b1b34977baef35819c56255.jpg\",\"contentUrl\":\"https:\\\/\\\/www.webdo.tn\\\/fr\\\/wp-content\\\/uploads\\\/2023\\\/10\\\/7aae51b23b1b34977baef35819c56255.jpg\",\"width\":750,\"height\":400,\"caption\":\"Le sommet pour la paix, un \\\"dialogue de sourds\\\" entre Arabes et Occidentaux\"},{\"@type\":\"BreadcrumbList\",\"@id\":\"https:\\\/\\\/www.webdo.tn\\\/fr\\\/actualite\\\/international\\\/le-sommet-pour-la-paix-un-dialogue-de-sourds-entre-arabes-et-occidentaux\\\/209543\\\/#breadcrumb\",\"itemListElement\":[{\"@type\":\"ListItem\",\"position\":1,\"name\":\"Accueil\",\"item\":\"https:\\\/\\\/www.webdo.tn\\\/fr\\\/\"},{\"@type\":\"ListItem\",\"position\":2,\"name\":\"Le sommet pour la paix, un \u00ab\u00a0dialogue de sourds\u00a0\u00bb entre Arabes et Occidentaux\"}]},{\"@type\":\"WebSite\",\"@id\":\"https:\\\/\\\/www.webdo.tn\\\/fr\\\/#website\",\"url\":\"https:\\\/\\\/www.webdo.tn\\\/fr\\\/\",\"name\":\"webdo\",\"description\":\"Tunisie - News en Tunisie et \u00e0 l&#039;international sur Webdo.tn\",\"publisher\":{\"@id\":\"https:\\\/\\\/www.webdo.tn\\\/fr\\\/#organization\"},\"potentialAction\":[{\"@type\":\"SearchAction\",\"target\":{\"@type\":\"EntryPoint\",\"urlTemplate\":\"https:\\\/\\\/www.webdo.tn\\\/fr\\\/?s={search_term_string}\"},\"query-input\":{\"@type\":\"PropertyValueSpecification\",\"valueRequired\":true,\"valueName\":\"search_term_string\"}}],\"inLanguage\":\"fr-FR\"},{\"@type\":\"Organization\",\"@id\":\"https:\\\/\\\/www.webdo.tn\\\/fr\\\/#organization\",\"name\":\"Webdo\",\"alternateName\":\"Webdo.tn\",\"url\":\"https:\\\/\\\/www.webdo.tn\\\/fr\\\/\",\"logo\":{\"@type\":\"ImageObject\",\"inLanguage\":\"fr-FR\",\"@id\":\"https:\\\/\\\/www.webdo.tn\\\/fr\\\/#\\\/schema\\\/logo\\\/image\\\/\",\"url\":\"https:\\\/\\\/www.webdo.tn\\\/fr\\\/wp-content\\\/uploads\\\/2025\\\/06\\\/Webdo-Tunisie_168377.jpg\",\"contentUrl\":\"https:\\\/\\\/www.webdo.tn\\\/fr\\\/wp-content\\\/uploads\\\/2025\\\/06\\\/Webdo-Tunisie_168377.jpg\",\"width\":301,\"height\":301,\"caption\":\"Webdo\"},\"image\":{\"@id\":\"https:\\\/\\\/www.webdo.tn\\\/fr\\\/#\\\/schema\\\/logo\\\/image\\\/\"},\"sameAs\":[\"https:\\\/\\\/www.facebook.com\\\/webdotn\",\"https:\\\/\\\/x.com\\\/webdo_tn\"],\"description\":\"Webdo est un m\u00e9dia num\u00e9rique tunisien fond\u00e9 en 2010, sp\u00e9cialis\u00e9 dans l\u2019actualit\u00e9 nationale et internationale, l\u2019\u00e9conomie, la soci\u00e9t\u00e9 et les analyses politiques. Le site s\u2019adresse \u00e0 un large public francophone et couvre l\u2019information tunisienne en temps r\u00e9el.\",\"email\":\"redac@webdo.tn\",\"legalName\":\"YNJ SARL\",\"foundingDate\":\"2010-09-06\",\"numberOfEmployees\":{\"@type\":\"QuantitativeValue\",\"minValue\":\"11\",\"maxValue\":\"50\"}},{\"@type\":\"Person\",\"@id\":\"https:\\\/\\\/www.webdo.tn\\\/fr\\\/#\\\/schema\\\/person\\\/2c4929cbf5a809e3bd38617c6ce150f6\",\"name\":\"MC\",\"image\":{\"@type\":\"ImageObject\",\"inLanguage\":\"fr-FR\",\"@id\":\"https:\\\/\\\/secure.gravatar.com\\\/avatar\\\/a545bbb6f84efdd5553dbbc2895e3ca8f1d12c5215e00a041c9670b54aa9b18a?s=96&d=mm&r=g\",\"url\":\"https:\\\/\\\/secure.gravatar.com\\\/avatar\\\/a545bbb6f84efdd5553dbbc2895e3ca8f1d12c5215e00a041c9670b54aa9b18a?s=96&d=mm&r=g\",\"contentUrl\":\"https:\\\/\\\/secure.gravatar.com\\\/avatar\\\/a545bbb6f84efdd5553dbbc2895e3ca8f1d12c5215e00a041c9670b54aa9b18a?s=96&d=mm&r=g\",\"caption\":\"MC\"},\"url\":\"https:\\\/\\\/www.webdo.tn\\\/fr\\\/actualite\\\/author\\\/mc\\\/\"}]}<\/script>\n<!-- \/ Yoast SEO Premium plugin. -->","yoast_head_json":{"title":"Le sommet pour la paix, un dialogue de sourds entre Arabes et Occidentaux","description":"Le sommet pour la paix organis\u00e9, samedi en Egypte pour appeler \u00e0 un cessez-le-feu dans la guerre \u00e0 Gaza a accouch\u00e9 d'une souris !","canonical":"https:\/\/www.webdo.tn\/fr\/actualite\/international\/le-sommet-pour-la-paix-un-dialogue-de-sourds-entre-arabes-et-occidentaux\/209543\/","og_locale":"fr_FR","og_type":"article","og_title":"Le sommet pour la paix, un \"dialogue de sourds\" entre Arabes et Occidentaux","og_description":"Le sommet pour la paix organis\u00e9, samedi en Egypte pour appeler \u00e0 un cessez-le-feu dans la guerre \u00e0 Gaza a accouch\u00e9 d'une souris !","og_url":"https:\/\/www.webdo.tn\/fr\/actualite\/international\/le-sommet-pour-la-paix-un-dialogue-de-sourds-entre-arabes-et-occidentaux\/209543\/","og_site_name":"webdo","article_publisher":"https:\/\/www.facebook.com\/webdotn","article_published_time":"2023-10-23T09:32:00+00:00","article_modified_time":"2025-05-20T22:10:24+00:00","og_image":[{"width":750,"height":400,"url":"https:\/\/www.webdo.tn\/fr\/wp-content\/uploads\/2023\/10\/7aae51b23b1b34977baef35819c56255.jpg","type":"image\/jpeg"}],"author":"MC","twitter_card":"summary_large_image","twitter_creator":"@webdo_tn","twitter_site":"@webdo_tn","twitter_misc":{"\u00c9crit par":"MC","Dur\u00e9e de lecture estim\u00e9e":"2 minutes"},"schema":{"@context":"https:\/\/schema.org","@graph":[{"@type":"NewsArticle","@id":"https:\/\/www.webdo.tn\/fr\/actualite\/international\/le-sommet-pour-la-paix-un-dialogue-de-sourds-entre-arabes-et-occidentaux\/209543\/#article","isPartOf":{"@id":"https:\/\/www.webdo.tn\/fr\/actualite\/international\/le-sommet-pour-la-paix-un-dialogue-de-sourds-entre-arabes-et-occidentaux\/209543\/"},"author":{"name":"MC","@id":"https:\/\/www.webdo.tn\/fr\/#\/schema\/person\/2c4929cbf5a809e3bd38617c6ce150f6"},"headline":"Le sommet pour la paix, un \u00ab\u00a0dialogue de sourds\u00a0\u00bb entre Arabes et Occidentaux","datePublished":"2023-10-23T09:32:00+00:00","dateModified":"2025-05-20T22:10:24+00:00","mainEntityOfPage":{"@id":"https:\/\/www.webdo.tn\/fr\/actualite\/international\/le-sommet-pour-la-paix-un-dialogue-de-sourds-entre-arabes-et-occidentaux\/209543\/"},"wordCount":451,"commentCount":0,"publisher":{"@id":"https:\/\/www.webdo.tn\/fr\/#organization"},"image":{"@id":"https:\/\/www.webdo.tn\/fr\/actualite\/international\/le-sommet-pour-la-paix-un-dialogue-de-sourds-entre-arabes-et-occidentaux\/209543\/#primaryimage"},"thumbnailUrl":"https:\/\/www.webdo.tn\/fr\/wp-content\/uploads\/2023\/10\/7aae51b23b1b34977baef35819c56255.jpg","keywords":["Gaza","guerre","hamas","isra\u00ebl","paix","Palestine","sommet"],"articleSection":["International"],"inLanguage":"fr-FR"},{"@type":"WebPage","@id":"https:\/\/www.webdo.tn\/fr\/actualite\/international\/le-sommet-pour-la-paix-un-dialogue-de-sourds-entre-arabes-et-occidentaux\/209543\/","url":"https:\/\/www.webdo.tn\/fr\/actualite\/international\/le-sommet-pour-la-paix-un-dialogue-de-sourds-entre-arabes-et-occidentaux\/209543\/","name":"Le sommet pour la paix, un dialogue de sourds entre Arabes et Occidentaux","isPartOf":{"@id":"https:\/\/www.webdo.tn\/fr\/#website"},"primaryImageOfPage":{"@id":"https:\/\/www.webdo.tn\/fr\/actualite\/international\/le-sommet-pour-la-paix-un-dialogue-de-sourds-entre-arabes-et-occidentaux\/209543\/#primaryimage"},"image":{"@id":"https:\/\/www.webdo.tn\/fr\/actualite\/international\/le-sommet-pour-la-paix-un-dialogue-de-sourds-entre-arabes-et-occidentaux\/209543\/#primaryimage"},"thumbnailUrl":"https:\/\/www.webdo.tn\/fr\/wp-content\/uploads\/2023\/10\/7aae51b23b1b34977baef35819c56255.jpg","datePublished":"2023-10-23T09:32:00+00:00","dateModified":"2025-05-20T22:10:24+00:00","description":"Le sommet pour la paix organis\u00e9, samedi en Egypte pour appeler \u00e0 un cessez-le-feu dans la guerre \u00e0 Gaza a accouch\u00e9 d'une souris !","breadcrumb":{"@id":"https:\/\/www.webdo.tn\/fr\/actualite\/international\/le-sommet-pour-la-paix-un-dialogue-de-sourds-entre-arabes-et-occidentaux\/209543\/#breadcrumb"},"inLanguage":"fr-FR","potentialAction":[{"@type":"ReadAction","target":["https:\/\/www.webdo.tn\/fr\/actualite\/international\/le-sommet-pour-la-paix-un-dialogue-de-sourds-entre-arabes-et-occidentaux\/209543\/"]}]},{"@type":"ImageObject","inLanguage":"fr-FR","@id":"https:\/\/www.webdo.tn\/fr\/actualite\/international\/le-sommet-pour-la-paix-un-dialogue-de-sourds-entre-arabes-et-occidentaux\/209543\/#primaryimage","url":"https:\/\/www.webdo.tn\/fr\/wp-content\/uploads\/2023\/10\/7aae51b23b1b34977baef35819c56255.jpg","contentUrl":"https:\/\/www.webdo.tn\/fr\/wp-content\/uploads\/2023\/10\/7aae51b23b1b34977baef35819c56255.jpg","width":750,"height":400,"caption":"Le sommet pour la paix, un \"dialogue de sourds\" entre Arabes et Occidentaux"},{"@type":"BreadcrumbList","@id":"https:\/\/www.webdo.tn\/fr\/actualite\/international\/le-sommet-pour-la-paix-un-dialogue-de-sourds-entre-arabes-et-occidentaux\/209543\/#breadcrumb","itemListElement":[{"@type":"ListItem","position":1,"name":"Accueil","item":"https:\/\/www.webdo.tn\/fr\/"},{"@type":"ListItem","position":2,"name":"Le sommet pour la paix, un \u00ab\u00a0dialogue de sourds\u00a0\u00bb entre Arabes et Occidentaux"}]},{"@type":"WebSite","@id":"https:\/\/www.webdo.tn\/fr\/#website","url":"https:\/\/www.webdo.tn\/fr\/","name":"webdo","description":"Tunisie - News en Tunisie et \u00e0 l&#039;international sur Webdo.tn","publisher":{"@id":"https:\/\/www.webdo.tn\/fr\/#organization"},"potentialAction":[{"@type":"SearchAction","target":{"@type":"EntryPoint","urlTemplate":"https:\/\/www.webdo.tn\/fr\/?s={search_term_string}"},"query-input":{"@type":"PropertyValueSpecification","valueRequired":true,"valueName":"search_term_string"}}],"inLanguage":"fr-FR"},{"@type":"Organization","@id":"https:\/\/www.webdo.tn\/fr\/#organization","name":"Webdo","alternateName":"Webdo.tn","url":"https:\/\/www.webdo.tn\/fr\/","logo":{"@type":"ImageObject","inLanguage":"fr-FR","@id":"https:\/\/www.webdo.tn\/fr\/#\/schema\/logo\/image\/","url":"https:\/\/www.webdo.tn\/fr\/wp-content\/uploads\/2025\/06\/Webdo-Tunisie_168377.jpg","contentUrl":"https:\/\/www.webdo.tn\/fr\/wp-content\/uploads\/2025\/06\/Webdo-Tunisie_168377.jpg","width":301,"height":301,"caption":"Webdo"},"image":{"@id":"https:\/\/www.webdo.tn\/fr\/#\/schema\/logo\/image\/"},"sameAs":["https:\/\/www.facebook.com\/webdotn","https:\/\/x.com\/webdo_tn"],"description":"Webdo est un m\u00e9dia num\u00e9rique tunisien fond\u00e9 en 2010, sp\u00e9cialis\u00e9 dans l\u2019actualit\u00e9 nationale et internationale, l\u2019\u00e9conomie, la soci\u00e9t\u00e9 et les analyses politiques. Le site s\u2019adresse \u00e0 un large public francophone et couvre l\u2019information tunisienne en temps r\u00e9el.","email":"redac@webdo.tn","legalName":"YNJ SARL","foundingDate":"2010-09-06","numberOfEmployees":{"@type":"QuantitativeValue","minValue":"11","maxValue":"50"}},{"@type":"Person","@id":"https:\/\/www.webdo.tn\/fr\/#\/schema\/person\/2c4929cbf5a809e3bd38617c6ce150f6","name":"MC","image":{"@type":"ImageObject","inLanguage":"fr-FR","@id":"https:\/\/secure.gravatar.com\/avatar\/a545bbb6f84efdd5553dbbc2895e3ca8f1d12c5215e00a041c9670b54aa9b18a?s=96&d=mm&r=g","url":"https:\/\/secure.gravatar.com\/avatar\/a545bbb6f84efdd5553dbbc2895e3ca8f1d12c5215e00a041c9670b54aa9b18a?s=96&d=mm&r=g","contentUrl":"https:\/\/secure.gravatar.com\/avatar\/a545bbb6f84efdd5553dbbc2895e3ca8f1d12c5215e00a041c9670b54aa9b18a?s=96&d=mm&r=g","caption":"MC"},"url":"https:\/\/www.webdo.tn\/fr\/actualite\/author\/mc\/"}]}},"_links":{"self":[{"href":"https:\/\/www.webdo.tn\/fr\/wp-json\/wp\/v2\/posts\/209543","targetHints":{"allow":["GET"]}}],"collection":[{"href":"https:\/\/www.webdo.tn\/fr\/wp-json\/wp\/v2\/posts"}],"about":[{"href":"https:\/\/www.webdo.tn\/fr\/wp-json\/wp\/v2\/types\/post"}],"author":[{"embeddable":true,"href":"https:\/\/www.webdo.tn\/fr\/wp-json\/wp\/v2\/users\/3162"}],"replies":[{"embeddable":true,"href":"https:\/\/www.webdo.tn\/fr\/wp-json\/wp\/v2\/comments?post=209543"}],"version-history":[{"count":0,"href":"https:\/\/www.webdo.tn\/fr\/wp-json\/wp\/v2\/posts\/209543\/revisions"}],"wp:featuredmedia":[{"embeddable":true,"href":"https:\/\/www.webdo.tn\/fr\/wp-json\/wp\/v2\/media\/278865"}],"wp:attachment":[{"href":"https:\/\/www.webdo.tn\/fr\/wp-json\/wp\/v2\/media?parent=209543"}],"wp:term":[{"taxonomy":"category","embeddable":true,"href":"https:\/\/www.webdo.tn\/fr\/wp-json\/wp\/v2\/categories?post=209543"},{"taxonomy":"post_tag","embeddable":true,"href":"https:\/\/www.webdo.tn\/fr\/wp-json\/wp\/v2\/tags?post=209543"}],"curies":[{"name":"wp","href":"https:\/\/api.w.org\/{rel}","templated":true}]}}