{"id":209535,"date":"2023-10-22T12:03:00","date_gmt":"2023-10-22T12:03:00","guid":{"rendered":"https:\/\/www.webdo.tn\/fr\/blog\/le-hezbollah-entraine-le-liban-dans-la-guerre-avertit-l-armee-israelienne\/209535\/"},"modified":"2025-05-20T22:52:12","modified_gmt":"2025-05-20T22:52:12","slug":"le-hezbollah-entraine-le-liban-dans-la-guerre-avertit-l-armee-israelienne","status":"publish","type":"post","link":"https:\/\/www.webdo.tn\/fr\/actualite\/international\/le-hezbollah-entraine-le-liban-dans-la-guerre-avertit-l-armee-israelienne\/209535\/","title":{"rendered":"\u00ab Le Hezbollah entra\u00eene le Liban dans la guerre \u00bb, avertit l\u2019arm\u00e9e isra\u00e9lienne"},"content":{"rendered":"<p>Dans un point de presse tenu ce dimanche 22 octobre 2023, l\u2019arm\u00e9e isra\u00e9lienne a fait part de nouveaux \u00e9changes de tirs \u00e0 la fronti\u00e8re libanaise, o\u00f9 le Hezbollah cherche, selon elle, \u00e0 \u00e9largir le conflit avec le Hamas.<\/p>\n<p>Tsahal dit \u00eatre intervenu contre une \u00ab escouade terroriste qui tentait de tirer sur la r\u00e9gion de Zerait \u00bb et avoir intercept\u00e9 un drone qui s\u2019approchait d\u2019Isra\u00ebl.\u00a0<\/p>\n<p>\u00ab Jusqu\u2019ici, notre r\u00e9action a \u00e9t\u00e9 mesur\u00e9e, tactique et limit\u00e9e aux secteurs proches de la fronti\u00e8re (\u2026). Le Hezbollah joue un jeu tr\u00e8s, tr\u00e8s dangereux. Il aggrave la situation. Nous assistons chaque jour \u00e0 une multiplication des attaques. Le Hezbollah agresse et entra\u00eene le Liban dans une guerre dont il ne tirera aucun profit, mais dans laquelle il risque de perdre beaucoup \u00bb, a averti Jonathan Conricus, porte-parole de l\u2019arm\u00e9e isra\u00e9lienne.<\/p>\n<p>Notons \u00e9galement que Daniel Hagari, porte-parole de l\u2019arm\u00e9e isra\u00e9lienne, a fait \u00e9tat dimanche de la mort de plusieurs dizaines de membres du Hamas, dont le chef adjoint de son \u00ab r\u00e9seau de tirs de roquettes \u00bb, au lendemain de l\u2019annonce de l\u2019intensification des bombardements dans la bande de Gaza.<\/p>\n","protected":false},"excerpt":{"rendered":"<p>Dans un point de presse tenu ce dimanche 22 octobre 2023, l\u2019arm\u00e9e isra\u00e9lienne a fait part de nouveaux \u00e9changes de tirs \u00e0 la fronti\u00e8re libanaise, o\u00f9 le Hezbollah&#8230;<\/p>\n","protected":false},"author":3175,"featured_media":278956,"comment_status":"open","ping_status":"closed","sticky":false,"template":"","format":"standard","meta":{"footnotes":""},"categories":[2598],"tags":[2600,5302,2636,3920],"class_list":["post-209535","post","type-post","status-publish","format-standard","has-post-thumbnail","hentry","category-international","tag-guerre","tag-hezbollah","tag-israel","tag-liban"],"yoast_head":"<!-- This site is optimized with the Yoast SEO Premium plugin v27.4 (Yoast SEO v27.5) - https:\/\/yoast.com\/product\/yoast-seo-premium-wordpress\/ -->\n<title>\u00ab Le Hezbollah entra\u00eene le Liban dans la guerre \u00bb, avertit l\u2019arm\u00e9e isra\u00e9lienne<\/title>\n<meta name=\"description\" content=\"Dans un point de presse tenu ce dimanche 22 octobre 2023, l\u2019arm\u00e9e isra\u00e9lienne a fait part de nouveaux \u00e9changes de tirs \u00e0 la fronti\u00e8re libanaise, o\u00f9 le Hezbollah...\" \/>\n<link rel=\"canonical\" href=\"https:\/\/www.webdo.tn\/fr\/actualite\/international\/le-hezbollah-entraine-le-liban-dans-la-guerre-avertit-l-armee-israelienne\/209535\/\" \/>\n<meta property=\"og:locale\" content=\"fr_FR\" \/>\n<meta property=\"og:type\" content=\"article\" \/>\n<meta property=\"og:title\" content=\"\u00ab Le Hezbollah entra\u00eene le Liban dans la guerre \u00bb, avertit l\u2019arm\u00e9e isra\u00e9lienne\" \/>\n<meta property=\"og:description\" content=\"Dans un point de presse tenu ce dimanche 22 octobre 2023, l\u2019arm\u00e9e isra\u00e9lienne a fait part de nouveaux \u00e9changes de tirs \u00e0 la fronti\u00e8re libanaise, o\u00f9 le Hezbollah...\" \/>\n<meta property=\"og:url\" content=\"https:\/\/www.webdo.tn\/fr\/actualite\/international\/le-hezbollah-entraine-le-liban-dans-la-guerre-avertit-l-armee-israelienne\/209535\/\" \/>\n<meta property=\"og:site_name\" content=\"webdo\" \/>\n<meta property=\"article:publisher\" content=\"https:\/\/www.facebook.com\/webdotn\" \/>\n<meta property=\"article:published_time\" content=\"2023-10-22T12:03:00+00:00\" \/>\n<meta property=\"article:modified_time\" content=\"2025-05-20T22:52:12+00:00\" \/>\n<meta property=\"og:image\" content=\"https:\/\/www.webdo.tn\/fr\/wp-content\/uploads\/2023\/10\/f94d9755ebf47c8c4fb982f04112f8f4.jpg\" \/>\n\t<meta property=\"og:image:width\" content=\"750\" \/>\n\t<meta property=\"og:image:height\" content=\"400\" \/>\n\t<meta property=\"og:image:type\" content=\"image\/jpeg\" \/>\n<meta name=\"author\" content=\"CL\" \/>\n<meta name=\"twitter:card\" content=\"summary_large_image\" \/>\n<meta name=\"twitter:creator\" content=\"@webdo_tn\" \/>\n<meta name=\"twitter:site\" content=\"@webdo_tn\" \/>\n<meta name=\"twitter:label1\" content=\"\u00c9crit par\" \/>\n\t<meta name=\"twitter:data1\" content=\"CL\" \/>\n\t<meta name=\"twitter:label2\" content=\"Dur\u00e9e de lecture estim\u00e9e\" \/>\n\t<meta name=\"twitter:data2\" content=\"1 minute\" \/>\n<script type=\"application\/ld+json\" class=\"yoast-schema-graph\">{\"@context\":\"https:\\\/\\\/schema.org\",\"@graph\":[{\"@type\":\"NewsArticle\",\"@id\":\"https:\\\/\\\/www.webdo.tn\\\/fr\\\/actualite\\\/international\\\/le-hezbollah-entraine-le-liban-dans-la-guerre-avertit-l-armee-israelienne\\\/209535\\\/#article\",\"isPartOf\":{\"@id\":\"https:\\\/\\\/www.webdo.tn\\\/fr\\\/actualite\\\/international\\\/le-hezbollah-entraine-le-liban-dans-la-guerre-avertit-l-armee-israelienne\\\/209535\\\/\"},\"author\":{\"name\":\"CL\",\"@id\":\"https:\\\/\\\/www.webdo.tn\\\/fr\\\/#\\\/schema\\\/person\\\/f35b42a42c5e2511bbd282959d6385cc\"},\"headline\":\"\u00ab Le Hezbollah entra\u00eene le Liban dans la guerre \u00bb, avertit l\u2019arm\u00e9e isra\u00e9lienne\",\"datePublished\":\"2023-10-22T12:03:00+00:00\",\"dateModified\":\"2025-05-20T22:52:12+00:00\",\"mainEntityOfPage\":{\"@id\":\"https:\\\/\\\/www.webdo.tn\\\/fr\\\/actualite\\\/international\\\/le-hezbollah-entraine-le-liban-dans-la-guerre-avertit-l-armee-israelienne\\\/209535\\\/\"},\"wordCount\":213,\"commentCount\":0,\"publisher\":{\"@id\":\"https:\\\/\\\/www.webdo.tn\\\/fr\\\/#organization\"},\"image\":{\"@id\":\"https:\\\/\\\/www.webdo.tn\\\/fr\\\/actualite\\\/international\\\/le-hezbollah-entraine-le-liban-dans-la-guerre-avertit-l-armee-israelienne\\\/209535\\\/#primaryimage\"},\"thumbnailUrl\":\"https:\\\/\\\/www.webdo.tn\\\/fr\\\/wp-content\\\/uploads\\\/2023\\\/10\\\/f94d9755ebf47c8c4fb982f04112f8f4.jpg\",\"keywords\":[\"guerre\",\"Hezbollah\",\"isra\u00ebl\",\"liban\"],\"articleSection\":[\"International\"],\"inLanguage\":\"fr-FR\"},{\"@type\":\"WebPage\",\"@id\":\"https:\\\/\\\/www.webdo.tn\\\/fr\\\/actualite\\\/international\\\/le-hezbollah-entraine-le-liban-dans-la-guerre-avertit-l-armee-israelienne\\\/209535\\\/\",\"url\":\"https:\\\/\\\/www.webdo.tn\\\/fr\\\/actualite\\\/international\\\/le-hezbollah-entraine-le-liban-dans-la-guerre-avertit-l-armee-israelienne\\\/209535\\\/\",\"name\":\"\u00ab Le Hezbollah entra\u00eene le Liban dans la guerre \u00bb, avertit l\u2019arm\u00e9e isra\u00e9lienne\",\"isPartOf\":{\"@id\":\"https:\\\/\\\/www.webdo.tn\\\/fr\\\/#website\"},\"primaryImageOfPage\":{\"@id\":\"https:\\\/\\\/www.webdo.tn\\\/fr\\\/actualite\\\/international\\\/le-hezbollah-entraine-le-liban-dans-la-guerre-avertit-l-armee-israelienne\\\/209535\\\/#primaryimage\"},\"image\":{\"@id\":\"https:\\\/\\\/www.webdo.tn\\\/fr\\\/actualite\\\/international\\\/le-hezbollah-entraine-le-liban-dans-la-guerre-avertit-l-armee-israelienne\\\/209535\\\/#primaryimage\"},\"thumbnailUrl\":\"https:\\\/\\\/www.webdo.tn\\\/fr\\\/wp-content\\\/uploads\\\/2023\\\/10\\\/f94d9755ebf47c8c4fb982f04112f8f4.jpg\",\"datePublished\":\"2023-10-22T12:03:00+00:00\",\"dateModified\":\"2025-05-20T22:52:12+00:00\",\"description\":\"Dans un point de presse tenu ce dimanche 22 octobre 2023, l\u2019arm\u00e9e isra\u00e9lienne a fait part de nouveaux \u00e9changes de tirs \u00e0 la fronti\u00e8re libanaise, o\u00f9 le Hezbollah...\",\"breadcrumb\":{\"@id\":\"https:\\\/\\\/www.webdo.tn\\\/fr\\\/actualite\\\/international\\\/le-hezbollah-entraine-le-liban-dans-la-guerre-avertit-l-armee-israelienne\\\/209535\\\/#breadcrumb\"},\"inLanguage\":\"fr-FR\",\"potentialAction\":[{\"@type\":\"ReadAction\",\"target\":[\"https:\\\/\\\/www.webdo.tn\\\/fr\\\/actualite\\\/international\\\/le-hezbollah-entraine-le-liban-dans-la-guerre-avertit-l-armee-israelienne\\\/209535\\\/\"]}]},{\"@type\":\"ImageObject\",\"inLanguage\":\"fr-FR\",\"@id\":\"https:\\\/\\\/www.webdo.tn\\\/fr\\\/actualite\\\/international\\\/le-hezbollah-entraine-le-liban-dans-la-guerre-avertit-l-armee-israelienne\\\/209535\\\/#primaryimage\",\"url\":\"https:\\\/\\\/www.webdo.tn\\\/fr\\\/wp-content\\\/uploads\\\/2023\\\/10\\\/f94d9755ebf47c8c4fb982f04112f8f4.jpg\",\"contentUrl\":\"https:\\\/\\\/www.webdo.tn\\\/fr\\\/wp-content\\\/uploads\\\/2023\\\/10\\\/f94d9755ebf47c8c4fb982f04112f8f4.jpg\",\"width\":750,\"height\":400,\"caption\":\"\u00ab Le Hezbollah entra\u00eene le Liban dans la guerre \u00bb, avertit l\u2019arm\u00e9e isra\u00e9lienne\"},{\"@type\":\"BreadcrumbList\",\"@id\":\"https:\\\/\\\/www.webdo.tn\\\/fr\\\/actualite\\\/international\\\/le-hezbollah-entraine-le-liban-dans-la-guerre-avertit-l-armee-israelienne\\\/209535\\\/#breadcrumb\",\"itemListElement\":[{\"@type\":\"ListItem\",\"position\":1,\"name\":\"Accueil\",\"item\":\"https:\\\/\\\/www.webdo.tn\\\/fr\\\/\"},{\"@type\":\"ListItem\",\"position\":2,\"name\":\"\u00ab Le Hezbollah entra\u00eene le Liban dans la guerre \u00bb, avertit l\u2019arm\u00e9e isra\u00e9lienne\"}]},{\"@type\":\"WebSite\",\"@id\":\"https:\\\/\\\/www.webdo.tn\\\/fr\\\/#website\",\"url\":\"https:\\\/\\\/www.webdo.tn\\\/fr\\\/\",\"name\":\"webdo\",\"description\":\"Tunisie - News en Tunisie et \u00e0 l&#039;international sur Webdo.tn\",\"publisher\":{\"@id\":\"https:\\\/\\\/www.webdo.tn\\\/fr\\\/#organization\"},\"potentialAction\":[{\"@type\":\"SearchAction\",\"target\":{\"@type\":\"EntryPoint\",\"urlTemplate\":\"https:\\\/\\\/www.webdo.tn\\\/fr\\\/?s={search_term_string}\"},\"query-input\":{\"@type\":\"PropertyValueSpecification\",\"valueRequired\":true,\"valueName\":\"search_term_string\"}}],\"inLanguage\":\"fr-FR\"},{\"@type\":\"Organization\",\"@id\":\"https:\\\/\\\/www.webdo.tn\\\/fr\\\/#organization\",\"name\":\"Webdo\",\"alternateName\":\"Webdo.tn\",\"url\":\"https:\\\/\\\/www.webdo.tn\\\/fr\\\/\",\"logo\":{\"@type\":\"ImageObject\",\"inLanguage\":\"fr-FR\",\"@id\":\"https:\\\/\\\/www.webdo.tn\\\/fr\\\/#\\\/schema\\\/logo\\\/image\\\/\",\"url\":\"https:\\\/\\\/www.webdo.tn\\\/fr\\\/wp-content\\\/uploads\\\/2025\\\/06\\\/Webdo-Tunisie_168377.jpg\",\"contentUrl\":\"https:\\\/\\\/www.webdo.tn\\\/fr\\\/wp-content\\\/uploads\\\/2025\\\/06\\\/Webdo-Tunisie_168377.jpg\",\"width\":301,\"height\":301,\"caption\":\"Webdo\"},\"image\":{\"@id\":\"https:\\\/\\\/www.webdo.tn\\\/fr\\\/#\\\/schema\\\/logo\\\/image\\\/\"},\"sameAs\":[\"https:\\\/\\\/www.facebook.com\\\/webdotn\",\"https:\\\/\\\/x.com\\\/webdo_tn\"],\"description\":\"Webdo est un m\u00e9dia num\u00e9rique tunisien fond\u00e9 en 2010, sp\u00e9cialis\u00e9 dans l\u2019actualit\u00e9 nationale et internationale, l\u2019\u00e9conomie, la soci\u00e9t\u00e9 et les analyses politiques. Le site s\u2019adresse \u00e0 un large public francophone et couvre l\u2019information tunisienne en temps r\u00e9el.\",\"email\":\"redac@webdo.tn\",\"legalName\":\"YNJ SARL\",\"foundingDate\":\"2010-09-06\",\"numberOfEmployees\":{\"@type\":\"QuantitativeValue\",\"minValue\":\"11\",\"maxValue\":\"50\"}},{\"@type\":\"Person\",\"@id\":\"https:\\\/\\\/www.webdo.tn\\\/fr\\\/#\\\/schema\\\/person\\\/f35b42a42c5e2511bbd282959d6385cc\",\"name\":\"CL\",\"image\":{\"@type\":\"ImageObject\",\"inLanguage\":\"fr-FR\",\"@id\":\"https:\\\/\\\/secure.gravatar.com\\\/avatar\\\/1447a49909b67aa657c488aec6512e1dd6143a480c1ecfee9b5b5cd74eb3b59e?s=96&d=mm&r=g\",\"url\":\"https:\\\/\\\/secure.gravatar.com\\\/avatar\\\/1447a49909b67aa657c488aec6512e1dd6143a480c1ecfee9b5b5cd74eb3b59e?s=96&d=mm&r=g\",\"contentUrl\":\"https:\\\/\\\/secure.gravatar.com\\\/avatar\\\/1447a49909b67aa657c488aec6512e1dd6143a480c1ecfee9b5b5cd74eb3b59e?s=96&d=mm&r=g\",\"caption\":\"CL\"},\"url\":\"https:\\\/\\\/www.webdo.tn\\\/fr\\\/actualite\\\/author\\\/cl\\\/\"}]}<\/script>\n<!-- \/ Yoast SEO Premium plugin. -->","yoast_head_json":{"title":"\u00ab Le Hezbollah entra\u00eene le Liban dans la guerre \u00bb, avertit l\u2019arm\u00e9e isra\u00e9lienne","description":"Dans un point de presse tenu ce dimanche 22 octobre 2023, l\u2019arm\u00e9e isra\u00e9lienne a fait part de nouveaux \u00e9changes de tirs \u00e0 la fronti\u00e8re libanaise, o\u00f9 le Hezbollah...","canonical":"https:\/\/www.webdo.tn\/fr\/actualite\/international\/le-hezbollah-entraine-le-liban-dans-la-guerre-avertit-l-armee-israelienne\/209535\/","og_locale":"fr_FR","og_type":"article","og_title":"\u00ab Le Hezbollah entra\u00eene le Liban dans la guerre \u00bb, avertit l\u2019arm\u00e9e isra\u00e9lienne","og_description":"Dans un point de presse tenu ce dimanche 22 octobre 2023, l\u2019arm\u00e9e isra\u00e9lienne a fait part de nouveaux \u00e9changes de tirs \u00e0 la fronti\u00e8re libanaise, o\u00f9 le Hezbollah...","og_url":"https:\/\/www.webdo.tn\/fr\/actualite\/international\/le-hezbollah-entraine-le-liban-dans-la-guerre-avertit-l-armee-israelienne\/209535\/","og_site_name":"webdo","article_publisher":"https:\/\/www.facebook.com\/webdotn","article_published_time":"2023-10-22T12:03:00+00:00","article_modified_time":"2025-05-20T22:52:12+00:00","og_image":[{"width":750,"height":400,"url":"https:\/\/www.webdo.tn\/fr\/wp-content\/uploads\/2023\/10\/f94d9755ebf47c8c4fb982f04112f8f4.jpg","type":"image\/jpeg"}],"author":"CL","twitter_card":"summary_large_image","twitter_creator":"@webdo_tn","twitter_site":"@webdo_tn","twitter_misc":{"\u00c9crit par":"CL","Dur\u00e9e de lecture estim\u00e9e":"1 minute"},"schema":{"@context":"https:\/\/schema.org","@graph":[{"@type":"NewsArticle","@id":"https:\/\/www.webdo.tn\/fr\/actualite\/international\/le-hezbollah-entraine-le-liban-dans-la-guerre-avertit-l-armee-israelienne\/209535\/#article","isPartOf":{"@id":"https:\/\/www.webdo.tn\/fr\/actualite\/international\/le-hezbollah-entraine-le-liban-dans-la-guerre-avertit-l-armee-israelienne\/209535\/"},"author":{"name":"CL","@id":"https:\/\/www.webdo.tn\/fr\/#\/schema\/person\/f35b42a42c5e2511bbd282959d6385cc"},"headline":"\u00ab Le Hezbollah entra\u00eene le Liban dans la guerre \u00bb, avertit l\u2019arm\u00e9e isra\u00e9lienne","datePublished":"2023-10-22T12:03:00+00:00","dateModified":"2025-05-20T22:52:12+00:00","mainEntityOfPage":{"@id":"https:\/\/www.webdo.tn\/fr\/actualite\/international\/le-hezbollah-entraine-le-liban-dans-la-guerre-avertit-l-armee-israelienne\/209535\/"},"wordCount":213,"commentCount":0,"publisher":{"@id":"https:\/\/www.webdo.tn\/fr\/#organization"},"image":{"@id":"https:\/\/www.webdo.tn\/fr\/actualite\/international\/le-hezbollah-entraine-le-liban-dans-la-guerre-avertit-l-armee-israelienne\/209535\/#primaryimage"},"thumbnailUrl":"https:\/\/www.webdo.tn\/fr\/wp-content\/uploads\/2023\/10\/f94d9755ebf47c8c4fb982f04112f8f4.jpg","keywords":["guerre","Hezbollah","isra\u00ebl","liban"],"articleSection":["International"],"inLanguage":"fr-FR"},{"@type":"WebPage","@id":"https:\/\/www.webdo.tn\/fr\/actualite\/international\/le-hezbollah-entraine-le-liban-dans-la-guerre-avertit-l-armee-israelienne\/209535\/","url":"https:\/\/www.webdo.tn\/fr\/actualite\/international\/le-hezbollah-entraine-le-liban-dans-la-guerre-avertit-l-armee-israelienne\/209535\/","name":"\u00ab Le Hezbollah entra\u00eene le Liban dans la guerre \u00bb, avertit l\u2019arm\u00e9e isra\u00e9lienne","isPartOf":{"@id":"https:\/\/www.webdo.tn\/fr\/#website"},"primaryImageOfPage":{"@id":"https:\/\/www.webdo.tn\/fr\/actualite\/international\/le-hezbollah-entraine-le-liban-dans-la-guerre-avertit-l-armee-israelienne\/209535\/#primaryimage"},"image":{"@id":"https:\/\/www.webdo.tn\/fr\/actualite\/international\/le-hezbollah-entraine-le-liban-dans-la-guerre-avertit-l-armee-israelienne\/209535\/#primaryimage"},"thumbnailUrl":"https:\/\/www.webdo.tn\/fr\/wp-content\/uploads\/2023\/10\/f94d9755ebf47c8c4fb982f04112f8f4.jpg","datePublished":"2023-10-22T12:03:00+00:00","dateModified":"2025-05-20T22:52:12+00:00","description":"Dans un point de presse tenu ce dimanche 22 octobre 2023, l\u2019arm\u00e9e isra\u00e9lienne a fait part de nouveaux \u00e9changes de tirs \u00e0 la fronti\u00e8re libanaise, o\u00f9 le Hezbollah...","breadcrumb":{"@id":"https:\/\/www.webdo.tn\/fr\/actualite\/international\/le-hezbollah-entraine-le-liban-dans-la-guerre-avertit-l-armee-israelienne\/209535\/#breadcrumb"},"inLanguage":"fr-FR","potentialAction":[{"@type":"ReadAction","target":["https:\/\/www.webdo.tn\/fr\/actualite\/international\/le-hezbollah-entraine-le-liban-dans-la-guerre-avertit-l-armee-israelienne\/209535\/"]}]},{"@type":"ImageObject","inLanguage":"fr-FR","@id":"https:\/\/www.webdo.tn\/fr\/actualite\/international\/le-hezbollah-entraine-le-liban-dans-la-guerre-avertit-l-armee-israelienne\/209535\/#primaryimage","url":"https:\/\/www.webdo.tn\/fr\/wp-content\/uploads\/2023\/10\/f94d9755ebf47c8c4fb982f04112f8f4.jpg","contentUrl":"https:\/\/www.webdo.tn\/fr\/wp-content\/uploads\/2023\/10\/f94d9755ebf47c8c4fb982f04112f8f4.jpg","width":750,"height":400,"caption":"\u00ab Le Hezbollah entra\u00eene le Liban dans la guerre \u00bb, avertit l\u2019arm\u00e9e isra\u00e9lienne"},{"@type":"BreadcrumbList","@id":"https:\/\/www.webdo.tn\/fr\/actualite\/international\/le-hezbollah-entraine-le-liban-dans-la-guerre-avertit-l-armee-israelienne\/209535\/#breadcrumb","itemListElement":[{"@type":"ListItem","position":1,"name":"Accueil","item":"https:\/\/www.webdo.tn\/fr\/"},{"@type":"ListItem","position":2,"name":"\u00ab Le Hezbollah entra\u00eene le Liban dans la guerre \u00bb, avertit l\u2019arm\u00e9e isra\u00e9lienne"}]},{"@type":"WebSite","@id":"https:\/\/www.webdo.tn\/fr\/#website","url":"https:\/\/www.webdo.tn\/fr\/","name":"webdo","description":"Tunisie - News en Tunisie et \u00e0 l&#039;international sur Webdo.tn","publisher":{"@id":"https:\/\/www.webdo.tn\/fr\/#organization"},"potentialAction":[{"@type":"SearchAction","target":{"@type":"EntryPoint","urlTemplate":"https:\/\/www.webdo.tn\/fr\/?s={search_term_string}"},"query-input":{"@type":"PropertyValueSpecification","valueRequired":true,"valueName":"search_term_string"}}],"inLanguage":"fr-FR"},{"@type":"Organization","@id":"https:\/\/www.webdo.tn\/fr\/#organization","name":"Webdo","alternateName":"Webdo.tn","url":"https:\/\/www.webdo.tn\/fr\/","logo":{"@type":"ImageObject","inLanguage":"fr-FR","@id":"https:\/\/www.webdo.tn\/fr\/#\/schema\/logo\/image\/","url":"https:\/\/www.webdo.tn\/fr\/wp-content\/uploads\/2025\/06\/Webdo-Tunisie_168377.jpg","contentUrl":"https:\/\/www.webdo.tn\/fr\/wp-content\/uploads\/2025\/06\/Webdo-Tunisie_168377.jpg","width":301,"height":301,"caption":"Webdo"},"image":{"@id":"https:\/\/www.webdo.tn\/fr\/#\/schema\/logo\/image\/"},"sameAs":["https:\/\/www.facebook.com\/webdotn","https:\/\/x.com\/webdo_tn"],"description":"Webdo est un m\u00e9dia num\u00e9rique tunisien fond\u00e9 en 2010, sp\u00e9cialis\u00e9 dans l\u2019actualit\u00e9 nationale et internationale, l\u2019\u00e9conomie, la soci\u00e9t\u00e9 et les analyses politiques. Le site s\u2019adresse \u00e0 un large public francophone et couvre l\u2019information tunisienne en temps r\u00e9el.","email":"redac@webdo.tn","legalName":"YNJ SARL","foundingDate":"2010-09-06","numberOfEmployees":{"@type":"QuantitativeValue","minValue":"11","maxValue":"50"}},{"@type":"Person","@id":"https:\/\/www.webdo.tn\/fr\/#\/schema\/person\/f35b42a42c5e2511bbd282959d6385cc","name":"CL","image":{"@type":"ImageObject","inLanguage":"fr-FR","@id":"https:\/\/secure.gravatar.com\/avatar\/1447a49909b67aa657c488aec6512e1dd6143a480c1ecfee9b5b5cd74eb3b59e?s=96&d=mm&r=g","url":"https:\/\/secure.gravatar.com\/avatar\/1447a49909b67aa657c488aec6512e1dd6143a480c1ecfee9b5b5cd74eb3b59e?s=96&d=mm&r=g","contentUrl":"https:\/\/secure.gravatar.com\/avatar\/1447a49909b67aa657c488aec6512e1dd6143a480c1ecfee9b5b5cd74eb3b59e?s=96&d=mm&r=g","caption":"CL"},"url":"https:\/\/www.webdo.tn\/fr\/actualite\/author\/cl\/"}]}},"_links":{"self":[{"href":"https:\/\/www.webdo.tn\/fr\/wp-json\/wp\/v2\/posts\/209535","targetHints":{"allow":["GET"]}}],"collection":[{"href":"https:\/\/www.webdo.tn\/fr\/wp-json\/wp\/v2\/posts"}],"about":[{"href":"https:\/\/www.webdo.tn\/fr\/wp-json\/wp\/v2\/types\/post"}],"author":[{"embeddable":true,"href":"https:\/\/www.webdo.tn\/fr\/wp-json\/wp\/v2\/users\/3175"}],"replies":[{"embeddable":true,"href":"https:\/\/www.webdo.tn\/fr\/wp-json\/wp\/v2\/comments?post=209535"}],"version-history":[{"count":0,"href":"https:\/\/www.webdo.tn\/fr\/wp-json\/wp\/v2\/posts\/209535\/revisions"}],"wp:featuredmedia":[{"embeddable":true,"href":"https:\/\/www.webdo.tn\/fr\/wp-json\/wp\/v2\/media\/278956"}],"wp:attachment":[{"href":"https:\/\/www.webdo.tn\/fr\/wp-json\/wp\/v2\/media?parent=209535"}],"wp:term":[{"taxonomy":"category","embeddable":true,"href":"https:\/\/www.webdo.tn\/fr\/wp-json\/wp\/v2\/categories?post=209535"},{"taxonomy":"post_tag","embeddable":true,"href":"https:\/\/www.webdo.tn\/fr\/wp-json\/wp\/v2\/tags?post=209535"}],"curies":[{"name":"wp","href":"https:\/\/api.w.org\/{rel}","templated":true}]}}