{"id":209534,"date":"2023-10-22T11:12:00","date_gmt":"2023-10-22T11:12:00","guid":{"rendered":"https:\/\/www.webdo.tn\/fr\/blog\/affaire-a-lassoued-le-parquet-bruxellois-evoque-une-perte-de-dossier\/209534\/"},"modified":"2025-05-20T22:40:12","modified_gmt":"2025-05-20T22:40:12","slug":"affaire-a-lassoued-le-parquet-bruxellois-evoque-une-perte-de-dossier","status":"publish","type":"post","link":"https:\/\/www.webdo.tn\/fr\/actualite\/international\/affaire-a-lassoued-le-parquet-bruxellois-evoque-une-perte-de-dossier\/209534\/","title":{"rendered":"Affaire A. Lassoued : Le parquet bruxellois \u00e9voque une \u00ab perte de dossier \u00bb"},"content":{"rendered":"<p>Le parquet de Bruxelles a invit\u00e9 ce dimanche 22 octobre 2023 la presse suite \u00e0 l\u2019attentat de lundi dernier, perp\u00e9tr\u00e9 par le Tunisien Abdesalem Lassoued.<\/p>\n<p>La conf\u00e9rence de presse donn\u00e9e par Johan Delmulle, Procureur g\u00e9n\u00e9ral de Bruxelles, et Tim De Wolf, Procureur du Roi de Bruxelles, intervient pour expliquer la grave erreur concernant la proc\u00e9dure d\u2019extradition de Lassoued en Tunisie.\u00a0<\/p>\n<p>Abdesalem Lassoued a \u00e9t\u00e9 condamn\u00e9 \u00e0 plus de 26 ans de prison en Tunisie en 2005, mais s\u2019est \u00e9vad\u00e9 de prison en janvier 2011. Le 1er juillet 2022, les autorit\u00e9s l\u2019ont signal\u00e9 via Interpol en vue de son extradition.\u00a0<\/p>\n<p>Le 22 ao\u00fbt 2022, l\u2019administration du parquet de Bruxelles a re\u00e7u une copie de ce signalement par e-mail. Il stipule que la demande d\u2019extradition est demand\u00e9e pour une \u00e9vasion de prison, a-t-on expliqu\u00e9, rapporte SudInfo.\u00a0<\/p>\n<p>\u00abLe 15 ao\u00fbt 2022, les autorit\u00e9s tunisiennes ont adress\u00e9 \u00e0 la Belgique une demande d\u2019extradition accompagn\u00e9e d\u2019une s\u00e9rie d\u2019annexes. Ces documents ont \u00e9t\u00e9 re\u00e7us le 8 septembre 2022 par le parquet de Bruxelles, par l\u2019interm\u00e9diaire du service public Justice. Le dossier a \u00e9t\u00e9 pr\u00e9par\u00e9 le 12 septembre 2022 par l\u2019administration du parquet (&#8230;) mais aucun des coll\u00e8gues concern\u00e9s ne se souvient de ce qu\u2019il est advenu de ce dossier sp\u00e9cifique il y a un an.\u00bb, d\u00e9taille le parquet de Bruxelles.\u00a0<br \/>\n\u00abOn ne peut que supposer, mais cela reste une hypoth\u00e8se, que dans le cadre du mode de fonctionnement habituel, ces questions ont \u00e9t\u00e9 probablement discut\u00e9es oralement par un collaborateur administratif et le magistrat traitant.\u00bb\u00a0<\/p>\n<p>Rappelons que le ministre belge de la Justice, Vincent Van Quickenborne, a annonc\u00e9 vendredi 20 octobre sa d\u00e9mission du gouvernement sur fond de ce scandale.\u00a0<\/p>\n<p>Abdesalem Lassoued \u00e9tait connu des autorit\u00e9s belges pour des d\u00e9lits, notamment des menaces de mort prof\u00e9r\u00e9es \u00e0 l\u2019encontre d\u2019un demandeur d\u2019asile, selon la justice. Mais il n\u2019\u00e9tait pas fich\u00e9 dans la base de donn\u00e9es de l\u2019Organe de coordination pour l\u2019analyse de la menace (OCAM), une agence f\u00e9d\u00e9rale.<\/p>\n<p>L\u2019auteur de l\u2019attentat de Bruxelles est mort mardi 17 octobre 2023 en succombant \u00e0 ses blessures \u00e0 l\u2019h\u00f4pital. Il avait \u00e9t\u00e9 touch\u00e9 par balles lors de son arrestation.<\/p>\n","protected":false},"excerpt":{"rendered":"<p>Le parquet de Bruxelles a invit\u00e9 ce dimanche 22 octobre 2023 la presse suite \u00e0 l\u2019attentat de lundi dernier, perp\u00e9tr\u00e9 par le Tunisien Abdesalem Lassoued.<\/p>\n","protected":false},"author":3175,"featured_media":249014,"comment_status":"open","ping_status":"closed","sticky":false,"template":"","format":"standard","meta":{"footnotes":""},"categories":[2598],"tags":[4655,6831,6832,7705,2608],"class_list":["post-209534","post","type-post","status-publish","format-standard","has-post-thumbnail","hentry","category-international","tag-attentat","tag-belgique","tag-bruxelles","tag-lassoued","tag-tunisie"],"yoast_head":"<!-- This site is optimized with the Yoast SEO Premium plugin v27.4 (Yoast SEO v27.5) - https:\/\/yoast.com\/product\/yoast-seo-premium-wordpress\/ -->\n<title>Affaire A. Lassoued : Le parquet bruxellois \u00e9voque une \u00ab perte de dossier \u00bb<\/title>\n<meta name=\"description\" content=\"Le parquet de Bruxelles a invit\u00e9 ce dimanche 22 octobre 2023 la presse suite \u00e0 l\u2019attentat de lundi dernier, perp\u00e9tr\u00e9 par le Tunisien Abdesalem Lassoued.\" \/>\n<link rel=\"canonical\" href=\"https:\/\/www.webdo.tn\/fr\/actualite\/international\/affaire-a-lassoued-le-parquet-bruxellois-evoque-une-perte-de-dossier\/209534\/\" \/>\n<meta property=\"og:locale\" content=\"fr_FR\" \/>\n<meta property=\"og:type\" content=\"article\" \/>\n<meta property=\"og:title\" content=\"Affaire A. Lassoued : Le parquet bruxellois \u00e9voque une \u00ab perte de dossier \u00bb\" \/>\n<meta property=\"og:description\" content=\"Le parquet de Bruxelles a invit\u00e9 ce dimanche 22 octobre 2023 la presse suite \u00e0 l\u2019attentat de lundi dernier, perp\u00e9tr\u00e9 par le Tunisien Abdesalem Lassoued.\" \/>\n<meta property=\"og:url\" content=\"https:\/\/www.webdo.tn\/fr\/actualite\/international\/affaire-a-lassoued-le-parquet-bruxellois-evoque-une-perte-de-dossier\/209534\/\" \/>\n<meta property=\"og:site_name\" content=\"webdo\" \/>\n<meta property=\"article:publisher\" content=\"https:\/\/www.facebook.com\/webdotn\" \/>\n<meta property=\"article:published_time\" content=\"2023-10-22T11:12:00+00:00\" \/>\n<meta property=\"article:modified_time\" content=\"2025-05-20T22:40:12+00:00\" \/>\n<meta property=\"og:image\" content=\"https:\/\/www.webdo.tn\/fr\/wp-content\/uploads\/2023\/10\/11236e96c5719a920d40a23c373c3ebf.jpeg\" \/>\n\t<meta property=\"og:image:width\" content=\"750\" \/>\n\t<meta property=\"og:image:height\" content=\"400\" \/>\n\t<meta property=\"og:image:type\" content=\"image\/jpeg\" \/>\n<meta name=\"author\" content=\"CL\" \/>\n<meta name=\"twitter:card\" content=\"summary_large_image\" \/>\n<meta name=\"twitter:creator\" content=\"@webdo_tn\" \/>\n<meta name=\"twitter:site\" content=\"@webdo_tn\" \/>\n<meta name=\"twitter:label1\" content=\"\u00c9crit par\" \/>\n\t<meta name=\"twitter:data1\" content=\"CL\" \/>\n\t<meta name=\"twitter:label2\" content=\"Dur\u00e9e de lecture estim\u00e9e\" \/>\n\t<meta name=\"twitter:data2\" content=\"2 minutes\" \/>\n<script type=\"application\/ld+json\" class=\"yoast-schema-graph\">{\"@context\":\"https:\\\/\\\/schema.org\",\"@graph\":[{\"@type\":\"NewsArticle\",\"@id\":\"https:\\\/\\\/www.webdo.tn\\\/fr\\\/actualite\\\/international\\\/affaire-a-lassoued-le-parquet-bruxellois-evoque-une-perte-de-dossier\\\/209534\\\/#article\",\"isPartOf\":{\"@id\":\"https:\\\/\\\/www.webdo.tn\\\/fr\\\/actualite\\\/international\\\/affaire-a-lassoued-le-parquet-bruxellois-evoque-une-perte-de-dossier\\\/209534\\\/\"},\"author\":{\"name\":\"CL\",\"@id\":\"https:\\\/\\\/www.webdo.tn\\\/fr\\\/#\\\/schema\\\/person\\\/f35b42a42c5e2511bbd282959d6385cc\"},\"headline\":\"Affaire A. Lassoued : Le parquet bruxellois \u00e9voque une \u00ab perte de dossier \u00bb\",\"datePublished\":\"2023-10-22T11:12:00+00:00\",\"dateModified\":\"2025-05-20T22:40:12+00:00\",\"mainEntityOfPage\":{\"@id\":\"https:\\\/\\\/www.webdo.tn\\\/fr\\\/actualite\\\/international\\\/affaire-a-lassoued-le-parquet-bruxellois-evoque-une-perte-de-dossier\\\/209534\\\/\"},\"wordCount\":388,\"commentCount\":0,\"publisher\":{\"@id\":\"https:\\\/\\\/www.webdo.tn\\\/fr\\\/#organization\"},\"image\":{\"@id\":\"https:\\\/\\\/www.webdo.tn\\\/fr\\\/actualite\\\/international\\\/affaire-a-lassoued-le-parquet-bruxellois-evoque-une-perte-de-dossier\\\/209534\\\/#primaryimage\"},\"thumbnailUrl\":\"https:\\\/\\\/www.webdo.tn\\\/fr\\\/wp-content\\\/uploads\\\/2023\\\/10\\\/11236e96c5719a920d40a23c373c3ebf.jpeg\",\"keywords\":[\"attentat\",\"belgique\",\"Bruxelles\",\"Lassoued\",\"Tunisie\"],\"articleSection\":[\"International\"],\"inLanguage\":\"fr-FR\"},{\"@type\":\"WebPage\",\"@id\":\"https:\\\/\\\/www.webdo.tn\\\/fr\\\/actualite\\\/international\\\/affaire-a-lassoued-le-parquet-bruxellois-evoque-une-perte-de-dossier\\\/209534\\\/\",\"url\":\"https:\\\/\\\/www.webdo.tn\\\/fr\\\/actualite\\\/international\\\/affaire-a-lassoued-le-parquet-bruxellois-evoque-une-perte-de-dossier\\\/209534\\\/\",\"name\":\"Affaire A. Lassoued : Le parquet bruxellois \u00e9voque une \u00ab perte de dossier \u00bb\",\"isPartOf\":{\"@id\":\"https:\\\/\\\/www.webdo.tn\\\/fr\\\/#website\"},\"primaryImageOfPage\":{\"@id\":\"https:\\\/\\\/www.webdo.tn\\\/fr\\\/actualite\\\/international\\\/affaire-a-lassoued-le-parquet-bruxellois-evoque-une-perte-de-dossier\\\/209534\\\/#primaryimage\"},\"image\":{\"@id\":\"https:\\\/\\\/www.webdo.tn\\\/fr\\\/actualite\\\/international\\\/affaire-a-lassoued-le-parquet-bruxellois-evoque-une-perte-de-dossier\\\/209534\\\/#primaryimage\"},\"thumbnailUrl\":\"https:\\\/\\\/www.webdo.tn\\\/fr\\\/wp-content\\\/uploads\\\/2023\\\/10\\\/11236e96c5719a920d40a23c373c3ebf.jpeg\",\"datePublished\":\"2023-10-22T11:12:00+00:00\",\"dateModified\":\"2025-05-20T22:40:12+00:00\",\"description\":\"Le parquet de Bruxelles a invit\u00e9 ce dimanche 22 octobre 2023 la presse suite \u00e0 l\u2019attentat de lundi dernier, perp\u00e9tr\u00e9 par le Tunisien Abdesalem Lassoued.\",\"breadcrumb\":{\"@id\":\"https:\\\/\\\/www.webdo.tn\\\/fr\\\/actualite\\\/international\\\/affaire-a-lassoued-le-parquet-bruxellois-evoque-une-perte-de-dossier\\\/209534\\\/#breadcrumb\"},\"inLanguage\":\"fr-FR\",\"potentialAction\":[{\"@type\":\"ReadAction\",\"target\":[\"https:\\\/\\\/www.webdo.tn\\\/fr\\\/actualite\\\/international\\\/affaire-a-lassoued-le-parquet-bruxellois-evoque-une-perte-de-dossier\\\/209534\\\/\"]}]},{\"@type\":\"ImageObject\",\"inLanguage\":\"fr-FR\",\"@id\":\"https:\\\/\\\/www.webdo.tn\\\/fr\\\/actualite\\\/international\\\/affaire-a-lassoued-le-parquet-bruxellois-evoque-une-perte-de-dossier\\\/209534\\\/#primaryimage\",\"url\":\"https:\\\/\\\/www.webdo.tn\\\/fr\\\/wp-content\\\/uploads\\\/2023\\\/10\\\/11236e96c5719a920d40a23c373c3ebf.jpeg\",\"contentUrl\":\"https:\\\/\\\/www.webdo.tn\\\/fr\\\/wp-content\\\/uploads\\\/2023\\\/10\\\/11236e96c5719a920d40a23c373c3ebf.jpeg\",\"width\":750,\"height\":400,\"caption\":\"Affaire A. Lassoued : Le parquet bruxellois \u00e9voque une \u00ab perte de dossier \u00bb\"},{\"@type\":\"BreadcrumbList\",\"@id\":\"https:\\\/\\\/www.webdo.tn\\\/fr\\\/actualite\\\/international\\\/affaire-a-lassoued-le-parquet-bruxellois-evoque-une-perte-de-dossier\\\/209534\\\/#breadcrumb\",\"itemListElement\":[{\"@type\":\"ListItem\",\"position\":1,\"name\":\"Accueil\",\"item\":\"https:\\\/\\\/www.webdo.tn\\\/fr\\\/\"},{\"@type\":\"ListItem\",\"position\":2,\"name\":\"Affaire A. Lassoued : Le parquet bruxellois \u00e9voque une \u00ab perte de dossier \u00bb\"}]},{\"@type\":\"WebSite\",\"@id\":\"https:\\\/\\\/www.webdo.tn\\\/fr\\\/#website\",\"url\":\"https:\\\/\\\/www.webdo.tn\\\/fr\\\/\",\"name\":\"webdo\",\"description\":\"Tunisie - News en Tunisie et \u00e0 l&#039;international sur Webdo.tn\",\"publisher\":{\"@id\":\"https:\\\/\\\/www.webdo.tn\\\/fr\\\/#organization\"},\"potentialAction\":[{\"@type\":\"SearchAction\",\"target\":{\"@type\":\"EntryPoint\",\"urlTemplate\":\"https:\\\/\\\/www.webdo.tn\\\/fr\\\/?s={search_term_string}\"},\"query-input\":{\"@type\":\"PropertyValueSpecification\",\"valueRequired\":true,\"valueName\":\"search_term_string\"}}],\"inLanguage\":\"fr-FR\"},{\"@type\":\"Organization\",\"@id\":\"https:\\\/\\\/www.webdo.tn\\\/fr\\\/#organization\",\"name\":\"Webdo\",\"alternateName\":\"Webdo.tn\",\"url\":\"https:\\\/\\\/www.webdo.tn\\\/fr\\\/\",\"logo\":{\"@type\":\"ImageObject\",\"inLanguage\":\"fr-FR\",\"@id\":\"https:\\\/\\\/www.webdo.tn\\\/fr\\\/#\\\/schema\\\/logo\\\/image\\\/\",\"url\":\"https:\\\/\\\/www.webdo.tn\\\/fr\\\/wp-content\\\/uploads\\\/2025\\\/06\\\/Webdo-Tunisie_168377.jpg\",\"contentUrl\":\"https:\\\/\\\/www.webdo.tn\\\/fr\\\/wp-content\\\/uploads\\\/2025\\\/06\\\/Webdo-Tunisie_168377.jpg\",\"width\":301,\"height\":301,\"caption\":\"Webdo\"},\"image\":{\"@id\":\"https:\\\/\\\/www.webdo.tn\\\/fr\\\/#\\\/schema\\\/logo\\\/image\\\/\"},\"sameAs\":[\"https:\\\/\\\/www.facebook.com\\\/webdotn\",\"https:\\\/\\\/x.com\\\/webdo_tn\"],\"description\":\"Webdo est un m\u00e9dia num\u00e9rique tunisien fond\u00e9 en 2010, sp\u00e9cialis\u00e9 dans l\u2019actualit\u00e9 nationale et internationale, l\u2019\u00e9conomie, la soci\u00e9t\u00e9 et les analyses politiques. Le site s\u2019adresse \u00e0 un large public francophone et couvre l\u2019information tunisienne en temps r\u00e9el.\",\"email\":\"redac@webdo.tn\",\"legalName\":\"YNJ SARL\",\"foundingDate\":\"2010-09-06\",\"numberOfEmployees\":{\"@type\":\"QuantitativeValue\",\"minValue\":\"11\",\"maxValue\":\"50\"}},{\"@type\":\"Person\",\"@id\":\"https:\\\/\\\/www.webdo.tn\\\/fr\\\/#\\\/schema\\\/person\\\/f35b42a42c5e2511bbd282959d6385cc\",\"name\":\"CL\",\"image\":{\"@type\":\"ImageObject\",\"inLanguage\":\"fr-FR\",\"@id\":\"https:\\\/\\\/secure.gravatar.com\\\/avatar\\\/1447a49909b67aa657c488aec6512e1dd6143a480c1ecfee9b5b5cd74eb3b59e?s=96&d=mm&r=g\",\"url\":\"https:\\\/\\\/secure.gravatar.com\\\/avatar\\\/1447a49909b67aa657c488aec6512e1dd6143a480c1ecfee9b5b5cd74eb3b59e?s=96&d=mm&r=g\",\"contentUrl\":\"https:\\\/\\\/secure.gravatar.com\\\/avatar\\\/1447a49909b67aa657c488aec6512e1dd6143a480c1ecfee9b5b5cd74eb3b59e?s=96&d=mm&r=g\",\"caption\":\"CL\"},\"url\":\"https:\\\/\\\/www.webdo.tn\\\/fr\\\/actualite\\\/author\\\/cl\\\/\"}]}<\/script>\n<!-- \/ Yoast SEO Premium plugin. -->","yoast_head_json":{"title":"Affaire A. Lassoued : Le parquet bruxellois \u00e9voque une \u00ab perte de dossier \u00bb","description":"Le parquet de Bruxelles a invit\u00e9 ce dimanche 22 octobre 2023 la presse suite \u00e0 l\u2019attentat de lundi dernier, perp\u00e9tr\u00e9 par le Tunisien Abdesalem Lassoued.","canonical":"https:\/\/www.webdo.tn\/fr\/actualite\/international\/affaire-a-lassoued-le-parquet-bruxellois-evoque-une-perte-de-dossier\/209534\/","og_locale":"fr_FR","og_type":"article","og_title":"Affaire A. Lassoued : Le parquet bruxellois \u00e9voque une \u00ab perte de dossier \u00bb","og_description":"Le parquet de Bruxelles a invit\u00e9 ce dimanche 22 octobre 2023 la presse suite \u00e0 l\u2019attentat de lundi dernier, perp\u00e9tr\u00e9 par le Tunisien Abdesalem Lassoued.","og_url":"https:\/\/www.webdo.tn\/fr\/actualite\/international\/affaire-a-lassoued-le-parquet-bruxellois-evoque-une-perte-de-dossier\/209534\/","og_site_name":"webdo","article_publisher":"https:\/\/www.facebook.com\/webdotn","article_published_time":"2023-10-22T11:12:00+00:00","article_modified_time":"2025-05-20T22:40:12+00:00","og_image":[{"width":750,"height":400,"url":"https:\/\/www.webdo.tn\/fr\/wp-content\/uploads\/2023\/10\/11236e96c5719a920d40a23c373c3ebf.jpeg","type":"image\/jpeg"}],"author":"CL","twitter_card":"summary_large_image","twitter_creator":"@webdo_tn","twitter_site":"@webdo_tn","twitter_misc":{"\u00c9crit par":"CL","Dur\u00e9e de lecture estim\u00e9e":"2 minutes"},"schema":{"@context":"https:\/\/schema.org","@graph":[{"@type":"NewsArticle","@id":"https:\/\/www.webdo.tn\/fr\/actualite\/international\/affaire-a-lassoued-le-parquet-bruxellois-evoque-une-perte-de-dossier\/209534\/#article","isPartOf":{"@id":"https:\/\/www.webdo.tn\/fr\/actualite\/international\/affaire-a-lassoued-le-parquet-bruxellois-evoque-une-perte-de-dossier\/209534\/"},"author":{"name":"CL","@id":"https:\/\/www.webdo.tn\/fr\/#\/schema\/person\/f35b42a42c5e2511bbd282959d6385cc"},"headline":"Affaire A. Lassoued : Le parquet bruxellois \u00e9voque une \u00ab perte de dossier \u00bb","datePublished":"2023-10-22T11:12:00+00:00","dateModified":"2025-05-20T22:40:12+00:00","mainEntityOfPage":{"@id":"https:\/\/www.webdo.tn\/fr\/actualite\/international\/affaire-a-lassoued-le-parquet-bruxellois-evoque-une-perte-de-dossier\/209534\/"},"wordCount":388,"commentCount":0,"publisher":{"@id":"https:\/\/www.webdo.tn\/fr\/#organization"},"image":{"@id":"https:\/\/www.webdo.tn\/fr\/actualite\/international\/affaire-a-lassoued-le-parquet-bruxellois-evoque-une-perte-de-dossier\/209534\/#primaryimage"},"thumbnailUrl":"https:\/\/www.webdo.tn\/fr\/wp-content\/uploads\/2023\/10\/11236e96c5719a920d40a23c373c3ebf.jpeg","keywords":["attentat","belgique","Bruxelles","Lassoued","Tunisie"],"articleSection":["International"],"inLanguage":"fr-FR"},{"@type":"WebPage","@id":"https:\/\/www.webdo.tn\/fr\/actualite\/international\/affaire-a-lassoued-le-parquet-bruxellois-evoque-une-perte-de-dossier\/209534\/","url":"https:\/\/www.webdo.tn\/fr\/actualite\/international\/affaire-a-lassoued-le-parquet-bruxellois-evoque-une-perte-de-dossier\/209534\/","name":"Affaire A. Lassoued : Le parquet bruxellois \u00e9voque une \u00ab perte de dossier \u00bb","isPartOf":{"@id":"https:\/\/www.webdo.tn\/fr\/#website"},"primaryImageOfPage":{"@id":"https:\/\/www.webdo.tn\/fr\/actualite\/international\/affaire-a-lassoued-le-parquet-bruxellois-evoque-une-perte-de-dossier\/209534\/#primaryimage"},"image":{"@id":"https:\/\/www.webdo.tn\/fr\/actualite\/international\/affaire-a-lassoued-le-parquet-bruxellois-evoque-une-perte-de-dossier\/209534\/#primaryimage"},"thumbnailUrl":"https:\/\/www.webdo.tn\/fr\/wp-content\/uploads\/2023\/10\/11236e96c5719a920d40a23c373c3ebf.jpeg","datePublished":"2023-10-22T11:12:00+00:00","dateModified":"2025-05-20T22:40:12+00:00","description":"Le parquet de Bruxelles a invit\u00e9 ce dimanche 22 octobre 2023 la presse suite \u00e0 l\u2019attentat de lundi dernier, perp\u00e9tr\u00e9 par le Tunisien Abdesalem Lassoued.","breadcrumb":{"@id":"https:\/\/www.webdo.tn\/fr\/actualite\/international\/affaire-a-lassoued-le-parquet-bruxellois-evoque-une-perte-de-dossier\/209534\/#breadcrumb"},"inLanguage":"fr-FR","potentialAction":[{"@type":"ReadAction","target":["https:\/\/www.webdo.tn\/fr\/actualite\/international\/affaire-a-lassoued-le-parquet-bruxellois-evoque-une-perte-de-dossier\/209534\/"]}]},{"@type":"ImageObject","inLanguage":"fr-FR","@id":"https:\/\/www.webdo.tn\/fr\/actualite\/international\/affaire-a-lassoued-le-parquet-bruxellois-evoque-une-perte-de-dossier\/209534\/#primaryimage","url":"https:\/\/www.webdo.tn\/fr\/wp-content\/uploads\/2023\/10\/11236e96c5719a920d40a23c373c3ebf.jpeg","contentUrl":"https:\/\/www.webdo.tn\/fr\/wp-content\/uploads\/2023\/10\/11236e96c5719a920d40a23c373c3ebf.jpeg","width":750,"height":400,"caption":"Affaire A. Lassoued : Le parquet bruxellois \u00e9voque une \u00ab perte de dossier \u00bb"},{"@type":"BreadcrumbList","@id":"https:\/\/www.webdo.tn\/fr\/actualite\/international\/affaire-a-lassoued-le-parquet-bruxellois-evoque-une-perte-de-dossier\/209534\/#breadcrumb","itemListElement":[{"@type":"ListItem","position":1,"name":"Accueil","item":"https:\/\/www.webdo.tn\/fr\/"},{"@type":"ListItem","position":2,"name":"Affaire A. Lassoued : Le parquet bruxellois \u00e9voque une \u00ab perte de dossier \u00bb"}]},{"@type":"WebSite","@id":"https:\/\/www.webdo.tn\/fr\/#website","url":"https:\/\/www.webdo.tn\/fr\/","name":"webdo","description":"Tunisie - News en Tunisie et \u00e0 l&#039;international sur Webdo.tn","publisher":{"@id":"https:\/\/www.webdo.tn\/fr\/#organization"},"potentialAction":[{"@type":"SearchAction","target":{"@type":"EntryPoint","urlTemplate":"https:\/\/www.webdo.tn\/fr\/?s={search_term_string}"},"query-input":{"@type":"PropertyValueSpecification","valueRequired":true,"valueName":"search_term_string"}}],"inLanguage":"fr-FR"},{"@type":"Organization","@id":"https:\/\/www.webdo.tn\/fr\/#organization","name":"Webdo","alternateName":"Webdo.tn","url":"https:\/\/www.webdo.tn\/fr\/","logo":{"@type":"ImageObject","inLanguage":"fr-FR","@id":"https:\/\/www.webdo.tn\/fr\/#\/schema\/logo\/image\/","url":"https:\/\/www.webdo.tn\/fr\/wp-content\/uploads\/2025\/06\/Webdo-Tunisie_168377.jpg","contentUrl":"https:\/\/www.webdo.tn\/fr\/wp-content\/uploads\/2025\/06\/Webdo-Tunisie_168377.jpg","width":301,"height":301,"caption":"Webdo"},"image":{"@id":"https:\/\/www.webdo.tn\/fr\/#\/schema\/logo\/image\/"},"sameAs":["https:\/\/www.facebook.com\/webdotn","https:\/\/x.com\/webdo_tn"],"description":"Webdo est un m\u00e9dia num\u00e9rique tunisien fond\u00e9 en 2010, sp\u00e9cialis\u00e9 dans l\u2019actualit\u00e9 nationale et internationale, l\u2019\u00e9conomie, la soci\u00e9t\u00e9 et les analyses politiques. Le site s\u2019adresse \u00e0 un large public francophone et couvre l\u2019information tunisienne en temps r\u00e9el.","email":"redac@webdo.tn","legalName":"YNJ SARL","foundingDate":"2010-09-06","numberOfEmployees":{"@type":"QuantitativeValue","minValue":"11","maxValue":"50"}},{"@type":"Person","@id":"https:\/\/www.webdo.tn\/fr\/#\/schema\/person\/f35b42a42c5e2511bbd282959d6385cc","name":"CL","image":{"@type":"ImageObject","inLanguage":"fr-FR","@id":"https:\/\/secure.gravatar.com\/avatar\/1447a49909b67aa657c488aec6512e1dd6143a480c1ecfee9b5b5cd74eb3b59e?s=96&d=mm&r=g","url":"https:\/\/secure.gravatar.com\/avatar\/1447a49909b67aa657c488aec6512e1dd6143a480c1ecfee9b5b5cd74eb3b59e?s=96&d=mm&r=g","contentUrl":"https:\/\/secure.gravatar.com\/avatar\/1447a49909b67aa657c488aec6512e1dd6143a480c1ecfee9b5b5cd74eb3b59e?s=96&d=mm&r=g","caption":"CL"},"url":"https:\/\/www.webdo.tn\/fr\/actualite\/author\/cl\/"}]}},"_links":{"self":[{"href":"https:\/\/www.webdo.tn\/fr\/wp-json\/wp\/v2\/posts\/209534","targetHints":{"allow":["GET"]}}],"collection":[{"href":"https:\/\/www.webdo.tn\/fr\/wp-json\/wp\/v2\/posts"}],"about":[{"href":"https:\/\/www.webdo.tn\/fr\/wp-json\/wp\/v2\/types\/post"}],"author":[{"embeddable":true,"href":"https:\/\/www.webdo.tn\/fr\/wp-json\/wp\/v2\/users\/3175"}],"replies":[{"embeddable":true,"href":"https:\/\/www.webdo.tn\/fr\/wp-json\/wp\/v2\/comments?post=209534"}],"version-history":[{"count":0,"href":"https:\/\/www.webdo.tn\/fr\/wp-json\/wp\/v2\/posts\/209534\/revisions"}],"wp:featuredmedia":[{"embeddable":true,"href":"https:\/\/www.webdo.tn\/fr\/wp-json\/wp\/v2\/media\/249014"}],"wp:attachment":[{"href":"https:\/\/www.webdo.tn\/fr\/wp-json\/wp\/v2\/media?parent=209534"}],"wp:term":[{"taxonomy":"category","embeddable":true,"href":"https:\/\/www.webdo.tn\/fr\/wp-json\/wp\/v2\/categories?post=209534"},{"taxonomy":"post_tag","embeddable":true,"href":"https:\/\/www.webdo.tn\/fr\/wp-json\/wp\/v2\/tags?post=209534"}],"curies":[{"name":"wp","href":"https:\/\/api.w.org\/{rel}","templated":true}]}}